{"id":11679,"date":"2020-08-27T08:15:00","date_gmt":"2020-08-27T08:15:00","guid":{"rendered":"https:\/\/www.absolicon.com\/?p=11679"},"modified":"2021-04-01T08:17:40","modified_gmt":"2021-04-01T08:17:40","slug":"absolicon-en-el-world-expo-2020-en-dubai","status":"publish","type":"post","link":"https:\/\/www.agma.com\/es\/absolicon-en-el-world-expo-2020-en-dubai\/","title":{"rendered":"Absolicon en el World Expo 2020 en Dubai"},"content":{"rendered":"\n<p>Absolicon demostrar\u00e1 su soluci\u00f3n proporcionando agua y aire caliente al pabell\u00f3n Sueco \u201cEl Bosque\u201d durante todo el per\u00edodo de exposici\u00f3n.<\/p>\n\n\n\n<p><a href=\"https:\/\/www.agma.com\/references\/world-expo-2020-dubai\/\">Exposici\u00f3n de Absolicon durante la Expo 2020 en Dubai<\/a><\/p>\n","protected":false},"excerpt":{"rendered":"<p>Absolicon demostrar\u00e1 su soluci\u00f3n proporcionando agua y aire caliente al pabell\u00f3n Sueco \u201cEl Bosque\u201d durante todo el per\u00edodo de exposici\u00f3n. Exposici\u00f3n de Absolicon durante la Expo 2020 en Dubai<\/p>\n","protected":false},"author":2,"featured_media":10673,"comment_status":"closed","ping_status":"closed","sticky":false,"template":"","format":"standard","meta":{"_acf_changed":false,"footnotes":""},"categories":[59],"tags":[],"class_list":["post-11679","post","type-post","status-publish","format-standard","has-post-thumbnail","hentry","category-sin-categorizar"],"acf":[],"yoast_head":"<!-- This site is optimized with the Yoast SEO plugin v27.4 - https:\/\/yoast.com\/product\/yoast-seo-wordpress\/ -->\n<title>Absolicon en el World Expo 2020 en Dubai - Absolicon<\/title>\n<meta name=\"robots\" content=\"index, follow, max-snippet:-1, max-image-preview:large, max-video-preview:-1\" \/>\n<link rel=\"canonical\" href=\"https:\/\/www.agma.com\/es\/absolicon-participates-in-swedish-pavilion-during-world-expo-2020-in-dubai\/\" \/>\n<meta property=\"og:locale\" content=\"es_ES\" \/>\n<meta property=\"og:type\" content=\"article\" \/>\n<meta property=\"og:title\" content=\"Absolicon en el World Expo 2020 en Dubai - Absolicon\" \/>\n<meta property=\"og:description\" content=\"Absolicon demostrar\u00e1 su soluci\u00f3n proporcionando agua y aire caliente al pabell\u00f3n Sueco \u201cEl Bosque\u201d durante todo el per\u00edodo de exposici\u00f3n. Exposici\u00f3n de Absolicon durante la Expo 2020 en Dubai\" \/>\n<meta property=\"og:url\" content=\"https:\/\/www.agma.com\/absolicon-participates-in-swedish-pavilion-during-world-expo-2020-in-dubai\/\" \/>\n<meta property=\"og:site_name\" content=\"Absolicon\" \/>\n<meta property=\"article:published_time\" content=\"2020-08-27T08:15:00+00:00\" \/>\n<meta property=\"article:modified_time\" content=\"2021-04-01T08:17:40+00:00\" \/>\n<meta property=\"og:image\" content=\"https:\/\/www.agma.com\/wp-content\/uploads\/2020\/08\/The-Forest-Photo-Alessandro-Ripellino-ArkitekterStudio-Adrien-GardereLuigi-Pardo-Architetti-e1606820325928.jpg\" \/>\n\t<meta property=\"og:image:width\" content=\"1080\" \/>\n\t<meta property=\"og:image:height\" content=\"764\" \/>\n\t<meta property=\"og:image:type\" content=\"image\/jpeg\" \/>\n<meta name=\"author\" content=\"Karin Forssell\" \/>\n<meta name=\"twitter:card\" content=\"summary_large_image\" \/>\n<meta name=\"twitter:label1\" content=\"Escrito por\" \/>\n\t<meta name=\"twitter:data1\" content=\"Karin Forssell\" \/>\n<script type=\"application\/ld+json\" class=\"yoast-schema-graph\">{\"@context\":\"https:\\\/\\\/schema.org\",\"@graph\":[{\"@type\":\"Article\",\"@id\":\"https:\\\/\\\/www.agma.com\\\/absolicon-participates-in-swedish-pavilion-during-world-expo-2020-in-dubai\\\/#article\",\"isPartOf\":{\"@id\":\"https:\\\/\\\/www.agma.com\\\/absolicon-participates-in-swedish-pavilion-during-world-expo-2020-in-dubai\\\/\"},\"author\":{\"name\":\"Karin Forssell\",\"@id\":\"https:\\\/\\\/www.agma.com\\\/sv\\\/#\\\/schema\\\/person\\\/7fa3701c04b8cdf482f8f1955dc047c3\"},\"headline\":\"Absolicon en el World Expo 2020 en Dubai\",\"datePublished\":\"2020-08-27T08:15:00+00:00\",\"dateModified\":\"2021-04-01T08:17:40+00:00\",\"mainEntityOfPage\":{\"@id\":\"https:\\\/\\\/www.agma.com\\\/absolicon-participates-in-swedish-pavilion-during-world-expo-2020-in-dubai\\\/\"},\"wordCount\":40,\"publisher\":{\"@id\":\"https:\\\/\\\/www.agma.com\\\/sv\\\/#organization\"},\"image\":{\"@id\":\"https:\\\/\\\/www.agma.com\\\/absolicon-participates-in-swedish-pavilion-during-world-expo-2020-in-dubai\\\/#primaryimage\"},\"thumbnailUrl\":\"https:\\\/\\\/www.agma.com\\\/wp-content\\\/uploads\\\/2020\\\/08\\\/The-Forest-Photo-Alessandro-Ripellino-ArkitekterStudio-Adrien-GardereLuigi-Pardo-Architetti-e1606820325928.jpg\",\"articleSection\":[\"Sin categorizar\"],\"inLanguage\":\"es\"},{\"@type\":\"WebPage\",\"@id\":\"https:\\\/\\\/www.agma.com\\\/absolicon-participates-in-swedish-pavilion-during-world-expo-2020-in-dubai\\\/\",\"url\":\"https:\\\/\\\/www.agma.com\\\/absolicon-participates-in-swedish-pavilion-during-world-expo-2020-in-dubai\\\/\",\"name\":\"Absolicon en el World Expo 2020 en Dubai - Absolicon\",\"isPartOf\":{\"@id\":\"https:\\\/\\\/www.agma.com\\\/sv\\\/#website\"},\"primaryImageOfPage\":{\"@id\":\"https:\\\/\\\/www.agma.com\\\/absolicon-participates-in-swedish-pavilion-during-world-expo-2020-in-dubai\\\/#primaryimage\"},\"image\":{\"@id\":\"https:\\\/\\\/www.agma.com\\\/absolicon-participates-in-swedish-pavilion-during-world-expo-2020-in-dubai\\\/#primaryimage\"},\"thumbnailUrl\":\"https:\\\/\\\/www.agma.com\\\/wp-content\\\/uploads\\\/2020\\\/08\\\/The-Forest-Photo-Alessandro-Ripellino-ArkitekterStudio-Adrien-GardereLuigi-Pardo-Architetti-e1606820325928.jpg\",\"datePublished\":\"2020-08-27T08:15:00+00:00\",\"dateModified\":\"2021-04-01T08:17:40+00:00\",\"breadcrumb\":{\"@id\":\"https:\\\/\\\/www.agma.com\\\/absolicon-participates-in-swedish-pavilion-during-world-expo-2020-in-dubai\\\/#breadcrumb\"},\"inLanguage\":\"es\",\"potentialAction\":[{\"@type\":\"ReadAction\",\"target\":[\"https:\\\/\\\/www.agma.com\\\/absolicon-participates-in-swedish-pavilion-during-world-expo-2020-in-dubai\\\/\"]}]},{\"@type\":\"ImageObject\",\"inLanguage\":\"es\",\"@id\":\"https:\\\/\\\/www.agma.com\\\/absolicon-participates-in-swedish-pavilion-during-world-expo-2020-in-dubai\\\/#primaryimage\",\"url\":\"https:\\\/\\\/www.agma.com\\\/wp-content\\\/uploads\\\/2020\\\/08\\\/The-Forest-Photo-Alessandro-Ripellino-ArkitekterStudio-Adrien-GardereLuigi-Pardo-Architetti-e1606820325928.jpg\",\"contentUrl\":\"https:\\\/\\\/www.agma.com\\\/wp-content\\\/uploads\\\/2020\\\/08\\\/The-Forest-Photo-Alessandro-Ripellino-ArkitekterStudio-Adrien-GardereLuigi-Pardo-Architetti-e1606820325928.jpg\",\"width\":1080,\"height\":764},{\"@type\":\"BreadcrumbList\",\"@id\":\"https:\\\/\\\/www.agma.com\\\/absolicon-participates-in-swedish-pavilion-during-world-expo-2020-in-dubai\\\/#breadcrumb\",\"itemListElement\":[{\"@type\":\"ListItem\",\"position\":1,\"name\":\"Home\",\"item\":\"https:\\\/\\\/www.agma.com\\\/\"},{\"@type\":\"ListItem\",\"position\":2,\"name\":\"Absolicon en el World Expo 2020 en Dubai\"}]},{\"@type\":\"WebSite\",\"@id\":\"https:\\\/\\\/www.agma.com\\\/sv\\\/#website\",\"url\":\"https:\\\/\\\/www.agma.com\\\/sv\\\/\",\"name\":\"Absolicon\",\"description\":\"\",\"publisher\":{\"@id\":\"https:\\\/\\\/www.agma.com\\\/sv\\\/#organization\"},\"potentialAction\":[{\"@type\":\"SearchAction\",\"target\":{\"@type\":\"EntryPoint\",\"urlTemplate\":\"https:\\\/\\\/www.agma.com\\\/sv\\\/?s={search_term_string}\"},\"query-input\":{\"@type\":\"PropertyValueSpecification\",\"valueRequired\":true,\"valueName\":\"search_term_string\"}}],\"inLanguage\":\"es\"},{\"@type\":\"Organization\",\"@id\":\"https:\\\/\\\/www.agma.com\\\/sv\\\/#organization\",\"name\":\"Absolicon\",\"url\":\"https:\\\/\\\/www.agma.com\\\/sv\\\/\",\"logo\":{\"@type\":\"ImageObject\",\"inLanguage\":\"es\",\"@id\":\"https:\\\/\\\/www.agma.com\\\/sv\\\/#\\\/schema\\\/logo\\\/image\\\/\",\"url\":\"https:\\\/\\\/www.agma.com\\\/wp-content\\\/uploads\\\/2026\\\/04\\\/logotype_neg_blk.svg\",\"contentUrl\":\"https:\\\/\\\/www.agma.com\\\/wp-content\\\/uploads\\\/2026\\\/04\\\/logotype_neg_blk.svg\",\"width\":705,\"height\":83,\"caption\":\"Absolicon\"},\"image\":{\"@id\":\"https:\\\/\\\/www.agma.com\\\/sv\\\/#\\\/schema\\\/logo\\\/image\\\/\"}},{\"@type\":\"Person\",\"@id\":\"https:\\\/\\\/www.agma.com\\\/sv\\\/#\\\/schema\\\/person\\\/7fa3701c04b8cdf482f8f1955dc047c3\",\"name\":\"Karin Forssell\",\"image\":{\"@type\":\"ImageObject\",\"inLanguage\":\"es\",\"@id\":\"https:\\\/\\\/secure.gravatar.com\\\/avatar\\\/8b5393842799418c8e59bc3c7894dc7e9dd6b46fe987a5b1ccca8912d3bbaa48?s=96&d=mm&r=g\",\"url\":\"https:\\\/\\\/secure.gravatar.com\\\/avatar\\\/8b5393842799418c8e59bc3c7894dc7e9dd6b46fe987a5b1ccca8912d3bbaa48?s=96&d=mm&r=g\",\"contentUrl\":\"https:\\\/\\\/secure.gravatar.com\\\/avatar\\\/8b5393842799418c8e59bc3c7894dc7e9dd6b46fe987a5b1ccca8912d3bbaa48?s=96&d=mm&r=g\",\"caption\":\"Karin Forssell\"},\"url\":\"https:\\\/\\\/www.agma.com\\\/es\\\/author\\\/karin\\\/\"}]}<\/script>\n<!-- \/ Yoast SEO plugin. -->","yoast_head_json":{"title":"Absolicon en el World Expo 2020 en Dubai - Absolicon","robots":{"index":"index","follow":"follow","max-snippet":"max-snippet:-1","max-image-preview":"max-image-preview:large","max-video-preview":"max-video-preview:-1"},"canonical":"https:\/\/www.agma.com\/es\/absolicon-participates-in-swedish-pavilion-during-world-expo-2020-in-dubai\/","og_locale":"es_ES","og_type":"article","og_title":"Absolicon en el World Expo 2020 en Dubai - Absolicon","og_description":"Absolicon demostrar\u00e1 su soluci\u00f3n proporcionando agua y aire caliente al pabell\u00f3n Sueco \u201cEl Bosque\u201d durante todo el per\u00edodo de exposici\u00f3n. Exposici\u00f3n de Absolicon durante la Expo 2020 en Dubai","og_url":"https:\/\/www.agma.com\/absolicon-participates-in-swedish-pavilion-during-world-expo-2020-in-dubai\/","og_site_name":"Absolicon","article_published_time":"2020-08-27T08:15:00+00:00","article_modified_time":"2021-04-01T08:17:40+00:00","og_image":[{"width":1080,"height":764,"url":"https:\/\/www.agma.com\/wp-content\/uploads\/2020\/08\/The-Forest-Photo-Alessandro-Ripellino-ArkitekterStudio-Adrien-GardereLuigi-Pardo-Architetti-e1606820325928.jpg","type":"image\/jpeg"}],"author":"Karin Forssell","twitter_card":"summary_large_image","twitter_misc":{"Escrito por":"Karin Forssell"},"schema":{"@context":"https:\/\/schema.org","@graph":[{"@type":"Article","@id":"https:\/\/www.agma.com\/absolicon-participates-in-swedish-pavilion-during-world-expo-2020-in-dubai\/#article","isPartOf":{"@id":"https:\/\/www.agma.com\/absolicon-participates-in-swedish-pavilion-during-world-expo-2020-in-dubai\/"},"author":{"name":"Karin Forssell","@id":"https:\/\/www.agma.com\/sv\/#\/schema\/person\/7fa3701c04b8cdf482f8f1955dc047c3"},"headline":"Absolicon en el World Expo 2020 en Dubai","datePublished":"2020-08-27T08:15:00+00:00","dateModified":"2021-04-01T08:17:40+00:00","mainEntityOfPage":{"@id":"https:\/\/www.agma.com\/absolicon-participates-in-swedish-pavilion-during-world-expo-2020-in-dubai\/"},"wordCount":40,"publisher":{"@id":"https:\/\/www.agma.com\/sv\/#organization"},"image":{"@id":"https:\/\/www.agma.com\/absolicon-participates-in-swedish-pavilion-during-world-expo-2020-in-dubai\/#primaryimage"},"thumbnailUrl":"https:\/\/www.agma.com\/wp-content\/uploads\/2020\/08\/The-Forest-Photo-Alessandro-Ripellino-ArkitekterStudio-Adrien-GardereLuigi-Pardo-Architetti-e1606820325928.jpg","articleSection":["Sin categorizar"],"inLanguage":"es"},{"@type":"WebPage","@id":"https:\/\/www.agma.com\/absolicon-participates-in-swedish-pavilion-during-world-expo-2020-in-dubai\/","url":"https:\/\/www.agma.com\/absolicon-participates-in-swedish-pavilion-during-world-expo-2020-in-dubai\/","name":"Absolicon en el World Expo 2020 en Dubai - Absolicon","isPartOf":{"@id":"https:\/\/www.agma.com\/sv\/#website"},"primaryImageOfPage":{"@id":"https:\/\/www.agma.com\/absolicon-participates-in-swedish-pavilion-during-world-expo-2020-in-dubai\/#primaryimage"},"image":{"@id":"https:\/\/www.agma.com\/absolicon-participates-in-swedish-pavilion-during-world-expo-2020-in-dubai\/#primaryimage"},"thumbnailUrl":"https:\/\/www.agma.com\/wp-content\/uploads\/2020\/08\/The-Forest-Photo-Alessandro-Ripellino-ArkitekterStudio-Adrien-GardereLuigi-Pardo-Architetti-e1606820325928.jpg","datePublished":"2020-08-27T08:15:00+00:00","dateModified":"2021-04-01T08:17:40+00:00","breadcrumb":{"@id":"https:\/\/www.agma.com\/absolicon-participates-in-swedish-pavilion-during-world-expo-2020-in-dubai\/#breadcrumb"},"inLanguage":"es","potentialAction":[{"@type":"ReadAction","target":["https:\/\/www.agma.com\/absolicon-participates-in-swedish-pavilion-during-world-expo-2020-in-dubai\/"]}]},{"@type":"ImageObject","inLanguage":"es","@id":"https:\/\/www.agma.com\/absolicon-participates-in-swedish-pavilion-during-world-expo-2020-in-dubai\/#primaryimage","url":"https:\/\/www.agma.com\/wp-content\/uploads\/2020\/08\/The-Forest-Photo-Alessandro-Ripellino-ArkitekterStudio-Adrien-GardereLuigi-Pardo-Architetti-e1606820325928.jpg","contentUrl":"https:\/\/www.agma.com\/wp-content\/uploads\/2020\/08\/The-Forest-Photo-Alessandro-Ripellino-ArkitekterStudio-Adrien-GardereLuigi-Pardo-Architetti-e1606820325928.jpg","width":1080,"height":764},{"@type":"BreadcrumbList","@id":"https:\/\/www.agma.com\/absolicon-participates-in-swedish-pavilion-during-world-expo-2020-in-dubai\/#breadcrumb","itemListElement":[{"@type":"ListItem","position":1,"name":"Home","item":"https:\/\/www.agma.com\/"},{"@type":"ListItem","position":2,"name":"Absolicon en el World Expo 2020 en Dubai"}]},{"@type":"WebSite","@id":"https:\/\/www.agma.com\/sv\/#website","url":"https:\/\/www.agma.com\/sv\/","name":"Absolicon","description":"","publisher":{"@id":"https:\/\/www.agma.com\/sv\/#organization"},"potentialAction":[{"@type":"SearchAction","target":{"@type":"EntryPoint","urlTemplate":"https:\/\/www.agma.com\/sv\/?s={search_term_string}"},"query-input":{"@type":"PropertyValueSpecification","valueRequired":true,"valueName":"search_term_string"}}],"inLanguage":"es"},{"@type":"Organization","@id":"https:\/\/www.agma.com\/sv\/#organization","name":"Absolicon","url":"https:\/\/www.agma.com\/sv\/","logo":{"@type":"ImageObject","inLanguage":"es","@id":"https:\/\/www.agma.com\/sv\/#\/schema\/logo\/image\/","url":"https:\/\/www.agma.com\/wp-content\/uploads\/2026\/04\/logotype_neg_blk.svg","contentUrl":"https:\/\/www.agma.com\/wp-content\/uploads\/2026\/04\/logotype_neg_blk.svg","width":705,"height":83,"caption":"Absolicon"},"image":{"@id":"https:\/\/www.agma.com\/sv\/#\/schema\/logo\/image\/"}},{"@type":"Person","@id":"https:\/\/www.agma.com\/sv\/#\/schema\/person\/7fa3701c04b8cdf482f8f1955dc047c3","name":"Karin Forssell","image":{"@type":"ImageObject","inLanguage":"es","@id":"https:\/\/secure.gravatar.com\/avatar\/8b5393842799418c8e59bc3c7894dc7e9dd6b46fe987a5b1ccca8912d3bbaa48?s=96&d=mm&r=g","url":"https:\/\/secure.gravatar.com\/avatar\/8b5393842799418c8e59bc3c7894dc7e9dd6b46fe987a5b1ccca8912d3bbaa48?s=96&d=mm&r=g","contentUrl":"https:\/\/secure.gravatar.com\/avatar\/8b5393842799418c8e59bc3c7894dc7e9dd6b46fe987a5b1ccca8912d3bbaa48?s=96&d=mm&r=g","caption":"Karin Forssell"},"url":"https:\/\/www.agma.com\/es\/author\/karin\/"}]}},"_links":{"self":[{"href":"https:\/\/www.agma.com\/es\/wp-json\/wp\/v2\/posts\/11679","targetHints":{"allow":["GET"]}}],"collection":[{"href":"https:\/\/www.agma.com\/es\/wp-json\/wp\/v2\/posts"}],"about":[{"href":"https:\/\/www.agma.com\/es\/wp-json\/wp\/v2\/types\/post"}],"author":[{"embeddable":true,"href":"https:\/\/www.agma.com\/es\/wp-json\/wp\/v2\/users\/2"}],"replies":[{"embeddable":true,"href":"https:\/\/www.agma.com\/es\/wp-json\/wp\/v2\/comments?post=11679"}],"version-history":[{"count":2,"href":"https:\/\/www.agma.com\/es\/wp-json\/wp\/v2\/posts\/11679\/revisions"}],"predecessor-version":[{"id":11681,"href":"https:\/\/www.agma.com\/es\/wp-json\/wp\/v2\/posts\/11679\/revisions\/11681"}],"wp:featuredmedia":[{"embeddable":true,"href":"https:\/\/www.agma.com\/es\/wp-json\/wp\/v2\/media\/10673"}],"wp:attachment":[{"href":"https:\/\/www.agma.com\/es\/wp-json\/wp\/v2\/media?parent=11679"}],"wp:term":[{"taxonomy":"category","embeddable":true,"href":"https:\/\/www.agma.com\/es\/wp-json\/wp\/v2\/categories?post=11679"},{"taxonomy":"post_tag","embeddable":true,"href":"https:\/\/www.agma.com\/es\/wp-json\/wp\/v2\/tags?post=11679"}],"curies":[{"name":"wp","href":"https:\/\/api.w.org\/{rel}","templated":true}]}}