{"id":10044,"date":"2020-11-20T15:50:55","date_gmt":"2020-11-20T15:50:55","guid":{"rendered":"https:\/\/www.absolicon.com\/avantiare-construcciones-y-medioambiente-s-a-tecknar-ramavtal-med-absolicon-om-forvarv-av-produktionslina-i-spanien\/"},"modified":"2020-11-20T15:50:55","modified_gmt":"2020-11-20T15:50:55","slug":"avantiare-construcciones-y-medioambiente-s-a-tecknar-ramavtal-med-absolicon-om-forvarv-av-produktionslina-i-spanien","status":"publish","type":"post","link":"https:\/\/www.agma.com\/sv\/avantiare-construcciones-y-medioambiente-s-a-tecknar-ramavtal-med-absolicon-om-forvarv-av-produktionslina-i-spanien\/","title":{"rendered":"Avantiare Construcciones y Medioambiente, S.A. tecknar ramavtal med Absolicon om f\u00f6rv\u00e4rv av produktionslina i Spanien"},"content":{"rendered":"<h2 style=\"margin-top:8px;margin-bottom:4px\"><span style=\"font-size:12pt\"><span style=\"line-height:115%\"><span style=\"font-family:arial,helvetica,sans-serif\"><span style=\"line-height:115%\">Inneh\u00e5ll i ramavtalet<\/span><\/span><\/span><\/span><\/h2>\n<p style=\"margin-bottom:11px\"><span style=\"line-height:115%\"><span style=\"font-size:12pt\"><span style=\"line-height:115%\"><span style=\"font-family:arial,helvetica,sans-serif\">Ramavtalet beskriver de separata avtal som skall uppr\u00e4ttas i processen. Absolicons int\u00e4kter fr\u00e5n f\u00f6rs\u00e4ljningen kan inordnas i tre grupper: f\u00f6rv\u00e4rv av linan, licensint\u00e4kter och int\u00e4kter fr\u00e5n materialf\u00f6rs\u00e4ljning.<\/span><\/span><\/span><\/span><\/p>\n<h3 style=\"margin-top:8px;margin-bottom:4px\"><span style=\"font-size:11pt\"><span style=\"line-height:115%\"><span style=\"font-family:arial,helvetica,sans-serif\"><span style=\"font-size:12pt\"><span style=\"line-height:115%\">1. F\u00f6rs\u00e4ljning av produktionslinan<\/span><\/span><\/span><\/span><\/span><\/h3>\n<p style=\"margin-bottom:11px\"><span style=\"line-height:115%\"><span style=\"font-size:12pt\"><span style=\"line-height:115%\"><span style=\"font-family:arial,helvetica,sans-serif\">Produktionslinan \u00e4r av samma modell som Absolicon har i Sverige och som bolaget redan levererat till Sichuanprovinsen. Linan med tv\u00e5 sexaxliga robotar har kapacitet att tillverka 50 MW solf\u00e5ngare (100 000 m2) per \u00e5r. Tillsammans med h\u00e5rdvaran levererar Absolicon konsultst\u00f6d f\u00f6r marknadsarbete och teknisk support, utveckling och teknisk utbildning.<\/span><\/span><\/span><\/span><\/p>\n<p style=\"margin-bottom:11px\"><span style=\"line-height:115%\"><span style=\"font-size:12pt\"><span style=\"line-height:115%\"><span style=\"font-family:arial,helvetica,sans-serif\">Det totala v\u00e4rdet av h\u00e5rdvara och aktiviteter som omfattas av avtalet uppskattas till 40\u201350 miljoner kronor.<\/span><\/span><\/span><\/span><\/p>\n<h3 style=\"margin-top:8px;margin-bottom:4px\"><span style=\"font-size:11pt\"><span style=\"line-height:115%\"><span style=\"font-family:arial,helvetica,sans-serif\"><span style=\"font-size:12pt\"><span style=\"line-height:115%\">2. Licens f\u00f6r att tillverka T160<\/span><\/span><\/span><\/span><\/span><\/h3>\n<p style=\"margin-bottom:11px\"><span style=\"line-height:115%\"><span style=\"font-size:12pt\"><span style=\"line-height:115%\"><span style=\"font-family:arial,helvetica,sans-serif\">F\u00f6r r\u00e4ttigheten att tillverka T160 under Absolicons immaterialr\u00e4ttsliga skydd, ta del av framtida produktutveckling och anv\u00e4nda Absolicons varum\u00e4rke utg\u00e5r m\u00e5natlig licensavgift om ca 4% p\u00e5 f\u00f6rs\u00e4ljningsv\u00e4rdet.<\/span><\/span><\/span><\/span><\/p>\n<p style=\"margin-bottom:11px\"><span style=\"font-size:11pt\"><span style=\"line-height:115%\"><span style=\"font-size:12pt\"><span style=\"line-height:115%\"><span style=\"font-family:arial,helvetica,sans-serif\">Produktionslinan i full produktion tillverkar p\u00e5 ett skift 50 MW solf\u00e5ngare (100 000 m2) per \u00e5r med f\u00f6rs\u00e4ljningsv\u00e4rde 200\u2013250 miljoner kronor vilket med 4% licensavgift skulle inneb\u00e4ra ca 8 miljoner kronor per \u00e5r i licensint\u00e4kt. Absolicons uppskattning \u00e4r dock att det tar tid innan Avantiare<\/span><\/span><\/span><strong><span style=\"font-family:arial,helvetica,sans-serif\"> <\/span><\/strong><span style=\"font-size:12pt\"><span style=\"line-height:115%\"><span style=\"font-family:arial,helvetica,sans-serif\">utvecklat solv\u00e4rmemarknaden f\u00f6r industrier i regionen s\u00e5 att de volymerna kan uppn\u00e5s.<\/span><\/span><\/span><\/span><\/span><\/p>\n<h3 style=\"margin-top:8px;margin-bottom:4px\"><span style=\"font-size:11pt\"><span style=\"line-height:115%\"><span style=\"font-family:arial,helvetica,sans-serif\"><span style=\"font-size:12pt\"><span style=\"line-height:115%\">3. Materialf\u00f6rs\u00f6rjning<\/span><\/span><\/span><\/span><\/span><\/h3>\n<p style=\"margin-bottom:11px\"><span style=\"line-height:115%\"><span style=\"font-size:12pt\"><span style=\"line-height:115%\"><span style=\"font-family:arial,helvetica,sans-serif\">Genom avtalet s\u00e4kerst\u00e4ller Absolicon tillg\u00e5ng p\u00e5 patenterade komponenter och insatsvaror av h\u00f6g kvalit\u00e9 som delvis tillverkas i Spanien eller lokalt vid installationsplatsen.<\/span><\/span><\/span><\/span><\/p>\n<p style=\"margin-bottom:11px\"><span style=\"line-height:115%\"><span style=\"font-size:12pt\"><span style=\"line-height:115%\"><span style=\"font-family:arial,helvetica,sans-serif\">Vid full produktion beh\u00f6ver produktionslinan k\u00f6pa material f\u00f6r 100\u2013150 miljoner kronor per \u00e5r d\u00e4r 30% &#8211; 40% av ink\u00f6pen kan komma att g\u00e5 genom Absolicon och 60% &#8211; 70% fr\u00e5n lokala underleverant\u00f6rer. Utfallet f\u00f6r Absolicon beror i viss utstr\u00e4ckning p\u00e5 resultatet av Absolicons p\u00e5g\u00e5ende materialsatsning. <\/span><\/span><\/span><\/span><\/p>\n<h3 style=\"margin-top:8px;margin-bottom:4px\"><span style=\"font-size:11pt\"><span style=\"line-height:115%\"><span style=\"font-family:arial,helvetica,sans-serif\"><span style=\"font-size:12pt\"><span style=\"line-height:115%\">Ramavtalet beskriver \u00f6vergripande principer<\/span><\/span><\/span><\/span><\/span><\/h3>\n<p style=\"margin-bottom:11px\"><span style=\"font-size:11pt\"><span style=\"line-height:115%\"><span style=\"font-size:12pt\"><span style=\"line-height:115%\"><span style=\"font-family:arial,helvetica,sans-serif\">Ramavtalet f\u00f6reskriver de \u00f6vergripande principerna f\u00f6r de separata avtal som skall uppr\u00e4ttas, och vilka steg som skall tas innan ett bindande avtal f\u00f6r f\u00f6rv\u00e4rv av produktionslinan kan tecknas. Det uppskattade v\u00e4rdet kan komma att \u00e4ndras liksom slutgiltig utformning av produktionslinans produktionskapacitet<\/span><\/span><\/span><span style=\"font-size:12pt\"><span style=\"line-height:115%\"><span style=\"font-family:arial,helvetica,sans-serif\">. Absolicon uppskattar idag att f\u00f6rs\u00e4ljningsv\u00e4rdet av avtalet ligger i nedre delen av intervallet 40-50 miljoner kronor.<\/span><\/span><\/span><\/span><\/span><\/p>\n<p style=\"margin-bottom:11px\"><span style=\"line-height:115%\"><span style=\"font-size:12pt\"><span style=\"line-height:115%\"><span style=\"font-family:arial,helvetica,sans-serif\">Om Avantiare inte uppfyller sina \u00e5taganden i varje steg f\u00f6rlorar de r\u00e4tten att genomf\u00f6ra f\u00f6rv\u00e4rvet och har d\u00e5 m\u00f6jlighet att f\u00e5 tillbaka en del av k\u00f6peskillingen, dock aldrig f\u00f6r Absolicons havda kostnader.<\/span><\/span><\/span><\/span><\/p>\n<p style=\"margin-bottom:11px\"><span style=\"line-height:115%\"><strong><span style=\"font-size:12pt\"><span style=\"line-height:115%\"><span style=\"font-family:arial,helvetica,sans-serif\">Marknadspotential <\/span><\/span><\/span><\/strong><\/span><\/p>\n<p style=\"margin-bottom:11px\"><span style=\"line-height:115%\"><span style=\"font-size:12pt\"><span style=\"line-height:115%\"><span style=\"font-family:arial,helvetica,sans-serif\">Spanien \u00e4r en av de ledande marknaderna f\u00f6r solenergi i Europa. De idealiska solresurserna och det goda industriella panoramat g\u00f6r Spanien till en lovande marknad f\u00f6r solv\u00e4rme f\u00f6r industriprocesser (SHIP).<\/span><\/span><\/span><\/span><\/p>\n<p style=\"margin-bottom:11px\"><span style=\"line-height:115%\"><span style=\"font-size:12pt\"><span style=\"line-height:115%\"><span style=\"font-family:arial,helvetica,sans-serif\">V\u00e4rmen som f\u00f6rbrukas av spanska industrier utg\u00f6r mer \u00e4n h\u00e4lften av den totala energif\u00f6rbrukningen i landet. Av v\u00e4rmeenergif\u00f6rbrukningen i industrier kommer 46 % fr\u00e5n naturgas och 15 % fr\u00e5n oljeprodukter. Industrierna i Spanien sl\u00e4pper ut cirka 20 miljoner ton CO<sub>2<\/sub>* i atmosf\u00e4ren varje \u00e5r fr\u00e5n sin v\u00e4rmeproduktion.<\/span><\/span><\/span><\/span><\/p>\n<p style=\"margin-bottom:11px\"><span style=\"line-height:115%\"><span style=\"font-size:12pt\"><span style=\"line-height:115%\"><span style=\"font-family:arial,helvetica,sans-serif\">Att ers\u00e4tta endast 10 % av v\u00e4rmebehovet med Absolicons solf\u00e5ngare T160 f\u00f6r att minska anv\u00e4ndningen av fossila br\u00e4nslen i industriella processer ger en uppskattad marknadspotential p\u00e5 n\u00e4stan 5 miljoner kvm (2,6 GW) solf\u00e5ngare som motsvarar utsl\u00e4pp av 2 miljoner ton koldioxid per \u00e5r.<\/span><\/span><\/span><\/span><\/p>\n<p style=\"margin-bottom:11px\"><span style=\"line-height:115%\"><span style=\"font-size:12pt\"><span style=\"line-height:115%\"><span style=\"font-family:arial,helvetica,sans-serif\">Absolicon och Avantiare har tecknat ett ramavtal f\u00f6r f\u00f6rv\u00e4rv av en produktionslina f\u00f6r etablering i Spanien f\u00f6r att f\u00f6rse regionen med avancerade solf\u00e5ngare.<\/span><\/span><\/span><\/span><\/p>\n<p style=\"margin-bottom:11px\"><span style=\"line-height:115%\"><span style=\"font-size:12pt\"><span style=\"line-height:115%\"><span style=\"font-family:arial,helvetica,sans-serif\">Samarbetet bygger p\u00e5 Avantiares erfarenhet inom byggindustri, vattenrening och f\u00f6rnybar energi. De har genomf\u00f6rt flera stora projekt i regionerna Andalusien och Murcia.<\/span><\/span><\/span><\/span><\/p>\n<p style=\"margin-bottom:11px\"><span style=\"font-size:11pt\"><span style=\"line-height:115%\"><span style=\"font-size:12pt\"><span style=\"line-height:115%\"><span style=\"font-family:arial,helvetica,sans-serif\">St\u00f6rsta marknadssegment<\/span><\/span><\/span><span style=\"font-size:12pt\"><span style=\"line-height:115%\"><span style=\"font-family:arial,helvetica,sans-serif\"> f\u00f6r Absolicons solf\u00e5ngarteknik i regionen \u00e4r:<\/span><\/span><\/span><\/span><\/span><\/p>\n<ul>\n<li style=\"margin-left: 8px;font-size: 12pt;line-height: 115%\"><span style=\"font-size:11pt\"><span style=\"line-height:115%\"><span style=\"font-size:12pt\"><span style=\"line-height:115%\"><span style=\"font-family:arial,helvetica,sans-serif\">Livsmedelsindustrin<\/span><\/span><\/span><\/span><\/span><\/li>\n<li style=\"margin-left: 8px;font-size: 12pt;line-height: 115%\"><span style=\"font-size:11pt\"><span style=\"line-height:115%\"><span style=\"font-size:12pt\"><span style=\"line-height:115%\"><span style=\"font-family:arial,helvetica,sans-serif\">Bryggeriindustrin<\/span><\/span><\/span><\/span><\/span><\/li>\n<li style=\"margin-left: 8px;font-size: 12pt;line-height: 115%\"><span style=\"font-size:11pt\"><span style=\"line-height:115%\"><span style=\"font-size:12pt\"><span style=\"line-height:115%\"><span style=\"font-family:arial,helvetica,sans-serif\">Mejeriindustrin<\/span><\/span><\/span><\/span><\/span><\/li>\n<li style=\"margin-bottom: 11px;margin-left: 8px;font-size: 12pt;line-height: 115%\"><span style=\"font-size:11pt\"><span style=\"line-height:115%\"><span style=\"font-size:12pt\"><span style=\"line-height:115%\"><span style=\"font-family:arial,helvetica,sans-serif\">Kemikalieindustrin<\/span><\/span><\/span><\/span><\/span><\/li>\n<\/ul>\n<h3 style=\"margin-top:8px;margin-bottom:4px\"><span style=\"font-size:11pt\"><span style=\"line-height:115%\"><span style=\"font-family:arial,helvetica,sans-serif\"><span style=\"font-size:12pt\"><span style=\"line-height:115%\">N\u00e4sta steg<\/span><\/span><\/span><\/span><\/span><\/h3>\n<p style=\"margin-bottom:11px\"><span style=\"line-height:115%\"><span style=\"font-size:12pt\"><span style=\"line-height:115%\"><span style=\"font-family:arial,helvetica,sans-serif\">F\u00f6rhandlingarna inf\u00f6r undertecknandet av ramavtalet har i detta fall g\u00e5tt fort och samarbetet \u00e4r fortfarande i ett tidigt skede. Diskussioner har just inletts om de f\u00f6rsta pilotinstallationerna av T160 i Spanien. Nu sker mer detaljerad kontraktsskrivning. Betalning sker steg f\u00f6r steg p\u00e5 samma s\u00e4tt som vid den tidigare f\u00f6rs\u00e4ljningen av produktionslinan till provinsen Sichuan.<\/span><\/span><\/span><\/span><\/p>\n<p style=\"margin-bottom:11px\"><span style=\"line-height:115%\"><span style=\"font-size:10pt\"><span style=\"line-height:115%\"><span style=\"font-family:arial,helvetica,sans-serif\">* K\u00e4lla: iea.org.com<\/span><\/span><\/span><\/span><\/p>\n<p style=\"margin-bottom:11px\"><span style=\"font-size:10pt\"><span style=\"line-height:115%\"><span style=\"font-family:arial,helvetica,sans-serif\"><span style=\"line-height:115%\"><span style=\"font-family:arial,helvetica,sans-serif\">**<\/span><\/span> K\u00e4lla: ine.es<\/span><\/span><\/span><\/p>\n<p><\/p>\n<p>Denna information \u00e4r s\u00e5dan som Absolicon \u00e4r skyldigt att offentligg\u00f6ra enligt EU:s marknadsmissbruksf\u00f6rordning (EU nr 596\/2014). Informationen l\u00e4mnades, genom angiven kontaktpersons f\u00f6rsorg, f\u00f6r offentligg\u00f6rande 2020-11-20 16:51 CET.<\/p>\n","protected":false},"excerpt":{"rendered":"<p>Inneh\u00e5ll i ramavtalet Ramavtalet beskriver de separata avtal som skall uppr\u00e4ttas i processen. Absolicons int\u00e4kter fr\u00e5n f\u00f6rs\u00e4ljningen kan inordnas i tre grupper: f\u00f6rv\u00e4rv av linan, licensint\u00e4kter och int\u00e4kter fr\u00e5n materialf\u00f6rs\u00e4ljning. 1. F\u00f6rs\u00e4ljning av produktionslinan Produktionslinan \u00e4r av samma modell som Absolicon har i Sverige och som bolaget redan levererat till Sichuanprovinsen. Linan med tv\u00e5 sexaxliga [&hellip;]<\/p>\n","protected":false},"author":1,"featured_media":0,"comment_status":"open","ping_status":"open","sticky":false,"template":"","format":"standard","meta":{"_acf_changed":false,"footnotes":""},"categories":[23],"tags":[],"class_list":["post-10044","post","type-post","status-publish","format-standard","hentry","category-pressrelease"],"acf":[],"yoast_head":"<!-- This site is optimized with the Yoast SEO plugin v27.4 - https:\/\/yoast.com\/product\/yoast-seo-wordpress\/ -->\n<title>Avantiare Construcciones y Medioambiente, S.A. tecknar ramavtal med Absolicon om f\u00f6rv\u00e4rv av produktionslina i Spanien - Absolicon<\/title>\n<meta name=\"robots\" content=\"index, follow, max-snippet:-1, max-image-preview:large, max-video-preview:-1\" \/>\n<link rel=\"canonical\" href=\"https:\/\/www.agma.com\/sv\/avantiare-construcciones-y-medioambiente-s-a-tecknar-ramavtal-med-absolicon-om-forvarv-av-produktionslina-i-spanien\/\" \/>\n<meta property=\"og:locale\" content=\"sv_SE\" \/>\n<meta property=\"og:type\" content=\"article\" \/>\n<meta property=\"og:title\" content=\"Avantiare Construcciones y Medioambiente, S.A. tecknar ramavtal med Absolicon om f\u00f6rv\u00e4rv av produktionslina i Spanien - Absolicon\" \/>\n<meta property=\"og:description\" content=\"Inneh\u00e5ll i ramavtalet Ramavtalet beskriver de separata avtal som skall uppr\u00e4ttas i processen. Absolicons int\u00e4kter fr\u00e5n f\u00f6rs\u00e4ljningen kan inordnas i tre grupper: f\u00f6rv\u00e4rv av linan, licensint\u00e4kter och int\u00e4kter fr\u00e5n materialf\u00f6rs\u00e4ljning. 1. F\u00f6rs\u00e4ljning av produktionslinan Produktionslinan \u00e4r av samma modell som Absolicon har i Sverige och som bolaget redan levererat till Sichuanprovinsen. Linan med tv\u00e5 sexaxliga [&hellip;]\" \/>\n<meta property=\"og:url\" content=\"https:\/\/www.agma.com\/sv\/avantiare-construcciones-y-medioambiente-s-a-tecknar-ramavtal-med-absolicon-om-forvarv-av-produktionslina-i-spanien\/\" \/>\n<meta property=\"og:site_name\" content=\"Absolicon\" \/>\n<meta property=\"article:published_time\" content=\"2020-11-20T15:50:55+00:00\" \/>\n<meta name=\"author\" content=\"jakubschenk\" \/>\n<meta name=\"twitter:card\" content=\"summary_large_image\" \/>\n<meta name=\"twitter:label1\" content=\"Skriven av\" \/>\n\t<meta name=\"twitter:data1\" content=\"jakubschenk\" \/>\n<script type=\"application\/ld+json\" class=\"yoast-schema-graph\">{\"@context\":\"https:\\\/\\\/schema.org\",\"@graph\":[{\"@type\":\"Article\",\"@id\":\"https:\\\/\\\/www.agma.com\\\/sv\\\/avantiare-construcciones-y-medioambiente-s-a-tecknar-ramavtal-med-absolicon-om-forvarv-av-produktionslina-i-spanien\\\/#article\",\"isPartOf\":{\"@id\":\"https:\\\/\\\/www.agma.com\\\/sv\\\/avantiare-construcciones-y-medioambiente-s-a-tecknar-ramavtal-med-absolicon-om-forvarv-av-produktionslina-i-spanien\\\/\"},\"author\":{\"name\":\"jakubschenk\",\"@id\":\"https:\\\/\\\/www.agma.com\\\/sv\\\/#\\\/schema\\\/person\\\/6820b3ce1cc37edbaecc979090760d8b\"},\"headline\":\"Avantiare Construcciones y Medioambiente, S.A. tecknar ramavtal med Absolicon om f\u00f6rv\u00e4rv av produktionslina i Spanien\",\"datePublished\":\"2020-11-20T15:50:55+00:00\",\"mainEntityOfPage\":{\"@id\":\"https:\\\/\\\/www.agma.com\\\/sv\\\/avantiare-construcciones-y-medioambiente-s-a-tecknar-ramavtal-med-absolicon-om-forvarv-av-produktionslina-i-spanien\\\/\"},\"wordCount\":740,\"commentCount\":0,\"publisher\":{\"@id\":\"https:\\\/\\\/www.agma.com\\\/sv\\\/#organization\"},\"articleSection\":[\"Pressrelease\"],\"inLanguage\":\"sv-SE\",\"potentialAction\":[{\"@type\":\"CommentAction\",\"name\":\"Comment\",\"target\":[\"https:\\\/\\\/www.agma.com\\\/sv\\\/avantiare-construcciones-y-medioambiente-s-a-tecknar-ramavtal-med-absolicon-om-forvarv-av-produktionslina-i-spanien\\\/#respond\"]}]},{\"@type\":\"WebPage\",\"@id\":\"https:\\\/\\\/www.agma.com\\\/sv\\\/avantiare-construcciones-y-medioambiente-s-a-tecknar-ramavtal-med-absolicon-om-forvarv-av-produktionslina-i-spanien\\\/\",\"url\":\"https:\\\/\\\/www.agma.com\\\/sv\\\/avantiare-construcciones-y-medioambiente-s-a-tecknar-ramavtal-med-absolicon-om-forvarv-av-produktionslina-i-spanien\\\/\",\"name\":\"Avantiare Construcciones y Medioambiente, S.A. tecknar ramavtal med Absolicon om f\u00f6rv\u00e4rv av produktionslina i Spanien - Absolicon\",\"isPartOf\":{\"@id\":\"https:\\\/\\\/www.agma.com\\\/sv\\\/#website\"},\"datePublished\":\"2020-11-20T15:50:55+00:00\",\"breadcrumb\":{\"@id\":\"https:\\\/\\\/www.agma.com\\\/sv\\\/avantiare-construcciones-y-medioambiente-s-a-tecknar-ramavtal-med-absolicon-om-forvarv-av-produktionslina-i-spanien\\\/#breadcrumb\"},\"inLanguage\":\"sv-SE\",\"potentialAction\":[{\"@type\":\"ReadAction\",\"target\":[\"https:\\\/\\\/www.agma.com\\\/sv\\\/avantiare-construcciones-y-medioambiente-s-a-tecknar-ramavtal-med-absolicon-om-forvarv-av-produktionslina-i-spanien\\\/\"]}]},{\"@type\":\"BreadcrumbList\",\"@id\":\"https:\\\/\\\/www.agma.com\\\/sv\\\/avantiare-construcciones-y-medioambiente-s-a-tecknar-ramavtal-med-absolicon-om-forvarv-av-produktionslina-i-spanien\\\/#breadcrumb\",\"itemListElement\":[{\"@type\":\"ListItem\",\"position\":1,\"name\":\"Home\",\"item\":\"https:\\\/\\\/www.agma.com\\\/sv\\\/\"},{\"@type\":\"ListItem\",\"position\":2,\"name\":\"Avantiare Construcciones y Medioambiente, S.A. tecknar ramavtal med Absolicon om f\u00f6rv\u00e4rv av produktionslina i Spanien\"}]},{\"@type\":\"WebSite\",\"@id\":\"https:\\\/\\\/www.agma.com\\\/sv\\\/#website\",\"url\":\"https:\\\/\\\/www.agma.com\\\/sv\\\/\",\"name\":\"Absolicon\",\"description\":\"\",\"publisher\":{\"@id\":\"https:\\\/\\\/www.agma.com\\\/sv\\\/#organization\"},\"potentialAction\":[{\"@type\":\"SearchAction\",\"target\":{\"@type\":\"EntryPoint\",\"urlTemplate\":\"https:\\\/\\\/www.agma.com\\\/sv\\\/?s={search_term_string}\"},\"query-input\":{\"@type\":\"PropertyValueSpecification\",\"valueRequired\":true,\"valueName\":\"search_term_string\"}}],\"inLanguage\":\"sv-SE\"},{\"@type\":\"Organization\",\"@id\":\"https:\\\/\\\/www.agma.com\\\/sv\\\/#organization\",\"name\":\"Absolicon\",\"url\":\"https:\\\/\\\/www.agma.com\\\/sv\\\/\",\"logo\":{\"@type\":\"ImageObject\",\"inLanguage\":\"sv-SE\",\"@id\":\"https:\\\/\\\/www.agma.com\\\/sv\\\/#\\\/schema\\\/logo\\\/image\\\/\",\"url\":\"https:\\\/\\\/www.agma.com\\\/wp-content\\\/uploads\\\/2026\\\/04\\\/logotype_neg_blk.svg\",\"contentUrl\":\"https:\\\/\\\/www.agma.com\\\/wp-content\\\/uploads\\\/2026\\\/04\\\/logotype_neg_blk.svg\",\"width\":705,\"height\":83,\"caption\":\"Absolicon\"},\"image\":{\"@id\":\"https:\\\/\\\/www.agma.com\\\/sv\\\/#\\\/schema\\\/logo\\\/image\\\/\"}},{\"@type\":\"Person\",\"@id\":\"https:\\\/\\\/www.agma.com\\\/sv\\\/#\\\/schema\\\/person\\\/6820b3ce1cc37edbaecc979090760d8b\",\"name\":\"jakubschenk\",\"image\":{\"@type\":\"ImageObject\",\"inLanguage\":\"sv-SE\",\"@id\":\"https:\\\/\\\/secure.gravatar.com\\\/avatar\\\/0ab843002d4a58702560e02354e5f9a3206e13bbfaa9df5a188e463870f605cd?s=96&d=mm&r=g\",\"url\":\"https:\\\/\\\/secure.gravatar.com\\\/avatar\\\/0ab843002d4a58702560e02354e5f9a3206e13bbfaa9df5a188e463870f605cd?s=96&d=mm&r=g\",\"contentUrl\":\"https:\\\/\\\/secure.gravatar.com\\\/avatar\\\/0ab843002d4a58702560e02354e5f9a3206e13bbfaa9df5a188e463870f605cd?s=96&d=mm&r=g\",\"caption\":\"jakubschenk\"},\"sameAs\":[\"https:\\\/\\\/www.agma.com\"],\"url\":\"https:\\\/\\\/www.agma.com\\\/sv\\\/author\\\/jakubschenk\\\/\"}]}<\/script>\n<!-- \/ Yoast SEO plugin. -->","yoast_head_json":{"title":"Avantiare Construcciones y Medioambiente, S.A. tecknar ramavtal med Absolicon om f\u00f6rv\u00e4rv av produktionslina i Spanien - Absolicon","robots":{"index":"index","follow":"follow","max-snippet":"max-snippet:-1","max-image-preview":"max-image-preview:large","max-video-preview":"max-video-preview:-1"},"canonical":"https:\/\/www.agma.com\/sv\/avantiare-construcciones-y-medioambiente-s-a-tecknar-ramavtal-med-absolicon-om-forvarv-av-produktionslina-i-spanien\/","og_locale":"sv_SE","og_type":"article","og_title":"Avantiare Construcciones y Medioambiente, S.A. tecknar ramavtal med Absolicon om f\u00f6rv\u00e4rv av produktionslina i Spanien - Absolicon","og_description":"Inneh\u00e5ll i ramavtalet Ramavtalet beskriver de separata avtal som skall uppr\u00e4ttas i processen. Absolicons int\u00e4kter fr\u00e5n f\u00f6rs\u00e4ljningen kan inordnas i tre grupper: f\u00f6rv\u00e4rv av linan, licensint\u00e4kter och int\u00e4kter fr\u00e5n materialf\u00f6rs\u00e4ljning. 1. F\u00f6rs\u00e4ljning av produktionslinan Produktionslinan \u00e4r av samma modell som Absolicon har i Sverige och som bolaget redan levererat till Sichuanprovinsen. Linan med tv\u00e5 sexaxliga [&hellip;]","og_url":"https:\/\/www.agma.com\/sv\/avantiare-construcciones-y-medioambiente-s-a-tecknar-ramavtal-med-absolicon-om-forvarv-av-produktionslina-i-spanien\/","og_site_name":"Absolicon","article_published_time":"2020-11-20T15:50:55+00:00","author":"jakubschenk","twitter_card":"summary_large_image","twitter_misc":{"Skriven av":"jakubschenk"},"schema":{"@context":"https:\/\/schema.org","@graph":[{"@type":"Article","@id":"https:\/\/www.agma.com\/sv\/avantiare-construcciones-y-medioambiente-s-a-tecknar-ramavtal-med-absolicon-om-forvarv-av-produktionslina-i-spanien\/#article","isPartOf":{"@id":"https:\/\/www.agma.com\/sv\/avantiare-construcciones-y-medioambiente-s-a-tecknar-ramavtal-med-absolicon-om-forvarv-av-produktionslina-i-spanien\/"},"author":{"name":"jakubschenk","@id":"https:\/\/www.agma.com\/sv\/#\/schema\/person\/6820b3ce1cc37edbaecc979090760d8b"},"headline":"Avantiare Construcciones y Medioambiente, S.A. tecknar ramavtal med Absolicon om f\u00f6rv\u00e4rv av produktionslina i Spanien","datePublished":"2020-11-20T15:50:55+00:00","mainEntityOfPage":{"@id":"https:\/\/www.agma.com\/sv\/avantiare-construcciones-y-medioambiente-s-a-tecknar-ramavtal-med-absolicon-om-forvarv-av-produktionslina-i-spanien\/"},"wordCount":740,"commentCount":0,"publisher":{"@id":"https:\/\/www.agma.com\/sv\/#organization"},"articleSection":["Pressrelease"],"inLanguage":"sv-SE","potentialAction":[{"@type":"CommentAction","name":"Comment","target":["https:\/\/www.agma.com\/sv\/avantiare-construcciones-y-medioambiente-s-a-tecknar-ramavtal-med-absolicon-om-forvarv-av-produktionslina-i-spanien\/#respond"]}]},{"@type":"WebPage","@id":"https:\/\/www.agma.com\/sv\/avantiare-construcciones-y-medioambiente-s-a-tecknar-ramavtal-med-absolicon-om-forvarv-av-produktionslina-i-spanien\/","url":"https:\/\/www.agma.com\/sv\/avantiare-construcciones-y-medioambiente-s-a-tecknar-ramavtal-med-absolicon-om-forvarv-av-produktionslina-i-spanien\/","name":"Avantiare Construcciones y Medioambiente, S.A. tecknar ramavtal med Absolicon om f\u00f6rv\u00e4rv av produktionslina i Spanien - Absolicon","isPartOf":{"@id":"https:\/\/www.agma.com\/sv\/#website"},"datePublished":"2020-11-20T15:50:55+00:00","breadcrumb":{"@id":"https:\/\/www.agma.com\/sv\/avantiare-construcciones-y-medioambiente-s-a-tecknar-ramavtal-med-absolicon-om-forvarv-av-produktionslina-i-spanien\/#breadcrumb"},"inLanguage":"sv-SE","potentialAction":[{"@type":"ReadAction","target":["https:\/\/www.agma.com\/sv\/avantiare-construcciones-y-medioambiente-s-a-tecknar-ramavtal-med-absolicon-om-forvarv-av-produktionslina-i-spanien\/"]}]},{"@type":"BreadcrumbList","@id":"https:\/\/www.agma.com\/sv\/avantiare-construcciones-y-medioambiente-s-a-tecknar-ramavtal-med-absolicon-om-forvarv-av-produktionslina-i-spanien\/#breadcrumb","itemListElement":[{"@type":"ListItem","position":1,"name":"Home","item":"https:\/\/www.agma.com\/sv\/"},{"@type":"ListItem","position":2,"name":"Avantiare Construcciones y Medioambiente, S.A. tecknar ramavtal med Absolicon om f\u00f6rv\u00e4rv av produktionslina i Spanien"}]},{"@type":"WebSite","@id":"https:\/\/www.agma.com\/sv\/#website","url":"https:\/\/www.agma.com\/sv\/","name":"Absolicon","description":"","publisher":{"@id":"https:\/\/www.agma.com\/sv\/#organization"},"potentialAction":[{"@type":"SearchAction","target":{"@type":"EntryPoint","urlTemplate":"https:\/\/www.agma.com\/sv\/?s={search_term_string}"},"query-input":{"@type":"PropertyValueSpecification","valueRequired":true,"valueName":"search_term_string"}}],"inLanguage":"sv-SE"},{"@type":"Organization","@id":"https:\/\/www.agma.com\/sv\/#organization","name":"Absolicon","url":"https:\/\/www.agma.com\/sv\/","logo":{"@type":"ImageObject","inLanguage":"sv-SE","@id":"https:\/\/www.agma.com\/sv\/#\/schema\/logo\/image\/","url":"https:\/\/www.agma.com\/wp-content\/uploads\/2026\/04\/logotype_neg_blk.svg","contentUrl":"https:\/\/www.agma.com\/wp-content\/uploads\/2026\/04\/logotype_neg_blk.svg","width":705,"height":83,"caption":"Absolicon"},"image":{"@id":"https:\/\/www.agma.com\/sv\/#\/schema\/logo\/image\/"}},{"@type":"Person","@id":"https:\/\/www.agma.com\/sv\/#\/schema\/person\/6820b3ce1cc37edbaecc979090760d8b","name":"jakubschenk","image":{"@type":"ImageObject","inLanguage":"sv-SE","@id":"https:\/\/secure.gravatar.com\/avatar\/0ab843002d4a58702560e02354e5f9a3206e13bbfaa9df5a188e463870f605cd?s=96&d=mm&r=g","url":"https:\/\/secure.gravatar.com\/avatar\/0ab843002d4a58702560e02354e5f9a3206e13bbfaa9df5a188e463870f605cd?s=96&d=mm&r=g","contentUrl":"https:\/\/secure.gravatar.com\/avatar\/0ab843002d4a58702560e02354e5f9a3206e13bbfaa9df5a188e463870f605cd?s=96&d=mm&r=g","caption":"jakubschenk"},"sameAs":["https:\/\/www.agma.com"],"url":"https:\/\/www.agma.com\/sv\/author\/jakubschenk\/"}]}},"_links":{"self":[{"href":"https:\/\/www.agma.com\/sv\/wp-json\/wp\/v2\/posts\/10044","targetHints":{"allow":["GET"]}}],"collection":[{"href":"https:\/\/www.agma.com\/sv\/wp-json\/wp\/v2\/posts"}],"about":[{"href":"https:\/\/www.agma.com\/sv\/wp-json\/wp\/v2\/types\/post"}],"author":[{"embeddable":true,"href":"https:\/\/www.agma.com\/sv\/wp-json\/wp\/v2\/users\/1"}],"replies":[{"embeddable":true,"href":"https:\/\/www.agma.com\/sv\/wp-json\/wp\/v2\/comments?post=10044"}],"version-history":[{"count":0,"href":"https:\/\/www.agma.com\/sv\/wp-json\/wp\/v2\/posts\/10044\/revisions"}],"wp:attachment":[{"href":"https:\/\/www.agma.com\/sv\/wp-json\/wp\/v2\/media?parent=10044"}],"wp:term":[{"taxonomy":"category","embeddable":true,"href":"https:\/\/www.agma.com\/sv\/wp-json\/wp\/v2\/categories?post=10044"},{"taxonomy":"post_tag","embeddable":true,"href":"https:\/\/www.agma.com\/sv\/wp-json\/wp\/v2\/tags?post=10044"}],"curies":[{"name":"wp","href":"https:\/\/api.w.org\/{rel}","templated":true}]}}