{"id":11650,"date":"2021-03-31T14:25:00","date_gmt":"2021-03-31T14:25:00","guid":{"rendered":"https:\/\/www.absolicon.com\/thenergy-tecknar-ramavtal-med-absolicon-om-forvarv-av-produktionslina-i-chile\/"},"modified":"2021-03-31T14:25:00","modified_gmt":"2021-03-31T14:25:00","slug":"thenergy-tecknar-ramavtal-med-absolicon-om-forvarv-av-produktionslina-i-chile","status":"publish","type":"post","link":"https:\/\/www.agma.com\/sv\/thenergy-tecknar-ramavtal-med-absolicon-om-forvarv-av-produktionslina-i-chile\/","title":{"rendered":"THENERGY tecknar ramavtal med Absolicon om f\u00f6rv\u00e4rv av produktionslina i Chile"},"content":{"rendered":"<h2 style=\"margin-top:8px;margin-bottom:4px\"><span style=\"font-size:12pt\"><span style=\"line-height:107%\"><span style=\"font-family:arial,helvetica,sans-serif\"><span style=\"line-height:107%\">Marknadspotential <\/span><\/span><\/span><\/span><\/h2>\n<p style=\"margin-bottom:11px\"><span style=\"line-height:107%\"><span style=\"font-size:12pt\"><span style=\"line-height:107%\"><span style=\"font-family:arial,helvetica,sans-serif\">Solenergiresurserna i Chile \u00e4r bland de h\u00f6gsta i v\u00e4rlden, vilket g\u00f6r landet till en idealisk plats att implementera solv\u00e4rmel\u00f6sningar med Absolicon solf\u00e5ngare. Dessutom representerar v\u00e4rme n\u00e4ra 50% av landets slutliga energif\u00f6rbrukning, d\u00e4r industrier och gruvn\u00e4ring f\u00f6rbrukar en stor del av den slutliga energif\u00f6rbrukningen.<\/span><\/span><\/span><\/span><\/p>\n<p style=\"margin-bottom:11px\"><span style=\"line-height:107%\"><span style=\"font-size:12pt\"><span style=\"line-height:107%\"><span style=\"font-family:arial,helvetica,sans-serif\">Chile \u00e4r k\u00e4nt f\u00f6r unika f\u00f6rh\u00e5llanden f\u00f6r att kombinera solstr\u00e5lning och industrisektorer. Den ber\u00e4knade marknadspotentialen f\u00f6r Absolicon T160 uppg\u00e5r till 2,3 miljoner kvm (1,2GW) n\u00e4r den ers\u00e4tter 2% av den industriella v\u00e4rmef\u00f6rbrukningen.<\/span><\/span><\/span><\/span><\/p>\n<p style=\"margin-bottom:11px\"><span style=\"line-height:107%\"><span style=\"font-size:12pt\"><span style=\"line-height:107%\"><span style=\"font-family:arial,helvetica,sans-serif\">THENERGY \u00e4r ett chilenskt energitj\u00e4nstf\u00f6retag specialiserat p\u00e5 v\u00e4rmeenergil\u00f6sningar. Genom v\u00e4rmef\u00f6rs\u00f6rjning till industriella processer med ren och outt\u00f6mlig termisk energi, b\u00e5de f\u00f6r v\u00e4rme- och kylbehov, st\u00e4rker THENERGY industrierna i deras ledande roll i Chiles energi\u00f6verg\u00e5ng.<\/span><\/span><\/span><\/span><\/p>\n<p style=\"margin-bottom:11px\"><span style=\"line-height:107%\"><span style=\"font-size:12pt\"><span style=\"line-height:107%\"><span style=\"font-family:arial,helvetica,sans-serif\">Absolicon och THENERGY har tecknat ett ramavtal f\u00f6r etablering av en produktionslina i Chile f\u00f6r att f\u00f6rse regionen med avancerade solf\u00e5ngare.<\/span><\/span><\/span><\/span><\/p>\n<p style=\"margin-bottom:11px\"><span style=\"line-height:107%\"><span style=\"font-size:12pt\"><span style=\"line-height:107%\"><span style=\"font-family:arial,helvetica,sans-serif\">Samarbetet baseras p\u00e5 kvalificerad erfarenhet hos THENERGY s\u00e5v\u00e4l som f\u00f6retagen gemensamma vision om att bygga en h\u00e5llbar v\u00e4rld och solenergins nyckelroll i den industriella energiomst\u00e4llningen.<\/span><\/span><\/span><\/span><\/p>\n<h3 style=\"margin-top:8px;margin-bottom:4px\"><span style=\"font-size:11pt\"><span style=\"line-height:107%\"><span style=\"font-family:arial,helvetica,sans-serif\"><span style=\"font-size:12pt\"><span style=\"line-height:107%\">Huvudsakliga marknadssegment i regionen<\/span><\/span><\/span><\/span><\/span><\/h3>\n<p style=\"margin-bottom:11px\"><span style=\"line-height:107%\"><span style=\"font-size:12pt\"><span style=\"line-height:107%\"><span style=\"font-family:arial,helvetica,sans-serif\">\u2022 Gruvdrift<\/span><\/span><\/span><\/span><\/p>\n<p style=\"margin-bottom:11px\"><span style=\"line-height:107%\"><span style=\"font-size:12pt\"><span style=\"line-height:107%\"><span style=\"font-family:arial,helvetica,sans-serif\">\u2022 Livsmedelsindustri<\/span><\/span><\/span><\/span><\/p>\n<p style=\"margin-bottom:11px\"><span style=\"line-height:107%\"><span style=\"font-size:12pt\"><span style=\"line-height:107%\"><span style=\"font-family:arial,helvetica,sans-serif\">\u2022 Tr\u00e4- och pappersindustri<\/span><\/span><\/span><\/span><\/p>\n<p style=\"margin-bottom:11px\"><span style=\"line-height:107%\"><span style=\"font-size:12pt\"><span style=\"line-height:107%\"><span style=\"font-family:arial,helvetica,sans-serif\">\u2022 Kemikalieindustrin<\/span><\/span><\/span><\/span><\/p>\n<h2 style=\"margin-top:8px;margin-bottom:4px\"><span style=\"font-size:12pt\"><span style=\"line-height:107%\"><span style=\"font-family:arial,helvetica,sans-serif\">Inneh\u00e5ll i ramavtalet<\/span><\/span><\/span><\/h2>\n<p style=\"margin-bottom:11px\"><span style=\"line-height:107%\"><span style=\"font-size:12pt\"><span style=\"line-height:107%\"><span style=\"font-family:arial,helvetica,sans-serif\">Ramavtalet beskriver de separata avtal som skall uppr\u00e4ttas i processen. Absolicons int\u00e4kter fr\u00e5n f\u00f6rs\u00e4ljningen kan inordnas i tre grupper: f\u00f6rv\u00e4rv av linan, licensint\u00e4kter och int\u00e4kter fr\u00e5n materialf\u00f6rs\u00e4ljning.<\/span><\/span><\/span><\/span><\/p>\n<h3 style=\"margin-top:8px;margin-bottom:4px\"><span style=\"font-size:11pt\"><span style=\"line-height:107%\"><span style=\"font-family:arial,helvetica,sans-serif\"><span style=\"font-size:12pt\"><span style=\"line-height:107%\">1. F\u00f6rs\u00e4ljning av produktionslinan<\/span><\/span><\/span><\/span><\/span><\/h3>\n<p style=\"margin-bottom:11px\"><span style=\"line-height:107%\"><span style=\"font-size:12pt\"><span style=\"line-height:107%\"><span style=\"font-family:arial,helvetica,sans-serif\">Produktionslinan \u00e4r av samma modell som Absolicon har i Sverige och som bolaget redan levererat till Sichuanprovinsen. Linan med tv\u00e5 sexaxliga robotar har kapacitet att tillverka 50 MW solf\u00e5ngare (100 000 m2) per \u00e5r. Tillsammans med h\u00e5rdvaran levererar Absolicon konsultst\u00f6d f\u00f6r marknadsarbete och teknisk support, utveckling och teknisk utbildning.<\/span><\/span><\/span><\/span><\/p>\n<p style=\"margin-bottom:11px\"><span style=\"line-height:107%\"><span style=\"font-size:12pt\"><span style=\"line-height:107%\"><span style=\"font-family:arial,helvetica,sans-serif\">Det totala v\u00e4rdet av h\u00e5rdvara och aktiviteter som omfattas av avtalet uppskattas till 40\u201350 miljoner kronor.<\/span><\/span><\/span><\/span><\/p>\n<h3 style=\"margin-top:8px;margin-bottom:4px\"><span style=\"font-size:11pt\"><span style=\"line-height:107%\"><span style=\"font-family:arial,helvetica,sans-serif\"><span style=\"font-size:12pt\"><span style=\"line-height:107%\">2. Licens f\u00f6r att tillverka T160<\/span><\/span><\/span><\/span><\/span><\/h3>\n<p style=\"margin-bottom:11px\"><span style=\"line-height:107%\"><span style=\"font-size:12pt\"><span style=\"line-height:107%\"><span style=\"font-family:arial,helvetica,sans-serif\">F\u00f6r r\u00e4ttigheten att tillverka T160 under Absolicons immaterialr\u00e4ttsliga skydd, ta del av framtida produktutveckling och anv\u00e4nda Absolicons varum\u00e4rke utg\u00e5r m\u00e5natlig licensavgift om ca 4% p\u00e5 f\u00f6rs\u00e4ljningsv\u00e4rdet.<\/span><\/span><\/span><\/span><\/p>\n<p style=\"margin-bottom:11px\"><span style=\"font-size:11pt\"><span style=\"line-height:107%\"><span style=\"font-size:12pt\"><span style=\"line-height:107%\"><span style=\"font-family:arial,helvetica,sans-serif\">Produktionslinan i full produktion tillverkar p\u00e5 ett skift 50 MW solf\u00e5ngare (100 000 m2) per \u00e5r med f\u00f6rs\u00e4ljningsv\u00e4rde 200\u2013250 miljoner kronor vilket med 4% licensavgift skulle inneb\u00e4ra ca 8 miljoner kronor per \u00e5r i licensint\u00e4kt. Absolicons uppskattning \u00e4r dock att det tar tid innan <\/span><\/span><\/span><span style=\"font-size:12pt\"><span style=\"line-height:107%\"><span style=\"font-family:arial,helvetica,sans-serif\">THENERGY <\/span><\/span><\/span><span style=\"font-size:12pt\"><span style=\"line-height:107%\"><span style=\"font-family:arial,helvetica,sans-serif\">utvecklat solv\u00e4rmemarknaden f\u00f6r industrier i regionen s\u00e5 att de volymerna kan uppn\u00e5s.<\/span><\/span><\/span><\/span><\/span><\/p>\n<h3 style=\"margin-top:8px;margin-bottom:4px\"><span style=\"font-size:11pt\"><span style=\"line-height:107%\"><span style=\"font-family:arial,helvetica,sans-serif\"><span style=\"font-size:12pt\"><span style=\"line-height:107%\">3. Materialf\u00f6rs\u00f6rjning<\/span><\/span><\/span><\/span><\/span><\/h3>\n<p style=\"margin-bottom:11px\"><span style=\"line-height:107%\"><span style=\"font-size:12pt\"><span style=\"line-height:107%\"><span style=\"font-family:arial,helvetica,sans-serif\">Genom avtalet s\u00e4kerst\u00e4ller Absolicon tillg\u00e5ng p\u00e5 patenterade komponenter och insatsvaror av h\u00f6g kvalit\u00e9 som delvis tillverkas i Chile eller lokalt vid installationsplatsen.<\/span><\/span><\/span><\/span><\/p>\n<p style=\"margin-bottom:11px\"><span style=\"line-height:107%\"><span style=\"font-size:12pt\"><span style=\"line-height:107%\"><span style=\"font-family:arial,helvetica,sans-serif\">Vid full produktion beh\u00f6ver produktionslinan k\u00f6pa material f\u00f6r 100\u2013150 miljoner kronor per \u00e5r d\u00e4r 20% &#8211; 30% av ink\u00f6pen kan komma att g\u00e5 genom Absolicon och 70% &#8211; 80% fr\u00e5n lokala underleverant\u00f6rer. Utfallet f\u00f6r Absolicon beror i viss utstr\u00e4ckning p\u00e5 resultatet av Absolicons p\u00e5g\u00e5ende materialsatsning. <\/span><\/span><\/span><\/span><\/p>\n<h3 style=\"margin-top:8px;margin-bottom:4px\"><span style=\"font-size:11pt\"><span style=\"line-height:107%\"><span style=\"font-family:arial,helvetica,sans-serif\"><span style=\"font-size:12pt\"><span style=\"line-height:107%\">Ramavtalet beskriver \u00f6vergripande principer<\/span><\/span><\/span><\/span><\/span><\/h3>\n<p style=\"margin-bottom:11px\"><span style=\"line-height:107%\"><span style=\"font-size:12pt\"><span style=\"line-height:107%\"><span style=\"font-family:arial,helvetica,sans-serif\">Ramavtalet f\u00f6reskriver de \u00f6vergripande principerna f\u00f6r de separata avtal som skall uppr\u00e4ttas, och vilka steg som skall tas innan ett bindande avtal f\u00f6r f\u00f6rv\u00e4rv av produktionslinan kan tecknas. Det uppskattade v\u00e4rdet kan komma att \u00e4ndras liksom slutgiltig utformning av produktionslinans produktionskapacitet. Absolicon uppskattar idag att f\u00f6rs\u00e4ljningsv\u00e4rdet av avtalet ligger i nedre delen av intervallet 40-50 miljoner kronor.<\/span><\/span><\/span><\/span><\/p>\n<p style=\"margin-bottom:11px\"><span style=\"font-size:11pt\"><span style=\"line-height:107%\"><span style=\"font-size:12pt\"><span style=\"line-height:107%\"><span style=\"font-family:arial,helvetica,sans-serif\">Om <\/span><\/span><\/span><span style=\"font-size:12pt\"><span style=\"line-height:107%\"><span style=\"font-family:arial,helvetica,sans-serif\">THENERGY <\/span><\/span><\/span><span style=\"font-size:12pt\"><span style=\"line-height:107%\"><span style=\"font-family:arial,helvetica,sans-serif\">inte uppfyller sina \u00e5taganden i varje steg f\u00f6rlorar de r\u00e4tten att genomf\u00f6ra f\u00f6rv\u00e4rvet och har d\u00e5 m\u00f6jlighet att f\u00e5 tillbaka en del av k\u00f6peskillingen, dock aldrig f\u00f6r Absolicons havda kostnader.<\/span><\/span><\/span><\/span><\/span><\/p>\n<h2 style=\"margin-top:8px;margin-bottom:4px\"><span style=\"font-size:12pt\"><span style=\"line-height:107%\"><span style=\"font-family:arial,helvetica,sans-serif\"><span style=\"line-height:107%\">N\u00e4sta steg<\/span><\/span><\/span><\/span><\/h2>\n<p style=\"margin-bottom:11px\"><span style=\"line-height:107%\"><span style=\"font-size:12pt\"><span style=\"line-height:107%\"><span style=\"font-family:arial,helvetica,sans-serif\">Samarbetet \u00e4r fortfarande i ett tidigt skede och en mer detaljerad kontraktsskrivning p\u00e5g\u00e5r nu. Det f\u00f6rsta steget i ramverket \u00e4r online-utbildning och marknadsf\u00f6ringsstrategi. Betalning sker steg f\u00f6r steg p\u00e5 samma s\u00e4tt som vid den tidigare f\u00f6rs\u00e4ljningen av produktionslinan till provinsen Sichuan.<\/span><\/span><\/span><\/span><\/p>\n","protected":false},"excerpt":{"rendered":"<p>Marknadspotential Solenergiresurserna i Chile \u00e4r bland de h\u00f6gsta i v\u00e4rlden, vilket g\u00f6r landet till en idealisk plats att implementera solv\u00e4rmel\u00f6sningar med Absolicon solf\u00e5ngare. Dessutom representerar v\u00e4rme n\u00e4ra 50% av landets slutliga energif\u00f6rbrukning, d\u00e4r industrier och gruvn\u00e4ring f\u00f6rbrukar en stor del av den slutliga energif\u00f6rbrukningen. Chile \u00e4r k\u00e4nt f\u00f6r unika f\u00f6rh\u00e5llanden f\u00f6r att kombinera solstr\u00e5lning och [&hellip;]<\/p>\n","protected":false},"author":1,"featured_media":0,"comment_status":"open","ping_status":"open","sticky":false,"template":"","format":"standard","meta":{"_acf_changed":false,"footnotes":""},"categories":[23],"tags":[],"class_list":["post-11650","post","type-post","status-publish","format-standard","hentry","category-pressrelease"],"acf":[],"yoast_head":"<!-- This site is optimized with the Yoast SEO plugin v27.4 - https:\/\/yoast.com\/product\/yoast-seo-wordpress\/ -->\n<title>THENERGY tecknar ramavtal med Absolicon om f\u00f6rv\u00e4rv av produktionslina i Chile - Absolicon<\/title>\n<meta name=\"robots\" content=\"index, follow, max-snippet:-1, max-image-preview:large, max-video-preview:-1\" \/>\n<link rel=\"canonical\" href=\"https:\/\/www.agma.com\/sv\/thenergy-tecknar-ramavtal-med-absolicon-om-forvarv-av-produktionslina-i-chile\/\" \/>\n<meta property=\"og:locale\" content=\"sv_SE\" \/>\n<meta property=\"og:type\" content=\"article\" \/>\n<meta property=\"og:title\" content=\"THENERGY tecknar ramavtal med Absolicon om f\u00f6rv\u00e4rv av produktionslina i Chile - Absolicon\" \/>\n<meta property=\"og:description\" content=\"Marknadspotential Solenergiresurserna i Chile \u00e4r bland de h\u00f6gsta i v\u00e4rlden, vilket g\u00f6r landet till en idealisk plats att implementera solv\u00e4rmel\u00f6sningar med Absolicon solf\u00e5ngare. Dessutom representerar v\u00e4rme n\u00e4ra 50% av landets slutliga energif\u00f6rbrukning, d\u00e4r industrier och gruvn\u00e4ring f\u00f6rbrukar en stor del av den slutliga energif\u00f6rbrukningen. Chile \u00e4r k\u00e4nt f\u00f6r unika f\u00f6rh\u00e5llanden f\u00f6r att kombinera solstr\u00e5lning och [&hellip;]\" \/>\n<meta property=\"og:url\" content=\"https:\/\/www.agma.com\/sv\/thenergy-tecknar-ramavtal-med-absolicon-om-forvarv-av-produktionslina-i-chile\/\" \/>\n<meta property=\"og:site_name\" content=\"Absolicon\" \/>\n<meta property=\"article:published_time\" content=\"2021-03-31T14:25:00+00:00\" \/>\n<meta name=\"author\" content=\"jakubschenk\" \/>\n<meta name=\"twitter:card\" content=\"summary_large_image\" \/>\n<meta name=\"twitter:label1\" content=\"Skriven av\" \/>\n\t<meta name=\"twitter:data1\" content=\"jakubschenk\" \/>\n<script type=\"application\/ld+json\" class=\"yoast-schema-graph\">{\"@context\":\"https:\\\/\\\/schema.org\",\"@graph\":[{\"@type\":\"Article\",\"@id\":\"https:\\\/\\\/www.agma.com\\\/sv\\\/thenergy-tecknar-ramavtal-med-absolicon-om-forvarv-av-produktionslina-i-chile\\\/#article\",\"isPartOf\":{\"@id\":\"https:\\\/\\\/www.agma.com\\\/sv\\\/thenergy-tecknar-ramavtal-med-absolicon-om-forvarv-av-produktionslina-i-chile\\\/\"},\"author\":{\"name\":\"jakubschenk\",\"@id\":\"https:\\\/\\\/www.agma.com\\\/sv\\\/#\\\/schema\\\/person\\\/6820b3ce1cc37edbaecc979090760d8b\"},\"headline\":\"THENERGY tecknar ramavtal med Absolicon om f\u00f6rv\u00e4rv av produktionslina i Chile\",\"datePublished\":\"2021-03-31T14:25:00+00:00\",\"mainEntityOfPage\":{\"@id\":\"https:\\\/\\\/www.agma.com\\\/sv\\\/thenergy-tecknar-ramavtal-med-absolicon-om-forvarv-av-produktionslina-i-chile\\\/\"},\"wordCount\":686,\"commentCount\":0,\"publisher\":{\"@id\":\"https:\\\/\\\/www.agma.com\\\/sv\\\/#organization\"},\"articleSection\":[\"Pressrelease\"],\"inLanguage\":\"sv-SE\",\"potentialAction\":[{\"@type\":\"CommentAction\",\"name\":\"Comment\",\"target\":[\"https:\\\/\\\/www.agma.com\\\/sv\\\/thenergy-tecknar-ramavtal-med-absolicon-om-forvarv-av-produktionslina-i-chile\\\/#respond\"]}]},{\"@type\":\"WebPage\",\"@id\":\"https:\\\/\\\/www.agma.com\\\/sv\\\/thenergy-tecknar-ramavtal-med-absolicon-om-forvarv-av-produktionslina-i-chile\\\/\",\"url\":\"https:\\\/\\\/www.agma.com\\\/sv\\\/thenergy-tecknar-ramavtal-med-absolicon-om-forvarv-av-produktionslina-i-chile\\\/\",\"name\":\"THENERGY tecknar ramavtal med Absolicon om f\u00f6rv\u00e4rv av produktionslina i Chile - Absolicon\",\"isPartOf\":{\"@id\":\"https:\\\/\\\/www.agma.com\\\/sv\\\/#website\"},\"datePublished\":\"2021-03-31T14:25:00+00:00\",\"breadcrumb\":{\"@id\":\"https:\\\/\\\/www.agma.com\\\/sv\\\/thenergy-tecknar-ramavtal-med-absolicon-om-forvarv-av-produktionslina-i-chile\\\/#breadcrumb\"},\"inLanguage\":\"sv-SE\",\"potentialAction\":[{\"@type\":\"ReadAction\",\"target\":[\"https:\\\/\\\/www.agma.com\\\/sv\\\/thenergy-tecknar-ramavtal-med-absolicon-om-forvarv-av-produktionslina-i-chile\\\/\"]}]},{\"@type\":\"BreadcrumbList\",\"@id\":\"https:\\\/\\\/www.agma.com\\\/sv\\\/thenergy-tecknar-ramavtal-med-absolicon-om-forvarv-av-produktionslina-i-chile\\\/#breadcrumb\",\"itemListElement\":[{\"@type\":\"ListItem\",\"position\":1,\"name\":\"Home\",\"item\":\"https:\\\/\\\/www.agma.com\\\/sv\\\/\"},{\"@type\":\"ListItem\",\"position\":2,\"name\":\"THENERGY tecknar ramavtal med Absolicon om f\u00f6rv\u00e4rv av produktionslina i Chile\"}]},{\"@type\":\"WebSite\",\"@id\":\"https:\\\/\\\/www.agma.com\\\/sv\\\/#website\",\"url\":\"https:\\\/\\\/www.agma.com\\\/sv\\\/\",\"name\":\"Absolicon\",\"description\":\"\",\"publisher\":{\"@id\":\"https:\\\/\\\/www.agma.com\\\/sv\\\/#organization\"},\"potentialAction\":[{\"@type\":\"SearchAction\",\"target\":{\"@type\":\"EntryPoint\",\"urlTemplate\":\"https:\\\/\\\/www.agma.com\\\/sv\\\/?s={search_term_string}\"},\"query-input\":{\"@type\":\"PropertyValueSpecification\",\"valueRequired\":true,\"valueName\":\"search_term_string\"}}],\"inLanguage\":\"sv-SE\"},{\"@type\":\"Organization\",\"@id\":\"https:\\\/\\\/www.agma.com\\\/sv\\\/#organization\",\"name\":\"Absolicon\",\"url\":\"https:\\\/\\\/www.agma.com\\\/sv\\\/\",\"logo\":{\"@type\":\"ImageObject\",\"inLanguage\":\"sv-SE\",\"@id\":\"https:\\\/\\\/www.agma.com\\\/sv\\\/#\\\/schema\\\/logo\\\/image\\\/\",\"url\":\"https:\\\/\\\/www.agma.com\\\/wp-content\\\/uploads\\\/2026\\\/04\\\/logotype_neg_blk.svg\",\"contentUrl\":\"https:\\\/\\\/www.agma.com\\\/wp-content\\\/uploads\\\/2026\\\/04\\\/logotype_neg_blk.svg\",\"width\":705,\"height\":83,\"caption\":\"Absolicon\"},\"image\":{\"@id\":\"https:\\\/\\\/www.agma.com\\\/sv\\\/#\\\/schema\\\/logo\\\/image\\\/\"}},{\"@type\":\"Person\",\"@id\":\"https:\\\/\\\/www.agma.com\\\/sv\\\/#\\\/schema\\\/person\\\/6820b3ce1cc37edbaecc979090760d8b\",\"name\":\"jakubschenk\",\"image\":{\"@type\":\"ImageObject\",\"inLanguage\":\"sv-SE\",\"@id\":\"https:\\\/\\\/secure.gravatar.com\\\/avatar\\\/0ab843002d4a58702560e02354e5f9a3206e13bbfaa9df5a188e463870f605cd?s=96&d=mm&r=g\",\"url\":\"https:\\\/\\\/secure.gravatar.com\\\/avatar\\\/0ab843002d4a58702560e02354e5f9a3206e13bbfaa9df5a188e463870f605cd?s=96&d=mm&r=g\",\"contentUrl\":\"https:\\\/\\\/secure.gravatar.com\\\/avatar\\\/0ab843002d4a58702560e02354e5f9a3206e13bbfaa9df5a188e463870f605cd?s=96&d=mm&r=g\",\"caption\":\"jakubschenk\"},\"sameAs\":[\"https:\\\/\\\/www.agma.com\"],\"url\":\"https:\\\/\\\/www.agma.com\\\/sv\\\/author\\\/jakubschenk\\\/\"}]}<\/script>\n<!-- \/ Yoast SEO plugin. -->","yoast_head_json":{"title":"THENERGY tecknar ramavtal med Absolicon om f\u00f6rv\u00e4rv av produktionslina i Chile - Absolicon","robots":{"index":"index","follow":"follow","max-snippet":"max-snippet:-1","max-image-preview":"max-image-preview:large","max-video-preview":"max-video-preview:-1"},"canonical":"https:\/\/www.agma.com\/sv\/thenergy-tecknar-ramavtal-med-absolicon-om-forvarv-av-produktionslina-i-chile\/","og_locale":"sv_SE","og_type":"article","og_title":"THENERGY tecknar ramavtal med Absolicon om f\u00f6rv\u00e4rv av produktionslina i Chile - Absolicon","og_description":"Marknadspotential Solenergiresurserna i Chile \u00e4r bland de h\u00f6gsta i v\u00e4rlden, vilket g\u00f6r landet till en idealisk plats att implementera solv\u00e4rmel\u00f6sningar med Absolicon solf\u00e5ngare. Dessutom representerar v\u00e4rme n\u00e4ra 50% av landets slutliga energif\u00f6rbrukning, d\u00e4r industrier och gruvn\u00e4ring f\u00f6rbrukar en stor del av den slutliga energif\u00f6rbrukningen. Chile \u00e4r k\u00e4nt f\u00f6r unika f\u00f6rh\u00e5llanden f\u00f6r att kombinera solstr\u00e5lning och [&hellip;]","og_url":"https:\/\/www.agma.com\/sv\/thenergy-tecknar-ramavtal-med-absolicon-om-forvarv-av-produktionslina-i-chile\/","og_site_name":"Absolicon","article_published_time":"2021-03-31T14:25:00+00:00","author":"jakubschenk","twitter_card":"summary_large_image","twitter_misc":{"Skriven av":"jakubschenk"},"schema":{"@context":"https:\/\/schema.org","@graph":[{"@type":"Article","@id":"https:\/\/www.agma.com\/sv\/thenergy-tecknar-ramavtal-med-absolicon-om-forvarv-av-produktionslina-i-chile\/#article","isPartOf":{"@id":"https:\/\/www.agma.com\/sv\/thenergy-tecknar-ramavtal-med-absolicon-om-forvarv-av-produktionslina-i-chile\/"},"author":{"name":"jakubschenk","@id":"https:\/\/www.agma.com\/sv\/#\/schema\/person\/6820b3ce1cc37edbaecc979090760d8b"},"headline":"THENERGY tecknar ramavtal med Absolicon om f\u00f6rv\u00e4rv av produktionslina i Chile","datePublished":"2021-03-31T14:25:00+00:00","mainEntityOfPage":{"@id":"https:\/\/www.agma.com\/sv\/thenergy-tecknar-ramavtal-med-absolicon-om-forvarv-av-produktionslina-i-chile\/"},"wordCount":686,"commentCount":0,"publisher":{"@id":"https:\/\/www.agma.com\/sv\/#organization"},"articleSection":["Pressrelease"],"inLanguage":"sv-SE","potentialAction":[{"@type":"CommentAction","name":"Comment","target":["https:\/\/www.agma.com\/sv\/thenergy-tecknar-ramavtal-med-absolicon-om-forvarv-av-produktionslina-i-chile\/#respond"]}]},{"@type":"WebPage","@id":"https:\/\/www.agma.com\/sv\/thenergy-tecknar-ramavtal-med-absolicon-om-forvarv-av-produktionslina-i-chile\/","url":"https:\/\/www.agma.com\/sv\/thenergy-tecknar-ramavtal-med-absolicon-om-forvarv-av-produktionslina-i-chile\/","name":"THENERGY tecknar ramavtal med Absolicon om f\u00f6rv\u00e4rv av produktionslina i Chile - Absolicon","isPartOf":{"@id":"https:\/\/www.agma.com\/sv\/#website"},"datePublished":"2021-03-31T14:25:00+00:00","breadcrumb":{"@id":"https:\/\/www.agma.com\/sv\/thenergy-tecknar-ramavtal-med-absolicon-om-forvarv-av-produktionslina-i-chile\/#breadcrumb"},"inLanguage":"sv-SE","potentialAction":[{"@type":"ReadAction","target":["https:\/\/www.agma.com\/sv\/thenergy-tecknar-ramavtal-med-absolicon-om-forvarv-av-produktionslina-i-chile\/"]}]},{"@type":"BreadcrumbList","@id":"https:\/\/www.agma.com\/sv\/thenergy-tecknar-ramavtal-med-absolicon-om-forvarv-av-produktionslina-i-chile\/#breadcrumb","itemListElement":[{"@type":"ListItem","position":1,"name":"Home","item":"https:\/\/www.agma.com\/sv\/"},{"@type":"ListItem","position":2,"name":"THENERGY tecknar ramavtal med Absolicon om f\u00f6rv\u00e4rv av produktionslina i Chile"}]},{"@type":"WebSite","@id":"https:\/\/www.agma.com\/sv\/#website","url":"https:\/\/www.agma.com\/sv\/","name":"Absolicon","description":"","publisher":{"@id":"https:\/\/www.agma.com\/sv\/#organization"},"potentialAction":[{"@type":"SearchAction","target":{"@type":"EntryPoint","urlTemplate":"https:\/\/www.agma.com\/sv\/?s={search_term_string}"},"query-input":{"@type":"PropertyValueSpecification","valueRequired":true,"valueName":"search_term_string"}}],"inLanguage":"sv-SE"},{"@type":"Organization","@id":"https:\/\/www.agma.com\/sv\/#organization","name":"Absolicon","url":"https:\/\/www.agma.com\/sv\/","logo":{"@type":"ImageObject","inLanguage":"sv-SE","@id":"https:\/\/www.agma.com\/sv\/#\/schema\/logo\/image\/","url":"https:\/\/www.agma.com\/wp-content\/uploads\/2026\/04\/logotype_neg_blk.svg","contentUrl":"https:\/\/www.agma.com\/wp-content\/uploads\/2026\/04\/logotype_neg_blk.svg","width":705,"height":83,"caption":"Absolicon"},"image":{"@id":"https:\/\/www.agma.com\/sv\/#\/schema\/logo\/image\/"}},{"@type":"Person","@id":"https:\/\/www.agma.com\/sv\/#\/schema\/person\/6820b3ce1cc37edbaecc979090760d8b","name":"jakubschenk","image":{"@type":"ImageObject","inLanguage":"sv-SE","@id":"https:\/\/secure.gravatar.com\/avatar\/0ab843002d4a58702560e02354e5f9a3206e13bbfaa9df5a188e463870f605cd?s=96&d=mm&r=g","url":"https:\/\/secure.gravatar.com\/avatar\/0ab843002d4a58702560e02354e5f9a3206e13bbfaa9df5a188e463870f605cd?s=96&d=mm&r=g","contentUrl":"https:\/\/secure.gravatar.com\/avatar\/0ab843002d4a58702560e02354e5f9a3206e13bbfaa9df5a188e463870f605cd?s=96&d=mm&r=g","caption":"jakubschenk"},"sameAs":["https:\/\/www.agma.com"],"url":"https:\/\/www.agma.com\/sv\/author\/jakubschenk\/"}]}},"_links":{"self":[{"href":"https:\/\/www.agma.com\/sv\/wp-json\/wp\/v2\/posts\/11650","targetHints":{"allow":["GET"]}}],"collection":[{"href":"https:\/\/www.agma.com\/sv\/wp-json\/wp\/v2\/posts"}],"about":[{"href":"https:\/\/www.agma.com\/sv\/wp-json\/wp\/v2\/types\/post"}],"author":[{"embeddable":true,"href":"https:\/\/www.agma.com\/sv\/wp-json\/wp\/v2\/users\/1"}],"replies":[{"embeddable":true,"href":"https:\/\/www.agma.com\/sv\/wp-json\/wp\/v2\/comments?post=11650"}],"version-history":[{"count":0,"href":"https:\/\/www.agma.com\/sv\/wp-json\/wp\/v2\/posts\/11650\/revisions"}],"wp:attachment":[{"href":"https:\/\/www.agma.com\/sv\/wp-json\/wp\/v2\/media?parent=11650"}],"wp:term":[{"taxonomy":"category","embeddable":true,"href":"https:\/\/www.agma.com\/sv\/wp-json\/wp\/v2\/categories?post=11650"},{"taxonomy":"post_tag","embeddable":true,"href":"https:\/\/www.agma.com\/sv\/wp-json\/wp\/v2\/tags?post=11650"}],"curies":[{"name":"wp","href":"https:\/\/api.w.org\/{rel}","templated":true}]}}