{"id":11869,"date":"2021-04-27T12:47:34","date_gmt":"2021-04-27T12:47:34","guid":{"rendered":"https:\/\/www.absolicon.com\/stor-efterfragan-pa-solvarme-absolicon-valjer-genomfora-foretradesemission-for-att-forverkliga-fler-kundprojekt-och-hoja-projekttakten\/"},"modified":"2021-04-29T10:13:25","modified_gmt":"2021-04-29T10:13:25","slug":"stor-efterfragan-pa-solvarme-absolicon-valjer-genomfora-foretradesemission-for-att-forverkliga-fler-kundprojekt-och-hoja-projekttakten","status":"publish","type":"post","link":"https:\/\/www.agma.com\/sv\/stor-efterfragan-pa-solvarme-absolicon-valjer-genomfora-foretradesemission-for-att-forverkliga-fler-kundprojekt-och-hoja-projekttakten\/","title":{"rendered":"Stor efterfr\u00e5gan p\u00e5 solv\u00e4rme: Absolicon v\u00e4ljer genomf\u00f6ra f\u00f6retr\u00e4desemission f\u00f6r att f\u00f6rverkliga fler kundprojekt och h\u00f6ja projekttakten"},"content":{"rendered":"<p style=\"margin-bottom: 11px;\"><span style=\"font-size: 11pt;\">Absolicons styrelse har beslutat om en f\u00f6retr\u00e4desemission om ca 50 MSEK f\u00f6r att f\u00f6rst\u00e4rka f\u00f6rs\u00e4ljningsarbetet och genomf\u00f6ra tre strategiska initiativ i syfte att f\u00f6rverkliga fler kundprojekt, h\u00f6ja projekttakten och bef\u00e4sta sin ledande position inom industriell solv\u00e4rme hos v\u00e4rldens st\u00f6rsta multinationella bolag.<\/span><\/p>\n<p style=\"margin-bottom: 11px;\"><span style=\"font-size: 11pt;\">F\u00f6r varje innehavd aktie p\u00e5 avst\u00e4mningsdagen erh\u00e5lls tv\u00e5 teckningsr\u00e4tter. Nio teckningsr\u00e4tter ger r\u00e4tt att k\u00f6pa en (1) ny aktie till teckningskursen 110 kr. Teckningsperioden l\u00f6per fr\u00e5n och med den 6 maj 2021 till och med den 27 maj 2021. <\/span><\/p>\n<h3 style=\"margin-bottom: 11px;\"><span style=\"font-size: 11pt;\"><strong>Stort infl\u00f6de av kundprojekt fr\u00e5n lyckad marknadssatsning<\/strong><\/span><\/h3>\n<p style=\"margin-bottom: 11px;\"><span style=\"font-size: 11pt;\">F\u00f6r ett \u00e5r sedan b\u00f6rjade Absolicons st\u00f6rsta marknads- och f\u00f6rs\u00e4ljningssatsning n\u00e5gonsin med en global kampanj f\u00f6r solv\u00e4rme och riktade marknadsaktiviteter. Marknaden har svarat bra \u2013 bolaget har sedan 2020 \u00e5rs start g\u00e5tt fr\u00e5n tv\u00e5 tecknade ramavtal till 14 ramavtal med partners \u00f6ver hela v\u00e4rlden. Satsningen har ocks\u00e5 resulterat i hundratals f\u00f6rfr\u00e5gningar fr\u00e5n industrier intresserade av bolagets solf\u00e5ngare vilket f\u00f6rsta kvartalet 2021 resulterade i 34 projektf\u00f6rslag om stora solf\u00e5ngarinstallationer.<\/span><\/p>\n<p style=\"margin-bottom: 11px;\"><span style=\"font-size: 11pt;\">H\u00e4lften av v\u00e4rldens energif\u00f6rbrukning \u00e4r v\u00e4rme. Absolicons solf\u00e5ngare T160 och T200 kan producera v\u00e4rme och \u00e5nga upp till 200 grader och konkurrerar med olja och gas f\u00f6r v\u00e4rme till st\u00e4der och industrier. T160 \u00e4r certifierad enligt Solar Keymark och har \u00f6ver 76% verkningsgrad vilket \u00e4r v\u00e4rldens h\u00f6gt uppm\u00e4tta f\u00f6r ett litet paraboliskt tr\u00e5g.<\/span><\/p>\n<p style=\"margin-bottom: 11px;\"><span style=\"font-size: 11pt;\">Runt om i v\u00e4rlden sk\u00e4rps nu tonen kling klimatfr\u00e5gan och m\u00e5nga multinationella f\u00f6retag har tryck p\u00e5 sig fr\u00e5n investerare och aktie\u00e4gare att klara \u00e5tagandena i Paris\u00f6verenskommelsen om minskade f\u00f6rbr\u00e4nning av fossila br\u00e4nslen. De multinationella bolagen v\u00e4ljer nu vilka energik\u00e4llor som skall ers\u00e4tta de fossila br\u00e4nslena och \u00e4r mycket intresserade av Absolicons l\u00f6sningar.<\/span><\/p>\n<p style=\"margin-bottom: 11px;\"><span style=\"font-size: 11pt;\">Sammantaget har detta skapat ett stort och \u00f6kande infl\u00f6de av f\u00f6rfr\u00e5gningar som \u00f6verstiger f\u00f6rv\u00e4ntan. Absolicon genomf\u00f6r d\u00e4rf\u00f6r en f\u00f6retr\u00e4desemisson f\u00f6r att skala upp f\u00f6rs\u00e4ljningsorganisationen och projekteringskapaciteten samt f\u00f6r att m\u00f6ta en stor och v\u00e4xande efterfr\u00e5gan.<\/span><\/p>\n<p style=\"margin-bottom: 11px;\"><span style=\"font-size: 11pt;\">Absolicon har diskussioner med m\u00e5nga av v\u00e4rldens st\u00f6rsta multinationella bolag, bland annat 10 av de 20 st\u00f6rsta livsmedelsbolagen i v\u00e4rlden. F\u00f6rsta kvartalet 2021 skickade Absolicon 34 projektf\u00f6rslag vilket med dagens bemanning \u00e4r mer \u00e4n bolaget uth\u00e5lligt klarar.<\/span><\/p>\n<h3 style=\"margin-top: 3px;\"><strong><span style=\"font-size: 11pt;\"><span style=\"font-weight: normal;\">Anv\u00e4ndning av likviden<\/span><\/span><\/strong><\/h3>\n<p style=\"margin-bottom: 11px;\"><span style=\"font-size: 11pt;\">Absolicons s\u00e4ljer och levererar solf\u00e5ngarsystem f\u00f6r v\u00e4rme och \u00e5nga. F\u00f6r att skapa en snabb tillv\u00e4xt och h\u00f6g avkastning p\u00e5 kompetens och patentportf\u00f6lj har Absolicon fokuserat p\u00e5 att s\u00e4lja robotiserade produktionslinor f\u00f6r massproduktion av bolagets koncentrerande solf\u00e5ngare. Absolicons har redan levererat en produktionslina till Sichuanprovinsen.<\/span><\/p>\n<p style=\"margin-bottom: 11px;\"><span style=\"font-size: 11pt;\">Ut\u00f6ver att f\u00f6rst\u00e4rka organisationen f\u00f6r att klara det stora infl\u00f6det av f\u00f6rfr\u00e5gningar har Absolicon antagit en aff\u00e4rsplan med tre strategiska initiativ som skapar enklare, tydligare och snabbare s\u00e4tt f\u00f6r industrier och f\u00f6retag att g\u00e5 \u00f6ver till solv\u00e4rme. Initiativen \u00e4r 1) tydligare pris till slutkunder, 2) utveckling av v\u00e4rmek\u00f6psavtal och 3) snabbare leverans av pilotinstallationer.<\/span><\/p>\n<p style=\"margin-top: 16px; margin-bottom: 9px;\"><span style=\"font-size: 11pt;\">De tre strategiska initiativen skall tillsammans med f\u00f6rst\u00e4rkning av f\u00f6rs\u00e4ljningsavdelningen f\u00f6renkla etablering av produktionslinor genom att \u00f6ka antalet projekt med multinationella bolag och tillhandah\u00e5lla de verktyg som lokala partners beh\u00f6ver f\u00f6r att skapa ett konkurrenskraftigt och attraktivt erbjudande f\u00f6r solv\u00e4rme.<\/span><\/p>\n<h3 style=\"margin-top: 3px;\"><span style=\"font-size: 11pt;\"><span style=\"color: #1f3763;\"><span style=\"font-weight: normal;\"><strong>F\u00f6retr\u00e4desemissionen<\/strong><\/span><\/span><\/span><\/h3>\n<p style=\"margin-bottom: 11px;\"><span style=\"font-size: 11pt;\">F\u00f6retr\u00e4desemissionen kommer vid fullteckning tillf\u00f6ra 48,8 MSEK och med utnyttjande av \u00f6vertilldelningsemission 51,6 MSEK kronor f\u00f6re emissionskostnader som ber\u00e4knas till 1,4 MSEK. Nettolikviden med fulltecknad \u00f6vertilldelningsemission om 50,2 MSEK f\u00f6rv\u00e4ntas anv\u00e4ndas till:<\/span><\/p>\n<ul>\n<li style=\"font-size: 11pt; margin-left: 8px;\"><span style=\"font-size: 11pt;\">F\u00f6rs\u00e4ljning och marknadsf\u00f6ringskostnader \u2013 70%<\/span><\/li>\n<li style=\"font-size: 11pt; margin-left: 8px;\"><span style=\"font-size: 11pt;\">Utvalda investeringar i solv\u00e4rmeanl\u00e4ggningar \u2013 20%<\/span><\/li>\n<li style=\"font-size: 11pt; margin-bottom: 11px; margin-left: 8px;\"><span style=\"font-size: 11pt;\">Forskning &amp; utveckling \u2013 10%<\/span><\/li>\n<\/ul>\n<p style=\"margin-bottom: 11px;\"><span style=\"font-size: 11pt;\">Emissionslikviden skall anv\u00e4ndas till att f\u00f6rdjupa samarbetet med de multinationella bolag Absolicon idag f\u00f6rhandlar med och ge kapacitet att f\u00f6rhandla och utveckla projektf\u00f6rslag med fler. F\u00f6rhandlingarna \u00e4r tidskr\u00e4vande och ledtiderna f\u00f6r projekten ofta l\u00e5nga.<\/span><\/p>\n<p style=\"margin-bottom: 11px;\"><span style=\"font-size: 11pt;\">M\u00e5nga av de multinationella bolagen i pipeline har fler \u00e4n 100 fabriker runt om i v\u00e4rlden. F\u00f6rs\u00e4ljningsarbetet f\u00f6rv\u00e4ntas resultera i solf\u00e5ngarbest\u00e4llningar i m\u00e5nga olika l\u00e4nder. Dessa solf\u00e5ngare ska levereras av partners som f\u00f6rv\u00e4rvar en regional produktionslina och r\u00e5material till solf\u00e5ngare av Absolicon.<\/span><\/p>\n<p style=\"margin-bottom: 11px;\"><span style=\"font-size: 11pt;\">Emissionen kompletterar p\u00e5g\u00e5ende, redan finansierade, projekt genom att ytterligare h\u00f6ja intensiteten i f\u00f6rs\u00e4ljningsarbetet och knyta \u00e4nnu fler kunder till Absolicon vilket kommer h\u00f6ja v\u00e4rdet p\u00e5 bolaget.<\/span><\/p>\n<h3 style=\"margin-bottom: 11px;\"><span style=\"font-size: 11pt;\"><strong>Emissionsvillkor<\/strong><\/span><\/h3>\n<p style=\"margin-bottom: 11px;\"><span style=\"font-size: 11pt;\">Absolicons styrelse har den 26 april 2021 i enlighet med bemyndigande registrerat 16 juni 2020 fattat beslut om f\u00f6retr\u00e4desemission.<\/span><\/p>\n<p style=\"margin-bottom: 11px;\"><span style=\"font-size: 11pt;\">F\u00f6r varje innehavd aktie p\u00e5 avst\u00e4mningsdagen erh\u00e5lls tv\u00e5 teckningsr\u00e4tter. Nio teckningsr\u00e4tter ger r\u00e4tt att k\u00f6pa en (1) ny aktie till teckningskursen 110 kr. Teckningsperioden l\u00f6per fr\u00e5n den 6 maj 2021 till 27 maj 2021.<\/span><\/p>\n<p style=\"margin-bottom: 11px;\"><span style=\"font-size: 11pt;\">Avst\u00e4mningsdagen infaller den 4 maj 2021. Sista dag f\u00f6r handel med aktien inklusive teckningsr\u00e4tter \u00e4r den 30 april 2021. F\u00f6rsta dagen f\u00f6r handel exklusive r\u00e4tter \u00e4r den 3 maj 2021.<\/span><\/p>\n<p style=\"margin-bottom: 11px;\"><span style=\"font-size: 11pt;\">Emissionen omfattar h\u00f6gst 444 144 aktier, varvid antalet aktier \u00f6kar fr\u00e5n 1\u00a0998 650 aktier till 2\u00a0442 794 st. Aktiekapitalet \u00f6kar vid full teckning med 1\u00a0998 650 kr till 2\u00a0442 794 kr.<\/span><\/p>\n<p style=\"margin-bottom: 11px;\"><span style=\"font-size: 11pt;\">I h\u00e4ndelse av \u00f6verteckning kan styrelsen besluta att emittera ytterligare h\u00f6gst 25 000 aktier till samma kurs och med avsteg fr\u00e5n f\u00f6retr\u00e4desr\u00e4tten.<\/span><\/p>\n<h3 style=\"margin-bottom: 11px;\"><span style=\"font-size: 11pt;\"><strong>Indikativ tidsplan f\u00f6r F\u00f6retr\u00e4desemissionen &#8211; <a href=\"https:\/\/www.agma.com\/sv\/rattelse-sista-dag-for-handel-med-teckningsratter-ar-24-maj\/\">Korrigerad enligt r\u00e4ttelse 29 april 2021<\/a><\/strong><\/span><\/h3>\n<ul>\n<li>30 april 2021 \u2013 Sista handelsdag inklusive r\u00e4tt att erh\u00e5lla teckningsr\u00e4tter<\/li>\n<li>3 maj 2021 \u2013 F\u00f6rsta handelsdag exklusive r\u00e4tt att erh\u00e5lla teckningsr\u00e4tter<\/li>\n<li>4 maj 2021 \u2013 Avst\u00e4mningsdag f\u00f6r deltagande i F\u00f6retr\u00e4desemissionen<\/li>\n<li>5 maj 2021 \u2013 Ber\u00e4knad dag f\u00f6r offentligg\u00f6randet av Prospektet<\/li>\n<li>6 maj \u2013 24 maj 2021 \u2013 Handel med teckningsr\u00e4tter p\u00e5 Spotlight Stock Market<\/li>\n<li>6 maj \u2013 27 maj 2021 \u2013 Teckningsperiod<\/li>\n<li>Vecka 24 \u2013 Offentligg\u00f6rande av utfall i F\u00f6retr\u00e4desemissionen<\/li>\n<\/ul>\n<h3 style=\"margin-bottom: 11px;\"><span style=\"font-size: 11pt;\"><strong>Tilldelningsprinciper<\/strong><\/span><\/h3>\n<p style=\"margin-bottom: 11px;\"><span style=\"font-size: 11pt;\">Aktier tilldelas f\u00f6rst till de som tecknat aktier med st\u00f6d i teckningsr\u00e4tter. D\u00e4refter skall styrelsen besluta om tilldelning av aktier till tecknare som tecknat aktier utan st\u00f6d i teckningsr\u00e4tter samt av f\u00f6rdelning av aktier i eventuell \u00f6vertilldelningsemission.<\/span><\/p>\n<p style=\"margin-bottom: 11px;\"><span style=\"font-size: 11pt;\">I f\u00f6rsta hand tilldelas d\u00e5 aktier i f\u00f6rh\u00e5llande till det antal aktier som innehades p\u00e5 avst\u00e4mningsdagen och om det inte kan ske, genom lottning. D\u00e4refter beaktas att s\u00e5 m\u00e5nga tecknare som m\u00f6jligt skall f\u00e5 minst 20 aktier. Slutligen f\u00f6rdelas aktier till tecknare som ej var aktie\u00e4gare p\u00e5 avst\u00e4mningsdagen, d\u00e5 i f\u00f6rh\u00e5llande till antalet tecknade aktier.<\/span><\/p>\n<h3 style=\"margin-bottom: 11px;\"><span style=\"font-size: 11pt;\"><strong>Utf\u00e4stelse om ytterligare tilldelning<\/strong><\/span><\/h3>\n<p style=\"margin-bottom: 11px;\"><span style=\"font-size: 11pt;\">Skulle s\u00e5v\u00e4l f\u00f6retr\u00e4desemissionen som \u00f6vertilldelningsemissionen \u00f6vertecknas har huvud\u00e4garen Joakim Bystr\u00f6m, genom sitt bolag Eniara AB, meddelat styrelsen sin avsikt att avyttra h\u00f6gst 25 000 sedan tidigare innehavda aktier, till samma teckningskurs som i nyemissionen, att f\u00f6rdelas i poster om l\u00e4gst 20 aktier. Utf\u00e4stelsen sker i syfte att ut\u00f6ka antalet aktie\u00e4gare i Absolicon och aktierna f\u00f6rdelas efter samma princip som f\u00f6r \u00f6vertilldelningsemissionen.<\/span><\/p>\n<h3 style=\"margin-bottom: 11px;\"><span style=\"font-size: 11pt;\"><strong>Betalning av aktier<\/strong><\/span><\/h3>\n<p style=\"margin-bottom: 11px;\"><span style=\"font-size: 11pt;\">Betalning av aktier tecknade med f\u00f6retr\u00e4de skall ske genom samtidig betalning. Betalning av aktier tecknade utan f\u00f6retr\u00e4desr\u00e4tt skall ske senast tre bankdagar efter utf\u00e4rdande av avr\u00e4kningsnota.<\/span><\/p>\n<p style=\"margin-bottom: 11px;\"><span style=\"font-size: 11pt;\">Styrelsen i Bolaget \u00e4ger r\u00e4tt att f\u00f6rl\u00e4nga tecknings- och betaltiden.<\/span><\/p>\n<p style=\"margin-bottom: 11px;\"><span style=\"font-size: 11pt;\">De nya aktierna medf\u00f6r r\u00e4tt till vinstutdelning f\u00f6rsta g\u00e5ngen p\u00e5 den avst\u00e4mningsdag f\u00f6r utdelning som infaller n\u00e4rmast efter det att nyemissionen har registrerats hos Bolagsverket och aktierna inf\u00f6rts i aktieboken hos Euroclear Sweden AB.<\/span><\/p>\n<p style=\"margin-bottom: 11px;\"><span style=\"font-size: 11pt;\">Hagberg &amp; Aneborn \u00e4r emissionsinstitut. Emissionen genomf\u00f6rs utan garanti\u00e5taganden eller teckningsf\u00f6rbindelser.<\/span><\/p>\n<h3 style=\"margin-bottom: 11px;\"><span style=\"font-size: 11pt;\"><strong>Utbildning och marknadsf\u00f6ring under emissionsperioden<\/strong><\/span><\/h3>\n<p style=\"margin-bottom: 11px;\"><span style=\"font-size: 11pt;\">Under maj g\u00f6r Absolicon en st\u00f6rre informationsinsats f\u00f6r emissionen och f\u00f6r att ber\u00e4tta f\u00f6r fler att \u201dHeat is half\u201d, det vill s\u00e4ga att elektricitet bara \u00e4r 20% av energif\u00f6rs\u00f6rjningen, transporter \u00e4r 30% och v\u00e4rme \u00e4r st\u00e5r f\u00f6r hela 50%. Om vi inte l\u00f6ser v\u00e4rmef\u00f6rs\u00f6rjningen i industrier och st\u00e4der med f\u00f6rnyelsebar energi kommer vi inte klara klimatutmaningen.<\/span><\/p>\n<p style=\"margin-bottom: 11px;\"><span style=\"font-size: 11pt;\">Budskapet kommer i Absolicons eget magasin som kommer ut f\u00f6r sjunde \u00e5ret och trycks i 77\u00a0000 exemplar. Magasinet g\u00e5r till alla aktie\u00e4gare, men skickas \u00e4ven ut med majnumret av Aktiespararen och finns i Placeringsguiden.<\/span><\/p>\n<p style=\"margin-bottom: 11px;\"><span style=\"font-size: 11pt;\">I samarbete med Aktiespararna blir det ocks\u00e5 presentationer p\u00e5 Aktiedagarna den 4 och 17 maj, en podd, e-post utskick samt materiel p\u00e5 Aktiespararnas webbplats.<\/span><\/p>\n<p style=\"margin-bottom: 11px;\"><span style=\"font-size: 11pt;\">Vi kommer ocks\u00e5 annonsera v\u00e5rt budskap med helsidor i svensk dagspress, p\u00e5 sociala medier och som reklamfilmer p\u00e5 YouTube.<\/span><\/p>\n<p style=\"margin-bottom: 11px;\"><span style=\"font-size: 11pt;\">Kampanjens final kommer p\u00e5 Absolicondagen den 20 maj som i \u00e5r blir digital. Vi kan inte som vanliga \u00e5r bjuda p\u00e5 mat, men hoppas n\u00e5 fler \u00e4n n\u00e5gonsin.<\/span><\/p>\n<p>\u00a0<\/p>\n<p>Informationen \u00e4r s\u00e5dan som Absolicon \u00e4r skyldigt att offentligg\u00f6ra enligt EU:s marknadsmissbruksf\u00f6rordning (EU nr 596\/2014) samt lag (2007:528) om v\u00e4rdepappersmarknaden. Informationen l\u00e4mnades, genom angiven kontaktpersons f\u00f6rsorg, f\u00f6r offentligg\u00f6rande 2021-04-27 14:47 CET.<\/p>\n\n\n<p><a href=\"https:\/\/www.agma.com\/sv\/investor\/foretradesemission-maj-2021\/\">Mer om f\u00f6retr\u00e4desemission i Absolicon 2021 &gt;&gt;<\/a><\/p>\n","protected":false},"excerpt":{"rendered":"<p>Absolicons styrelse har beslutat om en f\u00f6retr\u00e4desemission om ca 50 MSEK f\u00f6r att f\u00f6rst\u00e4rka f\u00f6rs\u00e4ljningsarbetet och genomf\u00f6ra tre strategiska initiativ i syfte att f\u00f6rverkliga fler kundprojekt, h\u00f6ja projekttakten och bef\u00e4sta sin ledande position inom industriell solv\u00e4rme hos v\u00e4rldens st\u00f6rsta multinationella bolag. F\u00f6r varje innehavd aktie p\u00e5 avst\u00e4mningsdagen erh\u00e5lls tv\u00e5 teckningsr\u00e4tter. Nio teckningsr\u00e4tter ger r\u00e4tt att [&hellip;]<\/p>\n","protected":false},"author":1,"featured_media":0,"comment_status":"open","ping_status":"open","sticky":false,"template":"","format":"standard","meta":{"_acf_changed":false,"footnotes":""},"categories":[23],"tags":[],"class_list":["post-11869","post","type-post","status-publish","format-standard","hentry","category-pressrelease"],"acf":[],"yoast_head":"<!-- This site is optimized with the Yoast SEO plugin v27.4 - https:\/\/yoast.com\/product\/yoast-seo-wordpress\/ -->\n<title>Stor efterfr\u00e5gan p\u00e5 solv\u00e4rme: Absolicon v\u00e4ljer genomf\u00f6ra f\u00f6retr\u00e4desemission f\u00f6r att f\u00f6rverkliga fler kundprojekt och h\u00f6ja projekttakten - Absolicon<\/title>\n<meta name=\"robots\" content=\"index, follow, max-snippet:-1, max-image-preview:large, max-video-preview:-1\" \/>\n<link rel=\"canonical\" href=\"https:\/\/www.agma.com\/sv\/stor-efterfragan-pa-solvarme-absolicon-valjer-genomfora-foretradesemission-for-att-forverkliga-fler-kundprojekt-och-hoja-projekttakten\/\" \/>\n<meta property=\"og:locale\" content=\"sv_SE\" \/>\n<meta property=\"og:type\" content=\"article\" \/>\n<meta property=\"og:title\" content=\"Stor efterfr\u00e5gan p\u00e5 solv\u00e4rme: Absolicon v\u00e4ljer genomf\u00f6ra f\u00f6retr\u00e4desemission f\u00f6r att f\u00f6rverkliga fler kundprojekt och h\u00f6ja projekttakten - Absolicon\" \/>\n<meta property=\"og:description\" content=\"Absolicons styrelse har beslutat om en f\u00f6retr\u00e4desemission om ca 50 MSEK f\u00f6r att f\u00f6rst\u00e4rka f\u00f6rs\u00e4ljningsarbetet och genomf\u00f6ra tre strategiska initiativ i syfte att f\u00f6rverkliga fler kundprojekt, h\u00f6ja projekttakten och bef\u00e4sta sin ledande position inom industriell solv\u00e4rme hos v\u00e4rldens st\u00f6rsta multinationella bolag. F\u00f6r varje innehavd aktie p\u00e5 avst\u00e4mningsdagen erh\u00e5lls tv\u00e5 teckningsr\u00e4tter. Nio teckningsr\u00e4tter ger r\u00e4tt att [&hellip;]\" \/>\n<meta property=\"og:url\" content=\"https:\/\/www.agma.com\/sv\/stor-efterfragan-pa-solvarme-absolicon-valjer-genomfora-foretradesemission-for-att-forverkliga-fler-kundprojekt-och-hoja-projekttakten\/\" \/>\n<meta property=\"og:site_name\" content=\"Absolicon\" \/>\n<meta property=\"article:published_time\" content=\"2021-04-27T12:47:34+00:00\" \/>\n<meta property=\"article:modified_time\" content=\"2021-04-29T10:13:25+00:00\" \/>\n<meta name=\"author\" content=\"jakubschenk\" \/>\n<meta name=\"twitter:card\" content=\"summary_large_image\" \/>\n<meta name=\"twitter:label1\" content=\"Skriven av\" \/>\n\t<meta name=\"twitter:data1\" content=\"jakubschenk\" \/>\n<script type=\"application\/ld+json\" class=\"yoast-schema-graph\">{\"@context\":\"https:\\\/\\\/schema.org\",\"@graph\":[{\"@type\":\"Article\",\"@id\":\"https:\\\/\\\/www.agma.com\\\/sv\\\/stor-efterfragan-pa-solvarme-absolicon-valjer-genomfora-foretradesemission-for-att-forverkliga-fler-kundprojekt-och-hoja-projekttakten\\\/#article\",\"isPartOf\":{\"@id\":\"https:\\\/\\\/www.agma.com\\\/sv\\\/stor-efterfragan-pa-solvarme-absolicon-valjer-genomfora-foretradesemission-for-att-forverkliga-fler-kundprojekt-och-hoja-projekttakten\\\/\"},\"author\":{\"name\":\"jakubschenk\",\"@id\":\"https:\\\/\\\/www.agma.com\\\/sv\\\/#\\\/schema\\\/person\\\/6820b3ce1cc37edbaecc979090760d8b\"},\"headline\":\"Stor efterfr\u00e5gan p\u00e5 solv\u00e4rme: Absolicon v\u00e4ljer genomf\u00f6ra f\u00f6retr\u00e4desemission f\u00f6r att f\u00f6rverkliga fler kundprojekt och h\u00f6ja projekttakten\",\"datePublished\":\"2021-04-27T12:47:34+00:00\",\"dateModified\":\"2021-04-29T10:13:25+00:00\",\"mainEntityOfPage\":{\"@id\":\"https:\\\/\\\/www.agma.com\\\/sv\\\/stor-efterfragan-pa-solvarme-absolicon-valjer-genomfora-foretradesemission-for-att-forverkliga-fler-kundprojekt-och-hoja-projekttakten\\\/\"},\"wordCount\":1532,\"commentCount\":0,\"publisher\":{\"@id\":\"https:\\\/\\\/www.agma.com\\\/sv\\\/#organization\"},\"articleSection\":[\"Pressrelease\"],\"inLanguage\":\"sv-SE\",\"potentialAction\":[{\"@type\":\"CommentAction\",\"name\":\"Comment\",\"target\":[\"https:\\\/\\\/www.agma.com\\\/sv\\\/stor-efterfragan-pa-solvarme-absolicon-valjer-genomfora-foretradesemission-for-att-forverkliga-fler-kundprojekt-och-hoja-projekttakten\\\/#respond\"]}]},{\"@type\":\"WebPage\",\"@id\":\"https:\\\/\\\/www.agma.com\\\/sv\\\/stor-efterfragan-pa-solvarme-absolicon-valjer-genomfora-foretradesemission-for-att-forverkliga-fler-kundprojekt-och-hoja-projekttakten\\\/\",\"url\":\"https:\\\/\\\/www.agma.com\\\/sv\\\/stor-efterfragan-pa-solvarme-absolicon-valjer-genomfora-foretradesemission-for-att-forverkliga-fler-kundprojekt-och-hoja-projekttakten\\\/\",\"name\":\"Stor efterfr\u00e5gan p\u00e5 solv\u00e4rme: Absolicon v\u00e4ljer genomf\u00f6ra f\u00f6retr\u00e4desemission f\u00f6r att f\u00f6rverkliga fler kundprojekt och h\u00f6ja projekttakten - Absolicon\",\"isPartOf\":{\"@id\":\"https:\\\/\\\/www.agma.com\\\/sv\\\/#website\"},\"datePublished\":\"2021-04-27T12:47:34+00:00\",\"dateModified\":\"2021-04-29T10:13:25+00:00\",\"breadcrumb\":{\"@id\":\"https:\\\/\\\/www.agma.com\\\/sv\\\/stor-efterfragan-pa-solvarme-absolicon-valjer-genomfora-foretradesemission-for-att-forverkliga-fler-kundprojekt-och-hoja-projekttakten\\\/#breadcrumb\"},\"inLanguage\":\"sv-SE\",\"potentialAction\":[{\"@type\":\"ReadAction\",\"target\":[\"https:\\\/\\\/www.agma.com\\\/sv\\\/stor-efterfragan-pa-solvarme-absolicon-valjer-genomfora-foretradesemission-for-att-forverkliga-fler-kundprojekt-och-hoja-projekttakten\\\/\"]}]},{\"@type\":\"BreadcrumbList\",\"@id\":\"https:\\\/\\\/www.agma.com\\\/sv\\\/stor-efterfragan-pa-solvarme-absolicon-valjer-genomfora-foretradesemission-for-att-forverkliga-fler-kundprojekt-och-hoja-projekttakten\\\/#breadcrumb\",\"itemListElement\":[{\"@type\":\"ListItem\",\"position\":1,\"name\":\"Home\",\"item\":\"https:\\\/\\\/www.agma.com\\\/sv\\\/\"},{\"@type\":\"ListItem\",\"position\":2,\"name\":\"Stor efterfr\u00e5gan p\u00e5 solv\u00e4rme: Absolicon v\u00e4ljer genomf\u00f6ra f\u00f6retr\u00e4desemission f\u00f6r att f\u00f6rverkliga fler kundprojekt och h\u00f6ja projekttakten\"}]},{\"@type\":\"WebSite\",\"@id\":\"https:\\\/\\\/www.agma.com\\\/sv\\\/#website\",\"url\":\"https:\\\/\\\/www.agma.com\\\/sv\\\/\",\"name\":\"Absolicon\",\"description\":\"\",\"publisher\":{\"@id\":\"https:\\\/\\\/www.agma.com\\\/sv\\\/#organization\"},\"potentialAction\":[{\"@type\":\"SearchAction\",\"target\":{\"@type\":\"EntryPoint\",\"urlTemplate\":\"https:\\\/\\\/www.agma.com\\\/sv\\\/?s={search_term_string}\"},\"query-input\":{\"@type\":\"PropertyValueSpecification\",\"valueRequired\":true,\"valueName\":\"search_term_string\"}}],\"inLanguage\":\"sv-SE\"},{\"@type\":\"Organization\",\"@id\":\"https:\\\/\\\/www.agma.com\\\/sv\\\/#organization\",\"name\":\"Absolicon\",\"url\":\"https:\\\/\\\/www.agma.com\\\/sv\\\/\",\"logo\":{\"@type\":\"ImageObject\",\"inLanguage\":\"sv-SE\",\"@id\":\"https:\\\/\\\/www.agma.com\\\/sv\\\/#\\\/schema\\\/logo\\\/image\\\/\",\"url\":\"https:\\\/\\\/www.agma.com\\\/wp-content\\\/uploads\\\/2026\\\/04\\\/logotype_neg_blk.svg\",\"contentUrl\":\"https:\\\/\\\/www.agma.com\\\/wp-content\\\/uploads\\\/2026\\\/04\\\/logotype_neg_blk.svg\",\"width\":705,\"height\":83,\"caption\":\"Absolicon\"},\"image\":{\"@id\":\"https:\\\/\\\/www.agma.com\\\/sv\\\/#\\\/schema\\\/logo\\\/image\\\/\"}},{\"@type\":\"Person\",\"@id\":\"https:\\\/\\\/www.agma.com\\\/sv\\\/#\\\/schema\\\/person\\\/6820b3ce1cc37edbaecc979090760d8b\",\"name\":\"jakubschenk\",\"image\":{\"@type\":\"ImageObject\",\"inLanguage\":\"sv-SE\",\"@id\":\"https:\\\/\\\/secure.gravatar.com\\\/avatar\\\/0ab843002d4a58702560e02354e5f9a3206e13bbfaa9df5a188e463870f605cd?s=96&d=mm&r=g\",\"url\":\"https:\\\/\\\/secure.gravatar.com\\\/avatar\\\/0ab843002d4a58702560e02354e5f9a3206e13bbfaa9df5a188e463870f605cd?s=96&d=mm&r=g\",\"contentUrl\":\"https:\\\/\\\/secure.gravatar.com\\\/avatar\\\/0ab843002d4a58702560e02354e5f9a3206e13bbfaa9df5a188e463870f605cd?s=96&d=mm&r=g\",\"caption\":\"jakubschenk\"},\"sameAs\":[\"https:\\\/\\\/www.agma.com\"],\"url\":\"https:\\\/\\\/www.agma.com\\\/sv\\\/author\\\/jakubschenk\\\/\"}]}<\/script>\n<!-- \/ Yoast SEO plugin. -->","yoast_head_json":{"title":"Stor efterfr\u00e5gan p\u00e5 solv\u00e4rme: Absolicon v\u00e4ljer genomf\u00f6ra f\u00f6retr\u00e4desemission f\u00f6r att f\u00f6rverkliga fler kundprojekt och h\u00f6ja projekttakten - Absolicon","robots":{"index":"index","follow":"follow","max-snippet":"max-snippet:-1","max-image-preview":"max-image-preview:large","max-video-preview":"max-video-preview:-1"},"canonical":"https:\/\/www.agma.com\/sv\/stor-efterfragan-pa-solvarme-absolicon-valjer-genomfora-foretradesemission-for-att-forverkliga-fler-kundprojekt-och-hoja-projekttakten\/","og_locale":"sv_SE","og_type":"article","og_title":"Stor efterfr\u00e5gan p\u00e5 solv\u00e4rme: Absolicon v\u00e4ljer genomf\u00f6ra f\u00f6retr\u00e4desemission f\u00f6r att f\u00f6rverkliga fler kundprojekt och h\u00f6ja projekttakten - Absolicon","og_description":"Absolicons styrelse har beslutat om en f\u00f6retr\u00e4desemission om ca 50 MSEK f\u00f6r att f\u00f6rst\u00e4rka f\u00f6rs\u00e4ljningsarbetet och genomf\u00f6ra tre strategiska initiativ i syfte att f\u00f6rverkliga fler kundprojekt, h\u00f6ja projekttakten och bef\u00e4sta sin ledande position inom industriell solv\u00e4rme hos v\u00e4rldens st\u00f6rsta multinationella bolag. F\u00f6r varje innehavd aktie p\u00e5 avst\u00e4mningsdagen erh\u00e5lls tv\u00e5 teckningsr\u00e4tter. Nio teckningsr\u00e4tter ger r\u00e4tt att [&hellip;]","og_url":"https:\/\/www.agma.com\/sv\/stor-efterfragan-pa-solvarme-absolicon-valjer-genomfora-foretradesemission-for-att-forverkliga-fler-kundprojekt-och-hoja-projekttakten\/","og_site_name":"Absolicon","article_published_time":"2021-04-27T12:47:34+00:00","article_modified_time":"2021-04-29T10:13:25+00:00","author":"jakubschenk","twitter_card":"summary_large_image","twitter_misc":{"Skriven av":"jakubschenk"},"schema":{"@context":"https:\/\/schema.org","@graph":[{"@type":"Article","@id":"https:\/\/www.agma.com\/sv\/stor-efterfragan-pa-solvarme-absolicon-valjer-genomfora-foretradesemission-for-att-forverkliga-fler-kundprojekt-och-hoja-projekttakten\/#article","isPartOf":{"@id":"https:\/\/www.agma.com\/sv\/stor-efterfragan-pa-solvarme-absolicon-valjer-genomfora-foretradesemission-for-att-forverkliga-fler-kundprojekt-och-hoja-projekttakten\/"},"author":{"name":"jakubschenk","@id":"https:\/\/www.agma.com\/sv\/#\/schema\/person\/6820b3ce1cc37edbaecc979090760d8b"},"headline":"Stor efterfr\u00e5gan p\u00e5 solv\u00e4rme: Absolicon v\u00e4ljer genomf\u00f6ra f\u00f6retr\u00e4desemission f\u00f6r att f\u00f6rverkliga fler kundprojekt och h\u00f6ja projekttakten","datePublished":"2021-04-27T12:47:34+00:00","dateModified":"2021-04-29T10:13:25+00:00","mainEntityOfPage":{"@id":"https:\/\/www.agma.com\/sv\/stor-efterfragan-pa-solvarme-absolicon-valjer-genomfora-foretradesemission-for-att-forverkliga-fler-kundprojekt-och-hoja-projekttakten\/"},"wordCount":1532,"commentCount":0,"publisher":{"@id":"https:\/\/www.agma.com\/sv\/#organization"},"articleSection":["Pressrelease"],"inLanguage":"sv-SE","potentialAction":[{"@type":"CommentAction","name":"Comment","target":["https:\/\/www.agma.com\/sv\/stor-efterfragan-pa-solvarme-absolicon-valjer-genomfora-foretradesemission-for-att-forverkliga-fler-kundprojekt-och-hoja-projekttakten\/#respond"]}]},{"@type":"WebPage","@id":"https:\/\/www.agma.com\/sv\/stor-efterfragan-pa-solvarme-absolicon-valjer-genomfora-foretradesemission-for-att-forverkliga-fler-kundprojekt-och-hoja-projekttakten\/","url":"https:\/\/www.agma.com\/sv\/stor-efterfragan-pa-solvarme-absolicon-valjer-genomfora-foretradesemission-for-att-forverkliga-fler-kundprojekt-och-hoja-projekttakten\/","name":"Stor efterfr\u00e5gan p\u00e5 solv\u00e4rme: Absolicon v\u00e4ljer genomf\u00f6ra f\u00f6retr\u00e4desemission f\u00f6r att f\u00f6rverkliga fler kundprojekt och h\u00f6ja projekttakten - Absolicon","isPartOf":{"@id":"https:\/\/www.agma.com\/sv\/#website"},"datePublished":"2021-04-27T12:47:34+00:00","dateModified":"2021-04-29T10:13:25+00:00","breadcrumb":{"@id":"https:\/\/www.agma.com\/sv\/stor-efterfragan-pa-solvarme-absolicon-valjer-genomfora-foretradesemission-for-att-forverkliga-fler-kundprojekt-och-hoja-projekttakten\/#breadcrumb"},"inLanguage":"sv-SE","potentialAction":[{"@type":"ReadAction","target":["https:\/\/www.agma.com\/sv\/stor-efterfragan-pa-solvarme-absolicon-valjer-genomfora-foretradesemission-for-att-forverkliga-fler-kundprojekt-och-hoja-projekttakten\/"]}]},{"@type":"BreadcrumbList","@id":"https:\/\/www.agma.com\/sv\/stor-efterfragan-pa-solvarme-absolicon-valjer-genomfora-foretradesemission-for-att-forverkliga-fler-kundprojekt-och-hoja-projekttakten\/#breadcrumb","itemListElement":[{"@type":"ListItem","position":1,"name":"Home","item":"https:\/\/www.agma.com\/sv\/"},{"@type":"ListItem","position":2,"name":"Stor efterfr\u00e5gan p\u00e5 solv\u00e4rme: Absolicon v\u00e4ljer genomf\u00f6ra f\u00f6retr\u00e4desemission f\u00f6r att f\u00f6rverkliga fler kundprojekt och h\u00f6ja projekttakten"}]},{"@type":"WebSite","@id":"https:\/\/www.agma.com\/sv\/#website","url":"https:\/\/www.agma.com\/sv\/","name":"Absolicon","description":"","publisher":{"@id":"https:\/\/www.agma.com\/sv\/#organization"},"potentialAction":[{"@type":"SearchAction","target":{"@type":"EntryPoint","urlTemplate":"https:\/\/www.agma.com\/sv\/?s={search_term_string}"},"query-input":{"@type":"PropertyValueSpecification","valueRequired":true,"valueName":"search_term_string"}}],"inLanguage":"sv-SE"},{"@type":"Organization","@id":"https:\/\/www.agma.com\/sv\/#organization","name":"Absolicon","url":"https:\/\/www.agma.com\/sv\/","logo":{"@type":"ImageObject","inLanguage":"sv-SE","@id":"https:\/\/www.agma.com\/sv\/#\/schema\/logo\/image\/","url":"https:\/\/www.agma.com\/wp-content\/uploads\/2026\/04\/logotype_neg_blk.svg","contentUrl":"https:\/\/www.agma.com\/wp-content\/uploads\/2026\/04\/logotype_neg_blk.svg","width":705,"height":83,"caption":"Absolicon"},"image":{"@id":"https:\/\/www.agma.com\/sv\/#\/schema\/logo\/image\/"}},{"@type":"Person","@id":"https:\/\/www.agma.com\/sv\/#\/schema\/person\/6820b3ce1cc37edbaecc979090760d8b","name":"jakubschenk","image":{"@type":"ImageObject","inLanguage":"sv-SE","@id":"https:\/\/secure.gravatar.com\/avatar\/0ab843002d4a58702560e02354e5f9a3206e13bbfaa9df5a188e463870f605cd?s=96&d=mm&r=g","url":"https:\/\/secure.gravatar.com\/avatar\/0ab843002d4a58702560e02354e5f9a3206e13bbfaa9df5a188e463870f605cd?s=96&d=mm&r=g","contentUrl":"https:\/\/secure.gravatar.com\/avatar\/0ab843002d4a58702560e02354e5f9a3206e13bbfaa9df5a188e463870f605cd?s=96&d=mm&r=g","caption":"jakubschenk"},"sameAs":["https:\/\/www.agma.com"],"url":"https:\/\/www.agma.com\/sv\/author\/jakubschenk\/"}]}},"_links":{"self":[{"href":"https:\/\/www.agma.com\/sv\/wp-json\/wp\/v2\/posts\/11869","targetHints":{"allow":["GET"]}}],"collection":[{"href":"https:\/\/www.agma.com\/sv\/wp-json\/wp\/v2\/posts"}],"about":[{"href":"https:\/\/www.agma.com\/sv\/wp-json\/wp\/v2\/types\/post"}],"author":[{"embeddable":true,"href":"https:\/\/www.agma.com\/sv\/wp-json\/wp\/v2\/users\/1"}],"replies":[{"embeddable":true,"href":"https:\/\/www.agma.com\/sv\/wp-json\/wp\/v2\/comments?post=11869"}],"version-history":[{"count":2,"href":"https:\/\/www.agma.com\/sv\/wp-json\/wp\/v2\/posts\/11869\/revisions"}],"predecessor-version":[{"id":11904,"href":"https:\/\/www.agma.com\/sv\/wp-json\/wp\/v2\/posts\/11869\/revisions\/11904"}],"wp:attachment":[{"href":"https:\/\/www.agma.com\/sv\/wp-json\/wp\/v2\/media?parent=11869"}],"wp:term":[{"taxonomy":"category","embeddable":true,"href":"https:\/\/www.agma.com\/sv\/wp-json\/wp\/v2\/categories?post=11869"},{"taxonomy":"post_tag","embeddable":true,"href":"https:\/\/www.agma.com\/sv\/wp-json\/wp\/v2\/tags?post=11869"}],"curies":[{"name":"wp","href":"https:\/\/api.w.org\/{rel}","templated":true}]}}