{"id":11925,"date":"2021-05-05T13:41:52","date_gmt":"2021-05-05T13:41:52","guid":{"rendered":"https:\/\/www.absolicon.com\/?p=11925"},"modified":"2021-05-05T13:41:53","modified_gmt":"2021-05-05T13:41:53","slug":"absolicon-pa-aktiedagen-stockholm-4-maj","status":"publish","type":"post","link":"https:\/\/www.agma.com\/sv\/absolicon-pa-aktiedagen-stockholm-4-maj\/","title":{"rendered":"Absolicon p\u00e5 Aktiedagen Stockholm 4 maj"},"content":{"rendered":"\n<p>F\u00f6r ett \u00e5r sedan b\u00f6rjade Absolicons st\u00f6rsta marknads- och f\u00f6rs\u00e4ljningssatsning n\u00e5gonsin med en global kampanj f\u00f6r solv\u00e4rme och riktade marknadsaktiviteter. Marknaden har svarat bra \u2013 bolaget har sedan 2020 \u00e5rs start g\u00e5tt fr\u00e5n tv\u00e5 tecknade ramavtal till 14 ramavtal med partners \u00f6ver hela v\u00e4rlden. Satsningen har ocks\u00e5 resulterat i hundratals f\u00f6rfr\u00e5gningar fr\u00e5n industrier intresserade av bolagets solf\u00e5ngare vilket f\u00f6rsta kvartalet 2021 resulterade i 34 projektf\u00f6rslag om stora solf\u00e5ngarinstallationer.<\/p>\n\n\n\n<p><a href=\"https:\/\/www.youtube.com\/watch?v=_mT6mFFkd-I\">Se hela presentationen >><\/a><\/p>\n\n\n\n<p><a href=\"https:\/\/www.agma.com\/sv\/investor\/foretradesemission-maj-2021\/\">Absolicon F\u00f6retr\u00e4desemission 2021 >><\/a><\/p>\n","protected":false},"excerpt":{"rendered":"<p>F\u00f6r ett \u00e5r sedan b\u00f6rjade Absolicons st\u00f6rsta marknads- och f\u00f6rs\u00e4ljningssatsning n\u00e5gonsin med en global kampanj f\u00f6r solv\u00e4rme och riktade marknadsaktiviteter. Marknaden har svarat bra \u2013 bolaget har sedan 2020 \u00e5rs start g\u00e5tt fr\u00e5n tv\u00e5 tecknade ramavtal till 14 ramavtal med partners \u00f6ver hela v\u00e4rlden. Satsningen har ocks\u00e5 resulterat i hundratals f\u00f6rfr\u00e5gningar fr\u00e5n industrier intresserade av [&hellip;]<\/p>\n","protected":false},"author":2,"featured_media":10016,"comment_status":"open","ping_status":"open","sticky":false,"template":"","format":"standard","meta":{"_acf_changed":false,"footnotes":""},"categories":[2],"tags":[],"class_list":["post-11925","post","type-post","status-publish","format-standard","has-post-thumbnail","hentry","category-okategoriserad"],"acf":[],"yoast_head":"<!-- This site is optimized with the Yoast SEO plugin v27.4 - https:\/\/yoast.com\/product\/yoast-seo-wordpress\/ -->\n<title>Absolicon p\u00e5 Aktiedagen Stockholm 4 maj - Absolicon<\/title>\n<meta name=\"robots\" content=\"index, follow, max-snippet:-1, max-image-preview:large, max-video-preview:-1\" \/>\n<link rel=\"canonical\" href=\"https:\/\/www.agma.com\/sv\/absolicon-pa-aktiedagen-stockholm-4-maj\/\" \/>\n<meta property=\"og:locale\" content=\"sv_SE\" \/>\n<meta property=\"og:type\" content=\"article\" \/>\n<meta property=\"og:title\" content=\"Absolicon p\u00e5 Aktiedagen Stockholm 4 maj - Absolicon\" \/>\n<meta property=\"og:description\" content=\"F\u00f6r ett \u00e5r sedan b\u00f6rjade Absolicons st\u00f6rsta marknads- och f\u00f6rs\u00e4ljningssatsning n\u00e5gonsin med en global kampanj f\u00f6r solv\u00e4rme och riktade marknadsaktiviteter. Marknaden har svarat bra \u2013 bolaget har sedan 2020 \u00e5rs start g\u00e5tt fr\u00e5n tv\u00e5 tecknade ramavtal till 14 ramavtal med partners \u00f6ver hela v\u00e4rlden. Satsningen har ocks\u00e5 resulterat i hundratals f\u00f6rfr\u00e5gningar fr\u00e5n industrier intresserade av [&hellip;]\" \/>\n<meta property=\"og:url\" content=\"https:\/\/www.agma.com\/sv\/absolicon-pa-aktiedagen-stockholm-4-maj\/\" \/>\n<meta property=\"og:site_name\" content=\"Absolicon\" \/>\n<meta property=\"article:published_time\" content=\"2021-05-05T13:41:52+00:00\" \/>\n<meta property=\"article:modified_time\" content=\"2021-05-05T13:41:53+00:00\" \/>\n<meta property=\"og:image\" content=\"https:\/\/www.agma.com\/wp-content\/uploads\/2020\/11\/Joakim_Bystr\u00f6m_T160_foto_Lars_Wahlstr\u00f6m-scaled.jpg\" \/>\n\t<meta property=\"og:image:width\" content=\"2560\" \/>\n\t<meta property=\"og:image:height\" content=\"1707\" \/>\n\t<meta property=\"og:image:type\" content=\"image\/jpeg\" \/>\n<meta name=\"author\" content=\"Karin Forssell\" \/>\n<meta name=\"twitter:card\" content=\"summary_large_image\" \/>\n<meta name=\"twitter:label1\" content=\"Skriven av\" \/>\n\t<meta name=\"twitter:data1\" content=\"Karin Forssell\" \/>\n<script type=\"application\/ld+json\" class=\"yoast-schema-graph\">{\"@context\":\"https:\\\/\\\/schema.org\",\"@graph\":[{\"@type\":\"Article\",\"@id\":\"https:\\\/\\\/www.agma.com\\\/sv\\\/absolicon-pa-aktiedagen-stockholm-4-maj\\\/#article\",\"isPartOf\":{\"@id\":\"https:\\\/\\\/www.agma.com\\\/sv\\\/absolicon-pa-aktiedagen-stockholm-4-maj\\\/\"},\"author\":{\"name\":\"Karin Forssell\",\"@id\":\"https:\\\/\\\/www.agma.com\\\/sv\\\/#\\\/schema\\\/person\\\/7fa3701c04b8cdf482f8f1955dc047c3\"},\"headline\":\"Absolicon p\u00e5 Aktiedagen Stockholm 4 maj\",\"datePublished\":\"2021-05-05T13:41:52+00:00\",\"dateModified\":\"2021-05-05T13:41:53+00:00\",\"mainEntityOfPage\":{\"@id\":\"https:\\\/\\\/www.agma.com\\\/sv\\\/absolicon-pa-aktiedagen-stockholm-4-maj\\\/\"},\"wordCount\":93,\"commentCount\":0,\"publisher\":{\"@id\":\"https:\\\/\\\/www.agma.com\\\/sv\\\/#organization\"},\"image\":{\"@id\":\"https:\\\/\\\/www.agma.com\\\/sv\\\/absolicon-pa-aktiedagen-stockholm-4-maj\\\/#primaryimage\"},\"thumbnailUrl\":\"https:\\\/\\\/www.agma.com\\\/wp-content\\\/uploads\\\/2020\\\/11\\\/Joakim_Bystr\u00f6m_T160_foto_Lars_Wahlstr\u00f6m-scaled.jpg\",\"articleSection\":[\"Okategoriserad\"],\"inLanguage\":\"sv-SE\",\"potentialAction\":[{\"@type\":\"CommentAction\",\"name\":\"Comment\",\"target\":[\"https:\\\/\\\/www.agma.com\\\/sv\\\/absolicon-pa-aktiedagen-stockholm-4-maj\\\/#respond\"]}]},{\"@type\":\"WebPage\",\"@id\":\"https:\\\/\\\/www.agma.com\\\/sv\\\/absolicon-pa-aktiedagen-stockholm-4-maj\\\/\",\"url\":\"https:\\\/\\\/www.agma.com\\\/sv\\\/absolicon-pa-aktiedagen-stockholm-4-maj\\\/\",\"name\":\"Absolicon p\u00e5 Aktiedagen Stockholm 4 maj - Absolicon\",\"isPartOf\":{\"@id\":\"https:\\\/\\\/www.agma.com\\\/sv\\\/#website\"},\"primaryImageOfPage\":{\"@id\":\"https:\\\/\\\/www.agma.com\\\/sv\\\/absolicon-pa-aktiedagen-stockholm-4-maj\\\/#primaryimage\"},\"image\":{\"@id\":\"https:\\\/\\\/www.agma.com\\\/sv\\\/absolicon-pa-aktiedagen-stockholm-4-maj\\\/#primaryimage\"},\"thumbnailUrl\":\"https:\\\/\\\/www.agma.com\\\/wp-content\\\/uploads\\\/2020\\\/11\\\/Joakim_Bystr\u00f6m_T160_foto_Lars_Wahlstr\u00f6m-scaled.jpg\",\"datePublished\":\"2021-05-05T13:41:52+00:00\",\"dateModified\":\"2021-05-05T13:41:53+00:00\",\"breadcrumb\":{\"@id\":\"https:\\\/\\\/www.agma.com\\\/sv\\\/absolicon-pa-aktiedagen-stockholm-4-maj\\\/#breadcrumb\"},\"inLanguage\":\"sv-SE\",\"potentialAction\":[{\"@type\":\"ReadAction\",\"target\":[\"https:\\\/\\\/www.agma.com\\\/sv\\\/absolicon-pa-aktiedagen-stockholm-4-maj\\\/\"]}]},{\"@type\":\"ImageObject\",\"inLanguage\":\"sv-SE\",\"@id\":\"https:\\\/\\\/www.agma.com\\\/sv\\\/absolicon-pa-aktiedagen-stockholm-4-maj\\\/#primaryimage\",\"url\":\"https:\\\/\\\/www.agma.com\\\/wp-content\\\/uploads\\\/2020\\\/11\\\/Joakim_Bystr\u00f6m_T160_foto_Lars_Wahlstr\u00f6m-scaled.jpg\",\"contentUrl\":\"https:\\\/\\\/www.agma.com\\\/wp-content\\\/uploads\\\/2020\\\/11\\\/Joakim_Bystr\u00f6m_T160_foto_Lars_Wahlstr\u00f6m-scaled.jpg\",\"width\":2560,\"height\":1707},{\"@type\":\"BreadcrumbList\",\"@id\":\"https:\\\/\\\/www.agma.com\\\/sv\\\/absolicon-pa-aktiedagen-stockholm-4-maj\\\/#breadcrumb\",\"itemListElement\":[{\"@type\":\"ListItem\",\"position\":1,\"name\":\"Home\",\"item\":\"https:\\\/\\\/www.agma.com\\\/sv\\\/\"},{\"@type\":\"ListItem\",\"position\":2,\"name\":\"Absolicon p\u00e5 Aktiedagen Stockholm 4 maj\"}]},{\"@type\":\"WebSite\",\"@id\":\"https:\\\/\\\/www.agma.com\\\/sv\\\/#website\",\"url\":\"https:\\\/\\\/www.agma.com\\\/sv\\\/\",\"name\":\"Absolicon\",\"description\":\"\",\"publisher\":{\"@id\":\"https:\\\/\\\/www.agma.com\\\/sv\\\/#organization\"},\"potentialAction\":[{\"@type\":\"SearchAction\",\"target\":{\"@type\":\"EntryPoint\",\"urlTemplate\":\"https:\\\/\\\/www.agma.com\\\/sv\\\/?s={search_term_string}\"},\"query-input\":{\"@type\":\"PropertyValueSpecification\",\"valueRequired\":true,\"valueName\":\"search_term_string\"}}],\"inLanguage\":\"sv-SE\"},{\"@type\":\"Organization\",\"@id\":\"https:\\\/\\\/www.agma.com\\\/sv\\\/#organization\",\"name\":\"Absolicon\",\"url\":\"https:\\\/\\\/www.agma.com\\\/sv\\\/\",\"logo\":{\"@type\":\"ImageObject\",\"inLanguage\":\"sv-SE\",\"@id\":\"https:\\\/\\\/www.agma.com\\\/sv\\\/#\\\/schema\\\/logo\\\/image\\\/\",\"url\":\"https:\\\/\\\/www.agma.com\\\/wp-content\\\/uploads\\\/2026\\\/04\\\/logotype_neg_blk.svg\",\"contentUrl\":\"https:\\\/\\\/www.agma.com\\\/wp-content\\\/uploads\\\/2026\\\/04\\\/logotype_neg_blk.svg\",\"width\":705,\"height\":83,\"caption\":\"Absolicon\"},\"image\":{\"@id\":\"https:\\\/\\\/www.agma.com\\\/sv\\\/#\\\/schema\\\/logo\\\/image\\\/\"}},{\"@type\":\"Person\",\"@id\":\"https:\\\/\\\/www.agma.com\\\/sv\\\/#\\\/schema\\\/person\\\/7fa3701c04b8cdf482f8f1955dc047c3\",\"name\":\"Karin Forssell\",\"image\":{\"@type\":\"ImageObject\",\"inLanguage\":\"sv-SE\",\"@id\":\"https:\\\/\\\/secure.gravatar.com\\\/avatar\\\/8b5393842799418c8e59bc3c7894dc7e9dd6b46fe987a5b1ccca8912d3bbaa48?s=96&d=mm&r=g\",\"url\":\"https:\\\/\\\/secure.gravatar.com\\\/avatar\\\/8b5393842799418c8e59bc3c7894dc7e9dd6b46fe987a5b1ccca8912d3bbaa48?s=96&d=mm&r=g\",\"contentUrl\":\"https:\\\/\\\/secure.gravatar.com\\\/avatar\\\/8b5393842799418c8e59bc3c7894dc7e9dd6b46fe987a5b1ccca8912d3bbaa48?s=96&d=mm&r=g\",\"caption\":\"Karin Forssell\"},\"url\":\"https:\\\/\\\/www.agma.com\\\/sv\\\/author\\\/karin\\\/\"}]}<\/script>\n<!-- \/ Yoast SEO plugin. -->","yoast_head_json":{"title":"Absolicon p\u00e5 Aktiedagen Stockholm 4 maj - Absolicon","robots":{"index":"index","follow":"follow","max-snippet":"max-snippet:-1","max-image-preview":"max-image-preview:large","max-video-preview":"max-video-preview:-1"},"canonical":"https:\/\/www.agma.com\/sv\/absolicon-pa-aktiedagen-stockholm-4-maj\/","og_locale":"sv_SE","og_type":"article","og_title":"Absolicon p\u00e5 Aktiedagen Stockholm 4 maj - Absolicon","og_description":"F\u00f6r ett \u00e5r sedan b\u00f6rjade Absolicons st\u00f6rsta marknads- och f\u00f6rs\u00e4ljningssatsning n\u00e5gonsin med en global kampanj f\u00f6r solv\u00e4rme och riktade marknadsaktiviteter. Marknaden har svarat bra \u2013 bolaget har sedan 2020 \u00e5rs start g\u00e5tt fr\u00e5n tv\u00e5 tecknade ramavtal till 14 ramavtal med partners \u00f6ver hela v\u00e4rlden. Satsningen har ocks\u00e5 resulterat i hundratals f\u00f6rfr\u00e5gningar fr\u00e5n industrier intresserade av [&hellip;]","og_url":"https:\/\/www.agma.com\/sv\/absolicon-pa-aktiedagen-stockholm-4-maj\/","og_site_name":"Absolicon","article_published_time":"2021-05-05T13:41:52+00:00","article_modified_time":"2021-05-05T13:41:53+00:00","og_image":[{"width":2560,"height":1707,"url":"https:\/\/www.agma.com\/wp-content\/uploads\/2020\/11\/Joakim_Bystr\u00f6m_T160_foto_Lars_Wahlstr\u00f6m-scaled.jpg","type":"image\/jpeg"}],"author":"Karin Forssell","twitter_card":"summary_large_image","twitter_misc":{"Skriven av":"Karin Forssell"},"schema":{"@context":"https:\/\/schema.org","@graph":[{"@type":"Article","@id":"https:\/\/www.agma.com\/sv\/absolicon-pa-aktiedagen-stockholm-4-maj\/#article","isPartOf":{"@id":"https:\/\/www.agma.com\/sv\/absolicon-pa-aktiedagen-stockholm-4-maj\/"},"author":{"name":"Karin Forssell","@id":"https:\/\/www.agma.com\/sv\/#\/schema\/person\/7fa3701c04b8cdf482f8f1955dc047c3"},"headline":"Absolicon p\u00e5 Aktiedagen Stockholm 4 maj","datePublished":"2021-05-05T13:41:52+00:00","dateModified":"2021-05-05T13:41:53+00:00","mainEntityOfPage":{"@id":"https:\/\/www.agma.com\/sv\/absolicon-pa-aktiedagen-stockholm-4-maj\/"},"wordCount":93,"commentCount":0,"publisher":{"@id":"https:\/\/www.agma.com\/sv\/#organization"},"image":{"@id":"https:\/\/www.agma.com\/sv\/absolicon-pa-aktiedagen-stockholm-4-maj\/#primaryimage"},"thumbnailUrl":"https:\/\/www.agma.com\/wp-content\/uploads\/2020\/11\/Joakim_Bystr\u00f6m_T160_foto_Lars_Wahlstr\u00f6m-scaled.jpg","articleSection":["Okategoriserad"],"inLanguage":"sv-SE","potentialAction":[{"@type":"CommentAction","name":"Comment","target":["https:\/\/www.agma.com\/sv\/absolicon-pa-aktiedagen-stockholm-4-maj\/#respond"]}]},{"@type":"WebPage","@id":"https:\/\/www.agma.com\/sv\/absolicon-pa-aktiedagen-stockholm-4-maj\/","url":"https:\/\/www.agma.com\/sv\/absolicon-pa-aktiedagen-stockholm-4-maj\/","name":"Absolicon p\u00e5 Aktiedagen Stockholm 4 maj - Absolicon","isPartOf":{"@id":"https:\/\/www.agma.com\/sv\/#website"},"primaryImageOfPage":{"@id":"https:\/\/www.agma.com\/sv\/absolicon-pa-aktiedagen-stockholm-4-maj\/#primaryimage"},"image":{"@id":"https:\/\/www.agma.com\/sv\/absolicon-pa-aktiedagen-stockholm-4-maj\/#primaryimage"},"thumbnailUrl":"https:\/\/www.agma.com\/wp-content\/uploads\/2020\/11\/Joakim_Bystr\u00f6m_T160_foto_Lars_Wahlstr\u00f6m-scaled.jpg","datePublished":"2021-05-05T13:41:52+00:00","dateModified":"2021-05-05T13:41:53+00:00","breadcrumb":{"@id":"https:\/\/www.agma.com\/sv\/absolicon-pa-aktiedagen-stockholm-4-maj\/#breadcrumb"},"inLanguage":"sv-SE","potentialAction":[{"@type":"ReadAction","target":["https:\/\/www.agma.com\/sv\/absolicon-pa-aktiedagen-stockholm-4-maj\/"]}]},{"@type":"ImageObject","inLanguage":"sv-SE","@id":"https:\/\/www.agma.com\/sv\/absolicon-pa-aktiedagen-stockholm-4-maj\/#primaryimage","url":"https:\/\/www.agma.com\/wp-content\/uploads\/2020\/11\/Joakim_Bystr\u00f6m_T160_foto_Lars_Wahlstr\u00f6m-scaled.jpg","contentUrl":"https:\/\/www.agma.com\/wp-content\/uploads\/2020\/11\/Joakim_Bystr\u00f6m_T160_foto_Lars_Wahlstr\u00f6m-scaled.jpg","width":2560,"height":1707},{"@type":"BreadcrumbList","@id":"https:\/\/www.agma.com\/sv\/absolicon-pa-aktiedagen-stockholm-4-maj\/#breadcrumb","itemListElement":[{"@type":"ListItem","position":1,"name":"Home","item":"https:\/\/www.agma.com\/sv\/"},{"@type":"ListItem","position":2,"name":"Absolicon p\u00e5 Aktiedagen Stockholm 4 maj"}]},{"@type":"WebSite","@id":"https:\/\/www.agma.com\/sv\/#website","url":"https:\/\/www.agma.com\/sv\/","name":"Absolicon","description":"","publisher":{"@id":"https:\/\/www.agma.com\/sv\/#organization"},"potentialAction":[{"@type":"SearchAction","target":{"@type":"EntryPoint","urlTemplate":"https:\/\/www.agma.com\/sv\/?s={search_term_string}"},"query-input":{"@type":"PropertyValueSpecification","valueRequired":true,"valueName":"search_term_string"}}],"inLanguage":"sv-SE"},{"@type":"Organization","@id":"https:\/\/www.agma.com\/sv\/#organization","name":"Absolicon","url":"https:\/\/www.agma.com\/sv\/","logo":{"@type":"ImageObject","inLanguage":"sv-SE","@id":"https:\/\/www.agma.com\/sv\/#\/schema\/logo\/image\/","url":"https:\/\/www.agma.com\/wp-content\/uploads\/2026\/04\/logotype_neg_blk.svg","contentUrl":"https:\/\/www.agma.com\/wp-content\/uploads\/2026\/04\/logotype_neg_blk.svg","width":705,"height":83,"caption":"Absolicon"},"image":{"@id":"https:\/\/www.agma.com\/sv\/#\/schema\/logo\/image\/"}},{"@type":"Person","@id":"https:\/\/www.agma.com\/sv\/#\/schema\/person\/7fa3701c04b8cdf482f8f1955dc047c3","name":"Karin Forssell","image":{"@type":"ImageObject","inLanguage":"sv-SE","@id":"https:\/\/secure.gravatar.com\/avatar\/8b5393842799418c8e59bc3c7894dc7e9dd6b46fe987a5b1ccca8912d3bbaa48?s=96&d=mm&r=g","url":"https:\/\/secure.gravatar.com\/avatar\/8b5393842799418c8e59bc3c7894dc7e9dd6b46fe987a5b1ccca8912d3bbaa48?s=96&d=mm&r=g","contentUrl":"https:\/\/secure.gravatar.com\/avatar\/8b5393842799418c8e59bc3c7894dc7e9dd6b46fe987a5b1ccca8912d3bbaa48?s=96&d=mm&r=g","caption":"Karin Forssell"},"url":"https:\/\/www.agma.com\/sv\/author\/karin\/"}]}},"_links":{"self":[{"href":"https:\/\/www.agma.com\/sv\/wp-json\/wp\/v2\/posts\/11925","targetHints":{"allow":["GET"]}}],"collection":[{"href":"https:\/\/www.agma.com\/sv\/wp-json\/wp\/v2\/posts"}],"about":[{"href":"https:\/\/www.agma.com\/sv\/wp-json\/wp\/v2\/types\/post"}],"author":[{"embeddable":true,"href":"https:\/\/www.agma.com\/sv\/wp-json\/wp\/v2\/users\/2"}],"replies":[{"embeddable":true,"href":"https:\/\/www.agma.com\/sv\/wp-json\/wp\/v2\/comments?post=11925"}],"version-history":[{"count":2,"href":"https:\/\/www.agma.com\/sv\/wp-json\/wp\/v2\/posts\/11925\/revisions"}],"predecessor-version":[{"id":11927,"href":"https:\/\/www.agma.com\/sv\/wp-json\/wp\/v2\/posts\/11925\/revisions\/11927"}],"wp:featuredmedia":[{"embeddable":true,"href":"https:\/\/www.agma.com\/sv\/wp-json\/wp\/v2\/media\/10016"}],"wp:attachment":[{"href":"https:\/\/www.agma.com\/sv\/wp-json\/wp\/v2\/media?parent=11925"}],"wp:term":[{"taxonomy":"category","embeddable":true,"href":"https:\/\/www.agma.com\/sv\/wp-json\/wp\/v2\/categories?post=11925"},{"taxonomy":"post_tag","embeddable":true,"href":"https:\/\/www.agma.com\/sv\/wp-json\/wp\/v2\/tags?post=11925"}],"curies":[{"name":"wp","href":"https:\/\/api.w.org\/{rel}","templated":true}]}}