{"id":12128,"date":"2021-07-01T04:00:00","date_gmt":"2021-07-01T04:00:00","guid":{"rendered":"https:\/\/www.absolicon.com\/absolicon-tar-hjalp-av-dios-for-att-oppna-kontor-i-sundsvall\/"},"modified":"2021-07-01T04:00:00","modified_gmt":"2021-07-01T04:00:00","slug":"absolicon-tar-hjalp-av-dios-for-att-oppna-kontor-i-sundsvall","status":"publish","type":"post","link":"https:\/\/www.agma.com\/sv\/absolicon-tar-hjalp-av-dios-for-att-oppna-kontor-i-sundsvall\/","title":{"rendered":"Absolicon tar hj\u00e4lp av Di\u00f6s f\u00f6r att \u00f6ppna kontor i Sundsvall"},"content":{"rendered":"<p><span style=\"font-size:11pt\">Absolicon &auml;r ett solv&auml;rmef&ouml;retag som tillsammans med ABB tillverkar robotiserade produktionslinor f&ouml;r koncentrerande solf&aring;ngare som kan producera v&auml;rme och &aring;nga upp till 160 grader. <\/span><\/p>\n<p><span style=\"font-size:11pt\">Absolicon hj&auml;lper industrier att byta fr&aring;n fossila br&auml;nslen genom en l&ouml;nsam, flexibel och utsl&auml;ppsfri energil&ouml;sning med solv&auml;rmeresurser. F&ouml;r att m&ouml;ta den stora efterfr&aring;gan p&aring; solv&auml;rme anst&auml;ller Absolicon under v&aring;r och sommar tolv personer och etablerar ett nytt kontor i Di&ouml;s lokaler i Sundsvall. <\/span><\/p>\n<p><span style=\"font-size:11pt\">&#8211; Vi &auml;r glada &ouml;ver att kunna hj&auml;lpa Absolicon att ta n&auml;sta steg i deras satsning att f&ouml;r&auml;ndra v&auml;rldens energikonsumtion genom att erbjuda dem moderna lokaler p&aring; attraktivt l&auml;ge i Sundsvall. Deras etablering i Sundsvall bidrar till en v&auml;xande stad och att fler arbetstillf&auml;llen skapas, vilket ligger helt i linje med v&aring;r strategi om utveckling f&ouml;r Sundsvall, s&auml;ger Susanna Johansson, uthyrare, Di&ouml;s. <\/span><\/p>\n<p><span style=\"font-size:11pt\">-Vi ser fram emot att &ouml;ppna nytt kontor i Sundsvall. Vi v&auml;xer i snabb takt nu och tror att n&auml;rvaron i Sundsvall &ouml;ppnar nya m&ouml;jligheter f&ouml;r oss i rekryteringen och att hitta r&auml;tt personer att hj&auml;lpa oss f&ouml;r&auml;ndra v&auml;rldens energikonsumtion genom att byta fr&aring;n fossila br&auml;nslen genom en l&ouml;nsam, flexibel och utsl&auml;ppsfri energil&ouml;sning med solv&auml;rmresurser, s&auml;ger Joakim Bystr&ouml;m, vd, Absolicon. <\/span><\/p>\n<p style=\"margin-bottom:4px\"><strong><span style=\"font-size:10pt\"><span style=\"font-family:arial,helvetica,sans-serif\"><span style=\"color:#0c5472\">F&ouml;r ytterligare information kontakta g&auml;rna:<\/span><\/span><\/span><\/strong><\/p>\n<p style=\"margin-bottom:16px\"><span style=\"font-size:11pt\">Susanna Johansson, uthyrare, Di&ouml;s<br \/>\nTelefon: 010-470 96 64<br \/>\nE-post: <a href=\"mailto:susanna.johansson@dios.se\" style=\"color:#0563c1;text-decoration:underline\">susanna.johansson@dios.se<\/a> <\/span><\/p>\n<p><span style=\"font-size:11pt\">Joakim Bystr&ouml;m, CEO, Absolicon<br \/>\nPhone: +46 611 55 70 00 <\/span><\/p>\n<p><span style=\"font-size:11pt\">E-post: <a href=\"mailto:joakim@absolicon.com\" style=\"color:#0563c1;text-decoration:underline\" target=\"_blank\" rel=\"noopener noreferrer\">joakim@absolicon.com<\/a> &nbsp;<\/span><\/p>\n","protected":false},"excerpt":{"rendered":"<p>Absolicon &auml;r ett solv&auml;rmef&ouml;retag som tillsammans med ABB tillverkar robotiserade produktionslinor f&ouml;r koncentrerande solf&aring;ngare som kan producera v&auml;rme och &aring;nga upp till 160 grader. Absolicon hj&auml;lper industrier att byta fr&aring;n fossila br&auml;nslen genom en l&ouml;nsam, flexibel och utsl&auml;ppsfri energil&ouml;sning med solv&auml;rmeresurser. F&ouml;r att m&ouml;ta den stora efterfr&aring;gan p&aring; solv&auml;rme anst&auml;ller Absolicon under v&aring;r och sommar [&hellip;]<\/p>\n","protected":false},"author":1,"featured_media":0,"comment_status":"open","ping_status":"open","sticky":false,"template":"","format":"standard","meta":{"_acf_changed":false,"footnotes":""},"categories":[23],"tags":[],"class_list":["post-12128","post","type-post","status-publish","format-standard","hentry","category-pressrelease"],"acf":[],"yoast_head":"<!-- This site is optimized with the Yoast SEO plugin v27.4 - https:\/\/yoast.com\/product\/yoast-seo-wordpress\/ -->\n<title>Absolicon tar hj\u00e4lp av Di\u00f6s f\u00f6r att \u00f6ppna kontor i Sundsvall - Absolicon<\/title>\n<meta name=\"robots\" content=\"index, follow, max-snippet:-1, max-image-preview:large, max-video-preview:-1\" \/>\n<link rel=\"canonical\" href=\"https:\/\/www.agma.com\/sv\/absolicon-tar-hjalp-av-dios-for-att-oppna-kontor-i-sundsvall\/\" \/>\n<meta property=\"og:locale\" content=\"sv_SE\" \/>\n<meta property=\"og:type\" content=\"article\" \/>\n<meta property=\"og:title\" content=\"Absolicon tar hj\u00e4lp av Di\u00f6s f\u00f6r att \u00f6ppna kontor i Sundsvall - Absolicon\" \/>\n<meta property=\"og:description\" content=\"Absolicon &auml;r ett solv&auml;rmef&ouml;retag som tillsammans med ABB tillverkar robotiserade produktionslinor f&ouml;r koncentrerande solf&aring;ngare som kan producera v&auml;rme och &aring;nga upp till 160 grader. Absolicon hj&auml;lper industrier att byta fr&aring;n fossila br&auml;nslen genom en l&ouml;nsam, flexibel och utsl&auml;ppsfri energil&ouml;sning med solv&auml;rmeresurser. F&ouml;r att m&ouml;ta den stora efterfr&aring;gan p&aring; solv&auml;rme anst&auml;ller Absolicon under v&aring;r och sommar [&hellip;]\" \/>\n<meta property=\"og:url\" content=\"https:\/\/www.agma.com\/sv\/absolicon-tar-hjalp-av-dios-for-att-oppna-kontor-i-sundsvall\/\" \/>\n<meta property=\"og:site_name\" content=\"Absolicon\" \/>\n<meta property=\"article:published_time\" content=\"2021-07-01T04:00:00+00:00\" \/>\n<meta name=\"author\" content=\"jakubschenk\" \/>\n<meta name=\"twitter:card\" content=\"summary_large_image\" \/>\n<meta name=\"twitter:label1\" content=\"Skriven av\" \/>\n\t<meta name=\"twitter:data1\" content=\"jakubschenk\" \/>\n<script type=\"application\/ld+json\" class=\"yoast-schema-graph\">{\"@context\":\"https:\\\/\\\/schema.org\",\"@graph\":[{\"@type\":\"Article\",\"@id\":\"https:\\\/\\\/www.agma.com\\\/sv\\\/absolicon-tar-hjalp-av-dios-for-att-oppna-kontor-i-sundsvall\\\/#article\",\"isPartOf\":{\"@id\":\"https:\\\/\\\/www.agma.com\\\/sv\\\/absolicon-tar-hjalp-av-dios-for-att-oppna-kontor-i-sundsvall\\\/\"},\"author\":{\"name\":\"jakubschenk\",\"@id\":\"https:\\\/\\\/www.agma.com\\\/sv\\\/#\\\/schema\\\/person\\\/6820b3ce1cc37edbaecc979090760d8b\"},\"headline\":\"Absolicon tar hj\u00e4lp av Di\u00f6s f\u00f6r att \u00f6ppna kontor i Sundsvall\",\"datePublished\":\"2021-07-01T04:00:00+00:00\",\"mainEntityOfPage\":{\"@id\":\"https:\\\/\\\/www.agma.com\\\/sv\\\/absolicon-tar-hjalp-av-dios-for-att-oppna-kontor-i-sundsvall\\\/\"},\"wordCount\":340,\"commentCount\":0,\"publisher\":{\"@id\":\"https:\\\/\\\/www.agma.com\\\/sv\\\/#organization\"},\"articleSection\":[\"Pressrelease\"],\"inLanguage\":\"sv-SE\",\"potentialAction\":[{\"@type\":\"CommentAction\",\"name\":\"Comment\",\"target\":[\"https:\\\/\\\/www.agma.com\\\/sv\\\/absolicon-tar-hjalp-av-dios-for-att-oppna-kontor-i-sundsvall\\\/#respond\"]}]},{\"@type\":\"WebPage\",\"@id\":\"https:\\\/\\\/www.agma.com\\\/sv\\\/absolicon-tar-hjalp-av-dios-for-att-oppna-kontor-i-sundsvall\\\/\",\"url\":\"https:\\\/\\\/www.agma.com\\\/sv\\\/absolicon-tar-hjalp-av-dios-for-att-oppna-kontor-i-sundsvall\\\/\",\"name\":\"Absolicon tar hj\u00e4lp av Di\u00f6s f\u00f6r att \u00f6ppna kontor i Sundsvall - Absolicon\",\"isPartOf\":{\"@id\":\"https:\\\/\\\/www.agma.com\\\/sv\\\/#website\"},\"datePublished\":\"2021-07-01T04:00:00+00:00\",\"breadcrumb\":{\"@id\":\"https:\\\/\\\/www.agma.com\\\/sv\\\/absolicon-tar-hjalp-av-dios-for-att-oppna-kontor-i-sundsvall\\\/#breadcrumb\"},\"inLanguage\":\"sv-SE\",\"potentialAction\":[{\"@type\":\"ReadAction\",\"target\":[\"https:\\\/\\\/www.agma.com\\\/sv\\\/absolicon-tar-hjalp-av-dios-for-att-oppna-kontor-i-sundsvall\\\/\"]}]},{\"@type\":\"BreadcrumbList\",\"@id\":\"https:\\\/\\\/www.agma.com\\\/sv\\\/absolicon-tar-hjalp-av-dios-for-att-oppna-kontor-i-sundsvall\\\/#breadcrumb\",\"itemListElement\":[{\"@type\":\"ListItem\",\"position\":1,\"name\":\"Home\",\"item\":\"https:\\\/\\\/www.agma.com\\\/sv\\\/\"},{\"@type\":\"ListItem\",\"position\":2,\"name\":\"Absolicon tar hj\u00e4lp av Di\u00f6s f\u00f6r att \u00f6ppna kontor i Sundsvall\"}]},{\"@type\":\"WebSite\",\"@id\":\"https:\\\/\\\/www.agma.com\\\/sv\\\/#website\",\"url\":\"https:\\\/\\\/www.agma.com\\\/sv\\\/\",\"name\":\"Absolicon\",\"description\":\"\",\"publisher\":{\"@id\":\"https:\\\/\\\/www.agma.com\\\/sv\\\/#organization\"},\"potentialAction\":[{\"@type\":\"SearchAction\",\"target\":{\"@type\":\"EntryPoint\",\"urlTemplate\":\"https:\\\/\\\/www.agma.com\\\/sv\\\/?s={search_term_string}\"},\"query-input\":{\"@type\":\"PropertyValueSpecification\",\"valueRequired\":true,\"valueName\":\"search_term_string\"}}],\"inLanguage\":\"sv-SE\"},{\"@type\":\"Organization\",\"@id\":\"https:\\\/\\\/www.agma.com\\\/sv\\\/#organization\",\"name\":\"Absolicon\",\"url\":\"https:\\\/\\\/www.agma.com\\\/sv\\\/\",\"logo\":{\"@type\":\"ImageObject\",\"inLanguage\":\"sv-SE\",\"@id\":\"https:\\\/\\\/www.agma.com\\\/sv\\\/#\\\/schema\\\/logo\\\/image\\\/\",\"url\":\"https:\\\/\\\/www.agma.com\\\/wp-content\\\/uploads\\\/2026\\\/04\\\/logotype_neg_blk.svg\",\"contentUrl\":\"https:\\\/\\\/www.agma.com\\\/wp-content\\\/uploads\\\/2026\\\/04\\\/logotype_neg_blk.svg\",\"width\":705,\"height\":83,\"caption\":\"Absolicon\"},\"image\":{\"@id\":\"https:\\\/\\\/www.agma.com\\\/sv\\\/#\\\/schema\\\/logo\\\/image\\\/\"}},{\"@type\":\"Person\",\"@id\":\"https:\\\/\\\/www.agma.com\\\/sv\\\/#\\\/schema\\\/person\\\/6820b3ce1cc37edbaecc979090760d8b\",\"name\":\"jakubschenk\",\"image\":{\"@type\":\"ImageObject\",\"inLanguage\":\"sv-SE\",\"@id\":\"https:\\\/\\\/secure.gravatar.com\\\/avatar\\\/0ab843002d4a58702560e02354e5f9a3206e13bbfaa9df5a188e463870f605cd?s=96&d=mm&r=g\",\"url\":\"https:\\\/\\\/secure.gravatar.com\\\/avatar\\\/0ab843002d4a58702560e02354e5f9a3206e13bbfaa9df5a188e463870f605cd?s=96&d=mm&r=g\",\"contentUrl\":\"https:\\\/\\\/secure.gravatar.com\\\/avatar\\\/0ab843002d4a58702560e02354e5f9a3206e13bbfaa9df5a188e463870f605cd?s=96&d=mm&r=g\",\"caption\":\"jakubschenk\"},\"sameAs\":[\"https:\\\/\\\/www.agma.com\"],\"url\":\"https:\\\/\\\/www.agma.com\\\/sv\\\/author\\\/jakubschenk\\\/\"}]}<\/script>\n<!-- \/ Yoast SEO plugin. -->","yoast_head_json":{"title":"Absolicon tar hj\u00e4lp av Di\u00f6s f\u00f6r att \u00f6ppna kontor i Sundsvall - Absolicon","robots":{"index":"index","follow":"follow","max-snippet":"max-snippet:-1","max-image-preview":"max-image-preview:large","max-video-preview":"max-video-preview:-1"},"canonical":"https:\/\/www.agma.com\/sv\/absolicon-tar-hjalp-av-dios-for-att-oppna-kontor-i-sundsvall\/","og_locale":"sv_SE","og_type":"article","og_title":"Absolicon tar hj\u00e4lp av Di\u00f6s f\u00f6r att \u00f6ppna kontor i Sundsvall - Absolicon","og_description":"Absolicon &auml;r ett solv&auml;rmef&ouml;retag som tillsammans med ABB tillverkar robotiserade produktionslinor f&ouml;r koncentrerande solf&aring;ngare som kan producera v&auml;rme och &aring;nga upp till 160 grader. Absolicon hj&auml;lper industrier att byta fr&aring;n fossila br&auml;nslen genom en l&ouml;nsam, flexibel och utsl&auml;ppsfri energil&ouml;sning med solv&auml;rmeresurser. F&ouml;r att m&ouml;ta den stora efterfr&aring;gan p&aring; solv&auml;rme anst&auml;ller Absolicon under v&aring;r och sommar [&hellip;]","og_url":"https:\/\/www.agma.com\/sv\/absolicon-tar-hjalp-av-dios-for-att-oppna-kontor-i-sundsvall\/","og_site_name":"Absolicon","article_published_time":"2021-07-01T04:00:00+00:00","author":"jakubschenk","twitter_card":"summary_large_image","twitter_misc":{"Skriven av":"jakubschenk"},"schema":{"@context":"https:\/\/schema.org","@graph":[{"@type":"Article","@id":"https:\/\/www.agma.com\/sv\/absolicon-tar-hjalp-av-dios-for-att-oppna-kontor-i-sundsvall\/#article","isPartOf":{"@id":"https:\/\/www.agma.com\/sv\/absolicon-tar-hjalp-av-dios-for-att-oppna-kontor-i-sundsvall\/"},"author":{"name":"jakubschenk","@id":"https:\/\/www.agma.com\/sv\/#\/schema\/person\/6820b3ce1cc37edbaecc979090760d8b"},"headline":"Absolicon tar hj\u00e4lp av Di\u00f6s f\u00f6r att \u00f6ppna kontor i Sundsvall","datePublished":"2021-07-01T04:00:00+00:00","mainEntityOfPage":{"@id":"https:\/\/www.agma.com\/sv\/absolicon-tar-hjalp-av-dios-for-att-oppna-kontor-i-sundsvall\/"},"wordCount":340,"commentCount":0,"publisher":{"@id":"https:\/\/www.agma.com\/sv\/#organization"},"articleSection":["Pressrelease"],"inLanguage":"sv-SE","potentialAction":[{"@type":"CommentAction","name":"Comment","target":["https:\/\/www.agma.com\/sv\/absolicon-tar-hjalp-av-dios-for-att-oppna-kontor-i-sundsvall\/#respond"]}]},{"@type":"WebPage","@id":"https:\/\/www.agma.com\/sv\/absolicon-tar-hjalp-av-dios-for-att-oppna-kontor-i-sundsvall\/","url":"https:\/\/www.agma.com\/sv\/absolicon-tar-hjalp-av-dios-for-att-oppna-kontor-i-sundsvall\/","name":"Absolicon tar hj\u00e4lp av Di\u00f6s f\u00f6r att \u00f6ppna kontor i Sundsvall - Absolicon","isPartOf":{"@id":"https:\/\/www.agma.com\/sv\/#website"},"datePublished":"2021-07-01T04:00:00+00:00","breadcrumb":{"@id":"https:\/\/www.agma.com\/sv\/absolicon-tar-hjalp-av-dios-for-att-oppna-kontor-i-sundsvall\/#breadcrumb"},"inLanguage":"sv-SE","potentialAction":[{"@type":"ReadAction","target":["https:\/\/www.agma.com\/sv\/absolicon-tar-hjalp-av-dios-for-att-oppna-kontor-i-sundsvall\/"]}]},{"@type":"BreadcrumbList","@id":"https:\/\/www.agma.com\/sv\/absolicon-tar-hjalp-av-dios-for-att-oppna-kontor-i-sundsvall\/#breadcrumb","itemListElement":[{"@type":"ListItem","position":1,"name":"Home","item":"https:\/\/www.agma.com\/sv\/"},{"@type":"ListItem","position":2,"name":"Absolicon tar hj\u00e4lp av Di\u00f6s f\u00f6r att \u00f6ppna kontor i Sundsvall"}]},{"@type":"WebSite","@id":"https:\/\/www.agma.com\/sv\/#website","url":"https:\/\/www.agma.com\/sv\/","name":"Absolicon","description":"","publisher":{"@id":"https:\/\/www.agma.com\/sv\/#organization"},"potentialAction":[{"@type":"SearchAction","target":{"@type":"EntryPoint","urlTemplate":"https:\/\/www.agma.com\/sv\/?s={search_term_string}"},"query-input":{"@type":"PropertyValueSpecification","valueRequired":true,"valueName":"search_term_string"}}],"inLanguage":"sv-SE"},{"@type":"Organization","@id":"https:\/\/www.agma.com\/sv\/#organization","name":"Absolicon","url":"https:\/\/www.agma.com\/sv\/","logo":{"@type":"ImageObject","inLanguage":"sv-SE","@id":"https:\/\/www.agma.com\/sv\/#\/schema\/logo\/image\/","url":"https:\/\/www.agma.com\/wp-content\/uploads\/2026\/04\/logotype_neg_blk.svg","contentUrl":"https:\/\/www.agma.com\/wp-content\/uploads\/2026\/04\/logotype_neg_blk.svg","width":705,"height":83,"caption":"Absolicon"},"image":{"@id":"https:\/\/www.agma.com\/sv\/#\/schema\/logo\/image\/"}},{"@type":"Person","@id":"https:\/\/www.agma.com\/sv\/#\/schema\/person\/6820b3ce1cc37edbaecc979090760d8b","name":"jakubschenk","image":{"@type":"ImageObject","inLanguage":"sv-SE","@id":"https:\/\/secure.gravatar.com\/avatar\/0ab843002d4a58702560e02354e5f9a3206e13bbfaa9df5a188e463870f605cd?s=96&d=mm&r=g","url":"https:\/\/secure.gravatar.com\/avatar\/0ab843002d4a58702560e02354e5f9a3206e13bbfaa9df5a188e463870f605cd?s=96&d=mm&r=g","contentUrl":"https:\/\/secure.gravatar.com\/avatar\/0ab843002d4a58702560e02354e5f9a3206e13bbfaa9df5a188e463870f605cd?s=96&d=mm&r=g","caption":"jakubschenk"},"sameAs":["https:\/\/www.agma.com"],"url":"https:\/\/www.agma.com\/sv\/author\/jakubschenk\/"}]}},"_links":{"self":[{"href":"https:\/\/www.agma.com\/sv\/wp-json\/wp\/v2\/posts\/12128","targetHints":{"allow":["GET"]}}],"collection":[{"href":"https:\/\/www.agma.com\/sv\/wp-json\/wp\/v2\/posts"}],"about":[{"href":"https:\/\/www.agma.com\/sv\/wp-json\/wp\/v2\/types\/post"}],"author":[{"embeddable":true,"href":"https:\/\/www.agma.com\/sv\/wp-json\/wp\/v2\/users\/1"}],"replies":[{"embeddable":true,"href":"https:\/\/www.agma.com\/sv\/wp-json\/wp\/v2\/comments?post=12128"}],"version-history":[{"count":0,"href":"https:\/\/www.agma.com\/sv\/wp-json\/wp\/v2\/posts\/12128\/revisions"}],"wp:attachment":[{"href":"https:\/\/www.agma.com\/sv\/wp-json\/wp\/v2\/media?parent=12128"}],"wp:term":[{"taxonomy":"category","embeddable":true,"href":"https:\/\/www.agma.com\/sv\/wp-json\/wp\/v2\/categories?post=12128"},{"taxonomy":"post_tag","embeddable":true,"href":"https:\/\/www.agma.com\/sv\/wp-json\/wp\/v2\/tags?post=12128"}],"curies":[{"name":"wp","href":"https:\/\/api.w.org\/{rel}","templated":true}]}}