{"id":12175,"date":"2021-07-15T15:04:20","date_gmt":"2021-07-15T15:04:20","guid":{"rendered":"https:\/\/www.absolicon.com\/absolicon-solar-collector-ab-kommunike-fran-arsstamman-2021-05-12\/"},"modified":"2021-07-15T15:04:20","modified_gmt":"2021-07-15T15:04:20","slug":"absolicon-solar-collector-ab-kommunike-fran-arsstamman-2021-05-12","status":"publish","type":"post","link":"https:\/\/www.agma.com\/sv\/absolicon-solar-collector-ab-kommunike-fran-arsstamman-2021-05-12\/","title":{"rendered":"Absolicon Solar Collector AB: Kommunik\u00e9 fr\u00e5n \u00e5rsst\u00e4mman 2021-05-12"},"content":{"rendered":"<p style=\"margin-bottom:8px\"><span style=\"font-size:11pt\"><span><span style=\"font-family:arial,helvetica,sans-serif\"><span style=\"color:black\">\u00c5rsst\u00e4mman webs\u00e4ndes och aktie\u00e4gare hade m\u00f6jlighet att delta via ombud p\u00e5 plats i H\u00e4rn\u00f6sand vilket dock ingen utnyttjade. Vd Joakim Bystr\u00f6m \u00f6ppnade st\u00e4mman.<\/span><\/span><\/span><\/span><\/p>\n<p style=\"margin-bottom:8px\"><span style=\"font-size:11pt\"><span><span style=\"font-family:arial,helvetica,sans-serif\"><span style=\"color:black\">Nedan anges de huvudsakliga besluten vid \u00e5rsst\u00e4mman:<\/span><\/span><\/span><\/span><\/p>\n<ul>\n<li style=\"color:#2b2825;font-size:11pt;margin-bottom:8px\"><span style=\"font-size:11pt\"><span style=\"color:#2b2825\"><span><span><span style=\"font-family:arial,helvetica,sans-serif\">Ida Skogstr\u00f6m valdes till ordf\u00f6rande att leda \u00e5rsst\u00e4mman.<\/span><\/span><\/span><\/span><\/span><\/li>\n<li style=\"color:#2b2825;font-size:11pt;margin-bottom:8px\"><span style=\"font-size:11pt\"><span style=\"color:#2b2825\"><span><span><span style=\"font-family:arial,helvetica,sans-serif\">Vid st\u00e4mman var 436 049 aktier (21,8 %) av totalt 1 998&nbsp;650 aktier representerade.<\/span><\/span><\/span><\/span><\/span><\/li>\n<li style=\"color:#2b2825;font-size:11pt;margin-bottom:8px\"><span style=\"font-size:11pt\"><span style=\"color:#2b2825\"><span><span><span style=\"font-family:arial,helvetica,sans-serif\">St\u00e4mman beslutade att fastst\u00e4lla resultat- och balansr\u00e4kning.<\/span><\/span><\/span><\/span><\/span><\/li>\n<li style=\"color:#2b2825;font-size:11pt;margin-bottom:8px\"><span style=\"font-size:11pt\"><span style=\"color:#2b2825\"><span><span><span style=\"font-family:arial,helvetica,sans-serif\">Styrelsens ledam\u00f6ter samt verkst\u00e4llande direkt\u00f6ren beviljades ansvarsfrihet f\u00f6r r\u00e4kenskaps\u00e5ret.<\/span><\/span><\/span><\/span><\/span><\/li>\n<li style=\"color:#2b2825;font-size:11pt;margin-bottom:8px\"><span style=\"font-size:11pt\"><span style=\"color:#2b2825\"><span><span><span style=\"font-family:arial,helvetica,sans-serif\">St\u00e4mman beslutade att disponera resultatet enligt styrelsens f\u00f6rslag att inte l\u00e4mna utdelning.<\/span><\/span><\/span><\/span><\/span><\/li>\n<li style=\"color:#2b2825;font-size:11pt;margin-bottom:8px\"><span style=\"font-size:11pt\"><span style=\"color:#2b2825\"><span><span><span style=\"font-family:arial,helvetica,sans-serif\">St\u00e4mman beslutade enligt kallelse att bemyndiga styrelsen att f\u00f6r tiden till n\u00e4sta ordinarie \u00e5rsst\u00e4mma, vid ett eller flera tillf\u00e4llen och med eller utan avvikelse fr\u00e5n aktie\u00e4garnas f\u00f6retr\u00e4desr\u00e4tt, fatta beslut om emission av aktier och\/eller teckningsoptioner.<\/span><\/span><\/span><\/span><\/span><\/li>\n<li style=\"color:#2b2825;font-size:11pt;margin-bottom:8px\"><span style=\"font-size:11pt\"><span style=\"color:#2b2825\"><span><span><span style=\"font-family:arial,helvetica,sans-serif\">F\u00f6r tiden fram till n\u00e4sta \u00e5rsst\u00e4mma valdes enligt valberedningens f\u00f6rslag Malte Frisk till styrelseordf\u00f6rande (omval) och till ledam\u00f6ter valdes Joakim Bystr\u00f6m (omval), Peter Johansson (omval), Olle Olsson (omval) och S\u00f6ren Olsson (omval). Revisionsbolaget KPMG (omval) valdes till revisor<\/span><\/span><\/span><\/span><\/span><\/li>\n<li style=\"color:#2b2825;font-size:11pt;margin-bottom:8px\"><span style=\"font-size:11pt\"><span style=\"color:#2b2825\"><span><span><span style=\"font-family:arial,helvetica,sans-serif\">St\u00e4mman beslutade att anta &#8221;Arbetsordning och principer f\u00f6r utseende av valberedning&#8221; enligt kallelse.<\/span><\/span><\/span><\/span><\/span><\/li>\n<\/ul>\n<p style=\"margin-bottom:8px\"><span style=\"font-size:11pt\"><span><span style=\"font-family:arial,helvetica,sans-serif\"><span style=\"color:black\">Alla beslut var enh\u00e4lliga.<\/span><\/span><\/span><\/span><\/p>\n<p style=\"margin-bottom:11px\"><span><span style=\"font-size:12pt\"><span style=\"font-family:arial,helvetica,sans-serif\"><span style=\"color:black\">Joakim Bystr\u00f6m&nbsp;vd Absolicon Solar Collector AB<br \/>\nE-post: joakim@absolicon.com<br \/>\ntel: 0611-557000<\/span><\/span><\/span><\/span><\/p>\n","protected":false},"excerpt":{"rendered":"<p>\u00c5rsst\u00e4mman webs\u00e4ndes och aktie\u00e4gare hade m\u00f6jlighet att delta via ombud p\u00e5 plats i H\u00e4rn\u00f6sand vilket dock ingen utnyttjade. Vd Joakim Bystr\u00f6m \u00f6ppnade st\u00e4mman. Nedan anges de huvudsakliga besluten vid \u00e5rsst\u00e4mman: Ida Skogstr\u00f6m valdes till ordf\u00f6rande att leda \u00e5rsst\u00e4mman. Vid st\u00e4mman var 436 049 aktier (21,8 %) av totalt 1 998&nbsp;650 aktier representerade. St\u00e4mman beslutade att [&hellip;]<\/p>\n","protected":false},"author":1,"featured_media":0,"comment_status":"open","ping_status":"open","sticky":false,"template":"","format":"standard","meta":{"_acf_changed":false,"footnotes":""},"categories":[23],"tags":[],"class_list":["post-12175","post","type-post","status-publish","format-standard","hentry","category-pressrelease"],"acf":[],"yoast_head":"<!-- This site is optimized with the Yoast SEO plugin v27.4 - https:\/\/yoast.com\/product\/yoast-seo-wordpress\/ -->\n<title>Absolicon Solar Collector AB: Kommunik\u00e9 fr\u00e5n \u00e5rsst\u00e4mman 2021-05-12 - Absolicon<\/title>\n<meta name=\"robots\" content=\"index, follow, max-snippet:-1, max-image-preview:large, max-video-preview:-1\" \/>\n<link rel=\"canonical\" href=\"https:\/\/www.agma.com\/sv\/absolicon-solar-collector-ab-kommunike-fran-arsstamman-2021-05-12\/\" \/>\n<meta property=\"og:locale\" content=\"sv_SE\" \/>\n<meta property=\"og:type\" content=\"article\" \/>\n<meta property=\"og:title\" content=\"Absolicon Solar Collector AB: Kommunik\u00e9 fr\u00e5n \u00e5rsst\u00e4mman 2021-05-12 - Absolicon\" \/>\n<meta property=\"og:description\" content=\"\u00c5rsst\u00e4mman webs\u00e4ndes och aktie\u00e4gare hade m\u00f6jlighet att delta via ombud p\u00e5 plats i H\u00e4rn\u00f6sand vilket dock ingen utnyttjade. Vd Joakim Bystr\u00f6m \u00f6ppnade st\u00e4mman. Nedan anges de huvudsakliga besluten vid \u00e5rsst\u00e4mman: Ida Skogstr\u00f6m valdes till ordf\u00f6rande att leda \u00e5rsst\u00e4mman. Vid st\u00e4mman var 436 049 aktier (21,8 %) av totalt 1 998&nbsp;650 aktier representerade. St\u00e4mman beslutade att [&hellip;]\" \/>\n<meta property=\"og:url\" content=\"https:\/\/www.agma.com\/sv\/absolicon-solar-collector-ab-kommunike-fran-arsstamman-2021-05-12\/\" \/>\n<meta property=\"og:site_name\" content=\"Absolicon\" \/>\n<meta property=\"article:published_time\" content=\"2021-07-15T15:04:20+00:00\" \/>\n<meta name=\"author\" content=\"jakubschenk\" \/>\n<meta name=\"twitter:card\" content=\"summary_large_image\" \/>\n<meta name=\"twitter:label1\" content=\"Skriven av\" \/>\n\t<meta name=\"twitter:data1\" content=\"jakubschenk\" \/>\n<script type=\"application\/ld+json\" class=\"yoast-schema-graph\">{\"@context\":\"https:\\\/\\\/schema.org\",\"@graph\":[{\"@type\":\"Article\",\"@id\":\"https:\\\/\\\/www.agma.com\\\/sv\\\/absolicon-solar-collector-ab-kommunike-fran-arsstamman-2021-05-12\\\/#article\",\"isPartOf\":{\"@id\":\"https:\\\/\\\/www.agma.com\\\/sv\\\/absolicon-solar-collector-ab-kommunike-fran-arsstamman-2021-05-12\\\/\"},\"author\":{\"name\":\"jakubschenk\",\"@id\":\"https:\\\/\\\/www.agma.com\\\/sv\\\/#\\\/schema\\\/person\\\/6820b3ce1cc37edbaecc979090760d8b\"},\"headline\":\"Absolicon Solar Collector AB: Kommunik\u00e9 fr\u00e5n \u00e5rsst\u00e4mman 2021-05-12\",\"datePublished\":\"2021-07-15T15:04:20+00:00\",\"mainEntityOfPage\":{\"@id\":\"https:\\\/\\\/www.agma.com\\\/sv\\\/absolicon-solar-collector-ab-kommunike-fran-arsstamman-2021-05-12\\\/\"},\"wordCount\":238,\"commentCount\":0,\"publisher\":{\"@id\":\"https:\\\/\\\/www.agma.com\\\/sv\\\/#organization\"},\"articleSection\":[\"Pressrelease\"],\"inLanguage\":\"sv-SE\",\"potentialAction\":[{\"@type\":\"CommentAction\",\"name\":\"Comment\",\"target\":[\"https:\\\/\\\/www.agma.com\\\/sv\\\/absolicon-solar-collector-ab-kommunike-fran-arsstamman-2021-05-12\\\/#respond\"]}]},{\"@type\":\"WebPage\",\"@id\":\"https:\\\/\\\/www.agma.com\\\/sv\\\/absolicon-solar-collector-ab-kommunike-fran-arsstamman-2021-05-12\\\/\",\"url\":\"https:\\\/\\\/www.agma.com\\\/sv\\\/absolicon-solar-collector-ab-kommunike-fran-arsstamman-2021-05-12\\\/\",\"name\":\"Absolicon Solar Collector AB: Kommunik\u00e9 fr\u00e5n \u00e5rsst\u00e4mman 2021-05-12 - Absolicon\",\"isPartOf\":{\"@id\":\"https:\\\/\\\/www.agma.com\\\/sv\\\/#website\"},\"datePublished\":\"2021-07-15T15:04:20+00:00\",\"breadcrumb\":{\"@id\":\"https:\\\/\\\/www.agma.com\\\/sv\\\/absolicon-solar-collector-ab-kommunike-fran-arsstamman-2021-05-12\\\/#breadcrumb\"},\"inLanguage\":\"sv-SE\",\"potentialAction\":[{\"@type\":\"ReadAction\",\"target\":[\"https:\\\/\\\/www.agma.com\\\/sv\\\/absolicon-solar-collector-ab-kommunike-fran-arsstamman-2021-05-12\\\/\"]}]},{\"@type\":\"BreadcrumbList\",\"@id\":\"https:\\\/\\\/www.agma.com\\\/sv\\\/absolicon-solar-collector-ab-kommunike-fran-arsstamman-2021-05-12\\\/#breadcrumb\",\"itemListElement\":[{\"@type\":\"ListItem\",\"position\":1,\"name\":\"Home\",\"item\":\"https:\\\/\\\/www.agma.com\\\/sv\\\/\"},{\"@type\":\"ListItem\",\"position\":2,\"name\":\"Absolicon Solar Collector AB: Kommunik\u00e9 fr\u00e5n \u00e5rsst\u00e4mman 2021-05-12\"}]},{\"@type\":\"WebSite\",\"@id\":\"https:\\\/\\\/www.agma.com\\\/sv\\\/#website\",\"url\":\"https:\\\/\\\/www.agma.com\\\/sv\\\/\",\"name\":\"Absolicon\",\"description\":\"\",\"publisher\":{\"@id\":\"https:\\\/\\\/www.agma.com\\\/sv\\\/#organization\"},\"potentialAction\":[{\"@type\":\"SearchAction\",\"target\":{\"@type\":\"EntryPoint\",\"urlTemplate\":\"https:\\\/\\\/www.agma.com\\\/sv\\\/?s={search_term_string}\"},\"query-input\":{\"@type\":\"PropertyValueSpecification\",\"valueRequired\":true,\"valueName\":\"search_term_string\"}}],\"inLanguage\":\"sv-SE\"},{\"@type\":\"Organization\",\"@id\":\"https:\\\/\\\/www.agma.com\\\/sv\\\/#organization\",\"name\":\"Absolicon\",\"url\":\"https:\\\/\\\/www.agma.com\\\/sv\\\/\",\"logo\":{\"@type\":\"ImageObject\",\"inLanguage\":\"sv-SE\",\"@id\":\"https:\\\/\\\/www.agma.com\\\/sv\\\/#\\\/schema\\\/logo\\\/image\\\/\",\"url\":\"https:\\\/\\\/www.agma.com\\\/wp-content\\\/uploads\\\/2026\\\/04\\\/logotype_neg_blk.svg\",\"contentUrl\":\"https:\\\/\\\/www.agma.com\\\/wp-content\\\/uploads\\\/2026\\\/04\\\/logotype_neg_blk.svg\",\"width\":705,\"height\":83,\"caption\":\"Absolicon\"},\"image\":{\"@id\":\"https:\\\/\\\/www.agma.com\\\/sv\\\/#\\\/schema\\\/logo\\\/image\\\/\"}},{\"@type\":\"Person\",\"@id\":\"https:\\\/\\\/www.agma.com\\\/sv\\\/#\\\/schema\\\/person\\\/6820b3ce1cc37edbaecc979090760d8b\",\"name\":\"jakubschenk\",\"image\":{\"@type\":\"ImageObject\",\"inLanguage\":\"sv-SE\",\"@id\":\"https:\\\/\\\/secure.gravatar.com\\\/avatar\\\/0ab843002d4a58702560e02354e5f9a3206e13bbfaa9df5a188e463870f605cd?s=96&d=mm&r=g\",\"url\":\"https:\\\/\\\/secure.gravatar.com\\\/avatar\\\/0ab843002d4a58702560e02354e5f9a3206e13bbfaa9df5a188e463870f605cd?s=96&d=mm&r=g\",\"contentUrl\":\"https:\\\/\\\/secure.gravatar.com\\\/avatar\\\/0ab843002d4a58702560e02354e5f9a3206e13bbfaa9df5a188e463870f605cd?s=96&d=mm&r=g\",\"caption\":\"jakubschenk\"},\"sameAs\":[\"https:\\\/\\\/www.agma.com\"],\"url\":\"https:\\\/\\\/www.agma.com\\\/sv\\\/author\\\/jakubschenk\\\/\"}]}<\/script>\n<!-- \/ Yoast SEO plugin. -->","yoast_head_json":{"title":"Absolicon Solar Collector AB: Kommunik\u00e9 fr\u00e5n \u00e5rsst\u00e4mman 2021-05-12 - Absolicon","robots":{"index":"index","follow":"follow","max-snippet":"max-snippet:-1","max-image-preview":"max-image-preview:large","max-video-preview":"max-video-preview:-1"},"canonical":"https:\/\/www.agma.com\/sv\/absolicon-solar-collector-ab-kommunike-fran-arsstamman-2021-05-12\/","og_locale":"sv_SE","og_type":"article","og_title":"Absolicon Solar Collector AB: Kommunik\u00e9 fr\u00e5n \u00e5rsst\u00e4mman 2021-05-12 - Absolicon","og_description":"\u00c5rsst\u00e4mman webs\u00e4ndes och aktie\u00e4gare hade m\u00f6jlighet att delta via ombud p\u00e5 plats i H\u00e4rn\u00f6sand vilket dock ingen utnyttjade. Vd Joakim Bystr\u00f6m \u00f6ppnade st\u00e4mman. Nedan anges de huvudsakliga besluten vid \u00e5rsst\u00e4mman: Ida Skogstr\u00f6m valdes till ordf\u00f6rande att leda \u00e5rsst\u00e4mman. Vid st\u00e4mman var 436 049 aktier (21,8 %) av totalt 1 998&nbsp;650 aktier representerade. St\u00e4mman beslutade att [&hellip;]","og_url":"https:\/\/www.agma.com\/sv\/absolicon-solar-collector-ab-kommunike-fran-arsstamman-2021-05-12\/","og_site_name":"Absolicon","article_published_time":"2021-07-15T15:04:20+00:00","author":"jakubschenk","twitter_card":"summary_large_image","twitter_misc":{"Skriven av":"jakubschenk"},"schema":{"@context":"https:\/\/schema.org","@graph":[{"@type":"Article","@id":"https:\/\/www.agma.com\/sv\/absolicon-solar-collector-ab-kommunike-fran-arsstamman-2021-05-12\/#article","isPartOf":{"@id":"https:\/\/www.agma.com\/sv\/absolicon-solar-collector-ab-kommunike-fran-arsstamman-2021-05-12\/"},"author":{"name":"jakubschenk","@id":"https:\/\/www.agma.com\/sv\/#\/schema\/person\/6820b3ce1cc37edbaecc979090760d8b"},"headline":"Absolicon Solar Collector AB: Kommunik\u00e9 fr\u00e5n \u00e5rsst\u00e4mman 2021-05-12","datePublished":"2021-07-15T15:04:20+00:00","mainEntityOfPage":{"@id":"https:\/\/www.agma.com\/sv\/absolicon-solar-collector-ab-kommunike-fran-arsstamman-2021-05-12\/"},"wordCount":238,"commentCount":0,"publisher":{"@id":"https:\/\/www.agma.com\/sv\/#organization"},"articleSection":["Pressrelease"],"inLanguage":"sv-SE","potentialAction":[{"@type":"CommentAction","name":"Comment","target":["https:\/\/www.agma.com\/sv\/absolicon-solar-collector-ab-kommunike-fran-arsstamman-2021-05-12\/#respond"]}]},{"@type":"WebPage","@id":"https:\/\/www.agma.com\/sv\/absolicon-solar-collector-ab-kommunike-fran-arsstamman-2021-05-12\/","url":"https:\/\/www.agma.com\/sv\/absolicon-solar-collector-ab-kommunike-fran-arsstamman-2021-05-12\/","name":"Absolicon Solar Collector AB: Kommunik\u00e9 fr\u00e5n \u00e5rsst\u00e4mman 2021-05-12 - Absolicon","isPartOf":{"@id":"https:\/\/www.agma.com\/sv\/#website"},"datePublished":"2021-07-15T15:04:20+00:00","breadcrumb":{"@id":"https:\/\/www.agma.com\/sv\/absolicon-solar-collector-ab-kommunike-fran-arsstamman-2021-05-12\/#breadcrumb"},"inLanguage":"sv-SE","potentialAction":[{"@type":"ReadAction","target":["https:\/\/www.agma.com\/sv\/absolicon-solar-collector-ab-kommunike-fran-arsstamman-2021-05-12\/"]}]},{"@type":"BreadcrumbList","@id":"https:\/\/www.agma.com\/sv\/absolicon-solar-collector-ab-kommunike-fran-arsstamman-2021-05-12\/#breadcrumb","itemListElement":[{"@type":"ListItem","position":1,"name":"Home","item":"https:\/\/www.agma.com\/sv\/"},{"@type":"ListItem","position":2,"name":"Absolicon Solar Collector AB: Kommunik\u00e9 fr\u00e5n \u00e5rsst\u00e4mman 2021-05-12"}]},{"@type":"WebSite","@id":"https:\/\/www.agma.com\/sv\/#website","url":"https:\/\/www.agma.com\/sv\/","name":"Absolicon","description":"","publisher":{"@id":"https:\/\/www.agma.com\/sv\/#organization"},"potentialAction":[{"@type":"SearchAction","target":{"@type":"EntryPoint","urlTemplate":"https:\/\/www.agma.com\/sv\/?s={search_term_string}"},"query-input":{"@type":"PropertyValueSpecification","valueRequired":true,"valueName":"search_term_string"}}],"inLanguage":"sv-SE"},{"@type":"Organization","@id":"https:\/\/www.agma.com\/sv\/#organization","name":"Absolicon","url":"https:\/\/www.agma.com\/sv\/","logo":{"@type":"ImageObject","inLanguage":"sv-SE","@id":"https:\/\/www.agma.com\/sv\/#\/schema\/logo\/image\/","url":"https:\/\/www.agma.com\/wp-content\/uploads\/2026\/04\/logotype_neg_blk.svg","contentUrl":"https:\/\/www.agma.com\/wp-content\/uploads\/2026\/04\/logotype_neg_blk.svg","width":705,"height":83,"caption":"Absolicon"},"image":{"@id":"https:\/\/www.agma.com\/sv\/#\/schema\/logo\/image\/"}},{"@type":"Person","@id":"https:\/\/www.agma.com\/sv\/#\/schema\/person\/6820b3ce1cc37edbaecc979090760d8b","name":"jakubschenk","image":{"@type":"ImageObject","inLanguage":"sv-SE","@id":"https:\/\/secure.gravatar.com\/avatar\/0ab843002d4a58702560e02354e5f9a3206e13bbfaa9df5a188e463870f605cd?s=96&d=mm&r=g","url":"https:\/\/secure.gravatar.com\/avatar\/0ab843002d4a58702560e02354e5f9a3206e13bbfaa9df5a188e463870f605cd?s=96&d=mm&r=g","contentUrl":"https:\/\/secure.gravatar.com\/avatar\/0ab843002d4a58702560e02354e5f9a3206e13bbfaa9df5a188e463870f605cd?s=96&d=mm&r=g","caption":"jakubschenk"},"sameAs":["https:\/\/www.agma.com"],"url":"https:\/\/www.agma.com\/sv\/author\/jakubschenk\/"}]}},"_links":{"self":[{"href":"https:\/\/www.agma.com\/sv\/wp-json\/wp\/v2\/posts\/12175","targetHints":{"allow":["GET"]}}],"collection":[{"href":"https:\/\/www.agma.com\/sv\/wp-json\/wp\/v2\/posts"}],"about":[{"href":"https:\/\/www.agma.com\/sv\/wp-json\/wp\/v2\/types\/post"}],"author":[{"embeddable":true,"href":"https:\/\/www.agma.com\/sv\/wp-json\/wp\/v2\/users\/1"}],"replies":[{"embeddable":true,"href":"https:\/\/www.agma.com\/sv\/wp-json\/wp\/v2\/comments?post=12175"}],"version-history":[{"count":0,"href":"https:\/\/www.agma.com\/sv\/wp-json\/wp\/v2\/posts\/12175\/revisions"}],"wp:attachment":[{"href":"https:\/\/www.agma.com\/sv\/wp-json\/wp\/v2\/media?parent=12175"}],"wp:term":[{"taxonomy":"category","embeddable":true,"href":"https:\/\/www.agma.com\/sv\/wp-json\/wp\/v2\/categories?post=12175"},{"taxonomy":"post_tag","embeddable":true,"href":"https:\/\/www.agma.com\/sv\/wp-json\/wp\/v2\/tags?post=12175"}],"curies":[{"name":"wp","href":"https:\/\/api.w.org\/{rel}","templated":true}]}}