{"id":12815,"date":"2021-09-24T09:29:30","date_gmt":"2021-09-24T09:29:30","guid":{"rendered":"https:\/\/www.absolicon.com\/solenergiforetaget-absolicon-bjuder-in-press-aktieagare-klimatvanner-och-intresserade-till-invigning-av-sveriges-storsta-anlaggning-for-koncentrerande-solvarme-i-fjarrvarmen\/"},"modified":"2021-09-24T09:29:30","modified_gmt":"2021-09-24T09:29:30","slug":"solenergiforetaget-absolicon-bjuder-in-press-aktieagare-klimatvanner-och-intresserade-till-invigning-av-sveriges-storsta-anlaggning-for-koncentrerande-solvarme-i-fjarrvarmen","status":"publish","type":"post","link":"https:\/\/www.agma.com\/sv\/solenergiforetaget-absolicon-bjuder-in-press-aktieagare-klimatvanner-och-intresserade-till-invigning-av-sveriges-storsta-anlaggning-for-koncentrerande-solvarme-i-fjarrvarmen\/","title":{"rendered":"Solenergif\u00f6retaget Absolicon bjuder in press, aktie\u00e4gare, klimatv\u00e4nner och intresserade till invigning av\u00a0Sveriges st\u00f6rsta anl\u00e4ggning f\u00f6r koncentrerande solv\u00e4rme i fj\u00e4rrv\u00e4rmen"},"content":{"rendered":"<p style=\"margin-top:16px\"><span style=\"font-size:9pt\"><span><span style=\"font-family:arial,helvetica,sans-serif\"><span>Parken uppf&ouml;rs av solv&auml;rmebolaget Absolicon tillsammans med Energimyndigheten. F&ouml;rsta spadtaget togs 2020 av bland andra Energiminister Anders Ygeman och Energimyndighetens Generaldirekt&ouml;r Robert Andr&eacute;n.<\/span><\/span><\/span><\/span><\/p>\n<p><span style=\"font-size:9pt\"><span><span style=\"font-family:arial,helvetica,sans-serif\">H&auml;lften av v&auml;rldens totala energianv&auml;ndning g&aring;r till v&auml;rme. I Sverige v&auml;rmer fj&auml;rrv&auml;rme upp ca 90% av flerfamiljshusen och solv&auml;rme kan anv&auml;ndas f&ouml;r att minska b&aring;de koldioxidutsl&auml;pp och andelen biobr&auml;nslen i svensk fj&auml;rrv&auml;rme.<\/span><\/span><\/span><\/p>\n<p><span style=\"font-size:9pt\"><span><span style=\"font-family:arial,helvetica,sans-serif\">I september 2021 sl&auml;ppte Fossilfritt Sverige sin rapport som visar att Sverige r&auml;knat med allt f&ouml;r h&ouml;ga andelar biobr&auml;nslen i ett h&aring;llbart Sverige 2045. Bland annat tar de i rapporten upp att fj&auml;rrv&auml;rmeverken b&ouml;r minska sin eldning av flis. Solv&auml;rmeanl&auml;ggningen i H&auml;rn&ouml;sand kommer mitt p&aring; dagen en solig sommardag ha potential att svara f&ouml;r en fj&auml;rdedel av v&auml;rmebehovet i H&auml;rn&ouml;sands fj&auml;rrv&auml;rmen&auml;t.&nbsp;<\/span><\/span><\/span><\/p>\n<p><span style=\"font-size:9pt\"><span><span style=\"font-family:arial,helvetica,sans-serif\">I sin rapport &ldquo;Fossilfritt, f&ouml;rnybart, flexibelt &ndash; Framtidens h&aring;llbara energisystem&rdquo; har Naturskyddsf&ouml;reningen unders&ouml;kt hur ett hundra procent f&ouml;rnybart energisystem skulle se ut och f&ouml;resl&aring;r 20 % solv&auml;rme i den svenska fj&auml;rrv&auml;rmen 2040.<\/span><\/span><\/span><\/p>\n<p><span style=\"font-size:9pt\"><span><span style=\"font-family:arial,helvetica,sans-serif\">H&ouml;gsl&auml;tten 2023 Solar Thermal Park genomf&ouml;rs i flera faser. Den f&ouml;rsta etappen, som driftsattes i september 2021, best&aring;r av ca 1000 m2 solf&aring;ngare samt en teknikbyggnad f&ouml;r bes&ouml;k och integration mot fj&auml;rrv&auml;rmen&auml;tet. Hela parken ska st&aring; f&auml;rdig 2023.<\/span><\/span><\/span><\/p>\n<p><span style=\"font-size:9pt\"><span><span style=\"font-family:arial,helvetica,sans-serif\">Tid: <strong>30 september kl. 11.30 &ndash; 13.00<\/strong><\/span><\/span><\/span><br \/>\n<span style=\"font-size:9pt\"><span style=\"font-family:arial,helvetica,sans-serif\">Plats: <strong>Skyttev&auml;gen, H&auml;rn&ouml;sand<\/strong>. H&ouml;gsl&auml;ttens friluftsomr&aring;de mellan fotbollsplanen och skjutbanan.<\/span><\/span><br \/>\n<span style=\"font-size:9pt\"><span style=\"font-family:arial,helvetica,sans-serif\">Anm&auml;lan: <a href=\"https:\/\/www.agma.com\/invigning30sep\">absolicon.com\/invigning30sep<\/a><\/span><\/span><\/p>\n","protected":false},"excerpt":{"rendered":"<p>Parken uppf&ouml;rs av solv&auml;rmebolaget Absolicon tillsammans med Energimyndigheten. F&ouml;rsta spadtaget togs 2020 av bland andra Energiminister Anders Ygeman och Energimyndighetens Generaldirekt&ouml;r Robert Andr&eacute;n. H&auml;lften av v&auml;rldens totala energianv&auml;ndning g&aring;r till v&auml;rme. I Sverige v&auml;rmer fj&auml;rrv&auml;rme upp ca 90% av flerfamiljshusen och solv&auml;rme kan anv&auml;ndas f&ouml;r att minska b&aring;de koldioxidutsl&auml;pp och andelen biobr&auml;nslen i svensk fj&auml;rrv&auml;rme. [&hellip;]<\/p>\n","protected":false},"author":1,"featured_media":12816,"comment_status":"open","ping_status":"open","sticky":false,"template":"","format":"standard","meta":{"_acf_changed":false,"footnotes":""},"categories":[23],"tags":[],"class_list":["post-12815","post","type-post","status-publish","format-standard","has-post-thumbnail","hentry","category-pressrelease"],"acf":[],"yoast_head":"<!-- This site is optimized with the Yoast SEO plugin v27.4 - https:\/\/yoast.com\/product\/yoast-seo-wordpress\/ -->\n<title>Solenergif\u00f6retaget Absolicon bjuder in press, aktie\u00e4gare, klimatv\u00e4nner och intresserade till invigning av\u00a0Sveriges st\u00f6rsta anl\u00e4ggning f\u00f6r koncentrerande solv\u00e4rme i fj\u00e4rrv\u00e4rmen - Absolicon<\/title>\n<meta name=\"robots\" content=\"index, follow, max-snippet:-1, max-image-preview:large, max-video-preview:-1\" \/>\n<link rel=\"canonical\" href=\"https:\/\/www.agma.com\/sv\/solenergiforetaget-absolicon-bjuder-in-press-aktieagare-klimatvanner-och-intresserade-till-invigning-av-sveriges-storsta-anlaggning-for-koncentrerande-solvarme-i-fjarrvarmen\/\" \/>\n<meta property=\"og:locale\" content=\"sv_SE\" \/>\n<meta property=\"og:type\" content=\"article\" \/>\n<meta property=\"og:title\" content=\"Solenergif\u00f6retaget Absolicon bjuder in press, aktie\u00e4gare, klimatv\u00e4nner och intresserade till invigning av\u00a0Sveriges st\u00f6rsta anl\u00e4ggning f\u00f6r koncentrerande solv\u00e4rme i fj\u00e4rrv\u00e4rmen - Absolicon\" \/>\n<meta property=\"og:description\" content=\"Parken uppf&ouml;rs av solv&auml;rmebolaget Absolicon tillsammans med Energimyndigheten. F&ouml;rsta spadtaget togs 2020 av bland andra Energiminister Anders Ygeman och Energimyndighetens Generaldirekt&ouml;r Robert Andr&eacute;n. H&auml;lften av v&auml;rldens totala energianv&auml;ndning g&aring;r till v&auml;rme. I Sverige v&auml;rmer fj&auml;rrv&auml;rme upp ca 90% av flerfamiljshusen och solv&auml;rme kan anv&auml;ndas f&ouml;r att minska b&aring;de koldioxidutsl&auml;pp och andelen biobr&auml;nslen i svensk fj&auml;rrv&auml;rme. [&hellip;]\" \/>\n<meta property=\"og:url\" content=\"https:\/\/www.agma.com\/sv\/solenergiforetaget-absolicon-bjuder-in-press-aktieagare-klimatvanner-och-intresserade-till-invigning-av-sveriges-storsta-anlaggning-for-koncentrerande-solvarme-i-fjarrvarmen\/\" \/>\n<meta property=\"og:site_name\" content=\"Absolicon\" \/>\n<meta property=\"article:published_time\" content=\"2021-09-24T09:29:30+00:00\" \/>\n<meta property=\"og:image\" content=\"https:\/\/www.agma.com\/wp-content\/uploads\/2021\/09\/field_Absolicon-scaled.jpg\" \/>\n\t<meta property=\"og:image:width\" content=\"2560\" \/>\n\t<meta property=\"og:image:height\" content=\"1550\" \/>\n\t<meta property=\"og:image:type\" content=\"image\/jpeg\" \/>\n<meta name=\"author\" content=\"jakubschenk\" \/>\n<meta name=\"twitter:card\" content=\"summary_large_image\" \/>\n<meta name=\"twitter:label1\" content=\"Skriven av\" \/>\n\t<meta name=\"twitter:data1\" content=\"jakubschenk\" \/>\n<script type=\"application\/ld+json\" class=\"yoast-schema-graph\">{\"@context\":\"https:\\\/\\\/schema.org\",\"@graph\":[{\"@type\":\"Article\",\"@id\":\"https:\\\/\\\/www.agma.com\\\/sv\\\/solenergiforetaget-absolicon-bjuder-in-press-aktieagare-klimatvanner-och-intresserade-till-invigning-av-sveriges-storsta-anlaggning-for-koncentrerande-solvarme-i-fjarrvarmen\\\/#article\",\"isPartOf\":{\"@id\":\"https:\\\/\\\/www.agma.com\\\/sv\\\/solenergiforetaget-absolicon-bjuder-in-press-aktieagare-klimatvanner-och-intresserade-till-invigning-av-sveriges-storsta-anlaggning-for-koncentrerande-solvarme-i-fjarrvarmen\\\/\"},\"author\":{\"name\":\"jakubschenk\",\"@id\":\"https:\\\/\\\/www.agma.com\\\/sv\\\/#\\\/schema\\\/person\\\/6820b3ce1cc37edbaecc979090760d8b\"},\"headline\":\"Solenergif\u00f6retaget Absolicon bjuder in press, aktie\u00e4gare, klimatv\u00e4nner och intresserade till invigning av\u00a0Sveriges st\u00f6rsta anl\u00e4ggning f\u00f6r koncentrerande solv\u00e4rme i fj\u00e4rrv\u00e4rmen\",\"datePublished\":\"2021-09-24T09:29:30+00:00\",\"mainEntityOfPage\":{\"@id\":\"https:\\\/\\\/www.agma.com\\\/sv\\\/solenergiforetaget-absolicon-bjuder-in-press-aktieagare-klimatvanner-och-intresserade-till-invigning-av-sveriges-storsta-anlaggning-for-koncentrerande-solvarme-i-fjarrvarmen\\\/\"},\"wordCount\":369,\"commentCount\":0,\"publisher\":{\"@id\":\"https:\\\/\\\/www.agma.com\\\/sv\\\/#organization\"},\"image\":{\"@id\":\"https:\\\/\\\/www.agma.com\\\/sv\\\/solenergiforetaget-absolicon-bjuder-in-press-aktieagare-klimatvanner-och-intresserade-till-invigning-av-sveriges-storsta-anlaggning-for-koncentrerande-solvarme-i-fjarrvarmen\\\/#primaryimage\"},\"thumbnailUrl\":\"https:\\\/\\\/www.agma.com\\\/wp-content\\\/uploads\\\/2021\\\/09\\\/field_Absolicon-scaled.jpg\",\"articleSection\":[\"Pressrelease\"],\"inLanguage\":\"sv-SE\",\"potentialAction\":[{\"@type\":\"CommentAction\",\"name\":\"Comment\",\"target\":[\"https:\\\/\\\/www.agma.com\\\/sv\\\/solenergiforetaget-absolicon-bjuder-in-press-aktieagare-klimatvanner-och-intresserade-till-invigning-av-sveriges-storsta-anlaggning-for-koncentrerande-solvarme-i-fjarrvarmen\\\/#respond\"]}]},{\"@type\":\"WebPage\",\"@id\":\"https:\\\/\\\/www.agma.com\\\/sv\\\/solenergiforetaget-absolicon-bjuder-in-press-aktieagare-klimatvanner-och-intresserade-till-invigning-av-sveriges-storsta-anlaggning-for-koncentrerande-solvarme-i-fjarrvarmen\\\/\",\"url\":\"https:\\\/\\\/www.agma.com\\\/sv\\\/solenergiforetaget-absolicon-bjuder-in-press-aktieagare-klimatvanner-och-intresserade-till-invigning-av-sveriges-storsta-anlaggning-for-koncentrerande-solvarme-i-fjarrvarmen\\\/\",\"name\":\"Solenergif\u00f6retaget Absolicon bjuder in press, aktie\u00e4gare, klimatv\u00e4nner och intresserade till invigning av\u00a0Sveriges st\u00f6rsta anl\u00e4ggning f\u00f6r koncentrerande solv\u00e4rme i fj\u00e4rrv\u00e4rmen - Absolicon\",\"isPartOf\":{\"@id\":\"https:\\\/\\\/www.agma.com\\\/sv\\\/#website\"},\"primaryImageOfPage\":{\"@id\":\"https:\\\/\\\/www.agma.com\\\/sv\\\/solenergiforetaget-absolicon-bjuder-in-press-aktieagare-klimatvanner-och-intresserade-till-invigning-av-sveriges-storsta-anlaggning-for-koncentrerande-solvarme-i-fjarrvarmen\\\/#primaryimage\"},\"image\":{\"@id\":\"https:\\\/\\\/www.agma.com\\\/sv\\\/solenergiforetaget-absolicon-bjuder-in-press-aktieagare-klimatvanner-och-intresserade-till-invigning-av-sveriges-storsta-anlaggning-for-koncentrerande-solvarme-i-fjarrvarmen\\\/#primaryimage\"},\"thumbnailUrl\":\"https:\\\/\\\/www.agma.com\\\/wp-content\\\/uploads\\\/2021\\\/09\\\/field_Absolicon-scaled.jpg\",\"datePublished\":\"2021-09-24T09:29:30+00:00\",\"breadcrumb\":{\"@id\":\"https:\\\/\\\/www.agma.com\\\/sv\\\/solenergiforetaget-absolicon-bjuder-in-press-aktieagare-klimatvanner-och-intresserade-till-invigning-av-sveriges-storsta-anlaggning-for-koncentrerande-solvarme-i-fjarrvarmen\\\/#breadcrumb\"},\"inLanguage\":\"sv-SE\",\"potentialAction\":[{\"@type\":\"ReadAction\",\"target\":[\"https:\\\/\\\/www.agma.com\\\/sv\\\/solenergiforetaget-absolicon-bjuder-in-press-aktieagare-klimatvanner-och-intresserade-till-invigning-av-sveriges-storsta-anlaggning-for-koncentrerande-solvarme-i-fjarrvarmen\\\/\"]}]},{\"@type\":\"ImageObject\",\"inLanguage\":\"sv-SE\",\"@id\":\"https:\\\/\\\/www.agma.com\\\/sv\\\/solenergiforetaget-absolicon-bjuder-in-press-aktieagare-klimatvanner-och-intresserade-till-invigning-av-sveriges-storsta-anlaggning-for-koncentrerande-solvarme-i-fjarrvarmen\\\/#primaryimage\",\"url\":\"https:\\\/\\\/www.agma.com\\\/wp-content\\\/uploads\\\/2021\\\/09\\\/field_Absolicon-scaled.jpg\",\"contentUrl\":\"https:\\\/\\\/www.agma.com\\\/wp-content\\\/uploads\\\/2021\\\/09\\\/field_Absolicon-scaled.jpg\",\"width\":2560,\"height\":1550},{\"@type\":\"BreadcrumbList\",\"@id\":\"https:\\\/\\\/www.agma.com\\\/sv\\\/solenergiforetaget-absolicon-bjuder-in-press-aktieagare-klimatvanner-och-intresserade-till-invigning-av-sveriges-storsta-anlaggning-for-koncentrerande-solvarme-i-fjarrvarmen\\\/#breadcrumb\",\"itemListElement\":[{\"@type\":\"ListItem\",\"position\":1,\"name\":\"Home\",\"item\":\"https:\\\/\\\/www.agma.com\\\/sv\\\/\"},{\"@type\":\"ListItem\",\"position\":2,\"name\":\"Solenergif\u00f6retaget Absolicon bjuder in press, aktie\u00e4gare, klimatv\u00e4nner och intresserade till invigning av\u00a0Sveriges st\u00f6rsta anl\u00e4ggning f\u00f6r koncentrerande solv\u00e4rme i fj\u00e4rrv\u00e4rmen\"}]},{\"@type\":\"WebSite\",\"@id\":\"https:\\\/\\\/www.agma.com\\\/sv\\\/#website\",\"url\":\"https:\\\/\\\/www.agma.com\\\/sv\\\/\",\"name\":\"Absolicon\",\"description\":\"\",\"publisher\":{\"@id\":\"https:\\\/\\\/www.agma.com\\\/sv\\\/#organization\"},\"potentialAction\":[{\"@type\":\"SearchAction\",\"target\":{\"@type\":\"EntryPoint\",\"urlTemplate\":\"https:\\\/\\\/www.agma.com\\\/sv\\\/?s={search_term_string}\"},\"query-input\":{\"@type\":\"PropertyValueSpecification\",\"valueRequired\":true,\"valueName\":\"search_term_string\"}}],\"inLanguage\":\"sv-SE\"},{\"@type\":\"Organization\",\"@id\":\"https:\\\/\\\/www.agma.com\\\/sv\\\/#organization\",\"name\":\"Absolicon\",\"url\":\"https:\\\/\\\/www.agma.com\\\/sv\\\/\",\"logo\":{\"@type\":\"ImageObject\",\"inLanguage\":\"sv-SE\",\"@id\":\"https:\\\/\\\/www.agma.com\\\/sv\\\/#\\\/schema\\\/logo\\\/image\\\/\",\"url\":\"https:\\\/\\\/www.agma.com\\\/wp-content\\\/uploads\\\/2026\\\/04\\\/logotype_neg_blk.svg\",\"contentUrl\":\"https:\\\/\\\/www.agma.com\\\/wp-content\\\/uploads\\\/2026\\\/04\\\/logotype_neg_blk.svg\",\"width\":705,\"height\":83,\"caption\":\"Absolicon\"},\"image\":{\"@id\":\"https:\\\/\\\/www.agma.com\\\/sv\\\/#\\\/schema\\\/logo\\\/image\\\/\"}},{\"@type\":\"Person\",\"@id\":\"https:\\\/\\\/www.agma.com\\\/sv\\\/#\\\/schema\\\/person\\\/6820b3ce1cc37edbaecc979090760d8b\",\"name\":\"jakubschenk\",\"image\":{\"@type\":\"ImageObject\",\"inLanguage\":\"sv-SE\",\"@id\":\"https:\\\/\\\/secure.gravatar.com\\\/avatar\\\/0ab843002d4a58702560e02354e5f9a3206e13bbfaa9df5a188e463870f605cd?s=96&d=mm&r=g\",\"url\":\"https:\\\/\\\/secure.gravatar.com\\\/avatar\\\/0ab843002d4a58702560e02354e5f9a3206e13bbfaa9df5a188e463870f605cd?s=96&d=mm&r=g\",\"contentUrl\":\"https:\\\/\\\/secure.gravatar.com\\\/avatar\\\/0ab843002d4a58702560e02354e5f9a3206e13bbfaa9df5a188e463870f605cd?s=96&d=mm&r=g\",\"caption\":\"jakubschenk\"},\"sameAs\":[\"https:\\\/\\\/www.agma.com\"],\"url\":\"https:\\\/\\\/www.agma.com\\\/sv\\\/author\\\/jakubschenk\\\/\"}]}<\/script>\n<!-- \/ Yoast SEO plugin. -->","yoast_head_json":{"title":"Solenergif\u00f6retaget Absolicon bjuder in press, aktie\u00e4gare, klimatv\u00e4nner och intresserade till invigning av\u00a0Sveriges st\u00f6rsta anl\u00e4ggning f\u00f6r koncentrerande solv\u00e4rme i fj\u00e4rrv\u00e4rmen - Absolicon","robots":{"index":"index","follow":"follow","max-snippet":"max-snippet:-1","max-image-preview":"max-image-preview:large","max-video-preview":"max-video-preview:-1"},"canonical":"https:\/\/www.agma.com\/sv\/solenergiforetaget-absolicon-bjuder-in-press-aktieagare-klimatvanner-och-intresserade-till-invigning-av-sveriges-storsta-anlaggning-for-koncentrerande-solvarme-i-fjarrvarmen\/","og_locale":"sv_SE","og_type":"article","og_title":"Solenergif\u00f6retaget Absolicon bjuder in press, aktie\u00e4gare, klimatv\u00e4nner och intresserade till invigning av\u00a0Sveriges st\u00f6rsta anl\u00e4ggning f\u00f6r koncentrerande solv\u00e4rme i fj\u00e4rrv\u00e4rmen - Absolicon","og_description":"Parken uppf&ouml;rs av solv&auml;rmebolaget Absolicon tillsammans med Energimyndigheten. F&ouml;rsta spadtaget togs 2020 av bland andra Energiminister Anders Ygeman och Energimyndighetens Generaldirekt&ouml;r Robert Andr&eacute;n. H&auml;lften av v&auml;rldens totala energianv&auml;ndning g&aring;r till v&auml;rme. I Sverige v&auml;rmer fj&auml;rrv&auml;rme upp ca 90% av flerfamiljshusen och solv&auml;rme kan anv&auml;ndas f&ouml;r att minska b&aring;de koldioxidutsl&auml;pp och andelen biobr&auml;nslen i svensk fj&auml;rrv&auml;rme. [&hellip;]","og_url":"https:\/\/www.agma.com\/sv\/solenergiforetaget-absolicon-bjuder-in-press-aktieagare-klimatvanner-och-intresserade-till-invigning-av-sveriges-storsta-anlaggning-for-koncentrerande-solvarme-i-fjarrvarmen\/","og_site_name":"Absolicon","article_published_time":"2021-09-24T09:29:30+00:00","og_image":[{"width":2560,"height":1550,"url":"https:\/\/www.agma.com\/wp-content\/uploads\/2021\/09\/field_Absolicon-scaled.jpg","type":"image\/jpeg"}],"author":"jakubschenk","twitter_card":"summary_large_image","twitter_misc":{"Skriven av":"jakubschenk"},"schema":{"@context":"https:\/\/schema.org","@graph":[{"@type":"Article","@id":"https:\/\/www.agma.com\/sv\/solenergiforetaget-absolicon-bjuder-in-press-aktieagare-klimatvanner-och-intresserade-till-invigning-av-sveriges-storsta-anlaggning-for-koncentrerande-solvarme-i-fjarrvarmen\/#article","isPartOf":{"@id":"https:\/\/www.agma.com\/sv\/solenergiforetaget-absolicon-bjuder-in-press-aktieagare-klimatvanner-och-intresserade-till-invigning-av-sveriges-storsta-anlaggning-for-koncentrerande-solvarme-i-fjarrvarmen\/"},"author":{"name":"jakubschenk","@id":"https:\/\/www.agma.com\/sv\/#\/schema\/person\/6820b3ce1cc37edbaecc979090760d8b"},"headline":"Solenergif\u00f6retaget Absolicon bjuder in press, aktie\u00e4gare, klimatv\u00e4nner och intresserade till invigning av\u00a0Sveriges st\u00f6rsta anl\u00e4ggning f\u00f6r koncentrerande solv\u00e4rme i fj\u00e4rrv\u00e4rmen","datePublished":"2021-09-24T09:29:30+00:00","mainEntityOfPage":{"@id":"https:\/\/www.agma.com\/sv\/solenergiforetaget-absolicon-bjuder-in-press-aktieagare-klimatvanner-och-intresserade-till-invigning-av-sveriges-storsta-anlaggning-for-koncentrerande-solvarme-i-fjarrvarmen\/"},"wordCount":369,"commentCount":0,"publisher":{"@id":"https:\/\/www.agma.com\/sv\/#organization"},"image":{"@id":"https:\/\/www.agma.com\/sv\/solenergiforetaget-absolicon-bjuder-in-press-aktieagare-klimatvanner-och-intresserade-till-invigning-av-sveriges-storsta-anlaggning-for-koncentrerande-solvarme-i-fjarrvarmen\/#primaryimage"},"thumbnailUrl":"https:\/\/www.agma.com\/wp-content\/uploads\/2021\/09\/field_Absolicon-scaled.jpg","articleSection":["Pressrelease"],"inLanguage":"sv-SE","potentialAction":[{"@type":"CommentAction","name":"Comment","target":["https:\/\/www.agma.com\/sv\/solenergiforetaget-absolicon-bjuder-in-press-aktieagare-klimatvanner-och-intresserade-till-invigning-av-sveriges-storsta-anlaggning-for-koncentrerande-solvarme-i-fjarrvarmen\/#respond"]}]},{"@type":"WebPage","@id":"https:\/\/www.agma.com\/sv\/solenergiforetaget-absolicon-bjuder-in-press-aktieagare-klimatvanner-och-intresserade-till-invigning-av-sveriges-storsta-anlaggning-for-koncentrerande-solvarme-i-fjarrvarmen\/","url":"https:\/\/www.agma.com\/sv\/solenergiforetaget-absolicon-bjuder-in-press-aktieagare-klimatvanner-och-intresserade-till-invigning-av-sveriges-storsta-anlaggning-for-koncentrerande-solvarme-i-fjarrvarmen\/","name":"Solenergif\u00f6retaget Absolicon bjuder in press, aktie\u00e4gare, klimatv\u00e4nner och intresserade till invigning av\u00a0Sveriges st\u00f6rsta anl\u00e4ggning f\u00f6r koncentrerande solv\u00e4rme i fj\u00e4rrv\u00e4rmen - Absolicon","isPartOf":{"@id":"https:\/\/www.agma.com\/sv\/#website"},"primaryImageOfPage":{"@id":"https:\/\/www.agma.com\/sv\/solenergiforetaget-absolicon-bjuder-in-press-aktieagare-klimatvanner-och-intresserade-till-invigning-av-sveriges-storsta-anlaggning-for-koncentrerande-solvarme-i-fjarrvarmen\/#primaryimage"},"image":{"@id":"https:\/\/www.agma.com\/sv\/solenergiforetaget-absolicon-bjuder-in-press-aktieagare-klimatvanner-och-intresserade-till-invigning-av-sveriges-storsta-anlaggning-for-koncentrerande-solvarme-i-fjarrvarmen\/#primaryimage"},"thumbnailUrl":"https:\/\/www.agma.com\/wp-content\/uploads\/2021\/09\/field_Absolicon-scaled.jpg","datePublished":"2021-09-24T09:29:30+00:00","breadcrumb":{"@id":"https:\/\/www.agma.com\/sv\/solenergiforetaget-absolicon-bjuder-in-press-aktieagare-klimatvanner-och-intresserade-till-invigning-av-sveriges-storsta-anlaggning-for-koncentrerande-solvarme-i-fjarrvarmen\/#breadcrumb"},"inLanguage":"sv-SE","potentialAction":[{"@type":"ReadAction","target":["https:\/\/www.agma.com\/sv\/solenergiforetaget-absolicon-bjuder-in-press-aktieagare-klimatvanner-och-intresserade-till-invigning-av-sveriges-storsta-anlaggning-for-koncentrerande-solvarme-i-fjarrvarmen\/"]}]},{"@type":"ImageObject","inLanguage":"sv-SE","@id":"https:\/\/www.agma.com\/sv\/solenergiforetaget-absolicon-bjuder-in-press-aktieagare-klimatvanner-och-intresserade-till-invigning-av-sveriges-storsta-anlaggning-for-koncentrerande-solvarme-i-fjarrvarmen\/#primaryimage","url":"https:\/\/www.agma.com\/wp-content\/uploads\/2021\/09\/field_Absolicon-scaled.jpg","contentUrl":"https:\/\/www.agma.com\/wp-content\/uploads\/2021\/09\/field_Absolicon-scaled.jpg","width":2560,"height":1550},{"@type":"BreadcrumbList","@id":"https:\/\/www.agma.com\/sv\/solenergiforetaget-absolicon-bjuder-in-press-aktieagare-klimatvanner-och-intresserade-till-invigning-av-sveriges-storsta-anlaggning-for-koncentrerande-solvarme-i-fjarrvarmen\/#breadcrumb","itemListElement":[{"@type":"ListItem","position":1,"name":"Home","item":"https:\/\/www.agma.com\/sv\/"},{"@type":"ListItem","position":2,"name":"Solenergif\u00f6retaget Absolicon bjuder in press, aktie\u00e4gare, klimatv\u00e4nner och intresserade till invigning av\u00a0Sveriges st\u00f6rsta anl\u00e4ggning f\u00f6r koncentrerande solv\u00e4rme i fj\u00e4rrv\u00e4rmen"}]},{"@type":"WebSite","@id":"https:\/\/www.agma.com\/sv\/#website","url":"https:\/\/www.agma.com\/sv\/","name":"Absolicon","description":"","publisher":{"@id":"https:\/\/www.agma.com\/sv\/#organization"},"potentialAction":[{"@type":"SearchAction","target":{"@type":"EntryPoint","urlTemplate":"https:\/\/www.agma.com\/sv\/?s={search_term_string}"},"query-input":{"@type":"PropertyValueSpecification","valueRequired":true,"valueName":"search_term_string"}}],"inLanguage":"sv-SE"},{"@type":"Organization","@id":"https:\/\/www.agma.com\/sv\/#organization","name":"Absolicon","url":"https:\/\/www.agma.com\/sv\/","logo":{"@type":"ImageObject","inLanguage":"sv-SE","@id":"https:\/\/www.agma.com\/sv\/#\/schema\/logo\/image\/","url":"https:\/\/www.agma.com\/wp-content\/uploads\/2026\/04\/logotype_neg_blk.svg","contentUrl":"https:\/\/www.agma.com\/wp-content\/uploads\/2026\/04\/logotype_neg_blk.svg","width":705,"height":83,"caption":"Absolicon"},"image":{"@id":"https:\/\/www.agma.com\/sv\/#\/schema\/logo\/image\/"}},{"@type":"Person","@id":"https:\/\/www.agma.com\/sv\/#\/schema\/person\/6820b3ce1cc37edbaecc979090760d8b","name":"jakubschenk","image":{"@type":"ImageObject","inLanguage":"sv-SE","@id":"https:\/\/secure.gravatar.com\/avatar\/0ab843002d4a58702560e02354e5f9a3206e13bbfaa9df5a188e463870f605cd?s=96&d=mm&r=g","url":"https:\/\/secure.gravatar.com\/avatar\/0ab843002d4a58702560e02354e5f9a3206e13bbfaa9df5a188e463870f605cd?s=96&d=mm&r=g","contentUrl":"https:\/\/secure.gravatar.com\/avatar\/0ab843002d4a58702560e02354e5f9a3206e13bbfaa9df5a188e463870f605cd?s=96&d=mm&r=g","caption":"jakubschenk"},"sameAs":["https:\/\/www.agma.com"],"url":"https:\/\/www.agma.com\/sv\/author\/jakubschenk\/"}]}},"_links":{"self":[{"href":"https:\/\/www.agma.com\/sv\/wp-json\/wp\/v2\/posts\/12815","targetHints":{"allow":["GET"]}}],"collection":[{"href":"https:\/\/www.agma.com\/sv\/wp-json\/wp\/v2\/posts"}],"about":[{"href":"https:\/\/www.agma.com\/sv\/wp-json\/wp\/v2\/types\/post"}],"author":[{"embeddable":true,"href":"https:\/\/www.agma.com\/sv\/wp-json\/wp\/v2\/users\/1"}],"replies":[{"embeddable":true,"href":"https:\/\/www.agma.com\/sv\/wp-json\/wp\/v2\/comments?post=12815"}],"version-history":[{"count":0,"href":"https:\/\/www.agma.com\/sv\/wp-json\/wp\/v2\/posts\/12815\/revisions"}],"wp:featuredmedia":[{"embeddable":true,"href":"https:\/\/www.agma.com\/sv\/wp-json\/wp\/v2\/media\/12816"}],"wp:attachment":[{"href":"https:\/\/www.agma.com\/sv\/wp-json\/wp\/v2\/media?parent=12815"}],"wp:term":[{"taxonomy":"category","embeddable":true,"href":"https:\/\/www.agma.com\/sv\/wp-json\/wp\/v2\/categories?post=12815"},{"taxonomy":"post_tag","embeddable":true,"href":"https:\/\/www.agma.com\/sv\/wp-json\/wp\/v2\/tags?post=12815"}],"curies":[{"name":"wp","href":"https:\/\/api.w.org\/{rel}","templated":true}]}}