{"id":13492,"date":"2021-12-06T09:18:45","date_gmt":"2021-12-06T09:18:45","guid":{"rendered":"https:\/\/www.absolicon.com\/ideal-e-tecknar-ramavtal-med-absolicon-for-etablering-av-produktionslina-i-italien\/"},"modified":"2021-12-06T09:18:45","modified_gmt":"2021-12-06T09:18:45","slug":"ideal-e-tecknar-ramavtal-med-absolicon-for-etablering-av-produktionslina-i-italien","status":"publish","type":"post","link":"https:\/\/www.agma.com\/sv\/ideal-e-tecknar-ramavtal-med-absolicon-for-etablering-av-produktionslina-i-italien\/","title":{"rendered":"IDEAL-E tecknar ramavtal med Absolicon f\u00f6r etablering av produktionslina i Italien"},"content":{"rendered":"<h2 style=\"margin-bottom: 11px\"><span><span style=\"font-size:11pt\"><span><span style=\"font-family:arial,helvetica,sans-serif\"><strong><span style=\"font-size:12pt\"><span><span style=\"font-family:arial,helvetica,sans-serif\">Marknadspotential<\/span><\/span><\/span><\/strong><\/span><\/span><\/span><\/span><\/h2>\n<p style=\"margin-bottom:11px;margin-top:12px\"><span><span><span style=\"font-size:12pt\"><span><span style=\"font-family:arial,helvetica,sans-serif\">Italien har m\u00e5nga platser med h\u00f6g solinstr\u00e5lning. Den potentiella marknaden i Italien f\u00f6r en produktionslina som producerar Absolicons solf\u00e5ngare T160 uppg\u00e5r till 5 miljoner kvm, motsvarande 1 miljon solf\u00e5ngare eller 2,5 GWth, vilket minskar koldioxidutsl\u00e4ppen inom industrisektorn i Italien d\u00e5 anv\u00e4ndningen av fossila br\u00e4nslen ers\u00e4tts som energik\u00e4lla.<\/span><\/span><\/span><\/span><\/span><\/p>\n<p style=\"margin-bottom:11px\"><span><span><span style=\"font-size:12pt\"><span><span style=\"font-family:arial,helvetica,sans-serif\">IDEAL-e SRl Ecosoluzioni (IDEAL-e) \u00e4r ett f\u00f6retag specialiserat p\u00e5 att designa och utf\u00f6ra projekt inom energieffektivisering f\u00f6r bostadshus och andra fastigheter och anl\u00e4ggningar. De erbjuder tj\u00e4nster inom energibesparing till privatkunder och f\u00f6retag.<\/span><\/span><\/span><\/span><\/span><\/p>\n<p style=\"margin-bottom:11px\"><span><span><span style=\"font-size:12pt\"><span><span style=\"font-family:arial,helvetica,sans-serif\">F\u00f6retaget \u00e4r en avknoppning fr\u00e5n ett italienskt huvudentrepren\u00f6rsf\u00f6retag inom flera omr\u00e5den (elektriska och termohydrauliska industrisystem, upprustning av avloppsvattenanl\u00e4ggningar, infrastrukturl\u00f6sningar f\u00f6r offentlig LED-belysning) och det leds av tv\u00e5 skickliga entusiaster av h\u00e5llbara l\u00f6sningar. IDEAL-e har utvecklat Energy Building Automation-system som \u00e4r l\u00e4mpligt f\u00f6r inv\u00e4ndig styrning av v\u00e4rme-, luftkonditionerings- och belysningssystem, utrustade med artificiell intelligens.<\/span><\/span><\/span><\/span><\/span><\/p>\n<p style=\"margin-bottom:11px\"><span><span><span style=\"font-size:12pt\"><span><span style=\"font-family:arial,helvetica,sans-serif\">Absolicon och IDEAL-E har tecknat ett ramavtal f\u00f6r etablering av en produktionslina i Italien f\u00f6r att f\u00f6rse regionen med avancerade solf\u00e5ngare.<\/span><\/span><\/span><\/span><\/span><\/p>\n<p style=\"margin-bottom:11px\"><span><span><span style=\"font-size:12pt\"><span><span style=\"font-family:arial,helvetica,sans-serif\">Samarbetet bygger p\u00e5 IDEAL-Es kvalificerade erfarenhet av skr\u00e4ddarsydda projekt inom energieffektivisering i regionen.<\/span><\/span><\/span><\/span><\/span><\/p>\n<p style=\"margin-bottom:11px\"><span><span style=\"font-size:11pt\"><span><span style=\"font-family:arial,helvetica,sans-serif\"><span style=\"font-size:12pt\"><span><span style=\"font-family:arial,helvetica,sans-serif\">De st\u00f6rsta segmenten <\/span><\/span><\/span><span style=\"font-size:12pt\"><span><span style=\"font-family:arial,helvetica,sans-serif\">i regionen \u00e4r:<\/span><\/span><\/span><\/span><\/span><\/span><\/span><\/p>\n<ul>\n<li style=\"font-family:arial,helvetica,sans-serif;font-size:12pt;margin-left:8px\"><span><span style=\"font-size:11pt\"><span><span style=\"font-family:arial,helvetica,sans-serif\"><span style=\"font-size:12pt\"><span><span style=\"font-family:arial,helvetica,sans-serif\">Pappersindustri<\/span><\/span><\/span><\/span><\/span><\/span><\/span><\/li>\n<li style=\"font-family:arial,helvetica,sans-serif;font-size:12pt;margin-left:8px\"><span><span style=\"font-size:11pt\"><span><span style=\"font-family:arial,helvetica,sans-serif\"><span style=\"font-size:12pt\"><span><span style=\"font-family:arial,helvetica,sans-serif\">Livsmedelsindustri<\/span><\/span><\/span><\/span><\/span><\/span><\/span><\/li>\n<li style=\"font-family:arial,helvetica,sans-serif;font-size:12pt;margin-bottom:11px;margin-left:8px\"><span><span style=\"font-size:11pt\"><span><span style=\"font-family:arial,helvetica,sans-serif\"><span style=\"font-size:12pt\"><span><span style=\"font-family:arial,helvetica,sans-serif\">Kemikalieindustri<\/span><\/span><\/span><\/span><\/span><\/span><\/span><\/li>\n<\/ul>\n<h2 style=\"margin-top:8px;margin-bottom:4px\"><span><span style=\"font-size:12pt\"><span><span style=\"font-family:arial,helvetica,sans-serif\"><span><span style=\"font-family:arial,helvetica,sans-serif\">Inneh\u00e5ll i ramavtalet<\/span><\/span><\/span><\/span><\/span><\/span><\/h2>\n<p style=\"margin-top: 8px;margin-bottom: 4px\"><span><span style=\"font-size:11pt\"><span><span style=\"font-family:arial,helvetica,sans-serif\"><span style=\"font-size:12pt\"><span><span style=\"font-family:arial,helvetica,sans-serif\"><span style=\"font-weight:normal\">Ramavtalet beskriver de separata avtal som skall uppr\u00e4ttas i processen. Absolicons int\u00e4kter fr\u00e5n f\u00f6rs\u00e4ljningen kan inordnas i tre grupper: f\u00f6rv\u00e4rv av linan, licensint\u00e4kter och int\u00e4kter fr\u00e5n materialf\u00f6rs\u00e4ljning.<\/span><\/span><\/span><\/span><\/span><\/span><\/span><\/span><\/p>\n<h3 style=\"margin-top:8px;margin-bottom:4px\"><span><span style=\"font-size:11pt\"><span><span style=\"font-family:arial,helvetica,sans-serif\"><span style=\"font-size:12pt\"><span><span style=\"font-family:arial,helvetica,sans-serif\">1. F\u00f6rs\u00e4ljning av produktionslinan<\/span><\/span><\/span><\/span><\/span><\/span><\/span><\/h3>\n<p style=\"margin-bottom:11px\"><span><span style=\"font-size:11pt\"><span><span style=\"font-family:arial,helvetica,sans-serif\"><span style=\"font-size:12pt\"><span><span style=\"font-family:arial,helvetica,sans-serif\">Produktionslinan \u00e4r av samma modell som Absolicon har i Sverige och som bolaget redan levererat till Sichuanprovinsen. Linan \u00e4r f\u00f6rsedd med tv\u00e5 sexaxlade robotar och har en kapacitet att producera 50 MW (18 000 solf\u00e5ngare) per \u00e5r. Tillsammans med h\u00e5rdvaran erbjuder Absolicon konsultst\u00f6d f\u00f6r marknadsf\u00f6ring och teknisk support, utveckling och teknisk utbildning.<\/span><\/span><\/span><\/span><\/span><\/span><\/span><\/p>\n<p style=\"margin-bottom:11px\"><span><span style=\"font-size:11pt\"><span><span style=\"font-family:arial,helvetica,sans-serif\"><span style=\"font-size:12pt\"><span><span style=\"font-family:arial,helvetica,sans-serif\">Det totala v\u00e4rdet av h\u00e5rdvara och verksamhet som omfattas av avtalet uppskattas till 40\u201350 miljoner SEK.<\/span><\/span><\/span><\/span><\/span><\/span><\/span><\/p>\n<h3 style=\"margin-top:8px;margin-bottom:4px\"><span><span style=\"font-size:11pt\"><span><span style=\"font-family:arial,helvetica,sans-serif\"><span style=\"font-size:12pt\"><span><span style=\"font-family:arial,helvetica,sans-serif\">2. Licens att tillverka T160<\/span><\/span><\/span><\/span><\/span><\/span><\/span><\/h3>\n<p style=\"margin-bottom:11px\"><span><span style=\"font-size:11pt\"><span><span style=\"font-family:arial,helvetica,sans-serif\"><span style=\"font-size:12pt\"><span><span style=\"font-family:arial,helvetica,sans-serif\">F\u00f6r r\u00e4tten att tillverka T160 enligt Absolicons immaterialr\u00e4ttsliga skydd, delta i framtida produktutveckling och anv\u00e4nda Absolicons varum\u00e4rke g\u00e4ller en m\u00e5natlig licensavgift om cirka 300 SEK \/s\u00e5ld solf\u00e5ngare.<\/span><\/span><\/span><\/span><\/span><\/span><\/span><\/p>\n<p style=\"margin-bottom:11px\"><span><span style=\"font-size:11pt\"><span><span style=\"font-family:arial,helvetica,sans-serif\"><span style=\"font-size:12pt\"><span><span style=\"font-family:arial,helvetica,sans-serif\">Produktionslinan i full produktion producerar 50 MW solf\u00e5ngare (18 000 samlare) per \u00e5r med ett f\u00f6rs\u00e4ljningsv\u00e4rde motsvarande 200\u2013250 miljoner SEK vilket med licensavgift p\u00e5 cirka 300 SEK\/ s\u00e5ld solf\u00e5ngare skulle inneb\u00e4ra cirka 5 000 000 SEK per \u00e5r i licensint\u00e4kter. Absolicons uppskattning \u00e4r dock att det tar tid f\u00f6r IDEAL-E att utveckla solv\u00e4rmemarknaden f\u00f6r industrier i regionen s\u00e5 att dessa volymer kan uppn\u00e5s.<\/span><\/span><\/span><\/span><\/span><\/span><\/span><\/p>\n<h3 style=\"margin-top:8px;margin-bottom:4px\"><span><span style=\"font-size:11pt\"><span><span style=\"font-family:arial,helvetica,sans-serif\"><span style=\"font-size:12pt\"><span><span style=\"font-family:arial,helvetica,sans-serif\">3. Materialf\u00f6rs\u00f6rjning<\/span><\/span><\/span><\/span><\/span><\/span><\/span><\/h3>\n<p style=\"margin-bottom:11px\"><span><span style=\"font-size:11pt\"><span><span style=\"font-family:arial,helvetica,sans-serif\"><span style=\"font-size:12pt\"><span><span style=\"font-family:arial,helvetica,sans-serif\">Genom avtalet s\u00e4kerst\u00e4ller Absolicon tillg\u00e5ng till patenterade komponenter och h\u00f6gkvalitativa ing\u00e5ngar som delvis tillverkas i Italien eller lokalt p\u00e5 installationsplatsen.<\/span><\/span><\/span><\/span><\/span><\/span><\/span><\/p>\n<p style=\"margin-bottom:11px\"><span><span style=\"font-size:11pt\"><span><span style=\"font-family:arial,helvetica,sans-serif\"><span style=\"font-size:12pt\"><span><span style=\"font-family:arial,helvetica,sans-serif\">Vid full produktion m\u00e5ste produktionslinan k\u00f6pa material f\u00f6r omkring 100\u2013150 miljoner SEK per \u00e5r d\u00e4r 30\u201340 procent av ink\u00f6pen kan g\u00e5 via Absolicon och 60 &#8211; 70 procent fr\u00e5n lokala underleverant\u00f6rer. Utfallet f\u00f6r Absolicon beror till viss del p\u00e5 resultatet av Absolicons p\u00e5g\u00e5ende materiella investering.<\/span><\/span><\/span><\/span><\/span><\/span><\/span><\/p>\n<h3 style=\"margin-top:8px;margin-bottom:4px\"><span><span style=\"font-size:11pt\"><span><span style=\"font-family:arial,helvetica,sans-serif\"><span style=\"font-size:12pt\"><span><span style=\"font-family:arial,helvetica,sans-serif\">Ramavtalet beskriver \u00f6vergripande principer<\/span><\/span><\/span><\/span><\/span><\/span><\/span><\/h3>\n<p style=\"margin-bottom:11px\"><span><span><span style=\"font-size:12pt\"><span><span style=\"font-family:arial,helvetica,sans-serif\">Ramavtalet f\u00f6reskriver de allm\u00e4nna principerna f\u00f6r de separata avtal som ska uppr\u00e4ttas och de \u00e5tg\u00e4rder som ska vidtas innan ett bindande avtal om f\u00f6rv\u00e4rv av produktionslinan kan undertecknas. Absolicon uppskattar idag att avtalets f\u00f6rs\u00e4ljningsv\u00e4rde ligger i den nedre delen av intervallet 40\u201350 miljoner SEK. Ramavtalet stadgar inte n\u00e5gra bindande miniminiv\u00e5er som inneb\u00e4r att IDEAL-E \u00e4r skyldig att best\u00e4lla f\u00f6r ett visst v\u00e4rde. Det uppskattade v\u00e4rdet av ett bindande avtal kan komma att \u00e4ndras liksom slutgiltig utformning av produktionslinans produktionskapacitet.<\/span><\/span><\/span><\/span><\/span><\/p>\n<p style=\"margin-bottom:11px\"><span><span style=\"font-size:11pt\"><span><span style=\"font-family:arial,helvetica,sans-serif\"><span style=\"font-size:12pt\"><span><span style=\"font-family:arial,helvetica,sans-serif\">Om IDEAL-E inte uppfyller sina \u00e5taganden i alla skeden f\u00f6rlorar de r\u00e4tten att slutf\u00f6ra f\u00f6rv\u00e4rvet och har sedan m\u00f6jlighet att \u00e5terkr\u00e4va en del av k\u00f6peskillingen, men aldrig f\u00f6r Absolicons uppkomna kostnader.<\/span><\/span><\/span><\/span><\/span><\/span><\/span><\/p>\n<h3 style=\"margin-top:8px;margin-bottom:4px\"><span><span style=\"font-size:11pt\"><span><span style=\"font-family:arial,helvetica,sans-serif\"><span style=\"font-size:12pt\"><span><span style=\"font-family:arial,helvetica,sans-serif\">N\u00e4sta steg<\/span><\/span><\/span><\/span><\/span><\/span><\/span><\/h3>\n<p style=\"margin-bottom:11px\"><span><span style=\"font-size:11pt\"><span><span style=\"font-family:arial,helvetica,sans-serif\"><span style=\"font-size:12pt\"><span><span style=\"font-family:arial,helvetica,sans-serif\">Samarbetet \u00e4r fortfarande i ett tidigt skede och forts\u00e4tter med utbildning och strategiarbete. Efter detta kommer ett mer detaljerat kontrakt att uppr\u00e4ttas och framtida utbetalningar kommer att ske steg f\u00f6r steg p\u00e5 samma s\u00e4tt som vid den tidigare f\u00f6rs\u00e4ljningen av produktionslinan till provinsen Sichuan.<\/span><\/span><\/span><\/span><\/span><\/span><\/span><\/p>\n","protected":false},"excerpt":{"rendered":"<p>Marknadspotential Italien har m\u00e5nga platser med h\u00f6g solinstr\u00e5lning. Den potentiella marknaden i Italien f\u00f6r en produktionslina som producerar Absolicons solf\u00e5ngare T160 uppg\u00e5r till 5 miljoner kvm, motsvarande 1 miljon solf\u00e5ngare eller 2,5 GWth, vilket minskar koldioxidutsl\u00e4ppen inom industrisektorn i Italien d\u00e5 anv\u00e4ndningen av fossila br\u00e4nslen ers\u00e4tts som energik\u00e4lla. IDEAL-e SRl Ecosoluzioni (IDEAL-e) \u00e4r ett f\u00f6retag [&hellip;]<\/p>\n","protected":false},"author":1,"featured_media":0,"comment_status":"open","ping_status":"open","sticky":false,"template":"","format":"standard","meta":{"_acf_changed":false,"footnotes":""},"categories":[23],"tags":[],"class_list":["post-13492","post","type-post","status-publish","format-standard","hentry","category-pressrelease"],"acf":[],"yoast_head":"<!-- This site is optimized with the Yoast SEO plugin v27.4 - https:\/\/yoast.com\/product\/yoast-seo-wordpress\/ -->\n<title>IDEAL-E tecknar ramavtal med Absolicon f\u00f6r etablering av produktionslina i Italien - Absolicon<\/title>\n<meta name=\"robots\" content=\"index, follow, max-snippet:-1, max-image-preview:large, max-video-preview:-1\" \/>\n<link rel=\"canonical\" href=\"https:\/\/www.agma.com\/sv\/ideal-e-tecknar-ramavtal-med-absolicon-for-etablering-av-produktionslina-i-italien\/\" \/>\n<meta property=\"og:locale\" content=\"sv_SE\" \/>\n<meta property=\"og:type\" content=\"article\" \/>\n<meta property=\"og:title\" content=\"IDEAL-E tecknar ramavtal med Absolicon f\u00f6r etablering av produktionslina i Italien - Absolicon\" \/>\n<meta property=\"og:description\" content=\"Marknadspotential Italien har m\u00e5nga platser med h\u00f6g solinstr\u00e5lning. Den potentiella marknaden i Italien f\u00f6r en produktionslina som producerar Absolicons solf\u00e5ngare T160 uppg\u00e5r till 5 miljoner kvm, motsvarande 1 miljon solf\u00e5ngare eller 2,5 GWth, vilket minskar koldioxidutsl\u00e4ppen inom industrisektorn i Italien d\u00e5 anv\u00e4ndningen av fossila br\u00e4nslen ers\u00e4tts som energik\u00e4lla. IDEAL-e SRl Ecosoluzioni (IDEAL-e) \u00e4r ett f\u00f6retag [&hellip;]\" \/>\n<meta property=\"og:url\" content=\"https:\/\/www.agma.com\/sv\/ideal-e-tecknar-ramavtal-med-absolicon-for-etablering-av-produktionslina-i-italien\/\" \/>\n<meta property=\"og:site_name\" content=\"Absolicon\" \/>\n<meta property=\"article:published_time\" content=\"2021-12-06T09:18:45+00:00\" \/>\n<meta name=\"author\" content=\"jakubschenk\" \/>\n<meta name=\"twitter:card\" content=\"summary_large_image\" \/>\n<meta name=\"twitter:label1\" content=\"Skriven av\" \/>\n\t<meta name=\"twitter:data1\" content=\"jakubschenk\" \/>\n<script type=\"application\/ld+json\" class=\"yoast-schema-graph\">{\"@context\":\"https:\\\/\\\/schema.org\",\"@graph\":[{\"@type\":\"Article\",\"@id\":\"https:\\\/\\\/www.agma.com\\\/sv\\\/ideal-e-tecknar-ramavtal-med-absolicon-for-etablering-av-produktionslina-i-italien\\\/#article\",\"isPartOf\":{\"@id\":\"https:\\\/\\\/www.agma.com\\\/sv\\\/ideal-e-tecknar-ramavtal-med-absolicon-for-etablering-av-produktionslina-i-italien\\\/\"},\"author\":{\"name\":\"jakubschenk\",\"@id\":\"https:\\\/\\\/www.agma.com\\\/sv\\\/#\\\/schema\\\/person\\\/6820b3ce1cc37edbaecc979090760d8b\"},\"headline\":\"IDEAL-E tecknar ramavtal med Absolicon f\u00f6r etablering av produktionslina i Italien\",\"datePublished\":\"2021-12-06T09:18:45+00:00\",\"mainEntityOfPage\":{\"@id\":\"https:\\\/\\\/www.agma.com\\\/sv\\\/ideal-e-tecknar-ramavtal-med-absolicon-for-etablering-av-produktionslina-i-italien\\\/\"},\"wordCount\":720,\"commentCount\":0,\"publisher\":{\"@id\":\"https:\\\/\\\/www.agma.com\\\/sv\\\/#organization\"},\"articleSection\":[\"Pressrelease\"],\"inLanguage\":\"sv-SE\",\"potentialAction\":[{\"@type\":\"CommentAction\",\"name\":\"Comment\",\"target\":[\"https:\\\/\\\/www.agma.com\\\/sv\\\/ideal-e-tecknar-ramavtal-med-absolicon-for-etablering-av-produktionslina-i-italien\\\/#respond\"]}]},{\"@type\":\"WebPage\",\"@id\":\"https:\\\/\\\/www.agma.com\\\/sv\\\/ideal-e-tecknar-ramavtal-med-absolicon-for-etablering-av-produktionslina-i-italien\\\/\",\"url\":\"https:\\\/\\\/www.agma.com\\\/sv\\\/ideal-e-tecknar-ramavtal-med-absolicon-for-etablering-av-produktionslina-i-italien\\\/\",\"name\":\"IDEAL-E tecknar ramavtal med Absolicon f\u00f6r etablering av produktionslina i Italien - Absolicon\",\"isPartOf\":{\"@id\":\"https:\\\/\\\/www.agma.com\\\/sv\\\/#website\"},\"datePublished\":\"2021-12-06T09:18:45+00:00\",\"breadcrumb\":{\"@id\":\"https:\\\/\\\/www.agma.com\\\/sv\\\/ideal-e-tecknar-ramavtal-med-absolicon-for-etablering-av-produktionslina-i-italien\\\/#breadcrumb\"},\"inLanguage\":\"sv-SE\",\"potentialAction\":[{\"@type\":\"ReadAction\",\"target\":[\"https:\\\/\\\/www.agma.com\\\/sv\\\/ideal-e-tecknar-ramavtal-med-absolicon-for-etablering-av-produktionslina-i-italien\\\/\"]}]},{\"@type\":\"BreadcrumbList\",\"@id\":\"https:\\\/\\\/www.agma.com\\\/sv\\\/ideal-e-tecknar-ramavtal-med-absolicon-for-etablering-av-produktionslina-i-italien\\\/#breadcrumb\",\"itemListElement\":[{\"@type\":\"ListItem\",\"position\":1,\"name\":\"Home\",\"item\":\"https:\\\/\\\/www.agma.com\\\/sv\\\/\"},{\"@type\":\"ListItem\",\"position\":2,\"name\":\"IDEAL-E tecknar ramavtal med Absolicon f\u00f6r etablering av produktionslina i Italien\"}]},{\"@type\":\"WebSite\",\"@id\":\"https:\\\/\\\/www.agma.com\\\/sv\\\/#website\",\"url\":\"https:\\\/\\\/www.agma.com\\\/sv\\\/\",\"name\":\"Absolicon\",\"description\":\"\",\"publisher\":{\"@id\":\"https:\\\/\\\/www.agma.com\\\/sv\\\/#organization\"},\"potentialAction\":[{\"@type\":\"SearchAction\",\"target\":{\"@type\":\"EntryPoint\",\"urlTemplate\":\"https:\\\/\\\/www.agma.com\\\/sv\\\/?s={search_term_string}\"},\"query-input\":{\"@type\":\"PropertyValueSpecification\",\"valueRequired\":true,\"valueName\":\"search_term_string\"}}],\"inLanguage\":\"sv-SE\"},{\"@type\":\"Organization\",\"@id\":\"https:\\\/\\\/www.agma.com\\\/sv\\\/#organization\",\"name\":\"Absolicon\",\"url\":\"https:\\\/\\\/www.agma.com\\\/sv\\\/\",\"logo\":{\"@type\":\"ImageObject\",\"inLanguage\":\"sv-SE\",\"@id\":\"https:\\\/\\\/www.agma.com\\\/sv\\\/#\\\/schema\\\/logo\\\/image\\\/\",\"url\":\"https:\\\/\\\/www.agma.com\\\/wp-content\\\/uploads\\\/2026\\\/04\\\/logotype_neg_blk.svg\",\"contentUrl\":\"https:\\\/\\\/www.agma.com\\\/wp-content\\\/uploads\\\/2026\\\/04\\\/logotype_neg_blk.svg\",\"width\":705,\"height\":83,\"caption\":\"Absolicon\"},\"image\":{\"@id\":\"https:\\\/\\\/www.agma.com\\\/sv\\\/#\\\/schema\\\/logo\\\/image\\\/\"}},{\"@type\":\"Person\",\"@id\":\"https:\\\/\\\/www.agma.com\\\/sv\\\/#\\\/schema\\\/person\\\/6820b3ce1cc37edbaecc979090760d8b\",\"name\":\"jakubschenk\",\"image\":{\"@type\":\"ImageObject\",\"inLanguage\":\"sv-SE\",\"@id\":\"https:\\\/\\\/secure.gravatar.com\\\/avatar\\\/0ab843002d4a58702560e02354e5f9a3206e13bbfaa9df5a188e463870f605cd?s=96&d=mm&r=g\",\"url\":\"https:\\\/\\\/secure.gravatar.com\\\/avatar\\\/0ab843002d4a58702560e02354e5f9a3206e13bbfaa9df5a188e463870f605cd?s=96&d=mm&r=g\",\"contentUrl\":\"https:\\\/\\\/secure.gravatar.com\\\/avatar\\\/0ab843002d4a58702560e02354e5f9a3206e13bbfaa9df5a188e463870f605cd?s=96&d=mm&r=g\",\"caption\":\"jakubschenk\"},\"sameAs\":[\"https:\\\/\\\/www.agma.com\"],\"url\":\"https:\\\/\\\/www.agma.com\\\/sv\\\/author\\\/jakubschenk\\\/\"}]}<\/script>\n<!-- \/ Yoast SEO plugin. -->","yoast_head_json":{"title":"IDEAL-E tecknar ramavtal med Absolicon f\u00f6r etablering av produktionslina i Italien - Absolicon","robots":{"index":"index","follow":"follow","max-snippet":"max-snippet:-1","max-image-preview":"max-image-preview:large","max-video-preview":"max-video-preview:-1"},"canonical":"https:\/\/www.agma.com\/sv\/ideal-e-tecknar-ramavtal-med-absolicon-for-etablering-av-produktionslina-i-italien\/","og_locale":"sv_SE","og_type":"article","og_title":"IDEAL-E tecknar ramavtal med Absolicon f\u00f6r etablering av produktionslina i Italien - Absolicon","og_description":"Marknadspotential Italien har m\u00e5nga platser med h\u00f6g solinstr\u00e5lning. Den potentiella marknaden i Italien f\u00f6r en produktionslina som producerar Absolicons solf\u00e5ngare T160 uppg\u00e5r till 5 miljoner kvm, motsvarande 1 miljon solf\u00e5ngare eller 2,5 GWth, vilket minskar koldioxidutsl\u00e4ppen inom industrisektorn i Italien d\u00e5 anv\u00e4ndningen av fossila br\u00e4nslen ers\u00e4tts som energik\u00e4lla. IDEAL-e SRl Ecosoluzioni (IDEAL-e) \u00e4r ett f\u00f6retag [&hellip;]","og_url":"https:\/\/www.agma.com\/sv\/ideal-e-tecknar-ramavtal-med-absolicon-for-etablering-av-produktionslina-i-italien\/","og_site_name":"Absolicon","article_published_time":"2021-12-06T09:18:45+00:00","author":"jakubschenk","twitter_card":"summary_large_image","twitter_misc":{"Skriven av":"jakubschenk"},"schema":{"@context":"https:\/\/schema.org","@graph":[{"@type":"Article","@id":"https:\/\/www.agma.com\/sv\/ideal-e-tecknar-ramavtal-med-absolicon-for-etablering-av-produktionslina-i-italien\/#article","isPartOf":{"@id":"https:\/\/www.agma.com\/sv\/ideal-e-tecknar-ramavtal-med-absolicon-for-etablering-av-produktionslina-i-italien\/"},"author":{"name":"jakubschenk","@id":"https:\/\/www.agma.com\/sv\/#\/schema\/person\/6820b3ce1cc37edbaecc979090760d8b"},"headline":"IDEAL-E tecknar ramavtal med Absolicon f\u00f6r etablering av produktionslina i Italien","datePublished":"2021-12-06T09:18:45+00:00","mainEntityOfPage":{"@id":"https:\/\/www.agma.com\/sv\/ideal-e-tecknar-ramavtal-med-absolicon-for-etablering-av-produktionslina-i-italien\/"},"wordCount":720,"commentCount":0,"publisher":{"@id":"https:\/\/www.agma.com\/sv\/#organization"},"articleSection":["Pressrelease"],"inLanguage":"sv-SE","potentialAction":[{"@type":"CommentAction","name":"Comment","target":["https:\/\/www.agma.com\/sv\/ideal-e-tecknar-ramavtal-med-absolicon-for-etablering-av-produktionslina-i-italien\/#respond"]}]},{"@type":"WebPage","@id":"https:\/\/www.agma.com\/sv\/ideal-e-tecknar-ramavtal-med-absolicon-for-etablering-av-produktionslina-i-italien\/","url":"https:\/\/www.agma.com\/sv\/ideal-e-tecknar-ramavtal-med-absolicon-for-etablering-av-produktionslina-i-italien\/","name":"IDEAL-E tecknar ramavtal med Absolicon f\u00f6r etablering av produktionslina i Italien - Absolicon","isPartOf":{"@id":"https:\/\/www.agma.com\/sv\/#website"},"datePublished":"2021-12-06T09:18:45+00:00","breadcrumb":{"@id":"https:\/\/www.agma.com\/sv\/ideal-e-tecknar-ramavtal-med-absolicon-for-etablering-av-produktionslina-i-italien\/#breadcrumb"},"inLanguage":"sv-SE","potentialAction":[{"@type":"ReadAction","target":["https:\/\/www.agma.com\/sv\/ideal-e-tecknar-ramavtal-med-absolicon-for-etablering-av-produktionslina-i-italien\/"]}]},{"@type":"BreadcrumbList","@id":"https:\/\/www.agma.com\/sv\/ideal-e-tecknar-ramavtal-med-absolicon-for-etablering-av-produktionslina-i-italien\/#breadcrumb","itemListElement":[{"@type":"ListItem","position":1,"name":"Home","item":"https:\/\/www.agma.com\/sv\/"},{"@type":"ListItem","position":2,"name":"IDEAL-E tecknar ramavtal med Absolicon f\u00f6r etablering av produktionslina i Italien"}]},{"@type":"WebSite","@id":"https:\/\/www.agma.com\/sv\/#website","url":"https:\/\/www.agma.com\/sv\/","name":"Absolicon","description":"","publisher":{"@id":"https:\/\/www.agma.com\/sv\/#organization"},"potentialAction":[{"@type":"SearchAction","target":{"@type":"EntryPoint","urlTemplate":"https:\/\/www.agma.com\/sv\/?s={search_term_string}"},"query-input":{"@type":"PropertyValueSpecification","valueRequired":true,"valueName":"search_term_string"}}],"inLanguage":"sv-SE"},{"@type":"Organization","@id":"https:\/\/www.agma.com\/sv\/#organization","name":"Absolicon","url":"https:\/\/www.agma.com\/sv\/","logo":{"@type":"ImageObject","inLanguage":"sv-SE","@id":"https:\/\/www.agma.com\/sv\/#\/schema\/logo\/image\/","url":"https:\/\/www.agma.com\/wp-content\/uploads\/2026\/04\/logotype_neg_blk.svg","contentUrl":"https:\/\/www.agma.com\/wp-content\/uploads\/2026\/04\/logotype_neg_blk.svg","width":705,"height":83,"caption":"Absolicon"},"image":{"@id":"https:\/\/www.agma.com\/sv\/#\/schema\/logo\/image\/"}},{"@type":"Person","@id":"https:\/\/www.agma.com\/sv\/#\/schema\/person\/6820b3ce1cc37edbaecc979090760d8b","name":"jakubschenk","image":{"@type":"ImageObject","inLanguage":"sv-SE","@id":"https:\/\/secure.gravatar.com\/avatar\/0ab843002d4a58702560e02354e5f9a3206e13bbfaa9df5a188e463870f605cd?s=96&d=mm&r=g","url":"https:\/\/secure.gravatar.com\/avatar\/0ab843002d4a58702560e02354e5f9a3206e13bbfaa9df5a188e463870f605cd?s=96&d=mm&r=g","contentUrl":"https:\/\/secure.gravatar.com\/avatar\/0ab843002d4a58702560e02354e5f9a3206e13bbfaa9df5a188e463870f605cd?s=96&d=mm&r=g","caption":"jakubschenk"},"sameAs":["https:\/\/www.agma.com"],"url":"https:\/\/www.agma.com\/sv\/author\/jakubschenk\/"}]}},"_links":{"self":[{"href":"https:\/\/www.agma.com\/sv\/wp-json\/wp\/v2\/posts\/13492","targetHints":{"allow":["GET"]}}],"collection":[{"href":"https:\/\/www.agma.com\/sv\/wp-json\/wp\/v2\/posts"}],"about":[{"href":"https:\/\/www.agma.com\/sv\/wp-json\/wp\/v2\/types\/post"}],"author":[{"embeddable":true,"href":"https:\/\/www.agma.com\/sv\/wp-json\/wp\/v2\/users\/1"}],"replies":[{"embeddable":true,"href":"https:\/\/www.agma.com\/sv\/wp-json\/wp\/v2\/comments?post=13492"}],"version-history":[{"count":0,"href":"https:\/\/www.agma.com\/sv\/wp-json\/wp\/v2\/posts\/13492\/revisions"}],"wp:attachment":[{"href":"https:\/\/www.agma.com\/sv\/wp-json\/wp\/v2\/media?parent=13492"}],"wp:term":[{"taxonomy":"category","embeddable":true,"href":"https:\/\/www.agma.com\/sv\/wp-json\/wp\/v2\/categories?post=13492"},{"taxonomy":"post_tag","embeddable":true,"href":"https:\/\/www.agma.com\/sv\/wp-json\/wp\/v2\/tags?post=13492"}],"curies":[{"name":"wp","href":"https:\/\/api.w.org\/{rel}","templated":true}]}}