{"id":13622,"date":"2022-01-17T13:22:50","date_gmt":"2022-01-17T13:22:50","guid":{"rendered":"https:\/\/www.absolicon.com\/absolicon-solar-collector-ab-flyttas-upp-till-spotlight-next\/"},"modified":"2022-01-17T13:22:50","modified_gmt":"2022-01-17T13:22:50","slug":"absolicon-solar-collector-ab-flyttas-upp-till-spotlight-next","status":"publish","type":"post","link":"https:\/\/www.agma.com\/sv\/absolicon-solar-collector-ab-flyttas-upp-till-spotlight-next\/","title":{"rendered":"Absolicon Solar Collector AB flyttas upp till Spotlight Next"},"content":{"rendered":"<p style=\"margin-bottom:11px;margin-top:12px\"><span><span><span style=\"font-size:12pt\"><span><span style=\"font-family:arial,helvetica,sans-serif\">Spotlight Next \u00e4r ett segment f\u00f6r bolag som \u00e4r redo f\u00f6r n\u00e4sta kapitel i sin tillv\u00e4xtresa. Bolagen inom segmentet f\u00f6ljer h\u00f6gre krav, ges \u00f6kad exponering och f\u00e5r en kvalitetsst\u00e4mpel. Segmentet har skapats med en vision om att driva en milj\u00f6 med en h\u00f6gre institutionell n\u00e4rvaro.<\/span><\/span><\/span><\/span><\/span><\/p>\n<p style=\"margin-bottom:11px\"><span><span><span style=\"font-size:12pt\"><span><span style=\"font-family:arial,helvetica,sans-serif\">&#8221;F\u00f6r Absolicon \u00e4r Spotlight Next och att \u00f6verg\u00e5 till internationella redovisningsregler ett viktigt steg p\u00e5 v\u00e4gen till att handlas p\u00e5 reglerad marknad. Samtidigt f\u00e5r vi en bredare exponering p\u00e5 kapitalmarknaden. Industriell solv\u00e4rme f\u00f6rutsp\u00e5s v\u00e4xa kraftigt och tillg\u00e5ng till expansionskapital kommer vara en framg\u00e5ngsfaktor&#8221;, kommenterar Absolicons vd Joakim Bystr\u00f6m.<\/span><\/span><\/span><\/span><\/span><\/p>\n<p style=\"margin-bottom:11px\"><span><span><span style=\"font-size:12pt\"><span><span style=\"font-family:arial,helvetica,sans-serif\">&#8221;Vi \u00e4r v\u00e4ldigt stolta och glada \u00f6ver att f\u00e5 v\u00e4lkomna Absolicon till Spotlight Next. De har haft en sp\u00e4nnande utveckling och vi ser fram emot att f\u00f6lja nya framg\u00e5ngar p\u00e5 Absolicons tillv\u00e4xtresa&#8221;, kommenterar Anders Eriksson, Marknadsplatschef p\u00e5 Spotlight.<\/span><\/span><\/span><\/span><\/span><\/p>\n<p style=\"margin-bottom:11px\"><span><span><strong><span style=\"font-size:12pt\"><span><span style=\"font-family:arial,helvetica,sans-serif\">Om Absolicon Solar Collector AB<\/span><\/span><\/span><\/strong><\/span><\/span><\/p>\n<p style=\"margin-bottom:11px\"><span><span><span style=\"font-size:12pt\"><span><span style=\"font-family:arial,helvetica,sans-serif\">Absolicon etablerades 2005 och tillhandah\u00e5ller solv\u00e4rmel\u00f6sningar f\u00f6r industrier och st\u00e4der. Absolicons paraboliska solf\u00e5ngare \u00e4r marknadsledande inom solv\u00e4rme f\u00f6r industriella processer. Genom att s\u00e4lja lokala produktionslinor f\u00f6r solf\u00e5ngarna kan Absolicon tillhandah\u00e5lla en l\u00f6nsam, l\u00e4ttinstallerad och utsl\u00e4ppsfri energil\u00f6sning som levererar v\u00e4rme och \u00e5nga till industriprocesser och fj\u00e4rrv\u00e4rmen\u00e4t. www.absolicon.se<\/span><\/span><\/span><\/span><\/span><\/p>\n<p style=\"margin-bottom:11px\"><span><span><strong><span style=\"font-size:12pt\"><span><span style=\"font-family:arial,helvetica,sans-serif\">Om Spotlight<\/span><\/span><\/span><\/strong><\/span><\/span><\/p>\n<p style=\"margin-bottom:11px\"><span><span><span style=\"font-size:12pt\"><span><span style=\"font-family:arial,helvetica,sans-serif\">Spotlight \u00e4r marknadsplatsen d\u00e4r investerare och tillv\u00e4xtbolag m\u00f6ts. Hos oss \u00e4r det enklare och tryggare f\u00f6r bolagen att vara noterade. Vi erbjuder en helhetsl\u00f6sning som \u00f6kar synligheten f\u00f6r v\u00e5ra bolag genom unika mediesamarbeten. Investerare f\u00e5r genom Spotlight m\u00f6jlighet att bli del\u00e4gare i \u00f6ver 170 tillv\u00e4xtbolag i olika branscher fr\u00e5n flera l\u00e4nder, d\u00e4ribland bolag som Bahnhof, Freetrailer och Synthetic MR. www.spotlightstockmarket.com<\/span><\/span><\/span><\/span><\/span><\/p>\n","protected":false},"excerpt":{"rendered":"<p>Spotlight Next \u00e4r ett segment f\u00f6r bolag som \u00e4r redo f\u00f6r n\u00e4sta kapitel i sin tillv\u00e4xtresa. Bolagen inom segmentet f\u00f6ljer h\u00f6gre krav, ges \u00f6kad exponering och f\u00e5r en kvalitetsst\u00e4mpel. Segmentet har skapats med en vision om att driva en milj\u00f6 med en h\u00f6gre institutionell n\u00e4rvaro. &#8221;F\u00f6r Absolicon \u00e4r Spotlight Next och att \u00f6verg\u00e5 till internationella [&hellip;]<\/p>\n","protected":false},"author":1,"featured_media":0,"comment_status":"open","ping_status":"open","sticky":false,"template":"","format":"standard","meta":{"_acf_changed":false,"footnotes":""},"categories":[23],"tags":[],"class_list":["post-13622","post","type-post","status-publish","format-standard","hentry","category-pressrelease"],"acf":[],"yoast_head":"<!-- This site is optimized with the Yoast SEO plugin v27.4 - https:\/\/yoast.com\/product\/yoast-seo-wordpress\/ -->\n<title>Absolicon Solar Collector AB flyttas upp till Spotlight Next - Absolicon<\/title>\n<meta name=\"robots\" content=\"index, follow, max-snippet:-1, max-image-preview:large, max-video-preview:-1\" \/>\n<link rel=\"canonical\" href=\"https:\/\/www.agma.com\/sv\/absolicon-solar-collector-ab-flyttas-upp-till-spotlight-next\/\" \/>\n<meta property=\"og:locale\" content=\"sv_SE\" \/>\n<meta property=\"og:type\" content=\"article\" \/>\n<meta property=\"og:title\" content=\"Absolicon Solar Collector AB flyttas upp till Spotlight Next - Absolicon\" \/>\n<meta property=\"og:description\" content=\"Spotlight Next \u00e4r ett segment f\u00f6r bolag som \u00e4r redo f\u00f6r n\u00e4sta kapitel i sin tillv\u00e4xtresa. Bolagen inom segmentet f\u00f6ljer h\u00f6gre krav, ges \u00f6kad exponering och f\u00e5r en kvalitetsst\u00e4mpel. Segmentet har skapats med en vision om att driva en milj\u00f6 med en h\u00f6gre institutionell n\u00e4rvaro. &#8221;F\u00f6r Absolicon \u00e4r Spotlight Next och att \u00f6verg\u00e5 till internationella [&hellip;]\" \/>\n<meta property=\"og:url\" content=\"https:\/\/www.agma.com\/sv\/absolicon-solar-collector-ab-flyttas-upp-till-spotlight-next\/\" \/>\n<meta property=\"og:site_name\" content=\"Absolicon\" \/>\n<meta property=\"article:published_time\" content=\"2022-01-17T13:22:50+00:00\" \/>\n<meta name=\"author\" content=\"jakubschenk\" \/>\n<meta name=\"twitter:card\" content=\"summary_large_image\" \/>\n<meta name=\"twitter:label1\" content=\"Skriven av\" \/>\n\t<meta name=\"twitter:data1\" content=\"jakubschenk\" \/>\n<script type=\"application\/ld+json\" class=\"yoast-schema-graph\">{\"@context\":\"https:\\\/\\\/schema.org\",\"@graph\":[{\"@type\":\"Article\",\"@id\":\"https:\\\/\\\/www.agma.com\\\/sv\\\/absolicon-solar-collector-ab-flyttas-upp-till-spotlight-next\\\/#article\",\"isPartOf\":{\"@id\":\"https:\\\/\\\/www.agma.com\\\/sv\\\/absolicon-solar-collector-ab-flyttas-upp-till-spotlight-next\\\/\"},\"author\":{\"name\":\"jakubschenk\",\"@id\":\"https:\\\/\\\/www.agma.com\\\/sv\\\/#\\\/schema\\\/person\\\/6820b3ce1cc37edbaecc979090760d8b\"},\"headline\":\"Absolicon Solar Collector AB flyttas upp till Spotlight Next\",\"datePublished\":\"2022-01-17T13:22:50+00:00\",\"mainEntityOfPage\":{\"@id\":\"https:\\\/\\\/www.agma.com\\\/sv\\\/absolicon-solar-collector-ab-flyttas-upp-till-spotlight-next\\\/\"},\"wordCount\":315,\"commentCount\":0,\"publisher\":{\"@id\":\"https:\\\/\\\/www.agma.com\\\/sv\\\/#organization\"},\"articleSection\":[\"Pressrelease\"],\"inLanguage\":\"sv-SE\",\"potentialAction\":[{\"@type\":\"CommentAction\",\"name\":\"Comment\",\"target\":[\"https:\\\/\\\/www.agma.com\\\/sv\\\/absolicon-solar-collector-ab-flyttas-upp-till-spotlight-next\\\/#respond\"]}]},{\"@type\":\"WebPage\",\"@id\":\"https:\\\/\\\/www.agma.com\\\/sv\\\/absolicon-solar-collector-ab-flyttas-upp-till-spotlight-next\\\/\",\"url\":\"https:\\\/\\\/www.agma.com\\\/sv\\\/absolicon-solar-collector-ab-flyttas-upp-till-spotlight-next\\\/\",\"name\":\"Absolicon Solar Collector AB flyttas upp till Spotlight Next - Absolicon\",\"isPartOf\":{\"@id\":\"https:\\\/\\\/www.agma.com\\\/sv\\\/#website\"},\"datePublished\":\"2022-01-17T13:22:50+00:00\",\"breadcrumb\":{\"@id\":\"https:\\\/\\\/www.agma.com\\\/sv\\\/absolicon-solar-collector-ab-flyttas-upp-till-spotlight-next\\\/#breadcrumb\"},\"inLanguage\":\"sv-SE\",\"potentialAction\":[{\"@type\":\"ReadAction\",\"target\":[\"https:\\\/\\\/www.agma.com\\\/sv\\\/absolicon-solar-collector-ab-flyttas-upp-till-spotlight-next\\\/\"]}]},{\"@type\":\"BreadcrumbList\",\"@id\":\"https:\\\/\\\/www.agma.com\\\/sv\\\/absolicon-solar-collector-ab-flyttas-upp-till-spotlight-next\\\/#breadcrumb\",\"itemListElement\":[{\"@type\":\"ListItem\",\"position\":1,\"name\":\"Home\",\"item\":\"https:\\\/\\\/www.agma.com\\\/sv\\\/\"},{\"@type\":\"ListItem\",\"position\":2,\"name\":\"Absolicon Solar Collector AB flyttas upp till Spotlight Next\"}]},{\"@type\":\"WebSite\",\"@id\":\"https:\\\/\\\/www.agma.com\\\/sv\\\/#website\",\"url\":\"https:\\\/\\\/www.agma.com\\\/sv\\\/\",\"name\":\"Absolicon\",\"description\":\"\",\"publisher\":{\"@id\":\"https:\\\/\\\/www.agma.com\\\/sv\\\/#organization\"},\"potentialAction\":[{\"@type\":\"SearchAction\",\"target\":{\"@type\":\"EntryPoint\",\"urlTemplate\":\"https:\\\/\\\/www.agma.com\\\/sv\\\/?s={search_term_string}\"},\"query-input\":{\"@type\":\"PropertyValueSpecification\",\"valueRequired\":true,\"valueName\":\"search_term_string\"}}],\"inLanguage\":\"sv-SE\"},{\"@type\":\"Organization\",\"@id\":\"https:\\\/\\\/www.agma.com\\\/sv\\\/#organization\",\"name\":\"Absolicon\",\"url\":\"https:\\\/\\\/www.agma.com\\\/sv\\\/\",\"logo\":{\"@type\":\"ImageObject\",\"inLanguage\":\"sv-SE\",\"@id\":\"https:\\\/\\\/www.agma.com\\\/sv\\\/#\\\/schema\\\/logo\\\/image\\\/\",\"url\":\"https:\\\/\\\/www.agma.com\\\/wp-content\\\/uploads\\\/2026\\\/04\\\/logotype_neg_blk.svg\",\"contentUrl\":\"https:\\\/\\\/www.agma.com\\\/wp-content\\\/uploads\\\/2026\\\/04\\\/logotype_neg_blk.svg\",\"width\":705,\"height\":83,\"caption\":\"Absolicon\"},\"image\":{\"@id\":\"https:\\\/\\\/www.agma.com\\\/sv\\\/#\\\/schema\\\/logo\\\/image\\\/\"}},{\"@type\":\"Person\",\"@id\":\"https:\\\/\\\/www.agma.com\\\/sv\\\/#\\\/schema\\\/person\\\/6820b3ce1cc37edbaecc979090760d8b\",\"name\":\"jakubschenk\",\"image\":{\"@type\":\"ImageObject\",\"inLanguage\":\"sv-SE\",\"@id\":\"https:\\\/\\\/secure.gravatar.com\\\/avatar\\\/0ab843002d4a58702560e02354e5f9a3206e13bbfaa9df5a188e463870f605cd?s=96&d=mm&r=g\",\"url\":\"https:\\\/\\\/secure.gravatar.com\\\/avatar\\\/0ab843002d4a58702560e02354e5f9a3206e13bbfaa9df5a188e463870f605cd?s=96&d=mm&r=g\",\"contentUrl\":\"https:\\\/\\\/secure.gravatar.com\\\/avatar\\\/0ab843002d4a58702560e02354e5f9a3206e13bbfaa9df5a188e463870f605cd?s=96&d=mm&r=g\",\"caption\":\"jakubschenk\"},\"sameAs\":[\"https:\\\/\\\/www.agma.com\"],\"url\":\"https:\\\/\\\/www.agma.com\\\/sv\\\/author\\\/jakubschenk\\\/\"}]}<\/script>\n<!-- \/ Yoast SEO plugin. -->","yoast_head_json":{"title":"Absolicon Solar Collector AB flyttas upp till Spotlight Next - Absolicon","robots":{"index":"index","follow":"follow","max-snippet":"max-snippet:-1","max-image-preview":"max-image-preview:large","max-video-preview":"max-video-preview:-1"},"canonical":"https:\/\/www.agma.com\/sv\/absolicon-solar-collector-ab-flyttas-upp-till-spotlight-next\/","og_locale":"sv_SE","og_type":"article","og_title":"Absolicon Solar Collector AB flyttas upp till Spotlight Next - Absolicon","og_description":"Spotlight Next \u00e4r ett segment f\u00f6r bolag som \u00e4r redo f\u00f6r n\u00e4sta kapitel i sin tillv\u00e4xtresa. Bolagen inom segmentet f\u00f6ljer h\u00f6gre krav, ges \u00f6kad exponering och f\u00e5r en kvalitetsst\u00e4mpel. Segmentet har skapats med en vision om att driva en milj\u00f6 med en h\u00f6gre institutionell n\u00e4rvaro. &#8221;F\u00f6r Absolicon \u00e4r Spotlight Next och att \u00f6verg\u00e5 till internationella [&hellip;]","og_url":"https:\/\/www.agma.com\/sv\/absolicon-solar-collector-ab-flyttas-upp-till-spotlight-next\/","og_site_name":"Absolicon","article_published_time":"2022-01-17T13:22:50+00:00","author":"jakubschenk","twitter_card":"summary_large_image","twitter_misc":{"Skriven av":"jakubschenk"},"schema":{"@context":"https:\/\/schema.org","@graph":[{"@type":"Article","@id":"https:\/\/www.agma.com\/sv\/absolicon-solar-collector-ab-flyttas-upp-till-spotlight-next\/#article","isPartOf":{"@id":"https:\/\/www.agma.com\/sv\/absolicon-solar-collector-ab-flyttas-upp-till-spotlight-next\/"},"author":{"name":"jakubschenk","@id":"https:\/\/www.agma.com\/sv\/#\/schema\/person\/6820b3ce1cc37edbaecc979090760d8b"},"headline":"Absolicon Solar Collector AB flyttas upp till Spotlight Next","datePublished":"2022-01-17T13:22:50+00:00","mainEntityOfPage":{"@id":"https:\/\/www.agma.com\/sv\/absolicon-solar-collector-ab-flyttas-upp-till-spotlight-next\/"},"wordCount":315,"commentCount":0,"publisher":{"@id":"https:\/\/www.agma.com\/sv\/#organization"},"articleSection":["Pressrelease"],"inLanguage":"sv-SE","potentialAction":[{"@type":"CommentAction","name":"Comment","target":["https:\/\/www.agma.com\/sv\/absolicon-solar-collector-ab-flyttas-upp-till-spotlight-next\/#respond"]}]},{"@type":"WebPage","@id":"https:\/\/www.agma.com\/sv\/absolicon-solar-collector-ab-flyttas-upp-till-spotlight-next\/","url":"https:\/\/www.agma.com\/sv\/absolicon-solar-collector-ab-flyttas-upp-till-spotlight-next\/","name":"Absolicon Solar Collector AB flyttas upp till Spotlight Next - Absolicon","isPartOf":{"@id":"https:\/\/www.agma.com\/sv\/#website"},"datePublished":"2022-01-17T13:22:50+00:00","breadcrumb":{"@id":"https:\/\/www.agma.com\/sv\/absolicon-solar-collector-ab-flyttas-upp-till-spotlight-next\/#breadcrumb"},"inLanguage":"sv-SE","potentialAction":[{"@type":"ReadAction","target":["https:\/\/www.agma.com\/sv\/absolicon-solar-collector-ab-flyttas-upp-till-spotlight-next\/"]}]},{"@type":"BreadcrumbList","@id":"https:\/\/www.agma.com\/sv\/absolicon-solar-collector-ab-flyttas-upp-till-spotlight-next\/#breadcrumb","itemListElement":[{"@type":"ListItem","position":1,"name":"Home","item":"https:\/\/www.agma.com\/sv\/"},{"@type":"ListItem","position":2,"name":"Absolicon Solar Collector AB flyttas upp till Spotlight Next"}]},{"@type":"WebSite","@id":"https:\/\/www.agma.com\/sv\/#website","url":"https:\/\/www.agma.com\/sv\/","name":"Absolicon","description":"","publisher":{"@id":"https:\/\/www.agma.com\/sv\/#organization"},"potentialAction":[{"@type":"SearchAction","target":{"@type":"EntryPoint","urlTemplate":"https:\/\/www.agma.com\/sv\/?s={search_term_string}"},"query-input":{"@type":"PropertyValueSpecification","valueRequired":true,"valueName":"search_term_string"}}],"inLanguage":"sv-SE"},{"@type":"Organization","@id":"https:\/\/www.agma.com\/sv\/#organization","name":"Absolicon","url":"https:\/\/www.agma.com\/sv\/","logo":{"@type":"ImageObject","inLanguage":"sv-SE","@id":"https:\/\/www.agma.com\/sv\/#\/schema\/logo\/image\/","url":"https:\/\/www.agma.com\/wp-content\/uploads\/2026\/04\/logotype_neg_blk.svg","contentUrl":"https:\/\/www.agma.com\/wp-content\/uploads\/2026\/04\/logotype_neg_blk.svg","width":705,"height":83,"caption":"Absolicon"},"image":{"@id":"https:\/\/www.agma.com\/sv\/#\/schema\/logo\/image\/"}},{"@type":"Person","@id":"https:\/\/www.agma.com\/sv\/#\/schema\/person\/6820b3ce1cc37edbaecc979090760d8b","name":"jakubschenk","image":{"@type":"ImageObject","inLanguage":"sv-SE","@id":"https:\/\/secure.gravatar.com\/avatar\/0ab843002d4a58702560e02354e5f9a3206e13bbfaa9df5a188e463870f605cd?s=96&d=mm&r=g","url":"https:\/\/secure.gravatar.com\/avatar\/0ab843002d4a58702560e02354e5f9a3206e13bbfaa9df5a188e463870f605cd?s=96&d=mm&r=g","contentUrl":"https:\/\/secure.gravatar.com\/avatar\/0ab843002d4a58702560e02354e5f9a3206e13bbfaa9df5a188e463870f605cd?s=96&d=mm&r=g","caption":"jakubschenk"},"sameAs":["https:\/\/www.agma.com"],"url":"https:\/\/www.agma.com\/sv\/author\/jakubschenk\/"}]}},"_links":{"self":[{"href":"https:\/\/www.agma.com\/sv\/wp-json\/wp\/v2\/posts\/13622","targetHints":{"allow":["GET"]}}],"collection":[{"href":"https:\/\/www.agma.com\/sv\/wp-json\/wp\/v2\/posts"}],"about":[{"href":"https:\/\/www.agma.com\/sv\/wp-json\/wp\/v2\/types\/post"}],"author":[{"embeddable":true,"href":"https:\/\/www.agma.com\/sv\/wp-json\/wp\/v2\/users\/1"}],"replies":[{"embeddable":true,"href":"https:\/\/www.agma.com\/sv\/wp-json\/wp\/v2\/comments?post=13622"}],"version-history":[{"count":0,"href":"https:\/\/www.agma.com\/sv\/wp-json\/wp\/v2\/posts\/13622\/revisions"}],"wp:attachment":[{"href":"https:\/\/www.agma.com\/sv\/wp-json\/wp\/v2\/media?parent=13622"}],"wp:term":[{"taxonomy":"category","embeddable":true,"href":"https:\/\/www.agma.com\/sv\/wp-json\/wp\/v2\/categories?post=13622"},{"taxonomy":"post_tag","embeddable":true,"href":"https:\/\/www.agma.com\/sv\/wp-json\/wp\/v2\/tags?post=13622"}],"curies":[{"name":"wp","href":"https:\/\/api.w.org\/{rel}","templated":true}]}}