{"id":13703,"date":"2022-01-27T15:21:16","date_gmt":"2022-01-27T15:21:16","guid":{"rendered":"https:\/\/www.absolicon.com\/absolicon-har-forvarvat-rattigheter-till-ny-reflektorfilm\/"},"modified":"2022-01-27T15:21:16","modified_gmt":"2022-01-27T15:21:16","slug":"absolicon-har-forvarvat-rattigheter-till-ny-reflektorfilm","status":"publish","type":"post","link":"https:\/\/www.agma.com\/sv\/absolicon-har-forvarvat-rattigheter-till-ny-reflektorfilm\/","title":{"rendered":"Absolicon har f\u00f6rv\u00e4rvat r\u00e4ttigheter till ny reflektorfilm"},"content":{"rendered":"<p style=\"margin-bottom:11px;margin-top:12px\"><span><span><span style=\"font-size:12pt\"><span><span style=\"font-family:arial,helvetica,sans-serif\">En av de kritiska komponenterna i en koncentrerande solf\u00e5ngare \u00e4r den reflektorfilm som lamineras p\u00e5 st\u00e5lpl\u00e5t och reflekterar solljuset p\u00e5 mottagarr\u00f6ret. Genom \u00e5ren har Absolicon anv\u00e4nt olika reflektormaterial men sedan n\u00e5gra \u00e5r tillbaka har Absolicon samarbetat med ett amerikanskt en-mansf\u00f6retag som arbetar med nya koncept f\u00f6r reflektorfilmer.<\/span><\/span><\/span><\/span><\/span><\/p>\n<p><span><span style=\"font-size:12pt\"><span style=\"color:black\"><span style=\"font-family:arial,helvetica,sans-serif\">Absolicon har nu \u00f6verenskommit att betala $17&nbsp;000 f\u00f6r r\u00e4ttigheterna till den nya filmen \u201dEverBright Al\u201d som kommer att utv\u00e4rderas vidare p\u00e5 Absolicon under 2022. R\u00e4ttigheterna \u00e4r exklusiva och globala men begr\u00e4nsade till sm\u00e5 paraboliska tr\u00e5g. Absolicon har \u00e4ven en option att f\u00f6rv\u00e4rva ytterligare r\u00e4ttigheter.<\/span><\/span><\/span><\/span><\/p>\n<p style=\"font-family:arial,helvetica,sans-serif;font-size:12pt;margin-bottom:11px;margin-left:8px\"><span><span style=\"font-size:11pt\"><span><span style=\"font-family:arial,helvetica,sans-serif\"><span style=\"font-size:12pt\"><span><span style=\"font-family:arial,helvetica,sans-serif\">&#8211; Absolicon startade 2017 flera materialprojekt och detta \u00e4r ett av resultaten fr\u00e5n det l\u00e5ngsiktiga och strategiskt viktiga arbetet, s\u00e4ger Joakim Bystr\u00f6m, vd p\u00e5 Absolicon.<\/span><\/span><\/span><\/span><\/span><\/span><\/span><\/p>\n<p style=\"margin-bottom:11px\"><span><span><span style=\"font-size:12pt\"><span><span style=\"font-family:arial,helvetica,sans-serif\">Reflektorfilmen har fortfarande en del att bevisa. Filmen \u00e4r baserad p\u00e5 aluminium ist\u00e4llet f\u00f6r silver och \u00e4r avsev\u00e4rt billigare \u00e4n den l\u00f6sning som anv\u00e4nds idag.&nbsp;Trots n\u00e5got l\u00e4gre reflektans har den potential att bli Absolicons f\u00f6rstahandsval f\u00f6r reflektorfilm.<\/span><\/span><\/span><\/span><\/span><\/p>\n","protected":false},"excerpt":{"rendered":"<p>En av de kritiska komponenterna i en koncentrerande solf\u00e5ngare \u00e4r den reflektorfilm som lamineras p\u00e5 st\u00e5lpl\u00e5t och reflekterar solljuset p\u00e5 mottagarr\u00f6ret. Genom \u00e5ren har Absolicon anv\u00e4nt olika reflektormaterial men sedan n\u00e5gra \u00e5r tillbaka har Absolicon samarbetat med ett amerikanskt en-mansf\u00f6retag som arbetar med nya koncept f\u00f6r reflektorfilmer. Absolicon har nu \u00f6verenskommit att betala $17&nbsp;000 f\u00f6r [&hellip;]<\/p>\n","protected":false},"author":1,"featured_media":13704,"comment_status":"open","ping_status":"open","sticky":false,"template":"","format":"standard","meta":{"_acf_changed":false,"footnotes":""},"categories":[23],"tags":[],"class_list":["post-13703","post","type-post","status-publish","format-standard","has-post-thumbnail","hentry","category-pressrelease"],"acf":[],"yoast_head":"<!-- This site is optimized with the Yoast SEO plugin v27.4 - https:\/\/yoast.com\/product\/yoast-seo-wordpress\/ -->\n<title>Absolicon har f\u00f6rv\u00e4rvat r\u00e4ttigheter till ny reflektorfilm - Absolicon<\/title>\n<meta name=\"robots\" content=\"index, follow, max-snippet:-1, max-image-preview:large, max-video-preview:-1\" \/>\n<link rel=\"canonical\" href=\"https:\/\/www.agma.com\/sv\/absolicon-har-forvarvat-rattigheter-till-ny-reflektorfilm\/\" \/>\n<meta property=\"og:locale\" content=\"sv_SE\" \/>\n<meta property=\"og:type\" content=\"article\" \/>\n<meta property=\"og:title\" content=\"Absolicon har f\u00f6rv\u00e4rvat r\u00e4ttigheter till ny reflektorfilm - Absolicon\" \/>\n<meta property=\"og:description\" content=\"En av de kritiska komponenterna i en koncentrerande solf\u00e5ngare \u00e4r den reflektorfilm som lamineras p\u00e5 st\u00e5lpl\u00e5t och reflekterar solljuset p\u00e5 mottagarr\u00f6ret. Genom \u00e5ren har Absolicon anv\u00e4nt olika reflektormaterial men sedan n\u00e5gra \u00e5r tillbaka har Absolicon samarbetat med ett amerikanskt en-mansf\u00f6retag som arbetar med nya koncept f\u00f6r reflektorfilmer. Absolicon har nu \u00f6verenskommit att betala $17&nbsp;000 f\u00f6r [&hellip;]\" \/>\n<meta property=\"og:url\" content=\"https:\/\/www.agma.com\/sv\/absolicon-har-forvarvat-rattigheter-till-ny-reflektorfilm\/\" \/>\n<meta property=\"og:site_name\" content=\"Absolicon\" \/>\n<meta property=\"article:published_time\" content=\"2022-01-27T15:21:16+00:00\" \/>\n<meta property=\"og:image\" content=\"https:\/\/www.agma.com\/wp-content\/uploads\/2022\/01\/absolicon-4-scaled.jpg\" \/>\n\t<meta property=\"og:image:width\" content=\"2560\" \/>\n\t<meta property=\"og:image:height\" content=\"1531\" \/>\n\t<meta property=\"og:image:type\" content=\"image\/jpeg\" \/>\n<meta name=\"author\" content=\"jakubschenk\" \/>\n<meta name=\"twitter:card\" content=\"summary_large_image\" \/>\n<meta name=\"twitter:label1\" content=\"Skriven av\" \/>\n\t<meta name=\"twitter:data1\" content=\"jakubschenk\" \/>\n<script type=\"application\/ld+json\" class=\"yoast-schema-graph\">{\"@context\":\"https:\\\/\\\/schema.org\",\"@graph\":[{\"@type\":\"Article\",\"@id\":\"https:\\\/\\\/www.agma.com\\\/sv\\\/absolicon-har-forvarvat-rattigheter-till-ny-reflektorfilm\\\/#article\",\"isPartOf\":{\"@id\":\"https:\\\/\\\/www.agma.com\\\/sv\\\/absolicon-har-forvarvat-rattigheter-till-ny-reflektorfilm\\\/\"},\"author\":{\"name\":\"jakubschenk\",\"@id\":\"https:\\\/\\\/www.agma.com\\\/sv\\\/#\\\/schema\\\/person\\\/6820b3ce1cc37edbaecc979090760d8b\"},\"headline\":\"Absolicon har f\u00f6rv\u00e4rvat r\u00e4ttigheter till ny reflektorfilm\",\"datePublished\":\"2022-01-27T15:21:16+00:00\",\"mainEntityOfPage\":{\"@id\":\"https:\\\/\\\/www.agma.com\\\/sv\\\/absolicon-har-forvarvat-rattigheter-till-ny-reflektorfilm\\\/\"},\"wordCount\":193,\"commentCount\":0,\"publisher\":{\"@id\":\"https:\\\/\\\/www.agma.com\\\/sv\\\/#organization\"},\"image\":{\"@id\":\"https:\\\/\\\/www.agma.com\\\/sv\\\/absolicon-har-forvarvat-rattigheter-till-ny-reflektorfilm\\\/#primaryimage\"},\"thumbnailUrl\":\"https:\\\/\\\/www.agma.com\\\/wp-content\\\/uploads\\\/2022\\\/01\\\/absolicon-4-scaled.jpg\",\"articleSection\":[\"Pressrelease\"],\"inLanguage\":\"sv-SE\",\"potentialAction\":[{\"@type\":\"CommentAction\",\"name\":\"Comment\",\"target\":[\"https:\\\/\\\/www.agma.com\\\/sv\\\/absolicon-har-forvarvat-rattigheter-till-ny-reflektorfilm\\\/#respond\"]}]},{\"@type\":\"WebPage\",\"@id\":\"https:\\\/\\\/www.agma.com\\\/sv\\\/absolicon-har-forvarvat-rattigheter-till-ny-reflektorfilm\\\/\",\"url\":\"https:\\\/\\\/www.agma.com\\\/sv\\\/absolicon-har-forvarvat-rattigheter-till-ny-reflektorfilm\\\/\",\"name\":\"Absolicon har f\u00f6rv\u00e4rvat r\u00e4ttigheter till ny reflektorfilm - Absolicon\",\"isPartOf\":{\"@id\":\"https:\\\/\\\/www.agma.com\\\/sv\\\/#website\"},\"primaryImageOfPage\":{\"@id\":\"https:\\\/\\\/www.agma.com\\\/sv\\\/absolicon-har-forvarvat-rattigheter-till-ny-reflektorfilm\\\/#primaryimage\"},\"image\":{\"@id\":\"https:\\\/\\\/www.agma.com\\\/sv\\\/absolicon-har-forvarvat-rattigheter-till-ny-reflektorfilm\\\/#primaryimage\"},\"thumbnailUrl\":\"https:\\\/\\\/www.agma.com\\\/wp-content\\\/uploads\\\/2022\\\/01\\\/absolicon-4-scaled.jpg\",\"datePublished\":\"2022-01-27T15:21:16+00:00\",\"breadcrumb\":{\"@id\":\"https:\\\/\\\/www.agma.com\\\/sv\\\/absolicon-har-forvarvat-rattigheter-till-ny-reflektorfilm\\\/#breadcrumb\"},\"inLanguage\":\"sv-SE\",\"potentialAction\":[{\"@type\":\"ReadAction\",\"target\":[\"https:\\\/\\\/www.agma.com\\\/sv\\\/absolicon-har-forvarvat-rattigheter-till-ny-reflektorfilm\\\/\"]}]},{\"@type\":\"ImageObject\",\"inLanguage\":\"sv-SE\",\"@id\":\"https:\\\/\\\/www.agma.com\\\/sv\\\/absolicon-har-forvarvat-rattigheter-till-ny-reflektorfilm\\\/#primaryimage\",\"url\":\"https:\\\/\\\/www.agma.com\\\/wp-content\\\/uploads\\\/2022\\\/01\\\/absolicon-4-scaled.jpg\",\"contentUrl\":\"https:\\\/\\\/www.agma.com\\\/wp-content\\\/uploads\\\/2022\\\/01\\\/absolicon-4-scaled.jpg\",\"width\":2560,\"height\":1531},{\"@type\":\"BreadcrumbList\",\"@id\":\"https:\\\/\\\/www.agma.com\\\/sv\\\/absolicon-har-forvarvat-rattigheter-till-ny-reflektorfilm\\\/#breadcrumb\",\"itemListElement\":[{\"@type\":\"ListItem\",\"position\":1,\"name\":\"Home\",\"item\":\"https:\\\/\\\/www.agma.com\\\/sv\\\/\"},{\"@type\":\"ListItem\",\"position\":2,\"name\":\"Absolicon har f\u00f6rv\u00e4rvat r\u00e4ttigheter till ny reflektorfilm\"}]},{\"@type\":\"WebSite\",\"@id\":\"https:\\\/\\\/www.agma.com\\\/sv\\\/#website\",\"url\":\"https:\\\/\\\/www.agma.com\\\/sv\\\/\",\"name\":\"Absolicon\",\"description\":\"\",\"publisher\":{\"@id\":\"https:\\\/\\\/www.agma.com\\\/sv\\\/#organization\"},\"potentialAction\":[{\"@type\":\"SearchAction\",\"target\":{\"@type\":\"EntryPoint\",\"urlTemplate\":\"https:\\\/\\\/www.agma.com\\\/sv\\\/?s={search_term_string}\"},\"query-input\":{\"@type\":\"PropertyValueSpecification\",\"valueRequired\":true,\"valueName\":\"search_term_string\"}}],\"inLanguage\":\"sv-SE\"},{\"@type\":\"Organization\",\"@id\":\"https:\\\/\\\/www.agma.com\\\/sv\\\/#organization\",\"name\":\"Absolicon\",\"url\":\"https:\\\/\\\/www.agma.com\\\/sv\\\/\",\"logo\":{\"@type\":\"ImageObject\",\"inLanguage\":\"sv-SE\",\"@id\":\"https:\\\/\\\/www.agma.com\\\/sv\\\/#\\\/schema\\\/logo\\\/image\\\/\",\"url\":\"https:\\\/\\\/www.agma.com\\\/wp-content\\\/uploads\\\/2026\\\/04\\\/logotype_neg_blk.svg\",\"contentUrl\":\"https:\\\/\\\/www.agma.com\\\/wp-content\\\/uploads\\\/2026\\\/04\\\/logotype_neg_blk.svg\",\"width\":705,\"height\":83,\"caption\":\"Absolicon\"},\"image\":{\"@id\":\"https:\\\/\\\/www.agma.com\\\/sv\\\/#\\\/schema\\\/logo\\\/image\\\/\"}},{\"@type\":\"Person\",\"@id\":\"https:\\\/\\\/www.agma.com\\\/sv\\\/#\\\/schema\\\/person\\\/6820b3ce1cc37edbaecc979090760d8b\",\"name\":\"jakubschenk\",\"image\":{\"@type\":\"ImageObject\",\"inLanguage\":\"sv-SE\",\"@id\":\"https:\\\/\\\/secure.gravatar.com\\\/avatar\\\/0ab843002d4a58702560e02354e5f9a3206e13bbfaa9df5a188e463870f605cd?s=96&d=mm&r=g\",\"url\":\"https:\\\/\\\/secure.gravatar.com\\\/avatar\\\/0ab843002d4a58702560e02354e5f9a3206e13bbfaa9df5a188e463870f605cd?s=96&d=mm&r=g\",\"contentUrl\":\"https:\\\/\\\/secure.gravatar.com\\\/avatar\\\/0ab843002d4a58702560e02354e5f9a3206e13bbfaa9df5a188e463870f605cd?s=96&d=mm&r=g\",\"caption\":\"jakubschenk\"},\"sameAs\":[\"https:\\\/\\\/www.agma.com\"],\"url\":\"https:\\\/\\\/www.agma.com\\\/sv\\\/author\\\/jakubschenk\\\/\"}]}<\/script>\n<!-- \/ Yoast SEO plugin. -->","yoast_head_json":{"title":"Absolicon har f\u00f6rv\u00e4rvat r\u00e4ttigheter till ny reflektorfilm - Absolicon","robots":{"index":"index","follow":"follow","max-snippet":"max-snippet:-1","max-image-preview":"max-image-preview:large","max-video-preview":"max-video-preview:-1"},"canonical":"https:\/\/www.agma.com\/sv\/absolicon-har-forvarvat-rattigheter-till-ny-reflektorfilm\/","og_locale":"sv_SE","og_type":"article","og_title":"Absolicon har f\u00f6rv\u00e4rvat r\u00e4ttigheter till ny reflektorfilm - Absolicon","og_description":"En av de kritiska komponenterna i en koncentrerande solf\u00e5ngare \u00e4r den reflektorfilm som lamineras p\u00e5 st\u00e5lpl\u00e5t och reflekterar solljuset p\u00e5 mottagarr\u00f6ret. Genom \u00e5ren har Absolicon anv\u00e4nt olika reflektormaterial men sedan n\u00e5gra \u00e5r tillbaka har Absolicon samarbetat med ett amerikanskt en-mansf\u00f6retag som arbetar med nya koncept f\u00f6r reflektorfilmer. Absolicon har nu \u00f6verenskommit att betala $17&nbsp;000 f\u00f6r [&hellip;]","og_url":"https:\/\/www.agma.com\/sv\/absolicon-har-forvarvat-rattigheter-till-ny-reflektorfilm\/","og_site_name":"Absolicon","article_published_time":"2022-01-27T15:21:16+00:00","og_image":[{"width":2560,"height":1531,"url":"https:\/\/www.agma.com\/wp-content\/uploads\/2022\/01\/absolicon-4-scaled.jpg","type":"image\/jpeg"}],"author":"jakubschenk","twitter_card":"summary_large_image","twitter_misc":{"Skriven av":"jakubschenk"},"schema":{"@context":"https:\/\/schema.org","@graph":[{"@type":"Article","@id":"https:\/\/www.agma.com\/sv\/absolicon-har-forvarvat-rattigheter-till-ny-reflektorfilm\/#article","isPartOf":{"@id":"https:\/\/www.agma.com\/sv\/absolicon-har-forvarvat-rattigheter-till-ny-reflektorfilm\/"},"author":{"name":"jakubschenk","@id":"https:\/\/www.agma.com\/sv\/#\/schema\/person\/6820b3ce1cc37edbaecc979090760d8b"},"headline":"Absolicon har f\u00f6rv\u00e4rvat r\u00e4ttigheter till ny reflektorfilm","datePublished":"2022-01-27T15:21:16+00:00","mainEntityOfPage":{"@id":"https:\/\/www.agma.com\/sv\/absolicon-har-forvarvat-rattigheter-till-ny-reflektorfilm\/"},"wordCount":193,"commentCount":0,"publisher":{"@id":"https:\/\/www.agma.com\/sv\/#organization"},"image":{"@id":"https:\/\/www.agma.com\/sv\/absolicon-har-forvarvat-rattigheter-till-ny-reflektorfilm\/#primaryimage"},"thumbnailUrl":"https:\/\/www.agma.com\/wp-content\/uploads\/2022\/01\/absolicon-4-scaled.jpg","articleSection":["Pressrelease"],"inLanguage":"sv-SE","potentialAction":[{"@type":"CommentAction","name":"Comment","target":["https:\/\/www.agma.com\/sv\/absolicon-har-forvarvat-rattigheter-till-ny-reflektorfilm\/#respond"]}]},{"@type":"WebPage","@id":"https:\/\/www.agma.com\/sv\/absolicon-har-forvarvat-rattigheter-till-ny-reflektorfilm\/","url":"https:\/\/www.agma.com\/sv\/absolicon-har-forvarvat-rattigheter-till-ny-reflektorfilm\/","name":"Absolicon har f\u00f6rv\u00e4rvat r\u00e4ttigheter till ny reflektorfilm - Absolicon","isPartOf":{"@id":"https:\/\/www.agma.com\/sv\/#website"},"primaryImageOfPage":{"@id":"https:\/\/www.agma.com\/sv\/absolicon-har-forvarvat-rattigheter-till-ny-reflektorfilm\/#primaryimage"},"image":{"@id":"https:\/\/www.agma.com\/sv\/absolicon-har-forvarvat-rattigheter-till-ny-reflektorfilm\/#primaryimage"},"thumbnailUrl":"https:\/\/www.agma.com\/wp-content\/uploads\/2022\/01\/absolicon-4-scaled.jpg","datePublished":"2022-01-27T15:21:16+00:00","breadcrumb":{"@id":"https:\/\/www.agma.com\/sv\/absolicon-har-forvarvat-rattigheter-till-ny-reflektorfilm\/#breadcrumb"},"inLanguage":"sv-SE","potentialAction":[{"@type":"ReadAction","target":["https:\/\/www.agma.com\/sv\/absolicon-har-forvarvat-rattigheter-till-ny-reflektorfilm\/"]}]},{"@type":"ImageObject","inLanguage":"sv-SE","@id":"https:\/\/www.agma.com\/sv\/absolicon-har-forvarvat-rattigheter-till-ny-reflektorfilm\/#primaryimage","url":"https:\/\/www.agma.com\/wp-content\/uploads\/2022\/01\/absolicon-4-scaled.jpg","contentUrl":"https:\/\/www.agma.com\/wp-content\/uploads\/2022\/01\/absolicon-4-scaled.jpg","width":2560,"height":1531},{"@type":"BreadcrumbList","@id":"https:\/\/www.agma.com\/sv\/absolicon-har-forvarvat-rattigheter-till-ny-reflektorfilm\/#breadcrumb","itemListElement":[{"@type":"ListItem","position":1,"name":"Home","item":"https:\/\/www.agma.com\/sv\/"},{"@type":"ListItem","position":2,"name":"Absolicon har f\u00f6rv\u00e4rvat r\u00e4ttigheter till ny reflektorfilm"}]},{"@type":"WebSite","@id":"https:\/\/www.agma.com\/sv\/#website","url":"https:\/\/www.agma.com\/sv\/","name":"Absolicon","description":"","publisher":{"@id":"https:\/\/www.agma.com\/sv\/#organization"},"potentialAction":[{"@type":"SearchAction","target":{"@type":"EntryPoint","urlTemplate":"https:\/\/www.agma.com\/sv\/?s={search_term_string}"},"query-input":{"@type":"PropertyValueSpecification","valueRequired":true,"valueName":"search_term_string"}}],"inLanguage":"sv-SE"},{"@type":"Organization","@id":"https:\/\/www.agma.com\/sv\/#organization","name":"Absolicon","url":"https:\/\/www.agma.com\/sv\/","logo":{"@type":"ImageObject","inLanguage":"sv-SE","@id":"https:\/\/www.agma.com\/sv\/#\/schema\/logo\/image\/","url":"https:\/\/www.agma.com\/wp-content\/uploads\/2026\/04\/logotype_neg_blk.svg","contentUrl":"https:\/\/www.agma.com\/wp-content\/uploads\/2026\/04\/logotype_neg_blk.svg","width":705,"height":83,"caption":"Absolicon"},"image":{"@id":"https:\/\/www.agma.com\/sv\/#\/schema\/logo\/image\/"}},{"@type":"Person","@id":"https:\/\/www.agma.com\/sv\/#\/schema\/person\/6820b3ce1cc37edbaecc979090760d8b","name":"jakubschenk","image":{"@type":"ImageObject","inLanguage":"sv-SE","@id":"https:\/\/secure.gravatar.com\/avatar\/0ab843002d4a58702560e02354e5f9a3206e13bbfaa9df5a188e463870f605cd?s=96&d=mm&r=g","url":"https:\/\/secure.gravatar.com\/avatar\/0ab843002d4a58702560e02354e5f9a3206e13bbfaa9df5a188e463870f605cd?s=96&d=mm&r=g","contentUrl":"https:\/\/secure.gravatar.com\/avatar\/0ab843002d4a58702560e02354e5f9a3206e13bbfaa9df5a188e463870f605cd?s=96&d=mm&r=g","caption":"jakubschenk"},"sameAs":["https:\/\/www.agma.com"],"url":"https:\/\/www.agma.com\/sv\/author\/jakubschenk\/"}]}},"_links":{"self":[{"href":"https:\/\/www.agma.com\/sv\/wp-json\/wp\/v2\/posts\/13703","targetHints":{"allow":["GET"]}}],"collection":[{"href":"https:\/\/www.agma.com\/sv\/wp-json\/wp\/v2\/posts"}],"about":[{"href":"https:\/\/www.agma.com\/sv\/wp-json\/wp\/v2\/types\/post"}],"author":[{"embeddable":true,"href":"https:\/\/www.agma.com\/sv\/wp-json\/wp\/v2\/users\/1"}],"replies":[{"embeddable":true,"href":"https:\/\/www.agma.com\/sv\/wp-json\/wp\/v2\/comments?post=13703"}],"version-history":[{"count":0,"href":"https:\/\/www.agma.com\/sv\/wp-json\/wp\/v2\/posts\/13703\/revisions"}],"wp:featuredmedia":[{"embeddable":true,"href":"https:\/\/www.agma.com\/sv\/wp-json\/wp\/v2\/media\/13704"}],"wp:attachment":[{"href":"https:\/\/www.agma.com\/sv\/wp-json\/wp\/v2\/media?parent=13703"}],"wp:term":[{"taxonomy":"category","embeddable":true,"href":"https:\/\/www.agma.com\/sv\/wp-json\/wp\/v2\/categories?post=13703"},{"taxonomy":"post_tag","embeddable":true,"href":"https:\/\/www.agma.com\/sv\/wp-json\/wp\/v2\/tags?post=13703"}],"curies":[{"name":"wp","href":"https:\/\/api.w.org\/{rel}","templated":true}]}}