{"id":13780,"date":"2022-02-14T11:50:00","date_gmt":"2022-02-14T11:50:00","guid":{"rendered":"https:\/\/www.absolicon.com\/absolicon-investerar-i-solis-calor-ab-och-blir-agare-av-20\/"},"modified":"2022-02-14T11:50:00","modified_gmt":"2022-02-14T11:50:00","slug":"absolicon-investerar-i-solis-calor-ab-och-blir-agare-av-20","status":"publish","type":"post","link":"https:\/\/www.agma.com\/sv\/absolicon-investerar-i-solis-calor-ab-och-blir-agare-av-20\/","title":{"rendered":"Absolicon investerar i Solis Calor AB och blir \u00e4gare av 20 %"},"content":{"rendered":"<p style=\"margin-bottom:11px;margin-top:12px\"><span><span style=\"font-size:11pt\"><span><span style=\"font-family:arial,helvetica,sans-serif\"><strong><span style=\"font-size:10pt\"><span>Solis Calor AB<\/span><\/span><\/strong><span style=\"font-size:10pt\"><span> \u00e4r ett bolag som skall erbjuda energitj\u00e4nster \u00e5t f\u00f6retag, publika institutioner och \u00e5t fj\u00e4rrv\u00e4rmeakt\u00f6rer. Bolaget har startats av Magnus Andersson och Stefan Jonsson tillsammans med solv\u00e4rmebolagen Absolicon och \u00f6sterrikiska SOLID. Absolicon och SOLID bidrar till Solis Calor med projekt, arbetstid samt g\u00e5r b\u00e5da in med SEK 250000 genom en riktad nyemission i det nystartade bolaget. Genom emissionen f\u00e5r Absolicon och SOLID 20% \u00e4gande vardera. \u00d6vriga 60% av aktierna kontrolleras av bolagets ledning.<\/span><\/span><\/span><\/span><\/span><\/span><\/p>\n<p style=\"margin-bottom:11px\"><span><span style=\"font-size:11pt\"><span><span style=\"font-family:arial,helvetica,sans-serif\"><span style=\"font-size:10pt\"><span>Aff\u00e4rskonceptet har utarbetats under 2020-2021 ihop med InnoEnergy (<\/span><\/span><a href=\"http:\/\/www.innoenergy.com\" style=\"color:#0563c1;text-decoration:underline\"><span style=\"font-size:10pt\"><span>www.innoenergy.com<\/span><\/span><\/a><span style=\"font-size:10pt\"><span>) med m\u00e5ls\u00e4ttning att utveckla branschen genom att skapa investeringsstrukturer som gemensamt har som syfte att utveckla och \u00e4ga solv\u00e4rmeanl\u00e4ggningar. V\u00e4rdeskapande sker via utveckling och f\u00f6rvaltning av projektbolag och dess int\u00e4kter, re-finansiering och f\u00f6rs\u00e4ljning av tillg\u00e5ngar \u00f6ver tid. Konceptet inneb\u00e4r finansiering genom hela v\u00e4rdekedjan via k\u00f6p av allt ifr\u00e5n projektbolag till bolag med driftsatta solv\u00e4rmeanl\u00e4ggningar.<\/span><\/span><\/span><\/span><\/span><\/span><\/p>\n<p style=\"margin-bottom:11px\"><span><span style=\"font-size:11pt\"><span><span style=\"font-family:arial,helvetica,sans-serif\"><strong><span style=\"font-size:10pt\"><span>Absolicons<\/span><\/span><\/strong><span style=\"font-size:10pt\"><span> \u00e4gande inneb\u00e4r tillg\u00e5ng till b\u00e5de finansiella l\u00f6sningar f\u00f6r solv\u00e4rme och finansiella resurser via Solis Calor och dess investerare f\u00f6r Absolicons produktionslinepartners.<\/span><\/span><\/span><\/span><\/span><\/span><\/p>\n<p style=\"font-family:arial,helvetica,sans-serif;font-size:10pt;margin-bottom:11px\"><span><span style=\"font-size:11pt\"><span><span style=\"font-family:arial,helvetica,sans-serif\"><span style=\"font-size:10pt\"><span>&#8211; Med Solis Calor AB f\u00e5r Absolicon och v\u00e5ra produktionslinepartners tillg\u00e5ng till extern finansiering av nya solf\u00e5ngarf\u00e4lt fr\u00e5n projektering till re-finansiering. F\u00e4rdiga solv\u00e4rmeanl\u00e4ggningar erbjuder kunder gr\u00f6na och konkurrenskraftig energi d\u00e4r Solis Calor ska erbjuda det som en tj\u00e4nst via lokalt energibolag med tillg\u00e5ng till konkurrenskraftigt kapital, s\u00e4ger Joakim Bystr\u00f6m, vd p\u00e5 Absolicon.<\/span><\/span><\/span><\/span><\/span><\/span><\/p>\n<p style=\"margin-bottom:11px\"><span><span style=\"font-size:11pt\"><span><span style=\"font-family:arial,helvetica,sans-serif\"><strong><span style=\"font-size:10pt\"><span>SOLID<\/span><\/span><\/strong><span style=\"font-size:10pt\"><span> har 30 \u00e5rs erfarenhet som projektutvecklare och \u00e4r ett av v\u00e4rldens ledande f\u00f6retag inom solkyla och v\u00e4rmek\u00f6psavtal f\u00f6r solv\u00e4rme. SOLID har installationer i hela v\u00e4rlden och s\u00e4ljer solv\u00e4rme till flera \u00f6sterrikiska fj\u00e4rrv\u00e4rmen\u00e4t. P\u00e5 sina anl\u00e4ggningar i Graz har SOLID \u00e4ven installerat Absolicons T160.<\/span><\/span><\/span><\/span><\/span><\/span><\/p>\n<p style=\"margin-bottom:11px\"><span><span style=\"font-size:11pt\"><span><span style=\"font-family:arial,helvetica,sans-serif\"><strong><span style=\"font-size:10pt\"><span>Solis Calor\u2019s<\/span><\/span><\/strong><span style=\"font-size:10pt\"><span> ledning har l\u00e5ng erfarenhet fr\u00e5n bland annat f\u00f6rnybar energi och finansiella sektorn. <\/span><\/span><\/span><\/span><\/span><\/span><\/p>\n<p style=\"margin-bottom:11px\"><span><span style=\"font-size:11pt\"><span><span style=\"font-family:arial,helvetica,sans-serif\"><strong><span style=\"font-size:10pt\"><span>Magnus Andersson, VD,<\/span><\/span><\/strong><span style=\"font-size:10pt\"><span> har tidigare jobbat p\u00e5 bl.a. &nbsp;ABB, Handelsbanken och Pareto med fr\u00e5gor r\u00f6rande M&amp;A, finansiering av f\u00f6rnybar energi, infrastruktur, fastigheter och fondl\u00f6sningar i flera l\u00e4nder. Magnus har ett brett kontaktn\u00e4t hos investeraresamt omfattande erfarenhet som energiexpert \u00e5t olika kunder.<\/span><\/span><\/span><\/span><\/span><\/span><\/p>\n<p style=\"margin-bottom:11px\"><span><span style=\"font-size:11pt\"><span><span style=\"font-family:arial,helvetica,sans-serif\"><strong><span style=\"font-size:10pt\"><span>Stefan Jonsson, CFO,<\/span><\/span><\/strong><span style=\"font-size:10pt\"><span> har en bakgrund p\u00e5 SEB d\u00e4r han arbetat med globala leasingl\u00f6sningar. Stefan driver sedan 15 \u00e5r ett konsultbolag med bland annat projekt f\u00f6r att finansiera cleantech-l\u00f6sningar tillsammans med WWF. <\/span><\/span><\/span><\/span><\/span><\/span><\/p>\n<p style=\"margin-bottom:11px\"><span><span style=\"font-size:11pt\"><span><span style=\"font-family:arial,helvetica,sans-serif\"><strong><span style=\"font-size:10pt\"><span>Absolicon Solar Collector<\/span><\/span><\/strong><span style=\"font-size:10pt\"><span> etablerades 2005 och tillhandah\u00e5ller solv\u00e4rmel\u00f6sningar f\u00f6r industrier och st\u00e4der. Absolicons paraboliska solf\u00e5ngare \u00e4r marknadsledande inom solv\u00e4rme f\u00f6r industriella processer. Genom att s\u00e4lja lokala produktionslinor f\u00f6r solf\u00e5ngarna kan Absolicon tillhandah\u00e5lla en l\u00f6nsam, l\u00e4ttinstallerad och utsl\u00e4ppsfri energil\u00f6sning som levererar v\u00e4rme och \u00e5nga till industriprocesser och fj\u00e4rrv\u00e4rmen\u00e4t.<\/span><\/span><\/span><\/span><\/span><\/span><\/p>\n<p style=\"margin-bottom:11px\"><span><span><span style=\"font-family:arial,helvetica,sans-serif\"><strong><span style=\"font-size:10pt\"><span>Ytterligare information l\u00e4mnas av:<\/span><\/span><\/strong><\/span><\/span><\/span><\/p>\n<p style=\"margin-bottom:11px\"><span><span style=\"font-size:11pt\"><span><span style=\"font-family:arial,helvetica,sans-serif\"><span style=\"font-size:10pt\"><span>Magnus Andersson, VD Solis Calor AB , telefon +46&nbsp;8 7217610 , email: <\/span><\/span><a href=\"mailto:info@soliscalor.com\" style=\"color:#0563c1;text-decoration:underline\"><span style=\"font-size:10pt\"><span>info@soliscalor.com<\/span><\/span><\/a><\/span><\/span><\/span><\/span><\/p>\n<p style=\"margin-bottom:11px\"><span><span style=\"font-size:11pt\"><span><span style=\"font-family:arial,helvetica,sans-serif\"><span style=\"font-size:10pt\"><span>Joakim Bystr\u00f6m, VD Absolicon AB, telefon +46 61155700, email: <\/span><\/span><a href=\"mailto:info@absolicon.com\" style=\"color:#0563c1;text-decoration:underline\"><span style=\"font-size:10pt\"><span>info@absolicon.com<\/span><\/span><\/a><\/span><\/span><\/span><\/span><\/p>\n<p><\/p>\n<p>Denna information \u00e4r s\u00e5dan som Absolicon \u00e4r skyldigt att offentligg\u00f6ra enligt EU:s marknadsmissbruksf\u00f6rordning (EU nr 596\/2014). Informationen l\u00e4mnades, genom angiven kontaktpersons f\u00f6rsorg, f\u00f6r offentligg\u00f6rande 2022-02-14 12:50 CET.<\/p>\n","protected":false},"excerpt":{"rendered":"<p>Solis Calor AB \u00e4r ett bolag som skall erbjuda energitj\u00e4nster \u00e5t f\u00f6retag, publika institutioner och \u00e5t fj\u00e4rrv\u00e4rmeakt\u00f6rer. Bolaget har startats av Magnus Andersson och Stefan Jonsson tillsammans med solv\u00e4rmebolagen Absolicon och \u00f6sterrikiska SOLID. Absolicon och SOLID bidrar till Solis Calor med projekt, arbetstid samt g\u00e5r b\u00e5da in med SEK 250000 genom en riktad nyemission i [&hellip;]<\/p>\n","protected":false},"author":1,"featured_media":0,"comment_status":"open","ping_status":"open","sticky":false,"template":"","format":"standard","meta":{"_acf_changed":false,"footnotes":""},"categories":[23],"tags":[],"class_list":["post-13780","post","type-post","status-publish","format-standard","hentry","category-pressrelease"],"acf":[],"yoast_head":"<!-- This site is optimized with the Yoast SEO plugin v27.4 - https:\/\/yoast.com\/product\/yoast-seo-wordpress\/ -->\n<title>Absolicon investerar i Solis Calor AB och blir \u00e4gare av 20 % - Absolicon<\/title>\n<meta name=\"robots\" content=\"index, follow, max-snippet:-1, max-image-preview:large, max-video-preview:-1\" \/>\n<link rel=\"canonical\" href=\"https:\/\/www.agma.com\/sv\/absolicon-investerar-i-solis-calor-ab-och-blir-agare-av-20\/\" \/>\n<meta property=\"og:locale\" content=\"sv_SE\" \/>\n<meta property=\"og:type\" content=\"article\" \/>\n<meta property=\"og:title\" content=\"Absolicon investerar i Solis Calor AB och blir \u00e4gare av 20 % - Absolicon\" \/>\n<meta property=\"og:description\" content=\"Solis Calor AB \u00e4r ett bolag som skall erbjuda energitj\u00e4nster \u00e5t f\u00f6retag, publika institutioner och \u00e5t fj\u00e4rrv\u00e4rmeakt\u00f6rer. Bolaget har startats av Magnus Andersson och Stefan Jonsson tillsammans med solv\u00e4rmebolagen Absolicon och \u00f6sterrikiska SOLID. Absolicon och SOLID bidrar till Solis Calor med projekt, arbetstid samt g\u00e5r b\u00e5da in med SEK 250000 genom en riktad nyemission i [&hellip;]\" \/>\n<meta property=\"og:url\" content=\"https:\/\/www.agma.com\/sv\/absolicon-investerar-i-solis-calor-ab-och-blir-agare-av-20\/\" \/>\n<meta property=\"og:site_name\" content=\"Absolicon\" \/>\n<meta property=\"article:published_time\" content=\"2022-02-14T11:50:00+00:00\" \/>\n<meta name=\"author\" content=\"jakubschenk\" \/>\n<meta name=\"twitter:card\" content=\"summary_large_image\" \/>\n<meta name=\"twitter:label1\" content=\"Skriven av\" \/>\n\t<meta name=\"twitter:data1\" content=\"jakubschenk\" \/>\n<script type=\"application\/ld+json\" class=\"yoast-schema-graph\">{\"@context\":\"https:\\\/\\\/schema.org\",\"@graph\":[{\"@type\":\"Article\",\"@id\":\"https:\\\/\\\/www.agma.com\\\/sv\\\/absolicon-investerar-i-solis-calor-ab-och-blir-agare-av-20\\\/#article\",\"isPartOf\":{\"@id\":\"https:\\\/\\\/www.agma.com\\\/sv\\\/absolicon-investerar-i-solis-calor-ab-och-blir-agare-av-20\\\/\"},\"author\":{\"name\":\"jakubschenk\",\"@id\":\"https:\\\/\\\/www.agma.com\\\/sv\\\/#\\\/schema\\\/person\\\/6820b3ce1cc37edbaecc979090760d8b\"},\"headline\":\"Absolicon investerar i Solis Calor AB och blir \u00e4gare av 20 %\",\"datePublished\":\"2022-02-14T11:50:00+00:00\",\"mainEntityOfPage\":{\"@id\":\"https:\\\/\\\/www.agma.com\\\/sv\\\/absolicon-investerar-i-solis-calor-ab-och-blir-agare-av-20\\\/\"},\"wordCount\":557,\"commentCount\":0,\"publisher\":{\"@id\":\"https:\\\/\\\/www.agma.com\\\/sv\\\/#organization\"},\"articleSection\":[\"Pressrelease\"],\"inLanguage\":\"sv-SE\",\"potentialAction\":[{\"@type\":\"CommentAction\",\"name\":\"Comment\",\"target\":[\"https:\\\/\\\/www.agma.com\\\/sv\\\/absolicon-investerar-i-solis-calor-ab-och-blir-agare-av-20\\\/#respond\"]}]},{\"@type\":\"WebPage\",\"@id\":\"https:\\\/\\\/www.agma.com\\\/sv\\\/absolicon-investerar-i-solis-calor-ab-och-blir-agare-av-20\\\/\",\"url\":\"https:\\\/\\\/www.agma.com\\\/sv\\\/absolicon-investerar-i-solis-calor-ab-och-blir-agare-av-20\\\/\",\"name\":\"Absolicon investerar i Solis Calor AB och blir \u00e4gare av 20 % - Absolicon\",\"isPartOf\":{\"@id\":\"https:\\\/\\\/www.agma.com\\\/sv\\\/#website\"},\"datePublished\":\"2022-02-14T11:50:00+00:00\",\"breadcrumb\":{\"@id\":\"https:\\\/\\\/www.agma.com\\\/sv\\\/absolicon-investerar-i-solis-calor-ab-och-blir-agare-av-20\\\/#breadcrumb\"},\"inLanguage\":\"sv-SE\",\"potentialAction\":[{\"@type\":\"ReadAction\",\"target\":[\"https:\\\/\\\/www.agma.com\\\/sv\\\/absolicon-investerar-i-solis-calor-ab-och-blir-agare-av-20\\\/\"]}]},{\"@type\":\"BreadcrumbList\",\"@id\":\"https:\\\/\\\/www.agma.com\\\/sv\\\/absolicon-investerar-i-solis-calor-ab-och-blir-agare-av-20\\\/#breadcrumb\",\"itemListElement\":[{\"@type\":\"ListItem\",\"position\":1,\"name\":\"Home\",\"item\":\"https:\\\/\\\/www.agma.com\\\/sv\\\/\"},{\"@type\":\"ListItem\",\"position\":2,\"name\":\"Absolicon investerar i Solis Calor AB och blir \u00e4gare av 20 %\"}]},{\"@type\":\"WebSite\",\"@id\":\"https:\\\/\\\/www.agma.com\\\/sv\\\/#website\",\"url\":\"https:\\\/\\\/www.agma.com\\\/sv\\\/\",\"name\":\"Absolicon\",\"description\":\"\",\"publisher\":{\"@id\":\"https:\\\/\\\/www.agma.com\\\/sv\\\/#organization\"},\"potentialAction\":[{\"@type\":\"SearchAction\",\"target\":{\"@type\":\"EntryPoint\",\"urlTemplate\":\"https:\\\/\\\/www.agma.com\\\/sv\\\/?s={search_term_string}\"},\"query-input\":{\"@type\":\"PropertyValueSpecification\",\"valueRequired\":true,\"valueName\":\"search_term_string\"}}],\"inLanguage\":\"sv-SE\"},{\"@type\":\"Organization\",\"@id\":\"https:\\\/\\\/www.agma.com\\\/sv\\\/#organization\",\"name\":\"Absolicon\",\"url\":\"https:\\\/\\\/www.agma.com\\\/sv\\\/\",\"logo\":{\"@type\":\"ImageObject\",\"inLanguage\":\"sv-SE\",\"@id\":\"https:\\\/\\\/www.agma.com\\\/sv\\\/#\\\/schema\\\/logo\\\/image\\\/\",\"url\":\"https:\\\/\\\/www.agma.com\\\/wp-content\\\/uploads\\\/2026\\\/04\\\/logotype_neg_blk.svg\",\"contentUrl\":\"https:\\\/\\\/www.agma.com\\\/wp-content\\\/uploads\\\/2026\\\/04\\\/logotype_neg_blk.svg\",\"width\":705,\"height\":83,\"caption\":\"Absolicon\"},\"image\":{\"@id\":\"https:\\\/\\\/www.agma.com\\\/sv\\\/#\\\/schema\\\/logo\\\/image\\\/\"}},{\"@type\":\"Person\",\"@id\":\"https:\\\/\\\/www.agma.com\\\/sv\\\/#\\\/schema\\\/person\\\/6820b3ce1cc37edbaecc979090760d8b\",\"name\":\"jakubschenk\",\"image\":{\"@type\":\"ImageObject\",\"inLanguage\":\"sv-SE\",\"@id\":\"https:\\\/\\\/secure.gravatar.com\\\/avatar\\\/0ab843002d4a58702560e02354e5f9a3206e13bbfaa9df5a188e463870f605cd?s=96&d=mm&r=g\",\"url\":\"https:\\\/\\\/secure.gravatar.com\\\/avatar\\\/0ab843002d4a58702560e02354e5f9a3206e13bbfaa9df5a188e463870f605cd?s=96&d=mm&r=g\",\"contentUrl\":\"https:\\\/\\\/secure.gravatar.com\\\/avatar\\\/0ab843002d4a58702560e02354e5f9a3206e13bbfaa9df5a188e463870f605cd?s=96&d=mm&r=g\",\"caption\":\"jakubschenk\"},\"sameAs\":[\"https:\\\/\\\/www.agma.com\"],\"url\":\"https:\\\/\\\/www.agma.com\\\/sv\\\/author\\\/jakubschenk\\\/\"}]}<\/script>\n<!-- \/ Yoast SEO plugin. -->","yoast_head_json":{"title":"Absolicon investerar i Solis Calor AB och blir \u00e4gare av 20 % - Absolicon","robots":{"index":"index","follow":"follow","max-snippet":"max-snippet:-1","max-image-preview":"max-image-preview:large","max-video-preview":"max-video-preview:-1"},"canonical":"https:\/\/www.agma.com\/sv\/absolicon-investerar-i-solis-calor-ab-och-blir-agare-av-20\/","og_locale":"sv_SE","og_type":"article","og_title":"Absolicon investerar i Solis Calor AB och blir \u00e4gare av 20 % - Absolicon","og_description":"Solis Calor AB \u00e4r ett bolag som skall erbjuda energitj\u00e4nster \u00e5t f\u00f6retag, publika institutioner och \u00e5t fj\u00e4rrv\u00e4rmeakt\u00f6rer. Bolaget har startats av Magnus Andersson och Stefan Jonsson tillsammans med solv\u00e4rmebolagen Absolicon och \u00f6sterrikiska SOLID. Absolicon och SOLID bidrar till Solis Calor med projekt, arbetstid samt g\u00e5r b\u00e5da in med SEK 250000 genom en riktad nyemission i [&hellip;]","og_url":"https:\/\/www.agma.com\/sv\/absolicon-investerar-i-solis-calor-ab-och-blir-agare-av-20\/","og_site_name":"Absolicon","article_published_time":"2022-02-14T11:50:00+00:00","author":"jakubschenk","twitter_card":"summary_large_image","twitter_misc":{"Skriven av":"jakubschenk"},"schema":{"@context":"https:\/\/schema.org","@graph":[{"@type":"Article","@id":"https:\/\/www.agma.com\/sv\/absolicon-investerar-i-solis-calor-ab-och-blir-agare-av-20\/#article","isPartOf":{"@id":"https:\/\/www.agma.com\/sv\/absolicon-investerar-i-solis-calor-ab-och-blir-agare-av-20\/"},"author":{"name":"jakubschenk","@id":"https:\/\/www.agma.com\/sv\/#\/schema\/person\/6820b3ce1cc37edbaecc979090760d8b"},"headline":"Absolicon investerar i Solis Calor AB och blir \u00e4gare av 20 %","datePublished":"2022-02-14T11:50:00+00:00","mainEntityOfPage":{"@id":"https:\/\/www.agma.com\/sv\/absolicon-investerar-i-solis-calor-ab-och-blir-agare-av-20\/"},"wordCount":557,"commentCount":0,"publisher":{"@id":"https:\/\/www.agma.com\/sv\/#organization"},"articleSection":["Pressrelease"],"inLanguage":"sv-SE","potentialAction":[{"@type":"CommentAction","name":"Comment","target":["https:\/\/www.agma.com\/sv\/absolicon-investerar-i-solis-calor-ab-och-blir-agare-av-20\/#respond"]}]},{"@type":"WebPage","@id":"https:\/\/www.agma.com\/sv\/absolicon-investerar-i-solis-calor-ab-och-blir-agare-av-20\/","url":"https:\/\/www.agma.com\/sv\/absolicon-investerar-i-solis-calor-ab-och-blir-agare-av-20\/","name":"Absolicon investerar i Solis Calor AB och blir \u00e4gare av 20 % - Absolicon","isPartOf":{"@id":"https:\/\/www.agma.com\/sv\/#website"},"datePublished":"2022-02-14T11:50:00+00:00","breadcrumb":{"@id":"https:\/\/www.agma.com\/sv\/absolicon-investerar-i-solis-calor-ab-och-blir-agare-av-20\/#breadcrumb"},"inLanguage":"sv-SE","potentialAction":[{"@type":"ReadAction","target":["https:\/\/www.agma.com\/sv\/absolicon-investerar-i-solis-calor-ab-och-blir-agare-av-20\/"]}]},{"@type":"BreadcrumbList","@id":"https:\/\/www.agma.com\/sv\/absolicon-investerar-i-solis-calor-ab-och-blir-agare-av-20\/#breadcrumb","itemListElement":[{"@type":"ListItem","position":1,"name":"Home","item":"https:\/\/www.agma.com\/sv\/"},{"@type":"ListItem","position":2,"name":"Absolicon investerar i Solis Calor AB och blir \u00e4gare av 20 %"}]},{"@type":"WebSite","@id":"https:\/\/www.agma.com\/sv\/#website","url":"https:\/\/www.agma.com\/sv\/","name":"Absolicon","description":"","publisher":{"@id":"https:\/\/www.agma.com\/sv\/#organization"},"potentialAction":[{"@type":"SearchAction","target":{"@type":"EntryPoint","urlTemplate":"https:\/\/www.agma.com\/sv\/?s={search_term_string}"},"query-input":{"@type":"PropertyValueSpecification","valueRequired":true,"valueName":"search_term_string"}}],"inLanguage":"sv-SE"},{"@type":"Organization","@id":"https:\/\/www.agma.com\/sv\/#organization","name":"Absolicon","url":"https:\/\/www.agma.com\/sv\/","logo":{"@type":"ImageObject","inLanguage":"sv-SE","@id":"https:\/\/www.agma.com\/sv\/#\/schema\/logo\/image\/","url":"https:\/\/www.agma.com\/wp-content\/uploads\/2026\/04\/logotype_neg_blk.svg","contentUrl":"https:\/\/www.agma.com\/wp-content\/uploads\/2026\/04\/logotype_neg_blk.svg","width":705,"height":83,"caption":"Absolicon"},"image":{"@id":"https:\/\/www.agma.com\/sv\/#\/schema\/logo\/image\/"}},{"@type":"Person","@id":"https:\/\/www.agma.com\/sv\/#\/schema\/person\/6820b3ce1cc37edbaecc979090760d8b","name":"jakubschenk","image":{"@type":"ImageObject","inLanguage":"sv-SE","@id":"https:\/\/secure.gravatar.com\/avatar\/0ab843002d4a58702560e02354e5f9a3206e13bbfaa9df5a188e463870f605cd?s=96&d=mm&r=g","url":"https:\/\/secure.gravatar.com\/avatar\/0ab843002d4a58702560e02354e5f9a3206e13bbfaa9df5a188e463870f605cd?s=96&d=mm&r=g","contentUrl":"https:\/\/secure.gravatar.com\/avatar\/0ab843002d4a58702560e02354e5f9a3206e13bbfaa9df5a188e463870f605cd?s=96&d=mm&r=g","caption":"jakubschenk"},"sameAs":["https:\/\/www.agma.com"],"url":"https:\/\/www.agma.com\/sv\/author\/jakubschenk\/"}]}},"_links":{"self":[{"href":"https:\/\/www.agma.com\/sv\/wp-json\/wp\/v2\/posts\/13780","targetHints":{"allow":["GET"]}}],"collection":[{"href":"https:\/\/www.agma.com\/sv\/wp-json\/wp\/v2\/posts"}],"about":[{"href":"https:\/\/www.agma.com\/sv\/wp-json\/wp\/v2\/types\/post"}],"author":[{"embeddable":true,"href":"https:\/\/www.agma.com\/sv\/wp-json\/wp\/v2\/users\/1"}],"replies":[{"embeddable":true,"href":"https:\/\/www.agma.com\/sv\/wp-json\/wp\/v2\/comments?post=13780"}],"version-history":[{"count":0,"href":"https:\/\/www.agma.com\/sv\/wp-json\/wp\/v2\/posts\/13780\/revisions"}],"wp:attachment":[{"href":"https:\/\/www.agma.com\/sv\/wp-json\/wp\/v2\/media?parent=13780"}],"wp:term":[{"taxonomy":"category","embeddable":true,"href":"https:\/\/www.agma.com\/sv\/wp-json\/wp\/v2\/categories?post=13780"},{"taxonomy":"post_tag","embeddable":true,"href":"https:\/\/www.agma.com\/sv\/wp-json\/wp\/v2\/tags?post=13780"}],"curies":[{"name":"wp","href":"https:\/\/api.w.org\/{rel}","templated":true}]}}