{"id":13799,"date":"2022-02-24T16:22:00","date_gmt":"2022-02-24T16:22:00","guid":{"rendered":"https:\/\/www.absolicon.com\/bokslutskommunike-2020\/"},"modified":"2022-03-18T13:04:42","modified_gmt":"2022-03-18T13:04:42","slug":"bokslutskommunike-2021","status":"publish","type":"post","link":"https:\/\/www.agma.com\/sv\/bokslutskommunike-2021\/","title":{"rendered":"Bokslutskommunik\u00e9 2021"},"content":{"rendered":"<h2 style=\"margin-top:16px\"><span style=\"font-size:13pt\"><span style=\"font-family:arial,helvetica,sans-serif\"><span style=\"font-weight:normal\"><strong><span style=\"font-family:arial,helvetica,sans-serif\">Vd Joakim Bystr\u00f6m: Nu f\u00f6r\u00e4ndras allt!<\/span><\/strong><\/span><\/span><\/span><\/h2>\n<p style=\"margin-bottom:11px;margin-top:12px\"><span><span style=\"font-size:11pt\"><span><span style=\"font-family:arial,helvetica,sans-serif\"><span style=\"color:black\">Jag \u00e4r stolt att kunna ber\u00e4tta att Absolicon sedan december har \u00f6verenskommelser med fem av v\u00e4rldens st\u00f6rsta f\u00f6retag som accepterat Absolicons teknik f\u00f6r att producera sol\u00e5nga till sina industriella processer.<\/span><\/span><\/span><\/span><\/span><\/p>\n<p style=\"margin-bottom:11px\"><span><span style=\"font-size:11pt\"><span><span style=\"font-family:arial,helvetica,sans-serif\"><span style=\"color:black\">Det tog m\u00e5nga \u00e5r att utveckla v\u00e4rldens b\u00e4sta koncentrerande solf\u00e5ngare.<\/span><\/span><\/span><\/span><\/span><\/p>\n<p style=\"margin-bottom:11px\"><span><span style=\"font-size:11pt\"><span><span style=\"font-family:arial,helvetica,sans-serif\"><span style=\"color:black\">D\u00e4refter har Absolicon organiserat lokala partners f\u00f6r att bygga lokala marknader och massproducera solf\u00e5ngarna. Dessa fem \u00f6verenskommelser som Absolicon nu tecknat f\u00f6r\u00e4ndrar allt.<\/span><\/span><\/span><\/span><\/span><\/p>\n<p style=\"margin-bottom:11px\"><span><span style=\"font-size:11pt\"><span><span style=\"font-family:arial,helvetica,sans-serif\"><span style=\"color:black\">Absolicons solf\u00e5ngare T160 producerar v\u00e4rme och \u00e5nga upp till 160 grader och kan massproduceras till l\u00e5g kostnad. Den \u00e4r certifierad, har 76% optiskverkningsgrad vilket \u00e4r v\u00e4rldens h\u00f6gst uppm\u00e4tta i sin klass, och skyddas av \u00f6ver 70 patent eller patentans\u00f6kningar. <\/span><\/span><\/span><\/span><\/span><\/p>\n<p style=\"margin-bottom:11px\"><span><span style=\"font-size:11pt\"><span><span style=\"font-family:arial,helvetica,sans-serif\"><span style=\"color:black\">Vi har ett globalt n\u00e4tverk med ramavtalspartners som systematiskt bygger upp en egen kundstock med regionala solf\u00e5ngarkunder. Men den stora utmaningen har hela tiden varit att f\u00e5 med de multinationella bolagen i omst\u00e4llningen fr\u00e5n att elda fossila br\u00e4nslen till solv\u00e4rme. <\/span><\/span><\/span><\/span><\/span><\/p>\n<p style=\"margin-bottom:11px\"><span><span style=\"font-size:11pt\"><span><span style=\"font-family:arial,helvetica,sans-serif\"><span style=\"color:black\">Nu har f\u00f6ljande f\u00f6retag \u00f6verenskommelser med Absolicon om att installera pilotinstallationer som skall ers\u00e4tta fossila br\u00e4nslen med koncentrerad solenergi:<\/span><\/span><\/span><\/span><\/span><\/p>\n<ul>\n<li style=\"font-family:arial,helvetica,sans-serif;font-size:11pt\"><span><span style=\"font-size:11pt\"><span><span style=\"font-family:arial,helvetica,sans-serif\"><span style=\"color:black\">V\u00e4rldens st\u00f6rsta bryggerif\u00f6retag, Anhauser-Busch InBev<\/span><\/span><\/span><\/span><\/span><\/li>\n<li style=\"font-family:arial,helvetica,sans-serif;font-size:11pt\"><span><span style=\"font-size:11pt\"><span><span style=\"font-family:arial,helvetica,sans-serif\"><span style=\"color:black\">Den danska bryggerij\u00e4tten Carlsberg<\/span><\/span><\/span><\/span><\/span><\/li>\n<li style=\"font-family:arial,helvetica,sans-serif;font-size:11pt\"><span><span style=\"font-size:11pt\"><span><span style=\"font-family:arial,helvetica,sans-serif\"><span style=\"color:black\">Japanska Asahi med det italienska \u00f6lm\u00e4rket Peroni<\/span><\/span><\/span><\/span><\/span><\/li>\n<li style=\"font-family:arial,helvetica,sans-serif;font-size:11pt\"><span><span style=\"font-size:11pt\"><span><span style=\"font-family:arial,helvetica,sans-serif\"><span style=\"color:black\">Ett dotterbolag till indiska Tata i Indien<\/span><\/span><\/span><\/span><\/span><\/li>\n<li style=\"font-family:arial,helvetica,sans-serif;font-size:11pt;margin-bottom:11px\"><span><span style=\"font-size:11pt\"><span><span style=\"font-family:arial,helvetica,sans-serif\"><span style=\"color:black\">Livsmedelsf\u00f6retaget Archer Daniels Midland (ADM) i Tyskland. <\/span><\/span><\/span><\/span><\/span><\/li>\n<\/ul>\n<p style=\"margin-bottom:11px\"><span><span style=\"font-size:11pt\"><span><span style=\"font-family:arial,helvetica,sans-serif\"><span style=\"color:black\">Det \u00e4r min uppfattning att dessa \u00f6verenskommelser med n\u00e5gra av v\u00e4rldens st\u00f6rsta multinationella bolag blir avg\u00f6rande f\u00f6r industrins klimatomst\u00e4llning. N\u00e4r dessa enorma multinationella f\u00f6retag satsar p\u00e5 solv\u00e4rme blir v\u00e4rlden sig inte lik igen. <\/span><\/span><\/span><\/span><\/span><\/p>\n<p style=\"margin-bottom:11px\"><span><span style=\"font-size:11pt\"><span><span style=\"font-family:arial,helvetica,sans-serif\"><span style=\"color:black\">Med lokala robotlinor som massproducerar hundratusentals koncentrerande solf\u00e5ngare till storf\u00f6retagens omst\u00e4llning kommer \u00e4ven sm\u00e5industri, jordbruk och sjukhus f\u00e5 tillg\u00e5ng till billiga solf\u00e5ngare. Den lavineffekten f\u00f6r\u00e4ndrar v\u00e4rldens energif\u00f6rs\u00f6rjning. <\/span><\/span><\/span><\/span><\/span><\/p>\n<p style=\"margin-bottom:11px\"><span><span style=\"font-size:11pt\"><span><span style=\"font-family:arial,helvetica,sans-serif\"><span style=\"color:black\">Energiorganisationen IRENA f\u00f6rutser f\u00f6rs\u00e4ljning av solf\u00e5ngare till industrier f\u00f6r 8000 miljarder kronor fram till 2050 om vi skall klara 1,5 graders m\u00e5let, ett m\u00e5l som alla de fem multinationella bolagen \u00e5tagit sig f\u00f6lja tillsammans med \u00f6ver 1000 andra storf\u00f6retag i Science Based Targets. <\/span><\/span><\/span><\/span><\/span><\/p>\n<p style=\"margin-bottom:11px\"><span><span style=\"font-size:11pt\"><span><span style=\"font-family:arial,helvetica,sans-serif\"><span style=\"color:black\">Men multinationella bolag t\u00e4nker inte kompromissa med vinsterna. En nyckel till de fem viktiga avsiktsf\u00f6rklaringarna \u00e4r att Absolicon har visat att koncentrerad solv\u00e4rme blir billigare f\u00f6r dem \u00e4n att forts\u00e4tta elda fossila br\u00e4nslen. <\/span><\/span><\/span><\/span><\/span><\/p>\n<p style=\"margin-bottom:11px\"><span><span style=\"font-size:11pt\"><span><span style=\"font-family:arial,helvetica,sans-serif\"><span style=\"color:black\">F\u00f6r att klara leveranserna har Absolicon snabbt rekryterat fler medarbetare och vi <\/span><\/span><\/span><span style=\"font-family:arial,helvetica,sans-serif\"><span style=\"color:black\">\u00e4r <\/span><\/span><span><span style=\"font-family:arial,helvetica,sans-serif\"><span style=\"color:black\">idag \u00f6ver 40 s\u00e4ljare, tekniker och ingenj\u00f6rer. Det \u00e4r fortfarande omtumlande och Absolicon h\u00e5ller p\u00e5 att st\u00f6pas om i grunden. <\/span><\/span><\/span><\/span><\/span><\/p>\n<p style=\"margin-bottom:11px\"><span><span style=\"font-size:11pt\"><span><span style=\"font-family:arial,helvetica,sans-serif\"><span style=\"color:black\">Som vd \u00e4r det fantastiskt att f\u00e5 uppleva detta genombrott. Den strategi som jag f\u00f6rst beskrivit och sedan avrapporterat i kvartalsrapport efter kvartalsrapport med produktutveckling, partnerskap och riktad marknadsf\u00f6ring har fungerat. Jag vill tacka hela teamet i och kring Absolicon f\u00f6r denna insats!<\/span><\/span><\/span><\/span><\/span><\/p>\n<p style=\"margin-bottom:11px\"><span><span style=\"font-size:11pt\"><span><span style=\"font-family:arial,helvetica,sans-serif\"><span style=\"color:black\">Joakim Bystr\u00f6m, CEO Absolicon Solar Collector AB<\/span><\/span><\/span><\/span><\/span><\/p>\n<h2 style=\"margin-top:24px;margin-bottom:8px\"><span><span style=\"font-size:13pt\"><span><span style=\"font-family:arial,helvetica,sans-serif\">Fem nya solv\u00e4rmeprojekt presenterade under sista kvartalet&nbsp; <\/span><\/span><\/span><\/span><\/h2>\n<p style=\"margin-bottom:11px\"><span><span style=\"font-size:11pt\"><span><span style=\"font-family:arial,helvetica,sans-serif\">Under \u00e5rets sista kvartal tecknade Absolicons s\u00e4ljavdelning avtal eller Letter of Intent (LOI) om fem nya solv\u00e4rmeinstallationer. Tre av dessa med multinationella bolag som livsmedelsj\u00e4tten ADM och bryggerikoncernen Birra Peroni samt det indiska konglomeratet TATA. Flera av projekten planeras tillsammans med produktionslinepartners och inneb\u00e4r steg n\u00e4rmare f\u00f6rs\u00e4ljning av produktionslinor.<\/span><\/span><\/span><\/span><\/p>\n<h2 style=\"margin-top:24px;margin-bottom:8px\"><span><span style=\"font-size:13pt\"><span><span style=\"font-family:arial,helvetica,sans-serif\">Finansiella m\u00e5l<\/span><\/span><\/span><\/span><\/h2>\n<ul>\n<li style=\"font-family:arial,helvetica,sans-serif;font-size:11pt;margin-left:8px\"><span><span style=\"font-size:11pt\"><span><span style=\"font-family:arial,helvetica,sans-serif\">Absolicon skall senast \u00e5r 2022 oms\u00e4tta 100 miljoner kronor.<\/span><\/span><\/span><\/span><\/li>\n<li style=\"font-family:arial,helvetica,sans-serif;font-size:11pt;margin-left:8px\"><span><span style=\"font-size:11pt\"><span><span style=\"font-family:arial,helvetica,sans-serif\">T\u00e4ckningsbidragen fr\u00e5n produktionslinorna \u00e5r 2022 skall ge ett positivt kassafl\u00f6de<\/span><\/span><\/span><\/span><\/li>\n<li style=\"font-family:arial,helvetica,sans-serif;font-size:11pt;margin-bottom:11px;margin-left:8px\"><span><span style=\"font-size:11pt\"><span><span style=\"font-family:arial,helvetica,sans-serif\">Bolaget skall vara klart f\u00f6r notering p\u00e5 Stockholmsb\u00f6rsen inom 3-5 \u00e5r fr\u00e5n 2020<\/span><\/span><\/span><\/span><\/li>\n<\/ul>\n<h2 style=\"margin-top:24px;margin-bottom:8px\"><span><span style=\"font-size:13pt\"><span><span style=\"font-family:arial,helvetica,sans-serif\">V\u00e4sentliga h\u00e4ndelser under perioden<\/span><\/span><\/span><\/span><\/h2>\n<ul>\n<li style=\"font-family:arial,helvetica,sans-serif;font-size:11pt;margin-left:8px\"><span><span style=\"font-size:11pt\"><span><span style=\"font-family:arial,helvetica,sans-serif\">Tv\u00e5 p\u00e5g\u00e5ende installationer, i Kenya respektive Saudiarabien<\/span><\/span><\/span><\/span><\/li>\n<li style=\"font-family:arial,helvetica,sans-serif;font-size:11pt;margin-left:8px\"><span><span style=\"font-size:11pt\"><span><span style=\"font-family:arial,helvetica,sans-serif\">Fem undertecknade avtal eller avsiktsf\u00f6rklaringar f\u00f6r pilotinstallationer<\/span><\/span><\/span><\/span><\/li>\n<li style=\"font-family:arial,helvetica,sans-serif;font-size:11pt;margin-left:8px\"><span><span style=\"font-size:11pt\"><span><span style=\"font-family:arial,helvetica,sans-serif\">Tre tecknade ramavtal f\u00f6r produktionslinor i Italien, Kanada och Botswana<\/span><\/span><\/span><\/span><\/li>\n<li style=\"font-family:arial,helvetica,sans-serif;font-size:11pt;margin-bottom:11px;margin-left:8px\"><span><span style=\"font-size:11pt\"><span><span style=\"font-family:arial,helvetica,sans-serif\">Uppn\u00e5tt m\u00e5let med fem tecknade avsiktsf\u00f6rklaringar med multinationella bolag om pilotinstallationer<\/span><\/span><\/span><\/span><\/li>\n<\/ul>\n<h2 style=\"margin-top:24px;margin-bottom:8px\"><span><span style=\"font-size:13pt\"><span><span style=\"font-family:arial,helvetica,sans-serif\">Nyckeltal<\/span><\/span><\/span><\/span><\/h2>\n<p style=\"margin-bottom:11px\"><span><span style=\"font-size:11pt\"><span><span style=\"font-family:arial,helvetica,sans-serif\">Fj\u00e4rde kvartalet 2021-10-01 \u2013 2021-12-31<\/span><\/span><\/span><\/span><\/p>\n<ul>\n<li style=\"font-family:arial,helvetica,sans-serif;font-size:11pt;margin-left:8px\"><span><span style=\"font-size:11pt\"><span><span style=\"font-family:arial,helvetica,sans-serif\">Nettooms\u00e4ttningen uppgick till: 1 475 (904) KSEK<\/span><\/span><\/span><\/span><\/li>\n<li style=\"font-family:arial,helvetica,sans-serif;font-size:11pt;margin-left:8px\"><span><span style=\"font-size:11pt\"><span><span style=\"font-family:arial,helvetica,sans-serif\">R\u00f6relseresultatet (EBIT) uppgick till: -17 381 (-5 445) KSEK<\/span><\/span><\/span><\/span><\/li>\n<li style=\"font-family:arial,helvetica,sans-serif;font-size:11pt;margin-bottom:11px;margin-left:8px\"><span><span style=\"font-size:11pt\"><span><span style=\"font-family:arial,helvetica,sans-serif\">Resultatet per aktie uppgick till: -12,24 (-2,81) SEK<\/span><\/span><\/span><\/span><\/li>\n<\/ul>\n<p style=\"margin-bottom:11px\"><span><span style=\"font-size:11pt\"><span><span style=\"font-family:arial,helvetica,sans-serif\">Perioden 2021-01-01 \u2013 2021-12-31<\/span><\/span><\/span><\/span><\/p>\n<ul>\n<li style=\"font-family:arial,helvetica,sans-serif;font-size:11pt;margin-left:8px\"><span><span style=\"font-size:11pt\"><span><span style=\"font-family:arial,helvetica,sans-serif\">Nettooms\u00e4ttningen uppgick till: 2 727 (1 989) KSEK<\/span><\/span><\/span><\/span><\/li>\n<li style=\"font-family:arial,helvetica,sans-serif;font-size:11pt;margin-left:8px\"><span><span style=\"font-size:11pt\"><span><span style=\"font-family:arial,helvetica,sans-serif\">R\u00f6relseresultatet (EBIT) uppgick till: &#8211; 43 478 (-23 251) KSEK<\/span><\/span><\/span><\/span><\/li>\n<li style=\"font-family:arial,helvetica,sans-serif;font-size:11pt;margin-bottom:11px;margin-left:8px\"><span><span style=\"font-size:11pt\"><span><span style=\"font-family:arial,helvetica,sans-serif\">Resultatet per aktie uppgick till: &#8211; 20,48 (-11,61) SEK<\/span><\/span><\/span><\/span><\/li>\n<\/ul>\n<p style=\"margin-bottom:11px\"><span><span style=\"font-size:11pt\"><span><span style=\"font-family:arial,helvetica,sans-serif\">Notera att i r\u00f6relseresultatet f\u00f6r Q4 ing\u00e5r en extraordin\u00e4r kostnad i form av nedskrivning av aktier i Modolar om 12&nbsp;853 KSEK<\/span><\/span><\/span><\/span><\/p>\n<p style=\"margin-bottom:11px\"><span><span style=\"font-size:11pt\"><span><span style=\"font-family:arial,helvetica,sans-serif\">Resultat per aktie: Periodens resultat f\u00f6re skatt dividerat med 2 467 794 (2 467 794) utest\u00e5ende aktier.<\/span><\/span><\/span><\/span><\/p>\n<h2 style=\"margin-top:24px;margin-bottom:8px\"><span><span style=\"font-size:13pt\"><span><span style=\"font-family:arial,helvetica,sans-serif\">Nedskrivning av v\u00e4rdet i Modolar<\/span><\/span><\/span><\/span><\/h2>\n<p style=\"margin-bottom:11px\"><span><span style=\"font-size:11pt\"><span><span style=\"font-family:arial,helvetica,sans-serif\">Arbetet med att s\u00e4lja standardiserad och solv\u00e4rmedriven processutrustning genom det sam\u00e4gda bolaget Modolar har under Q4 stannat upp d\u00e5 b\u00e5de Absolicon och den grekiska partnern Saravanos prioriterat mer angel\u00e4gna projekt.&nbsp; <\/span><\/span><\/span><\/span><\/p>\n<p style=\"margin-bottom:11px\"><span><span style=\"font-size:11pt\"><span><span style=\"font-family:arial,helvetica,sans-serif\">F\u00f6rv\u00e4rvet av 50% av Modolar fr\u00e5n Saravanos 2018 skedde genom en riktad emission av aktier och i Absolicons balansr\u00e4kning f\u00f6r Q3 2021 finns en goodwillpost f\u00f6r Modolar om ca 10 MSEK som representerar v\u00e4rdet av dessa aktier.<\/span><\/span><\/span><\/span><\/p>\n<p style=\"margin-bottom:11px\"><span><span style=\"font-size:11pt\"><span><span style=\"font-family:arial,helvetica,sans-serif\">Modolar har f\u00f6rst byggt en pilotanl\u00e4ggning hos Colgate-Palmolive i Grekland och sedan s\u00e5lt en kompletterande installation med solf\u00e5ngare och processutrustning som installerades vintern 2020\/2021. Dessutom har Modolar levererat en avancerad indunstare till ett gruvbolag med en teknik som Absolicon bed\u00f6mer \u00e4r l\u00e4mplig att produktifiera.<\/span><\/span><\/span><\/span><\/p>\n<p style=\"margin-bottom:11px\"><span><span style=\"font-size:11pt\"><span><span style=\"font-family:arial,helvetica,sans-serif\">I dagsl\u00e4get finns dock inte en f\u00f6rs\u00e4ljningsbudget som motiverar v\u00e4rdet i balansr\u00e4kningen och goodwillposten skrivs i bokslutet 2021 ned till noll. Samarbetet i Modolar forts\u00e4tter dock och intresset fr\u00e5n b\u00e5de Absolicons och Saravanos kunder \u00e4r stort. F\u00f6rhoppningen \u00e4r att Modolar skall kunna f\u00e5 \u00f6kat fokus under 2022 fr\u00e5n sina tv\u00e5 del\u00e4gare.<\/span><\/span><\/span><\/span><\/p>\n<h2 style=\"margin-top:24px;margin-bottom:8px\"><span><span style=\"font-size:13pt\"><span><span style=\"font-family:arial,helvetica,sans-serif\">Uppskjuten skatt <\/span><\/span><\/span><\/span><\/h2>\n<p style=\"margin-bottom:11px\"><span><span style=\"font-size:11pt\"><span><span style=\"font-family:arial,helvetica,sans-serif\">De investeringar i marknadsf\u00f6ring och forskning som Absolicon g\u00f6r kostnadsf\u00f6rs i resultatr\u00e4kningen tillsammans med kostnader f\u00f6r ledning och administration. Detta har resulterat i en f\u00f6rlust i bolaget som i sin tur skapar en tillg\u00e5ng i form av ett skatteavdrag p\u00e5 framtida vinst. Absolicons strategi \u00e4r att prioritera tillv\u00e4xt i bolaget framf\u00f6r att dela ut vinst. En konsekvens av detta \u00e4r att bolaget fr\u00e5n om med Q4 2022 inte bokar upp ytterligare uppskjuten skatt som tillg\u00e5ng.<\/span><\/span><\/span><\/span><\/p>\n<h2 style=\"margin-top:24px;margin-bottom:8px\"><span><span style=\"font-size:13pt\"><span><span style=\"font-family:arial,helvetica,sans-serif\">F\u00f6rs\u00e4ljning av produktionslinor<\/span><\/span><\/span><\/span><\/h2>\n<p style=\"margin-bottom:11px\"><span><span style=\"font-size:11pt\"><span><span style=\"font-family:arial,helvetica,sans-serif\">Fyra av v\u00e5ra samarbeten har under kvartalet utvecklats s\u00e5 att vi bed\u00f6mer att de skulle kunna komma att best\u00e4lla produktionslinor under f\u00f6rsta halv\u00e5ret 2022. <\/span><\/span><\/span><\/span><\/p>\n<ul>\n<li style=\"font-family:arial,helvetica,sans-serif;font-size:11pt;margin-bottom:11px;margin-left:7px\"><span><span style=\"font-size:11pt\"><span><span style=\"font-family:arial,helvetica,sans-serif\">I Italien arbetar IDEAL-E p\u00e5 bred front med projekt och aff\u00e4rskontakter. Bolaget har uppgivit till Absolicon att de f\u00f6rv\u00e4rvat en lokal och Absolicon har p\u00e5 planritningarna planerat in hur produktionslinan skall st\u00e5.<\/span><\/span><\/span><\/span><\/li>\n<li style=\"font-family:arial,helvetica,sans-serif;font-size:11pt;margin-bottom:11px;margin-left:7px\"><span><span style=\"font-size:11pt\"><span><span style=\"font-family:arial,helvetica,sans-serif\">En ny akt\u00f6r i Nordamerika f\u00f6rhandlar om k\u00f6p av produktionslina utan att f\u00f6rst tecknat ett ramavtal. \u00c4ven d\u00e4r har Absolicon ritat in en produktionslina p\u00e5 kundens planritning. Ett skr\u00e4ddarsytt avtal h\u00e5ller p\u00e5 att utformas.<\/span><\/span><\/span><\/span><\/li>\n<li style=\"font-family:arial,helvetica,sans-serif;font-size:11pt;margin-bottom:11px;margin-left:7px\"><span><span style=\"font-size:11pt\"><span><span style=\"font-family:arial,helvetica,sans-serif\">Snabb utveckling med Creative Power Solutions i Egypten. V\u00e5r partner arbetar i energisektorn och det finns m\u00f6jlighet till gynnsam finansiering med beslut under v\u00e5ren. <\/span><\/span><\/span><\/span><\/li>\n<li style=\"font-family:arial,helvetica,sans-serif;font-size:11pt;margin-bottom:11px;margin-left:7px\"><span><span style=\"font-size:11pt\"><span><span style=\"font-family:arial,helvetica,sans-serif\">I s\u00f6dra Afrika kan en lina komma till st\u00e5nd i samarbete med Planet Soar i Botswana och Greenline Africa i Sydafrika samt en potentiell finansi\u00e4r. F\u00f6rhandlingarna med Greenline Africas kund AB Inbev forts\u00e4tter.<\/span><\/span><\/span><\/span><\/li>\n<\/ul>\n<h2 style=\"margin-top:24px;margin-bottom:8px\"><span><span style=\"font-size:13pt\"><span><span style=\"font-family:arial,helvetica,sans-serif\">Riktad nyemission<\/span><\/span><\/span><\/span><\/h2>\n<p style=\"margin-bottom:11px\"><span><span style=\"font-size:11pt\"><span><span style=\"font-family:arial,helvetica,sans-serif\">Den offensiva satsningen och de aktiviteter som beskrivs ovan har inneburit att bolaget redovisar ett negativt kassafl\u00f6de f\u00f6r \u00e5ret och, som beskrivs p\u00e5 sid 24 av rapporten, s\u00e5 har styrelsen f\u00f6r avsikt att genomf\u00f6ra en riktad nyemission om 95 Mkr varav 25 Mkr garanteras av Joakim Bystr\u00f6m och Olle Olsson. Denna planerade f\u00f6rst\u00e4rkning av likviditeten g\u00f6r att styrelsen bed\u00f6mer att bolagets verksamhet \u00e4ven utan int\u00e4kter ut\u00f6ver legof\u00f6rs\u00e4ljning och beviljade forskningsprojekt samt utan ytterligare tecknare i emissionen \u00e4r finansierad de kommande 12 m\u00e5naderna.<\/span><\/span><\/span><\/span><\/p>\n<h2 style=\"margin-top:24px;margin-bottom:8px\"><span><span style=\"font-size:13pt\"><span><span style=\"font-family:arial,helvetica,sans-serif\">\u00d6vrigt<\/span><\/span><\/span><\/span><\/h2>\n<p style=\"margin-bottom:11px\"><span><span style=\"font-size:11pt\"><span><span style=\"font-family:arial,helvetica,sans-serif\">Bokslutskommunik\u00e9n Q4 2021 kan med f\u00f6rdel l\u00e4sas tillsammans med \u00e5rsredovisningen 2020 som ger en f\u00f6rdjupad bild av den historiska utvecklingen.<\/span><\/span><\/span><\/span><\/p>\n<p>Denna information \u00e4r s\u00e5dan som Absolicon \u00e4r skyldigt att offentligg\u00f6ra enligt EU:s marknadsmissbruksf\u00f6rordning (EU nr 596\/2014). Informationen l\u00e4mnades, genom angiven kontaktpersons f\u00f6rsorg, f\u00f6r offentligg\u00f6rande 2022-02-24 17:22 CET.<\/p>\n","protected":false},"excerpt":{"rendered":"<p>Vd Joakim Bystr\u00f6m: Nu f\u00f6r\u00e4ndras allt! Jag \u00e4r stolt att kunna ber\u00e4tta att Absolicon sedan december har \u00f6verenskommelser med fem av v\u00e4rldens st\u00f6rsta f\u00f6retag som accepterat Absolicons teknik f\u00f6r att producera sol\u00e5nga till sina industriella processer. Det tog m\u00e5nga \u00e5r att utveckla v\u00e4rldens b\u00e4sta koncentrerande solf\u00e5ngare. D\u00e4refter har Absolicon organiserat lokala partners f\u00f6r att bygga [&hellip;]<\/p>\n","protected":false},"author":1,"featured_media":0,"comment_status":"open","ping_status":"open","sticky":false,"template":"","format":"standard","meta":{"_acf_changed":false,"footnotes":""},"categories":[24],"tags":[],"class_list":["post-13799","post","type-post","status-publish","format-standard","hentry","category-delarsrapport"],"acf":[],"yoast_head":"<!-- This site is optimized with the Yoast SEO plugin v27.4 - https:\/\/yoast.com\/product\/yoast-seo-wordpress\/ -->\n<title>Bokslutskommunik\u00e9 2021 - Absolicon<\/title>\n<meta name=\"robots\" content=\"index, follow, max-snippet:-1, max-image-preview:large, max-video-preview:-1\" \/>\n<link rel=\"canonical\" href=\"https:\/\/www.agma.com\/sv\/bokslutskommunike-2021\/\" \/>\n<meta property=\"og:locale\" content=\"sv_SE\" \/>\n<meta property=\"og:type\" content=\"article\" \/>\n<meta property=\"og:title\" content=\"Bokslutskommunik\u00e9 2021 - Absolicon\" \/>\n<meta property=\"og:description\" content=\"Vd Joakim Bystr\u00f6m: Nu f\u00f6r\u00e4ndras allt! Jag \u00e4r stolt att kunna ber\u00e4tta att Absolicon sedan december har \u00f6verenskommelser med fem av v\u00e4rldens st\u00f6rsta f\u00f6retag som accepterat Absolicons teknik f\u00f6r att producera sol\u00e5nga till sina industriella processer. Det tog m\u00e5nga \u00e5r att utveckla v\u00e4rldens b\u00e4sta koncentrerande solf\u00e5ngare. D\u00e4refter har Absolicon organiserat lokala partners f\u00f6r att bygga [&hellip;]\" \/>\n<meta property=\"og:url\" content=\"https:\/\/www.agma.com\/sv\/bokslutskommunike-2021\/\" \/>\n<meta property=\"og:site_name\" content=\"Absolicon\" \/>\n<meta property=\"article:published_time\" content=\"2022-02-24T16:22:00+00:00\" \/>\n<meta property=\"article:modified_time\" content=\"2022-03-18T13:04:42+00:00\" \/>\n<meta name=\"author\" content=\"jakubschenk\" \/>\n<meta name=\"twitter:card\" content=\"summary_large_image\" \/>\n<meta name=\"twitter:label1\" content=\"Skriven av\" \/>\n\t<meta name=\"twitter:data1\" content=\"jakubschenk\" \/>\n<script type=\"application\/ld+json\" class=\"yoast-schema-graph\">{\"@context\":\"https:\\\/\\\/schema.org\",\"@graph\":[{\"@type\":\"Article\",\"@id\":\"https:\\\/\\\/www.agma.com\\\/sv\\\/bokslutskommunike-2021\\\/#article\",\"isPartOf\":{\"@id\":\"https:\\\/\\\/www.agma.com\\\/sv\\\/bokslutskommunike-2021\\\/\"},\"author\":{\"name\":\"jakubschenk\",\"@id\":\"https:\\\/\\\/www.agma.com\\\/sv\\\/#\\\/schema\\\/person\\\/6820b3ce1cc37edbaecc979090760d8b\"},\"headline\":\"Bokslutskommunik\u00e9 2021\",\"datePublished\":\"2022-02-24T16:22:00+00:00\",\"dateModified\":\"2022-03-18T13:04:42+00:00\",\"mainEntityOfPage\":{\"@id\":\"https:\\\/\\\/www.agma.com\\\/sv\\\/bokslutskommunike-2021\\\/\"},\"wordCount\":1343,\"commentCount\":0,\"publisher\":{\"@id\":\"https:\\\/\\\/www.agma.com\\\/sv\\\/#organization\"},\"articleSection\":[\"Del\u00e5rsrapport\"],\"inLanguage\":\"sv-SE\",\"potentialAction\":[{\"@type\":\"CommentAction\",\"name\":\"Comment\",\"target\":[\"https:\\\/\\\/www.agma.com\\\/sv\\\/bokslutskommunike-2021\\\/#respond\"]}]},{\"@type\":\"WebPage\",\"@id\":\"https:\\\/\\\/www.agma.com\\\/sv\\\/bokslutskommunike-2021\\\/\",\"url\":\"https:\\\/\\\/www.agma.com\\\/sv\\\/bokslutskommunike-2021\\\/\",\"name\":\"Bokslutskommunik\u00e9 2021 - Absolicon\",\"isPartOf\":{\"@id\":\"https:\\\/\\\/www.agma.com\\\/sv\\\/#website\"},\"datePublished\":\"2022-02-24T16:22:00+00:00\",\"dateModified\":\"2022-03-18T13:04:42+00:00\",\"breadcrumb\":{\"@id\":\"https:\\\/\\\/www.agma.com\\\/sv\\\/bokslutskommunike-2021\\\/#breadcrumb\"},\"inLanguage\":\"sv-SE\",\"potentialAction\":[{\"@type\":\"ReadAction\",\"target\":[\"https:\\\/\\\/www.agma.com\\\/sv\\\/bokslutskommunike-2021\\\/\"]}]},{\"@type\":\"BreadcrumbList\",\"@id\":\"https:\\\/\\\/www.agma.com\\\/sv\\\/bokslutskommunike-2021\\\/#breadcrumb\",\"itemListElement\":[{\"@type\":\"ListItem\",\"position\":1,\"name\":\"Home\",\"item\":\"https:\\\/\\\/www.agma.com\\\/sv\\\/\"},{\"@type\":\"ListItem\",\"position\":2,\"name\":\"Bokslutskommunik\u00e9 2021\"}]},{\"@type\":\"WebSite\",\"@id\":\"https:\\\/\\\/www.agma.com\\\/sv\\\/#website\",\"url\":\"https:\\\/\\\/www.agma.com\\\/sv\\\/\",\"name\":\"Absolicon\",\"description\":\"\",\"publisher\":{\"@id\":\"https:\\\/\\\/www.agma.com\\\/sv\\\/#organization\"},\"potentialAction\":[{\"@type\":\"SearchAction\",\"target\":{\"@type\":\"EntryPoint\",\"urlTemplate\":\"https:\\\/\\\/www.agma.com\\\/sv\\\/?s={search_term_string}\"},\"query-input\":{\"@type\":\"PropertyValueSpecification\",\"valueRequired\":true,\"valueName\":\"search_term_string\"}}],\"inLanguage\":\"sv-SE\"},{\"@type\":\"Organization\",\"@id\":\"https:\\\/\\\/www.agma.com\\\/sv\\\/#organization\",\"name\":\"Absolicon\",\"url\":\"https:\\\/\\\/www.agma.com\\\/sv\\\/\",\"logo\":{\"@type\":\"ImageObject\",\"inLanguage\":\"sv-SE\",\"@id\":\"https:\\\/\\\/www.agma.com\\\/sv\\\/#\\\/schema\\\/logo\\\/image\\\/\",\"url\":\"https:\\\/\\\/www.agma.com\\\/wp-content\\\/uploads\\\/2026\\\/04\\\/logotype_neg_blk.svg\",\"contentUrl\":\"https:\\\/\\\/www.agma.com\\\/wp-content\\\/uploads\\\/2026\\\/04\\\/logotype_neg_blk.svg\",\"width\":705,\"height\":83,\"caption\":\"Absolicon\"},\"image\":{\"@id\":\"https:\\\/\\\/www.agma.com\\\/sv\\\/#\\\/schema\\\/logo\\\/image\\\/\"}},{\"@type\":\"Person\",\"@id\":\"https:\\\/\\\/www.agma.com\\\/sv\\\/#\\\/schema\\\/person\\\/6820b3ce1cc37edbaecc979090760d8b\",\"name\":\"jakubschenk\",\"image\":{\"@type\":\"ImageObject\",\"inLanguage\":\"sv-SE\",\"@id\":\"https:\\\/\\\/secure.gravatar.com\\\/avatar\\\/0ab843002d4a58702560e02354e5f9a3206e13bbfaa9df5a188e463870f605cd?s=96&d=mm&r=g\",\"url\":\"https:\\\/\\\/secure.gravatar.com\\\/avatar\\\/0ab843002d4a58702560e02354e5f9a3206e13bbfaa9df5a188e463870f605cd?s=96&d=mm&r=g\",\"contentUrl\":\"https:\\\/\\\/secure.gravatar.com\\\/avatar\\\/0ab843002d4a58702560e02354e5f9a3206e13bbfaa9df5a188e463870f605cd?s=96&d=mm&r=g\",\"caption\":\"jakubschenk\"},\"sameAs\":[\"https:\\\/\\\/www.agma.com\"],\"url\":\"https:\\\/\\\/www.agma.com\\\/sv\\\/author\\\/jakubschenk\\\/\"}]}<\/script>\n<!-- \/ Yoast SEO plugin. -->","yoast_head_json":{"title":"Bokslutskommunik\u00e9 2021 - Absolicon","robots":{"index":"index","follow":"follow","max-snippet":"max-snippet:-1","max-image-preview":"max-image-preview:large","max-video-preview":"max-video-preview:-1"},"canonical":"https:\/\/www.agma.com\/sv\/bokslutskommunike-2021\/","og_locale":"sv_SE","og_type":"article","og_title":"Bokslutskommunik\u00e9 2021 - Absolicon","og_description":"Vd Joakim Bystr\u00f6m: Nu f\u00f6r\u00e4ndras allt! Jag \u00e4r stolt att kunna ber\u00e4tta att Absolicon sedan december har \u00f6verenskommelser med fem av v\u00e4rldens st\u00f6rsta f\u00f6retag som accepterat Absolicons teknik f\u00f6r att producera sol\u00e5nga till sina industriella processer. Det tog m\u00e5nga \u00e5r att utveckla v\u00e4rldens b\u00e4sta koncentrerande solf\u00e5ngare. D\u00e4refter har Absolicon organiserat lokala partners f\u00f6r att bygga [&hellip;]","og_url":"https:\/\/www.agma.com\/sv\/bokslutskommunike-2021\/","og_site_name":"Absolicon","article_published_time":"2022-02-24T16:22:00+00:00","article_modified_time":"2022-03-18T13:04:42+00:00","author":"jakubschenk","twitter_card":"summary_large_image","twitter_misc":{"Skriven av":"jakubschenk"},"schema":{"@context":"https:\/\/schema.org","@graph":[{"@type":"Article","@id":"https:\/\/www.agma.com\/sv\/bokslutskommunike-2021\/#article","isPartOf":{"@id":"https:\/\/www.agma.com\/sv\/bokslutskommunike-2021\/"},"author":{"name":"jakubschenk","@id":"https:\/\/www.agma.com\/sv\/#\/schema\/person\/6820b3ce1cc37edbaecc979090760d8b"},"headline":"Bokslutskommunik\u00e9 2021","datePublished":"2022-02-24T16:22:00+00:00","dateModified":"2022-03-18T13:04:42+00:00","mainEntityOfPage":{"@id":"https:\/\/www.agma.com\/sv\/bokslutskommunike-2021\/"},"wordCount":1343,"commentCount":0,"publisher":{"@id":"https:\/\/www.agma.com\/sv\/#organization"},"articleSection":["Del\u00e5rsrapport"],"inLanguage":"sv-SE","potentialAction":[{"@type":"CommentAction","name":"Comment","target":["https:\/\/www.agma.com\/sv\/bokslutskommunike-2021\/#respond"]}]},{"@type":"WebPage","@id":"https:\/\/www.agma.com\/sv\/bokslutskommunike-2021\/","url":"https:\/\/www.agma.com\/sv\/bokslutskommunike-2021\/","name":"Bokslutskommunik\u00e9 2021 - Absolicon","isPartOf":{"@id":"https:\/\/www.agma.com\/sv\/#website"},"datePublished":"2022-02-24T16:22:00+00:00","dateModified":"2022-03-18T13:04:42+00:00","breadcrumb":{"@id":"https:\/\/www.agma.com\/sv\/bokslutskommunike-2021\/#breadcrumb"},"inLanguage":"sv-SE","potentialAction":[{"@type":"ReadAction","target":["https:\/\/www.agma.com\/sv\/bokslutskommunike-2021\/"]}]},{"@type":"BreadcrumbList","@id":"https:\/\/www.agma.com\/sv\/bokslutskommunike-2021\/#breadcrumb","itemListElement":[{"@type":"ListItem","position":1,"name":"Home","item":"https:\/\/www.agma.com\/sv\/"},{"@type":"ListItem","position":2,"name":"Bokslutskommunik\u00e9 2021"}]},{"@type":"WebSite","@id":"https:\/\/www.agma.com\/sv\/#website","url":"https:\/\/www.agma.com\/sv\/","name":"Absolicon","description":"","publisher":{"@id":"https:\/\/www.agma.com\/sv\/#organization"},"potentialAction":[{"@type":"SearchAction","target":{"@type":"EntryPoint","urlTemplate":"https:\/\/www.agma.com\/sv\/?s={search_term_string}"},"query-input":{"@type":"PropertyValueSpecification","valueRequired":true,"valueName":"search_term_string"}}],"inLanguage":"sv-SE"},{"@type":"Organization","@id":"https:\/\/www.agma.com\/sv\/#organization","name":"Absolicon","url":"https:\/\/www.agma.com\/sv\/","logo":{"@type":"ImageObject","inLanguage":"sv-SE","@id":"https:\/\/www.agma.com\/sv\/#\/schema\/logo\/image\/","url":"https:\/\/www.agma.com\/wp-content\/uploads\/2026\/04\/logotype_neg_blk.svg","contentUrl":"https:\/\/www.agma.com\/wp-content\/uploads\/2026\/04\/logotype_neg_blk.svg","width":705,"height":83,"caption":"Absolicon"},"image":{"@id":"https:\/\/www.agma.com\/sv\/#\/schema\/logo\/image\/"}},{"@type":"Person","@id":"https:\/\/www.agma.com\/sv\/#\/schema\/person\/6820b3ce1cc37edbaecc979090760d8b","name":"jakubschenk","image":{"@type":"ImageObject","inLanguage":"sv-SE","@id":"https:\/\/secure.gravatar.com\/avatar\/0ab843002d4a58702560e02354e5f9a3206e13bbfaa9df5a188e463870f605cd?s=96&d=mm&r=g","url":"https:\/\/secure.gravatar.com\/avatar\/0ab843002d4a58702560e02354e5f9a3206e13bbfaa9df5a188e463870f605cd?s=96&d=mm&r=g","contentUrl":"https:\/\/secure.gravatar.com\/avatar\/0ab843002d4a58702560e02354e5f9a3206e13bbfaa9df5a188e463870f605cd?s=96&d=mm&r=g","caption":"jakubschenk"},"sameAs":["https:\/\/www.agma.com"],"url":"https:\/\/www.agma.com\/sv\/author\/jakubschenk\/"}]}},"_links":{"self":[{"href":"https:\/\/www.agma.com\/sv\/wp-json\/wp\/v2\/posts\/13799","targetHints":{"allow":["GET"]}}],"collection":[{"href":"https:\/\/www.agma.com\/sv\/wp-json\/wp\/v2\/posts"}],"about":[{"href":"https:\/\/www.agma.com\/sv\/wp-json\/wp\/v2\/types\/post"}],"author":[{"embeddable":true,"href":"https:\/\/www.agma.com\/sv\/wp-json\/wp\/v2\/users\/1"}],"replies":[{"embeddable":true,"href":"https:\/\/www.agma.com\/sv\/wp-json\/wp\/v2\/comments?post=13799"}],"version-history":[{"count":2,"href":"https:\/\/www.agma.com\/sv\/wp-json\/wp\/v2\/posts\/13799\/revisions"}],"predecessor-version":[{"id":13874,"href":"https:\/\/www.agma.com\/sv\/wp-json\/wp\/v2\/posts\/13799\/revisions\/13874"}],"wp:attachment":[{"href":"https:\/\/www.agma.com\/sv\/wp-json\/wp\/v2\/media?parent=13799"}],"wp:term":[{"taxonomy":"category","embeddable":true,"href":"https:\/\/www.agma.com\/sv\/wp-json\/wp\/v2\/categories?post=13799"},{"taxonomy":"post_tag","embeddable":true,"href":"https:\/\/www.agma.com\/sv\/wp-json\/wp\/v2\/tags?post=13799"}],"curies":[{"name":"wp","href":"https:\/\/api.w.org\/{rel}","templated":true}]}}