{"id":13862,"date":"2022-03-11T13:58:31","date_gmt":"2022-03-11T13:58:31","guid":{"rendered":"https:\/\/www.absolicon.com\/kanarieoarna-satsar-pa-solvarme-fran-absolicon\/"},"modified":"2022-03-11T13:58:31","modified_gmt":"2022-03-11T13:58:31","slug":"kanarieoarna-satsar-pa-solvarme-fran-absolicon","status":"publish","type":"post","link":"https:\/\/www.agma.com\/sv\/kanarieoarna-satsar-pa-solvarme-fran-absolicon\/","title":{"rendered":"Kanarie\u00f6arna satsar p\u00e5 solv\u00e4rme fr\u00e5n Absolicon"},"content":{"rendered":"<p style=\"margin-top:12px\"><span>Kanarie&ouml;arna &auml;r k&auml;nda turistdestinationer, men d&auml;r finns ocks&aring; industrier som mejerier, bryggerier, och tv&auml;tterier. Av energin &auml;r 65% v&auml;rme och 35% elektricitet. H&auml;lften av v&auml;rme kommer fr&aring;n eldning av br&auml;nnolja och resten fr&aring;n dieselolja och andra br&auml;nslen.<\/span><\/p>\n<p><span>Kriget i Ukraina har drivit upp oljepriset &ouml;ver $100 och f&ouml;r m&aring;nga av industrierna har energikostnaderna f&ouml;rdubblats.<\/span><\/p>\n<p><span>&ndash; Kombinationen av att f&ouml;retagen vill klara Paris&ouml;verenskommelsens m&aring;l om 1,5 grader och de chockh&ouml;jda oljepriserna inneb&auml;r att intresset f&ouml;r solv&auml;rme &auml;r mycket stort nu, s&auml;ger Carlo Semeraro, f&ouml;rs&auml;ljningschef p&aring; Absolicon.<\/span><\/p>\n<p><span>Kanarie&ouml;arnas forskningsinstitut ITC har ber&auml;knat att industrin l&auml;tt kan installera 100&nbsp;000 m2 solf&aring;ngare och ers&auml;tta 10&nbsp;000 ton br&auml;nslen, och har d&auml;rf&ouml;r startat ett solv&auml;rmeprojekt. En viktig del &auml;r att bygga upp en demonstrationsplats d&auml;r industrier kan se hur enkelt det &auml;r att producera &aring;nga fr&aring;n solen &ndash; med Absolicon.<\/span><\/p>\n<p><span>Absolicon vann i november 2021 en upphandling att hos ITC installera ett f&auml;lt med koncentrerande solf&aring;ngare som producerar &aring;nga. Anl&auml;ggningen skall anv&auml;ndas f&ouml;r utbildning av &ouml;arnas industrier och som modell f&ouml;r hur omst&auml;llningen fr&aring;n olja till solv&auml;rme kan se ut. Solf&aring;ngarna finns redan p&aring; plats och installationen sker under v&aring;ren.<\/span><\/p>\n<p><span>Parallellt med ITC:s satsning kommer Kanarie&ouml;arnas regionledning den 23 mars lansera ett nytt st&ouml;d till industrier som byter bort oljan till f&ouml;rm&aring;n f&ouml;r bland annat solv&auml;rme. St&ouml;det ger upp till 45% av investeringskostnaden och regionen avs&auml;tter 4,5 miljoner Euro (ca 45 miljoner kronor) i satsningen.<\/span><\/p>\n<p><span>Satsningen &auml;r en del av Spaniens m&aring;ngmiljardprogram f&ouml;r att installera f&ouml;rnyelsebar v&auml;rme inom industrin som nu rullas ut i alla Spaniens regioner, dekret 1124\/2021. Allt fler inser det oh&aring;llbara att vara beroende av olja, gas och kol. Det inneb&auml;r b&aring;de en politisk risk och h&ouml;ga kostnader. Solv&auml;rmen d&auml;remot &auml;r s&auml;ker och gratis &ndash; kostnaden blir bara r&auml;ntor och amorteringar.<\/span><\/p>\n<p><span><strong>L&auml;s mer<\/strong><\/span><\/p>\n<p><span><a href=\"https:\/\/www.agma.com\/sv\/institut-valjer-solvarme-fran-absolicon-i-upphandling-pa-kanarieoarna\/\">Institut v&auml;ljer solv&auml;rme fr&aring;n Absolicon i upphandling p&aring; Kanarie&ouml;arna &ndash; Absolicon<\/a><\/span><\/p>\n<p><span><a href=\"https:\/\/www.idae.es\/ayudas-y-financiacion\/para-la-implantacion-de-instalaciones-de-energias-renovables-termicas-en\">Para la implantaci&oacute;n de instalaciones de energ&iacute;as renovables t&eacute;rmicas en diferentes sectores de la econom&iacute;a (RD 1124\/2021. PRTR) | Idae<\/a><\/span><\/p>\n","protected":false},"excerpt":{"rendered":"<p>Kanarie&ouml;arna &auml;r k&auml;nda turistdestinationer, men d&auml;r finns ocks&aring; industrier som mejerier, bryggerier, och tv&auml;tterier. Av energin &auml;r 65% v&auml;rme och 35% elektricitet. H&auml;lften av v&auml;rme kommer fr&aring;n eldning av br&auml;nnolja och resten fr&aring;n dieselolja och andra br&auml;nslen. Kriget i Ukraina har drivit upp oljepriset &ouml;ver $100 och f&ouml;r m&aring;nga av industrierna har energikostnaderna f&ouml;rdubblats. &ndash; [&hellip;]<\/p>\n","protected":false},"author":1,"featured_media":13863,"comment_status":"open","ping_status":"open","sticky":false,"template":"","format":"standard","meta":{"_acf_changed":false,"footnotes":""},"categories":[23],"tags":[],"class_list":["post-13862","post","type-post","status-publish","format-standard","has-post-thumbnail","hentry","category-pressrelease"],"acf":[],"yoast_head":"<!-- This site is optimized with the Yoast SEO plugin v27.4 - https:\/\/yoast.com\/product\/yoast-seo-wordpress\/ -->\n<title>Kanarie\u00f6arna satsar p\u00e5 solv\u00e4rme fr\u00e5n Absolicon - Absolicon<\/title>\n<meta name=\"robots\" content=\"index, follow, max-snippet:-1, max-image-preview:large, max-video-preview:-1\" \/>\n<link rel=\"canonical\" href=\"https:\/\/www.agma.com\/sv\/canary-islands-invests-in-solar-heating-from-absolicon\/\" \/>\n<meta property=\"og:locale\" content=\"sv_SE\" \/>\n<meta property=\"og:type\" content=\"article\" \/>\n<meta property=\"og:title\" content=\"Kanarie\u00f6arna satsar p\u00e5 solv\u00e4rme fr\u00e5n Absolicon - Absolicon\" \/>\n<meta property=\"og:description\" content=\"Kanarie&ouml;arna &auml;r k&auml;nda turistdestinationer, men d&auml;r finns ocks&aring; industrier som mejerier, bryggerier, och tv&auml;tterier. Av energin &auml;r 65% v&auml;rme och 35% elektricitet. H&auml;lften av v&auml;rme kommer fr&aring;n eldning av br&auml;nnolja och resten fr&aring;n dieselolja och andra br&auml;nslen. Kriget i Ukraina har drivit upp oljepriset &ouml;ver $100 och f&ouml;r m&aring;nga av industrierna har energikostnaderna f&ouml;rdubblats. &ndash; [&hellip;]\" \/>\n<meta property=\"og:url\" content=\"https:\/\/www.agma.com\/canary-islands-invests-in-solar-heating-from-absolicon\/\" \/>\n<meta property=\"og:site_name\" content=\"Absolicon\" \/>\n<meta property=\"article:published_time\" content=\"2022-03-11T13:58:31+00:00\" \/>\n<meta property=\"og:image\" content=\"https:\/\/www.agma.com\/wp-content\/uploads\/2022\/03\/IMG_0418-1.jpeg\" \/>\n\t<meta property=\"og:image:width\" content=\"2048\" \/>\n\t<meta property=\"og:image:height\" content=\"1536\" \/>\n\t<meta property=\"og:image:type\" content=\"image\/jpeg\" \/>\n<meta name=\"author\" content=\"jakubschenk\" \/>\n<meta name=\"twitter:card\" content=\"summary_large_image\" \/>\n<meta name=\"twitter:label1\" content=\"Skriven av\" \/>\n\t<meta name=\"twitter:data1\" content=\"jakubschenk\" \/>\n<script type=\"application\/ld+json\" class=\"yoast-schema-graph\">{\"@context\":\"https:\\\/\\\/schema.org\",\"@graph\":[{\"@type\":\"Article\",\"@id\":\"https:\\\/\\\/www.agma.com\\\/canary-islands-invests-in-solar-heating-from-absolicon\\\/#article\",\"isPartOf\":{\"@id\":\"https:\\\/\\\/www.agma.com\\\/canary-islands-invests-in-solar-heating-from-absolicon\\\/\"},\"author\":{\"name\":\"jakubschenk\",\"@id\":\"https:\\\/\\\/www.agma.com\\\/sv\\\/#\\\/schema\\\/person\\\/6820b3ce1cc37edbaecc979090760d8b\"},\"headline\":\"Kanarie\u00f6arna satsar p\u00e5 solv\u00e4rme fr\u00e5n Absolicon\",\"datePublished\":\"2022-03-11T13:58:31+00:00\",\"mainEntityOfPage\":{\"@id\":\"https:\\\/\\\/www.agma.com\\\/canary-islands-invests-in-solar-heating-from-absolicon\\\/\"},\"wordCount\":484,\"commentCount\":0,\"publisher\":{\"@id\":\"https:\\\/\\\/www.agma.com\\\/sv\\\/#organization\"},\"image\":{\"@id\":\"https:\\\/\\\/www.agma.com\\\/canary-islands-invests-in-solar-heating-from-absolicon\\\/#primaryimage\"},\"thumbnailUrl\":\"https:\\\/\\\/www.agma.com\\\/wp-content\\\/uploads\\\/2022\\\/03\\\/IMG_0418-1.jpeg\",\"articleSection\":[\"Pressrelease\"],\"inLanguage\":\"sv-SE\",\"potentialAction\":[{\"@type\":\"CommentAction\",\"name\":\"Comment\",\"target\":[\"https:\\\/\\\/www.agma.com\\\/canary-islands-invests-in-solar-heating-from-absolicon\\\/#respond\"]}]},{\"@type\":\"WebPage\",\"@id\":\"https:\\\/\\\/www.agma.com\\\/canary-islands-invests-in-solar-heating-from-absolicon\\\/\",\"url\":\"https:\\\/\\\/www.agma.com\\\/canary-islands-invests-in-solar-heating-from-absolicon\\\/\",\"name\":\"Kanarie\u00f6arna satsar p\u00e5 solv\u00e4rme fr\u00e5n Absolicon - Absolicon\",\"isPartOf\":{\"@id\":\"https:\\\/\\\/www.agma.com\\\/sv\\\/#website\"},\"primaryImageOfPage\":{\"@id\":\"https:\\\/\\\/www.agma.com\\\/canary-islands-invests-in-solar-heating-from-absolicon\\\/#primaryimage\"},\"image\":{\"@id\":\"https:\\\/\\\/www.agma.com\\\/canary-islands-invests-in-solar-heating-from-absolicon\\\/#primaryimage\"},\"thumbnailUrl\":\"https:\\\/\\\/www.agma.com\\\/wp-content\\\/uploads\\\/2022\\\/03\\\/IMG_0418-1.jpeg\",\"datePublished\":\"2022-03-11T13:58:31+00:00\",\"breadcrumb\":{\"@id\":\"https:\\\/\\\/www.agma.com\\\/canary-islands-invests-in-solar-heating-from-absolicon\\\/#breadcrumb\"},\"inLanguage\":\"sv-SE\",\"potentialAction\":[{\"@type\":\"ReadAction\",\"target\":[\"https:\\\/\\\/www.agma.com\\\/canary-islands-invests-in-solar-heating-from-absolicon\\\/\"]}]},{\"@type\":\"ImageObject\",\"inLanguage\":\"sv-SE\",\"@id\":\"https:\\\/\\\/www.agma.com\\\/canary-islands-invests-in-solar-heating-from-absolicon\\\/#primaryimage\",\"url\":\"https:\\\/\\\/www.agma.com\\\/wp-content\\\/uploads\\\/2022\\\/03\\\/IMG_0418-1.jpeg\",\"contentUrl\":\"https:\\\/\\\/www.agma.com\\\/wp-content\\\/uploads\\\/2022\\\/03\\\/IMG_0418-1.jpeg\",\"width\":2048,\"height\":1536},{\"@type\":\"BreadcrumbList\",\"@id\":\"https:\\\/\\\/www.agma.com\\\/canary-islands-invests-in-solar-heating-from-absolicon\\\/#breadcrumb\",\"itemListElement\":[{\"@type\":\"ListItem\",\"position\":1,\"name\":\"Home\",\"item\":\"https:\\\/\\\/www.agma.com\\\/sv\\\/\"},{\"@type\":\"ListItem\",\"position\":2,\"name\":\"Kanarie\u00f6arna satsar p\u00e5 solv\u00e4rme fr\u00e5n Absolicon\"}]},{\"@type\":\"WebSite\",\"@id\":\"https:\\\/\\\/www.agma.com\\\/sv\\\/#website\",\"url\":\"https:\\\/\\\/www.agma.com\\\/sv\\\/\",\"name\":\"Absolicon\",\"description\":\"\",\"publisher\":{\"@id\":\"https:\\\/\\\/www.agma.com\\\/sv\\\/#organization\"},\"potentialAction\":[{\"@type\":\"SearchAction\",\"target\":{\"@type\":\"EntryPoint\",\"urlTemplate\":\"https:\\\/\\\/www.agma.com\\\/sv\\\/?s={search_term_string}\"},\"query-input\":{\"@type\":\"PropertyValueSpecification\",\"valueRequired\":true,\"valueName\":\"search_term_string\"}}],\"inLanguage\":\"sv-SE\"},{\"@type\":\"Organization\",\"@id\":\"https:\\\/\\\/www.agma.com\\\/sv\\\/#organization\",\"name\":\"Absolicon\",\"url\":\"https:\\\/\\\/www.agma.com\\\/sv\\\/\",\"logo\":{\"@type\":\"ImageObject\",\"inLanguage\":\"sv-SE\",\"@id\":\"https:\\\/\\\/www.agma.com\\\/sv\\\/#\\\/schema\\\/logo\\\/image\\\/\",\"url\":\"https:\\\/\\\/www.agma.com\\\/wp-content\\\/uploads\\\/2026\\\/04\\\/logotype_neg_blk.svg\",\"contentUrl\":\"https:\\\/\\\/www.agma.com\\\/wp-content\\\/uploads\\\/2026\\\/04\\\/logotype_neg_blk.svg\",\"width\":705,\"height\":83,\"caption\":\"Absolicon\"},\"image\":{\"@id\":\"https:\\\/\\\/www.agma.com\\\/sv\\\/#\\\/schema\\\/logo\\\/image\\\/\"}},{\"@type\":\"Person\",\"@id\":\"https:\\\/\\\/www.agma.com\\\/sv\\\/#\\\/schema\\\/person\\\/6820b3ce1cc37edbaecc979090760d8b\",\"name\":\"jakubschenk\",\"image\":{\"@type\":\"ImageObject\",\"inLanguage\":\"sv-SE\",\"@id\":\"https:\\\/\\\/secure.gravatar.com\\\/avatar\\\/0ab843002d4a58702560e02354e5f9a3206e13bbfaa9df5a188e463870f605cd?s=96&d=mm&r=g\",\"url\":\"https:\\\/\\\/secure.gravatar.com\\\/avatar\\\/0ab843002d4a58702560e02354e5f9a3206e13bbfaa9df5a188e463870f605cd?s=96&d=mm&r=g\",\"contentUrl\":\"https:\\\/\\\/secure.gravatar.com\\\/avatar\\\/0ab843002d4a58702560e02354e5f9a3206e13bbfaa9df5a188e463870f605cd?s=96&d=mm&r=g\",\"caption\":\"jakubschenk\"},\"sameAs\":[\"https:\\\/\\\/www.agma.com\"],\"url\":\"https:\\\/\\\/www.agma.com\\\/sv\\\/author\\\/jakubschenk\\\/\"}]}<\/script>\n<!-- \/ Yoast SEO plugin. -->","yoast_head_json":{"title":"Kanarie\u00f6arna satsar p\u00e5 solv\u00e4rme fr\u00e5n Absolicon - Absolicon","robots":{"index":"index","follow":"follow","max-snippet":"max-snippet:-1","max-image-preview":"max-image-preview:large","max-video-preview":"max-video-preview:-1"},"canonical":"https:\/\/www.agma.com\/sv\/canary-islands-invests-in-solar-heating-from-absolicon\/","og_locale":"sv_SE","og_type":"article","og_title":"Kanarie\u00f6arna satsar p\u00e5 solv\u00e4rme fr\u00e5n Absolicon - Absolicon","og_description":"Kanarie&ouml;arna &auml;r k&auml;nda turistdestinationer, men d&auml;r finns ocks&aring; industrier som mejerier, bryggerier, och tv&auml;tterier. Av energin &auml;r 65% v&auml;rme och 35% elektricitet. H&auml;lften av v&auml;rme kommer fr&aring;n eldning av br&auml;nnolja och resten fr&aring;n dieselolja och andra br&auml;nslen. Kriget i Ukraina har drivit upp oljepriset &ouml;ver $100 och f&ouml;r m&aring;nga av industrierna har energikostnaderna f&ouml;rdubblats. &ndash; [&hellip;]","og_url":"https:\/\/www.agma.com\/canary-islands-invests-in-solar-heating-from-absolicon\/","og_site_name":"Absolicon","article_published_time":"2022-03-11T13:58:31+00:00","og_image":[{"width":2048,"height":1536,"url":"https:\/\/www.agma.com\/wp-content\/uploads\/2022\/03\/IMG_0418-1.jpeg","type":"image\/jpeg"}],"author":"jakubschenk","twitter_card":"summary_large_image","twitter_misc":{"Skriven av":"jakubschenk"},"schema":{"@context":"https:\/\/schema.org","@graph":[{"@type":"Article","@id":"https:\/\/www.agma.com\/canary-islands-invests-in-solar-heating-from-absolicon\/#article","isPartOf":{"@id":"https:\/\/www.agma.com\/canary-islands-invests-in-solar-heating-from-absolicon\/"},"author":{"name":"jakubschenk","@id":"https:\/\/www.agma.com\/sv\/#\/schema\/person\/6820b3ce1cc37edbaecc979090760d8b"},"headline":"Kanarie\u00f6arna satsar p\u00e5 solv\u00e4rme fr\u00e5n Absolicon","datePublished":"2022-03-11T13:58:31+00:00","mainEntityOfPage":{"@id":"https:\/\/www.agma.com\/canary-islands-invests-in-solar-heating-from-absolicon\/"},"wordCount":484,"commentCount":0,"publisher":{"@id":"https:\/\/www.agma.com\/sv\/#organization"},"image":{"@id":"https:\/\/www.agma.com\/canary-islands-invests-in-solar-heating-from-absolicon\/#primaryimage"},"thumbnailUrl":"https:\/\/www.agma.com\/wp-content\/uploads\/2022\/03\/IMG_0418-1.jpeg","articleSection":["Pressrelease"],"inLanguage":"sv-SE","potentialAction":[{"@type":"CommentAction","name":"Comment","target":["https:\/\/www.agma.com\/canary-islands-invests-in-solar-heating-from-absolicon\/#respond"]}]},{"@type":"WebPage","@id":"https:\/\/www.agma.com\/canary-islands-invests-in-solar-heating-from-absolicon\/","url":"https:\/\/www.agma.com\/canary-islands-invests-in-solar-heating-from-absolicon\/","name":"Kanarie\u00f6arna satsar p\u00e5 solv\u00e4rme fr\u00e5n Absolicon - Absolicon","isPartOf":{"@id":"https:\/\/www.agma.com\/sv\/#website"},"primaryImageOfPage":{"@id":"https:\/\/www.agma.com\/canary-islands-invests-in-solar-heating-from-absolicon\/#primaryimage"},"image":{"@id":"https:\/\/www.agma.com\/canary-islands-invests-in-solar-heating-from-absolicon\/#primaryimage"},"thumbnailUrl":"https:\/\/www.agma.com\/wp-content\/uploads\/2022\/03\/IMG_0418-1.jpeg","datePublished":"2022-03-11T13:58:31+00:00","breadcrumb":{"@id":"https:\/\/www.agma.com\/canary-islands-invests-in-solar-heating-from-absolicon\/#breadcrumb"},"inLanguage":"sv-SE","potentialAction":[{"@type":"ReadAction","target":["https:\/\/www.agma.com\/canary-islands-invests-in-solar-heating-from-absolicon\/"]}]},{"@type":"ImageObject","inLanguage":"sv-SE","@id":"https:\/\/www.agma.com\/canary-islands-invests-in-solar-heating-from-absolicon\/#primaryimage","url":"https:\/\/www.agma.com\/wp-content\/uploads\/2022\/03\/IMG_0418-1.jpeg","contentUrl":"https:\/\/www.agma.com\/wp-content\/uploads\/2022\/03\/IMG_0418-1.jpeg","width":2048,"height":1536},{"@type":"BreadcrumbList","@id":"https:\/\/www.agma.com\/canary-islands-invests-in-solar-heating-from-absolicon\/#breadcrumb","itemListElement":[{"@type":"ListItem","position":1,"name":"Home","item":"https:\/\/www.agma.com\/sv\/"},{"@type":"ListItem","position":2,"name":"Kanarie\u00f6arna satsar p\u00e5 solv\u00e4rme fr\u00e5n Absolicon"}]},{"@type":"WebSite","@id":"https:\/\/www.agma.com\/sv\/#website","url":"https:\/\/www.agma.com\/sv\/","name":"Absolicon","description":"","publisher":{"@id":"https:\/\/www.agma.com\/sv\/#organization"},"potentialAction":[{"@type":"SearchAction","target":{"@type":"EntryPoint","urlTemplate":"https:\/\/www.agma.com\/sv\/?s={search_term_string}"},"query-input":{"@type":"PropertyValueSpecification","valueRequired":true,"valueName":"search_term_string"}}],"inLanguage":"sv-SE"},{"@type":"Organization","@id":"https:\/\/www.agma.com\/sv\/#organization","name":"Absolicon","url":"https:\/\/www.agma.com\/sv\/","logo":{"@type":"ImageObject","inLanguage":"sv-SE","@id":"https:\/\/www.agma.com\/sv\/#\/schema\/logo\/image\/","url":"https:\/\/www.agma.com\/wp-content\/uploads\/2026\/04\/logotype_neg_blk.svg","contentUrl":"https:\/\/www.agma.com\/wp-content\/uploads\/2026\/04\/logotype_neg_blk.svg","width":705,"height":83,"caption":"Absolicon"},"image":{"@id":"https:\/\/www.agma.com\/sv\/#\/schema\/logo\/image\/"}},{"@type":"Person","@id":"https:\/\/www.agma.com\/sv\/#\/schema\/person\/6820b3ce1cc37edbaecc979090760d8b","name":"jakubschenk","image":{"@type":"ImageObject","inLanguage":"sv-SE","@id":"https:\/\/secure.gravatar.com\/avatar\/0ab843002d4a58702560e02354e5f9a3206e13bbfaa9df5a188e463870f605cd?s=96&d=mm&r=g","url":"https:\/\/secure.gravatar.com\/avatar\/0ab843002d4a58702560e02354e5f9a3206e13bbfaa9df5a188e463870f605cd?s=96&d=mm&r=g","contentUrl":"https:\/\/secure.gravatar.com\/avatar\/0ab843002d4a58702560e02354e5f9a3206e13bbfaa9df5a188e463870f605cd?s=96&d=mm&r=g","caption":"jakubschenk"},"sameAs":["https:\/\/www.agma.com"],"url":"https:\/\/www.agma.com\/sv\/author\/jakubschenk\/"}]}},"_links":{"self":[{"href":"https:\/\/www.agma.com\/sv\/wp-json\/wp\/v2\/posts\/13862","targetHints":{"allow":["GET"]}}],"collection":[{"href":"https:\/\/www.agma.com\/sv\/wp-json\/wp\/v2\/posts"}],"about":[{"href":"https:\/\/www.agma.com\/sv\/wp-json\/wp\/v2\/types\/post"}],"author":[{"embeddable":true,"href":"https:\/\/www.agma.com\/sv\/wp-json\/wp\/v2\/users\/1"}],"replies":[{"embeddable":true,"href":"https:\/\/www.agma.com\/sv\/wp-json\/wp\/v2\/comments?post=13862"}],"version-history":[{"count":0,"href":"https:\/\/www.agma.com\/sv\/wp-json\/wp\/v2\/posts\/13862\/revisions"}],"wp:featuredmedia":[{"embeddable":true,"href":"https:\/\/www.agma.com\/sv\/wp-json\/wp\/v2\/media\/13863"}],"wp:attachment":[{"href":"https:\/\/www.agma.com\/sv\/wp-json\/wp\/v2\/media?parent=13862"}],"wp:term":[{"taxonomy":"category","embeddable":true,"href":"https:\/\/www.agma.com\/sv\/wp-json\/wp\/v2\/categories?post=13862"},{"taxonomy":"post_tag","embeddable":true,"href":"https:\/\/www.agma.com\/sv\/wp-json\/wp\/v2\/tags?post=13862"}],"curies":[{"name":"wp","href":"https:\/\/api.w.org\/{rel}","templated":true}]}}