{"id":13884,"date":"2022-03-22T12:59:41","date_gmt":"2022-03-22T12:59:41","guid":{"rendered":"https:\/\/www.absolicon.com\/teckningskurs-i-absolicons-foretradesemission-faststalld\/"},"modified":"2022-03-22T12:59:41","modified_gmt":"2022-03-22T12:59:41","slug":"teckningskurs-i-absolicons-foretradesemission-faststalld","status":"publish","type":"post","link":"https:\/\/www.agma.com\/sv\/teckningskurs-i-absolicons-foretradesemission-faststalld\/","title":{"rendered":"Teckningskurs i Absolicons f\u00f6retr\u00e4desemission fastst\u00e4lld"},"content":{"rendered":"<p style=\"margin-bottom:11px;margin-top:12px\"><span style=\"font-size:12pt\"><span style=\"background-color:white\"><span style=\"font-family:times new roman,times\"><span style=\"font-size:9pt\"><span style=\"font-family:arial,helvetica,sans-serif\">Styrelsen i Absolicon, nedan kallat bolaget, har i februari 2022 beslutat om en f\u00f6retr\u00e4desemisson om 95 MSEK. F\u00f6retr\u00e4desemissionen om 95 MSEK med en \u00f6verteckningsoption om 5% tillf\u00f6r vid fullteckning och med utnyttjande av \u00f6vertilldelningsemission n\u00e4tt 100 MSEK kronor f\u00f6re emissionskostnader som ber\u00e4knas till 3 MSEK. Nettolikviden f\u00f6rv\u00e4ntas anv\u00e4ndas till:<\/span><\/span><\/span><\/span><\/span><\/p>\n<ul>\n<li style=\"background:white;font-family:arial,helvetica,sans-serif;font-size:10pt;margin-bottom:11px;margin-left:41px\"><span style=\"font-size:11pt\"><span style=\"background-color:white\"><span><span style=\"font-family:arial,helvetica,sans-serif\"><span style=\"font-size:9pt\"><span style=\"font-family:arial,helvetica,sans-serif\">F\u00f6rs\u00e4ljning och marknadsf\u00f6ringskostnader \u2013 40%<\/span><\/span><\/span><\/span><\/span><\/span><\/li>\n<li style=\"background:white;font-family:arial,helvetica,sans-serif;font-size:10pt;margin-bottom:11px;margin-left:41px\"><span style=\"font-size:11pt\"><span style=\"background-color:white\"><span><span style=\"font-family:arial,helvetica,sans-serif\"><span style=\"font-size:9pt\"><span style=\"font-family:arial,helvetica,sans-serif\">Utvalda investeringar i solv\u00e4rmeanl\u00e4ggningar \u2013 50%<\/span><\/span><\/span><\/span><\/span><\/span><\/li>\n<li style=\"background:white;font-family:arial,helvetica,sans-serif;font-size:10pt;margin-bottom:11px;margin-left:41px\"><span style=\"font-size:11pt\"><span style=\"background-color:white\"><span><span style=\"font-family:arial,helvetica,sans-serif\"><span style=\"font-size:9pt\"><span style=\"font-family:arial,helvetica,sans-serif\">Forskning &amp; utveckling \u2013 10%<\/span><\/span><\/span><\/span><\/span><\/span><\/li>\n<\/ul>\n<p style=\"margin-bottom:11px\"><span style=\"font-size:12pt\"><span style=\"background-color:white\"><span style=\"font-family:times new roman,times\"><span style=\"font-size:9pt\"><span style=\"font-family:arial,helvetica,sans-serif\">Emissionslikviden skall framf\u00f6r allt anv\u00e4ndas till att genomf\u00f6ra pilotinstallationerna hos de multinationella bolag man idag skrivit avsiktsf\u00f6rklaringar med, ge kapacitet att f\u00f6rhandla och utveckla fler projektf\u00f6rslag samt en omfattande marknadskampanj h\u00f6sten 2022.<\/span><\/span><\/span><\/span><\/span><\/p>\n<h3 style=\"margin-top: 16px\"><span style=\"font-size:16pt\"><span style=\"font-family:arial,helvetica,sans-serif\"><span style=\"font-weight:normal\"><span style=\"font-family:arial,helvetica,sans-serif\"><span style=\"font-weight:normal\">Tidsplan f\u00f6r F\u00f6retr\u00e4desemissionen<\/span><\/span><\/span><\/span><\/span><\/h3>\n<ul>\n<li style=\"background:white;font-family:arial,helvetica,sans-serif;font-size:10pt;margin-bottom:11px;margin-left:41px\"><span style=\"font-size:11pt\"><span style=\"background-color:white\"><span><span style=\"font-family:arial,helvetica,sans-serif\"><span style=\"font-size:9pt\"><span style=\"font-family:arial,helvetica,sans-serif\">Sista dag f\u00f6r handel i Bolagets aktie med r\u00e4tt att delta i emissionen: 2022-03-25<\/span><\/span><\/span><\/span><\/span><\/span><\/li>\n<li style=\"background:white;font-family:arial,helvetica,sans-serif;font-size:10pt;margin-bottom:11px;margin-left:41px\"><span style=\"font-size:11pt\"><span style=\"background-color:white\"><span><span style=\"font-family:arial,helvetica,sans-serif\"><span style=\"font-size:9pt\"><span style=\"font-family:arial,helvetica,sans-serif\">Avst\u00e4mningsdag:&nbsp; 2022-03-29<\/span><\/span><\/span><\/span><\/span><\/span><\/li>\n<li style=\"background:white;font-family:arial,helvetica,sans-serif;font-size:10pt;margin-bottom:11px;margin-left:41px\"><span style=\"font-size:11pt\"><span style=\"background-color:white\"><span><span style=\"font-family:arial,helvetica,sans-serif\"><span style=\"font-size:9pt\"><span style=\"font-family:arial,helvetica,sans-serif\">F\u00f6rsta dag f\u00f6r handel i Bolagets aktie utan r\u00e4tt att delta i emissionen: &nbsp;2022-03-28<\/span><\/span><\/span><\/span><\/span><\/span><\/li>\n<li style=\"background:white;font-family:arial,helvetica,sans-serif;font-size:10pt;margin-bottom:11px;margin-left:41px\"><span style=\"font-size:11pt\"><span style=\"background-color:white\"><span><span style=\"font-family:arial,helvetica,sans-serif\"><span style=\"font-size:9pt\"><span style=\"font-family:arial,helvetica,sans-serif\">Teckningsperiod: 2022-03-31 \u2013 2022-04-21<\/span><\/span><\/span><\/span><\/span><\/span><\/li>\n<li style=\"background:white;font-family:arial,helvetica,sans-serif;font-size:10pt;margin-bottom:11px;margin-left:41px\"><span style=\"font-size:11pt\"><span style=\"background-color:white\"><span><span style=\"font-family:arial,helvetica,sans-serif\"><span style=\"font-size:9pt\"><span style=\"font-family:arial,helvetica,sans-serif\">Handel med teckningsr\u00e4tter:&nbsp; 2022-03-31 \u2013 2022-04-14<\/span><\/span><\/span><\/span><\/span><\/span><\/li>\n<li style=\"background:white;font-family:arial,helvetica,sans-serif;font-size:10pt;margin-bottom:11px;margin-left:41px\"><span style=\"font-size:11pt\"><span style=\"background-color:white\"><span><span style=\"font-family:arial,helvetica,sans-serif\"><span style=\"font-size:9pt\"><span style=\"font-family:arial,helvetica,sans-serif\">Handel med BTA: 2022-03-31 \u2013 till dess att emissionen registrerats p\u00e5 Bolagsverket<\/span><\/span><\/span><\/span><\/span><\/span><\/li>\n<li style=\"background:white;font-family:arial,helvetica,sans-serif;font-size:10pt;margin-bottom:11px;margin-left:41px\"><span style=\"font-size:11pt\"><span style=\"background-color:white\"><span><span style=\"font-family:arial,helvetica,sans-serif\"><span style=\"font-size:9pt\"><span style=\"font-family:arial,helvetica,sans-serif\">Teckningsresultatet offentligg\u00f6rs: 2022-04-25 (p\u00e5 eftermiddagen)<\/span><\/span><\/span><\/span><\/span><\/span><\/li>\n<li style=\"background:white;font-family:arial,helvetica,sans-serif;font-size:10pt;margin-bottom:11px;margin-left:41px\"><span style=\"font-size:11pt\"><span style=\"background-color:white\"><span><span style=\"font-family:arial,helvetica,sans-serif\"><span style=\"font-size:9pt\"><span style=\"font-family:arial,helvetica,sans-serif\">Emissionen registreras p\u00e5 Bolagsverket: Ber\u00e4knas ske vecka 19<\/span><\/span><\/span><\/span><\/span><\/span><\/li>\n<\/ul>\n<h3 style=\"margin-top: 16px\"><span style=\"font-size:16pt\"><span style=\"font-family:arial,helvetica,sans-serif\"><span style=\"font-weight:normal\"><span style=\"font-family:arial,helvetica,sans-serif\">Bakgrund till emissionen<\/span><\/span><\/span><\/span><\/h3>\n<p style=\"margin-top: 16px\"><span style=\"font-size:16pt\"><span style=\"font-family:arial,helvetica,sans-serif\"><span style=\"font-weight:normal\"><span style=\"font-size:9pt\"><span style=\"font-family:arial,helvetica,sans-serif\">Fem av v\u00e4rldens st\u00f6rsta multinationella bolag har meddelat att de avser installera Bolagets solteknik och driva sina industriella processer med solv\u00e4rme. Flertalet av pilotinstallationerna skall installeras redan under 2022. Parallellt n\u00e4rmar sig Bolaget f\u00f6rs\u00e4ljning av produktionslinor. <\/span><\/span><\/span><\/span><\/span><\/p>\n<p style=\"margin-bottom: 11px\"><span style=\"font-size:11pt\"><span style=\"background-color:white\"><span style=\"font-family:arial,helvetica,sans-serif\"><span style=\"font-size:9pt\"><span style=\"font-family:arial,helvetica,sans-serif\">Bolaget genomf\u00f6r d\u00e4rf\u00f6r en f\u00f6retr\u00e4desemisson om 95 MSEK f\u00f6r att bli v\u00e4rldens ledande f\u00f6retag inom solv\u00e4rme f\u00f6r industriella processer, en marknad p\u00e5 n\u00e4ra 1 trillion dollar fram till 2050.<\/span><\/span><\/span><\/span><\/span><\/p>\n<p style=\"margin-bottom: 11px\"><span style=\"font-size:12pt\"><span style=\"background-color:white\"><span style=\"font-family:times new roman,times\"><span style=\"font-size:9pt\"><span style=\"font-family:arial,helvetica,sans-serif\">Emissionen avslutar det fler\u00e5riga inf\u00f6rs\u00e4ljningsarbetet hos multinationella bolag d\u00e4r Bolaget f\u00f6rst byggt ett marknadsteam och skapat marknadsf\u00f6ringsmaterial, sedan jobbat brett i m\u00e5nga sektorer och kommunicerat med flera hundratals intresserade bolag, d\u00e4refter fokuserat p\u00e5 livsmedel och dryck d\u00e4r de f\u00f6rhandlat med ett tiotal av v\u00e4rldens st\u00f6rsta bolag och nu uppfyllt m\u00e5let som antogs v\u00e5ren 2021 om att teckna fem pilotinstallationer.<\/span><\/span><\/span><\/span><\/span><\/p>\n<h2 style=\"margin-bottom: 11px\"><span style=\"font-size:12pt\"><span style=\"background-color:white\"><span style=\"font-family:times new roman,times\"><span style=\"font-size:28pt\"><span style=\"font-family:arial,helvetica,sans-serif\">Emissionsvillkor<\/span><\/span><\/span><\/span><\/span><\/h2>\n<p style=\"margin-top:16px;margin-bottom:9px\"><span style=\"font-size:11pt\"><span style=\"background-color:white\"><span style=\"font-family:arial,helvetica,sans-serif\"><span style=\"font-size:9pt\"><span style=\"font-family:arial,helvetica,sans-serif\">F\u00f6r varje innehavd aktie p\u00e5 avst\u00e4mningsdagen erh\u00e5lls <strong>en (1) <\/strong>teckningsr\u00e4tt. 3<strong> <\/strong>teckningsr\u00e4tter ger r\u00e4tt att k\u00f6pa <strong>en <\/strong>(1) ny aktie till teckningskursen <strong>115 kr<\/strong>. Teckningsperioden l\u00f6per fr\u00e5n den 31 mars till och med den 21 april 2022.<\/span><\/span><\/span><\/span><\/span><\/p>\n<p style=\"margin-bottom:9px\"><span style=\"font-size:11pt\"><span style=\"background-color:white\"><span style=\"font-family:arial,helvetica,sans-serif\"><span style=\"font-size:9pt\"><span style=\"font-family:arial,helvetica,sans-serif\">Avst\u00e4mningsdagen infaller den <strong>29 mars<\/strong>. Sista dag f\u00f6r handel med aktien inklusive teckningsr\u00e4tter \u00e4r den <strong>25 mars<\/strong>. F\u00f6rsta dagen f\u00f6r handel exklusive r\u00e4tter \u00e4r den <strong>28 mars<\/strong>.<\/span><\/span><\/span><\/span><\/span><\/p>\n<p style=\"margin-bottom:9px\"><span style=\"font-size:11pt\"><span style=\"background-color:white\"><span style=\"font-family:arial,helvetica,sans-serif\"><span style=\"font-size:9pt\"><span style=\"font-family:arial,helvetica,sans-serif\">Emissionen omfattar h\u00f6gst <strong>822 598 <\/strong>aktier, varvid antalet aktier \u00f6kar fr\u00e5n <strong>2&nbsp;467 794 <\/strong>aktier till <strong>3 290 392 aktier<\/strong>. Aktiekapitalet \u00f6kar vid full teckning med <strong>2&nbsp;467 794 <\/strong>kr till <strong>3 290&nbsp;392 <\/strong>kr.<\/span><\/span><\/span><\/span><\/span><\/p>\n<h3 style=\"margin-top: 16px\"><span style=\"font-size:16pt\"><span style=\"font-family:arial,helvetica,sans-serif\"><span style=\"font-weight:normal\"><span style=\"font-family:arial,helvetica,sans-serif\">\u00d6vertilldelning<\/span><\/span><\/span><\/span><\/h3>\n<p style=\"margin-top: 16px\"><span style=\"font-size:16pt\"><span style=\"font-family:arial,helvetica,sans-serif\"><span style=\"font-weight:normal\"><span style=\"font-size:9pt\"><span style=\"font-family:arial,helvetica,sans-serif\">I h\u00e4ndelse av \u00f6verteckning kan styrelsen besluta att emittera ytterligare h\u00f6gst <strong>40 000<\/strong> aktier till samma kurs och med avsteg fr\u00e5n f\u00f6retr\u00e4desr\u00e4tten.<\/span><\/span><\/span><\/span><\/span><\/p>\n<h3 style=\"margin-top: 16px\"><span style=\"font-size:16pt\"><span style=\"font-family:arial,helvetica,sans-serif\"><span style=\"font-weight:normal\"><span style=\"font-family:arial,helvetica,sans-serif\">Tilldelningsprinciper<\/span><\/span><\/span><\/span><\/h3>\n<p style=\"margin-top: 16px\"><span style=\"font-size:16pt\"><span style=\"font-family:arial,helvetica,sans-serif\"><span style=\"font-weight:normal\"><span style=\"font-size:9pt\"><span style=\"font-family:arial,helvetica,sans-serif\">Aktier tilldelas f\u00f6rst till de som tecknat aktier med st\u00f6d i teckningsr\u00e4tter. Om inte alla teckningsr\u00e4tter anv\u00e4nds f\u00f6r att teckna nya aktier skall styrelsen besluta om tilldelning av aktier till tecknare som tecknat aktier utan st\u00f6d i teckningsr\u00e4tter.<\/span><\/span><\/span><\/span><\/span><\/p>\n<p style=\"margin-top: 16px\"><span style=\"font-size:16pt\"><span style=\"font-family:arial,helvetica,sans-serif\"><span style=\"font-weight:normal\"><span style=\"font-size:9pt\"><span style=\"font-family:arial,helvetica,sans-serif\">I f\u00f6rsta hand ska tilldelning av aktier som tecknats utan st\u00f6d av teckningsr\u00e4tter ske till dem som \u00e4ven tecknat aktier med st\u00f6d av teckningsr\u00e4tter, oavsett om tecknaren var aktie\u00e4gare p\u00e5 avst\u00e4mningsdagen eller inte, och vid \u00f6verteckning ska tilldelning ske pro-rata i f\u00f6rh\u00e5llande till det antal teckningsr\u00e4tter som utnyttjats f\u00f6r teckning och, i den m\u00e5n detta inte kan ske, genom lottning.<\/span><\/span><\/span><\/span><\/span><\/p>\n<p style=\"margin-top: 16px\"><span style=\"font-size:16pt\"><span style=\"font-family:arial,helvetica,sans-serif\"><span style=\"font-weight:normal\"><span style=\"font-size:9pt\"><span style=\"font-family:arial,helvetica,sans-serif\">I andra hand ska tilldelning av aktier som tecknats utan st\u00f6d av teckningsr\u00e4tter ske till andra som endast anm\u00e4lt sig f\u00f6r teckning utan st\u00f6d av teckningsr\u00e4tter, och vid \u00f6verteckning, ska tilldelning ske pro-rata i f\u00f6rh\u00e5llande till det antal aktier som var och en har anm\u00e4lt f\u00f6r teckning och, i den m\u00e5n detta inte kan ske, genom lottning.<\/span><\/span><\/span><\/span><\/span><\/p>\n<p style=\"margin-top: 16px\"><span style=\"font-size:16pt\"><span style=\"font-family:arial,helvetica,sans-serif\"><span style=\"font-weight:normal\"><span style=\"font-size:9pt\"><span style=\"font-family:arial,helvetica,sans-serif\">I tredje och sista hand ska tilldelning av aktier som tecknats utan st\u00f6d i teckningsr\u00e4tter ske till dem som genom avtal ing\u00e5tt garanti\u00e5tagande i egenskap av emissionsgaranter i f\u00f6rh\u00e5llande till det belopp som var och en garanterat f\u00f6r teckning och, i den m\u00e5n detta inte kan ske, genom lottning.<\/span><\/span><\/span><\/span><\/span><\/p>\n<h3 style=\"margin-top: 16px\"><span style=\"font-size:16pt\"><span style=\"font-family:arial,helvetica,sans-serif\"><span style=\"font-weight:normal\"><span style=\"font-family:arial,helvetica,sans-serif\">Utf\u00e4stelse om ytterligare tilldelning<\/span><\/span><\/span><\/span><\/h3>\n<p style=\"margin-bottom:9px\"><span style=\"font-size:11pt\"><span style=\"background-color:white\"><span style=\"font-family:arial,helvetica,sans-serif\"><span style=\"font-size:9pt\"><span style=\"font-family:arial,helvetica,sans-serif\">Skulle s\u00e5v\u00e4l f\u00f6retr\u00e4desemissionen som \u00f6vertilldelningsemissionen \u00f6vertecknas har huvud\u00e4garen Joakim Bystr\u00f6m, genom sitt bolag Eniara AB, meddelat styrelsen sin avsikt att avyttra h\u00f6gst <strong>40 000 <\/strong>sedan tidigare innehavda aktier, till samma teckningskurs som i nyemissionen, att f\u00f6rdelas i poster om l\u00e4gst <strong>20 <\/strong>aktier. Utf\u00e4stelsen sker i syfte att ut\u00f6ka antalet aktie\u00e4gare i Bolaget.<\/span><\/span><\/span><\/span><\/span><\/p>\n<h3 style=\"margin-top: 16px\"><span style=\"font-size:16pt\"><span style=\"font-family:arial,helvetica,sans-serif\"><span style=\"font-weight:normal\"><span style=\"font-family:arial,helvetica,sans-serif\"><span style=\"font-weight:normal\">Teckningsf\u00f6rbindelser<\/span><\/span><\/span><\/span><\/span><\/h3>\n<p style=\"margin-bottom:11px\"><span style=\"font-size:12pt\"><span style=\"background-color:white\"><span style=\"font-family:times new roman,times\"><span style=\"font-size:9pt\"><span style=\"font-family:arial,helvetica,sans-serif\">Bolaget har erh\u00e5llit teckningsf\u00f6rbindelser om sammanlagt 25 MSEK, motsvarande 26% av teckningsbeloppet fr\u00e5n Bolagets vd och huvud\u00e4gare Joakim Bystr\u00f6m samt styrelseledamot Olle Olsson. Bolaget har ej beg\u00e4rt s\u00e4kerhet f\u00f6r fullg\u00f6randet av garantierna.<\/span><\/span><\/span><\/span><\/span><\/p>\n<h3 style=\"margin-top: 16px\"><span style=\"font-size:16pt\"><span style=\"font-family:arial,helvetica,sans-serif\"><span style=\"font-weight:normal\"><span style=\"font-family:arial,helvetica,sans-serif\">Betalning av aktier<\/span><\/span><\/span><\/span><\/h3>\n<p style=\"margin-bottom:9px\"><span style=\"font-size:11pt\"><span style=\"background-color:white\"><span style=\"font-family:arial,helvetica,sans-serif\"><span style=\"font-size:9pt\"><span style=\"font-family:arial,helvetica,sans-serif\">Betalning av aktier tecknade med f\u00f6retr\u00e4de skall ske genom samtidig betalning. Betalning av aktier tecknade utan f\u00f6retr\u00e4desr\u00e4tt skall ske enligt uts\u00e4nd avr\u00e4kningsnota dock senast fem (5) bankdagar efter sista teckningsdag.<\/span><\/span><\/span><\/span><\/span><\/p>\n<p style=\"margin-bottom:9px\"><span style=\"font-size:11pt\"><span style=\"background-color:white\"><span style=\"font-family:arial,helvetica,sans-serif\"><span style=\"font-size:9pt\"><span style=\"font-family:arial,helvetica,sans-serif\">Styrelsen i Bolaget \u00e4ger r\u00e4tt att f\u00f6rl\u00e4nga tecknings- och betaltiden.<\/span><\/span><\/span><\/span><\/span><\/p>\n<p style=\"margin-bottom:9px\"><span style=\"font-size:11pt\"><span style=\"background-color:white\"><span style=\"font-family:arial,helvetica,sans-serif\"><span style=\"font-size:9pt\"><span style=\"font-family:arial,helvetica,sans-serif\">De nya aktierna medf\u00f6r r\u00e4tt till vinstutdelning f\u00f6rsta g\u00e5ngen p\u00e5 den avst\u00e4mningsdag f\u00f6r utdelning som infaller n\u00e4rmast efter det att nyemissionen har registrerats hos Bolagsverket och aktierna inf\u00f6rts i aktieboken hos Euroclear Sweden AB.<\/span><\/span><\/span><\/span><\/span><\/p>\n","protected":false},"excerpt":{"rendered":"<p>Styrelsen i Absolicon, nedan kallat bolaget, har i februari 2022 beslutat om en f\u00f6retr\u00e4desemisson om 95 MSEK. F\u00f6retr\u00e4desemissionen om 95 MSEK med en \u00f6verteckningsoption om 5% tillf\u00f6r vid fullteckning och med utnyttjande av \u00f6vertilldelningsemission n\u00e4tt 100 MSEK kronor f\u00f6re emissionskostnader som ber\u00e4knas till 3 MSEK. Nettolikviden f\u00f6rv\u00e4ntas anv\u00e4ndas till: F\u00f6rs\u00e4ljning och marknadsf\u00f6ringskostnader \u2013 40% Utvalda [&hellip;]<\/p>\n","protected":false},"author":1,"featured_media":0,"comment_status":"open","ping_status":"open","sticky":false,"template":"","format":"standard","meta":{"_acf_changed":false,"footnotes":""},"categories":[23],"tags":[],"class_list":["post-13884","post","type-post","status-publish","format-standard","hentry","category-pressrelease"],"acf":[],"yoast_head":"<!-- This site is optimized with the Yoast SEO plugin v27.4 - https:\/\/yoast.com\/product\/yoast-seo-wordpress\/ -->\n<title>Teckningskurs i Absolicons f\u00f6retr\u00e4desemission fastst\u00e4lld - Absolicon<\/title>\n<meta name=\"robots\" content=\"index, follow, max-snippet:-1, max-image-preview:large, max-video-preview:-1\" \/>\n<link rel=\"canonical\" href=\"https:\/\/www.agma.com\/sv\/teckningskurs-i-absolicons-foretradesemission-faststalld\/\" \/>\n<meta property=\"og:locale\" content=\"sv_SE\" \/>\n<meta property=\"og:type\" content=\"article\" \/>\n<meta property=\"og:title\" content=\"Teckningskurs i Absolicons f\u00f6retr\u00e4desemission fastst\u00e4lld - Absolicon\" \/>\n<meta property=\"og:description\" content=\"Styrelsen i Absolicon, nedan kallat bolaget, har i februari 2022 beslutat om en f\u00f6retr\u00e4desemisson om 95 MSEK. F\u00f6retr\u00e4desemissionen om 95 MSEK med en \u00f6verteckningsoption om 5% tillf\u00f6r vid fullteckning och med utnyttjande av \u00f6vertilldelningsemission n\u00e4tt 100 MSEK kronor f\u00f6re emissionskostnader som ber\u00e4knas till 3 MSEK. Nettolikviden f\u00f6rv\u00e4ntas anv\u00e4ndas till: F\u00f6rs\u00e4ljning och marknadsf\u00f6ringskostnader \u2013 40% Utvalda [&hellip;]\" \/>\n<meta property=\"og:url\" content=\"https:\/\/www.agma.com\/sv\/teckningskurs-i-absolicons-foretradesemission-faststalld\/\" \/>\n<meta property=\"og:site_name\" content=\"Absolicon\" \/>\n<meta property=\"article:published_time\" content=\"2022-03-22T12:59:41+00:00\" \/>\n<meta name=\"author\" content=\"jakubschenk\" \/>\n<meta name=\"twitter:card\" content=\"summary_large_image\" \/>\n<meta name=\"twitter:label1\" content=\"Skriven av\" \/>\n\t<meta name=\"twitter:data1\" content=\"jakubschenk\" \/>\n<script type=\"application\/ld+json\" class=\"yoast-schema-graph\">{\"@context\":\"https:\\\/\\\/schema.org\",\"@graph\":[{\"@type\":\"Article\",\"@id\":\"https:\\\/\\\/www.agma.com\\\/sv\\\/teckningskurs-i-absolicons-foretradesemission-faststalld\\\/#article\",\"isPartOf\":{\"@id\":\"https:\\\/\\\/www.agma.com\\\/sv\\\/teckningskurs-i-absolicons-foretradesemission-faststalld\\\/\"},\"author\":{\"name\":\"jakubschenk\",\"@id\":\"https:\\\/\\\/www.agma.com\\\/sv\\\/#\\\/schema\\\/person\\\/6820b3ce1cc37edbaecc979090760d8b\"},\"headline\":\"Teckningskurs i Absolicons f\u00f6retr\u00e4desemission fastst\u00e4lld\",\"datePublished\":\"2022-03-22T12:59:41+00:00\",\"mainEntityOfPage\":{\"@id\":\"https:\\\/\\\/www.agma.com\\\/sv\\\/teckningskurs-i-absolicons-foretradesemission-faststalld\\\/\"},\"wordCount\":924,\"commentCount\":0,\"publisher\":{\"@id\":\"https:\\\/\\\/www.agma.com\\\/sv\\\/#organization\"},\"articleSection\":[\"Pressrelease\"],\"inLanguage\":\"sv-SE\",\"potentialAction\":[{\"@type\":\"CommentAction\",\"name\":\"Comment\",\"target\":[\"https:\\\/\\\/www.agma.com\\\/sv\\\/teckningskurs-i-absolicons-foretradesemission-faststalld\\\/#respond\"]}]},{\"@type\":\"WebPage\",\"@id\":\"https:\\\/\\\/www.agma.com\\\/sv\\\/teckningskurs-i-absolicons-foretradesemission-faststalld\\\/\",\"url\":\"https:\\\/\\\/www.agma.com\\\/sv\\\/teckningskurs-i-absolicons-foretradesemission-faststalld\\\/\",\"name\":\"Teckningskurs i Absolicons f\u00f6retr\u00e4desemission fastst\u00e4lld - Absolicon\",\"isPartOf\":{\"@id\":\"https:\\\/\\\/www.agma.com\\\/sv\\\/#website\"},\"datePublished\":\"2022-03-22T12:59:41+00:00\",\"breadcrumb\":{\"@id\":\"https:\\\/\\\/www.agma.com\\\/sv\\\/teckningskurs-i-absolicons-foretradesemission-faststalld\\\/#breadcrumb\"},\"inLanguage\":\"sv-SE\",\"potentialAction\":[{\"@type\":\"ReadAction\",\"target\":[\"https:\\\/\\\/www.agma.com\\\/sv\\\/teckningskurs-i-absolicons-foretradesemission-faststalld\\\/\"]}]},{\"@type\":\"BreadcrumbList\",\"@id\":\"https:\\\/\\\/www.agma.com\\\/sv\\\/teckningskurs-i-absolicons-foretradesemission-faststalld\\\/#breadcrumb\",\"itemListElement\":[{\"@type\":\"ListItem\",\"position\":1,\"name\":\"Home\",\"item\":\"https:\\\/\\\/www.agma.com\\\/sv\\\/\"},{\"@type\":\"ListItem\",\"position\":2,\"name\":\"Teckningskurs i Absolicons f\u00f6retr\u00e4desemission fastst\u00e4lld\"}]},{\"@type\":\"WebSite\",\"@id\":\"https:\\\/\\\/www.agma.com\\\/sv\\\/#website\",\"url\":\"https:\\\/\\\/www.agma.com\\\/sv\\\/\",\"name\":\"Absolicon\",\"description\":\"\",\"publisher\":{\"@id\":\"https:\\\/\\\/www.agma.com\\\/sv\\\/#organization\"},\"potentialAction\":[{\"@type\":\"SearchAction\",\"target\":{\"@type\":\"EntryPoint\",\"urlTemplate\":\"https:\\\/\\\/www.agma.com\\\/sv\\\/?s={search_term_string}\"},\"query-input\":{\"@type\":\"PropertyValueSpecification\",\"valueRequired\":true,\"valueName\":\"search_term_string\"}}],\"inLanguage\":\"sv-SE\"},{\"@type\":\"Organization\",\"@id\":\"https:\\\/\\\/www.agma.com\\\/sv\\\/#organization\",\"name\":\"Absolicon\",\"url\":\"https:\\\/\\\/www.agma.com\\\/sv\\\/\",\"logo\":{\"@type\":\"ImageObject\",\"inLanguage\":\"sv-SE\",\"@id\":\"https:\\\/\\\/www.agma.com\\\/sv\\\/#\\\/schema\\\/logo\\\/image\\\/\",\"url\":\"https:\\\/\\\/www.agma.com\\\/wp-content\\\/uploads\\\/2026\\\/04\\\/logotype_neg_blk.svg\",\"contentUrl\":\"https:\\\/\\\/www.agma.com\\\/wp-content\\\/uploads\\\/2026\\\/04\\\/logotype_neg_blk.svg\",\"width\":705,\"height\":83,\"caption\":\"Absolicon\"},\"image\":{\"@id\":\"https:\\\/\\\/www.agma.com\\\/sv\\\/#\\\/schema\\\/logo\\\/image\\\/\"}},{\"@type\":\"Person\",\"@id\":\"https:\\\/\\\/www.agma.com\\\/sv\\\/#\\\/schema\\\/person\\\/6820b3ce1cc37edbaecc979090760d8b\",\"name\":\"jakubschenk\",\"image\":{\"@type\":\"ImageObject\",\"inLanguage\":\"sv-SE\",\"@id\":\"https:\\\/\\\/secure.gravatar.com\\\/avatar\\\/0ab843002d4a58702560e02354e5f9a3206e13bbfaa9df5a188e463870f605cd?s=96&d=mm&r=g\",\"url\":\"https:\\\/\\\/secure.gravatar.com\\\/avatar\\\/0ab843002d4a58702560e02354e5f9a3206e13bbfaa9df5a188e463870f605cd?s=96&d=mm&r=g\",\"contentUrl\":\"https:\\\/\\\/secure.gravatar.com\\\/avatar\\\/0ab843002d4a58702560e02354e5f9a3206e13bbfaa9df5a188e463870f605cd?s=96&d=mm&r=g\",\"caption\":\"jakubschenk\"},\"sameAs\":[\"https:\\\/\\\/www.agma.com\"],\"url\":\"https:\\\/\\\/www.agma.com\\\/sv\\\/author\\\/jakubschenk\\\/\"}]}<\/script>\n<!-- \/ Yoast SEO plugin. -->","yoast_head_json":{"title":"Teckningskurs i Absolicons f\u00f6retr\u00e4desemission fastst\u00e4lld - Absolicon","robots":{"index":"index","follow":"follow","max-snippet":"max-snippet:-1","max-image-preview":"max-image-preview:large","max-video-preview":"max-video-preview:-1"},"canonical":"https:\/\/www.agma.com\/sv\/teckningskurs-i-absolicons-foretradesemission-faststalld\/","og_locale":"sv_SE","og_type":"article","og_title":"Teckningskurs i Absolicons f\u00f6retr\u00e4desemission fastst\u00e4lld - Absolicon","og_description":"Styrelsen i Absolicon, nedan kallat bolaget, har i februari 2022 beslutat om en f\u00f6retr\u00e4desemisson om 95 MSEK. F\u00f6retr\u00e4desemissionen om 95 MSEK med en \u00f6verteckningsoption om 5% tillf\u00f6r vid fullteckning och med utnyttjande av \u00f6vertilldelningsemission n\u00e4tt 100 MSEK kronor f\u00f6re emissionskostnader som ber\u00e4knas till 3 MSEK. Nettolikviden f\u00f6rv\u00e4ntas anv\u00e4ndas till: F\u00f6rs\u00e4ljning och marknadsf\u00f6ringskostnader \u2013 40% Utvalda [&hellip;]","og_url":"https:\/\/www.agma.com\/sv\/teckningskurs-i-absolicons-foretradesemission-faststalld\/","og_site_name":"Absolicon","article_published_time":"2022-03-22T12:59:41+00:00","author":"jakubschenk","twitter_card":"summary_large_image","twitter_misc":{"Skriven av":"jakubschenk"},"schema":{"@context":"https:\/\/schema.org","@graph":[{"@type":"Article","@id":"https:\/\/www.agma.com\/sv\/teckningskurs-i-absolicons-foretradesemission-faststalld\/#article","isPartOf":{"@id":"https:\/\/www.agma.com\/sv\/teckningskurs-i-absolicons-foretradesemission-faststalld\/"},"author":{"name":"jakubschenk","@id":"https:\/\/www.agma.com\/sv\/#\/schema\/person\/6820b3ce1cc37edbaecc979090760d8b"},"headline":"Teckningskurs i Absolicons f\u00f6retr\u00e4desemission fastst\u00e4lld","datePublished":"2022-03-22T12:59:41+00:00","mainEntityOfPage":{"@id":"https:\/\/www.agma.com\/sv\/teckningskurs-i-absolicons-foretradesemission-faststalld\/"},"wordCount":924,"commentCount":0,"publisher":{"@id":"https:\/\/www.agma.com\/sv\/#organization"},"articleSection":["Pressrelease"],"inLanguage":"sv-SE","potentialAction":[{"@type":"CommentAction","name":"Comment","target":["https:\/\/www.agma.com\/sv\/teckningskurs-i-absolicons-foretradesemission-faststalld\/#respond"]}]},{"@type":"WebPage","@id":"https:\/\/www.agma.com\/sv\/teckningskurs-i-absolicons-foretradesemission-faststalld\/","url":"https:\/\/www.agma.com\/sv\/teckningskurs-i-absolicons-foretradesemission-faststalld\/","name":"Teckningskurs i Absolicons f\u00f6retr\u00e4desemission fastst\u00e4lld - Absolicon","isPartOf":{"@id":"https:\/\/www.agma.com\/sv\/#website"},"datePublished":"2022-03-22T12:59:41+00:00","breadcrumb":{"@id":"https:\/\/www.agma.com\/sv\/teckningskurs-i-absolicons-foretradesemission-faststalld\/#breadcrumb"},"inLanguage":"sv-SE","potentialAction":[{"@type":"ReadAction","target":["https:\/\/www.agma.com\/sv\/teckningskurs-i-absolicons-foretradesemission-faststalld\/"]}]},{"@type":"BreadcrumbList","@id":"https:\/\/www.agma.com\/sv\/teckningskurs-i-absolicons-foretradesemission-faststalld\/#breadcrumb","itemListElement":[{"@type":"ListItem","position":1,"name":"Home","item":"https:\/\/www.agma.com\/sv\/"},{"@type":"ListItem","position":2,"name":"Teckningskurs i Absolicons f\u00f6retr\u00e4desemission fastst\u00e4lld"}]},{"@type":"WebSite","@id":"https:\/\/www.agma.com\/sv\/#website","url":"https:\/\/www.agma.com\/sv\/","name":"Absolicon","description":"","publisher":{"@id":"https:\/\/www.agma.com\/sv\/#organization"},"potentialAction":[{"@type":"SearchAction","target":{"@type":"EntryPoint","urlTemplate":"https:\/\/www.agma.com\/sv\/?s={search_term_string}"},"query-input":{"@type":"PropertyValueSpecification","valueRequired":true,"valueName":"search_term_string"}}],"inLanguage":"sv-SE"},{"@type":"Organization","@id":"https:\/\/www.agma.com\/sv\/#organization","name":"Absolicon","url":"https:\/\/www.agma.com\/sv\/","logo":{"@type":"ImageObject","inLanguage":"sv-SE","@id":"https:\/\/www.agma.com\/sv\/#\/schema\/logo\/image\/","url":"https:\/\/www.agma.com\/wp-content\/uploads\/2026\/04\/logotype_neg_blk.svg","contentUrl":"https:\/\/www.agma.com\/wp-content\/uploads\/2026\/04\/logotype_neg_blk.svg","width":705,"height":83,"caption":"Absolicon"},"image":{"@id":"https:\/\/www.agma.com\/sv\/#\/schema\/logo\/image\/"}},{"@type":"Person","@id":"https:\/\/www.agma.com\/sv\/#\/schema\/person\/6820b3ce1cc37edbaecc979090760d8b","name":"jakubschenk","image":{"@type":"ImageObject","inLanguage":"sv-SE","@id":"https:\/\/secure.gravatar.com\/avatar\/0ab843002d4a58702560e02354e5f9a3206e13bbfaa9df5a188e463870f605cd?s=96&d=mm&r=g","url":"https:\/\/secure.gravatar.com\/avatar\/0ab843002d4a58702560e02354e5f9a3206e13bbfaa9df5a188e463870f605cd?s=96&d=mm&r=g","contentUrl":"https:\/\/secure.gravatar.com\/avatar\/0ab843002d4a58702560e02354e5f9a3206e13bbfaa9df5a188e463870f605cd?s=96&d=mm&r=g","caption":"jakubschenk"},"sameAs":["https:\/\/www.agma.com"],"url":"https:\/\/www.agma.com\/sv\/author\/jakubschenk\/"}]}},"_links":{"self":[{"href":"https:\/\/www.agma.com\/sv\/wp-json\/wp\/v2\/posts\/13884","targetHints":{"allow":["GET"]}}],"collection":[{"href":"https:\/\/www.agma.com\/sv\/wp-json\/wp\/v2\/posts"}],"about":[{"href":"https:\/\/www.agma.com\/sv\/wp-json\/wp\/v2\/types\/post"}],"author":[{"embeddable":true,"href":"https:\/\/www.agma.com\/sv\/wp-json\/wp\/v2\/users\/1"}],"replies":[{"embeddable":true,"href":"https:\/\/www.agma.com\/sv\/wp-json\/wp\/v2\/comments?post=13884"}],"version-history":[{"count":0,"href":"https:\/\/www.agma.com\/sv\/wp-json\/wp\/v2\/posts\/13884\/revisions"}],"wp:attachment":[{"href":"https:\/\/www.agma.com\/sv\/wp-json\/wp\/v2\/media?parent=13884"}],"wp:term":[{"taxonomy":"category","embeddable":true,"href":"https:\/\/www.agma.com\/sv\/wp-json\/wp\/v2\/categories?post=13884"},{"taxonomy":"post_tag","embeddable":true,"href":"https:\/\/www.agma.com\/sv\/wp-json\/wp\/v2\/tags?post=13884"}],"curies":[{"name":"wp","href":"https:\/\/api.w.org\/{rel}","templated":true}]}}