{"id":13889,"date":"2022-03-22T15:39:57","date_gmt":"2022-03-22T15:39:57","guid":{"rendered":"https:\/\/www.absolicon.com\/magasinet-absolicon-2022-sa-ska-solvarme-ge-energisakerhet-at-europa-och-mot-personerna-bakom-de-solvarmesatsningar-som-nu-sker-over-hela-varlden\/"},"modified":"2022-03-22T15:39:57","modified_gmt":"2022-03-22T15:39:57","slug":"magasinet-absolicon-2022-sa-ska-solvarme-ge-energisakerhet-at-europa-och-mot-personerna-bakom-de-solvarmesatsningar-som-nu-sker-over-hela-varlden","status":"publish","type":"post","link":"https:\/\/www.agma.com\/sv\/magasinet-absolicon-2022-sa-ska-solvarme-ge-energisakerhet-at-europa-och-mot-personerna-bakom-de-solvarmesatsningar-som-nu-sker-over-hela-varlden\/","title":{"rendered":"Magasinet Absolicon 2022: S\u00e5 ska solv\u00e4rme ge energis\u00e4kerhet \u00e5t Europa och m\u00f6t personerna bakom de solv\u00e4rmesatsningar som nu sker \u00f6ver hela v\u00e4rlden"},"content":{"rendered":"<p style=\"margin-bottom:11px;margin-top:12px\"><span><span style=\"font-size:11pt\"><span><span style=\"font-family:arial,helvetica,sans-serif\">Inneh\u00e5llet i korthet:<\/span><\/span><\/span><\/span><\/p>\n<ul>\n<li style=\"font-family:arial,helvetica,sans-serif;font-size:11pt;margin-left:8px\"><span><span style=\"font-size:11pt\"><span><span style=\"font-family:arial,helvetica,sans-serif\">Nu st\u00e4ller storf\u00f6retagen om \u2013 5 \u00f6verenskommelser som f\u00f6r\u00e4ndrar allt<\/span><\/span><\/span><\/span><\/li>\n<li style=\"font-family:arial,helvetica,sans-serif;font-size:11pt;margin-left:8px\"><span><span style=\"font-size:11pt\"><span><span style=\"font-family:arial,helvetica,sans-serif\">D\u00e4rf\u00f6r satsar v\u00e4rldens st\u00f6rsta bryggerikoncern p\u00e5 solv\u00e4rme<\/span><\/span><\/span><\/span><\/li>\n<li style=\"font-family:arial,helvetica,sans-serif;font-size:11pt;margin-left:8px\"><span><span style=\"font-size:11pt\"><span><span style=\"font-family:arial,helvetica,sans-serif\">Mexiko &amp; Italien f\u00f6rbereder f\u00f6r lokala produktionslinor, se f\u00f6rsta bilderna<\/span><\/span><\/span><\/span><\/li>\n<li style=\"font-family:arial,helvetica,sans-serif;font-size:11pt;margin-bottom:11px;margin-left:8px\"><span><span style=\"font-size:11pt\"><span><span style=\"font-family:arial,helvetica,sans-serif\">ABB om samarbetet: utrustningen f\u00e5r fullt st\u00f6d av ett globalt f\u00f6retag<\/span><\/span><\/span><\/span><\/li>\n<\/ul>\n<p style=\"margin-bottom:11px\"><span><span style=\"font-size:11pt\"><span><span style=\"font-family:arial,helvetica,sans-serif\">Du f\u00e5r ocks\u00e5 l\u00e4sa mer om hur solv\u00e4rme ska ge energis\u00e4kerhet \u00e5t Europa n\u00e4r energipriserna stiger. Med en gemensam satsning inom EU kan solv\u00e4rme till 2030 ers\u00e4tta en tredjedel av Europas gasimport fr\u00e5n Ryssland och till skillnad fr\u00e5n m\u00e5nga andra h\u00e5llbara v\u00e4rmeteknologier \u00e4r storskalig solv\u00e4rme f\u00e4rdig att rulla ut i stor skala. <\/span><\/span><\/span><\/span><\/p>\n<p style=\"margin-bottom:11px\"><span><span style=\"font-size:11pt\"><span><span style=\"font-family:arial,helvetica,sans-serif\"><span style=\"font-family:arial,helvetica,sans-serif\">Ladda ner och l\u00e4s Magasinet Aboslicon h\u00e4r:<\/span>&nbsp;<a href=\"https:\/\/www.agma.com\/sv\/press-nyheter\/absolicon-magasin\/\" style=\"color:blue;text-decoration:underline\" target=\"_blank\" rel=\"noopener noreferrer\"><span style=\"font-size:9pt\"><span style=\"background-color:white\"><span><span style=\"font-family:arial,helvetica,sans-serif\"><span style=\"color:#6199b2\">absolicon.se\/magasinet<\/span><\/span><\/span><\/span><\/span><\/a><\/span><\/span><\/span><\/span><\/p>\n","protected":false},"excerpt":{"rendered":"<p>Inneh\u00e5llet i korthet: Nu st\u00e4ller storf\u00f6retagen om \u2013 5 \u00f6verenskommelser som f\u00f6r\u00e4ndrar allt D\u00e4rf\u00f6r satsar v\u00e4rldens st\u00f6rsta bryggerikoncern p\u00e5 solv\u00e4rme Mexiko &amp; Italien f\u00f6rbereder f\u00f6r lokala produktionslinor, se f\u00f6rsta bilderna ABB om samarbetet: utrustningen f\u00e5r fullt st\u00f6d av ett globalt f\u00f6retag Du f\u00e5r ocks\u00e5 l\u00e4sa mer om hur solv\u00e4rme ska ge energis\u00e4kerhet \u00e5t Europa n\u00e4r [&hellip;]<\/p>\n","protected":false},"author":1,"featured_media":0,"comment_status":"open","ping_status":"open","sticky":false,"template":"","format":"standard","meta":{"_acf_changed":false,"footnotes":""},"categories":[23],"tags":[],"class_list":["post-13889","post","type-post","status-publish","format-standard","hentry","category-pressrelease"],"acf":[],"yoast_head":"<!-- This site is optimized with the Yoast SEO plugin v27.4 - https:\/\/yoast.com\/product\/yoast-seo-wordpress\/ -->\n<title>Magasinet Absolicon 2022: S\u00e5 ska solv\u00e4rme ge energis\u00e4kerhet \u00e5t Europa och m\u00f6t personerna bakom de solv\u00e4rmesatsningar som nu sker \u00f6ver hela v\u00e4rlden - Absolicon<\/title>\n<meta name=\"robots\" content=\"index, follow, max-snippet:-1, max-image-preview:large, max-video-preview:-1\" \/>\n<link rel=\"canonical\" href=\"https:\/\/www.agma.com\/sv\/magasinet-absolicon-2022-sa-ska-solvarme-ge-energisakerhet-at-europa-och-mot-personerna-bakom-de-solvarmesatsningar-som-nu-sker-over-hela-varlden\/\" \/>\n<meta property=\"og:locale\" content=\"sv_SE\" \/>\n<meta property=\"og:type\" content=\"article\" \/>\n<meta property=\"og:title\" content=\"Magasinet Absolicon 2022: S\u00e5 ska solv\u00e4rme ge energis\u00e4kerhet \u00e5t Europa och m\u00f6t personerna bakom de solv\u00e4rmesatsningar som nu sker \u00f6ver hela v\u00e4rlden - Absolicon\" \/>\n<meta property=\"og:description\" content=\"Inneh\u00e5llet i korthet: Nu st\u00e4ller storf\u00f6retagen om \u2013 5 \u00f6verenskommelser som f\u00f6r\u00e4ndrar allt D\u00e4rf\u00f6r satsar v\u00e4rldens st\u00f6rsta bryggerikoncern p\u00e5 solv\u00e4rme Mexiko &amp; Italien f\u00f6rbereder f\u00f6r lokala produktionslinor, se f\u00f6rsta bilderna ABB om samarbetet: utrustningen f\u00e5r fullt st\u00f6d av ett globalt f\u00f6retag Du f\u00e5r ocks\u00e5 l\u00e4sa mer om hur solv\u00e4rme ska ge energis\u00e4kerhet \u00e5t Europa n\u00e4r [&hellip;]\" \/>\n<meta property=\"og:url\" content=\"https:\/\/www.agma.com\/sv\/magasinet-absolicon-2022-sa-ska-solvarme-ge-energisakerhet-at-europa-och-mot-personerna-bakom-de-solvarmesatsningar-som-nu-sker-over-hela-varlden\/\" \/>\n<meta property=\"og:site_name\" content=\"Absolicon\" \/>\n<meta property=\"article:published_time\" content=\"2022-03-22T15:39:57+00:00\" \/>\n<meta name=\"author\" content=\"jakubschenk\" \/>\n<meta name=\"twitter:card\" content=\"summary_large_image\" \/>\n<meta name=\"twitter:label1\" content=\"Skriven av\" \/>\n\t<meta name=\"twitter:data1\" content=\"jakubschenk\" \/>\n<script type=\"application\/ld+json\" class=\"yoast-schema-graph\">{\"@context\":\"https:\\\/\\\/schema.org\",\"@graph\":[{\"@type\":\"Article\",\"@id\":\"https:\\\/\\\/www.agma.com\\\/sv\\\/magasinet-absolicon-2022-sa-ska-solvarme-ge-energisakerhet-at-europa-och-mot-personerna-bakom-de-solvarmesatsningar-som-nu-sker-over-hela-varlden\\\/#article\",\"isPartOf\":{\"@id\":\"https:\\\/\\\/www.agma.com\\\/sv\\\/magasinet-absolicon-2022-sa-ska-solvarme-ge-energisakerhet-at-europa-och-mot-personerna-bakom-de-solvarmesatsningar-som-nu-sker-over-hela-varlden\\\/\"},\"author\":{\"name\":\"jakubschenk\",\"@id\":\"https:\\\/\\\/www.agma.com\\\/sv\\\/#\\\/schema\\\/person\\\/6820b3ce1cc37edbaecc979090760d8b\"},\"headline\":\"Magasinet Absolicon 2022: S\u00e5 ska solv\u00e4rme ge energis\u00e4kerhet \u00e5t Europa och m\u00f6t personerna bakom de solv\u00e4rmesatsningar som nu sker \u00f6ver hela v\u00e4rlden\",\"datePublished\":\"2022-03-22T15:39:57+00:00\",\"mainEntityOfPage\":{\"@id\":\"https:\\\/\\\/www.agma.com\\\/sv\\\/magasinet-absolicon-2022-sa-ska-solvarme-ge-energisakerhet-at-europa-och-mot-personerna-bakom-de-solvarmesatsningar-som-nu-sker-over-hela-varlden\\\/\"},\"wordCount\":159,\"commentCount\":0,\"publisher\":{\"@id\":\"https:\\\/\\\/www.agma.com\\\/sv\\\/#organization\"},\"articleSection\":[\"Pressrelease\"],\"inLanguage\":\"sv-SE\",\"potentialAction\":[{\"@type\":\"CommentAction\",\"name\":\"Comment\",\"target\":[\"https:\\\/\\\/www.agma.com\\\/sv\\\/magasinet-absolicon-2022-sa-ska-solvarme-ge-energisakerhet-at-europa-och-mot-personerna-bakom-de-solvarmesatsningar-som-nu-sker-over-hela-varlden\\\/#respond\"]}]},{\"@type\":\"WebPage\",\"@id\":\"https:\\\/\\\/www.agma.com\\\/sv\\\/magasinet-absolicon-2022-sa-ska-solvarme-ge-energisakerhet-at-europa-och-mot-personerna-bakom-de-solvarmesatsningar-som-nu-sker-over-hela-varlden\\\/\",\"url\":\"https:\\\/\\\/www.agma.com\\\/sv\\\/magasinet-absolicon-2022-sa-ska-solvarme-ge-energisakerhet-at-europa-och-mot-personerna-bakom-de-solvarmesatsningar-som-nu-sker-over-hela-varlden\\\/\",\"name\":\"Magasinet Absolicon 2022: S\u00e5 ska solv\u00e4rme ge energis\u00e4kerhet \u00e5t Europa och m\u00f6t personerna bakom de solv\u00e4rmesatsningar som nu sker \u00f6ver hela v\u00e4rlden - Absolicon\",\"isPartOf\":{\"@id\":\"https:\\\/\\\/www.agma.com\\\/sv\\\/#website\"},\"datePublished\":\"2022-03-22T15:39:57+00:00\",\"breadcrumb\":{\"@id\":\"https:\\\/\\\/www.agma.com\\\/sv\\\/magasinet-absolicon-2022-sa-ska-solvarme-ge-energisakerhet-at-europa-och-mot-personerna-bakom-de-solvarmesatsningar-som-nu-sker-over-hela-varlden\\\/#breadcrumb\"},\"inLanguage\":\"sv-SE\",\"potentialAction\":[{\"@type\":\"ReadAction\",\"target\":[\"https:\\\/\\\/www.agma.com\\\/sv\\\/magasinet-absolicon-2022-sa-ska-solvarme-ge-energisakerhet-at-europa-och-mot-personerna-bakom-de-solvarmesatsningar-som-nu-sker-over-hela-varlden\\\/\"]}]},{\"@type\":\"BreadcrumbList\",\"@id\":\"https:\\\/\\\/www.agma.com\\\/sv\\\/magasinet-absolicon-2022-sa-ska-solvarme-ge-energisakerhet-at-europa-och-mot-personerna-bakom-de-solvarmesatsningar-som-nu-sker-over-hela-varlden\\\/#breadcrumb\",\"itemListElement\":[{\"@type\":\"ListItem\",\"position\":1,\"name\":\"Home\",\"item\":\"https:\\\/\\\/www.agma.com\\\/sv\\\/\"},{\"@type\":\"ListItem\",\"position\":2,\"name\":\"Magasinet Absolicon 2022: S\u00e5 ska solv\u00e4rme ge energis\u00e4kerhet \u00e5t Europa och m\u00f6t personerna bakom de solv\u00e4rmesatsningar som nu sker \u00f6ver hela v\u00e4rlden\"}]},{\"@type\":\"WebSite\",\"@id\":\"https:\\\/\\\/www.agma.com\\\/sv\\\/#website\",\"url\":\"https:\\\/\\\/www.agma.com\\\/sv\\\/\",\"name\":\"Absolicon\",\"description\":\"\",\"publisher\":{\"@id\":\"https:\\\/\\\/www.agma.com\\\/sv\\\/#organization\"},\"potentialAction\":[{\"@type\":\"SearchAction\",\"target\":{\"@type\":\"EntryPoint\",\"urlTemplate\":\"https:\\\/\\\/www.agma.com\\\/sv\\\/?s={search_term_string}\"},\"query-input\":{\"@type\":\"PropertyValueSpecification\",\"valueRequired\":true,\"valueName\":\"search_term_string\"}}],\"inLanguage\":\"sv-SE\"},{\"@type\":\"Organization\",\"@id\":\"https:\\\/\\\/www.agma.com\\\/sv\\\/#organization\",\"name\":\"Absolicon\",\"url\":\"https:\\\/\\\/www.agma.com\\\/sv\\\/\",\"logo\":{\"@type\":\"ImageObject\",\"inLanguage\":\"sv-SE\",\"@id\":\"https:\\\/\\\/www.agma.com\\\/sv\\\/#\\\/schema\\\/logo\\\/image\\\/\",\"url\":\"https:\\\/\\\/www.agma.com\\\/wp-content\\\/uploads\\\/2026\\\/04\\\/logotype_neg_blk.svg\",\"contentUrl\":\"https:\\\/\\\/www.agma.com\\\/wp-content\\\/uploads\\\/2026\\\/04\\\/logotype_neg_blk.svg\",\"width\":705,\"height\":83,\"caption\":\"Absolicon\"},\"image\":{\"@id\":\"https:\\\/\\\/www.agma.com\\\/sv\\\/#\\\/schema\\\/logo\\\/image\\\/\"}},{\"@type\":\"Person\",\"@id\":\"https:\\\/\\\/www.agma.com\\\/sv\\\/#\\\/schema\\\/person\\\/6820b3ce1cc37edbaecc979090760d8b\",\"name\":\"jakubschenk\",\"image\":{\"@type\":\"ImageObject\",\"inLanguage\":\"sv-SE\",\"@id\":\"https:\\\/\\\/secure.gravatar.com\\\/avatar\\\/0ab843002d4a58702560e02354e5f9a3206e13bbfaa9df5a188e463870f605cd?s=96&d=mm&r=g\",\"url\":\"https:\\\/\\\/secure.gravatar.com\\\/avatar\\\/0ab843002d4a58702560e02354e5f9a3206e13bbfaa9df5a188e463870f605cd?s=96&d=mm&r=g\",\"contentUrl\":\"https:\\\/\\\/secure.gravatar.com\\\/avatar\\\/0ab843002d4a58702560e02354e5f9a3206e13bbfaa9df5a188e463870f605cd?s=96&d=mm&r=g\",\"caption\":\"jakubschenk\"},\"sameAs\":[\"https:\\\/\\\/www.agma.com\"],\"url\":\"https:\\\/\\\/www.agma.com\\\/sv\\\/author\\\/jakubschenk\\\/\"}]}<\/script>\n<!-- \/ Yoast SEO plugin. -->","yoast_head_json":{"title":"Magasinet Absolicon 2022: S\u00e5 ska solv\u00e4rme ge energis\u00e4kerhet \u00e5t Europa och m\u00f6t personerna bakom de solv\u00e4rmesatsningar som nu sker \u00f6ver hela v\u00e4rlden - Absolicon","robots":{"index":"index","follow":"follow","max-snippet":"max-snippet:-1","max-image-preview":"max-image-preview:large","max-video-preview":"max-video-preview:-1"},"canonical":"https:\/\/www.agma.com\/sv\/magasinet-absolicon-2022-sa-ska-solvarme-ge-energisakerhet-at-europa-och-mot-personerna-bakom-de-solvarmesatsningar-som-nu-sker-over-hela-varlden\/","og_locale":"sv_SE","og_type":"article","og_title":"Magasinet Absolicon 2022: S\u00e5 ska solv\u00e4rme ge energis\u00e4kerhet \u00e5t Europa och m\u00f6t personerna bakom de solv\u00e4rmesatsningar som nu sker \u00f6ver hela v\u00e4rlden - Absolicon","og_description":"Inneh\u00e5llet i korthet: Nu st\u00e4ller storf\u00f6retagen om \u2013 5 \u00f6verenskommelser som f\u00f6r\u00e4ndrar allt D\u00e4rf\u00f6r satsar v\u00e4rldens st\u00f6rsta bryggerikoncern p\u00e5 solv\u00e4rme Mexiko &amp; Italien f\u00f6rbereder f\u00f6r lokala produktionslinor, se f\u00f6rsta bilderna ABB om samarbetet: utrustningen f\u00e5r fullt st\u00f6d av ett globalt f\u00f6retag Du f\u00e5r ocks\u00e5 l\u00e4sa mer om hur solv\u00e4rme ska ge energis\u00e4kerhet \u00e5t Europa n\u00e4r [&hellip;]","og_url":"https:\/\/www.agma.com\/sv\/magasinet-absolicon-2022-sa-ska-solvarme-ge-energisakerhet-at-europa-och-mot-personerna-bakom-de-solvarmesatsningar-som-nu-sker-over-hela-varlden\/","og_site_name":"Absolicon","article_published_time":"2022-03-22T15:39:57+00:00","author":"jakubschenk","twitter_card":"summary_large_image","twitter_misc":{"Skriven av":"jakubschenk"},"schema":{"@context":"https:\/\/schema.org","@graph":[{"@type":"Article","@id":"https:\/\/www.agma.com\/sv\/magasinet-absolicon-2022-sa-ska-solvarme-ge-energisakerhet-at-europa-och-mot-personerna-bakom-de-solvarmesatsningar-som-nu-sker-over-hela-varlden\/#article","isPartOf":{"@id":"https:\/\/www.agma.com\/sv\/magasinet-absolicon-2022-sa-ska-solvarme-ge-energisakerhet-at-europa-och-mot-personerna-bakom-de-solvarmesatsningar-som-nu-sker-over-hela-varlden\/"},"author":{"name":"jakubschenk","@id":"https:\/\/www.agma.com\/sv\/#\/schema\/person\/6820b3ce1cc37edbaecc979090760d8b"},"headline":"Magasinet Absolicon 2022: S\u00e5 ska solv\u00e4rme ge energis\u00e4kerhet \u00e5t Europa och m\u00f6t personerna bakom de solv\u00e4rmesatsningar som nu sker \u00f6ver hela v\u00e4rlden","datePublished":"2022-03-22T15:39:57+00:00","mainEntityOfPage":{"@id":"https:\/\/www.agma.com\/sv\/magasinet-absolicon-2022-sa-ska-solvarme-ge-energisakerhet-at-europa-och-mot-personerna-bakom-de-solvarmesatsningar-som-nu-sker-over-hela-varlden\/"},"wordCount":159,"commentCount":0,"publisher":{"@id":"https:\/\/www.agma.com\/sv\/#organization"},"articleSection":["Pressrelease"],"inLanguage":"sv-SE","potentialAction":[{"@type":"CommentAction","name":"Comment","target":["https:\/\/www.agma.com\/sv\/magasinet-absolicon-2022-sa-ska-solvarme-ge-energisakerhet-at-europa-och-mot-personerna-bakom-de-solvarmesatsningar-som-nu-sker-over-hela-varlden\/#respond"]}]},{"@type":"WebPage","@id":"https:\/\/www.agma.com\/sv\/magasinet-absolicon-2022-sa-ska-solvarme-ge-energisakerhet-at-europa-och-mot-personerna-bakom-de-solvarmesatsningar-som-nu-sker-over-hela-varlden\/","url":"https:\/\/www.agma.com\/sv\/magasinet-absolicon-2022-sa-ska-solvarme-ge-energisakerhet-at-europa-och-mot-personerna-bakom-de-solvarmesatsningar-som-nu-sker-over-hela-varlden\/","name":"Magasinet Absolicon 2022: S\u00e5 ska solv\u00e4rme ge energis\u00e4kerhet \u00e5t Europa och m\u00f6t personerna bakom de solv\u00e4rmesatsningar som nu sker \u00f6ver hela v\u00e4rlden - Absolicon","isPartOf":{"@id":"https:\/\/www.agma.com\/sv\/#website"},"datePublished":"2022-03-22T15:39:57+00:00","breadcrumb":{"@id":"https:\/\/www.agma.com\/sv\/magasinet-absolicon-2022-sa-ska-solvarme-ge-energisakerhet-at-europa-och-mot-personerna-bakom-de-solvarmesatsningar-som-nu-sker-over-hela-varlden\/#breadcrumb"},"inLanguage":"sv-SE","potentialAction":[{"@type":"ReadAction","target":["https:\/\/www.agma.com\/sv\/magasinet-absolicon-2022-sa-ska-solvarme-ge-energisakerhet-at-europa-och-mot-personerna-bakom-de-solvarmesatsningar-som-nu-sker-over-hela-varlden\/"]}]},{"@type":"BreadcrumbList","@id":"https:\/\/www.agma.com\/sv\/magasinet-absolicon-2022-sa-ska-solvarme-ge-energisakerhet-at-europa-och-mot-personerna-bakom-de-solvarmesatsningar-som-nu-sker-over-hela-varlden\/#breadcrumb","itemListElement":[{"@type":"ListItem","position":1,"name":"Home","item":"https:\/\/www.agma.com\/sv\/"},{"@type":"ListItem","position":2,"name":"Magasinet Absolicon 2022: S\u00e5 ska solv\u00e4rme ge energis\u00e4kerhet \u00e5t Europa och m\u00f6t personerna bakom de solv\u00e4rmesatsningar som nu sker \u00f6ver hela v\u00e4rlden"}]},{"@type":"WebSite","@id":"https:\/\/www.agma.com\/sv\/#website","url":"https:\/\/www.agma.com\/sv\/","name":"Absolicon","description":"","publisher":{"@id":"https:\/\/www.agma.com\/sv\/#organization"},"potentialAction":[{"@type":"SearchAction","target":{"@type":"EntryPoint","urlTemplate":"https:\/\/www.agma.com\/sv\/?s={search_term_string}"},"query-input":{"@type":"PropertyValueSpecification","valueRequired":true,"valueName":"search_term_string"}}],"inLanguage":"sv-SE"},{"@type":"Organization","@id":"https:\/\/www.agma.com\/sv\/#organization","name":"Absolicon","url":"https:\/\/www.agma.com\/sv\/","logo":{"@type":"ImageObject","inLanguage":"sv-SE","@id":"https:\/\/www.agma.com\/sv\/#\/schema\/logo\/image\/","url":"https:\/\/www.agma.com\/wp-content\/uploads\/2026\/04\/logotype_neg_blk.svg","contentUrl":"https:\/\/www.agma.com\/wp-content\/uploads\/2026\/04\/logotype_neg_blk.svg","width":705,"height":83,"caption":"Absolicon"},"image":{"@id":"https:\/\/www.agma.com\/sv\/#\/schema\/logo\/image\/"}},{"@type":"Person","@id":"https:\/\/www.agma.com\/sv\/#\/schema\/person\/6820b3ce1cc37edbaecc979090760d8b","name":"jakubschenk","image":{"@type":"ImageObject","inLanguage":"sv-SE","@id":"https:\/\/secure.gravatar.com\/avatar\/0ab843002d4a58702560e02354e5f9a3206e13bbfaa9df5a188e463870f605cd?s=96&d=mm&r=g","url":"https:\/\/secure.gravatar.com\/avatar\/0ab843002d4a58702560e02354e5f9a3206e13bbfaa9df5a188e463870f605cd?s=96&d=mm&r=g","contentUrl":"https:\/\/secure.gravatar.com\/avatar\/0ab843002d4a58702560e02354e5f9a3206e13bbfaa9df5a188e463870f605cd?s=96&d=mm&r=g","caption":"jakubschenk"},"sameAs":["https:\/\/www.agma.com"],"url":"https:\/\/www.agma.com\/sv\/author\/jakubschenk\/"}]}},"_links":{"self":[{"href":"https:\/\/www.agma.com\/sv\/wp-json\/wp\/v2\/posts\/13889","targetHints":{"allow":["GET"]}}],"collection":[{"href":"https:\/\/www.agma.com\/sv\/wp-json\/wp\/v2\/posts"}],"about":[{"href":"https:\/\/www.agma.com\/sv\/wp-json\/wp\/v2\/types\/post"}],"author":[{"embeddable":true,"href":"https:\/\/www.agma.com\/sv\/wp-json\/wp\/v2\/users\/1"}],"replies":[{"embeddable":true,"href":"https:\/\/www.agma.com\/sv\/wp-json\/wp\/v2\/comments?post=13889"}],"version-history":[{"count":0,"href":"https:\/\/www.agma.com\/sv\/wp-json\/wp\/v2\/posts\/13889\/revisions"}],"wp:attachment":[{"href":"https:\/\/www.agma.com\/sv\/wp-json\/wp\/v2\/media?parent=13889"}],"wp:term":[{"taxonomy":"category","embeddable":true,"href":"https:\/\/www.agma.com\/sv\/wp-json\/wp\/v2\/categories?post=13889"},{"taxonomy":"post_tag","embeddable":true,"href":"https:\/\/www.agma.com\/sv\/wp-json\/wp\/v2\/tags?post=13889"}],"curies":[{"name":"wp","href":"https:\/\/api.w.org\/{rel}","templated":true}]}}