{"id":13961,"date":"2022-05-19T09:41:37","date_gmt":"2022-05-19T09:41:37","guid":{"rendered":"https:\/\/www.absolicon.com\/delarsrapport-forsta-kvartalet-2022\/"},"modified":"2022-05-19T11:53:04","modified_gmt":"2022-05-19T11:53:04","slug":"delarsrapport-forsta-kvartalet-2022","status":"publish","type":"post","link":"https:\/\/www.agma.com\/sv\/delarsrapport-forsta-kvartalet-2022\/","title":{"rendered":"Del\u00e5rsrapport f\u00f6rsta kvartalet 2022"},"content":{"rendered":"<p style=\"margin-bottom: 11px; margin-top: 12px;\"><a href=\"https:\/\/www.agma.com\/sv\/investor\/finansiella-rapporter\/\"><span style=\"font-size: 10pt;\"><span style=\"font-family: arial,helvetica,sans-serif;\">Ladda ned Del\u00e5rsrapport Q1 2022 &gt;&gt;<\/span><\/span><\/a><\/p>\n<p style=\"margin-bottom: 11px; margin-top: 12px;\"><span style=\"font-size: 10pt;\"><span style=\"font-family: arial,helvetica,sans-serif;\">De rekordh\u00f6ga gaspriserna i Europa har \u00e4ven p\u00e5verkat svenska energipriser. Nu f\u00f6rutser International Energy Agency att det \u00e4ven p\u00e5 medell\u00e5ng sikt kommer vara brist p\u00e5 naturgas i v\u00e4rlden. Det inneb\u00e4r f\u00f6r\u00e4ndrade prioriteringar f\u00f6r Absolicon som under f\u00f6rsta kvartalet 2022 meddelade ett \u00f6kat fokus p\u00e5 Europa till f\u00f6ljd av energikrisen.<\/span><\/span><\/p>\n<p style=\"margin-bottom: 11px;\"><span style=\"font-size: 10pt;\"><span style=\"font-family: arial,helvetica,sans-serif;\">Som en del av ramavtalet f\u00f6r f\u00f6rv\u00e4rv av en robotiserad produktionslina f\u00f6r koncentrerande solf\u00e5ngare betalar Phoenix Solar Thermal Inc.1 MSEK. Det inneb\u00e4r att Absolicon nu best\u00e4ller material f\u00f6r att leverera en produktionslina till Kanada.<\/span><\/span><\/p>\n<p style=\"margin-bottom: 11px;\"><span style=\"font-size: 10pt;\"><span style=\"font-family: arial,helvetica,sans-serif;\">Under kvartalet g\u00e5r Absolicon fr\u00e5n 71 till 90 patent\/patentans\u00f6kningar.\u00a0Det beror p\u00e5 tv\u00e5 nya PCT-ans\u00f6kningar, men framf\u00f6rallt p\u00e5 att bolagets reflektorformningspatent\u00a0validerats\u00a0i Europa (EPC inte EU) och nu har familjemedlemmar i hela 33 l\u00e4nder.\u00a0<\/span><\/span><\/p>\n<p style=\"margin-bottom: 11px;\"><span style=\"font-size: 11pt;\"><span style=\"font-family: arial,helvetica,sans-serif;\"><u><span style=\"font-size: 10pt;\"><span style=\"font-family: arial,helvetica,sans-serif;\">Nyckeltal<\/span><\/span><\/u><span style=\"font-size: 10pt;\"><span style=\"font-family: arial,helvetica,sans-serif;\">:<\/span><\/span><\/span><\/span><\/p>\n<p style=\"margin-bottom: 11px;\"><strong><span style=\"font-size: 10pt;\"><span style=\"font-family: arial,helvetica,sans-serif;\">F\u00f6rsta kvartalet 2022-01-01 \u2013 2022-03-31<\/span><\/span><\/strong><\/p>\n<p style=\"margin-bottom: 11px;\"><span style=\"font-size: 10pt;\"><span style=\"font-family: arial,helvetica,sans-serif;\">Nettooms\u00e4ttningen uppgick till:\u00a0 1 372 (332) KSEK\u00a0\u00a0\u00a0\u00a0\u00a0\u00a0\u00a0\u00a0\u00a0 <\/span><\/span><\/p>\n<p style=\"margin-bottom: 11px;\"><span style=\"font-size: 10pt;\"><span style=\"font-family: arial,helvetica,sans-serif;\">R\u00f6relseresultatet (EBIT) uppgick till: &#8211; 11 309 (-8 910) KSEK\u00a0\u00a0\u00a0\u00a0\u00a0\u00a0\u00a0\u00a0\u00a0 <\/span><\/span><\/p>\n<p style=\"margin-bottom: 11px;\"><span style=\"font-size: 10pt;\"><span style=\"font-family: arial,helvetica,sans-serif;\">Resultatet per aktie uppgick till: -4,64 (-4,44) SEK<\/span><\/span><\/p>\n<p style=\"margin-bottom: 11px;\"><span style=\"font-size: 11pt;\"><span style=\"font-family: arial,helvetica,sans-serif;\"><span style=\"font-size: 10pt;\"><span style=\"font-family: arial,helvetica,sans-serif;\">Resultat per aktie: Periodens resultat f\u00f6re skatt dividerat med 2 467 794 (1 998 650) utest\u00e5ende aktier.\u00a0\u00a0\u00a0\u00a0\u00a0\u00a0\u00a0\u00a0\u00a0 <\/span><\/span><\/span><\/span><\/p>\n<p style=\"margin-bottom: 11px;\"><u><span style=\"font-size: 10pt;\"><span style=\"font-family: arial,helvetica,sans-serif;\">Vd har ordet:<\/span><\/span><\/u><\/p>\n<p style=\"margin-bottom: 11px;\"><strong><span style=\"font-size: 10pt;\"><span style=\"font-family: arial,helvetica,sans-serif;\">SOLV\u00c4RME KAN ERS\u00c4TTA DEN RYSKA GASEN<\/span><\/span><\/strong><\/p>\n<p style=\"margin-bottom: 11px;\"><span style=\"font-size: 10pt;\"><span style=\"font-family: arial,helvetica,sans-serif;\">Efter tv\u00e5 m\u00e5naders krig i Ukraina k\u00e4nns det som om vi \u00e4nd\u00e5 \u00e4nnu inte kan ta in vad som h\u00e4nt och vad som blir det l\u00e5ngsiktiga effekterna. Den fruktansv\u00e4rda f\u00f6r\u00f6delsen och det meningsl\u00f6sa d\u00f6dandet \u00e4r bed\u00f6vande. De stora linjerna dras av att Ryssland har anfallit ett grannland och d\u00e4refter utsatts av effektiva sanktioner. I det lilla tar Absolicon emot en ukrainsk student p\u00e5 praktik under sommaren.<\/span><\/span><\/p>\n<p style=\"margin-bottom: 11px;\"><span style=\"font-size: 10pt;\"><span style=\"font-family: arial,helvetica,sans-serif;\">Tillsammans med Solar Heat Europe har vi gjort en plan f\u00f6r att ers\u00e4tta all den ryska gas som Europa enligt avtal kan fr\u00e5ns\u00e4ga sig till \u00e5r 2030. Hela 90% av gasen anv\u00e4nds till v\u00e4rme och bara 10% f\u00f6r elproduktion. Men det \u00e4r utmanande att f\u00e5 EU att se solv\u00e4rmens m\u00f6jligheter, id\u00e9n om att all energi \u00e4r elektricitet \u00e4r s\u00e5 stark.<\/span><\/span><\/p>\n<p style=\"margin-bottom: 11px;\"><span style=\"font-size: 10pt;\"><span style=\"font-family: arial,helvetica,sans-serif;\">Inom industrin har de h\u00f6ga priserna p\u00e5 fossila br\u00e4nslen \u00f6kat intresset f\u00f6r att byta till solv\u00e4rme. Med oljepriser kring 100 USD per fat och utsl\u00e4ppsr\u00e4tter \u00f6ver 80 Euro per ton koldioxid blir det 5 \u00e5rs \u00e5terbetalningstid f\u00f6r solv\u00e4rmeinstallationer i industrin i soliga l\u00e4nder. Absolicon har \u00f6kat fokus p\u00e5 Europa och planerar kampanjer i utvalda regioner.<\/span><\/span><\/p>\n<p style=\"margin-bottom: 11px;\"><span style=\"font-size: 10pt;\"><span style=\"font-family: arial,helvetica,sans-serif;\">Arbetet tillsammans med v\u00e5ra produktionslinepartners \u00e4r nu fokuserat p\u00e5 n\u00e5gra av de aktivaste akt\u00f6rerna. Phoenix i Kanada var f\u00f6rst ut att s\u00e4kra leveranstiderna genom en betalning om 1 MSEK f\u00f6r att starta orderl\u00e4ggning av komponenter till produktionslinan. N\u00e4r vi nu kan ta emot bes\u00f6k igen ser vi vad viktigt det \u00e4r att tr\u00e4ffas och att f\u00e5 visa vad vi kan. Det \u00e4r fascinerande att se vilket intryck det g\u00f6r p\u00e5 kunderna att f\u00e5 st\u00e5 bredvid robotarna n\u00e4r solf\u00e5ngarna produceras och sedan p\u00e5 H\u00f6gsl\u00e4tten Solar Park f\u00e5 k\u00e4nna v\u00e4rmen i solcentralen fr\u00e5n solf\u00e5ngarna.<\/span><\/span><\/p>\n<p style=\"margin-bottom: 11px;\"><span style=\"font-size: 10pt;\"><span style=\"font-family: arial,helvetica,sans-serif;\">De fem avsiktsf\u00f6rklaringarna om pilotinstallationer med multinationella bolag tar stora resurser och piloterna med Carlsberg i Grekland och Peroni i Italien \u00e4r snart klara att skeppa. Vi kommer se till att det skakar om hela branschen n\u00e4r pilotinstallationerna i h\u00f6st startar och b\u00f6rjar ers\u00e4tta fossila br\u00e4nslen med sol\u00e5nga i bryggerierna.<\/span><\/span><\/p>\n<p style=\"margin-bottom: 11px;\"><span style=\"font-size: 10pt;\"><span style=\"font-family: arial,helvetica,sans-serif;\">Vi forts\u00e4tter rekrytera b\u00e5de s\u00e4ljare och ingenj\u00f6rer. Det nya s\u00e4ljkontoret i Varberg lockar en annan profil p\u00e5 s\u00e4ljare \u00e4n vad vi n\u00e5tt i H\u00e4rn\u00f6sand. En utmaning \u00e4r att hinna med att utbilda alla nyanst\u00e4llda n\u00e4r vi samtidigt f\u00e5r m\u00e5nga viktiga f\u00f6rfr\u00e5gningar.<\/span><\/span><\/p>\n<p style=\"margin-bottom: 11px;\"><span style=\"font-size: 10pt;\"><span style=\"font-family: arial,helvetica,sans-serif;\">I energipolitiken pekar nu energiorganet IRENA \u00e4ntligen ut solv\u00e4rme som en av de centrala teknikerna f\u00f6r omst\u00e4llning av industrin. I sin rapport om hur vi skall klara h\u00e5lla temperatur\u00f6kningarna under 1,5 grader har IRENA i sin energimix en \u00f6kning fr\u00e5n dagen 5 miljoner m2 solf\u00e5ngare till 1272 miljoner m2 solf\u00e5ngare \u00e5r 2030.<\/span><\/span><\/p>\n<p style=\"margin-bottom: 11px;\"><span style=\"font-size: 10pt;\"><span style=\"font-family: arial,helvetica,sans-serif;\">Jag har haft ett givande m\u00f6te om solv\u00e4rme med v\u00e5r nye energiminister Khashayar Farmanbar och i juni har Absolicon planerat ett energiseminarium i riksdagen. Vi har under perioden tagit ett viktigt steg till v\u00e5ra finansiella m\u00e5l genom att Absolicon den 20 januari bytte lista och nu handlas p\u00e5 premiumsegmentet Spotlight NEXT med h\u00f6gre krav p\u00e5 redovisning och bolagsstyrning. Samarbetet med Spotlight fungerar mycket bra.<\/span><\/span><\/p>\n<p style=\"margin-bottom: 11px;\"><span style=\"font-size: 10pt;\"><span style=\"font-family: arial,helvetica,sans-serif;\">Slutligen st\u00e4ngde v\u00e5r f\u00f6retr\u00e4desemission i april med 124% t\u00e4ckningsgrad och Absolicon fick drygt 1000 nya \u00e4gare. Vi tackar f\u00f6r f\u00f6rtroendet och kommer som beskrivits i prospekt och marknadsmaterial att nu forts\u00e4tta med v\u00e5r expansiva strategi.<\/span><\/span><\/p>\n<p><a href=\"https:\/\/www.agma.com\/sv\/investor\/finansiella-rapporter\/\"><span style=\"font-size: 10pt;\"><span style=\"font-family: arial,helvetica,sans-serif;\">Ladda ned Del\u00e5rsrapport Q1 2022 &gt;&gt;<\/span><\/span><\/a><\/p>\n","protected":false},"excerpt":{"rendered":"<p>Ladda ned Del\u00e5rsrapport Q1 2022 &gt;&gt; De rekordh\u00f6ga gaspriserna i Europa har \u00e4ven p\u00e5verkat svenska energipriser. Nu f\u00f6rutser International Energy Agency att det \u00e4ven p\u00e5 medell\u00e5ng sikt kommer vara brist p\u00e5 naturgas i v\u00e4rlden. Det inneb\u00e4r f\u00f6r\u00e4ndrade prioriteringar f\u00f6r Absolicon som under f\u00f6rsta kvartalet 2022 meddelade ett \u00f6kat fokus p\u00e5 Europa till f\u00f6ljd av energikrisen. [&hellip;]<\/p>\n","protected":false},"author":1,"featured_media":0,"comment_status":"open","ping_status":"open","sticky":false,"template":"","format":"standard","meta":{"_acf_changed":false,"footnotes":""},"categories":[24],"tags":[],"class_list":["post-13961","post","type-post","status-publish","format-standard","hentry","category-delarsrapport"],"acf":[],"yoast_head":"<!-- This site is optimized with the Yoast SEO plugin v27.4 - https:\/\/yoast.com\/product\/yoast-seo-wordpress\/ -->\n<title>Del\u00e5rsrapport f\u00f6rsta kvartalet 2022 - Absolicon<\/title>\n<meta name=\"robots\" content=\"index, follow, max-snippet:-1, max-image-preview:large, max-video-preview:-1\" \/>\n<link rel=\"canonical\" href=\"https:\/\/www.agma.com\/sv\/delarsrapport-forsta-kvartalet-2022\/\" \/>\n<meta property=\"og:locale\" content=\"sv_SE\" \/>\n<meta property=\"og:type\" content=\"article\" \/>\n<meta property=\"og:title\" content=\"Del\u00e5rsrapport f\u00f6rsta kvartalet 2022 - Absolicon\" \/>\n<meta property=\"og:description\" content=\"Ladda ned Del\u00e5rsrapport Q1 2022 &gt;&gt; De rekordh\u00f6ga gaspriserna i Europa har \u00e4ven p\u00e5verkat svenska energipriser. Nu f\u00f6rutser International Energy Agency att det \u00e4ven p\u00e5 medell\u00e5ng sikt kommer vara brist p\u00e5 naturgas i v\u00e4rlden. Det inneb\u00e4r f\u00f6r\u00e4ndrade prioriteringar f\u00f6r Absolicon som under f\u00f6rsta kvartalet 2022 meddelade ett \u00f6kat fokus p\u00e5 Europa till f\u00f6ljd av energikrisen. [&hellip;]\" \/>\n<meta property=\"og:url\" content=\"https:\/\/www.agma.com\/sv\/delarsrapport-forsta-kvartalet-2022\/\" \/>\n<meta property=\"og:site_name\" content=\"Absolicon\" \/>\n<meta property=\"article:published_time\" content=\"2022-05-19T09:41:37+00:00\" \/>\n<meta property=\"article:modified_time\" content=\"2022-05-19T11:53:04+00:00\" \/>\n<meta name=\"author\" content=\"jakubschenk\" \/>\n<meta name=\"twitter:card\" content=\"summary_large_image\" \/>\n<meta name=\"twitter:label1\" content=\"Skriven av\" \/>\n\t<meta name=\"twitter:data1\" content=\"jakubschenk\" \/>\n<script type=\"application\/ld+json\" class=\"yoast-schema-graph\">{\"@context\":\"https:\\\/\\\/schema.org\",\"@graph\":[{\"@type\":\"Article\",\"@id\":\"https:\\\/\\\/www.agma.com\\\/sv\\\/delarsrapport-forsta-kvartalet-2022\\\/#article\",\"isPartOf\":{\"@id\":\"https:\\\/\\\/www.agma.com\\\/sv\\\/delarsrapport-forsta-kvartalet-2022\\\/\"},\"author\":{\"name\":\"jakubschenk\",\"@id\":\"https:\\\/\\\/www.agma.com\\\/sv\\\/#\\\/schema\\\/person\\\/6820b3ce1cc37edbaecc979090760d8b\"},\"headline\":\"Del\u00e5rsrapport f\u00f6rsta kvartalet 2022\",\"datePublished\":\"2022-05-19T09:41:37+00:00\",\"dateModified\":\"2022-05-19T11:53:04+00:00\",\"mainEntityOfPage\":{\"@id\":\"https:\\\/\\\/www.agma.com\\\/sv\\\/delarsrapport-forsta-kvartalet-2022\\\/\"},\"wordCount\":807,\"commentCount\":0,\"publisher\":{\"@id\":\"https:\\\/\\\/www.agma.com\\\/sv\\\/#organization\"},\"articleSection\":[\"Del\u00e5rsrapport\"],\"inLanguage\":\"sv-SE\",\"potentialAction\":[{\"@type\":\"CommentAction\",\"name\":\"Comment\",\"target\":[\"https:\\\/\\\/www.agma.com\\\/sv\\\/delarsrapport-forsta-kvartalet-2022\\\/#respond\"]}]},{\"@type\":\"WebPage\",\"@id\":\"https:\\\/\\\/www.agma.com\\\/sv\\\/delarsrapport-forsta-kvartalet-2022\\\/\",\"url\":\"https:\\\/\\\/www.agma.com\\\/sv\\\/delarsrapport-forsta-kvartalet-2022\\\/\",\"name\":\"Del\u00e5rsrapport f\u00f6rsta kvartalet 2022 - Absolicon\",\"isPartOf\":{\"@id\":\"https:\\\/\\\/www.agma.com\\\/sv\\\/#website\"},\"datePublished\":\"2022-05-19T09:41:37+00:00\",\"dateModified\":\"2022-05-19T11:53:04+00:00\",\"breadcrumb\":{\"@id\":\"https:\\\/\\\/www.agma.com\\\/sv\\\/delarsrapport-forsta-kvartalet-2022\\\/#breadcrumb\"},\"inLanguage\":\"sv-SE\",\"potentialAction\":[{\"@type\":\"ReadAction\",\"target\":[\"https:\\\/\\\/www.agma.com\\\/sv\\\/delarsrapport-forsta-kvartalet-2022\\\/\"]}]},{\"@type\":\"BreadcrumbList\",\"@id\":\"https:\\\/\\\/www.agma.com\\\/sv\\\/delarsrapport-forsta-kvartalet-2022\\\/#breadcrumb\",\"itemListElement\":[{\"@type\":\"ListItem\",\"position\":1,\"name\":\"Home\",\"item\":\"https:\\\/\\\/www.agma.com\\\/sv\\\/\"},{\"@type\":\"ListItem\",\"position\":2,\"name\":\"Del\u00e5rsrapport f\u00f6rsta kvartalet 2022\"}]},{\"@type\":\"WebSite\",\"@id\":\"https:\\\/\\\/www.agma.com\\\/sv\\\/#website\",\"url\":\"https:\\\/\\\/www.agma.com\\\/sv\\\/\",\"name\":\"Absolicon\",\"description\":\"\",\"publisher\":{\"@id\":\"https:\\\/\\\/www.agma.com\\\/sv\\\/#organization\"},\"potentialAction\":[{\"@type\":\"SearchAction\",\"target\":{\"@type\":\"EntryPoint\",\"urlTemplate\":\"https:\\\/\\\/www.agma.com\\\/sv\\\/?s={search_term_string}\"},\"query-input\":{\"@type\":\"PropertyValueSpecification\",\"valueRequired\":true,\"valueName\":\"search_term_string\"}}],\"inLanguage\":\"sv-SE\"},{\"@type\":\"Organization\",\"@id\":\"https:\\\/\\\/www.agma.com\\\/sv\\\/#organization\",\"name\":\"Absolicon\",\"url\":\"https:\\\/\\\/www.agma.com\\\/sv\\\/\",\"logo\":{\"@type\":\"ImageObject\",\"inLanguage\":\"sv-SE\",\"@id\":\"https:\\\/\\\/www.agma.com\\\/sv\\\/#\\\/schema\\\/logo\\\/image\\\/\",\"url\":\"https:\\\/\\\/www.agma.com\\\/wp-content\\\/uploads\\\/2026\\\/04\\\/logotype_neg_blk.svg\",\"contentUrl\":\"https:\\\/\\\/www.agma.com\\\/wp-content\\\/uploads\\\/2026\\\/04\\\/logotype_neg_blk.svg\",\"width\":705,\"height\":83,\"caption\":\"Absolicon\"},\"image\":{\"@id\":\"https:\\\/\\\/www.agma.com\\\/sv\\\/#\\\/schema\\\/logo\\\/image\\\/\"}},{\"@type\":\"Person\",\"@id\":\"https:\\\/\\\/www.agma.com\\\/sv\\\/#\\\/schema\\\/person\\\/6820b3ce1cc37edbaecc979090760d8b\",\"name\":\"jakubschenk\",\"image\":{\"@type\":\"ImageObject\",\"inLanguage\":\"sv-SE\",\"@id\":\"https:\\\/\\\/secure.gravatar.com\\\/avatar\\\/0ab843002d4a58702560e02354e5f9a3206e13bbfaa9df5a188e463870f605cd?s=96&d=mm&r=g\",\"url\":\"https:\\\/\\\/secure.gravatar.com\\\/avatar\\\/0ab843002d4a58702560e02354e5f9a3206e13bbfaa9df5a188e463870f605cd?s=96&d=mm&r=g\",\"contentUrl\":\"https:\\\/\\\/secure.gravatar.com\\\/avatar\\\/0ab843002d4a58702560e02354e5f9a3206e13bbfaa9df5a188e463870f605cd?s=96&d=mm&r=g\",\"caption\":\"jakubschenk\"},\"sameAs\":[\"https:\\\/\\\/www.agma.com\"],\"url\":\"https:\\\/\\\/www.agma.com\\\/sv\\\/author\\\/jakubschenk\\\/\"}]}<\/script>\n<!-- \/ Yoast SEO plugin. -->","yoast_head_json":{"title":"Del\u00e5rsrapport f\u00f6rsta kvartalet 2022 - Absolicon","robots":{"index":"index","follow":"follow","max-snippet":"max-snippet:-1","max-image-preview":"max-image-preview:large","max-video-preview":"max-video-preview:-1"},"canonical":"https:\/\/www.agma.com\/sv\/delarsrapport-forsta-kvartalet-2022\/","og_locale":"sv_SE","og_type":"article","og_title":"Del\u00e5rsrapport f\u00f6rsta kvartalet 2022 - Absolicon","og_description":"Ladda ned Del\u00e5rsrapport Q1 2022 &gt;&gt; De rekordh\u00f6ga gaspriserna i Europa har \u00e4ven p\u00e5verkat svenska energipriser. Nu f\u00f6rutser International Energy Agency att det \u00e4ven p\u00e5 medell\u00e5ng sikt kommer vara brist p\u00e5 naturgas i v\u00e4rlden. Det inneb\u00e4r f\u00f6r\u00e4ndrade prioriteringar f\u00f6r Absolicon som under f\u00f6rsta kvartalet 2022 meddelade ett \u00f6kat fokus p\u00e5 Europa till f\u00f6ljd av energikrisen. [&hellip;]","og_url":"https:\/\/www.agma.com\/sv\/delarsrapport-forsta-kvartalet-2022\/","og_site_name":"Absolicon","article_published_time":"2022-05-19T09:41:37+00:00","article_modified_time":"2022-05-19T11:53:04+00:00","author":"jakubschenk","twitter_card":"summary_large_image","twitter_misc":{"Skriven av":"jakubschenk"},"schema":{"@context":"https:\/\/schema.org","@graph":[{"@type":"Article","@id":"https:\/\/www.agma.com\/sv\/delarsrapport-forsta-kvartalet-2022\/#article","isPartOf":{"@id":"https:\/\/www.agma.com\/sv\/delarsrapport-forsta-kvartalet-2022\/"},"author":{"name":"jakubschenk","@id":"https:\/\/www.agma.com\/sv\/#\/schema\/person\/6820b3ce1cc37edbaecc979090760d8b"},"headline":"Del\u00e5rsrapport f\u00f6rsta kvartalet 2022","datePublished":"2022-05-19T09:41:37+00:00","dateModified":"2022-05-19T11:53:04+00:00","mainEntityOfPage":{"@id":"https:\/\/www.agma.com\/sv\/delarsrapport-forsta-kvartalet-2022\/"},"wordCount":807,"commentCount":0,"publisher":{"@id":"https:\/\/www.agma.com\/sv\/#organization"},"articleSection":["Del\u00e5rsrapport"],"inLanguage":"sv-SE","potentialAction":[{"@type":"CommentAction","name":"Comment","target":["https:\/\/www.agma.com\/sv\/delarsrapport-forsta-kvartalet-2022\/#respond"]}]},{"@type":"WebPage","@id":"https:\/\/www.agma.com\/sv\/delarsrapport-forsta-kvartalet-2022\/","url":"https:\/\/www.agma.com\/sv\/delarsrapport-forsta-kvartalet-2022\/","name":"Del\u00e5rsrapport f\u00f6rsta kvartalet 2022 - Absolicon","isPartOf":{"@id":"https:\/\/www.agma.com\/sv\/#website"},"datePublished":"2022-05-19T09:41:37+00:00","dateModified":"2022-05-19T11:53:04+00:00","breadcrumb":{"@id":"https:\/\/www.agma.com\/sv\/delarsrapport-forsta-kvartalet-2022\/#breadcrumb"},"inLanguage":"sv-SE","potentialAction":[{"@type":"ReadAction","target":["https:\/\/www.agma.com\/sv\/delarsrapport-forsta-kvartalet-2022\/"]}]},{"@type":"BreadcrumbList","@id":"https:\/\/www.agma.com\/sv\/delarsrapport-forsta-kvartalet-2022\/#breadcrumb","itemListElement":[{"@type":"ListItem","position":1,"name":"Home","item":"https:\/\/www.agma.com\/sv\/"},{"@type":"ListItem","position":2,"name":"Del\u00e5rsrapport f\u00f6rsta kvartalet 2022"}]},{"@type":"WebSite","@id":"https:\/\/www.agma.com\/sv\/#website","url":"https:\/\/www.agma.com\/sv\/","name":"Absolicon","description":"","publisher":{"@id":"https:\/\/www.agma.com\/sv\/#organization"},"potentialAction":[{"@type":"SearchAction","target":{"@type":"EntryPoint","urlTemplate":"https:\/\/www.agma.com\/sv\/?s={search_term_string}"},"query-input":{"@type":"PropertyValueSpecification","valueRequired":true,"valueName":"search_term_string"}}],"inLanguage":"sv-SE"},{"@type":"Organization","@id":"https:\/\/www.agma.com\/sv\/#organization","name":"Absolicon","url":"https:\/\/www.agma.com\/sv\/","logo":{"@type":"ImageObject","inLanguage":"sv-SE","@id":"https:\/\/www.agma.com\/sv\/#\/schema\/logo\/image\/","url":"https:\/\/www.agma.com\/wp-content\/uploads\/2026\/04\/logotype_neg_blk.svg","contentUrl":"https:\/\/www.agma.com\/wp-content\/uploads\/2026\/04\/logotype_neg_blk.svg","width":705,"height":83,"caption":"Absolicon"},"image":{"@id":"https:\/\/www.agma.com\/sv\/#\/schema\/logo\/image\/"}},{"@type":"Person","@id":"https:\/\/www.agma.com\/sv\/#\/schema\/person\/6820b3ce1cc37edbaecc979090760d8b","name":"jakubschenk","image":{"@type":"ImageObject","inLanguage":"sv-SE","@id":"https:\/\/secure.gravatar.com\/avatar\/0ab843002d4a58702560e02354e5f9a3206e13bbfaa9df5a188e463870f605cd?s=96&d=mm&r=g","url":"https:\/\/secure.gravatar.com\/avatar\/0ab843002d4a58702560e02354e5f9a3206e13bbfaa9df5a188e463870f605cd?s=96&d=mm&r=g","contentUrl":"https:\/\/secure.gravatar.com\/avatar\/0ab843002d4a58702560e02354e5f9a3206e13bbfaa9df5a188e463870f605cd?s=96&d=mm&r=g","caption":"jakubschenk"},"sameAs":["https:\/\/www.agma.com"],"url":"https:\/\/www.agma.com\/sv\/author\/jakubschenk\/"}]}},"_links":{"self":[{"href":"https:\/\/www.agma.com\/sv\/wp-json\/wp\/v2\/posts\/13961","targetHints":{"allow":["GET"]}}],"collection":[{"href":"https:\/\/www.agma.com\/sv\/wp-json\/wp\/v2\/posts"}],"about":[{"href":"https:\/\/www.agma.com\/sv\/wp-json\/wp\/v2\/types\/post"}],"author":[{"embeddable":true,"href":"https:\/\/www.agma.com\/sv\/wp-json\/wp\/v2\/users\/1"}],"replies":[{"embeddable":true,"href":"https:\/\/www.agma.com\/sv\/wp-json\/wp\/v2\/comments?post=13961"}],"version-history":[{"count":1,"href":"https:\/\/www.agma.com\/sv\/wp-json\/wp\/v2\/posts\/13961\/revisions"}],"predecessor-version":[{"id":13976,"href":"https:\/\/www.agma.com\/sv\/wp-json\/wp\/v2\/posts\/13961\/revisions\/13976"}],"wp:attachment":[{"href":"https:\/\/www.agma.com\/sv\/wp-json\/wp\/v2\/media?parent=13961"}],"wp:term":[{"taxonomy":"category","embeddable":true,"href":"https:\/\/www.agma.com\/sv\/wp-json\/wp\/v2\/categories?post=13961"},{"taxonomy":"post_tag","embeddable":true,"href":"https:\/\/www.agma.com\/sv\/wp-json\/wp\/v2\/tags?post=13961"}],"curies":[{"name":"wp","href":"https:\/\/api.w.org\/{rel}","templated":true}]}}