{"id":14061,"date":"2022-07-12T13:32:05","date_gmt":"2022-07-12T13:32:05","guid":{"rendered":"https:\/\/www.absolicon.com\/delegation-fran-produktionsline-partnern-ideal-e-hos-absolicon-efter-att-ha-investerat-i-en-byggnad-i-italien-for-produktionslina-som-ska-tillverka-solfangare\/"},"modified":"2022-07-12T13:32:05","modified_gmt":"2022-07-12T13:32:05","slug":"delegation-fran-produktionsline-partnern-ideal-e-hos-absolicon-efter-att-ha-investerat-i-en-byggnad-i-italien-for-produktionslina-som-ska-tillverka-solfangare","status":"publish","type":"post","link":"https:\/\/www.agma.com\/sv\/delegation-fran-produktionsline-partnern-ideal-e-hos-absolicon-efter-att-ha-investerat-i-en-byggnad-i-italien-for-produktionslina-som-ska-tillverka-solfangare\/","title":{"rendered":"Delegation fr\u00e5n produktionsline-partnern IDEAL-E hos Absolicon efter att ha investerat i en byggnad i Italien f\u00f6r produktionslina som ska tillverka solf\u00e5ngare"},"content":{"rendered":"<p style=\"margin-bottom:11px;margin-top:12px\"><span><span style=\"font-size:11pt\"><span><span style=\"font-family:arial,helvetica,sans-serif\">Tisdagen den 24 maj mottog Absolicons huvudkontor i H\u00e4rn\u00f6sand bes\u00f6k av representanter fr\u00e5n IDEAL-E. Det italienska f\u00f6retaget har redan investerat i en lokal d\u00e4r produktionslinan f\u00f6r Absolicons koncentrerade solf\u00e5ngare ska installeras. Bland medlemmarna i delegationen befann sig den framtida anl\u00e4ggningschefen f\u00f6r fabriken.<\/span><\/span><\/span><\/span><\/p>\n<p style=\"margin-bottom:11px\"><span><span style=\"font-size:11pt\"><span><span style=\"font-family:arial,helvetica,sans-serif\">Projektledare Tony Broman introducerade Absolicons robotiserade produktionslina f\u00f6r bes\u00f6karna och f\u00f6rklarade vilka f\u00f6rh\u00e5llanden som beh\u00f6vs i fabriken f\u00f6r optimal produktion av koncentrerade solf\u00e5ngare. IDEAL-E har kommit s\u00e5 pass l\u00e5ngt i processen att tekniska specifikationer och f\u00f6rh\u00e5llanden stod p\u00e5 agendan. <\/span><\/span><\/span><\/span><\/p>\n<p style=\"margin-bottom:11px\"><span><span style=\"font-size:11pt\"><span><span style=\"font-family:arial,helvetica,sans-serif\">&#8211; \u201dDet underl\u00e4ttar att se en produktionslina som \u00e4r fullt fungerande n\u00e4r man f\u00f6rbereder en framtida installation och en stor del av dagen \u00e4gnades \u00e5r att g\u00e5 igenom viktig teknisk information f\u00f6r installation och uppeh\u00e5ll av produktionslinan,\u201d f\u00f6rklarar Tony Broman.<\/span><\/span><\/span><\/span><\/p>\n<p style=\"margin-bottom:11px\"><span><span style=\"font-size:11pt\"><span><span style=\"font-family:arial,helvetica,sans-serif\">Under h\u00f6sten ska IDEAL-E st\u00e4lla ut p\u00e5 en stor energim\u00e4ssa i Italien. Absolicon kommer att f\u00f6rse IDEAL-E med bland annat marknadsf\u00f6ringsmaterial inf\u00f6r m\u00e4ssan.<\/span><\/span><\/span><\/span><\/p>\n","protected":false},"excerpt":{"rendered":"<p>Tisdagen den 24 maj mottog Absolicons huvudkontor i H\u00e4rn\u00f6sand bes\u00f6k av representanter fr\u00e5n IDEAL-E. Det italienska f\u00f6retaget har redan investerat i en lokal d\u00e4r produktionslinan f\u00f6r Absolicons koncentrerade solf\u00e5ngare ska installeras. Bland medlemmarna i delegationen befann sig den framtida anl\u00e4ggningschefen f\u00f6r fabriken. Projektledare Tony Broman introducerade Absolicons robotiserade produktionslina f\u00f6r bes\u00f6karna och f\u00f6rklarade vilka f\u00f6rh\u00e5llanden [&hellip;]<\/p>\n","protected":false},"author":1,"featured_media":0,"comment_status":"open","ping_status":"open","sticky":false,"template":"","format":"standard","meta":{"_acf_changed":false,"footnotes":""},"categories":[23],"tags":[],"class_list":["post-14061","post","type-post","status-publish","format-standard","hentry","category-pressrelease"],"acf":[],"yoast_head":"<!-- This site is optimized with the Yoast SEO plugin v27.4 - https:\/\/yoast.com\/product\/yoast-seo-wordpress\/ -->\n<title>Delegation fr\u00e5n produktionsline-partnern IDEAL-E hos Absolicon efter att ha investerat i en byggnad i Italien f\u00f6r produktionslina som ska tillverka solf\u00e5ngare - Absolicon<\/title>\n<meta name=\"robots\" content=\"index, follow, max-snippet:-1, max-image-preview:large, max-video-preview:-1\" \/>\n<link rel=\"canonical\" href=\"https:\/\/www.agma.com\/sv\/delegation-fran-produktionsline-partnern-ideal-e-hos-absolicon-efter-att-ha-investerat-i-en-byggnad-i-italien-for-produktionslina-som-ska-tillverka-solfangare\/\" \/>\n<meta property=\"og:locale\" content=\"sv_SE\" \/>\n<meta property=\"og:type\" content=\"article\" \/>\n<meta property=\"og:title\" content=\"Delegation fr\u00e5n produktionsline-partnern IDEAL-E hos Absolicon efter att ha investerat i en byggnad i Italien f\u00f6r produktionslina som ska tillverka solf\u00e5ngare - Absolicon\" \/>\n<meta property=\"og:description\" content=\"Tisdagen den 24 maj mottog Absolicons huvudkontor i H\u00e4rn\u00f6sand bes\u00f6k av representanter fr\u00e5n IDEAL-E. Det italienska f\u00f6retaget har redan investerat i en lokal d\u00e4r produktionslinan f\u00f6r Absolicons koncentrerade solf\u00e5ngare ska installeras. Bland medlemmarna i delegationen befann sig den framtida anl\u00e4ggningschefen f\u00f6r fabriken. Projektledare Tony Broman introducerade Absolicons robotiserade produktionslina f\u00f6r bes\u00f6karna och f\u00f6rklarade vilka f\u00f6rh\u00e5llanden [&hellip;]\" \/>\n<meta property=\"og:url\" content=\"https:\/\/www.agma.com\/sv\/delegation-fran-produktionsline-partnern-ideal-e-hos-absolicon-efter-att-ha-investerat-i-en-byggnad-i-italien-for-produktionslina-som-ska-tillverka-solfangare\/\" \/>\n<meta property=\"og:site_name\" content=\"Absolicon\" \/>\n<meta property=\"article:published_time\" content=\"2022-07-12T13:32:05+00:00\" \/>\n<meta name=\"author\" content=\"jakubschenk\" \/>\n<meta name=\"twitter:card\" content=\"summary_large_image\" \/>\n<meta name=\"twitter:label1\" content=\"Skriven av\" \/>\n\t<meta name=\"twitter:data1\" content=\"jakubschenk\" \/>\n<script type=\"application\/ld+json\" class=\"yoast-schema-graph\">{\"@context\":\"https:\\\/\\\/schema.org\",\"@graph\":[{\"@type\":\"Article\",\"@id\":\"https:\\\/\\\/www.agma.com\\\/sv\\\/delegation-fran-produktionsline-partnern-ideal-e-hos-absolicon-efter-att-ha-investerat-i-en-byggnad-i-italien-for-produktionslina-som-ska-tillverka-solfangare\\\/#article\",\"isPartOf\":{\"@id\":\"https:\\\/\\\/www.agma.com\\\/sv\\\/delegation-fran-produktionsline-partnern-ideal-e-hos-absolicon-efter-att-ha-investerat-i-en-byggnad-i-italien-for-produktionslina-som-ska-tillverka-solfangare\\\/\"},\"author\":{\"name\":\"jakubschenk\",\"@id\":\"https:\\\/\\\/www.agma.com\\\/sv\\\/#\\\/schema\\\/person\\\/6820b3ce1cc37edbaecc979090760d8b\"},\"headline\":\"Delegation fr\u00e5n produktionsline-partnern IDEAL-E hos Absolicon efter att ha investerat i en byggnad i Italien f\u00f6r produktionslina som ska tillverka solf\u00e5ngare\",\"datePublished\":\"2022-07-12T13:32:05+00:00\",\"mainEntityOfPage\":{\"@id\":\"https:\\\/\\\/www.agma.com\\\/sv\\\/delegation-fran-produktionsline-partnern-ideal-e-hos-absolicon-efter-att-ha-investerat-i-en-byggnad-i-italien-for-produktionslina-som-ska-tillverka-solfangare\\\/\"},\"wordCount\":201,\"commentCount\":0,\"publisher\":{\"@id\":\"https:\\\/\\\/www.agma.com\\\/sv\\\/#organization\"},\"articleSection\":[\"Pressrelease\"],\"inLanguage\":\"sv-SE\",\"potentialAction\":[{\"@type\":\"CommentAction\",\"name\":\"Comment\",\"target\":[\"https:\\\/\\\/www.agma.com\\\/sv\\\/delegation-fran-produktionsline-partnern-ideal-e-hos-absolicon-efter-att-ha-investerat-i-en-byggnad-i-italien-for-produktionslina-som-ska-tillverka-solfangare\\\/#respond\"]}]},{\"@type\":\"WebPage\",\"@id\":\"https:\\\/\\\/www.agma.com\\\/sv\\\/delegation-fran-produktionsline-partnern-ideal-e-hos-absolicon-efter-att-ha-investerat-i-en-byggnad-i-italien-for-produktionslina-som-ska-tillverka-solfangare\\\/\",\"url\":\"https:\\\/\\\/www.agma.com\\\/sv\\\/delegation-fran-produktionsline-partnern-ideal-e-hos-absolicon-efter-att-ha-investerat-i-en-byggnad-i-italien-for-produktionslina-som-ska-tillverka-solfangare\\\/\",\"name\":\"Delegation fr\u00e5n produktionsline-partnern IDEAL-E hos Absolicon efter att ha investerat i en byggnad i Italien f\u00f6r produktionslina som ska tillverka solf\u00e5ngare - Absolicon\",\"isPartOf\":{\"@id\":\"https:\\\/\\\/www.agma.com\\\/sv\\\/#website\"},\"datePublished\":\"2022-07-12T13:32:05+00:00\",\"breadcrumb\":{\"@id\":\"https:\\\/\\\/www.agma.com\\\/sv\\\/delegation-fran-produktionsline-partnern-ideal-e-hos-absolicon-efter-att-ha-investerat-i-en-byggnad-i-italien-for-produktionslina-som-ska-tillverka-solfangare\\\/#breadcrumb\"},\"inLanguage\":\"sv-SE\",\"potentialAction\":[{\"@type\":\"ReadAction\",\"target\":[\"https:\\\/\\\/www.agma.com\\\/sv\\\/delegation-fran-produktionsline-partnern-ideal-e-hos-absolicon-efter-att-ha-investerat-i-en-byggnad-i-italien-for-produktionslina-som-ska-tillverka-solfangare\\\/\"]}]},{\"@type\":\"BreadcrumbList\",\"@id\":\"https:\\\/\\\/www.agma.com\\\/sv\\\/delegation-fran-produktionsline-partnern-ideal-e-hos-absolicon-efter-att-ha-investerat-i-en-byggnad-i-italien-for-produktionslina-som-ska-tillverka-solfangare\\\/#breadcrumb\",\"itemListElement\":[{\"@type\":\"ListItem\",\"position\":1,\"name\":\"Home\",\"item\":\"https:\\\/\\\/www.agma.com\\\/sv\\\/\"},{\"@type\":\"ListItem\",\"position\":2,\"name\":\"Delegation fr\u00e5n produktionsline-partnern IDEAL-E hos Absolicon efter att ha investerat i en byggnad i Italien f\u00f6r produktionslina som ska tillverka solf\u00e5ngare\"}]},{\"@type\":\"WebSite\",\"@id\":\"https:\\\/\\\/www.agma.com\\\/sv\\\/#website\",\"url\":\"https:\\\/\\\/www.agma.com\\\/sv\\\/\",\"name\":\"Absolicon\",\"description\":\"\",\"publisher\":{\"@id\":\"https:\\\/\\\/www.agma.com\\\/sv\\\/#organization\"},\"potentialAction\":[{\"@type\":\"SearchAction\",\"target\":{\"@type\":\"EntryPoint\",\"urlTemplate\":\"https:\\\/\\\/www.agma.com\\\/sv\\\/?s={search_term_string}\"},\"query-input\":{\"@type\":\"PropertyValueSpecification\",\"valueRequired\":true,\"valueName\":\"search_term_string\"}}],\"inLanguage\":\"sv-SE\"},{\"@type\":\"Organization\",\"@id\":\"https:\\\/\\\/www.agma.com\\\/sv\\\/#organization\",\"name\":\"Absolicon\",\"url\":\"https:\\\/\\\/www.agma.com\\\/sv\\\/\",\"logo\":{\"@type\":\"ImageObject\",\"inLanguage\":\"sv-SE\",\"@id\":\"https:\\\/\\\/www.agma.com\\\/sv\\\/#\\\/schema\\\/logo\\\/image\\\/\",\"url\":\"https:\\\/\\\/www.agma.com\\\/wp-content\\\/uploads\\\/2026\\\/04\\\/logotype_neg_blk.svg\",\"contentUrl\":\"https:\\\/\\\/www.agma.com\\\/wp-content\\\/uploads\\\/2026\\\/04\\\/logotype_neg_blk.svg\",\"width\":705,\"height\":83,\"caption\":\"Absolicon\"},\"image\":{\"@id\":\"https:\\\/\\\/www.agma.com\\\/sv\\\/#\\\/schema\\\/logo\\\/image\\\/\"}},{\"@type\":\"Person\",\"@id\":\"https:\\\/\\\/www.agma.com\\\/sv\\\/#\\\/schema\\\/person\\\/6820b3ce1cc37edbaecc979090760d8b\",\"name\":\"jakubschenk\",\"image\":{\"@type\":\"ImageObject\",\"inLanguage\":\"sv-SE\",\"@id\":\"https:\\\/\\\/secure.gravatar.com\\\/avatar\\\/0ab843002d4a58702560e02354e5f9a3206e13bbfaa9df5a188e463870f605cd?s=96&d=mm&r=g\",\"url\":\"https:\\\/\\\/secure.gravatar.com\\\/avatar\\\/0ab843002d4a58702560e02354e5f9a3206e13bbfaa9df5a188e463870f605cd?s=96&d=mm&r=g\",\"contentUrl\":\"https:\\\/\\\/secure.gravatar.com\\\/avatar\\\/0ab843002d4a58702560e02354e5f9a3206e13bbfaa9df5a188e463870f605cd?s=96&d=mm&r=g\",\"caption\":\"jakubschenk\"},\"sameAs\":[\"https:\\\/\\\/www.agma.com\"],\"url\":\"https:\\\/\\\/www.agma.com\\\/sv\\\/author\\\/jakubschenk\\\/\"}]}<\/script>\n<!-- \/ Yoast SEO plugin. -->","yoast_head_json":{"title":"Delegation fr\u00e5n produktionsline-partnern IDEAL-E hos Absolicon efter att ha investerat i en byggnad i Italien f\u00f6r produktionslina som ska tillverka solf\u00e5ngare - Absolicon","robots":{"index":"index","follow":"follow","max-snippet":"max-snippet:-1","max-image-preview":"max-image-preview:large","max-video-preview":"max-video-preview:-1"},"canonical":"https:\/\/www.agma.com\/sv\/delegation-fran-produktionsline-partnern-ideal-e-hos-absolicon-efter-att-ha-investerat-i-en-byggnad-i-italien-for-produktionslina-som-ska-tillverka-solfangare\/","og_locale":"sv_SE","og_type":"article","og_title":"Delegation fr\u00e5n produktionsline-partnern IDEAL-E hos Absolicon efter att ha investerat i en byggnad i Italien f\u00f6r produktionslina som ska tillverka solf\u00e5ngare - Absolicon","og_description":"Tisdagen den 24 maj mottog Absolicons huvudkontor i H\u00e4rn\u00f6sand bes\u00f6k av representanter fr\u00e5n IDEAL-E. Det italienska f\u00f6retaget har redan investerat i en lokal d\u00e4r produktionslinan f\u00f6r Absolicons koncentrerade solf\u00e5ngare ska installeras. Bland medlemmarna i delegationen befann sig den framtida anl\u00e4ggningschefen f\u00f6r fabriken. Projektledare Tony Broman introducerade Absolicons robotiserade produktionslina f\u00f6r bes\u00f6karna och f\u00f6rklarade vilka f\u00f6rh\u00e5llanden [&hellip;]","og_url":"https:\/\/www.agma.com\/sv\/delegation-fran-produktionsline-partnern-ideal-e-hos-absolicon-efter-att-ha-investerat-i-en-byggnad-i-italien-for-produktionslina-som-ska-tillverka-solfangare\/","og_site_name":"Absolicon","article_published_time":"2022-07-12T13:32:05+00:00","author":"jakubschenk","twitter_card":"summary_large_image","twitter_misc":{"Skriven av":"jakubschenk"},"schema":{"@context":"https:\/\/schema.org","@graph":[{"@type":"Article","@id":"https:\/\/www.agma.com\/sv\/delegation-fran-produktionsline-partnern-ideal-e-hos-absolicon-efter-att-ha-investerat-i-en-byggnad-i-italien-for-produktionslina-som-ska-tillverka-solfangare\/#article","isPartOf":{"@id":"https:\/\/www.agma.com\/sv\/delegation-fran-produktionsline-partnern-ideal-e-hos-absolicon-efter-att-ha-investerat-i-en-byggnad-i-italien-for-produktionslina-som-ska-tillverka-solfangare\/"},"author":{"name":"jakubschenk","@id":"https:\/\/www.agma.com\/sv\/#\/schema\/person\/6820b3ce1cc37edbaecc979090760d8b"},"headline":"Delegation fr\u00e5n produktionsline-partnern IDEAL-E hos Absolicon efter att ha investerat i en byggnad i Italien f\u00f6r produktionslina som ska tillverka solf\u00e5ngare","datePublished":"2022-07-12T13:32:05+00:00","mainEntityOfPage":{"@id":"https:\/\/www.agma.com\/sv\/delegation-fran-produktionsline-partnern-ideal-e-hos-absolicon-efter-att-ha-investerat-i-en-byggnad-i-italien-for-produktionslina-som-ska-tillverka-solfangare\/"},"wordCount":201,"commentCount":0,"publisher":{"@id":"https:\/\/www.agma.com\/sv\/#organization"},"articleSection":["Pressrelease"],"inLanguage":"sv-SE","potentialAction":[{"@type":"CommentAction","name":"Comment","target":["https:\/\/www.agma.com\/sv\/delegation-fran-produktionsline-partnern-ideal-e-hos-absolicon-efter-att-ha-investerat-i-en-byggnad-i-italien-for-produktionslina-som-ska-tillverka-solfangare\/#respond"]}]},{"@type":"WebPage","@id":"https:\/\/www.agma.com\/sv\/delegation-fran-produktionsline-partnern-ideal-e-hos-absolicon-efter-att-ha-investerat-i-en-byggnad-i-italien-for-produktionslina-som-ska-tillverka-solfangare\/","url":"https:\/\/www.agma.com\/sv\/delegation-fran-produktionsline-partnern-ideal-e-hos-absolicon-efter-att-ha-investerat-i-en-byggnad-i-italien-for-produktionslina-som-ska-tillverka-solfangare\/","name":"Delegation fr\u00e5n produktionsline-partnern IDEAL-E hos Absolicon efter att ha investerat i en byggnad i Italien f\u00f6r produktionslina som ska tillverka solf\u00e5ngare - Absolicon","isPartOf":{"@id":"https:\/\/www.agma.com\/sv\/#website"},"datePublished":"2022-07-12T13:32:05+00:00","breadcrumb":{"@id":"https:\/\/www.agma.com\/sv\/delegation-fran-produktionsline-partnern-ideal-e-hos-absolicon-efter-att-ha-investerat-i-en-byggnad-i-italien-for-produktionslina-som-ska-tillverka-solfangare\/#breadcrumb"},"inLanguage":"sv-SE","potentialAction":[{"@type":"ReadAction","target":["https:\/\/www.agma.com\/sv\/delegation-fran-produktionsline-partnern-ideal-e-hos-absolicon-efter-att-ha-investerat-i-en-byggnad-i-italien-for-produktionslina-som-ska-tillverka-solfangare\/"]}]},{"@type":"BreadcrumbList","@id":"https:\/\/www.agma.com\/sv\/delegation-fran-produktionsline-partnern-ideal-e-hos-absolicon-efter-att-ha-investerat-i-en-byggnad-i-italien-for-produktionslina-som-ska-tillverka-solfangare\/#breadcrumb","itemListElement":[{"@type":"ListItem","position":1,"name":"Home","item":"https:\/\/www.agma.com\/sv\/"},{"@type":"ListItem","position":2,"name":"Delegation fr\u00e5n produktionsline-partnern IDEAL-E hos Absolicon efter att ha investerat i en byggnad i Italien f\u00f6r produktionslina som ska tillverka solf\u00e5ngare"}]},{"@type":"WebSite","@id":"https:\/\/www.agma.com\/sv\/#website","url":"https:\/\/www.agma.com\/sv\/","name":"Absolicon","description":"","publisher":{"@id":"https:\/\/www.agma.com\/sv\/#organization"},"potentialAction":[{"@type":"SearchAction","target":{"@type":"EntryPoint","urlTemplate":"https:\/\/www.agma.com\/sv\/?s={search_term_string}"},"query-input":{"@type":"PropertyValueSpecification","valueRequired":true,"valueName":"search_term_string"}}],"inLanguage":"sv-SE"},{"@type":"Organization","@id":"https:\/\/www.agma.com\/sv\/#organization","name":"Absolicon","url":"https:\/\/www.agma.com\/sv\/","logo":{"@type":"ImageObject","inLanguage":"sv-SE","@id":"https:\/\/www.agma.com\/sv\/#\/schema\/logo\/image\/","url":"https:\/\/www.agma.com\/wp-content\/uploads\/2026\/04\/logotype_neg_blk.svg","contentUrl":"https:\/\/www.agma.com\/wp-content\/uploads\/2026\/04\/logotype_neg_blk.svg","width":705,"height":83,"caption":"Absolicon"},"image":{"@id":"https:\/\/www.agma.com\/sv\/#\/schema\/logo\/image\/"}},{"@type":"Person","@id":"https:\/\/www.agma.com\/sv\/#\/schema\/person\/6820b3ce1cc37edbaecc979090760d8b","name":"jakubschenk","image":{"@type":"ImageObject","inLanguage":"sv-SE","@id":"https:\/\/secure.gravatar.com\/avatar\/0ab843002d4a58702560e02354e5f9a3206e13bbfaa9df5a188e463870f605cd?s=96&d=mm&r=g","url":"https:\/\/secure.gravatar.com\/avatar\/0ab843002d4a58702560e02354e5f9a3206e13bbfaa9df5a188e463870f605cd?s=96&d=mm&r=g","contentUrl":"https:\/\/secure.gravatar.com\/avatar\/0ab843002d4a58702560e02354e5f9a3206e13bbfaa9df5a188e463870f605cd?s=96&d=mm&r=g","caption":"jakubschenk"},"sameAs":["https:\/\/www.agma.com"],"url":"https:\/\/www.agma.com\/sv\/author\/jakubschenk\/"}]}},"_links":{"self":[{"href":"https:\/\/www.agma.com\/sv\/wp-json\/wp\/v2\/posts\/14061","targetHints":{"allow":["GET"]}}],"collection":[{"href":"https:\/\/www.agma.com\/sv\/wp-json\/wp\/v2\/posts"}],"about":[{"href":"https:\/\/www.agma.com\/sv\/wp-json\/wp\/v2\/types\/post"}],"author":[{"embeddable":true,"href":"https:\/\/www.agma.com\/sv\/wp-json\/wp\/v2\/users\/1"}],"replies":[{"embeddable":true,"href":"https:\/\/www.agma.com\/sv\/wp-json\/wp\/v2\/comments?post=14061"}],"version-history":[{"count":0,"href":"https:\/\/www.agma.com\/sv\/wp-json\/wp\/v2\/posts\/14061\/revisions"}],"wp:attachment":[{"href":"https:\/\/www.agma.com\/sv\/wp-json\/wp\/v2\/media?parent=14061"}],"wp:term":[{"taxonomy":"category","embeddable":true,"href":"https:\/\/www.agma.com\/sv\/wp-json\/wp\/v2\/categories?post=14061"},{"taxonomy":"post_tag","embeddable":true,"href":"https:\/\/www.agma.com\/sv\/wp-json\/wp\/v2\/tags?post=14061"}],"curies":[{"name":"wp","href":"https:\/\/api.w.org\/{rel}","templated":true}]}}