{"id":14063,"date":"2022-07-13T14:43:48","date_gmt":"2022-07-13T14:43:48","guid":{"rendered":"https:\/\/www.absolicon.com\/inforande-av-a-och-b-aktier\/"},"modified":"2022-08-11T08:29:31","modified_gmt":"2022-08-11T08:29:31","slug":"inforande-av-a-och-b-aktier","status":"publish","type":"post","link":"https:\/\/www.agma.com\/sv\/inforande-av-a-och-b-aktier\/","title":{"rendered":"Inf\u00f6rande av A- och B-aktier"},"content":{"rendered":"<p style=\"margin-bottom: 11px; margin-top: 12px;\"><span style=\"font-size: 12pt;\"><span style=\"font-family: arial,helvetica,sans-serif;\">Efter f\u00f6rslag i \u00e5rsst\u00e4mmans kallelse\u00a0<\/span><\/span><span style=\"font-size: 12pt;\"><span style=\"font-family: arial,helvetica,sans-serif;\">som skickades 13 maj 2022<\/span><\/span><span style=\"font-size: 12pt;\"><span style=\"font-family: arial,helvetica,sans-serif;\"> om inf\u00f6rande av A- och B-aktier och beslut p\u00e5 \u00e5rsst\u00e4mman 13 juni 2022 samt efter registrering av den nya bolagsordningen 1 juni 2022 kommer nu processen att starta. N\u00e4sta steg \u00e4r att alla aktier konverteras till B-aktier som f\u00e5r beteckningen ABSL B och ISIN nummer SE0018396947. B-aktien kommer forts\u00e4tta att handlas p\u00e5 Spotlight precis som vanligt.<\/span><\/span><\/p>\n<p style=\"margin-bottom: 11px;\"><span style=\"font-size: 12pt;\"><span style=\"font-family: arial,helvetica,sans-serif;\">Sista dag f\u00f6r handel i gamla v\u00e4rdepappret ABSL \u00e4r 19 juli 2022 och f\u00f6rsta dag f\u00f6r handel i ABSL B \u00e4r 20 juli 2022. Avst\u00e4mningsdag f\u00f6r byte av aktiesort \u00e4r den 21 juli 2022 och den nya B-aktien bokf\u00f6rs p\u00e5 innehavares VP-konton 22 juli 2022. S\u00e5 i praktiken sker det ingen handel i Absolicons aktie den 20 och 21 juli.<\/span><\/span><\/p>\n<p style=\"margin-bottom: 11px;\"><span style=\"font-size: 12pt;\"><span style=\"font-family: arial,helvetica,sans-serif;\">N\u00e4r det \u00e4r klart kommer det att sl\u00e4ppas ett nytt pressmeddelande med information om m\u00f6jligheten att konvertera B-aktier till A-aktier. A-aktierna \u00e4r r\u00f6ststarkare med 10 r\u00f6ster p\u00e5 varje aktie j\u00e4mf\u00f6rt med B-aktien som har en r\u00f6st, men A-aktien handlas inte p\u00e5 Spotlight. Ans\u00f6kan skall ske p\u00e5 en speciell blankett som fr\u00e5n b\u00f6rjan av augusti tillhandah\u00e5lls p\u00e5 Absolicons hemsida och ans\u00f6kan beh\u00f6ver ske f\u00f6re 1 september 2022.<\/span><\/span><\/p>\n<p style=\"margin-bottom: 11px;\"><span style=\"font-size: 12pt;\"><span style=\"font-family: arial,helvetica,sans-serif;\">Joakim Bystr\u00f6m, huvud\u00e4gare och vd i Absolicon, har meddelat att han avser konvertera alla de aktier som hans bolag Eniara AB \u00e4ger i Absolicon till r\u00f6ststarka A-aktier. Eniara AB \u00e4ger ca 6,7% av aktierna i Absolicon.<\/span><\/span><\/p>\n<p style=\"margin-bottom: 11px;\"><span style=\"font-size: 12pt;\"><span style=\"font-family: arial,helvetica,sans-serif;\">Om man efter att konverterat till A-aktier vill omvandla dem tillbaka till B-aktier, till exempel f\u00f6r att handla med dem p\u00e5 Spotlight Stock Market beh\u00f6ver man skicka en ans\u00f6kan till Absolicons styrelse om konvertering. Inkomna ans\u00f6kningar kommer samlas upp och hanteras l\u00f6pande p\u00e5 Absolicons styrelsem\u00f6ten. <\/span><\/span><\/p>\n<p>.<\/p>\n<p style=\"margin-bottom: 11px;\"><span style=\"font-size: 12pt;\"><span style=\"font-family: arial,helvetica,sans-serif;\">Klicka <a href=\"https:\/\/www.agma.com\/wp-content\/uploads\/2022\/08\/Blankett-f\u00f6r-omvandling-av-B-till-A-aktier-1.pdf\">h\u00e4r<\/a> f\u00f6r att ladda ner och fylla i blanketten:<\/span><\/span><\/p>\n<p><a href=\"https:\/\/www.agma.com\/wp-content\/uploads\/2022\/08\/Blankett-f\u00f6r-omvandling-av-B-till-A-aktier-1.pdf\"><img fetchpriority=\"high\" decoding=\"async\" class=\"alignnone size-medium wp-image-14082\" src=\"https:\/\/www.agma.com\/wp-content\/uploads\/2022\/08\/Tumb-A-och-B-aktier-215x300.jpg\" alt=\"\" width=\"215\" height=\"300\" srcset=\"https:\/\/www.agma.com\/wp-content\/uploads\/2022\/08\/Tumb-A-och-B-aktier-215x300.jpg 215w, https:\/\/www.agma.com\/wp-content\/uploads\/2022\/08\/Tumb-A-och-B-aktier.jpg 237w\" sizes=\"(max-width: 215px) 100vw, 215px\" \/><\/a><\/p>\n<p style=\"margin-bottom: 11px;\"><span style=\"font-size: 12pt;\"><span style=\"font-family: arial,helvetica,sans-serif;\">Vanliga fr\u00e5gor:<\/span><\/span><\/p>\n<p style=\"margin-bottom: 11px;\"><strong><span style=\"font-size: 12pt;\"><span style=\"font-family: arial,helvetica,sans-serif;\">Kan det bli olika v\u00e4rde p\u00e5 A- och B-aktier?<\/span><\/span><\/strong><\/p>\n<p>Grundprincipen \u00e4r att aktierna skall behandlas lika, b\u00e5da vad g\u00e4ller v\u00e4rde t.ex. vid \u00f6verl\u00e5telse av aktier och vad g\u00e4ller r\u00e4tt till utdelning<\/p>\n<p style=\"margin-bottom: 11px;\"><strong><span style=\"font-size: 12pt;\"><span style=\"font-family: arial,helvetica,sans-serif;\">Hur l\u00e5ng tid tar det att omvandla tillbaka A-aktier till B-aktier?<\/span><\/span><\/strong><\/p>\n<p>Ans\u00f6kan om omvandling kommer att tas upp l\u00f6pande p\u00e5 Absolicons ordinarie styrelsem\u00f6ten som h\u00e5lls ungef\u00e4r var annan m\u00e5nad.<\/p>\n","protected":false},"excerpt":{"rendered":"<p>Efter f\u00f6rslag i \u00e5rsst\u00e4mmans kallelse\u00a0som skickades 13 maj 2022 om inf\u00f6rande av A- och B-aktier och beslut p\u00e5 \u00e5rsst\u00e4mman 13 juni 2022 samt efter registrering av den nya bolagsordningen 1 juni 2022 kommer nu processen att starta. N\u00e4sta steg \u00e4r att alla aktier konverteras till B-aktier som f\u00e5r beteckningen ABSL B och ISIN nummer SE0018396947. [&hellip;]<\/p>\n","protected":false},"author":1,"featured_media":0,"comment_status":"open","ping_status":"open","sticky":false,"template":"","format":"standard","meta":{"_acf_changed":false,"footnotes":""},"categories":[23],"tags":[],"class_list":["post-14063","post","type-post","status-publish","format-standard","hentry","category-pressrelease"],"acf":[],"yoast_head":"<!-- This site is optimized with the Yoast SEO plugin v27.4 - https:\/\/yoast.com\/product\/yoast-seo-wordpress\/ -->\n<title>Inf\u00f6rande av A- och B-aktier - Absolicon<\/title>\n<meta name=\"robots\" content=\"index, follow, max-snippet:-1, max-image-preview:large, max-video-preview:-1\" \/>\n<link rel=\"canonical\" href=\"https:\/\/www.agma.com\/sv\/inforande-av-a-och-b-aktier\/\" \/>\n<meta property=\"og:locale\" content=\"sv_SE\" \/>\n<meta property=\"og:type\" content=\"article\" \/>\n<meta property=\"og:title\" content=\"Inf\u00f6rande av A- och B-aktier - Absolicon\" \/>\n<meta property=\"og:description\" content=\"Efter f\u00f6rslag i \u00e5rsst\u00e4mmans kallelse\u00a0som skickades 13 maj 2022 om inf\u00f6rande av A- och B-aktier och beslut p\u00e5 \u00e5rsst\u00e4mman 13 juni 2022 samt efter registrering av den nya bolagsordningen 1 juni 2022 kommer nu processen att starta. N\u00e4sta steg \u00e4r att alla aktier konverteras till B-aktier som f\u00e5r beteckningen ABSL B och ISIN nummer SE0018396947. [&hellip;]\" \/>\n<meta property=\"og:url\" content=\"https:\/\/www.agma.com\/sv\/inforande-av-a-och-b-aktier\/\" \/>\n<meta property=\"og:site_name\" content=\"Absolicon\" \/>\n<meta property=\"article:published_time\" content=\"2022-07-13T14:43:48+00:00\" \/>\n<meta property=\"article:modified_time\" content=\"2022-08-11T08:29:31+00:00\" \/>\n<meta property=\"og:image\" content=\"https:\/\/www.agma.com\/wp-content\/uploads\/2022\/08\/Tumb-A-och-B-aktier-215x300.jpg\" \/>\n<meta name=\"author\" content=\"jakubschenk\" \/>\n<meta name=\"twitter:card\" content=\"summary_large_image\" \/>\n<meta name=\"twitter:label1\" content=\"Skriven av\" \/>\n\t<meta name=\"twitter:data1\" content=\"jakubschenk\" \/>\n<script type=\"application\/ld+json\" class=\"yoast-schema-graph\">{\"@context\":\"https:\\\/\\\/schema.org\",\"@graph\":[{\"@type\":\"Article\",\"@id\":\"https:\\\/\\\/www.agma.com\\\/sv\\\/inforande-av-a-och-b-aktier\\\/#article\",\"isPartOf\":{\"@id\":\"https:\\\/\\\/www.agma.com\\\/sv\\\/inforande-av-a-och-b-aktier\\\/\"},\"author\":{\"name\":\"jakubschenk\",\"@id\":\"https:\\\/\\\/www.agma.com\\\/sv\\\/#\\\/schema\\\/person\\\/6820b3ce1cc37edbaecc979090760d8b\"},\"headline\":\"Inf\u00f6rande av A- och B-aktier\",\"datePublished\":\"2022-07-13T14:43:48+00:00\",\"dateModified\":\"2022-08-11T08:29:31+00:00\",\"mainEntityOfPage\":{\"@id\":\"https:\\\/\\\/www.agma.com\\\/sv\\\/inforande-av-a-och-b-aktier\\\/\"},\"wordCount\":387,\"commentCount\":0,\"publisher\":{\"@id\":\"https:\\\/\\\/www.agma.com\\\/sv\\\/#organization\"},\"image\":{\"@id\":\"https:\\\/\\\/www.agma.com\\\/sv\\\/inforande-av-a-och-b-aktier\\\/#primaryimage\"},\"thumbnailUrl\":\"https:\\\/\\\/www.agma.com\\\/wp-content\\\/uploads\\\/2022\\\/08\\\/Tumb-A-och-B-aktier-215x300.jpg\",\"articleSection\":[\"Pressrelease\"],\"inLanguage\":\"sv-SE\",\"potentialAction\":[{\"@type\":\"CommentAction\",\"name\":\"Comment\",\"target\":[\"https:\\\/\\\/www.agma.com\\\/sv\\\/inforande-av-a-och-b-aktier\\\/#respond\"]}]},{\"@type\":\"WebPage\",\"@id\":\"https:\\\/\\\/www.agma.com\\\/sv\\\/inforande-av-a-och-b-aktier\\\/\",\"url\":\"https:\\\/\\\/www.agma.com\\\/sv\\\/inforande-av-a-och-b-aktier\\\/\",\"name\":\"Inf\u00f6rande av A- och B-aktier - Absolicon\",\"isPartOf\":{\"@id\":\"https:\\\/\\\/www.agma.com\\\/sv\\\/#website\"},\"primaryImageOfPage\":{\"@id\":\"https:\\\/\\\/www.agma.com\\\/sv\\\/inforande-av-a-och-b-aktier\\\/#primaryimage\"},\"image\":{\"@id\":\"https:\\\/\\\/www.agma.com\\\/sv\\\/inforande-av-a-och-b-aktier\\\/#primaryimage\"},\"thumbnailUrl\":\"https:\\\/\\\/www.agma.com\\\/wp-content\\\/uploads\\\/2022\\\/08\\\/Tumb-A-och-B-aktier-215x300.jpg\",\"datePublished\":\"2022-07-13T14:43:48+00:00\",\"dateModified\":\"2022-08-11T08:29:31+00:00\",\"breadcrumb\":{\"@id\":\"https:\\\/\\\/www.agma.com\\\/sv\\\/inforande-av-a-och-b-aktier\\\/#breadcrumb\"},\"inLanguage\":\"sv-SE\",\"potentialAction\":[{\"@type\":\"ReadAction\",\"target\":[\"https:\\\/\\\/www.agma.com\\\/sv\\\/inforande-av-a-och-b-aktier\\\/\"]}]},{\"@type\":\"ImageObject\",\"inLanguage\":\"sv-SE\",\"@id\":\"https:\\\/\\\/www.agma.com\\\/sv\\\/inforande-av-a-och-b-aktier\\\/#primaryimage\",\"url\":\"https:\\\/\\\/www.agma.com\\\/wp-content\\\/uploads\\\/2022\\\/08\\\/Tumb-A-och-B-aktier-215x300.jpg\",\"contentUrl\":\"https:\\\/\\\/www.agma.com\\\/wp-content\\\/uploads\\\/2022\\\/08\\\/Tumb-A-och-B-aktier-215x300.jpg\"},{\"@type\":\"BreadcrumbList\",\"@id\":\"https:\\\/\\\/www.agma.com\\\/sv\\\/inforande-av-a-och-b-aktier\\\/#breadcrumb\",\"itemListElement\":[{\"@type\":\"ListItem\",\"position\":1,\"name\":\"Home\",\"item\":\"https:\\\/\\\/www.agma.com\\\/sv\\\/\"},{\"@type\":\"ListItem\",\"position\":2,\"name\":\"Inf\u00f6rande av A- och B-aktier\"}]},{\"@type\":\"WebSite\",\"@id\":\"https:\\\/\\\/www.agma.com\\\/sv\\\/#website\",\"url\":\"https:\\\/\\\/www.agma.com\\\/sv\\\/\",\"name\":\"Absolicon\",\"description\":\"\",\"publisher\":{\"@id\":\"https:\\\/\\\/www.agma.com\\\/sv\\\/#organization\"},\"potentialAction\":[{\"@type\":\"SearchAction\",\"target\":{\"@type\":\"EntryPoint\",\"urlTemplate\":\"https:\\\/\\\/www.agma.com\\\/sv\\\/?s={search_term_string}\"},\"query-input\":{\"@type\":\"PropertyValueSpecification\",\"valueRequired\":true,\"valueName\":\"search_term_string\"}}],\"inLanguage\":\"sv-SE\"},{\"@type\":\"Organization\",\"@id\":\"https:\\\/\\\/www.agma.com\\\/sv\\\/#organization\",\"name\":\"Absolicon\",\"url\":\"https:\\\/\\\/www.agma.com\\\/sv\\\/\",\"logo\":{\"@type\":\"ImageObject\",\"inLanguage\":\"sv-SE\",\"@id\":\"https:\\\/\\\/www.agma.com\\\/sv\\\/#\\\/schema\\\/logo\\\/image\\\/\",\"url\":\"https:\\\/\\\/www.agma.com\\\/wp-content\\\/uploads\\\/2026\\\/04\\\/logotype_neg_blk.svg\",\"contentUrl\":\"https:\\\/\\\/www.agma.com\\\/wp-content\\\/uploads\\\/2026\\\/04\\\/logotype_neg_blk.svg\",\"width\":705,\"height\":83,\"caption\":\"Absolicon\"},\"image\":{\"@id\":\"https:\\\/\\\/www.agma.com\\\/sv\\\/#\\\/schema\\\/logo\\\/image\\\/\"}},{\"@type\":\"Person\",\"@id\":\"https:\\\/\\\/www.agma.com\\\/sv\\\/#\\\/schema\\\/person\\\/6820b3ce1cc37edbaecc979090760d8b\",\"name\":\"jakubschenk\",\"image\":{\"@type\":\"ImageObject\",\"inLanguage\":\"sv-SE\",\"@id\":\"https:\\\/\\\/secure.gravatar.com\\\/avatar\\\/0ab843002d4a58702560e02354e5f9a3206e13bbfaa9df5a188e463870f605cd?s=96&d=mm&r=g\",\"url\":\"https:\\\/\\\/secure.gravatar.com\\\/avatar\\\/0ab843002d4a58702560e02354e5f9a3206e13bbfaa9df5a188e463870f605cd?s=96&d=mm&r=g\",\"contentUrl\":\"https:\\\/\\\/secure.gravatar.com\\\/avatar\\\/0ab843002d4a58702560e02354e5f9a3206e13bbfaa9df5a188e463870f605cd?s=96&d=mm&r=g\",\"caption\":\"jakubschenk\"},\"sameAs\":[\"https:\\\/\\\/www.agma.com\"],\"url\":\"https:\\\/\\\/www.agma.com\\\/sv\\\/author\\\/jakubschenk\\\/\"}]}<\/script>\n<!-- \/ Yoast SEO plugin. -->","yoast_head_json":{"title":"Inf\u00f6rande av A- och B-aktier - Absolicon","robots":{"index":"index","follow":"follow","max-snippet":"max-snippet:-1","max-image-preview":"max-image-preview:large","max-video-preview":"max-video-preview:-1"},"canonical":"https:\/\/www.agma.com\/sv\/inforande-av-a-och-b-aktier\/","og_locale":"sv_SE","og_type":"article","og_title":"Inf\u00f6rande av A- och B-aktier - Absolicon","og_description":"Efter f\u00f6rslag i \u00e5rsst\u00e4mmans kallelse\u00a0som skickades 13 maj 2022 om inf\u00f6rande av A- och B-aktier och beslut p\u00e5 \u00e5rsst\u00e4mman 13 juni 2022 samt efter registrering av den nya bolagsordningen 1 juni 2022 kommer nu processen att starta. N\u00e4sta steg \u00e4r att alla aktier konverteras till B-aktier som f\u00e5r beteckningen ABSL B och ISIN nummer SE0018396947. [&hellip;]","og_url":"https:\/\/www.agma.com\/sv\/inforande-av-a-och-b-aktier\/","og_site_name":"Absolicon","article_published_time":"2022-07-13T14:43:48+00:00","article_modified_time":"2022-08-11T08:29:31+00:00","og_image":[{"url":"https:\/\/www.agma.com\/wp-content\/uploads\/2022\/08\/Tumb-A-och-B-aktier-215x300.jpg","type":"","width":"","height":""}],"author":"jakubschenk","twitter_card":"summary_large_image","twitter_misc":{"Skriven av":"jakubschenk"},"schema":{"@context":"https:\/\/schema.org","@graph":[{"@type":"Article","@id":"https:\/\/www.agma.com\/sv\/inforande-av-a-och-b-aktier\/#article","isPartOf":{"@id":"https:\/\/www.agma.com\/sv\/inforande-av-a-och-b-aktier\/"},"author":{"name":"jakubschenk","@id":"https:\/\/www.agma.com\/sv\/#\/schema\/person\/6820b3ce1cc37edbaecc979090760d8b"},"headline":"Inf\u00f6rande av A- och B-aktier","datePublished":"2022-07-13T14:43:48+00:00","dateModified":"2022-08-11T08:29:31+00:00","mainEntityOfPage":{"@id":"https:\/\/www.agma.com\/sv\/inforande-av-a-och-b-aktier\/"},"wordCount":387,"commentCount":0,"publisher":{"@id":"https:\/\/www.agma.com\/sv\/#organization"},"image":{"@id":"https:\/\/www.agma.com\/sv\/inforande-av-a-och-b-aktier\/#primaryimage"},"thumbnailUrl":"https:\/\/www.agma.com\/wp-content\/uploads\/2022\/08\/Tumb-A-och-B-aktier-215x300.jpg","articleSection":["Pressrelease"],"inLanguage":"sv-SE","potentialAction":[{"@type":"CommentAction","name":"Comment","target":["https:\/\/www.agma.com\/sv\/inforande-av-a-och-b-aktier\/#respond"]}]},{"@type":"WebPage","@id":"https:\/\/www.agma.com\/sv\/inforande-av-a-och-b-aktier\/","url":"https:\/\/www.agma.com\/sv\/inforande-av-a-och-b-aktier\/","name":"Inf\u00f6rande av A- och B-aktier - Absolicon","isPartOf":{"@id":"https:\/\/www.agma.com\/sv\/#website"},"primaryImageOfPage":{"@id":"https:\/\/www.agma.com\/sv\/inforande-av-a-och-b-aktier\/#primaryimage"},"image":{"@id":"https:\/\/www.agma.com\/sv\/inforande-av-a-och-b-aktier\/#primaryimage"},"thumbnailUrl":"https:\/\/www.agma.com\/wp-content\/uploads\/2022\/08\/Tumb-A-och-B-aktier-215x300.jpg","datePublished":"2022-07-13T14:43:48+00:00","dateModified":"2022-08-11T08:29:31+00:00","breadcrumb":{"@id":"https:\/\/www.agma.com\/sv\/inforande-av-a-och-b-aktier\/#breadcrumb"},"inLanguage":"sv-SE","potentialAction":[{"@type":"ReadAction","target":["https:\/\/www.agma.com\/sv\/inforande-av-a-och-b-aktier\/"]}]},{"@type":"ImageObject","inLanguage":"sv-SE","@id":"https:\/\/www.agma.com\/sv\/inforande-av-a-och-b-aktier\/#primaryimage","url":"https:\/\/www.agma.com\/wp-content\/uploads\/2022\/08\/Tumb-A-och-B-aktier-215x300.jpg","contentUrl":"https:\/\/www.agma.com\/wp-content\/uploads\/2022\/08\/Tumb-A-och-B-aktier-215x300.jpg"},{"@type":"BreadcrumbList","@id":"https:\/\/www.agma.com\/sv\/inforande-av-a-och-b-aktier\/#breadcrumb","itemListElement":[{"@type":"ListItem","position":1,"name":"Home","item":"https:\/\/www.agma.com\/sv\/"},{"@type":"ListItem","position":2,"name":"Inf\u00f6rande av A- och B-aktier"}]},{"@type":"WebSite","@id":"https:\/\/www.agma.com\/sv\/#website","url":"https:\/\/www.agma.com\/sv\/","name":"Absolicon","description":"","publisher":{"@id":"https:\/\/www.agma.com\/sv\/#organization"},"potentialAction":[{"@type":"SearchAction","target":{"@type":"EntryPoint","urlTemplate":"https:\/\/www.agma.com\/sv\/?s={search_term_string}"},"query-input":{"@type":"PropertyValueSpecification","valueRequired":true,"valueName":"search_term_string"}}],"inLanguage":"sv-SE"},{"@type":"Organization","@id":"https:\/\/www.agma.com\/sv\/#organization","name":"Absolicon","url":"https:\/\/www.agma.com\/sv\/","logo":{"@type":"ImageObject","inLanguage":"sv-SE","@id":"https:\/\/www.agma.com\/sv\/#\/schema\/logo\/image\/","url":"https:\/\/www.agma.com\/wp-content\/uploads\/2026\/04\/logotype_neg_blk.svg","contentUrl":"https:\/\/www.agma.com\/wp-content\/uploads\/2026\/04\/logotype_neg_blk.svg","width":705,"height":83,"caption":"Absolicon"},"image":{"@id":"https:\/\/www.agma.com\/sv\/#\/schema\/logo\/image\/"}},{"@type":"Person","@id":"https:\/\/www.agma.com\/sv\/#\/schema\/person\/6820b3ce1cc37edbaecc979090760d8b","name":"jakubschenk","image":{"@type":"ImageObject","inLanguage":"sv-SE","@id":"https:\/\/secure.gravatar.com\/avatar\/0ab843002d4a58702560e02354e5f9a3206e13bbfaa9df5a188e463870f605cd?s=96&d=mm&r=g","url":"https:\/\/secure.gravatar.com\/avatar\/0ab843002d4a58702560e02354e5f9a3206e13bbfaa9df5a188e463870f605cd?s=96&d=mm&r=g","contentUrl":"https:\/\/secure.gravatar.com\/avatar\/0ab843002d4a58702560e02354e5f9a3206e13bbfaa9df5a188e463870f605cd?s=96&d=mm&r=g","caption":"jakubschenk"},"sameAs":["https:\/\/www.agma.com"],"url":"https:\/\/www.agma.com\/sv\/author\/jakubschenk\/"}]}},"_links":{"self":[{"href":"https:\/\/www.agma.com\/sv\/wp-json\/wp\/v2\/posts\/14063","targetHints":{"allow":["GET"]}}],"collection":[{"href":"https:\/\/www.agma.com\/sv\/wp-json\/wp\/v2\/posts"}],"about":[{"href":"https:\/\/www.agma.com\/sv\/wp-json\/wp\/v2\/types\/post"}],"author":[{"embeddable":true,"href":"https:\/\/www.agma.com\/sv\/wp-json\/wp\/v2\/users\/1"}],"replies":[{"embeddable":true,"href":"https:\/\/www.agma.com\/sv\/wp-json\/wp\/v2\/comments?post=14063"}],"version-history":[{"count":4,"href":"https:\/\/www.agma.com\/sv\/wp-json\/wp\/v2\/posts\/14063\/revisions"}],"predecessor-version":[{"id":14091,"href":"https:\/\/www.agma.com\/sv\/wp-json\/wp\/v2\/posts\/14063\/revisions\/14091"}],"wp:attachment":[{"href":"https:\/\/www.agma.com\/sv\/wp-json\/wp\/v2\/media?parent=14063"}],"wp:term":[{"taxonomy":"category","embeddable":true,"href":"https:\/\/www.agma.com\/sv\/wp-json\/wp\/v2\/categories?post=14063"},{"taxonomy":"post_tag","embeddable":true,"href":"https:\/\/www.agma.com\/sv\/wp-json\/wp\/v2\/tags?post=14063"}],"curies":[{"name":"wp","href":"https:\/\/api.w.org\/{rel}","templated":true}]}}