{"id":14065,"date":"2022-07-15T10:00:18","date_gmt":"2022-07-15T10:00:18","guid":{"rendered":"https:\/\/www.absolicon.com\/finansiering-fran-resilient-till-solvarmeforskning-i-umea\/"},"modified":"2022-07-15T10:00:18","modified_gmt":"2022-07-15T10:00:18","slug":"finansiering-fran-resilient-till-solvarmeforskning-i-umea","status":"publish","type":"post","link":"https:\/\/www.agma.com\/sv\/finansiering-fran-resilient-till-solvarmeforskning-i-umea\/","title":{"rendered":"Finansiering fr\u00e5n Resilient till solv\u00e4rmeforskning i Ume\u00e5"},"content":{"rendered":"<p style=\"margin-bottom:11px;margin-top:12px\"><span><span><span style=\"font-family:arial,helvetica,sans-serif\"><span style=\"font-size:12pt\"><span>Den 9 juni meddelade Absolicon att f\u00f6retaget kommer delfinansiera en ny industridoktorandtj\u00e4nst hos forskningsgruppen som skall arbeta med storskalig solv\u00e4rme f\u00f6r fj\u00e4rrv\u00e4rmen\u00e4t. D\u00e4refter har Absolicon och Institutionen f\u00f6r Till\u00e4mpad fysik och elektronik vid Ume\u00e5 Universitet ans\u00f6kt om medel f\u00f6r att ytterligare ut\u00f6ka forskningsgruppen.<\/span><\/span><\/span><\/span><\/span><\/p>\n<p style=\"margin-bottom:11px\"><span><span><span style=\"font-family:arial,helvetica,sans-serif\"><span style=\"font-size:12pt\"><span>Nu har kompetenscentret Resilient, d\u00e4r b\u00e5de Ume\u00e5 universitet och Absolicon ing\u00e5r, beslutat att ge forskningsgruppen 2,8 miljoner kronor f\u00f6r att arbeta med projektet \u201dIntegration of solar concentrating collectors in district heating systems in high latitude regions\u201d.<\/span><\/span><\/span><\/span><\/span><\/p>\n<p style=\"margin-bottom:11px\"><span><span><span style=\"font-family:arial,helvetica,sans-serif\"><span style=\"font-size:12pt\"><span>Projektet skall visa hur solv\u00e4rme optimalt kan integreras i svenska fj\u00e4rrv\u00e4rmen\u00e4t med h\u00e4nsyn till alternativ br\u00e4nslekostnad, fj\u00e4rrv\u00e4rmebolagens inst\u00e4llning till solv\u00e4rme, samt studera hur v\u00e4xthuseffekten potentiellt kan minska genom att integrera solv\u00e4rme med fj\u00e4rrv\u00e4rme och systeml\u00f6sningar d\u00e4r solv\u00e4rmen lagras fr\u00e5n sommar till vinter i s\u00e4songslager.<\/span><\/span><\/span><\/span><\/span><\/p>\n<p style=\"margin-bottom:11px\"><span><span><span style=\"font-family:arial,helvetica,sans-serif\"><span style=\"font-size:12pt\"><span>Resultatet av projektet skulle kunna utg\u00f6ra en del i en strategi f\u00f6r ett &#8221;Fossilfritt Sverige&#8221; f\u00f6r att n\u00e5 landets nollutsl\u00e4ppsm\u00e5l \u00e5r 2045.<\/span><\/span><\/span><\/span><\/span><\/p>\n<p style=\"margin-bottom:11px\"><span><span><span style=\"font-family:arial,helvetica,sans-serif\"><span style=\"font-size:12pt\"><span>Kompetenscentret Resilient \u00e4r sammansatt av fem forskningsorganisationer samt drygt 30 f\u00f6retag och offentliga akt\u00f6rer. Det finansieras till en tredjedel av Energimyndigheten och en tredjedel av medverkande f\u00f6retag och offentliga organisationer. Den siste tredjedelen finansieras av deltagande l\u00e4ros\u00e4ten.<\/span><\/span><\/span><\/span><\/span><\/p>\n","protected":false},"excerpt":{"rendered":"<p>Den 9 juni meddelade Absolicon att f\u00f6retaget kommer delfinansiera en ny industridoktorandtj\u00e4nst hos forskningsgruppen som skall arbeta med storskalig solv\u00e4rme f\u00f6r fj\u00e4rrv\u00e4rmen\u00e4t. D\u00e4refter har Absolicon och Institutionen f\u00f6r Till\u00e4mpad fysik och elektronik vid Ume\u00e5 Universitet ans\u00f6kt om medel f\u00f6r att ytterligare ut\u00f6ka forskningsgruppen. Nu har kompetenscentret Resilient, d\u00e4r b\u00e5de Ume\u00e5 universitet och Absolicon ing\u00e5r, beslutat [&hellip;]<\/p>\n","protected":false},"author":1,"featured_media":0,"comment_status":"open","ping_status":"open","sticky":false,"template":"","format":"standard","meta":{"_acf_changed":false,"footnotes":""},"categories":[23],"tags":[],"class_list":["post-14065","post","type-post","status-publish","format-standard","hentry","category-pressrelease"],"acf":[],"yoast_head":"<!-- This site is optimized with the Yoast SEO plugin v27.4 - https:\/\/yoast.com\/product\/yoast-seo-wordpress\/ -->\n<title>Finansiering fr\u00e5n Resilient till solv\u00e4rmeforskning i Ume\u00e5 - Absolicon<\/title>\n<meta name=\"robots\" content=\"index, follow, max-snippet:-1, max-image-preview:large, max-video-preview:-1\" \/>\n<link rel=\"canonical\" href=\"https:\/\/www.agma.com\/sv\/finansiering-fran-resilient-till-solvarmeforskning-i-umea\/\" \/>\n<meta property=\"og:locale\" content=\"sv_SE\" \/>\n<meta property=\"og:type\" content=\"article\" \/>\n<meta property=\"og:title\" content=\"Finansiering fr\u00e5n Resilient till solv\u00e4rmeforskning i Ume\u00e5 - Absolicon\" \/>\n<meta property=\"og:description\" content=\"Den 9 juni meddelade Absolicon att f\u00f6retaget kommer delfinansiera en ny industridoktorandtj\u00e4nst hos forskningsgruppen som skall arbeta med storskalig solv\u00e4rme f\u00f6r fj\u00e4rrv\u00e4rmen\u00e4t. D\u00e4refter har Absolicon och Institutionen f\u00f6r Till\u00e4mpad fysik och elektronik vid Ume\u00e5 Universitet ans\u00f6kt om medel f\u00f6r att ytterligare ut\u00f6ka forskningsgruppen. Nu har kompetenscentret Resilient, d\u00e4r b\u00e5de Ume\u00e5 universitet och Absolicon ing\u00e5r, beslutat [&hellip;]\" \/>\n<meta property=\"og:url\" content=\"https:\/\/www.agma.com\/sv\/finansiering-fran-resilient-till-solvarmeforskning-i-umea\/\" \/>\n<meta property=\"og:site_name\" content=\"Absolicon\" \/>\n<meta property=\"article:published_time\" content=\"2022-07-15T10:00:18+00:00\" \/>\n<meta name=\"author\" content=\"jakubschenk\" \/>\n<meta name=\"twitter:card\" content=\"summary_large_image\" \/>\n<meta name=\"twitter:label1\" content=\"Skriven av\" \/>\n\t<meta name=\"twitter:data1\" content=\"jakubschenk\" \/>\n<script type=\"application\/ld+json\" class=\"yoast-schema-graph\">{\"@context\":\"https:\\\/\\\/schema.org\",\"@graph\":[{\"@type\":\"Article\",\"@id\":\"https:\\\/\\\/www.agma.com\\\/sv\\\/finansiering-fran-resilient-till-solvarmeforskning-i-umea\\\/#article\",\"isPartOf\":{\"@id\":\"https:\\\/\\\/www.agma.com\\\/sv\\\/finansiering-fran-resilient-till-solvarmeforskning-i-umea\\\/\"},\"author\":{\"name\":\"jakubschenk\",\"@id\":\"https:\\\/\\\/www.agma.com\\\/sv\\\/#\\\/schema\\\/person\\\/6820b3ce1cc37edbaecc979090760d8b\"},\"headline\":\"Finansiering fr\u00e5n Resilient till solv\u00e4rmeforskning i Ume\u00e5\",\"datePublished\":\"2022-07-15T10:00:18+00:00\",\"mainEntityOfPage\":{\"@id\":\"https:\\\/\\\/www.agma.com\\\/sv\\\/finansiering-fran-resilient-till-solvarmeforskning-i-umea\\\/\"},\"wordCount\":233,\"commentCount\":0,\"publisher\":{\"@id\":\"https:\\\/\\\/www.agma.com\\\/sv\\\/#organization\"},\"articleSection\":[\"Pressrelease\"],\"inLanguage\":\"sv-SE\",\"potentialAction\":[{\"@type\":\"CommentAction\",\"name\":\"Comment\",\"target\":[\"https:\\\/\\\/www.agma.com\\\/sv\\\/finansiering-fran-resilient-till-solvarmeforskning-i-umea\\\/#respond\"]}]},{\"@type\":\"WebPage\",\"@id\":\"https:\\\/\\\/www.agma.com\\\/sv\\\/finansiering-fran-resilient-till-solvarmeforskning-i-umea\\\/\",\"url\":\"https:\\\/\\\/www.agma.com\\\/sv\\\/finansiering-fran-resilient-till-solvarmeforskning-i-umea\\\/\",\"name\":\"Finansiering fr\u00e5n Resilient till solv\u00e4rmeforskning i Ume\u00e5 - Absolicon\",\"isPartOf\":{\"@id\":\"https:\\\/\\\/www.agma.com\\\/sv\\\/#website\"},\"datePublished\":\"2022-07-15T10:00:18+00:00\",\"breadcrumb\":{\"@id\":\"https:\\\/\\\/www.agma.com\\\/sv\\\/finansiering-fran-resilient-till-solvarmeforskning-i-umea\\\/#breadcrumb\"},\"inLanguage\":\"sv-SE\",\"potentialAction\":[{\"@type\":\"ReadAction\",\"target\":[\"https:\\\/\\\/www.agma.com\\\/sv\\\/finansiering-fran-resilient-till-solvarmeforskning-i-umea\\\/\"]}]},{\"@type\":\"BreadcrumbList\",\"@id\":\"https:\\\/\\\/www.agma.com\\\/sv\\\/finansiering-fran-resilient-till-solvarmeforskning-i-umea\\\/#breadcrumb\",\"itemListElement\":[{\"@type\":\"ListItem\",\"position\":1,\"name\":\"Home\",\"item\":\"https:\\\/\\\/www.agma.com\\\/sv\\\/\"},{\"@type\":\"ListItem\",\"position\":2,\"name\":\"Finansiering fr\u00e5n Resilient till solv\u00e4rmeforskning i Ume\u00e5\"}]},{\"@type\":\"WebSite\",\"@id\":\"https:\\\/\\\/www.agma.com\\\/sv\\\/#website\",\"url\":\"https:\\\/\\\/www.agma.com\\\/sv\\\/\",\"name\":\"Absolicon\",\"description\":\"\",\"publisher\":{\"@id\":\"https:\\\/\\\/www.agma.com\\\/sv\\\/#organization\"},\"potentialAction\":[{\"@type\":\"SearchAction\",\"target\":{\"@type\":\"EntryPoint\",\"urlTemplate\":\"https:\\\/\\\/www.agma.com\\\/sv\\\/?s={search_term_string}\"},\"query-input\":{\"@type\":\"PropertyValueSpecification\",\"valueRequired\":true,\"valueName\":\"search_term_string\"}}],\"inLanguage\":\"sv-SE\"},{\"@type\":\"Organization\",\"@id\":\"https:\\\/\\\/www.agma.com\\\/sv\\\/#organization\",\"name\":\"Absolicon\",\"url\":\"https:\\\/\\\/www.agma.com\\\/sv\\\/\",\"logo\":{\"@type\":\"ImageObject\",\"inLanguage\":\"sv-SE\",\"@id\":\"https:\\\/\\\/www.agma.com\\\/sv\\\/#\\\/schema\\\/logo\\\/image\\\/\",\"url\":\"https:\\\/\\\/www.agma.com\\\/wp-content\\\/uploads\\\/2026\\\/04\\\/logotype_neg_blk.svg\",\"contentUrl\":\"https:\\\/\\\/www.agma.com\\\/wp-content\\\/uploads\\\/2026\\\/04\\\/logotype_neg_blk.svg\",\"width\":705,\"height\":83,\"caption\":\"Absolicon\"},\"image\":{\"@id\":\"https:\\\/\\\/www.agma.com\\\/sv\\\/#\\\/schema\\\/logo\\\/image\\\/\"}},{\"@type\":\"Person\",\"@id\":\"https:\\\/\\\/www.agma.com\\\/sv\\\/#\\\/schema\\\/person\\\/6820b3ce1cc37edbaecc979090760d8b\",\"name\":\"jakubschenk\",\"image\":{\"@type\":\"ImageObject\",\"inLanguage\":\"sv-SE\",\"@id\":\"https:\\\/\\\/secure.gravatar.com\\\/avatar\\\/0ab843002d4a58702560e02354e5f9a3206e13bbfaa9df5a188e463870f605cd?s=96&d=mm&r=g\",\"url\":\"https:\\\/\\\/secure.gravatar.com\\\/avatar\\\/0ab843002d4a58702560e02354e5f9a3206e13bbfaa9df5a188e463870f605cd?s=96&d=mm&r=g\",\"contentUrl\":\"https:\\\/\\\/secure.gravatar.com\\\/avatar\\\/0ab843002d4a58702560e02354e5f9a3206e13bbfaa9df5a188e463870f605cd?s=96&d=mm&r=g\",\"caption\":\"jakubschenk\"},\"sameAs\":[\"https:\\\/\\\/www.agma.com\"],\"url\":\"https:\\\/\\\/www.agma.com\\\/sv\\\/author\\\/jakubschenk\\\/\"}]}<\/script>\n<!-- \/ Yoast SEO plugin. -->","yoast_head_json":{"title":"Finansiering fr\u00e5n Resilient till solv\u00e4rmeforskning i Ume\u00e5 - Absolicon","robots":{"index":"index","follow":"follow","max-snippet":"max-snippet:-1","max-image-preview":"max-image-preview:large","max-video-preview":"max-video-preview:-1"},"canonical":"https:\/\/www.agma.com\/sv\/finansiering-fran-resilient-till-solvarmeforskning-i-umea\/","og_locale":"sv_SE","og_type":"article","og_title":"Finansiering fr\u00e5n Resilient till solv\u00e4rmeforskning i Ume\u00e5 - Absolicon","og_description":"Den 9 juni meddelade Absolicon att f\u00f6retaget kommer delfinansiera en ny industridoktorandtj\u00e4nst hos forskningsgruppen som skall arbeta med storskalig solv\u00e4rme f\u00f6r fj\u00e4rrv\u00e4rmen\u00e4t. D\u00e4refter har Absolicon och Institutionen f\u00f6r Till\u00e4mpad fysik och elektronik vid Ume\u00e5 Universitet ans\u00f6kt om medel f\u00f6r att ytterligare ut\u00f6ka forskningsgruppen. Nu har kompetenscentret Resilient, d\u00e4r b\u00e5de Ume\u00e5 universitet och Absolicon ing\u00e5r, beslutat [&hellip;]","og_url":"https:\/\/www.agma.com\/sv\/finansiering-fran-resilient-till-solvarmeforskning-i-umea\/","og_site_name":"Absolicon","article_published_time":"2022-07-15T10:00:18+00:00","author":"jakubschenk","twitter_card":"summary_large_image","twitter_misc":{"Skriven av":"jakubschenk"},"schema":{"@context":"https:\/\/schema.org","@graph":[{"@type":"Article","@id":"https:\/\/www.agma.com\/sv\/finansiering-fran-resilient-till-solvarmeforskning-i-umea\/#article","isPartOf":{"@id":"https:\/\/www.agma.com\/sv\/finansiering-fran-resilient-till-solvarmeforskning-i-umea\/"},"author":{"name":"jakubschenk","@id":"https:\/\/www.agma.com\/sv\/#\/schema\/person\/6820b3ce1cc37edbaecc979090760d8b"},"headline":"Finansiering fr\u00e5n Resilient till solv\u00e4rmeforskning i Ume\u00e5","datePublished":"2022-07-15T10:00:18+00:00","mainEntityOfPage":{"@id":"https:\/\/www.agma.com\/sv\/finansiering-fran-resilient-till-solvarmeforskning-i-umea\/"},"wordCount":233,"commentCount":0,"publisher":{"@id":"https:\/\/www.agma.com\/sv\/#organization"},"articleSection":["Pressrelease"],"inLanguage":"sv-SE","potentialAction":[{"@type":"CommentAction","name":"Comment","target":["https:\/\/www.agma.com\/sv\/finansiering-fran-resilient-till-solvarmeforskning-i-umea\/#respond"]}]},{"@type":"WebPage","@id":"https:\/\/www.agma.com\/sv\/finansiering-fran-resilient-till-solvarmeforskning-i-umea\/","url":"https:\/\/www.agma.com\/sv\/finansiering-fran-resilient-till-solvarmeforskning-i-umea\/","name":"Finansiering fr\u00e5n Resilient till solv\u00e4rmeforskning i Ume\u00e5 - Absolicon","isPartOf":{"@id":"https:\/\/www.agma.com\/sv\/#website"},"datePublished":"2022-07-15T10:00:18+00:00","breadcrumb":{"@id":"https:\/\/www.agma.com\/sv\/finansiering-fran-resilient-till-solvarmeforskning-i-umea\/#breadcrumb"},"inLanguage":"sv-SE","potentialAction":[{"@type":"ReadAction","target":["https:\/\/www.agma.com\/sv\/finansiering-fran-resilient-till-solvarmeforskning-i-umea\/"]}]},{"@type":"BreadcrumbList","@id":"https:\/\/www.agma.com\/sv\/finansiering-fran-resilient-till-solvarmeforskning-i-umea\/#breadcrumb","itemListElement":[{"@type":"ListItem","position":1,"name":"Home","item":"https:\/\/www.agma.com\/sv\/"},{"@type":"ListItem","position":2,"name":"Finansiering fr\u00e5n Resilient till solv\u00e4rmeforskning i Ume\u00e5"}]},{"@type":"WebSite","@id":"https:\/\/www.agma.com\/sv\/#website","url":"https:\/\/www.agma.com\/sv\/","name":"Absolicon","description":"","publisher":{"@id":"https:\/\/www.agma.com\/sv\/#organization"},"potentialAction":[{"@type":"SearchAction","target":{"@type":"EntryPoint","urlTemplate":"https:\/\/www.agma.com\/sv\/?s={search_term_string}"},"query-input":{"@type":"PropertyValueSpecification","valueRequired":true,"valueName":"search_term_string"}}],"inLanguage":"sv-SE"},{"@type":"Organization","@id":"https:\/\/www.agma.com\/sv\/#organization","name":"Absolicon","url":"https:\/\/www.agma.com\/sv\/","logo":{"@type":"ImageObject","inLanguage":"sv-SE","@id":"https:\/\/www.agma.com\/sv\/#\/schema\/logo\/image\/","url":"https:\/\/www.agma.com\/wp-content\/uploads\/2026\/04\/logotype_neg_blk.svg","contentUrl":"https:\/\/www.agma.com\/wp-content\/uploads\/2026\/04\/logotype_neg_blk.svg","width":705,"height":83,"caption":"Absolicon"},"image":{"@id":"https:\/\/www.agma.com\/sv\/#\/schema\/logo\/image\/"}},{"@type":"Person","@id":"https:\/\/www.agma.com\/sv\/#\/schema\/person\/6820b3ce1cc37edbaecc979090760d8b","name":"jakubschenk","image":{"@type":"ImageObject","inLanguage":"sv-SE","@id":"https:\/\/secure.gravatar.com\/avatar\/0ab843002d4a58702560e02354e5f9a3206e13bbfaa9df5a188e463870f605cd?s=96&d=mm&r=g","url":"https:\/\/secure.gravatar.com\/avatar\/0ab843002d4a58702560e02354e5f9a3206e13bbfaa9df5a188e463870f605cd?s=96&d=mm&r=g","contentUrl":"https:\/\/secure.gravatar.com\/avatar\/0ab843002d4a58702560e02354e5f9a3206e13bbfaa9df5a188e463870f605cd?s=96&d=mm&r=g","caption":"jakubschenk"},"sameAs":["https:\/\/www.agma.com"],"url":"https:\/\/www.agma.com\/sv\/author\/jakubschenk\/"}]}},"_links":{"self":[{"href":"https:\/\/www.agma.com\/sv\/wp-json\/wp\/v2\/posts\/14065","targetHints":{"allow":["GET"]}}],"collection":[{"href":"https:\/\/www.agma.com\/sv\/wp-json\/wp\/v2\/posts"}],"about":[{"href":"https:\/\/www.agma.com\/sv\/wp-json\/wp\/v2\/types\/post"}],"author":[{"embeddable":true,"href":"https:\/\/www.agma.com\/sv\/wp-json\/wp\/v2\/users\/1"}],"replies":[{"embeddable":true,"href":"https:\/\/www.agma.com\/sv\/wp-json\/wp\/v2\/comments?post=14065"}],"version-history":[{"count":0,"href":"https:\/\/www.agma.com\/sv\/wp-json\/wp\/v2\/posts\/14065\/revisions"}],"wp:attachment":[{"href":"https:\/\/www.agma.com\/sv\/wp-json\/wp\/v2\/media?parent=14065"}],"wp:term":[{"taxonomy":"category","embeddable":true,"href":"https:\/\/www.agma.com\/sv\/wp-json\/wp\/v2\/categories?post=14065"},{"taxonomy":"post_tag","embeddable":true,"href":"https:\/\/www.agma.com\/sv\/wp-json\/wp\/v2\/tags?post=14065"}],"curies":[{"name":"wp","href":"https:\/\/api.w.org\/{rel}","templated":true}]}}