{"id":14320,"date":"2022-12-01T10:00:00","date_gmt":"2022-12-01T10:00:00","guid":{"rendered":"https:\/\/www.absolicon.com\/absolicon-och-kanarieoarnas-tekniska-institut-visar-upp-ny-solvarmeinstallation-pa-gran-canaria\/"},"modified":"2022-12-01T10:00:00","modified_gmt":"2022-12-01T10:00:00","slug":"absolicon-och-kanarieoarnas-tekniska-institut-visar-upp-ny-solvarmeinstallation-pa-gran-canaria","status":"publish","type":"post","link":"https:\/\/www.agma.com\/sv\/absolicon-och-kanarieoarnas-tekniska-institut-visar-upp-ny-solvarmeinstallation-pa-gran-canaria\/","title":{"rendered":"Absolicon och Kanarie\u00f6arnas tekniska institut visar upp ny solv\u00e4rmeinstallation p\u00e5 Gran Canaria"},"content":{"rendered":"<p style=\"margin-bottom:11px;margin-top:12px\"><span><span style=\"font-size:11pt\"><span><span style=\"font-family:arial,helvetica,sans-serif\"><span style=\"font-size:10pt\"><span><span style=\"font-family:arial,helvetica,sans-serif\">Absolicons installation p\u00e5 Kanarie\u00f6arna inkluderar ett 88 m<sup>2<\/sup> solv\u00e4rmef\u00e4lt av solf\u00e5ngaren Absolicon T160 vid Kanarie\u00f6arnas tekniska institut ITC (ITC) i Pozo Izquierdo (Gran Canaria) och en solcentral f\u00f6r att producera 4 bar \u00e5nga. <\/span><\/span><\/span><\/span><\/span><\/span><\/span><\/p>\n<p style=\"margin-bottom:11px\"><span><span style=\"font-size:11pt\"><span><span style=\"font-family:arial,helvetica,sans-serif\"><span style=\"font-size:10pt\"><span><span style=\"font-family:arial,helvetica,sans-serif\">F\u00f6r att visa upp det nyligen driftsatta solf\u00e4ltet har ITC organiserat ett seminarium om utfasning av fossila br\u00e4nslen i kanarie\u00f6arnas industrier med solv\u00e4rme, inklusive en demonstration av Absolicons solinstallation.<\/span><\/span><\/span><\/span><\/span><\/span><\/span><\/p>\n<p style=\"margin-bottom:11px\"><span><span style=\"font-size:11pt\"><span><span style=\"font-family:arial,helvetica,sans-serif\"><span style=\"font-size:10pt\"><span><span style=\"font-family:arial,helvetica,sans-serif\">I november 2021 vann Absolicon en upphandling med ITC f\u00f6r att installera ett f\u00e4lt med koncentrerande solf\u00e5ngare f\u00f6r att producera \u00e5nga. ITC s\u00f6kte disruptiv teknik inom industrisektorn f\u00f6r att minska beroendet och klimatp\u00e5verkan av fossila br\u00e4nslen. Det \u00e4r ett av m\u00e5len f\u00f6r det europeiska projektet ACLIEMAC https:\/\/www.acliemac.com\/es\/ som samordnas av ITC. Absolicons solv\u00e4rmeinstallation kommer nu att fungera som en referens f\u00f6r industrier p\u00e5 Kanarie\u00f6arna om hur man introducerar solv\u00e4rme i sina processer.<\/span><\/span><\/span><\/span><\/span><\/span><\/span><\/p>\n<p style=\"margin-bottom:11px\"><span><span style=\"font-size:11pt\"><span><span style=\"font-family:arial,helvetica,sans-serif\"><span style=\"font-size:10pt\"><span><span style=\"font-family:arial,helvetica,sans-serif\">ITC initierade solv\u00e4rmeprojektet baserat p\u00e5 en ber\u00e4kning att industrin p\u00e5 Kanarie\u00f6arna kan installera 100 000 m<\/span><\/span><\/span><\/span><\/span><span style=\"font-family:arial,helvetica,sans-serif\"><span style=\"font-size:10pt\"><span style=\"font-family:arial,helvetica,sans-serif\"><sup>2<\/sup><\/span><\/span><\/span><span><span style=\"font-family:arial,helvetica,sans-serif\"><span style=\"font-size:10pt\"><span><span style=\"font-family:arial,helvetica,sans-serif\"> solf\u00e5ngare och ers\u00e4tta 10 000 ton br\u00e4nslen. <\/span><\/span><\/span><\/span><\/span><\/span><\/span><\/p>\n<p style=\"margin-bottom:11px\"><span><span style=\"font-size:11pt\"><span style=\"font-family:arial,helvetica,sans-serif\"><span style=\"font-size:10pt\"><span style=\"font-family:arial,helvetica,sans-serif\">Solf\u00e5ngaren&nbsp;<\/span><\/span><\/span><span><span style=\"font-family:arial,helvetica,sans-serif\"><span style=\"font-size:10pt\"><span><span style=\"font-family:arial,helvetica,sans-serif\">Absolicon T160 \u00e4r en patenterad teknik, med en driftstemperatur p\u00e5 upp till 160 \u00b0C v\u00e4rme och 8 bar \u00e5nga, som matchar det termiska energibehovet i ett brett spektrum av industriella processer. Absolicons solf\u00e5ngare har den h\u00f6gsta optiska verkningsgrad som n\u00e5gonsin uppm\u00e4tts hos en liten koncentrerande solf\u00e5ngare och priset optimeras av dess str\u00f6mlinjeformade design som m\u00f6jligg\u00f6r massproduktion.<\/span><\/span><\/span><\/span><\/span><\/span><\/span><\/p>\n","protected":false},"excerpt":{"rendered":"<p>Absolicons installation p\u00e5 Kanarie\u00f6arna inkluderar ett 88 m2 solv\u00e4rmef\u00e4lt av solf\u00e5ngaren Absolicon T160 vid Kanarie\u00f6arnas tekniska institut ITC (ITC) i Pozo Izquierdo (Gran Canaria) och en solcentral f\u00f6r att producera 4 bar \u00e5nga. F\u00f6r att visa upp det nyligen driftsatta solf\u00e4ltet har ITC organiserat ett seminarium om utfasning av fossila br\u00e4nslen i kanarie\u00f6arnas industrier med [&hellip;]<\/p>\n","protected":false},"author":1,"featured_media":14321,"comment_status":"open","ping_status":"open","sticky":false,"template":"","format":"standard","meta":{"_acf_changed":false,"footnotes":""},"categories":[23],"tags":[],"class_list":["post-14320","post","type-post","status-publish","format-standard","has-post-thumbnail","hentry","category-pressrelease"],"acf":[],"yoast_head":"<!-- This site is optimized with the Yoast SEO plugin v27.4 - https:\/\/yoast.com\/product\/yoast-seo-wordpress\/ -->\n<title>Absolicon och Kanarie\u00f6arnas tekniska institut visar upp ny solv\u00e4rmeinstallation p\u00e5 Gran Canaria - Absolicon<\/title>\n<meta name=\"robots\" content=\"index, follow, max-snippet:-1, max-image-preview:large, max-video-preview:-1\" \/>\n<link rel=\"canonical\" href=\"https:\/\/www.agma.com\/sv\/absolicon-och-kanarieoarnas-tekniska-institut-visar-upp-ny-solvarmeinstallation-pa-gran-canaria\/\" \/>\n<meta property=\"og:locale\" content=\"sv_SE\" \/>\n<meta property=\"og:type\" content=\"article\" \/>\n<meta property=\"og:title\" content=\"Absolicon och Kanarie\u00f6arnas tekniska institut visar upp ny solv\u00e4rmeinstallation p\u00e5 Gran Canaria - Absolicon\" \/>\n<meta property=\"og:description\" content=\"Absolicons installation p\u00e5 Kanarie\u00f6arna inkluderar ett 88 m2 solv\u00e4rmef\u00e4lt av solf\u00e5ngaren Absolicon T160 vid Kanarie\u00f6arnas tekniska institut ITC (ITC) i Pozo Izquierdo (Gran Canaria) och en solcentral f\u00f6r att producera 4 bar \u00e5nga. F\u00f6r att visa upp det nyligen driftsatta solf\u00e4ltet har ITC organiserat ett seminarium om utfasning av fossila br\u00e4nslen i kanarie\u00f6arnas industrier med [&hellip;]\" \/>\n<meta property=\"og:url\" content=\"https:\/\/www.agma.com\/sv\/absolicon-och-kanarieoarnas-tekniska-institut-visar-upp-ny-solvarmeinstallation-pa-gran-canaria\/\" \/>\n<meta property=\"og:site_name\" content=\"Absolicon\" \/>\n<meta property=\"article:published_time\" content=\"2022-12-01T10:00:00+00:00\" \/>\n<meta property=\"og:image\" content=\"https:\/\/www.agma.com\/wp-content\/uploads\/2022\/12\/Absolicon_ITC_Gran-Canaria_2022_jpg.jpg\" \/>\n\t<meta property=\"og:image:width\" content=\"960\" \/>\n\t<meta property=\"og:image:height\" content=\"720\" \/>\n\t<meta property=\"og:image:type\" content=\"image\/jpeg\" \/>\n<meta name=\"author\" content=\"jakubschenk\" \/>\n<meta name=\"twitter:card\" content=\"summary_large_image\" \/>\n<meta name=\"twitter:label1\" content=\"Skriven av\" \/>\n\t<meta name=\"twitter:data1\" content=\"jakubschenk\" \/>\n<script type=\"application\/ld+json\" class=\"yoast-schema-graph\">{\"@context\":\"https:\\\/\\\/schema.org\",\"@graph\":[{\"@type\":\"Article\",\"@id\":\"https:\\\/\\\/www.agma.com\\\/sv\\\/absolicon-och-kanarieoarnas-tekniska-institut-visar-upp-ny-solvarmeinstallation-pa-gran-canaria\\\/#article\",\"isPartOf\":{\"@id\":\"https:\\\/\\\/www.agma.com\\\/sv\\\/absolicon-och-kanarieoarnas-tekniska-institut-visar-upp-ny-solvarmeinstallation-pa-gran-canaria\\\/\"},\"author\":{\"name\":\"jakubschenk\",\"@id\":\"https:\\\/\\\/www.agma.com\\\/sv\\\/#\\\/schema\\\/person\\\/6820b3ce1cc37edbaecc979090760d8b\"},\"headline\":\"Absolicon och Kanarie\u00f6arnas tekniska institut visar upp ny solv\u00e4rmeinstallation p\u00e5 Gran Canaria\",\"datePublished\":\"2022-12-01T10:00:00+00:00\",\"mainEntityOfPage\":{\"@id\":\"https:\\\/\\\/www.agma.com\\\/sv\\\/absolicon-och-kanarieoarnas-tekniska-institut-visar-upp-ny-solvarmeinstallation-pa-gran-canaria\\\/\"},\"wordCount\":265,\"commentCount\":0,\"publisher\":{\"@id\":\"https:\\\/\\\/www.agma.com\\\/sv\\\/#organization\"},\"image\":{\"@id\":\"https:\\\/\\\/www.agma.com\\\/sv\\\/absolicon-och-kanarieoarnas-tekniska-institut-visar-upp-ny-solvarmeinstallation-pa-gran-canaria\\\/#primaryimage\"},\"thumbnailUrl\":\"https:\\\/\\\/www.agma.com\\\/wp-content\\\/uploads\\\/2022\\\/12\\\/Absolicon_ITC_Gran-Canaria_2022_jpg.jpg\",\"articleSection\":[\"Pressrelease\"],\"inLanguage\":\"sv-SE\",\"potentialAction\":[{\"@type\":\"CommentAction\",\"name\":\"Comment\",\"target\":[\"https:\\\/\\\/www.agma.com\\\/sv\\\/absolicon-och-kanarieoarnas-tekniska-institut-visar-upp-ny-solvarmeinstallation-pa-gran-canaria\\\/#respond\"]}]},{\"@type\":\"WebPage\",\"@id\":\"https:\\\/\\\/www.agma.com\\\/sv\\\/absolicon-och-kanarieoarnas-tekniska-institut-visar-upp-ny-solvarmeinstallation-pa-gran-canaria\\\/\",\"url\":\"https:\\\/\\\/www.agma.com\\\/sv\\\/absolicon-och-kanarieoarnas-tekniska-institut-visar-upp-ny-solvarmeinstallation-pa-gran-canaria\\\/\",\"name\":\"Absolicon och Kanarie\u00f6arnas tekniska institut visar upp ny solv\u00e4rmeinstallation p\u00e5 Gran Canaria - Absolicon\",\"isPartOf\":{\"@id\":\"https:\\\/\\\/www.agma.com\\\/sv\\\/#website\"},\"primaryImageOfPage\":{\"@id\":\"https:\\\/\\\/www.agma.com\\\/sv\\\/absolicon-och-kanarieoarnas-tekniska-institut-visar-upp-ny-solvarmeinstallation-pa-gran-canaria\\\/#primaryimage\"},\"image\":{\"@id\":\"https:\\\/\\\/www.agma.com\\\/sv\\\/absolicon-och-kanarieoarnas-tekniska-institut-visar-upp-ny-solvarmeinstallation-pa-gran-canaria\\\/#primaryimage\"},\"thumbnailUrl\":\"https:\\\/\\\/www.agma.com\\\/wp-content\\\/uploads\\\/2022\\\/12\\\/Absolicon_ITC_Gran-Canaria_2022_jpg.jpg\",\"datePublished\":\"2022-12-01T10:00:00+00:00\",\"breadcrumb\":{\"@id\":\"https:\\\/\\\/www.agma.com\\\/sv\\\/absolicon-och-kanarieoarnas-tekniska-institut-visar-upp-ny-solvarmeinstallation-pa-gran-canaria\\\/#breadcrumb\"},\"inLanguage\":\"sv-SE\",\"potentialAction\":[{\"@type\":\"ReadAction\",\"target\":[\"https:\\\/\\\/www.agma.com\\\/sv\\\/absolicon-och-kanarieoarnas-tekniska-institut-visar-upp-ny-solvarmeinstallation-pa-gran-canaria\\\/\"]}]},{\"@type\":\"ImageObject\",\"inLanguage\":\"sv-SE\",\"@id\":\"https:\\\/\\\/www.agma.com\\\/sv\\\/absolicon-och-kanarieoarnas-tekniska-institut-visar-upp-ny-solvarmeinstallation-pa-gran-canaria\\\/#primaryimage\",\"url\":\"https:\\\/\\\/www.agma.com\\\/wp-content\\\/uploads\\\/2022\\\/12\\\/Absolicon_ITC_Gran-Canaria_2022_jpg.jpg\",\"contentUrl\":\"https:\\\/\\\/www.agma.com\\\/wp-content\\\/uploads\\\/2022\\\/12\\\/Absolicon_ITC_Gran-Canaria_2022_jpg.jpg\",\"width\":960,\"height\":720},{\"@type\":\"BreadcrumbList\",\"@id\":\"https:\\\/\\\/www.agma.com\\\/sv\\\/absolicon-och-kanarieoarnas-tekniska-institut-visar-upp-ny-solvarmeinstallation-pa-gran-canaria\\\/#breadcrumb\",\"itemListElement\":[{\"@type\":\"ListItem\",\"position\":1,\"name\":\"Home\",\"item\":\"https:\\\/\\\/www.agma.com\\\/sv\\\/\"},{\"@type\":\"ListItem\",\"position\":2,\"name\":\"Absolicon och Kanarie\u00f6arnas tekniska institut visar upp ny solv\u00e4rmeinstallation p\u00e5 Gran Canaria\"}]},{\"@type\":\"WebSite\",\"@id\":\"https:\\\/\\\/www.agma.com\\\/sv\\\/#website\",\"url\":\"https:\\\/\\\/www.agma.com\\\/sv\\\/\",\"name\":\"Absolicon\",\"description\":\"\",\"publisher\":{\"@id\":\"https:\\\/\\\/www.agma.com\\\/sv\\\/#organization\"},\"potentialAction\":[{\"@type\":\"SearchAction\",\"target\":{\"@type\":\"EntryPoint\",\"urlTemplate\":\"https:\\\/\\\/www.agma.com\\\/sv\\\/?s={search_term_string}\"},\"query-input\":{\"@type\":\"PropertyValueSpecification\",\"valueRequired\":true,\"valueName\":\"search_term_string\"}}],\"inLanguage\":\"sv-SE\"},{\"@type\":\"Organization\",\"@id\":\"https:\\\/\\\/www.agma.com\\\/sv\\\/#organization\",\"name\":\"Absolicon\",\"url\":\"https:\\\/\\\/www.agma.com\\\/sv\\\/\",\"logo\":{\"@type\":\"ImageObject\",\"inLanguage\":\"sv-SE\",\"@id\":\"https:\\\/\\\/www.agma.com\\\/sv\\\/#\\\/schema\\\/logo\\\/image\\\/\",\"url\":\"https:\\\/\\\/www.agma.com\\\/wp-content\\\/uploads\\\/2026\\\/04\\\/logotype_neg_blk.svg\",\"contentUrl\":\"https:\\\/\\\/www.agma.com\\\/wp-content\\\/uploads\\\/2026\\\/04\\\/logotype_neg_blk.svg\",\"width\":705,\"height\":83,\"caption\":\"Absolicon\"},\"image\":{\"@id\":\"https:\\\/\\\/www.agma.com\\\/sv\\\/#\\\/schema\\\/logo\\\/image\\\/\"}},{\"@type\":\"Person\",\"@id\":\"https:\\\/\\\/www.agma.com\\\/sv\\\/#\\\/schema\\\/person\\\/6820b3ce1cc37edbaecc979090760d8b\",\"name\":\"jakubschenk\",\"image\":{\"@type\":\"ImageObject\",\"inLanguage\":\"sv-SE\",\"@id\":\"https:\\\/\\\/secure.gravatar.com\\\/avatar\\\/0ab843002d4a58702560e02354e5f9a3206e13bbfaa9df5a188e463870f605cd?s=96&d=mm&r=g\",\"url\":\"https:\\\/\\\/secure.gravatar.com\\\/avatar\\\/0ab843002d4a58702560e02354e5f9a3206e13bbfaa9df5a188e463870f605cd?s=96&d=mm&r=g\",\"contentUrl\":\"https:\\\/\\\/secure.gravatar.com\\\/avatar\\\/0ab843002d4a58702560e02354e5f9a3206e13bbfaa9df5a188e463870f605cd?s=96&d=mm&r=g\",\"caption\":\"jakubschenk\"},\"sameAs\":[\"https:\\\/\\\/www.agma.com\"],\"url\":\"https:\\\/\\\/www.agma.com\\\/sv\\\/author\\\/jakubschenk\\\/\"}]}<\/script>\n<!-- \/ Yoast SEO plugin. -->","yoast_head_json":{"title":"Absolicon och Kanarie\u00f6arnas tekniska institut visar upp ny solv\u00e4rmeinstallation p\u00e5 Gran Canaria - Absolicon","robots":{"index":"index","follow":"follow","max-snippet":"max-snippet:-1","max-image-preview":"max-image-preview:large","max-video-preview":"max-video-preview:-1"},"canonical":"https:\/\/www.agma.com\/sv\/absolicon-och-kanarieoarnas-tekniska-institut-visar-upp-ny-solvarmeinstallation-pa-gran-canaria\/","og_locale":"sv_SE","og_type":"article","og_title":"Absolicon och Kanarie\u00f6arnas tekniska institut visar upp ny solv\u00e4rmeinstallation p\u00e5 Gran Canaria - Absolicon","og_description":"Absolicons installation p\u00e5 Kanarie\u00f6arna inkluderar ett 88 m2 solv\u00e4rmef\u00e4lt av solf\u00e5ngaren Absolicon T160 vid Kanarie\u00f6arnas tekniska institut ITC (ITC) i Pozo Izquierdo (Gran Canaria) och en solcentral f\u00f6r att producera 4 bar \u00e5nga. F\u00f6r att visa upp det nyligen driftsatta solf\u00e4ltet har ITC organiserat ett seminarium om utfasning av fossila br\u00e4nslen i kanarie\u00f6arnas industrier med [&hellip;]","og_url":"https:\/\/www.agma.com\/sv\/absolicon-och-kanarieoarnas-tekniska-institut-visar-upp-ny-solvarmeinstallation-pa-gran-canaria\/","og_site_name":"Absolicon","article_published_time":"2022-12-01T10:00:00+00:00","og_image":[{"width":960,"height":720,"url":"https:\/\/www.agma.com\/wp-content\/uploads\/2022\/12\/Absolicon_ITC_Gran-Canaria_2022_jpg.jpg","type":"image\/jpeg"}],"author":"jakubschenk","twitter_card":"summary_large_image","twitter_misc":{"Skriven av":"jakubschenk"},"schema":{"@context":"https:\/\/schema.org","@graph":[{"@type":"Article","@id":"https:\/\/www.agma.com\/sv\/absolicon-och-kanarieoarnas-tekniska-institut-visar-upp-ny-solvarmeinstallation-pa-gran-canaria\/#article","isPartOf":{"@id":"https:\/\/www.agma.com\/sv\/absolicon-och-kanarieoarnas-tekniska-institut-visar-upp-ny-solvarmeinstallation-pa-gran-canaria\/"},"author":{"name":"jakubschenk","@id":"https:\/\/www.agma.com\/sv\/#\/schema\/person\/6820b3ce1cc37edbaecc979090760d8b"},"headline":"Absolicon och Kanarie\u00f6arnas tekniska institut visar upp ny solv\u00e4rmeinstallation p\u00e5 Gran Canaria","datePublished":"2022-12-01T10:00:00+00:00","mainEntityOfPage":{"@id":"https:\/\/www.agma.com\/sv\/absolicon-och-kanarieoarnas-tekniska-institut-visar-upp-ny-solvarmeinstallation-pa-gran-canaria\/"},"wordCount":265,"commentCount":0,"publisher":{"@id":"https:\/\/www.agma.com\/sv\/#organization"},"image":{"@id":"https:\/\/www.agma.com\/sv\/absolicon-och-kanarieoarnas-tekniska-institut-visar-upp-ny-solvarmeinstallation-pa-gran-canaria\/#primaryimage"},"thumbnailUrl":"https:\/\/www.agma.com\/wp-content\/uploads\/2022\/12\/Absolicon_ITC_Gran-Canaria_2022_jpg.jpg","articleSection":["Pressrelease"],"inLanguage":"sv-SE","potentialAction":[{"@type":"CommentAction","name":"Comment","target":["https:\/\/www.agma.com\/sv\/absolicon-och-kanarieoarnas-tekniska-institut-visar-upp-ny-solvarmeinstallation-pa-gran-canaria\/#respond"]}]},{"@type":"WebPage","@id":"https:\/\/www.agma.com\/sv\/absolicon-och-kanarieoarnas-tekniska-institut-visar-upp-ny-solvarmeinstallation-pa-gran-canaria\/","url":"https:\/\/www.agma.com\/sv\/absolicon-och-kanarieoarnas-tekniska-institut-visar-upp-ny-solvarmeinstallation-pa-gran-canaria\/","name":"Absolicon och Kanarie\u00f6arnas tekniska institut visar upp ny solv\u00e4rmeinstallation p\u00e5 Gran Canaria - Absolicon","isPartOf":{"@id":"https:\/\/www.agma.com\/sv\/#website"},"primaryImageOfPage":{"@id":"https:\/\/www.agma.com\/sv\/absolicon-och-kanarieoarnas-tekniska-institut-visar-upp-ny-solvarmeinstallation-pa-gran-canaria\/#primaryimage"},"image":{"@id":"https:\/\/www.agma.com\/sv\/absolicon-och-kanarieoarnas-tekniska-institut-visar-upp-ny-solvarmeinstallation-pa-gran-canaria\/#primaryimage"},"thumbnailUrl":"https:\/\/www.agma.com\/wp-content\/uploads\/2022\/12\/Absolicon_ITC_Gran-Canaria_2022_jpg.jpg","datePublished":"2022-12-01T10:00:00+00:00","breadcrumb":{"@id":"https:\/\/www.agma.com\/sv\/absolicon-och-kanarieoarnas-tekniska-institut-visar-upp-ny-solvarmeinstallation-pa-gran-canaria\/#breadcrumb"},"inLanguage":"sv-SE","potentialAction":[{"@type":"ReadAction","target":["https:\/\/www.agma.com\/sv\/absolicon-och-kanarieoarnas-tekniska-institut-visar-upp-ny-solvarmeinstallation-pa-gran-canaria\/"]}]},{"@type":"ImageObject","inLanguage":"sv-SE","@id":"https:\/\/www.agma.com\/sv\/absolicon-och-kanarieoarnas-tekniska-institut-visar-upp-ny-solvarmeinstallation-pa-gran-canaria\/#primaryimage","url":"https:\/\/www.agma.com\/wp-content\/uploads\/2022\/12\/Absolicon_ITC_Gran-Canaria_2022_jpg.jpg","contentUrl":"https:\/\/www.agma.com\/wp-content\/uploads\/2022\/12\/Absolicon_ITC_Gran-Canaria_2022_jpg.jpg","width":960,"height":720},{"@type":"BreadcrumbList","@id":"https:\/\/www.agma.com\/sv\/absolicon-och-kanarieoarnas-tekniska-institut-visar-upp-ny-solvarmeinstallation-pa-gran-canaria\/#breadcrumb","itemListElement":[{"@type":"ListItem","position":1,"name":"Home","item":"https:\/\/www.agma.com\/sv\/"},{"@type":"ListItem","position":2,"name":"Absolicon och Kanarie\u00f6arnas tekniska institut visar upp ny solv\u00e4rmeinstallation p\u00e5 Gran Canaria"}]},{"@type":"WebSite","@id":"https:\/\/www.agma.com\/sv\/#website","url":"https:\/\/www.agma.com\/sv\/","name":"Absolicon","description":"","publisher":{"@id":"https:\/\/www.agma.com\/sv\/#organization"},"potentialAction":[{"@type":"SearchAction","target":{"@type":"EntryPoint","urlTemplate":"https:\/\/www.agma.com\/sv\/?s={search_term_string}"},"query-input":{"@type":"PropertyValueSpecification","valueRequired":true,"valueName":"search_term_string"}}],"inLanguage":"sv-SE"},{"@type":"Organization","@id":"https:\/\/www.agma.com\/sv\/#organization","name":"Absolicon","url":"https:\/\/www.agma.com\/sv\/","logo":{"@type":"ImageObject","inLanguage":"sv-SE","@id":"https:\/\/www.agma.com\/sv\/#\/schema\/logo\/image\/","url":"https:\/\/www.agma.com\/wp-content\/uploads\/2026\/04\/logotype_neg_blk.svg","contentUrl":"https:\/\/www.agma.com\/wp-content\/uploads\/2026\/04\/logotype_neg_blk.svg","width":705,"height":83,"caption":"Absolicon"},"image":{"@id":"https:\/\/www.agma.com\/sv\/#\/schema\/logo\/image\/"}},{"@type":"Person","@id":"https:\/\/www.agma.com\/sv\/#\/schema\/person\/6820b3ce1cc37edbaecc979090760d8b","name":"jakubschenk","image":{"@type":"ImageObject","inLanguage":"sv-SE","@id":"https:\/\/secure.gravatar.com\/avatar\/0ab843002d4a58702560e02354e5f9a3206e13bbfaa9df5a188e463870f605cd?s=96&d=mm&r=g","url":"https:\/\/secure.gravatar.com\/avatar\/0ab843002d4a58702560e02354e5f9a3206e13bbfaa9df5a188e463870f605cd?s=96&d=mm&r=g","contentUrl":"https:\/\/secure.gravatar.com\/avatar\/0ab843002d4a58702560e02354e5f9a3206e13bbfaa9df5a188e463870f605cd?s=96&d=mm&r=g","caption":"jakubschenk"},"sameAs":["https:\/\/www.agma.com"],"url":"https:\/\/www.agma.com\/sv\/author\/jakubschenk\/"}]}},"_links":{"self":[{"href":"https:\/\/www.agma.com\/sv\/wp-json\/wp\/v2\/posts\/14320","targetHints":{"allow":["GET"]}}],"collection":[{"href":"https:\/\/www.agma.com\/sv\/wp-json\/wp\/v2\/posts"}],"about":[{"href":"https:\/\/www.agma.com\/sv\/wp-json\/wp\/v2\/types\/post"}],"author":[{"embeddable":true,"href":"https:\/\/www.agma.com\/sv\/wp-json\/wp\/v2\/users\/1"}],"replies":[{"embeddable":true,"href":"https:\/\/www.agma.com\/sv\/wp-json\/wp\/v2\/comments?post=14320"}],"version-history":[{"count":0,"href":"https:\/\/www.agma.com\/sv\/wp-json\/wp\/v2\/posts\/14320\/revisions"}],"wp:featuredmedia":[{"embeddable":true,"href":"https:\/\/www.agma.com\/sv\/wp-json\/wp\/v2\/media\/14321"}],"wp:attachment":[{"href":"https:\/\/www.agma.com\/sv\/wp-json\/wp\/v2\/media?parent=14320"}],"wp:term":[{"taxonomy":"category","embeddable":true,"href":"https:\/\/www.agma.com\/sv\/wp-json\/wp\/v2\/categories?post=14320"},{"taxonomy":"post_tag","embeddable":true,"href":"https:\/\/www.agma.com\/sv\/wp-json\/wp\/v2\/tags?post=14320"}],"curies":[{"name":"wp","href":"https:\/\/api.w.org\/{rel}","templated":true}]}}