{"id":14328,"date":"2022-12-02T09:08:31","date_gmt":"2022-12-02T09:08:31","guid":{"rendered":"https:\/\/www.absolicon.com\/grupo-modelo-del-av-anheuser-busch-inbev-agerar-pa-nettonoll-ambition-for-utslapp-med-avtal-om-solvarme-fran-absolicon\/"},"modified":"2022-12-02T09:08:31","modified_gmt":"2022-12-02T09:08:31","slug":"grupo-modelo-del-av-anheuser-busch-inbev-agerar-pa-nettonoll-ambition-for-utslapp-med-avtal-om-solvarme-fran-absolicon","status":"publish","type":"post","link":"https:\/\/www.agma.com\/sv\/grupo-modelo-del-av-anheuser-busch-inbev-agerar-pa-nettonoll-ambition-for-utslapp-med-avtal-om-solvarme-fran-absolicon\/","title":{"rendered":"Grupo Modelo, del av Anheuser-Busch InBev agerar p\u00e5 nettonoll-ambition f\u00f6r utsl\u00e4pp med avtal om solv\u00e4rme fr\u00e5n Absolicon"},"content":{"rendered":"<p style=\"margin-bottom:11px;margin-top:12px\"><span><span style=\"font-size:11pt\"><span><span style=\"font-family:arial,helvetica,sans-serif\">Absolicon och Grupo Modelo, del av Anheuser-Busch &nbsp;InBev (AB InBev), genom Cervecer\u00eda Modelo del Centro, har tecknat avtal om en f\u00f6rsta solv\u00e4rmeinstallation vid Grupo Modelos nyaste och modernaste anl\u00e4ggning i Mexiko, bel\u00e4gen i Apan, Hidalgo. &nbsp;&nbsp;<\/span><\/span><\/span><\/span><\/p>\n<p style=\"margin-bottom:11px\"><span><span style=\"font-size:11pt\"><span><span style=\"font-family:arial,helvetica,sans-serif\">En f\u00f6rstudie fr\u00e5n Absolicon visar att den totala potentialen f\u00f6r solv\u00e4rmeinstallationer vid Grupo Modelos anl\u00e4ggningar i Mexiko \u00f6verstiger 180 000 m<sup>2<\/sup>. Av detta \u00e4r den totala potentialen vid Apan-anl\u00e4ggningen cirka 15 000 m<sup>2<\/sup>.&nbsp; Inledningsvis kommer ett 660 m<sup>2<\/sup> solf\u00e5ngarf\u00e4lt att s\u00e4ttas upp och efter en utv\u00e4rderingsperiod kommer solv\u00e4rmeanl\u00e4ggningen att ligga till grund f\u00f6r att definiera omfattning och detaljerad utformning av en eventuell framtida utbyggnad. <\/span><\/span><\/span><\/span><\/p>\n<p style=\"margin-bottom:11px\"><span><span style=\"font-size:11pt\"><span><span style=\"font-family:arial,helvetica,sans-serif\">Grupo Modelos Cervecer\u00eda Modelo del Centro \u00e4r en del av v\u00e4rldens st\u00f6rsta bryggeri AB InBev med en m\u00e5ngsidig portf\u00f6lj med \u00f6ver 500 \u00f6lm\u00e4rken inklusive globala \u00f6lm\u00e4rken som Budweiser, Corona och Stella Artois, samt varum\u00e4rken som Beck&#8217;s, Castle, Castle Light, Leffe och Hoegaarden.<\/span><\/span><\/span><\/span><\/p>\n<p style=\"margin-bottom:11px\"><span><span style=\"font-size:11pt\"><span><span style=\"font-family:arial,helvetica,sans-serif\">Gruppen har \u00e5tagit sig att minska sina CO<sub>2<\/sub>-utsl\u00e4pp upp till 25% till 2025 och att uppn\u00e5 nettonoll i hela v\u00e4rdekedjan till 2040. Att anv\u00e4nda solv\u00e4rmeenergi f\u00f6r ett brett spektrum av processer ger bryggerier m\u00f6jlighet till f\u00f6rnybar v\u00e4rme till ett stabilt energipris, vilket m\u00f6jligg\u00f6r l\u00e5ngsiktiga minskningar av br\u00e4nslekostnader och CO<sub>2<\/sub>-utsl\u00e4pp.<\/span><\/span><\/span><\/span><\/p>\n<p style=\"margin-bottom:11px\"><span><span style=\"font-size:11pt\"><span><span style=\"font-family:arial,helvetica,sans-serif\">Carlo Semeraro, CSO, Absolicon: <em>Denna installation med Grupo<\/em> <em>Modelo p\u00e5 Cervecer\u00eda Modelo del Centro \u00e4r det f\u00f6rsta resultatet av det l\u00e5nga och rika samarbetet mellan Absolicon och AB InBev. AB InBev identifierade tidigt potentialen i Absolicons teknologi som en del av deras nettonollambition och vi \u00e4r mycket glada \u00f6ver att nu se denna f\u00f6rsta installation bli verklighet.<\/em><\/span><\/span><\/span><\/span><\/p>\n<p style=\"margin-bottom:11px\"><span><span style=\"font-size:11pt\"><span><span style=\"font-family:arial,helvetica,sans-serif\">Solf\u00e5ngaren Absolicon T160s patenterad teknik har en driftstemperatur p\u00e5 upp till 160 \u00b0C och 8 bar \u00e5nga. Cervecer\u00eda Modelo del Centro kommer att betala f\u00f6r den f\u00f6rbrukade energin genom ett v\u00e4rmek\u00f6psavtal och solf\u00e4ltet \u00e4gs och drivs av Absolicon. Installationen startar under 2023.<\/span><\/span><\/span><\/span><\/p>\n<p style=\"margin-bottom:11px\"><span><span style=\"font-size:11pt\"><span><span style=\"font-family:arial,helvetica,sans-serif\"><strong>Ytterligare ett steg mot lokal produktion av solf\u00e5ngare i Mexiko<\/strong><\/span><\/span><\/span><\/span><\/p>\n<p style=\"margin-bottom:11px\"><span><span style=\"font-size:11pt\"><span><span style=\"font-family:arial,helvetica,sans-serif\">Absolicon kommer att arbeta n\u00e4ra sin lokala produktionslinepartner CITRUS JMK S.A DE C.V (CITRUS) f\u00f6r att s\u00e4kerst\u00e4lla ett framg\u00e5ngsrikt genomf\u00f6rande och installation av projektet med Grupo Modelo &nbsp;p\u00e5 Cervecer\u00eda Modelo del Centro. <\/span><\/span><\/span><\/span><\/p>\n<p style=\"margin-bottom:11px\"><span><span style=\"font-size:11pt\"><span><span style=\"font-family:arial,helvetica,sans-serif\">Mikael Kaivola, VP, CITRUS: &#8221;<em>Detta \u00e4r en viktig milstolpe f\u00f6r CITRUS i dess uppdrag att p\u00e5skynda energiomst\u00e4llningen i Mexiko. Vi anser att en konkurrenskraftig och ren industri \u00e4r grunden f\u00f6r v\u00e4lst\u00e5nd och tillv\u00e4xt. Detta projekt med AB InBev \u00e4r ett tydligt exempel p\u00e5 att vi \u00e4r p\u00e5 r\u00e4tt v\u00e4g, v\u00e4rlden f\u00f6r\u00e4ndras och en ny energivision v\u00e4xer snabbt fram<\/em>.&#8221;<\/span><\/span><\/span><\/span><\/p>\n<p style=\"margin-bottom:11px\"><span><span style=\"font-size:11pt\"><span><span style=\"font-family:arial,helvetica,sans-serif\">Joakim Bystr\u00f6m, VD, Absolicon: &#8221;<em>F\u00f6r Absolicon<\/em> <em>och CITRUS \u00e4r detta ytterligare ett viktigt steg mot en lokal produktionslina f\u00f6r Absolicons solf\u00e5ngare i Mexiko. Enbart en potentiell fullst\u00e4ndig f\u00f6rl\u00e4ngning av AB InBev-projektet skulle ge uppskattningsvis 1,5 \u00e5rs produktion av solf\u00e5ngare med Absolicons produktionslina. Detta visar att Absolicons aff\u00e4rsmodell att arbeta med globala projekt tillsammans med lokala produktionspartners ger resultat.&#8221;<\/em><\/span><\/span><\/span><\/span><\/p>\n<p style=\"margin-bottom:11px\"><span><span style=\"font-size:11pt\"><span><span style=\"font-family:arial,helvetica,sans-serif\"><strong><span style=\"font-size:8pt\"><span>Grupo Modelo, <\/span><\/span><\/strong><span style=\"font-size:8pt\"><span>grundat 1925, \u00e4r ledande inom produktion, distribution och f\u00f6rs\u00e4ljning av \u00f6l i Mexiko. <\/span><\/span>&nbsp;<span style=\"font-size:8pt\"><span>Sedan 2013<\/span><\/span> <span style=\"font-size:8pt\"><span>\u00e4r den sjunde zonen den st\u00f6rsta bryggerigruppen i v\u00e4rlden, Anheuser-Busch InBev. F\u00f6r n\u00e4rvarande har Grupo Modelo 17 nationella varum\u00e4rken, inklusive Corona Extra, Modelo Especial, Victoria, Pac\u00edfico och Negra Modelo.<\/span><\/span><\/span><\/span><\/span><\/span><\/p>\n<p style=\"margin-bottom:11px\"><span><span style=\"font-size:11pt\"><span><span style=\"font-family:arial,helvetica,sans-serif\"><strong><span style=\"font-size:8pt\"><span>Anheuser-Busch InBev <\/span><\/span><\/strong><span style=\"font-size:8pt\"><span>\u00e4r ett multinationellt dryckes- och bryggerif\u00f6retag med huvudkontor i Leuven, Belgien. Det \u00e4r v\u00e4rldens st\u00f6rsta bryggeri med l\u00e5ngt \u00f6ver 500 \u00f6lm\u00e4rken i 150 olika l\u00e4nder. <\/span><\/span><\/span><\/span><\/span><\/span><\/p>\n<p style=\"margin-bottom:11px\"><span><span style=\"font-size:11pt\"><span><span style=\"font-family:arial,helvetica,sans-serif\"><strong><span style=\"font-size:8pt\"><span>CITRUS JMK S.A DE <\/span><\/span><\/strong><span style=\"font-size:8pt\"><span>C.V \u00e4r ett ingenj\u00f6rskonsultf\u00f6retag baserat i Mexico City, Mexiko. CITRUS \u00e4r en officiell produktionslinepartner till Absolicon och de arbetar f\u00f6r att hitta och integrera ren, konkurrenskraftig energiteknik och l\u00f6sningar f\u00f6r tillverkning. Du hittar mer info om CITRUS partnerskap med Absolicon i detta pressmeddelande:<\/span><\/span> <span style=\"font-size:8pt\"><span>https:\/\/www.agma.com\/sv\/citrus-tecknar-ramavtal-med-absolicon-om-forvarv-av-produktionslina-i-mexico\/<\/span><\/span><\/span><\/span><\/span><\/span><\/p>\n<p style=\"margin-bottom:11px\"><span><span style=\"font-size:11pt\"><span><span style=\"font-family:arial,helvetica,sans-serif\"><strong><span style=\"font-size:8pt\"><span>Absolicon Solar Collector AB (publ)<\/span><\/span><\/strong><span style=\"font-size:8pt\"><span> grundades 2005 som ett forsknings- och utvecklingsbolag inom solteknik. Idag \u00e4r Absolicon ett b\u00f6rsnoterat bolag med mer \u00e4n tio \u00e5rs operativ erfarenhet fr\u00e5n alla delar av v\u00e4rlden. Absolicon \u00e4r specialiserat p\u00e5 att tillhandah\u00e5lla verktyg f\u00f6r \u00f6verg\u00e5ngen fr\u00e5n fossila br\u00e4nslen, vilket ger en l\u00f6nsam, l\u00e4ttinstallerad och utsl\u00e4ppsfri energil\u00f6sning med hj\u00e4lp av solv\u00e4rmeresurser samt kompletta robotproduktionslinor f\u00f6r solf\u00e5ngarna.<\/span><\/span><\/span><\/span><\/span><\/span><\/p>\n","protected":false},"excerpt":{"rendered":"<p>Absolicon och Grupo Modelo, del av Anheuser-Busch &nbsp;InBev (AB InBev), genom Cervecer\u00eda Modelo del Centro, har tecknat avtal om en f\u00f6rsta solv\u00e4rmeinstallation vid Grupo Modelos nyaste och modernaste anl\u00e4ggning i Mexiko, bel\u00e4gen i Apan, Hidalgo. &nbsp;&nbsp; En f\u00f6rstudie fr\u00e5n Absolicon visar att den totala potentialen f\u00f6r solv\u00e4rmeinstallationer vid Grupo Modelos anl\u00e4ggningar i Mexiko \u00f6verstiger 180 [&hellip;]<\/p>\n","protected":false},"author":1,"featured_media":0,"comment_status":"open","ping_status":"open","sticky":false,"template":"","format":"standard","meta":{"_acf_changed":false,"footnotes":""},"categories":[23],"tags":[],"class_list":["post-14328","post","type-post","status-publish","format-standard","hentry","category-pressrelease"],"acf":[],"yoast_head":"<!-- This site is optimized with the Yoast SEO plugin v27.4 - https:\/\/yoast.com\/product\/yoast-seo-wordpress\/ -->\n<title>Grupo Modelo, del av Anheuser-Busch InBev agerar p\u00e5 nettonoll-ambition f\u00f6r utsl\u00e4pp med avtal om solv\u00e4rme fr\u00e5n Absolicon - Absolicon<\/title>\n<meta name=\"robots\" content=\"index, follow, max-snippet:-1, max-image-preview:large, max-video-preview:-1\" \/>\n<link rel=\"canonical\" href=\"https:\/\/www.agma.com\/sv\/grupo-modelo-del-av-anheuser-busch-inbev-agerar-pa-nettonoll-ambition-for-utslapp-med-avtal-om-solvarme-fran-absolicon\/\" \/>\n<meta property=\"og:locale\" content=\"sv_SE\" \/>\n<meta property=\"og:type\" content=\"article\" \/>\n<meta property=\"og:title\" content=\"Grupo Modelo, del av Anheuser-Busch InBev agerar p\u00e5 nettonoll-ambition f\u00f6r utsl\u00e4pp med avtal om solv\u00e4rme fr\u00e5n Absolicon - Absolicon\" \/>\n<meta property=\"og:description\" content=\"Absolicon och Grupo Modelo, del av Anheuser-Busch &nbsp;InBev (AB InBev), genom Cervecer\u00eda Modelo del Centro, har tecknat avtal om en f\u00f6rsta solv\u00e4rmeinstallation vid Grupo Modelos nyaste och modernaste anl\u00e4ggning i Mexiko, bel\u00e4gen i Apan, Hidalgo. &nbsp;&nbsp; En f\u00f6rstudie fr\u00e5n Absolicon visar att den totala potentialen f\u00f6r solv\u00e4rmeinstallationer vid Grupo Modelos anl\u00e4ggningar i Mexiko \u00f6verstiger 180 [&hellip;]\" \/>\n<meta property=\"og:url\" content=\"https:\/\/www.agma.com\/sv\/grupo-modelo-del-av-anheuser-busch-inbev-agerar-pa-nettonoll-ambition-for-utslapp-med-avtal-om-solvarme-fran-absolicon\/\" \/>\n<meta property=\"og:site_name\" content=\"Absolicon\" \/>\n<meta property=\"article:published_time\" content=\"2022-12-02T09:08:31+00:00\" \/>\n<meta name=\"author\" content=\"jakubschenk\" \/>\n<meta name=\"twitter:card\" content=\"summary_large_image\" \/>\n<meta name=\"twitter:label1\" content=\"Skriven av\" \/>\n\t<meta name=\"twitter:data1\" content=\"jakubschenk\" \/>\n<script type=\"application\/ld+json\" class=\"yoast-schema-graph\">{\"@context\":\"https:\\\/\\\/schema.org\",\"@graph\":[{\"@type\":\"Article\",\"@id\":\"https:\\\/\\\/www.agma.com\\\/sv\\\/grupo-modelo-del-av-anheuser-busch-inbev-agerar-pa-nettonoll-ambition-for-utslapp-med-avtal-om-solvarme-fran-absolicon\\\/#article\",\"isPartOf\":{\"@id\":\"https:\\\/\\\/www.agma.com\\\/sv\\\/grupo-modelo-del-av-anheuser-busch-inbev-agerar-pa-nettonoll-ambition-for-utslapp-med-avtal-om-solvarme-fran-absolicon\\\/\"},\"author\":{\"name\":\"jakubschenk\",\"@id\":\"https:\\\/\\\/www.agma.com\\\/sv\\\/#\\\/schema\\\/person\\\/6820b3ce1cc37edbaecc979090760d8b\"},\"headline\":\"Grupo Modelo, del av Anheuser-Busch InBev agerar p\u00e5 nettonoll-ambition f\u00f6r utsl\u00e4pp med avtal om solv\u00e4rme fr\u00e5n Absolicon\",\"datePublished\":\"2022-12-02T09:08:31+00:00\",\"mainEntityOfPage\":{\"@id\":\"https:\\\/\\\/www.agma.com\\\/sv\\\/grupo-modelo-del-av-anheuser-busch-inbev-agerar-pa-nettonoll-ambition-for-utslapp-med-avtal-om-solvarme-fran-absolicon\\\/\"},\"wordCount\":764,\"commentCount\":0,\"publisher\":{\"@id\":\"https:\\\/\\\/www.agma.com\\\/sv\\\/#organization\"},\"articleSection\":[\"Pressrelease\"],\"inLanguage\":\"sv-SE\",\"potentialAction\":[{\"@type\":\"CommentAction\",\"name\":\"Comment\",\"target\":[\"https:\\\/\\\/www.agma.com\\\/sv\\\/grupo-modelo-del-av-anheuser-busch-inbev-agerar-pa-nettonoll-ambition-for-utslapp-med-avtal-om-solvarme-fran-absolicon\\\/#respond\"]}]},{\"@type\":\"WebPage\",\"@id\":\"https:\\\/\\\/www.agma.com\\\/sv\\\/grupo-modelo-del-av-anheuser-busch-inbev-agerar-pa-nettonoll-ambition-for-utslapp-med-avtal-om-solvarme-fran-absolicon\\\/\",\"url\":\"https:\\\/\\\/www.agma.com\\\/sv\\\/grupo-modelo-del-av-anheuser-busch-inbev-agerar-pa-nettonoll-ambition-for-utslapp-med-avtal-om-solvarme-fran-absolicon\\\/\",\"name\":\"Grupo Modelo, del av Anheuser-Busch InBev agerar p\u00e5 nettonoll-ambition f\u00f6r utsl\u00e4pp med avtal om solv\u00e4rme fr\u00e5n Absolicon - Absolicon\",\"isPartOf\":{\"@id\":\"https:\\\/\\\/www.agma.com\\\/sv\\\/#website\"},\"datePublished\":\"2022-12-02T09:08:31+00:00\",\"breadcrumb\":{\"@id\":\"https:\\\/\\\/www.agma.com\\\/sv\\\/grupo-modelo-del-av-anheuser-busch-inbev-agerar-pa-nettonoll-ambition-for-utslapp-med-avtal-om-solvarme-fran-absolicon\\\/#breadcrumb\"},\"inLanguage\":\"sv-SE\",\"potentialAction\":[{\"@type\":\"ReadAction\",\"target\":[\"https:\\\/\\\/www.agma.com\\\/sv\\\/grupo-modelo-del-av-anheuser-busch-inbev-agerar-pa-nettonoll-ambition-for-utslapp-med-avtal-om-solvarme-fran-absolicon\\\/\"]}]},{\"@type\":\"BreadcrumbList\",\"@id\":\"https:\\\/\\\/www.agma.com\\\/sv\\\/grupo-modelo-del-av-anheuser-busch-inbev-agerar-pa-nettonoll-ambition-for-utslapp-med-avtal-om-solvarme-fran-absolicon\\\/#breadcrumb\",\"itemListElement\":[{\"@type\":\"ListItem\",\"position\":1,\"name\":\"Home\",\"item\":\"https:\\\/\\\/www.agma.com\\\/sv\\\/\"},{\"@type\":\"ListItem\",\"position\":2,\"name\":\"Grupo Modelo, del av Anheuser-Busch InBev agerar p\u00e5 nettonoll-ambition f\u00f6r utsl\u00e4pp med avtal om solv\u00e4rme fr\u00e5n Absolicon\"}]},{\"@type\":\"WebSite\",\"@id\":\"https:\\\/\\\/www.agma.com\\\/sv\\\/#website\",\"url\":\"https:\\\/\\\/www.agma.com\\\/sv\\\/\",\"name\":\"Absolicon\",\"description\":\"\",\"publisher\":{\"@id\":\"https:\\\/\\\/www.agma.com\\\/sv\\\/#organization\"},\"potentialAction\":[{\"@type\":\"SearchAction\",\"target\":{\"@type\":\"EntryPoint\",\"urlTemplate\":\"https:\\\/\\\/www.agma.com\\\/sv\\\/?s={search_term_string}\"},\"query-input\":{\"@type\":\"PropertyValueSpecification\",\"valueRequired\":true,\"valueName\":\"search_term_string\"}}],\"inLanguage\":\"sv-SE\"},{\"@type\":\"Organization\",\"@id\":\"https:\\\/\\\/www.agma.com\\\/sv\\\/#organization\",\"name\":\"Absolicon\",\"url\":\"https:\\\/\\\/www.agma.com\\\/sv\\\/\",\"logo\":{\"@type\":\"ImageObject\",\"inLanguage\":\"sv-SE\",\"@id\":\"https:\\\/\\\/www.agma.com\\\/sv\\\/#\\\/schema\\\/logo\\\/image\\\/\",\"url\":\"https:\\\/\\\/www.agma.com\\\/wp-content\\\/uploads\\\/2026\\\/04\\\/logotype_neg_blk.svg\",\"contentUrl\":\"https:\\\/\\\/www.agma.com\\\/wp-content\\\/uploads\\\/2026\\\/04\\\/logotype_neg_blk.svg\",\"width\":705,\"height\":83,\"caption\":\"Absolicon\"},\"image\":{\"@id\":\"https:\\\/\\\/www.agma.com\\\/sv\\\/#\\\/schema\\\/logo\\\/image\\\/\"}},{\"@type\":\"Person\",\"@id\":\"https:\\\/\\\/www.agma.com\\\/sv\\\/#\\\/schema\\\/person\\\/6820b3ce1cc37edbaecc979090760d8b\",\"name\":\"jakubschenk\",\"image\":{\"@type\":\"ImageObject\",\"inLanguage\":\"sv-SE\",\"@id\":\"https:\\\/\\\/secure.gravatar.com\\\/avatar\\\/0ab843002d4a58702560e02354e5f9a3206e13bbfaa9df5a188e463870f605cd?s=96&d=mm&r=g\",\"url\":\"https:\\\/\\\/secure.gravatar.com\\\/avatar\\\/0ab843002d4a58702560e02354e5f9a3206e13bbfaa9df5a188e463870f605cd?s=96&d=mm&r=g\",\"contentUrl\":\"https:\\\/\\\/secure.gravatar.com\\\/avatar\\\/0ab843002d4a58702560e02354e5f9a3206e13bbfaa9df5a188e463870f605cd?s=96&d=mm&r=g\",\"caption\":\"jakubschenk\"},\"sameAs\":[\"https:\\\/\\\/www.agma.com\"],\"url\":\"https:\\\/\\\/www.agma.com\\\/sv\\\/author\\\/jakubschenk\\\/\"}]}<\/script>\n<!-- \/ Yoast SEO plugin. -->","yoast_head_json":{"title":"Grupo Modelo, del av Anheuser-Busch InBev agerar p\u00e5 nettonoll-ambition f\u00f6r utsl\u00e4pp med avtal om solv\u00e4rme fr\u00e5n Absolicon - Absolicon","robots":{"index":"index","follow":"follow","max-snippet":"max-snippet:-1","max-image-preview":"max-image-preview:large","max-video-preview":"max-video-preview:-1"},"canonical":"https:\/\/www.agma.com\/sv\/grupo-modelo-del-av-anheuser-busch-inbev-agerar-pa-nettonoll-ambition-for-utslapp-med-avtal-om-solvarme-fran-absolicon\/","og_locale":"sv_SE","og_type":"article","og_title":"Grupo Modelo, del av Anheuser-Busch InBev agerar p\u00e5 nettonoll-ambition f\u00f6r utsl\u00e4pp med avtal om solv\u00e4rme fr\u00e5n Absolicon - Absolicon","og_description":"Absolicon och Grupo Modelo, del av Anheuser-Busch &nbsp;InBev (AB InBev), genom Cervecer\u00eda Modelo del Centro, har tecknat avtal om en f\u00f6rsta solv\u00e4rmeinstallation vid Grupo Modelos nyaste och modernaste anl\u00e4ggning i Mexiko, bel\u00e4gen i Apan, Hidalgo. &nbsp;&nbsp; En f\u00f6rstudie fr\u00e5n Absolicon visar att den totala potentialen f\u00f6r solv\u00e4rmeinstallationer vid Grupo Modelos anl\u00e4ggningar i Mexiko \u00f6verstiger 180 [&hellip;]","og_url":"https:\/\/www.agma.com\/sv\/grupo-modelo-del-av-anheuser-busch-inbev-agerar-pa-nettonoll-ambition-for-utslapp-med-avtal-om-solvarme-fran-absolicon\/","og_site_name":"Absolicon","article_published_time":"2022-12-02T09:08:31+00:00","author":"jakubschenk","twitter_card":"summary_large_image","twitter_misc":{"Skriven av":"jakubschenk"},"schema":{"@context":"https:\/\/schema.org","@graph":[{"@type":"Article","@id":"https:\/\/www.agma.com\/sv\/grupo-modelo-del-av-anheuser-busch-inbev-agerar-pa-nettonoll-ambition-for-utslapp-med-avtal-om-solvarme-fran-absolicon\/#article","isPartOf":{"@id":"https:\/\/www.agma.com\/sv\/grupo-modelo-del-av-anheuser-busch-inbev-agerar-pa-nettonoll-ambition-for-utslapp-med-avtal-om-solvarme-fran-absolicon\/"},"author":{"name":"jakubschenk","@id":"https:\/\/www.agma.com\/sv\/#\/schema\/person\/6820b3ce1cc37edbaecc979090760d8b"},"headline":"Grupo Modelo, del av Anheuser-Busch InBev agerar p\u00e5 nettonoll-ambition f\u00f6r utsl\u00e4pp med avtal om solv\u00e4rme fr\u00e5n Absolicon","datePublished":"2022-12-02T09:08:31+00:00","mainEntityOfPage":{"@id":"https:\/\/www.agma.com\/sv\/grupo-modelo-del-av-anheuser-busch-inbev-agerar-pa-nettonoll-ambition-for-utslapp-med-avtal-om-solvarme-fran-absolicon\/"},"wordCount":764,"commentCount":0,"publisher":{"@id":"https:\/\/www.agma.com\/sv\/#organization"},"articleSection":["Pressrelease"],"inLanguage":"sv-SE","potentialAction":[{"@type":"CommentAction","name":"Comment","target":["https:\/\/www.agma.com\/sv\/grupo-modelo-del-av-anheuser-busch-inbev-agerar-pa-nettonoll-ambition-for-utslapp-med-avtal-om-solvarme-fran-absolicon\/#respond"]}]},{"@type":"WebPage","@id":"https:\/\/www.agma.com\/sv\/grupo-modelo-del-av-anheuser-busch-inbev-agerar-pa-nettonoll-ambition-for-utslapp-med-avtal-om-solvarme-fran-absolicon\/","url":"https:\/\/www.agma.com\/sv\/grupo-modelo-del-av-anheuser-busch-inbev-agerar-pa-nettonoll-ambition-for-utslapp-med-avtal-om-solvarme-fran-absolicon\/","name":"Grupo Modelo, del av Anheuser-Busch InBev agerar p\u00e5 nettonoll-ambition f\u00f6r utsl\u00e4pp med avtal om solv\u00e4rme fr\u00e5n Absolicon - Absolicon","isPartOf":{"@id":"https:\/\/www.agma.com\/sv\/#website"},"datePublished":"2022-12-02T09:08:31+00:00","breadcrumb":{"@id":"https:\/\/www.agma.com\/sv\/grupo-modelo-del-av-anheuser-busch-inbev-agerar-pa-nettonoll-ambition-for-utslapp-med-avtal-om-solvarme-fran-absolicon\/#breadcrumb"},"inLanguage":"sv-SE","potentialAction":[{"@type":"ReadAction","target":["https:\/\/www.agma.com\/sv\/grupo-modelo-del-av-anheuser-busch-inbev-agerar-pa-nettonoll-ambition-for-utslapp-med-avtal-om-solvarme-fran-absolicon\/"]}]},{"@type":"BreadcrumbList","@id":"https:\/\/www.agma.com\/sv\/grupo-modelo-del-av-anheuser-busch-inbev-agerar-pa-nettonoll-ambition-for-utslapp-med-avtal-om-solvarme-fran-absolicon\/#breadcrumb","itemListElement":[{"@type":"ListItem","position":1,"name":"Home","item":"https:\/\/www.agma.com\/sv\/"},{"@type":"ListItem","position":2,"name":"Grupo Modelo, del av Anheuser-Busch InBev agerar p\u00e5 nettonoll-ambition f\u00f6r utsl\u00e4pp med avtal om solv\u00e4rme fr\u00e5n Absolicon"}]},{"@type":"WebSite","@id":"https:\/\/www.agma.com\/sv\/#website","url":"https:\/\/www.agma.com\/sv\/","name":"Absolicon","description":"","publisher":{"@id":"https:\/\/www.agma.com\/sv\/#organization"},"potentialAction":[{"@type":"SearchAction","target":{"@type":"EntryPoint","urlTemplate":"https:\/\/www.agma.com\/sv\/?s={search_term_string}"},"query-input":{"@type":"PropertyValueSpecification","valueRequired":true,"valueName":"search_term_string"}}],"inLanguage":"sv-SE"},{"@type":"Organization","@id":"https:\/\/www.agma.com\/sv\/#organization","name":"Absolicon","url":"https:\/\/www.agma.com\/sv\/","logo":{"@type":"ImageObject","inLanguage":"sv-SE","@id":"https:\/\/www.agma.com\/sv\/#\/schema\/logo\/image\/","url":"https:\/\/www.agma.com\/wp-content\/uploads\/2026\/04\/logotype_neg_blk.svg","contentUrl":"https:\/\/www.agma.com\/wp-content\/uploads\/2026\/04\/logotype_neg_blk.svg","width":705,"height":83,"caption":"Absolicon"},"image":{"@id":"https:\/\/www.agma.com\/sv\/#\/schema\/logo\/image\/"}},{"@type":"Person","@id":"https:\/\/www.agma.com\/sv\/#\/schema\/person\/6820b3ce1cc37edbaecc979090760d8b","name":"jakubschenk","image":{"@type":"ImageObject","inLanguage":"sv-SE","@id":"https:\/\/secure.gravatar.com\/avatar\/0ab843002d4a58702560e02354e5f9a3206e13bbfaa9df5a188e463870f605cd?s=96&d=mm&r=g","url":"https:\/\/secure.gravatar.com\/avatar\/0ab843002d4a58702560e02354e5f9a3206e13bbfaa9df5a188e463870f605cd?s=96&d=mm&r=g","contentUrl":"https:\/\/secure.gravatar.com\/avatar\/0ab843002d4a58702560e02354e5f9a3206e13bbfaa9df5a188e463870f605cd?s=96&d=mm&r=g","caption":"jakubschenk"},"sameAs":["https:\/\/www.agma.com"],"url":"https:\/\/www.agma.com\/sv\/author\/jakubschenk\/"}]}},"_links":{"self":[{"href":"https:\/\/www.agma.com\/sv\/wp-json\/wp\/v2\/posts\/14328","targetHints":{"allow":["GET"]}}],"collection":[{"href":"https:\/\/www.agma.com\/sv\/wp-json\/wp\/v2\/posts"}],"about":[{"href":"https:\/\/www.agma.com\/sv\/wp-json\/wp\/v2\/types\/post"}],"author":[{"embeddable":true,"href":"https:\/\/www.agma.com\/sv\/wp-json\/wp\/v2\/users\/1"}],"replies":[{"embeddable":true,"href":"https:\/\/www.agma.com\/sv\/wp-json\/wp\/v2\/comments?post=14328"}],"version-history":[{"count":0,"href":"https:\/\/www.agma.com\/sv\/wp-json\/wp\/v2\/posts\/14328\/revisions"}],"wp:attachment":[{"href":"https:\/\/www.agma.com\/sv\/wp-json\/wp\/v2\/media?parent=14328"}],"wp:term":[{"taxonomy":"category","embeddable":true,"href":"https:\/\/www.agma.com\/sv\/wp-json\/wp\/v2\/categories?post=14328"},{"taxonomy":"post_tag","embeddable":true,"href":"https:\/\/www.agma.com\/sv\/wp-json\/wp\/v2\/tags?post=14328"}],"curies":[{"name":"wp","href":"https:\/\/api.w.org\/{rel}","templated":true}]}}