{"id":14454,"date":"2023-02-09T15:48:12","date_gmt":"2023-02-09T15:48:12","guid":{"rendered":"https:\/\/www.absolicon.com\/foretradesemission-om-120-msek-i-absolicon-med-salda-produktionslinor-avtal-med-livsmedelsjattarna-och-vaxande-volymer-blir-solvarme-en-stor-och-lonsam-affar\/"},"modified":"2023-02-20T09:09:51","modified_gmt":"2023-02-20T09:09:51","slug":"foretradesemission-om-120-msek-i-absolicon-med-salda-produktionslinor-avtal-med-livsmedelsjattarna-och-vaxande-volymer-blir-solvarme-en-stor-och-lonsam-affar","status":"publish","type":"post","link":"https:\/\/www.agma.com\/sv\/foretradesemission-om-120-msek-i-absolicon-med-salda-produktionslinor-avtal-med-livsmedelsjattarna-och-vaxande-volymer-blir-solvarme-en-stor-och-lonsam-affar\/","title":{"rendered":"F\u00f6retr\u00e4desemission om 120 MSEK i Absolicon: Med s\u00e5lda produktionslinor, avtal med livsmedelsj\u00e4ttarna och v\u00e4xande volymer blir solv\u00e4rme en stor och l\u00f6nsam aff\u00e4r"},"content":{"rendered":"<p><a href=\"https:\/\/www.agma.com\/sv\/investor\/emi23\/\">F\u00f6retr\u00e4desemission Absolicon 2023 &gt;&gt;<\/a><\/p>\n<p style=\"margin-bottom: 11px; margin-top: 12px;\"><span style=\"font-size: 11pt;\"><span style=\"font-family: arial,helvetica,sans-serif;\"><strong>Bakgrund till emissionen<\/strong><\/span><\/span><\/p>\n<p style=\"margin-bottom: 11px;\"><span style=\"font-size: 11pt;\"><span style=\"font-family: arial,helvetica,sans-serif;\">Absolicon skrev historia i december 2022 n\u00e4r avtalen f\u00f6r f\u00f6rs\u00e4ljning av tv\u00e5 robotiserade produktionslinor f\u00f6r tillverkning av koncentrerande solf\u00e5ngare skrevs under. F\u00f6rst i Kairo med Creative Power Solutions och strax efter med kanandesiska Phoenix Solar Thermal.<\/span><\/span><\/p>\n<p style=\"margin-bottom: 11px;\"><span style=\"font-size: 11pt;\"><span style=\"font-family: arial,helvetica,sans-serif;\">K\u00f6peskillingen f\u00f6r de tv\u00e5 produktionslinorna \u00e4r ca 86 miljoner kronor och tillsammans med materialf\u00f6rs\u00e4ljning och konsulttj\u00e4nster f\u00f6refaller Absolicons m\u00e5let om 100 miljoner i oms\u00e4ttning 2023 redan inom r\u00e4ckh\u00e5ll.<\/span><\/span><\/p>\n<p style=\"margin-bottom: 11px;\"><span style=\"font-size: 11pt;\"><span style=\"font-family: arial,helvetica,sans-serif;\">De s\u00e5lda produktionslinorna visar att Absolicons globala\/lokala aff\u00e4rsmodell fungerar. Absolicon bygger f\u00f6rtroende globalt f\u00f6r solv\u00e4rmetekniken hos de multinationella livsmedelsbolagen som skriver avtal om pilotanl\u00e4ggningar och betalar f\u00f6r f\u00f6rstudier, detta leder till f\u00f6rs\u00e4ljning lokalt av robotiserade produktionslinor som massproducerar solf\u00e5ngare till industrierna.<\/span><\/span><\/p>\n<p style=\"margin-bottom: 11px;\"><span style=\"font-size: 11pt;\"><span style=\"font-family: arial,helvetica,sans-serif;\">Att gasa eller bromsa \u00e4r hela tiden utmaningen i ett tillv\u00e4xtf\u00f6retag som Absolicon. Att vara f\u00f6rst och bygga en ny marknad kr\u00e4ver stora resurser. De tillf\u00f6rda resurserna har givit tydliga resultat: Absolicon har nu tv\u00e5 s\u00e5lda produktionslinor och genomf\u00f6r solv\u00e4rmeinstallationer hos bryggerif\u00f6retagen Carlsberg och Peroni.<\/span><\/span><\/p>\n<p style=\"margin-bottom: 11px;\"><span style=\"font-size: 11pt;\"><span style=\"font-family: arial,helvetica,sans-serif;\">Absolicon ska nu ytterligare h\u00f6ja f\u00f6rs\u00e4ljningstrycket med bolagets kraftfulla digitala verktyg som n\u00e5r nyckelpersoner djupt in i storbolagen. Vi har bevisat att detta effektivt bygger marknad f\u00f6r fler lokala produktionslinor. St\u00f6rre volymer och kostnadsminskningar f\u00f6r solv\u00e4rme ger stora int\u00e4ktsstr\u00f6mmar till Absolicon.<\/span><\/span><\/p>\n<p style=\"margin-bottom: 11px;\"><span style=\"font-size: 11pt;\"><span style=\"font-family: arial,helvetica,sans-serif;\">Vi genomf\u00f6r d\u00e4rf\u00f6r en nyemission och bed\u00f6mer nu att emissionslikviden skall vara tillr\u00e4cklig f\u00f6r att n\u00e5 god l\u00f6nsamhet i v\u00e5r f\u00f6rs\u00e4ljning av produktionslinor.<\/span><\/span><\/p>\n<p style=\"margin-bottom: 11px;\"><span style=\"font-size: 11pt;\"><span style=\"font-family: arial,helvetica,sans-serif;\">Absolicons framg\u00e5ngar \u00e4r ett resultat av ett systematiskt arbete med koncentrerad solenergi d\u00e4r strategin successivt f\u00f6rfinats. Kombinationen av v\u00e4rldsledande solv\u00e4rmeteknik, en globalt skalbar aff\u00e4rsmodell och ett skriande behov av f\u00f6rnyelsebar energi inom industrin \u00e4r en oslagbar uppst\u00e4llning.<\/span><\/span><\/p>\n<p style=\"margin-bottom: 11px;\"><span style=\"font-size: 11pt;\"><span style=\"font-family: arial,helvetica,sans-serif;\">Absolicon med partners har skriftliga avsiktsf\u00f6rklaringar, kommersiella avtal eller inkubatoravtal med 7 av de st\u00f6rsta f\u00f6retagen i v\u00e4rlden inom livsmedel och drycker. Livsmedelsindustrin har starka klimat\u00e5taganden, till exempel har Pepsico med 4000 buteljeringsfabriker \u00e5tagit sig minska sina utsl\u00e4pp med 75% till \u00e5r 2030.<\/span><\/span><\/p>\n<p style=\"margin-bottom: 11px;\"><span style=\"font-size: 11pt;\"><span style=\"font-family: arial,helvetica,sans-serif;\">De b\u00e5da internationella energiorganen IEA och IRENA har b\u00e5da solv\u00e4rme som en av de centrala l\u00f6sningarna f\u00f6r industrier i arbetet att n\u00e5 1,5 graders m\u00e5let. Sammantaget ligger investeringarna mellan 4000 miljarder kronor och 11 000 miljarder kronor. F\u00f6r att n\u00e5 m\u00e5len som beskrivs av IRENA och IEA kr\u00e4vs det hundratals produktionslinor f\u00f6r solf\u00e5ngare spridda \u00f6ver hela v\u00e4rlden.<\/span><\/span><\/p>\n<p style=\"margin-bottom: 11px;\"><span style=\"font-size: 11pt;\"><span style=\"font-family: arial,helvetica,sans-serif;\">Marknaden ligger \u00f6ppen f\u00f6r Absolicon som ser ett stort intresse f\u00f6r konceptet. De robotiserade \u201dminifabrikerna\u201d som massproducerar solf\u00e5ngare kommer att revolutionera v\u00e4rmef\u00f6rs\u00f6rjningen och ge energi till l\u00e4gre pris \u00e4n olja och gas.<\/span><\/span><\/p>\n<p style=\"margin-bottom: 11px;\"><span style=\"font-size: 11pt;\"><span style=\"font-family: arial,helvetica,sans-serif;\"><strong>F\u00f6retr\u00e4desemisson<\/strong><\/span><\/span><\/p>\n<p style=\"margin-bottom: 11px;\"><span style=\"font-size: 11pt;\"><span style=\"font-family: arial,helvetica,sans-serif;\">N\u00e4r f\u00f6rs\u00e4ljningen av produktionslinor nu tar fart beh\u00f6ver Absolicon ytterligare h\u00f6ja trycket i marknadsf\u00f6ring och f\u00f6rs\u00e4ljning. Bolaget har utvecklat kraftfulla verktyg f\u00f6r att n\u00e5 nyckelpersoner djupt in i kundernas organisationer. St\u00f6rre volymer och fortsatt utveckling minskar kostnaden f\u00f6r solv\u00e4rme ytterligare i en positiv spiral.<\/span><\/span><\/p>\n<p style=\"margin-bottom: 11px;\"><span style=\"font-size: 11pt;\"><span style=\"font-family: arial,helvetica,sans-serif;\">Styrelsen i Absolicon har d\u00e4rf\u00f6r i februari 2023 beslutat om en f\u00f6retr\u00e4desemisson av B-aktier. Vid fullteckning tillf\u00f6rs Absolicon ca 120 MSEK f\u00f6re emissionskostnader vilka ber\u00e4knas uppg\u00e5 till ca 5 MSEK. Nettolikviden f\u00f6rv\u00e4ntas anv\u00e4ndas till:<\/span><\/span><\/p>\n<p style=\"margin-bottom: 11px;\"><span style=\"font-size: 11pt;\"><span style=\"font-family: arial,helvetica,sans-serif;\">\u2022 F\u00f6rs\u00e4ljning och marknadsf\u00f6ringskostnader: 50%<\/span><\/span><\/p>\n<p style=\"margin-bottom: 11px;\"><span style=\"font-size: 11pt;\"><span style=\"font-family: arial,helvetica,sans-serif;\">\u2022 Pilotinstallationer med multinationella bolag: 30%<\/span><\/span><\/p>\n<p style=\"margin-bottom: 11px;\"><span style=\"font-size: 11pt;\"><span style=\"font-family: arial,helvetica,sans-serif;\">\u2022 Forskning &amp; utveckling: 20%<\/span><\/span><\/p>\n<p style=\"margin-bottom: 11px;\"><span style=\"font-size: 11pt;\"><span style=\"font-family: arial,helvetica,sans-serif;\">Emissionslikviden bed\u00f6ms vara tillr\u00e4cklig f\u00f6r att tillsammans med produktionslinepartners etablera l\u00f6nsam f\u00f6rs\u00e4ljning p\u00e5 flera marknader och n\u00e5 god l\u00f6nsamhet i v\u00e5r f\u00f6rs\u00e4ljning av produktionslinor. <\/span><\/span><\/p>\n<p style=\"margin-bottom: 11px;\"><span style=\"font-size: 11pt;\"><span style=\"font-family: arial,helvetica,sans-serif;\">20 Mkr av emissionen garanteras av Joakim Bystr\u00f6m och Olle Olsson. Teckningsgarantierna \u00e4r ej \u00e5terkallningsbara med inte s\u00e4kerst\u00e4llda.<\/span><\/span><\/p>\n<p><a href=\"https:\/\/www.agma.com\/sv\/investor\/emi23\/\">F\u00f6retr\u00e4desemission Absolicon 2023 &gt;&gt;<\/a><\/p>\n<p style=\"margin-bottom: 11px;\"><span style=\"font-size: 11pt;\"><span style=\"font-family: arial,helvetica,sans-serif;\"><strong>Tidsplan f\u00f6r F\u00f6retr\u00e4desemissionen<\/strong><\/span><\/span><\/p>\n<p style=\"margin-bottom: 11px;\"><span style=\"font-size: 11pt;\"><span style=\"font-family: arial,helvetica,sans-serif;\">Sista dag f\u00f6r handel i Bolagets aktie med r\u00e4tt att delta i emissionen: 2023-02-17<\/span><\/span><\/p>\n<p style=\"margin-bottom: 11px;\"><span style=\"font-size: 11pt;\"><span style=\"font-family: arial,helvetica,sans-serif;\">Avst\u00e4mningsdag:\u00a0 2023-02-21<\/span><\/span><\/p>\n<p style=\"margin-bottom: 11px;\"><span style=\"font-size: 11pt;\"><span style=\"font-family: arial,helvetica,sans-serif;\">F\u00f6rsta dag f\u00f6r handel i Bolagets aktie utan r\u00e4tt att delta i emissionen: 2023-02-20<\/span><\/span><\/p>\n<p style=\"margin-bottom: 11px;\"><span style=\"font-size: 11pt;\"><span style=\"font-family: arial,helvetica,sans-serif;\">Teckningsperiod: 2023-02-23 \u2013 2023-03-20<\/span><\/span><\/p>\n<p style=\"margin-bottom: 11px;\"><span style=\"font-size: 11pt;\"><span style=\"font-family: arial,helvetica,sans-serif;\">Handel med teckningsr\u00e4tter:\u00a0 2023-02-23 &#8211; 2023-03-15<\/span><\/span><\/p>\n<p style=\"margin-bottom: 11px;\"><span style=\"font-size: 11pt;\"><span style=\"font-family: arial,helvetica,sans-serif;\">Handel med BTA: 2023-02-23 \u2013 till dess att emissionen registrerats p\u00e5 Bolagsverket<\/span><\/span><\/p>\n<p style=\"margin-bottom: 11px;\"><span style=\"font-size: 11pt;\"><span style=\"font-family: arial,helvetica,sans-serif;\">Teckningsresultatet offentligg\u00f6rs: 2023-03-22 (p\u00e5 eftermiddagen)<\/span><\/span><\/p>\n<p style=\"margin-bottom: 11px;\"><span style=\"font-size: 11pt;\"><span style=\"font-family: arial,helvetica,sans-serif;\">Emissionen registreras p\u00e5 Bolagsverket: Ber\u00e4knas ske vecka 15<\/span><\/span><\/p>\n<p style=\"margin-bottom: 11px;\"><span style=\"font-size: 11pt;\"><span style=\"font-family: arial,helvetica,sans-serif;\"><strong>Emissionsvillkor<\/strong><\/span><\/span><\/p>\n<p style=\"margin-bottom: 11px;\"><span style=\"font-size: 11pt;\"><span style=\"font-family: arial,helvetica,sans-serif;\">F\u00f6r varje innehavd aktie p\u00e5 avst\u00e4mningsdagen erh\u00e5lls tv\u00e5 (2) teckningsr\u00e4tter. Fem (5) teckningsr\u00e4tter ger r\u00e4tt att k\u00f6pa en (1) ny B-aktie till teckningskursen 90 kr. Teckningsperioden l\u00f6per fr\u00e5n den 23 februari till och med den 20 mars 2023.<\/span><\/span><\/p>\n<p style=\"margin-bottom: 11px;\"><span style=\"font-size: 11pt;\"><span style=\"font-family: arial,helvetica,sans-serif;\">Emissionen omfattar h\u00f6gst 1 333 722 aktier, varvid antalet aktier \u00f6kar fr\u00e5n 3 334 305 aktier till 4 668 027 aktier. Aktiekapitalet \u00f6kar vid full teckning med 1 333\u00a0722 kr till 4 668\u00a0027 kr.<\/span><\/span><\/p>\n<p style=\"margin-bottom: 11px;\"><span style=\"font-size: 11pt;\"><span style=\"font-family: arial,helvetica,sans-serif;\"><strong>Tilldelningsprinciper<\/strong><\/span><\/span><\/p>\n<p style=\"margin-bottom: 11px;\"><span style=\"font-size: 11pt;\"><span style=\"font-family: arial,helvetica,sans-serif;\">Om inte alla teckningsr\u00e4tter anv\u00e4nds f\u00f6r teckning av nya B-aktier skall styrelsen besluta om tilldelning av B-aktier tecknade utan f\u00f6retr\u00e4desr\u00e4tt enligt f\u00f6ljande.<\/span><\/span><\/p>\n<p style=\"margin-bottom: 11px;\"><span style=\"font-size: 11pt;\"><span style=\"font-family: arial,helvetica,sans-serif;\"><em>I f\u00f6rsta hand<\/em> och i syfte att uppn\u00e5 en god \u00e4garspridning skall tilldelning av B-aktier tecknade utan f\u00f6retr\u00e4de, ske till var och en som tecknat utan st\u00f6d av teckningsr\u00e4tter varvid tilldelning skall ske med 20 aktier vardera. Vid \u00f6verteckning skall tilldelning ske genom lottning. \u00a0<\/span><\/span><\/p>\n<p style=\"margin-bottom: 11px;\"><span style=\"font-size: 11pt;\"><span style=\"font-family: arial,helvetica,sans-serif;\"><em>I andra hand<\/em> till de som tecknat B-aktier med st\u00f6d av teckningsr\u00e4tter, oavsett om tecknaren var aktie\u00e4gare p\u00e5 avst\u00e4mningsdagen eller inte, och vid \u00f6verteckning ska tilldelning ske pro-rata i f\u00f6rh\u00e5llande till det antal teckningsr\u00e4tter som utnyttjats f\u00f6r teckning och, i den m\u00e5n detta inte kan ske, genom lottning.<\/span><\/span><\/p>\n<p style=\"margin-bottom: 11px;\"><span style=\"font-size: 11pt;\"><span style=\"font-family: arial,helvetica,sans-serif;\"><em>I tredje hand<\/em> ska tilldelning av B-aktier som tecknats utan st\u00f6d av teckningsr\u00e4tter ske till andra som endast anm\u00e4lt sig f\u00f6r teckning utan st\u00f6d av teckningsr\u00e4tter, och vid \u00f6verteckning, ska tilldelning ske pro-rata i f\u00f6rh\u00e5llande till det antal B-aktier som var och en har anm\u00e4lt f\u00f6r teckning och, i den m\u00e5n detta inte kan ske, genom lottning.<\/span><\/span><\/p>\n<p style=\"margin-bottom: 11px;\"><span style=\"font-size: 11pt;\"><span style=\"font-family: arial,helvetica,sans-serif;\"><em>I sista hand<\/em> ska tilldelning av B-aktier som tecknats utan st\u00f6d i teckningsr\u00e4tter ske till dem som genom avtal ing\u00e5tt garanti\u00e5tagande i egenskap av emissionsgaranter i f\u00f6rh\u00e5llande till det belopp som var och en garanterat f\u00f6r teckning och, i den m\u00e5n detta inte kan ske, genom lottning.<\/span><\/span><\/p>\n<p style=\"margin-bottom: 11px;\"><span style=\"font-size: 11pt;\"><span style=\"font-family: arial,helvetica,sans-serif;\"><strong>Teckningsf\u00f6rbindelser<\/strong><\/span><\/span><\/p>\n<p style=\"margin-bottom: 11px;\"><span style=\"font-size: 11pt;\"><span style=\"font-family: arial,helvetica,sans-serif;\">Bolaget har erh\u00e5llit teckningsf\u00f6rbindelser om sammanlagt 20 MSEK, motsvarande 17% av teckningsbeloppet fr\u00e5n Bolagets vd och huvud\u00e4gare Joakim Bystr\u00f6m samt styrelseledamot Olle Olsson. Bolaget har ej beg\u00e4rt s\u00e4kerhet f\u00f6r fullg\u00f6randet av garantierna.<\/span><\/span><\/p>\n<p><a href=\"https:\/\/www.agma.com\/sv\/fortydligande-om-garanter-i-absolicons-foretradesemission\/\">2023-02-17: F\u00f6rtydligande g\u00e4llande garantif\u00f6rbindelser<\/a><\/p>\n<p style=\"margin-bottom: 11px;\"><span style=\"font-size: 11pt;\"><span style=\"font-family: arial,helvetica,sans-serif;\"><strong>Betalning av tecknade B-aktier<\/strong><\/span><\/span><\/p>\n<p style=\"margin-bottom: 11px;\"><span style=\"font-size: 11pt;\"><span style=\"font-family: arial,helvetica,sans-serif;\">Betalning av B-aktier tecknade med f\u00f6retr\u00e4de skall ske genom samtidig betalning. Betalning av B-aktier tecknade utan f\u00f6retr\u00e4desr\u00e4tt skall ske enligt uts\u00e4nd avr\u00e4kningsnota dock senast fem bankdagar efter sista teckningsdag.<\/span><\/span><\/p>\n<p style=\"margin-bottom: 11px;\"><span style=\"font-size: 11pt;\"><span style=\"font-family: arial,helvetica,sans-serif;\">Styrelsen i Bolaget \u00e4ger r\u00e4tt att f\u00f6rl\u00e4nga tecknings- och betaltiden.<\/span><\/span><\/p>\n<p style=\"margin-bottom: 11px;\"><span style=\"font-size: 11pt;\"><span style=\"font-family: arial,helvetica,sans-serif;\">De nya aktierna medf\u00f6r r\u00e4tt till vinstutdelning f\u00f6rsta g\u00e5ngen p\u00e5 den avst\u00e4mningsdag f\u00f6r utdelning som infaller n\u00e4rmast efter det att nyemissionen har registrerats hos Bolagsverket och aktierna inf\u00f6rts i aktieboken hos Euroclear Sweden AB.<\/span><\/span><\/p>\n<p style=\"margin-bottom: 11px;\"><span style=\"font-size: 11pt;\"><span style=\"font-family: arial,helvetica,sans-serif;\"><strong>Marknadsf\u00f6ring under emissionsperioden<\/strong><\/span><\/span><\/p>\n<p style=\"margin-bottom: 11px;\"><span style=\"font-size: 11pt;\"><span style=\"font-family: arial,helvetica,sans-serif;\">Hittills har alla Absolicons emissioner varit \u00f6vertecknade. Det beror delvis p\u00e5 att bolaget har ett inarbetat system f\u00f6r att under teckningsperioden mycket kostnadseffektivt n\u00e5 ut med information om verksamheten i Sverige. Med helsidesannonser i dagspress, e-nyhetsbrev, poddar och internetannonsering n\u00e5r Absolicons marknadsf\u00f6ring hundratusentals m\u00e4nniskor.<\/span><\/span><\/p>\n<p style=\"margin-bottom: 11px;\"><span style=\"font-size: 11pt;\"><span style=\"font-family: arial,helvetica,sans-serif;\">En viktig del i Absolicons mission \u00e4r utbildning om v\u00e4rdet med solv\u00e4rme och d\u00e4r arbetar vi med Absolicons eget magasin som kommer ut f\u00f6r \u00e5ttonde \u00e5ret och trycks i drygt 70 000 exemplar. Magasinet g\u00e5r till alla aktie\u00e4gare, men skickas \u00e4ven ut med Aktiespararen och finns i Placeringsguiden.<\/span><\/span><\/p>\n<p style=\"margin-bottom: 11px;\"><span style=\"font-size: 11pt;\"><span style=\"font-family: arial,helvetica,sans-serif;\">Absolicon Magasinet 2023 kan redan nu laddas ner p\u00e5:<a href=\"https:\/\/www.agma.com\/sv\/press-nyheter\/absolicon-magasin\/\">\u00a0absolicon.se\/magasinet<\/a><\/span><\/span><\/p>\n<p style=\"margin-bottom: 11px;\"><span style=\"font-size: 11pt;\"><span style=\"font-family: arial,helvetica,sans-serif;\">Marknadsf\u00f6ringskampanjens final kommer p\u00e5 Absolicondagen den 18 mars d\u00e4r vi bjuder in alla aktie\u00e4gare till H\u00e4rn\u00f6sand f\u00f6r en gala p\u00e5 teatern och bes\u00f6k i produktionslinan och p\u00e5 v\u00e5ra installationer.<\/span><\/span><\/p>\n<p><a href=\"https:\/\/www.agma.com\/sv\/investor\/emi23\/\">F\u00f6retr\u00e4desemission Absolicon 2023 &gt;&gt;<\/a><\/p>\n<p>Denna information \u00e4r s\u00e5dan som Absolicon \u00e4r skyldigt att offentligg\u00f6ra enligt EU:s marknadsmissbruksf\u00f6rordning (EU nr 596\/2014). Informationen l\u00e4mnades, genom angiven kontaktpersons f\u00f6rsorg, f\u00f6r offentligg\u00f6rande 2023-02-09 16:48 CET.<\/p>\n","protected":false},"excerpt":{"rendered":"<p>F\u00f6retr\u00e4desemission Absolicon 2023 &gt;&gt; Bakgrund till emissionen Absolicon skrev historia i december 2022 n\u00e4r avtalen f\u00f6r f\u00f6rs\u00e4ljning av tv\u00e5 robotiserade produktionslinor f\u00f6r tillverkning av koncentrerande solf\u00e5ngare skrevs under. F\u00f6rst i Kairo med Creative Power Solutions och strax efter med kanandesiska Phoenix Solar Thermal. K\u00f6peskillingen f\u00f6r de tv\u00e5 produktionslinorna \u00e4r ca 86 miljoner kronor och tillsammans [&hellip;]<\/p>\n","protected":false},"author":1,"featured_media":0,"comment_status":"open","ping_status":"open","sticky":false,"template":"","format":"standard","meta":{"_acf_changed":false,"footnotes":""},"categories":[23],"tags":[],"class_list":["post-14454","post","type-post","status-publish","format-standard","hentry","category-pressrelease"],"acf":[],"yoast_head":"<!-- This site is optimized with the Yoast SEO plugin v27.4 - https:\/\/yoast.com\/product\/yoast-seo-wordpress\/ -->\n<title>F\u00f6retr\u00e4desemission om 120 MSEK i Absolicon: Med s\u00e5lda produktionslinor, avtal med livsmedelsj\u00e4ttarna och v\u00e4xande volymer blir solv\u00e4rme en stor och l\u00f6nsam aff\u00e4r - Absolicon<\/title>\n<meta name=\"robots\" content=\"index, follow, max-snippet:-1, max-image-preview:large, max-video-preview:-1\" \/>\n<link rel=\"canonical\" href=\"https:\/\/www.agma.com\/sv\/foretradesemission-om-120-msek-i-absolicon-med-salda-produktionslinor-avtal-med-livsmedelsjattarna-och-vaxande-volymer-blir-solvarme-en-stor-och-lonsam-affar\/\" \/>\n<meta property=\"og:locale\" content=\"sv_SE\" \/>\n<meta property=\"og:type\" content=\"article\" \/>\n<meta property=\"og:title\" content=\"F\u00f6retr\u00e4desemission om 120 MSEK i Absolicon: Med s\u00e5lda produktionslinor, avtal med livsmedelsj\u00e4ttarna och v\u00e4xande volymer blir solv\u00e4rme en stor och l\u00f6nsam aff\u00e4r - Absolicon\" \/>\n<meta property=\"og:description\" content=\"F\u00f6retr\u00e4desemission Absolicon 2023 &gt;&gt; Bakgrund till emissionen Absolicon skrev historia i december 2022 n\u00e4r avtalen f\u00f6r f\u00f6rs\u00e4ljning av tv\u00e5 robotiserade produktionslinor f\u00f6r tillverkning av koncentrerande solf\u00e5ngare skrevs under. F\u00f6rst i Kairo med Creative Power Solutions och strax efter med kanandesiska Phoenix Solar Thermal. K\u00f6peskillingen f\u00f6r de tv\u00e5 produktionslinorna \u00e4r ca 86 miljoner kronor och tillsammans [&hellip;]\" \/>\n<meta property=\"og:url\" content=\"https:\/\/www.agma.com\/sv\/foretradesemission-om-120-msek-i-absolicon-med-salda-produktionslinor-avtal-med-livsmedelsjattarna-och-vaxande-volymer-blir-solvarme-en-stor-och-lonsam-affar\/\" \/>\n<meta property=\"og:site_name\" content=\"Absolicon\" \/>\n<meta property=\"article:published_time\" content=\"2023-02-09T15:48:12+00:00\" \/>\n<meta property=\"article:modified_time\" content=\"2023-02-20T09:09:51+00:00\" \/>\n<meta name=\"author\" content=\"jakubschenk\" \/>\n<meta name=\"twitter:card\" content=\"summary_large_image\" \/>\n<meta name=\"twitter:label1\" content=\"Skriven av\" \/>\n\t<meta name=\"twitter:data1\" content=\"jakubschenk\" \/>\n<script type=\"application\/ld+json\" class=\"yoast-schema-graph\">{\"@context\":\"https:\\\/\\\/schema.org\",\"@graph\":[{\"@type\":\"Article\",\"@id\":\"https:\\\/\\\/www.agma.com\\\/sv\\\/foretradesemission-om-120-msek-i-absolicon-med-salda-produktionslinor-avtal-med-livsmedelsjattarna-och-vaxande-volymer-blir-solvarme-en-stor-och-lonsam-affar\\\/#article\",\"isPartOf\":{\"@id\":\"https:\\\/\\\/www.agma.com\\\/sv\\\/foretradesemission-om-120-msek-i-absolicon-med-salda-produktionslinor-avtal-med-livsmedelsjattarna-och-vaxande-volymer-blir-solvarme-en-stor-och-lonsam-affar\\\/\"},\"author\":{\"name\":\"jakubschenk\",\"@id\":\"https:\\\/\\\/www.agma.com\\\/sv\\\/#\\\/schema\\\/person\\\/6820b3ce1cc37edbaecc979090760d8b\"},\"headline\":\"F\u00f6retr\u00e4desemission om 120 MSEK i Absolicon: Med s\u00e5lda produktionslinor, avtal med livsmedelsj\u00e4ttarna och v\u00e4xande volymer blir solv\u00e4rme en stor och l\u00f6nsam aff\u00e4r\",\"datePublished\":\"2023-02-09T15:48:12+00:00\",\"dateModified\":\"2023-02-20T09:09:51+00:00\",\"mainEntityOfPage\":{\"@id\":\"https:\\\/\\\/www.agma.com\\\/sv\\\/foretradesemission-om-120-msek-i-absolicon-med-salda-produktionslinor-avtal-med-livsmedelsjattarna-och-vaxande-volymer-blir-solvarme-en-stor-och-lonsam-affar\\\/\"},\"wordCount\":1416,\"commentCount\":0,\"publisher\":{\"@id\":\"https:\\\/\\\/www.agma.com\\\/sv\\\/#organization\"},\"articleSection\":[\"Pressrelease\"],\"inLanguage\":\"sv-SE\",\"potentialAction\":[{\"@type\":\"CommentAction\",\"name\":\"Comment\",\"target\":[\"https:\\\/\\\/www.agma.com\\\/sv\\\/foretradesemission-om-120-msek-i-absolicon-med-salda-produktionslinor-avtal-med-livsmedelsjattarna-och-vaxande-volymer-blir-solvarme-en-stor-och-lonsam-affar\\\/#respond\"]}]},{\"@type\":\"WebPage\",\"@id\":\"https:\\\/\\\/www.agma.com\\\/sv\\\/foretradesemission-om-120-msek-i-absolicon-med-salda-produktionslinor-avtal-med-livsmedelsjattarna-och-vaxande-volymer-blir-solvarme-en-stor-och-lonsam-affar\\\/\",\"url\":\"https:\\\/\\\/www.agma.com\\\/sv\\\/foretradesemission-om-120-msek-i-absolicon-med-salda-produktionslinor-avtal-med-livsmedelsjattarna-och-vaxande-volymer-blir-solvarme-en-stor-och-lonsam-affar\\\/\",\"name\":\"F\u00f6retr\u00e4desemission om 120 MSEK i Absolicon: Med s\u00e5lda produktionslinor, avtal med livsmedelsj\u00e4ttarna och v\u00e4xande volymer blir solv\u00e4rme en stor och l\u00f6nsam aff\u00e4r - Absolicon\",\"isPartOf\":{\"@id\":\"https:\\\/\\\/www.agma.com\\\/sv\\\/#website\"},\"datePublished\":\"2023-02-09T15:48:12+00:00\",\"dateModified\":\"2023-02-20T09:09:51+00:00\",\"breadcrumb\":{\"@id\":\"https:\\\/\\\/www.agma.com\\\/sv\\\/foretradesemission-om-120-msek-i-absolicon-med-salda-produktionslinor-avtal-med-livsmedelsjattarna-och-vaxande-volymer-blir-solvarme-en-stor-och-lonsam-affar\\\/#breadcrumb\"},\"inLanguage\":\"sv-SE\",\"potentialAction\":[{\"@type\":\"ReadAction\",\"target\":[\"https:\\\/\\\/www.agma.com\\\/sv\\\/foretradesemission-om-120-msek-i-absolicon-med-salda-produktionslinor-avtal-med-livsmedelsjattarna-och-vaxande-volymer-blir-solvarme-en-stor-och-lonsam-affar\\\/\"]}]},{\"@type\":\"BreadcrumbList\",\"@id\":\"https:\\\/\\\/www.agma.com\\\/sv\\\/foretradesemission-om-120-msek-i-absolicon-med-salda-produktionslinor-avtal-med-livsmedelsjattarna-och-vaxande-volymer-blir-solvarme-en-stor-och-lonsam-affar\\\/#breadcrumb\",\"itemListElement\":[{\"@type\":\"ListItem\",\"position\":1,\"name\":\"Home\",\"item\":\"https:\\\/\\\/www.agma.com\\\/sv\\\/\"},{\"@type\":\"ListItem\",\"position\":2,\"name\":\"F\u00f6retr\u00e4desemission om 120 MSEK i Absolicon: Med s\u00e5lda produktionslinor, avtal med livsmedelsj\u00e4ttarna och v\u00e4xande volymer blir solv\u00e4rme en stor och l\u00f6nsam aff\u00e4r\"}]},{\"@type\":\"WebSite\",\"@id\":\"https:\\\/\\\/www.agma.com\\\/sv\\\/#website\",\"url\":\"https:\\\/\\\/www.agma.com\\\/sv\\\/\",\"name\":\"Absolicon\",\"description\":\"\",\"publisher\":{\"@id\":\"https:\\\/\\\/www.agma.com\\\/sv\\\/#organization\"},\"potentialAction\":[{\"@type\":\"SearchAction\",\"target\":{\"@type\":\"EntryPoint\",\"urlTemplate\":\"https:\\\/\\\/www.agma.com\\\/sv\\\/?s={search_term_string}\"},\"query-input\":{\"@type\":\"PropertyValueSpecification\",\"valueRequired\":true,\"valueName\":\"search_term_string\"}}],\"inLanguage\":\"sv-SE\"},{\"@type\":\"Organization\",\"@id\":\"https:\\\/\\\/www.agma.com\\\/sv\\\/#organization\",\"name\":\"Absolicon\",\"url\":\"https:\\\/\\\/www.agma.com\\\/sv\\\/\",\"logo\":{\"@type\":\"ImageObject\",\"inLanguage\":\"sv-SE\",\"@id\":\"https:\\\/\\\/www.agma.com\\\/sv\\\/#\\\/schema\\\/logo\\\/image\\\/\",\"url\":\"https:\\\/\\\/www.agma.com\\\/wp-content\\\/uploads\\\/2026\\\/04\\\/logotype_neg_blk.svg\",\"contentUrl\":\"https:\\\/\\\/www.agma.com\\\/wp-content\\\/uploads\\\/2026\\\/04\\\/logotype_neg_blk.svg\",\"width\":705,\"height\":83,\"caption\":\"Absolicon\"},\"image\":{\"@id\":\"https:\\\/\\\/www.agma.com\\\/sv\\\/#\\\/schema\\\/logo\\\/image\\\/\"}},{\"@type\":\"Person\",\"@id\":\"https:\\\/\\\/www.agma.com\\\/sv\\\/#\\\/schema\\\/person\\\/6820b3ce1cc37edbaecc979090760d8b\",\"name\":\"jakubschenk\",\"image\":{\"@type\":\"ImageObject\",\"inLanguage\":\"sv-SE\",\"@id\":\"https:\\\/\\\/secure.gravatar.com\\\/avatar\\\/0ab843002d4a58702560e02354e5f9a3206e13bbfaa9df5a188e463870f605cd?s=96&d=mm&r=g\",\"url\":\"https:\\\/\\\/secure.gravatar.com\\\/avatar\\\/0ab843002d4a58702560e02354e5f9a3206e13bbfaa9df5a188e463870f605cd?s=96&d=mm&r=g\",\"contentUrl\":\"https:\\\/\\\/secure.gravatar.com\\\/avatar\\\/0ab843002d4a58702560e02354e5f9a3206e13bbfaa9df5a188e463870f605cd?s=96&d=mm&r=g\",\"caption\":\"jakubschenk\"},\"sameAs\":[\"https:\\\/\\\/www.agma.com\"],\"url\":\"https:\\\/\\\/www.agma.com\\\/sv\\\/author\\\/jakubschenk\\\/\"}]}<\/script>\n<!-- \/ Yoast SEO plugin. -->","yoast_head_json":{"title":"F\u00f6retr\u00e4desemission om 120 MSEK i Absolicon: Med s\u00e5lda produktionslinor, avtal med livsmedelsj\u00e4ttarna och v\u00e4xande volymer blir solv\u00e4rme en stor och l\u00f6nsam aff\u00e4r - Absolicon","robots":{"index":"index","follow":"follow","max-snippet":"max-snippet:-1","max-image-preview":"max-image-preview:large","max-video-preview":"max-video-preview:-1"},"canonical":"https:\/\/www.agma.com\/sv\/foretradesemission-om-120-msek-i-absolicon-med-salda-produktionslinor-avtal-med-livsmedelsjattarna-och-vaxande-volymer-blir-solvarme-en-stor-och-lonsam-affar\/","og_locale":"sv_SE","og_type":"article","og_title":"F\u00f6retr\u00e4desemission om 120 MSEK i Absolicon: Med s\u00e5lda produktionslinor, avtal med livsmedelsj\u00e4ttarna och v\u00e4xande volymer blir solv\u00e4rme en stor och l\u00f6nsam aff\u00e4r - Absolicon","og_description":"F\u00f6retr\u00e4desemission Absolicon 2023 &gt;&gt; Bakgrund till emissionen Absolicon skrev historia i december 2022 n\u00e4r avtalen f\u00f6r f\u00f6rs\u00e4ljning av tv\u00e5 robotiserade produktionslinor f\u00f6r tillverkning av koncentrerande solf\u00e5ngare skrevs under. F\u00f6rst i Kairo med Creative Power Solutions och strax efter med kanandesiska Phoenix Solar Thermal. K\u00f6peskillingen f\u00f6r de tv\u00e5 produktionslinorna \u00e4r ca 86 miljoner kronor och tillsammans [&hellip;]","og_url":"https:\/\/www.agma.com\/sv\/foretradesemission-om-120-msek-i-absolicon-med-salda-produktionslinor-avtal-med-livsmedelsjattarna-och-vaxande-volymer-blir-solvarme-en-stor-och-lonsam-affar\/","og_site_name":"Absolicon","article_published_time":"2023-02-09T15:48:12+00:00","article_modified_time":"2023-02-20T09:09:51+00:00","author":"jakubschenk","twitter_card":"summary_large_image","twitter_misc":{"Skriven av":"jakubschenk"},"schema":{"@context":"https:\/\/schema.org","@graph":[{"@type":"Article","@id":"https:\/\/www.agma.com\/sv\/foretradesemission-om-120-msek-i-absolicon-med-salda-produktionslinor-avtal-med-livsmedelsjattarna-och-vaxande-volymer-blir-solvarme-en-stor-och-lonsam-affar\/#article","isPartOf":{"@id":"https:\/\/www.agma.com\/sv\/foretradesemission-om-120-msek-i-absolicon-med-salda-produktionslinor-avtal-med-livsmedelsjattarna-och-vaxande-volymer-blir-solvarme-en-stor-och-lonsam-affar\/"},"author":{"name":"jakubschenk","@id":"https:\/\/www.agma.com\/sv\/#\/schema\/person\/6820b3ce1cc37edbaecc979090760d8b"},"headline":"F\u00f6retr\u00e4desemission om 120 MSEK i Absolicon: Med s\u00e5lda produktionslinor, avtal med livsmedelsj\u00e4ttarna och v\u00e4xande volymer blir solv\u00e4rme en stor och l\u00f6nsam aff\u00e4r","datePublished":"2023-02-09T15:48:12+00:00","dateModified":"2023-02-20T09:09:51+00:00","mainEntityOfPage":{"@id":"https:\/\/www.agma.com\/sv\/foretradesemission-om-120-msek-i-absolicon-med-salda-produktionslinor-avtal-med-livsmedelsjattarna-och-vaxande-volymer-blir-solvarme-en-stor-och-lonsam-affar\/"},"wordCount":1416,"commentCount":0,"publisher":{"@id":"https:\/\/www.agma.com\/sv\/#organization"},"articleSection":["Pressrelease"],"inLanguage":"sv-SE","potentialAction":[{"@type":"CommentAction","name":"Comment","target":["https:\/\/www.agma.com\/sv\/foretradesemission-om-120-msek-i-absolicon-med-salda-produktionslinor-avtal-med-livsmedelsjattarna-och-vaxande-volymer-blir-solvarme-en-stor-och-lonsam-affar\/#respond"]}]},{"@type":"WebPage","@id":"https:\/\/www.agma.com\/sv\/foretradesemission-om-120-msek-i-absolicon-med-salda-produktionslinor-avtal-med-livsmedelsjattarna-och-vaxande-volymer-blir-solvarme-en-stor-och-lonsam-affar\/","url":"https:\/\/www.agma.com\/sv\/foretradesemission-om-120-msek-i-absolicon-med-salda-produktionslinor-avtal-med-livsmedelsjattarna-och-vaxande-volymer-blir-solvarme-en-stor-och-lonsam-affar\/","name":"F\u00f6retr\u00e4desemission om 120 MSEK i Absolicon: Med s\u00e5lda produktionslinor, avtal med livsmedelsj\u00e4ttarna och v\u00e4xande volymer blir solv\u00e4rme en stor och l\u00f6nsam aff\u00e4r - Absolicon","isPartOf":{"@id":"https:\/\/www.agma.com\/sv\/#website"},"datePublished":"2023-02-09T15:48:12+00:00","dateModified":"2023-02-20T09:09:51+00:00","breadcrumb":{"@id":"https:\/\/www.agma.com\/sv\/foretradesemission-om-120-msek-i-absolicon-med-salda-produktionslinor-avtal-med-livsmedelsjattarna-och-vaxande-volymer-blir-solvarme-en-stor-och-lonsam-affar\/#breadcrumb"},"inLanguage":"sv-SE","potentialAction":[{"@type":"ReadAction","target":["https:\/\/www.agma.com\/sv\/foretradesemission-om-120-msek-i-absolicon-med-salda-produktionslinor-avtal-med-livsmedelsjattarna-och-vaxande-volymer-blir-solvarme-en-stor-och-lonsam-affar\/"]}]},{"@type":"BreadcrumbList","@id":"https:\/\/www.agma.com\/sv\/foretradesemission-om-120-msek-i-absolicon-med-salda-produktionslinor-avtal-med-livsmedelsjattarna-och-vaxande-volymer-blir-solvarme-en-stor-och-lonsam-affar\/#breadcrumb","itemListElement":[{"@type":"ListItem","position":1,"name":"Home","item":"https:\/\/www.agma.com\/sv\/"},{"@type":"ListItem","position":2,"name":"F\u00f6retr\u00e4desemission om 120 MSEK i Absolicon: Med s\u00e5lda produktionslinor, avtal med livsmedelsj\u00e4ttarna och v\u00e4xande volymer blir solv\u00e4rme en stor och l\u00f6nsam aff\u00e4r"}]},{"@type":"WebSite","@id":"https:\/\/www.agma.com\/sv\/#website","url":"https:\/\/www.agma.com\/sv\/","name":"Absolicon","description":"","publisher":{"@id":"https:\/\/www.agma.com\/sv\/#organization"},"potentialAction":[{"@type":"SearchAction","target":{"@type":"EntryPoint","urlTemplate":"https:\/\/www.agma.com\/sv\/?s={search_term_string}"},"query-input":{"@type":"PropertyValueSpecification","valueRequired":true,"valueName":"search_term_string"}}],"inLanguage":"sv-SE"},{"@type":"Organization","@id":"https:\/\/www.agma.com\/sv\/#organization","name":"Absolicon","url":"https:\/\/www.agma.com\/sv\/","logo":{"@type":"ImageObject","inLanguage":"sv-SE","@id":"https:\/\/www.agma.com\/sv\/#\/schema\/logo\/image\/","url":"https:\/\/www.agma.com\/wp-content\/uploads\/2026\/04\/logotype_neg_blk.svg","contentUrl":"https:\/\/www.agma.com\/wp-content\/uploads\/2026\/04\/logotype_neg_blk.svg","width":705,"height":83,"caption":"Absolicon"},"image":{"@id":"https:\/\/www.agma.com\/sv\/#\/schema\/logo\/image\/"}},{"@type":"Person","@id":"https:\/\/www.agma.com\/sv\/#\/schema\/person\/6820b3ce1cc37edbaecc979090760d8b","name":"jakubschenk","image":{"@type":"ImageObject","inLanguage":"sv-SE","@id":"https:\/\/secure.gravatar.com\/avatar\/0ab843002d4a58702560e02354e5f9a3206e13bbfaa9df5a188e463870f605cd?s=96&d=mm&r=g","url":"https:\/\/secure.gravatar.com\/avatar\/0ab843002d4a58702560e02354e5f9a3206e13bbfaa9df5a188e463870f605cd?s=96&d=mm&r=g","contentUrl":"https:\/\/secure.gravatar.com\/avatar\/0ab843002d4a58702560e02354e5f9a3206e13bbfaa9df5a188e463870f605cd?s=96&d=mm&r=g","caption":"jakubschenk"},"sameAs":["https:\/\/www.agma.com"],"url":"https:\/\/www.agma.com\/sv\/author\/jakubschenk\/"}]}},"_links":{"self":[{"href":"https:\/\/www.agma.com\/sv\/wp-json\/wp\/v2\/posts\/14454","targetHints":{"allow":["GET"]}}],"collection":[{"href":"https:\/\/www.agma.com\/sv\/wp-json\/wp\/v2\/posts"}],"about":[{"href":"https:\/\/www.agma.com\/sv\/wp-json\/wp\/v2\/types\/post"}],"author":[{"embeddable":true,"href":"https:\/\/www.agma.com\/sv\/wp-json\/wp\/v2\/users\/1"}],"replies":[{"embeddable":true,"href":"https:\/\/www.agma.com\/sv\/wp-json\/wp\/v2\/comments?post=14454"}],"version-history":[{"count":2,"href":"https:\/\/www.agma.com\/sv\/wp-json\/wp\/v2\/posts\/14454\/revisions"}],"predecessor-version":[{"id":14506,"href":"https:\/\/www.agma.com\/sv\/wp-json\/wp\/v2\/posts\/14454\/revisions\/14506"}],"wp:attachment":[{"href":"https:\/\/www.agma.com\/sv\/wp-json\/wp\/v2\/media?parent=14454"}],"wp:term":[{"taxonomy":"category","embeddable":true,"href":"https:\/\/www.agma.com\/sv\/wp-json\/wp\/v2\/categories?post=14454"},{"taxonomy":"post_tag","embeddable":true,"href":"https:\/\/www.agma.com\/sv\/wp-json\/wp\/v2\/tags?post=14454"}],"curies":[{"name":"wp","href":"https:\/\/api.w.org\/{rel}","templated":true}]}}