{"id":14483,"date":"2023-02-16T16:40:13","date_gmt":"2023-02-16T16:40:13","guid":{"rendered":"https:\/\/www.absolicon.com\/prospekt-registrerat\/"},"modified":"2023-02-20T09:08:31","modified_gmt":"2023-02-20T09:08:31","slug":"prospekt-registrerat2023","status":"publish","type":"post","link":"https:\/\/www.agma.com\/sv\/prospekt-registrerat2023\/","title":{"rendered":"Prospekt registrerat (2023)"},"content":{"rendered":"<p style=\"margin-bottom: 11px; margin-top: 12px;\"><span style=\"font-size: 11pt;\"><span style=\"font-family: arial,helvetica,sans-serif;\">Teckningstiden i f\u00f6retr\u00e4desemissionen l\u00f6per den 23 februari \u2013 20 mars 2023. De som p\u00e5 avst\u00e4mningsdagen den 21 februari var aktie\u00e4gare i Absolicon erh\u00e5ller (2) teckningsr\u00e4tter. Fem (5) teckningsr\u00e4tter ger r\u00e4tt att k\u00f6pa en (1) ny B-aktie till teckningskursen 90 kr.<\/span><\/span><\/p>\n<p><a href=\"https:\/\/www.agma.com\/sv\/emissionsdokument-2023\/\">Emissionsdokument &gt;&gt;\u00a0<\/a><\/p>\n<p style=\"margin-bottom: 11px;\"><span style=\"font-size: 11pt;\"><span style=\"font-family: arial,helvetica,sans-serif;\">Handel med teckningsr\u00e4tter p\u00e5g\u00e5r fr\u00e5n och med 23 februari till 15 mars 2023.<\/span><\/span><\/p>\n<p style=\"margin-bottom: 11px;\"><span style=\"font-size: 11pt;\"><span style=\"font-family: arial,helvetica,sans-serif;\">Den som erh\u00e5llit eller f\u00f6rv\u00e4rvat teckningsr\u00e4tter \u00e4ger r\u00e4tt till tilldelning. H\u00e4rut\u00f6ver erbjuds andra investerare att anm\u00e4la intresse om teckning av nya aktier utan f\u00f6retr\u00e4desr\u00e4tt. F\u00f6r att fr\u00e4mja \u00e4garspridning kommer vid \u00f6verteckning poster om 20 aktier att lottas ut bland alla tecknare.<br \/>\nAnm\u00e4lan kan ske med BankId p\u00e5 www.hagberganeborn.se.<\/span><\/span><\/p>\n<p style=\"margin-bottom: 11px;\"><span style=\"font-size: 11pt;\"><span style=\"font-family: arial,helvetica,sans-serif;\">Bolaget har erh\u00e5llit teckningsf\u00f6rbindelser om sammanlagt 20 MSEK, motsvarande 17% av teckningsbeloppet fr\u00e5n Bolagets vd och huvud\u00e4gare Joakim Bystr\u00f6m samt styrelseledamot Olle Olsson.<\/span><\/span><\/p>\n<p><a href=\"https:\/\/www.agma.com\/sv\/fortydligande-om-garanter-i-absolicons-foretradesemission\/\">2023-02-17: F\u00f6rtydligande g\u00e4llande garantif\u00f6rbindelser<\/a><\/p>\n<p style=\"margin-bottom: 11px;\"><span style=\"font-size: 11pt;\"><span style=\"font-family: arial,helvetica,sans-serif;\">Presentationer av f\u00f6retr\u00e4desemissionen kommer att h\u00e5llas p\u00e5 f\u00f6ljande datum:<\/span><\/span><\/p>\n<p style=\"margin-bottom: 11px;\"><span style=\"font-size: 11pt;\"><span style=\"font-family: arial,helvetica,sans-serif;\">Sm\u00e5bolagspodden 28 februari <\/span><\/span><\/p>\n<p style=\"margin-bottom: 11px;\"><span style=\"font-size: 11pt;\"><span style=\"font-family: arial,helvetica,sans-serif;\">Absolicondagen Online 6 mars <\/span><\/span><\/p>\n<p style=\"margin-bottom: 11px;\"><span style=\"font-size: 11pt;\"><span style=\"font-family: arial,helvetica,sans-serif;\">Aktiepodden 17 mars<\/span><\/span><\/p>\n<p style=\"margin-bottom: 11px;\"><span style=\"font-size: 11pt;\"><span style=\"font-family: arial,helvetica,sans-serif;\">Absolicondagen H\u00e4rn\u00f6sand 18 mars <\/span><\/span><\/p>\n<p style=\"margin-bottom: 11px;\"><span style=\"font-size: 11pt;\"><span style=\"font-family: arial,helvetica,sans-serif;\">Ytterligare presentationer tillkommer, uppdaterad lista finns p\u00e5 <a href=\"https:\/\/www.agma.com\/sv\/presentationer-nyemission-2023\/\">hittar du h\u00e4r.<\/a><\/span><\/span><\/p>\n","protected":false},"excerpt":{"rendered":"<p>Teckningstiden i f\u00f6retr\u00e4desemissionen l\u00f6per den 23 februari \u2013 20 mars 2023. De som p\u00e5 avst\u00e4mningsdagen den 21 februari var aktie\u00e4gare i Absolicon erh\u00e5ller (2) teckningsr\u00e4tter. Fem (5) teckningsr\u00e4tter ger r\u00e4tt att k\u00f6pa en (1) ny B-aktie till teckningskursen 90 kr. Emissionsdokument &gt;&gt;\u00a0 Handel med teckningsr\u00e4tter p\u00e5g\u00e5r fr\u00e5n och med 23 februari till 15 mars 2023. [&hellip;]<\/p>\n","protected":false},"author":1,"featured_media":0,"comment_status":"open","ping_status":"open","sticky":false,"template":"","format":"standard","meta":{"_acf_changed":false,"footnotes":""},"categories":[23],"tags":[],"class_list":["post-14483","post","type-post","status-publish","format-standard","hentry","category-pressrelease"],"acf":[],"yoast_head":"<!-- This site is optimized with the Yoast SEO plugin v27.4 - https:\/\/yoast.com\/product\/yoast-seo-wordpress\/ -->\n<title>Prospekt registrerat (2023) - Absolicon<\/title>\n<meta name=\"robots\" content=\"index, follow, max-snippet:-1, max-image-preview:large, max-video-preview:-1\" \/>\n<link rel=\"canonical\" href=\"https:\/\/www.agma.com\/sv\/prospekt-registrerat2023\/\" \/>\n<meta property=\"og:locale\" content=\"sv_SE\" \/>\n<meta property=\"og:type\" content=\"article\" \/>\n<meta property=\"og:title\" content=\"Prospekt registrerat (2023) - Absolicon\" \/>\n<meta property=\"og:description\" content=\"Teckningstiden i f\u00f6retr\u00e4desemissionen l\u00f6per den 23 februari \u2013 20 mars 2023. De som p\u00e5 avst\u00e4mningsdagen den 21 februari var aktie\u00e4gare i Absolicon erh\u00e5ller (2) teckningsr\u00e4tter. Fem (5) teckningsr\u00e4tter ger r\u00e4tt att k\u00f6pa en (1) ny B-aktie till teckningskursen 90 kr. Emissionsdokument &gt;&gt;\u00a0 Handel med teckningsr\u00e4tter p\u00e5g\u00e5r fr\u00e5n och med 23 februari till 15 mars 2023. [&hellip;]\" \/>\n<meta property=\"og:url\" content=\"https:\/\/www.agma.com\/sv\/prospekt-registrerat2023\/\" \/>\n<meta property=\"og:site_name\" content=\"Absolicon\" \/>\n<meta property=\"article:published_time\" content=\"2023-02-16T16:40:13+00:00\" \/>\n<meta property=\"article:modified_time\" content=\"2023-02-20T09:08:31+00:00\" \/>\n<meta name=\"author\" content=\"jakubschenk\" \/>\n<meta name=\"twitter:card\" content=\"summary_large_image\" \/>\n<meta name=\"twitter:label1\" content=\"Skriven av\" \/>\n\t<meta name=\"twitter:data1\" content=\"jakubschenk\" \/>\n<script type=\"application\/ld+json\" class=\"yoast-schema-graph\">{\"@context\":\"https:\\\/\\\/schema.org\",\"@graph\":[{\"@type\":\"Article\",\"@id\":\"https:\\\/\\\/www.agma.com\\\/sv\\\/prospekt-registrerat2023\\\/#article\",\"isPartOf\":{\"@id\":\"https:\\\/\\\/www.agma.com\\\/sv\\\/prospekt-registrerat2023\\\/\"},\"author\":{\"name\":\"jakubschenk\",\"@id\":\"https:\\\/\\\/www.agma.com\\\/sv\\\/#\\\/schema\\\/person\\\/6820b3ce1cc37edbaecc979090760d8b\"},\"headline\":\"Prospekt registrerat (2023)\",\"datePublished\":\"2023-02-16T16:40:13+00:00\",\"dateModified\":\"2023-02-20T09:08:31+00:00\",\"mainEntityOfPage\":{\"@id\":\"https:\\\/\\\/www.agma.com\\\/sv\\\/prospekt-registrerat2023\\\/\"},\"wordCount\":194,\"commentCount\":0,\"publisher\":{\"@id\":\"https:\\\/\\\/www.agma.com\\\/sv\\\/#organization\"},\"articleSection\":[\"Pressrelease\"],\"inLanguage\":\"sv-SE\",\"potentialAction\":[{\"@type\":\"CommentAction\",\"name\":\"Comment\",\"target\":[\"https:\\\/\\\/www.agma.com\\\/sv\\\/prospekt-registrerat2023\\\/#respond\"]}]},{\"@type\":\"WebPage\",\"@id\":\"https:\\\/\\\/www.agma.com\\\/sv\\\/prospekt-registrerat2023\\\/\",\"url\":\"https:\\\/\\\/www.agma.com\\\/sv\\\/prospekt-registrerat2023\\\/\",\"name\":\"Prospekt registrerat (2023) - Absolicon\",\"isPartOf\":{\"@id\":\"https:\\\/\\\/www.agma.com\\\/sv\\\/#website\"},\"datePublished\":\"2023-02-16T16:40:13+00:00\",\"dateModified\":\"2023-02-20T09:08:31+00:00\",\"breadcrumb\":{\"@id\":\"https:\\\/\\\/www.agma.com\\\/sv\\\/prospekt-registrerat2023\\\/#breadcrumb\"},\"inLanguage\":\"sv-SE\",\"potentialAction\":[{\"@type\":\"ReadAction\",\"target\":[\"https:\\\/\\\/www.agma.com\\\/sv\\\/prospekt-registrerat2023\\\/\"]}]},{\"@type\":\"BreadcrumbList\",\"@id\":\"https:\\\/\\\/www.agma.com\\\/sv\\\/prospekt-registrerat2023\\\/#breadcrumb\",\"itemListElement\":[{\"@type\":\"ListItem\",\"position\":1,\"name\":\"Home\",\"item\":\"https:\\\/\\\/www.agma.com\\\/sv\\\/\"},{\"@type\":\"ListItem\",\"position\":2,\"name\":\"Prospekt registrerat (2023)\"}]},{\"@type\":\"WebSite\",\"@id\":\"https:\\\/\\\/www.agma.com\\\/sv\\\/#website\",\"url\":\"https:\\\/\\\/www.agma.com\\\/sv\\\/\",\"name\":\"Absolicon\",\"description\":\"\",\"publisher\":{\"@id\":\"https:\\\/\\\/www.agma.com\\\/sv\\\/#organization\"},\"potentialAction\":[{\"@type\":\"SearchAction\",\"target\":{\"@type\":\"EntryPoint\",\"urlTemplate\":\"https:\\\/\\\/www.agma.com\\\/sv\\\/?s={search_term_string}\"},\"query-input\":{\"@type\":\"PropertyValueSpecification\",\"valueRequired\":true,\"valueName\":\"search_term_string\"}}],\"inLanguage\":\"sv-SE\"},{\"@type\":\"Organization\",\"@id\":\"https:\\\/\\\/www.agma.com\\\/sv\\\/#organization\",\"name\":\"Absolicon\",\"url\":\"https:\\\/\\\/www.agma.com\\\/sv\\\/\",\"logo\":{\"@type\":\"ImageObject\",\"inLanguage\":\"sv-SE\",\"@id\":\"https:\\\/\\\/www.agma.com\\\/sv\\\/#\\\/schema\\\/logo\\\/image\\\/\",\"url\":\"https:\\\/\\\/www.agma.com\\\/wp-content\\\/uploads\\\/2026\\\/04\\\/logotype_neg_blk.svg\",\"contentUrl\":\"https:\\\/\\\/www.agma.com\\\/wp-content\\\/uploads\\\/2026\\\/04\\\/logotype_neg_blk.svg\",\"width\":705,\"height\":83,\"caption\":\"Absolicon\"},\"image\":{\"@id\":\"https:\\\/\\\/www.agma.com\\\/sv\\\/#\\\/schema\\\/logo\\\/image\\\/\"}},{\"@type\":\"Person\",\"@id\":\"https:\\\/\\\/www.agma.com\\\/sv\\\/#\\\/schema\\\/person\\\/6820b3ce1cc37edbaecc979090760d8b\",\"name\":\"jakubschenk\",\"image\":{\"@type\":\"ImageObject\",\"inLanguage\":\"sv-SE\",\"@id\":\"https:\\\/\\\/secure.gravatar.com\\\/avatar\\\/0ab843002d4a58702560e02354e5f9a3206e13bbfaa9df5a188e463870f605cd?s=96&d=mm&r=g\",\"url\":\"https:\\\/\\\/secure.gravatar.com\\\/avatar\\\/0ab843002d4a58702560e02354e5f9a3206e13bbfaa9df5a188e463870f605cd?s=96&d=mm&r=g\",\"contentUrl\":\"https:\\\/\\\/secure.gravatar.com\\\/avatar\\\/0ab843002d4a58702560e02354e5f9a3206e13bbfaa9df5a188e463870f605cd?s=96&d=mm&r=g\",\"caption\":\"jakubschenk\"},\"sameAs\":[\"https:\\\/\\\/www.agma.com\"],\"url\":\"https:\\\/\\\/www.agma.com\\\/sv\\\/author\\\/jakubschenk\\\/\"}]}<\/script>\n<!-- \/ Yoast SEO plugin. -->","yoast_head_json":{"title":"Prospekt registrerat (2023) - Absolicon","robots":{"index":"index","follow":"follow","max-snippet":"max-snippet:-1","max-image-preview":"max-image-preview:large","max-video-preview":"max-video-preview:-1"},"canonical":"https:\/\/www.agma.com\/sv\/prospekt-registrerat2023\/","og_locale":"sv_SE","og_type":"article","og_title":"Prospekt registrerat (2023) - Absolicon","og_description":"Teckningstiden i f\u00f6retr\u00e4desemissionen l\u00f6per den 23 februari \u2013 20 mars 2023. De som p\u00e5 avst\u00e4mningsdagen den 21 februari var aktie\u00e4gare i Absolicon erh\u00e5ller (2) teckningsr\u00e4tter. Fem (5) teckningsr\u00e4tter ger r\u00e4tt att k\u00f6pa en (1) ny B-aktie till teckningskursen 90 kr. Emissionsdokument &gt;&gt;\u00a0 Handel med teckningsr\u00e4tter p\u00e5g\u00e5r fr\u00e5n och med 23 februari till 15 mars 2023. [&hellip;]","og_url":"https:\/\/www.agma.com\/sv\/prospekt-registrerat2023\/","og_site_name":"Absolicon","article_published_time":"2023-02-16T16:40:13+00:00","article_modified_time":"2023-02-20T09:08:31+00:00","author":"jakubschenk","twitter_card":"summary_large_image","twitter_misc":{"Skriven av":"jakubschenk"},"schema":{"@context":"https:\/\/schema.org","@graph":[{"@type":"Article","@id":"https:\/\/www.agma.com\/sv\/prospekt-registrerat2023\/#article","isPartOf":{"@id":"https:\/\/www.agma.com\/sv\/prospekt-registrerat2023\/"},"author":{"name":"jakubschenk","@id":"https:\/\/www.agma.com\/sv\/#\/schema\/person\/6820b3ce1cc37edbaecc979090760d8b"},"headline":"Prospekt registrerat (2023)","datePublished":"2023-02-16T16:40:13+00:00","dateModified":"2023-02-20T09:08:31+00:00","mainEntityOfPage":{"@id":"https:\/\/www.agma.com\/sv\/prospekt-registrerat2023\/"},"wordCount":194,"commentCount":0,"publisher":{"@id":"https:\/\/www.agma.com\/sv\/#organization"},"articleSection":["Pressrelease"],"inLanguage":"sv-SE","potentialAction":[{"@type":"CommentAction","name":"Comment","target":["https:\/\/www.agma.com\/sv\/prospekt-registrerat2023\/#respond"]}]},{"@type":"WebPage","@id":"https:\/\/www.agma.com\/sv\/prospekt-registrerat2023\/","url":"https:\/\/www.agma.com\/sv\/prospekt-registrerat2023\/","name":"Prospekt registrerat (2023) - Absolicon","isPartOf":{"@id":"https:\/\/www.agma.com\/sv\/#website"},"datePublished":"2023-02-16T16:40:13+00:00","dateModified":"2023-02-20T09:08:31+00:00","breadcrumb":{"@id":"https:\/\/www.agma.com\/sv\/prospekt-registrerat2023\/#breadcrumb"},"inLanguage":"sv-SE","potentialAction":[{"@type":"ReadAction","target":["https:\/\/www.agma.com\/sv\/prospekt-registrerat2023\/"]}]},{"@type":"BreadcrumbList","@id":"https:\/\/www.agma.com\/sv\/prospekt-registrerat2023\/#breadcrumb","itemListElement":[{"@type":"ListItem","position":1,"name":"Home","item":"https:\/\/www.agma.com\/sv\/"},{"@type":"ListItem","position":2,"name":"Prospekt registrerat (2023)"}]},{"@type":"WebSite","@id":"https:\/\/www.agma.com\/sv\/#website","url":"https:\/\/www.agma.com\/sv\/","name":"Absolicon","description":"","publisher":{"@id":"https:\/\/www.agma.com\/sv\/#organization"},"potentialAction":[{"@type":"SearchAction","target":{"@type":"EntryPoint","urlTemplate":"https:\/\/www.agma.com\/sv\/?s={search_term_string}"},"query-input":{"@type":"PropertyValueSpecification","valueRequired":true,"valueName":"search_term_string"}}],"inLanguage":"sv-SE"},{"@type":"Organization","@id":"https:\/\/www.agma.com\/sv\/#organization","name":"Absolicon","url":"https:\/\/www.agma.com\/sv\/","logo":{"@type":"ImageObject","inLanguage":"sv-SE","@id":"https:\/\/www.agma.com\/sv\/#\/schema\/logo\/image\/","url":"https:\/\/www.agma.com\/wp-content\/uploads\/2026\/04\/logotype_neg_blk.svg","contentUrl":"https:\/\/www.agma.com\/wp-content\/uploads\/2026\/04\/logotype_neg_blk.svg","width":705,"height":83,"caption":"Absolicon"},"image":{"@id":"https:\/\/www.agma.com\/sv\/#\/schema\/logo\/image\/"}},{"@type":"Person","@id":"https:\/\/www.agma.com\/sv\/#\/schema\/person\/6820b3ce1cc37edbaecc979090760d8b","name":"jakubschenk","image":{"@type":"ImageObject","inLanguage":"sv-SE","@id":"https:\/\/secure.gravatar.com\/avatar\/0ab843002d4a58702560e02354e5f9a3206e13bbfaa9df5a188e463870f605cd?s=96&d=mm&r=g","url":"https:\/\/secure.gravatar.com\/avatar\/0ab843002d4a58702560e02354e5f9a3206e13bbfaa9df5a188e463870f605cd?s=96&d=mm&r=g","contentUrl":"https:\/\/secure.gravatar.com\/avatar\/0ab843002d4a58702560e02354e5f9a3206e13bbfaa9df5a188e463870f605cd?s=96&d=mm&r=g","caption":"jakubschenk"},"sameAs":["https:\/\/www.agma.com"],"url":"https:\/\/www.agma.com\/sv\/author\/jakubschenk\/"}]}},"_links":{"self":[{"href":"https:\/\/www.agma.com\/sv\/wp-json\/wp\/v2\/posts\/14483","targetHints":{"allow":["GET"]}}],"collection":[{"href":"https:\/\/www.agma.com\/sv\/wp-json\/wp\/v2\/posts"}],"about":[{"href":"https:\/\/www.agma.com\/sv\/wp-json\/wp\/v2\/types\/post"}],"author":[{"embeddable":true,"href":"https:\/\/www.agma.com\/sv\/wp-json\/wp\/v2\/users\/1"}],"replies":[{"embeddable":true,"href":"https:\/\/www.agma.com\/sv\/wp-json\/wp\/v2\/comments?post=14483"}],"version-history":[{"count":2,"href":"https:\/\/www.agma.com\/sv\/wp-json\/wp\/v2\/posts\/14483\/revisions"}],"predecessor-version":[{"id":14505,"href":"https:\/\/www.agma.com\/sv\/wp-json\/wp\/v2\/posts\/14483\/revisions\/14505"}],"wp:attachment":[{"href":"https:\/\/www.agma.com\/sv\/wp-json\/wp\/v2\/media?parent=14483"}],"wp:term":[{"taxonomy":"category","embeddable":true,"href":"https:\/\/www.agma.com\/sv\/wp-json\/wp\/v2\/categories?post=14483"},{"taxonomy":"post_tag","embeddable":true,"href":"https:\/\/www.agma.com\/sv\/wp-json\/wp\/v2\/tags?post=14483"}],"curies":[{"name":"wp","href":"https:\/\/api.w.org\/{rel}","templated":true}]}}