{"id":14503,"date":"2023-02-17T15:00:32","date_gmt":"2023-02-17T15:00:32","guid":{"rendered":"https:\/\/www.absolicon.com\/bokslutskommunike-2022\/"},"modified":"2023-02-17T15:00:32","modified_gmt":"2023-02-17T15:00:32","slug":"bokslutskommunike-2022","status":"publish","type":"post","link":"https:\/\/www.agma.com\/sv\/bokslutskommunike-2022\/","title":{"rendered":"Bokslutskommunik\u00e9 2022"},"content":{"rendered":"<p style=\"margin-bottom:11px;margin-top:12px\"><strong><span><span><span style=\"font-size:10pt\"><span><span style=\"font-family:arial,helvetica,sans-serif\">Vd Joakim Bystr\u00f6m: Tv\u00e5 s\u00e5lda linor f\u00f6r lokal massproduktion till globala kunder \u2013 nu kan vi ta land f\u00f6r land<\/span><\/span><\/span><\/span><\/span><\/strong><\/p>\n<p style=\"margin-bottom:11px\"><span><span style=\"font-size:11pt\"><span><span style=\"font-family:arial,helvetica,sans-serif\"><span style=\"font-size:10pt\"><span><span style=\"font-family:arial,helvetica,sans-serif\">Vi skrev historia i december 2022 n\u00e4r vi f\u00f6rst i Kairo signerade k\u00f6peavtal med Creative Power Solutions och sedan i en digital ceremoni skrev under k\u00f6peavtal med kanadensiska Phoenix<\/span><\/span><\/span> <span style=\"font-size:10pt\"><span><span style=\"font-family:arial,helvetica,sans-serif\">Nu har vi s\u00e5lt tv\u00e5 \u201dminifabriker\u201d f\u00f6r lokal produktion av v\u00e5ra koncentrerande solf\u00e5ngare, och har fler p\u00e5 g\u00e5ng. S\u00e5 h\u00e4r bygger vi land f\u00f6r land ett globalt n\u00e4tverk av lokala tillverkare som massproducerar v\u00e5ra solf\u00e5ngare.<\/span><\/span><\/span><\/span><\/span><\/span><\/span><\/p>\n<p style=\"margin-bottom:11px\"><span><span><span style=\"font-size:10pt\"><span><span style=\"font-family:arial,helvetica,sans-serif\">Sammanlagda k\u00f6peskillingen \u00e4r motsvarande 86 MSEK och tillsammans med materialf\u00f6rs\u00e4ljning och konsulttj\u00e4nster k\u00e4nns m\u00e5let om 100 miljoner i oms\u00e4ttning \u00e5r 2023 redan inom r\u00e4ckh\u00e5ll.<\/span><\/span><\/span><\/span><\/span><\/p>\n<p style=\"margin-bottom:11px\"><span><span><span style=\"font-size:10pt\"><span><span style=\"font-family:arial,helvetica,sans-serif\">De s\u00e5lda produktionslinorna visar att v\u00e5r globala\/lokala aff\u00e4rsmodell fungerar &#8211; Absolicon bygger f\u00f6rtroende f\u00f6r solv\u00e4rmetekniken globalt hos de multinationella livsmedelsbolagen som skriver avtal om pilotanl\u00e4ggningar och betalar f\u00f6r f\u00f6rstudier. Detta leder till f\u00f6rs\u00e4ljning lokalt av robotiserade produktionslinor, kompletta \u201dminifabriker\u201d, som massproducerar solf\u00e5ngare till industrierna.<\/span><\/span><\/span><\/span><\/span><\/p>\n<p style=\"margin-bottom:11px\"><span><span><span style=\"font-size:10pt\"><span><span style=\"font-family:arial,helvetica,sans-serif\">Vi \u00e4r i slutfasen av installationen av solv\u00e4rmeanl\u00e4ggningar hos Carlsberg och Peroni. P\u00e5 Carlsberg har vi redan producerat f\u00f6rsta \u00e5ngan. Peroni ligger p\u00e5 oss f\u00f6r att snabbt f\u00e5 anl\u00e4ggningen i drift. Vi ser att dessa konkreta exempel p\u00e5 solv\u00e4rme i livsmedelsindustrin blir genombrottet f\u00f6r industriell solv\u00e4rme.<\/span><\/span><\/span><\/span><\/span><\/p>\n<p style=\"margin-bottom:11px\"><span><span><span style=\"font-size:10pt\"><span><span style=\"font-family:arial,helvetica,sans-serif\">Marknadsf\u00f6ringen av invigningarna \u00e4r centrala i v\u00e5r f\u00f6rs\u00e4ljningsstrategi till industrier f\u00f6r 2023. P\u00e5 samma s\u00e4tt \u00e4r marknadsf\u00f6ringen av de tv\u00e5 s\u00e5lda produktionslinorna centrala f\u00f6r att s\u00e4lja fler linor. Med dessa kunder blir kommande f\u00f6rs\u00e4ljning mycket enklare.<\/span><\/span><\/span><\/span><\/span><\/p>\n<p style=\"margin-bottom:11px\"><span><span><span style=\"font-size:10pt\"><span><span style=\"font-family:arial,helvetica,sans-serif\">Detta inneb\u00e4r att vi kan ytterligare h\u00f6ja f\u00f6rs\u00e4ljningstrycket med bolagets kraftfulla digitala verktyg som n\u00e5r nyckelpersoner djupt in i storbolagen. Vi har bevisat att detta effektivt bygger marknad f\u00f6r fler lokala produktionslinor. St\u00f6rre volymer och kostnadsminskningar f\u00f6r solv\u00e4rme ger stora int\u00e4ktsstr\u00f6mmar till Absolicon.<\/span><\/span><\/span><\/span><\/span><\/p>\n<p style=\"margin-bottom:11px\"><span><span><span style=\"font-size:10pt\"><span><span style=\"font-family:arial,helvetica,sans-serif\">Absolicons framg\u00e5ngar \u00e4r ett resultat av ett systematiskt arbete med koncentrerad solenergi d\u00e4r strategin successivt f\u00f6rfinats. Kombinationen av v\u00e4rldsledande solv\u00e4rmeteknik, en globalt skalbar aff\u00e4rsmodell och ett skriande behov av f\u00f6rnyelsebar energi inom industrin \u00e4r en oslagbar uppst\u00e4llning. Det \u00e4r nu givet att ta in mer kapital f\u00f6r att kraftfullt v\u00e4xla upp v\u00e5ra framg\u00e5ngar.<\/span><\/span><\/span><\/span><\/span><\/p>\n<p style=\"margin-bottom:11px\"><span><span><span style=\"font-size:10pt\"><span><span style=\"font-family:arial,helvetica,sans-serif\">I huvudsak skall kapitalet fr\u00e5n emissionen anv\u00e4ndas till f\u00f6rs\u00e4ljning och marknadsf\u00f6ring. Vi har starka budskap: vi visar f\u00f6rst hur industrin kan st\u00e4lla om sin v\u00e4rmef\u00f6rs\u00f6rjning och sedan att en lokal partner kan tj\u00e4na pengar p\u00e5 att investera i en \u201dminifabrik\u201d fr\u00e5n Absolicon vilken massproducerar solf\u00e5ngarna som beh\u00f6vs.<\/span><\/span><\/span><\/span><\/span><\/p>\n<p style=\"margin-bottom:11px\"><span><span><span style=\"font-size:10pt\"><span><span style=\"font-family:arial,helvetica,sans-serif\">Nyemissionen som beslutades 9 februari tillf\u00f6r fulltecknad 120 MSEK vilket bed\u00f6ms vara tillr\u00e4cklig f\u00f6r att tillsammans med produktionslinepartners etablera l\u00f6nsam f\u00f6rs\u00e4ljning p\u00e5 flera marknader och n\u00e5 god l\u00f6nsamhet i v\u00e5r f\u00f6rs\u00e4ljning av produktionslinor.<\/span><\/span><\/span><\/span><\/span><\/p>\n<p style=\"margin-bottom:11px\"><span><span><span style=\"font-size:10pt\"><span><span style=\"font-family:arial,helvetica,sans-serif\">V\u00e5ra uppdaterade marknadsanalyser visar p\u00e5 hur planerna f\u00f6r att klara 1,5\u00b0C m\u00e5let inneh\u00e5ller solf\u00e5ngare f\u00f6r industriprocesser f\u00f6r mellan 4 000 och 11&nbsp;000 miljarder kronor till \u00e5r 2050. Marknaden ligger \u00f6ppen f\u00f6r oss och vi ser mycket stort intresse f\u00f6r v\u00e5rt koncept.<\/span><\/span><\/span><\/span><\/span><\/p>\n<p style=\"margin-bottom:11px\"><span><span><span style=\"font-size:10pt\"><span><span style=\"font-family:arial,helvetica,sans-serif\">De robotiserade produktionslinorna som massproducerar solf\u00e5ngare kommer att revolutionera v\u00e4rmef\u00f6rs\u00f6rjningen och ge energi till l\u00e4gre pris \u00e4n olja och gas.<\/span><\/span><\/span><\/span><\/span><\/p>\n<p style=\"margin-bottom:11px\"><span><span><em><span style=\"font-size:10pt\"><span><span style=\"font-family:arial,helvetica,sans-serif\">Joakim Bystr\u00f6m, CEO Absolicon Solar Collector AB<\/span><\/span><\/span><\/em><\/span><\/span><\/p>\n<p style=\"margin-bottom:11px\"><span><span><strong><span style=\"font-size:10pt\"><span><span style=\"font-family:arial,helvetica,sans-serif\">Finansiella m\u00e5l<\/span><\/span><\/span><\/strong><\/span><\/span><\/p>\n<p style=\"margin-bottom:11px\"><span><span><span style=\"font-size:10pt\"><span><span style=\"font-family:arial,helvetica,sans-serif\">\u2022 Absolicon skall senast 2023 oms\u00e4tta 100 miljoner kronor.<\/span><\/span><\/span><\/span><\/span><\/p>\n<p style=\"margin-bottom:11px\"><span><span><span style=\"font-size:10pt\"><span><span style=\"font-family:arial,helvetica,sans-serif\">\u2022 Inkomsten fr\u00e5n tv\u00e5 s\u00e5lda produktionslinorna per \u00e5r inklusive material till solf\u00e5ngare skall ge ett positivt kassafl\u00f6de med nuvarande aff\u00e4rsmodell.<\/span><\/span><\/span><\/span><\/span><\/p>\n<p style=\"margin-bottom:11px\"><span><span><span style=\"font-size:10pt\"><span><span style=\"font-family:arial,helvetica,sans-serif\">\u2022 Fr\u00e5n 2024 ska Absolicon vara redo att, n\u00e4r vi s\u00e5 \u00f6nskar, ans\u00f6ka om att noteras p\u00e5 Stockholmsb\u00f6rsen (Nasdaq Stockholm).<\/span><\/span><\/span><\/span><\/span><\/p>\n<p style=\"margin-bottom:11px\"><span><span><strong><span style=\"font-size:10pt\"><span><span style=\"font-family:arial,helvetica,sans-serif\">V\u00e4sentliga h\u00e4ndelser under perioden<\/span><\/span><\/span><\/strong><\/span><\/span><\/p>\n<p><span><span><span><span style=\"font-size:10pt\"><span style=\"font-family:arial,helvetica,sans-serif\">\u2022 Tecknat k\u00f6peavtal f\u00f6r tv\u00e5 produktionslinor, till Egypten respektive Kanada<\/span><\/span><\/span><\/span><\/span><\/p>\n<p><span><span><span><span style=\"font-size:10pt\"><span style=\"font-family:arial,helvetica,sans-serif\">\u2022 Invigning av Absolicons solv\u00e4rmeanl\u00e4ggning p\u00e5 Kanarie\u00f6arna.<\/span><\/span><\/span><\/span><\/span><\/p>\n<p><span><span><span><span style=\"font-size:10pt\"><span style=\"font-family:arial,helvetica,sans-serif\">\u2022 Order p\u00e5 solv\u00e4rme av Anheuser-Busch InBev i Mexiko.<\/span><\/span><\/span><\/span><\/span><\/p>\n<p><span><span><span><strong><span style=\"font-size:10pt\"><span style=\"font-family:arial,helvetica,sans-serif\">\u00c5rsst\u00e4mma<\/span><\/span><\/strong><\/span><\/span><\/span><\/p>\n<p><span><span><span><span style=\"font-size:10pt\"><span style=\"font-family:arial,helvetica,sans-serif\">Absolicons aktie\u00e4gare v\u00e4lkomnas till \u00e5rsst\u00e4mma i H\u00e4rn\u00f6sand p\u00e5 Fiskaregatan 11 den 12 juni kl. 16:00.<\/span><\/span><\/span><\/span><\/span><\/p>\n<p><span><span><span><span style=\"font-size:10pt\"><span style=\"font-family:arial,helvetica,sans-serif\">\u00c5rsredovisningen kommer h\u00e5llas tillg\u00e4nglig p\u00e5 Absolicons hemsida senast 2022-05-29.<\/span><\/span><\/span><\/span><\/span><\/p>\n<p><span><span><span><strong><span style=\"font-size:10pt\"><span style=\"font-family:arial,helvetica,sans-serif\">Styrelsens f\u00f6rslag till vinstdisposition<\/span><\/span><\/strong><\/span><\/span><\/span><\/p>\n<p><span><span><span><span style=\"font-size:10pt\"><span style=\"font-family:arial,helvetica,sans-serif\">Styrelsen och verkst\u00e4llande direkt\u00f6ren f\u00f6resl\u00e5r att ingen utdelning l\u00e4mnas f\u00f6r r\u00e4kenskaps\u00e5ret.<\/span><\/span><\/span><\/span><\/span><\/p>\n<p><span><span><span><strong><span style=\"font-size:10pt\"><span style=\"font-family:arial,helvetica,sans-serif\">Kommande presentationer <\/span><\/span><\/strong><\/span><\/span><\/span><\/p>\n<p><span><span><span><span style=\"font-size:10pt\"><span style=\"font-family:arial,helvetica,sans-serif\">Sm\u00e5bolagspodden 28 februari<\/span><\/span><\/span><\/span><\/span><\/p>\n<p><span><span><span><span style=\"font-size:10pt\"><span style=\"font-family:arial,helvetica,sans-serif\">Absolicondagen Online 6 mars<\/span><\/span><\/span><\/span><\/span><\/p>\n<p><span><span><span><span style=\"font-size:10pt\"><span style=\"font-family:arial,helvetica,sans-serif\">Aktiepodden 17 mars<\/span><\/span><\/span><\/span><\/span><\/p>\n<p><span><span><span><strong><span style=\"font-size:10pt\"><span style=\"font-family:arial,helvetica,sans-serif\">Absolicondagen 2023<\/span><\/span><\/strong><\/span><\/span><\/span><\/p>\n<p><span><span><span><span style=\"font-size:10pt\"><span style=\"font-family:arial,helvetica,sans-serif\">Absolicon v\u00e4lkomnar alla intresserade den 18 mars till en dag med f\u00f6rst visningar av solv\u00e4rmeparken och&nbsp;<\/span><\/span><\/span><\/span><\/span><span><span><span><span style=\"font-size:10pt\"><span style=\"font-family:arial,helvetica,sans-serif\">tillverkning av solf\u00e5ngare och sedan presentationer och mat p\u00e5 H\u00e4rn\u00f6sands teater.<\/span><\/span><\/span><\/span><\/span><\/p>\n<p><span><span><span><strong><span style=\"font-size:10pt\"><span style=\"font-family:arial,helvetica,sans-serif\">Nyckeltal<\/span><\/span><\/strong><\/span><\/span><\/span><\/p>\n<p><span><span><span><strong><span style=\"font-size:10pt\"><span style=\"font-family:arial,helvetica,sans-serif\">Fj\u00e4rde kvartalet 2022-10-01 \u2013 2022-12-31<\/span><\/span><\/strong><\/span><\/span><\/span><\/p>\n<p><span><span><span><span style=\"font-size:10pt\"><span style=\"font-family:arial,helvetica,sans-serif\">\u2022 Nettooms\u00e4ttningen uppgick till: 723 (1475) KSEK<\/span><\/span><\/span><\/span><\/span><\/p>\n<p><span><span><span><span style=\"font-size:10pt\"><span style=\"font-family:arial,helvetica,sans-serif\">\u2022 R\u00f6relseresultatet (EBIT) uppgick till: -21 559 (-17 381) KSEK<\/span><\/span><\/span><\/span><\/span><\/p>\n<p><span><span><span><span style=\"font-size:10pt\"><span style=\"font-family:arial,helvetica,sans-serif\">\u2022 Resultatet per aktie uppgick till: -6,45 (-12,24) SEK<\/span><\/span><\/span><\/span><\/span><\/p>\n<p><span><span><span><strong><span style=\"font-size:10pt\"><span style=\"font-family:arial,helvetica,sans-serif\">Perioden 2022-01-01 \u2013 2022-12-31<\/span><\/span><\/strong><\/span><\/span><\/span><\/p>\n<p><span><span><span><span style=\"font-size:10pt\"><span style=\"font-family:arial,helvetica,sans-serif\">\u2022 Nettooms\u00e4ttningen uppgick till: 4245 (2 727) KSEK<\/span><\/span><\/span><\/span><\/span><\/p>\n<p><span><span><span><span style=\"font-size:10pt\"><span style=\"font-family:arial,helvetica,sans-serif\">\u2022 R\u00f6relseresultatet (EBIT) uppgick till: -65 866 (-47 478 ) KSEK<\/span><\/span><\/span><\/span><\/span><\/p>\n<p><span><span><span><span style=\"font-size:10pt\"><span style=\"font-family:arial,helvetica,sans-serif\">\u2022 Resultatet per aktie uppgick till: -19,80 (-20,48) SEK<\/span><\/span><\/span><\/span><\/span><\/p>\n<p><span><span><span><strong><span style=\"font-size:10pt\"><span style=\"font-family:arial,helvetica,sans-serif\">Resultat per aktie:<\/span><\/span><\/strong><\/span><\/span><\/span><\/p>\n<p style=\"margin-bottom:11px\"><span><span style=\"font-size:11pt\"><span><span style=\"font-family:arial,helvetica,sans-serif\"><span style=\"font-size:10pt\"><span><span style=\"font-family:arial,helvetica,sans-serif\">Periodens resultat f\u00f6re skatt dividerat med 3 334 305 (2 467 794) utest\u00e5ende aktier.<\/span><\/span><\/span><\/span><\/span><\/span><\/span><\/p>\n","protected":false},"excerpt":{"rendered":"<p>Vd Joakim Bystr\u00f6m: Tv\u00e5 s\u00e5lda linor f\u00f6r lokal massproduktion till globala kunder \u2013 nu kan vi ta land f\u00f6r land Vi skrev historia i december 2022 n\u00e4r vi f\u00f6rst i Kairo signerade k\u00f6peavtal med Creative Power Solutions och sedan i en digital ceremoni skrev under k\u00f6peavtal med kanadensiska Phoenix Nu har vi s\u00e5lt tv\u00e5 \u201dminifabriker\u201d [&hellip;]<\/p>\n","protected":false},"author":1,"featured_media":0,"comment_status":"open","ping_status":"open","sticky":false,"template":"","format":"standard","meta":{"_acf_changed":false,"footnotes":""},"categories":[24],"tags":[],"class_list":["post-14503","post","type-post","status-publish","format-standard","hentry","category-delarsrapport"],"acf":[],"yoast_head":"<!-- This site is optimized with the Yoast SEO plugin v27.4 - https:\/\/yoast.com\/product\/yoast-seo-wordpress\/ -->\n<title>Bokslutskommunik\u00e9 2022 - Absolicon<\/title>\n<meta name=\"robots\" content=\"index, follow, max-snippet:-1, max-image-preview:large, max-video-preview:-1\" \/>\n<link rel=\"canonical\" href=\"https:\/\/www.agma.com\/sv\/bokslutskommunike-2022\/\" \/>\n<meta property=\"og:locale\" content=\"sv_SE\" \/>\n<meta property=\"og:type\" content=\"article\" \/>\n<meta property=\"og:title\" content=\"Bokslutskommunik\u00e9 2022 - Absolicon\" \/>\n<meta property=\"og:description\" content=\"Vd Joakim Bystr\u00f6m: Tv\u00e5 s\u00e5lda linor f\u00f6r lokal massproduktion till globala kunder \u2013 nu kan vi ta land f\u00f6r land Vi skrev historia i december 2022 n\u00e4r vi f\u00f6rst i Kairo signerade k\u00f6peavtal med Creative Power Solutions och sedan i en digital ceremoni skrev under k\u00f6peavtal med kanadensiska Phoenix Nu har vi s\u00e5lt tv\u00e5 \u201dminifabriker\u201d [&hellip;]\" \/>\n<meta property=\"og:url\" content=\"https:\/\/www.agma.com\/sv\/bokslutskommunike-2022\/\" \/>\n<meta property=\"og:site_name\" content=\"Absolicon\" \/>\n<meta property=\"article:published_time\" content=\"2023-02-17T15:00:32+00:00\" \/>\n<meta name=\"author\" content=\"jakubschenk\" \/>\n<meta name=\"twitter:card\" content=\"summary_large_image\" \/>\n<meta name=\"twitter:label1\" content=\"Skriven av\" \/>\n\t<meta name=\"twitter:data1\" content=\"jakubschenk\" \/>\n<script type=\"application\/ld+json\" class=\"yoast-schema-graph\">{\"@context\":\"https:\\\/\\\/schema.org\",\"@graph\":[{\"@type\":\"Article\",\"@id\":\"https:\\\/\\\/www.agma.com\\\/sv\\\/bokslutskommunike-2022\\\/#article\",\"isPartOf\":{\"@id\":\"https:\\\/\\\/www.agma.com\\\/sv\\\/bokslutskommunike-2022\\\/\"},\"author\":{\"name\":\"jakubschenk\",\"@id\":\"https:\\\/\\\/www.agma.com\\\/sv\\\/#\\\/schema\\\/person\\\/6820b3ce1cc37edbaecc979090760d8b\"},\"headline\":\"Bokslutskommunik\u00e9 2022\",\"datePublished\":\"2023-02-17T15:00:32+00:00\",\"mainEntityOfPage\":{\"@id\":\"https:\\\/\\\/www.agma.com\\\/sv\\\/bokslutskommunike-2022\\\/\"},\"wordCount\":850,\"commentCount\":0,\"publisher\":{\"@id\":\"https:\\\/\\\/www.agma.com\\\/sv\\\/#organization\"},\"articleSection\":[\"Del\u00e5rsrapport\"],\"inLanguage\":\"sv-SE\",\"potentialAction\":[{\"@type\":\"CommentAction\",\"name\":\"Comment\",\"target\":[\"https:\\\/\\\/www.agma.com\\\/sv\\\/bokslutskommunike-2022\\\/#respond\"]}]},{\"@type\":\"WebPage\",\"@id\":\"https:\\\/\\\/www.agma.com\\\/sv\\\/bokslutskommunike-2022\\\/\",\"url\":\"https:\\\/\\\/www.agma.com\\\/sv\\\/bokslutskommunike-2022\\\/\",\"name\":\"Bokslutskommunik\u00e9 2022 - Absolicon\",\"isPartOf\":{\"@id\":\"https:\\\/\\\/www.agma.com\\\/sv\\\/#website\"},\"datePublished\":\"2023-02-17T15:00:32+00:00\",\"breadcrumb\":{\"@id\":\"https:\\\/\\\/www.agma.com\\\/sv\\\/bokslutskommunike-2022\\\/#breadcrumb\"},\"inLanguage\":\"sv-SE\",\"potentialAction\":[{\"@type\":\"ReadAction\",\"target\":[\"https:\\\/\\\/www.agma.com\\\/sv\\\/bokslutskommunike-2022\\\/\"]}]},{\"@type\":\"BreadcrumbList\",\"@id\":\"https:\\\/\\\/www.agma.com\\\/sv\\\/bokslutskommunike-2022\\\/#breadcrumb\",\"itemListElement\":[{\"@type\":\"ListItem\",\"position\":1,\"name\":\"Home\",\"item\":\"https:\\\/\\\/www.agma.com\\\/sv\\\/\"},{\"@type\":\"ListItem\",\"position\":2,\"name\":\"Bokslutskommunik\u00e9 2022\"}]},{\"@type\":\"WebSite\",\"@id\":\"https:\\\/\\\/www.agma.com\\\/sv\\\/#website\",\"url\":\"https:\\\/\\\/www.agma.com\\\/sv\\\/\",\"name\":\"Absolicon\",\"description\":\"\",\"publisher\":{\"@id\":\"https:\\\/\\\/www.agma.com\\\/sv\\\/#organization\"},\"potentialAction\":[{\"@type\":\"SearchAction\",\"target\":{\"@type\":\"EntryPoint\",\"urlTemplate\":\"https:\\\/\\\/www.agma.com\\\/sv\\\/?s={search_term_string}\"},\"query-input\":{\"@type\":\"PropertyValueSpecification\",\"valueRequired\":true,\"valueName\":\"search_term_string\"}}],\"inLanguage\":\"sv-SE\"},{\"@type\":\"Organization\",\"@id\":\"https:\\\/\\\/www.agma.com\\\/sv\\\/#organization\",\"name\":\"Absolicon\",\"url\":\"https:\\\/\\\/www.agma.com\\\/sv\\\/\",\"logo\":{\"@type\":\"ImageObject\",\"inLanguage\":\"sv-SE\",\"@id\":\"https:\\\/\\\/www.agma.com\\\/sv\\\/#\\\/schema\\\/logo\\\/image\\\/\",\"url\":\"https:\\\/\\\/www.agma.com\\\/wp-content\\\/uploads\\\/2026\\\/04\\\/logotype_neg_blk.svg\",\"contentUrl\":\"https:\\\/\\\/www.agma.com\\\/wp-content\\\/uploads\\\/2026\\\/04\\\/logotype_neg_blk.svg\",\"width\":705,\"height\":83,\"caption\":\"Absolicon\"},\"image\":{\"@id\":\"https:\\\/\\\/www.agma.com\\\/sv\\\/#\\\/schema\\\/logo\\\/image\\\/\"}},{\"@type\":\"Person\",\"@id\":\"https:\\\/\\\/www.agma.com\\\/sv\\\/#\\\/schema\\\/person\\\/6820b3ce1cc37edbaecc979090760d8b\",\"name\":\"jakubschenk\",\"image\":{\"@type\":\"ImageObject\",\"inLanguage\":\"sv-SE\",\"@id\":\"https:\\\/\\\/secure.gravatar.com\\\/avatar\\\/0ab843002d4a58702560e02354e5f9a3206e13bbfaa9df5a188e463870f605cd?s=96&d=mm&r=g\",\"url\":\"https:\\\/\\\/secure.gravatar.com\\\/avatar\\\/0ab843002d4a58702560e02354e5f9a3206e13bbfaa9df5a188e463870f605cd?s=96&d=mm&r=g\",\"contentUrl\":\"https:\\\/\\\/secure.gravatar.com\\\/avatar\\\/0ab843002d4a58702560e02354e5f9a3206e13bbfaa9df5a188e463870f605cd?s=96&d=mm&r=g\",\"caption\":\"jakubschenk\"},\"sameAs\":[\"https:\\\/\\\/www.agma.com\"],\"url\":\"https:\\\/\\\/www.agma.com\\\/sv\\\/author\\\/jakubschenk\\\/\"}]}<\/script>\n<!-- \/ Yoast SEO plugin. -->","yoast_head_json":{"title":"Bokslutskommunik\u00e9 2022 - Absolicon","robots":{"index":"index","follow":"follow","max-snippet":"max-snippet:-1","max-image-preview":"max-image-preview:large","max-video-preview":"max-video-preview:-1"},"canonical":"https:\/\/www.agma.com\/sv\/bokslutskommunike-2022\/","og_locale":"sv_SE","og_type":"article","og_title":"Bokslutskommunik\u00e9 2022 - Absolicon","og_description":"Vd Joakim Bystr\u00f6m: Tv\u00e5 s\u00e5lda linor f\u00f6r lokal massproduktion till globala kunder \u2013 nu kan vi ta land f\u00f6r land Vi skrev historia i december 2022 n\u00e4r vi f\u00f6rst i Kairo signerade k\u00f6peavtal med Creative Power Solutions och sedan i en digital ceremoni skrev under k\u00f6peavtal med kanadensiska Phoenix Nu har vi s\u00e5lt tv\u00e5 \u201dminifabriker\u201d [&hellip;]","og_url":"https:\/\/www.agma.com\/sv\/bokslutskommunike-2022\/","og_site_name":"Absolicon","article_published_time":"2023-02-17T15:00:32+00:00","author":"jakubschenk","twitter_card":"summary_large_image","twitter_misc":{"Skriven av":"jakubschenk"},"schema":{"@context":"https:\/\/schema.org","@graph":[{"@type":"Article","@id":"https:\/\/www.agma.com\/sv\/bokslutskommunike-2022\/#article","isPartOf":{"@id":"https:\/\/www.agma.com\/sv\/bokslutskommunike-2022\/"},"author":{"name":"jakubschenk","@id":"https:\/\/www.agma.com\/sv\/#\/schema\/person\/6820b3ce1cc37edbaecc979090760d8b"},"headline":"Bokslutskommunik\u00e9 2022","datePublished":"2023-02-17T15:00:32+00:00","mainEntityOfPage":{"@id":"https:\/\/www.agma.com\/sv\/bokslutskommunike-2022\/"},"wordCount":850,"commentCount":0,"publisher":{"@id":"https:\/\/www.agma.com\/sv\/#organization"},"articleSection":["Del\u00e5rsrapport"],"inLanguage":"sv-SE","potentialAction":[{"@type":"CommentAction","name":"Comment","target":["https:\/\/www.agma.com\/sv\/bokslutskommunike-2022\/#respond"]}]},{"@type":"WebPage","@id":"https:\/\/www.agma.com\/sv\/bokslutskommunike-2022\/","url":"https:\/\/www.agma.com\/sv\/bokslutskommunike-2022\/","name":"Bokslutskommunik\u00e9 2022 - Absolicon","isPartOf":{"@id":"https:\/\/www.agma.com\/sv\/#website"},"datePublished":"2023-02-17T15:00:32+00:00","breadcrumb":{"@id":"https:\/\/www.agma.com\/sv\/bokslutskommunike-2022\/#breadcrumb"},"inLanguage":"sv-SE","potentialAction":[{"@type":"ReadAction","target":["https:\/\/www.agma.com\/sv\/bokslutskommunike-2022\/"]}]},{"@type":"BreadcrumbList","@id":"https:\/\/www.agma.com\/sv\/bokslutskommunike-2022\/#breadcrumb","itemListElement":[{"@type":"ListItem","position":1,"name":"Home","item":"https:\/\/www.agma.com\/sv\/"},{"@type":"ListItem","position":2,"name":"Bokslutskommunik\u00e9 2022"}]},{"@type":"WebSite","@id":"https:\/\/www.agma.com\/sv\/#website","url":"https:\/\/www.agma.com\/sv\/","name":"Absolicon","description":"","publisher":{"@id":"https:\/\/www.agma.com\/sv\/#organization"},"potentialAction":[{"@type":"SearchAction","target":{"@type":"EntryPoint","urlTemplate":"https:\/\/www.agma.com\/sv\/?s={search_term_string}"},"query-input":{"@type":"PropertyValueSpecification","valueRequired":true,"valueName":"search_term_string"}}],"inLanguage":"sv-SE"},{"@type":"Organization","@id":"https:\/\/www.agma.com\/sv\/#organization","name":"Absolicon","url":"https:\/\/www.agma.com\/sv\/","logo":{"@type":"ImageObject","inLanguage":"sv-SE","@id":"https:\/\/www.agma.com\/sv\/#\/schema\/logo\/image\/","url":"https:\/\/www.agma.com\/wp-content\/uploads\/2026\/04\/logotype_neg_blk.svg","contentUrl":"https:\/\/www.agma.com\/wp-content\/uploads\/2026\/04\/logotype_neg_blk.svg","width":705,"height":83,"caption":"Absolicon"},"image":{"@id":"https:\/\/www.agma.com\/sv\/#\/schema\/logo\/image\/"}},{"@type":"Person","@id":"https:\/\/www.agma.com\/sv\/#\/schema\/person\/6820b3ce1cc37edbaecc979090760d8b","name":"jakubschenk","image":{"@type":"ImageObject","inLanguage":"sv-SE","@id":"https:\/\/secure.gravatar.com\/avatar\/0ab843002d4a58702560e02354e5f9a3206e13bbfaa9df5a188e463870f605cd?s=96&d=mm&r=g","url":"https:\/\/secure.gravatar.com\/avatar\/0ab843002d4a58702560e02354e5f9a3206e13bbfaa9df5a188e463870f605cd?s=96&d=mm&r=g","contentUrl":"https:\/\/secure.gravatar.com\/avatar\/0ab843002d4a58702560e02354e5f9a3206e13bbfaa9df5a188e463870f605cd?s=96&d=mm&r=g","caption":"jakubschenk"},"sameAs":["https:\/\/www.agma.com"],"url":"https:\/\/www.agma.com\/sv\/author\/jakubschenk\/"}]}},"_links":{"self":[{"href":"https:\/\/www.agma.com\/sv\/wp-json\/wp\/v2\/posts\/14503","targetHints":{"allow":["GET"]}}],"collection":[{"href":"https:\/\/www.agma.com\/sv\/wp-json\/wp\/v2\/posts"}],"about":[{"href":"https:\/\/www.agma.com\/sv\/wp-json\/wp\/v2\/types\/post"}],"author":[{"embeddable":true,"href":"https:\/\/www.agma.com\/sv\/wp-json\/wp\/v2\/users\/1"}],"replies":[{"embeddable":true,"href":"https:\/\/www.agma.com\/sv\/wp-json\/wp\/v2\/comments?post=14503"}],"version-history":[{"count":0,"href":"https:\/\/www.agma.com\/sv\/wp-json\/wp\/v2\/posts\/14503\/revisions"}],"wp:attachment":[{"href":"https:\/\/www.agma.com\/sv\/wp-json\/wp\/v2\/media?parent=14503"}],"wp:term":[{"taxonomy":"category","embeddable":true,"href":"https:\/\/www.agma.com\/sv\/wp-json\/wp\/v2\/categories?post=14503"},{"taxonomy":"post_tag","embeddable":true,"href":"https:\/\/www.agma.com\/sv\/wp-json\/wp\/v2\/tags?post=14503"}],"curies":[{"name":"wp","href":"https:\/\/api.w.org\/{rel}","templated":true}]}}