{"id":14649,"date":"2023-03-22T15:47:44","date_gmt":"2023-03-22T15:47:44","guid":{"rendered":"https:\/\/www.absolicon.com\/absolicons-foretradesemission-tecknas-till-drygt-43-miljoner-sek\/"},"modified":"2023-03-22T15:47:44","modified_gmt":"2023-03-22T15:47:44","slug":"absolicons-foretradesemission-tecknas-till-drygt-43-miljoner-sek","status":"publish","type":"post","link":"https:\/\/www.agma.com\/sv\/absolicons-foretradesemission-tecknas-till-drygt-43-miljoner-sek\/","title":{"rendered":"Absolicons f\u00f6retr\u00e4desemission tecknas till drygt 43 miljoner SEK"},"content":{"rendered":"<p style=\"margin-bottom:11px;margin-top:12px\"><span><span style=\"font-size:11pt\"><span><span style=\"font-family:arial,helvetica,sans-serif\">Absolicons f\u00f6retr\u00e4desemission som p\u00e5gick 23 februari \u2013 20 mars 2023 tecknades till totalt 43,4 miljoner kr vilket motsvarar en teckningsgrad om 36 procent av det beslutade emissionsbeloppet om ca 120 MSEK.<\/span><\/span><\/span><\/span><\/p>\n<p style=\"margin-bottom:11px\"><span><span style=\"font-size:11pt\"><span><span style=\"font-family:arial,helvetica,sans-serif\">F\u00f6r varje innehavd aktie p\u00e5 avst\u00e4mningsdagen erh\u00f6lls tv\u00e5 (2) teckningsr\u00e4tter. Fem (5) teckningsr\u00e4tter gav r\u00e4tten att k\u00f6pa en (1) ny B-aktie till teckningskursen 90 kr. Totalt har 420 171 aktier tecknats med st\u00f6d av teckningsr\u00e4tter och 62 210 aktier utan teckningsr\u00e4tter.<\/span><\/span><\/span><\/span><\/p>\n<p style=\"margin-bottom:11px\"><span><span style=\"font-size:11pt\"><span><span style=\"font-family:arial,helvetica,sans-serif\">Vid registreringen hos Bolagsverket kommer aktiekapitalet att \u00f6kas med 482 381 kr, fr\u00e5n 3&nbsp;334 305 kr till 3 816 686 kr. Antalet aktier kommer att \u00f6kas med 482 381 aktier, fr\u00e5n 3 334&nbsp;305 aktier till 3 816 686 st. De nyemitterade aktierna kommer att utg\u00f6ra 12,6 procent av samtliga aktier. <\/span><\/span><\/span><\/span><\/p>\n<p style=\"margin-bottom:11px\"><span><span style=\"font-size:11pt\"><span><span style=\"font-family:arial,helvetica,sans-serif\">Absolicon kommer att tillf\u00f6ras ca 39 MSEK efter emissionskostnader om ca 4,4 MSEK. Emissionskostnaderna motsvarar ca 10 procent av totalt tecknat belopp. Ingen del av emissionen tecknades av garanter.<\/span><\/span><\/span><\/span><\/p>\n<p style=\"margin-bottom:11px\"><span><span style=\"font-size:11pt\"><span><span style=\"font-family:arial,helvetica,sans-serif\">Styrelsen kommer att sammantr\u00e4da f\u00f6r att besluta om tilldelning i enlighet med emissionsmemorandumet senast den 23 mars 2023.<\/span><\/span><\/span><\/span><\/p>\n<p style=\"margin-bottom:11px\"><span><span style=\"font-size:11pt\"><span><span style=\"font-family:arial,helvetica,sans-serif\">Handel p\u00e5g\u00e5r b\u00e5de i Absolicons ordinarie aktie (ABSL B) och i betalda tecknade aktier (ABSL BTA B) fram till dess att emissionen registrerats, varvid betalda tecknade aktier omvandlas till ordinarie aktier. Registreringen av emissionen ber\u00e4knas ta 3 till 4 veckor.<\/span><\/span><\/span><\/span><\/p>\n<p><\/p>\n<p>Denna information \u00e4r s\u00e5dan som Absolicon \u00e4r skyldigt att offentligg\u00f6ra enligt EU:s marknadsmissbruksf\u00f6rordning (EU nr 596\/2014). Informationen l\u00e4mnades, genom angiven kontaktpersons f\u00f6rsorg, f\u00f6r offentligg\u00f6rande 2023-03-22 16:47 CET.<\/p>\n","protected":false},"excerpt":{"rendered":"<p>Absolicons f\u00f6retr\u00e4desemission som p\u00e5gick 23 februari \u2013 20 mars 2023 tecknades till totalt 43,4 miljoner kr vilket motsvarar en teckningsgrad om 36 procent av det beslutade emissionsbeloppet om ca 120 MSEK. F\u00f6r varje innehavd aktie p\u00e5 avst\u00e4mningsdagen erh\u00f6lls tv\u00e5 (2) teckningsr\u00e4tter. Fem (5) teckningsr\u00e4tter gav r\u00e4tten att k\u00f6pa en (1) ny B-aktie till teckningskursen 90 [&hellip;]<\/p>\n","protected":false},"author":1,"featured_media":0,"comment_status":"open","ping_status":"open","sticky":false,"template":"","format":"standard","meta":{"_acf_changed":false,"footnotes":""},"categories":[23],"tags":[],"class_list":["post-14649","post","type-post","status-publish","format-standard","hentry","category-pressrelease"],"acf":[],"yoast_head":"<!-- This site is optimized with the Yoast SEO plugin v27.4 - https:\/\/yoast.com\/product\/yoast-seo-wordpress\/ -->\n<title>Absolicons f\u00f6retr\u00e4desemission tecknas till drygt 43 miljoner SEK - Absolicon<\/title>\n<meta name=\"robots\" content=\"index, follow, max-snippet:-1, max-image-preview:large, max-video-preview:-1\" \/>\n<link rel=\"canonical\" href=\"https:\/\/www.agma.com\/sv\/absolicons-foretradesemission-tecknas-till-drygt-43-miljoner-sek\/\" \/>\n<meta property=\"og:locale\" content=\"sv_SE\" \/>\n<meta property=\"og:type\" content=\"article\" \/>\n<meta property=\"og:title\" content=\"Absolicons f\u00f6retr\u00e4desemission tecknas till drygt 43 miljoner SEK - Absolicon\" \/>\n<meta property=\"og:description\" content=\"Absolicons f\u00f6retr\u00e4desemission som p\u00e5gick 23 februari \u2013 20 mars 2023 tecknades till totalt 43,4 miljoner kr vilket motsvarar en teckningsgrad om 36 procent av det beslutade emissionsbeloppet om ca 120 MSEK. F\u00f6r varje innehavd aktie p\u00e5 avst\u00e4mningsdagen erh\u00f6lls tv\u00e5 (2) teckningsr\u00e4tter. Fem (5) teckningsr\u00e4tter gav r\u00e4tten att k\u00f6pa en (1) ny B-aktie till teckningskursen 90 [&hellip;]\" \/>\n<meta property=\"og:url\" content=\"https:\/\/www.agma.com\/sv\/absolicons-foretradesemission-tecknas-till-drygt-43-miljoner-sek\/\" \/>\n<meta property=\"og:site_name\" content=\"Absolicon\" \/>\n<meta property=\"article:published_time\" content=\"2023-03-22T15:47:44+00:00\" \/>\n<meta name=\"author\" content=\"jakubschenk\" \/>\n<meta name=\"twitter:card\" content=\"summary_large_image\" \/>\n<meta name=\"twitter:label1\" content=\"Skriven av\" \/>\n\t<meta name=\"twitter:data1\" content=\"jakubschenk\" \/>\n<script type=\"application\/ld+json\" class=\"yoast-schema-graph\">{\"@context\":\"https:\\\/\\\/schema.org\",\"@graph\":[{\"@type\":\"Article\",\"@id\":\"https:\\\/\\\/www.agma.com\\\/sv\\\/absolicons-foretradesemission-tecknas-till-drygt-43-miljoner-sek\\\/#article\",\"isPartOf\":{\"@id\":\"https:\\\/\\\/www.agma.com\\\/sv\\\/absolicons-foretradesemission-tecknas-till-drygt-43-miljoner-sek\\\/\"},\"author\":{\"name\":\"jakubschenk\",\"@id\":\"https:\\\/\\\/www.agma.com\\\/sv\\\/#\\\/schema\\\/person\\\/6820b3ce1cc37edbaecc979090760d8b\"},\"headline\":\"Absolicons f\u00f6retr\u00e4desemission tecknas till drygt 43 miljoner SEK\",\"datePublished\":\"2023-03-22T15:47:44+00:00\",\"mainEntityOfPage\":{\"@id\":\"https:\\\/\\\/www.agma.com\\\/sv\\\/absolicons-foretradesemission-tecknas-till-drygt-43-miljoner-sek\\\/\"},\"wordCount\":240,\"commentCount\":0,\"publisher\":{\"@id\":\"https:\\\/\\\/www.agma.com\\\/sv\\\/#organization\"},\"articleSection\":[\"Pressrelease\"],\"inLanguage\":\"sv-SE\",\"potentialAction\":[{\"@type\":\"CommentAction\",\"name\":\"Comment\",\"target\":[\"https:\\\/\\\/www.agma.com\\\/sv\\\/absolicons-foretradesemission-tecknas-till-drygt-43-miljoner-sek\\\/#respond\"]}]},{\"@type\":\"WebPage\",\"@id\":\"https:\\\/\\\/www.agma.com\\\/sv\\\/absolicons-foretradesemission-tecknas-till-drygt-43-miljoner-sek\\\/\",\"url\":\"https:\\\/\\\/www.agma.com\\\/sv\\\/absolicons-foretradesemission-tecknas-till-drygt-43-miljoner-sek\\\/\",\"name\":\"Absolicons f\u00f6retr\u00e4desemission tecknas till drygt 43 miljoner SEK - Absolicon\",\"isPartOf\":{\"@id\":\"https:\\\/\\\/www.agma.com\\\/sv\\\/#website\"},\"datePublished\":\"2023-03-22T15:47:44+00:00\",\"breadcrumb\":{\"@id\":\"https:\\\/\\\/www.agma.com\\\/sv\\\/absolicons-foretradesemission-tecknas-till-drygt-43-miljoner-sek\\\/#breadcrumb\"},\"inLanguage\":\"sv-SE\",\"potentialAction\":[{\"@type\":\"ReadAction\",\"target\":[\"https:\\\/\\\/www.agma.com\\\/sv\\\/absolicons-foretradesemission-tecknas-till-drygt-43-miljoner-sek\\\/\"]}]},{\"@type\":\"BreadcrumbList\",\"@id\":\"https:\\\/\\\/www.agma.com\\\/sv\\\/absolicons-foretradesemission-tecknas-till-drygt-43-miljoner-sek\\\/#breadcrumb\",\"itemListElement\":[{\"@type\":\"ListItem\",\"position\":1,\"name\":\"Home\",\"item\":\"https:\\\/\\\/www.agma.com\\\/sv\\\/\"},{\"@type\":\"ListItem\",\"position\":2,\"name\":\"Absolicons f\u00f6retr\u00e4desemission tecknas till drygt 43 miljoner SEK\"}]},{\"@type\":\"WebSite\",\"@id\":\"https:\\\/\\\/www.agma.com\\\/sv\\\/#website\",\"url\":\"https:\\\/\\\/www.agma.com\\\/sv\\\/\",\"name\":\"Absolicon\",\"description\":\"\",\"publisher\":{\"@id\":\"https:\\\/\\\/www.agma.com\\\/sv\\\/#organization\"},\"potentialAction\":[{\"@type\":\"SearchAction\",\"target\":{\"@type\":\"EntryPoint\",\"urlTemplate\":\"https:\\\/\\\/www.agma.com\\\/sv\\\/?s={search_term_string}\"},\"query-input\":{\"@type\":\"PropertyValueSpecification\",\"valueRequired\":true,\"valueName\":\"search_term_string\"}}],\"inLanguage\":\"sv-SE\"},{\"@type\":\"Organization\",\"@id\":\"https:\\\/\\\/www.agma.com\\\/sv\\\/#organization\",\"name\":\"Absolicon\",\"url\":\"https:\\\/\\\/www.agma.com\\\/sv\\\/\",\"logo\":{\"@type\":\"ImageObject\",\"inLanguage\":\"sv-SE\",\"@id\":\"https:\\\/\\\/www.agma.com\\\/sv\\\/#\\\/schema\\\/logo\\\/image\\\/\",\"url\":\"https:\\\/\\\/www.agma.com\\\/wp-content\\\/uploads\\\/2026\\\/04\\\/logotype_neg_blk.svg\",\"contentUrl\":\"https:\\\/\\\/www.agma.com\\\/wp-content\\\/uploads\\\/2026\\\/04\\\/logotype_neg_blk.svg\",\"width\":705,\"height\":83,\"caption\":\"Absolicon\"},\"image\":{\"@id\":\"https:\\\/\\\/www.agma.com\\\/sv\\\/#\\\/schema\\\/logo\\\/image\\\/\"}},{\"@type\":\"Person\",\"@id\":\"https:\\\/\\\/www.agma.com\\\/sv\\\/#\\\/schema\\\/person\\\/6820b3ce1cc37edbaecc979090760d8b\",\"name\":\"jakubschenk\",\"image\":{\"@type\":\"ImageObject\",\"inLanguage\":\"sv-SE\",\"@id\":\"https:\\\/\\\/secure.gravatar.com\\\/avatar\\\/0ab843002d4a58702560e02354e5f9a3206e13bbfaa9df5a188e463870f605cd?s=96&d=mm&r=g\",\"url\":\"https:\\\/\\\/secure.gravatar.com\\\/avatar\\\/0ab843002d4a58702560e02354e5f9a3206e13bbfaa9df5a188e463870f605cd?s=96&d=mm&r=g\",\"contentUrl\":\"https:\\\/\\\/secure.gravatar.com\\\/avatar\\\/0ab843002d4a58702560e02354e5f9a3206e13bbfaa9df5a188e463870f605cd?s=96&d=mm&r=g\",\"caption\":\"jakubschenk\"},\"sameAs\":[\"https:\\\/\\\/www.agma.com\"],\"url\":\"https:\\\/\\\/www.agma.com\\\/sv\\\/author\\\/jakubschenk\\\/\"}]}<\/script>\n<!-- \/ Yoast SEO plugin. -->","yoast_head_json":{"title":"Absolicons f\u00f6retr\u00e4desemission tecknas till drygt 43 miljoner SEK - Absolicon","robots":{"index":"index","follow":"follow","max-snippet":"max-snippet:-1","max-image-preview":"max-image-preview:large","max-video-preview":"max-video-preview:-1"},"canonical":"https:\/\/www.agma.com\/sv\/absolicons-foretradesemission-tecknas-till-drygt-43-miljoner-sek\/","og_locale":"sv_SE","og_type":"article","og_title":"Absolicons f\u00f6retr\u00e4desemission tecknas till drygt 43 miljoner SEK - Absolicon","og_description":"Absolicons f\u00f6retr\u00e4desemission som p\u00e5gick 23 februari \u2013 20 mars 2023 tecknades till totalt 43,4 miljoner kr vilket motsvarar en teckningsgrad om 36 procent av det beslutade emissionsbeloppet om ca 120 MSEK. F\u00f6r varje innehavd aktie p\u00e5 avst\u00e4mningsdagen erh\u00f6lls tv\u00e5 (2) teckningsr\u00e4tter. Fem (5) teckningsr\u00e4tter gav r\u00e4tten att k\u00f6pa en (1) ny B-aktie till teckningskursen 90 [&hellip;]","og_url":"https:\/\/www.agma.com\/sv\/absolicons-foretradesemission-tecknas-till-drygt-43-miljoner-sek\/","og_site_name":"Absolicon","article_published_time":"2023-03-22T15:47:44+00:00","author":"jakubschenk","twitter_card":"summary_large_image","twitter_misc":{"Skriven av":"jakubschenk"},"schema":{"@context":"https:\/\/schema.org","@graph":[{"@type":"Article","@id":"https:\/\/www.agma.com\/sv\/absolicons-foretradesemission-tecknas-till-drygt-43-miljoner-sek\/#article","isPartOf":{"@id":"https:\/\/www.agma.com\/sv\/absolicons-foretradesemission-tecknas-till-drygt-43-miljoner-sek\/"},"author":{"name":"jakubschenk","@id":"https:\/\/www.agma.com\/sv\/#\/schema\/person\/6820b3ce1cc37edbaecc979090760d8b"},"headline":"Absolicons f\u00f6retr\u00e4desemission tecknas till drygt 43 miljoner SEK","datePublished":"2023-03-22T15:47:44+00:00","mainEntityOfPage":{"@id":"https:\/\/www.agma.com\/sv\/absolicons-foretradesemission-tecknas-till-drygt-43-miljoner-sek\/"},"wordCount":240,"commentCount":0,"publisher":{"@id":"https:\/\/www.agma.com\/sv\/#organization"},"articleSection":["Pressrelease"],"inLanguage":"sv-SE","potentialAction":[{"@type":"CommentAction","name":"Comment","target":["https:\/\/www.agma.com\/sv\/absolicons-foretradesemission-tecknas-till-drygt-43-miljoner-sek\/#respond"]}]},{"@type":"WebPage","@id":"https:\/\/www.agma.com\/sv\/absolicons-foretradesemission-tecknas-till-drygt-43-miljoner-sek\/","url":"https:\/\/www.agma.com\/sv\/absolicons-foretradesemission-tecknas-till-drygt-43-miljoner-sek\/","name":"Absolicons f\u00f6retr\u00e4desemission tecknas till drygt 43 miljoner SEK - Absolicon","isPartOf":{"@id":"https:\/\/www.agma.com\/sv\/#website"},"datePublished":"2023-03-22T15:47:44+00:00","breadcrumb":{"@id":"https:\/\/www.agma.com\/sv\/absolicons-foretradesemission-tecknas-till-drygt-43-miljoner-sek\/#breadcrumb"},"inLanguage":"sv-SE","potentialAction":[{"@type":"ReadAction","target":["https:\/\/www.agma.com\/sv\/absolicons-foretradesemission-tecknas-till-drygt-43-miljoner-sek\/"]}]},{"@type":"BreadcrumbList","@id":"https:\/\/www.agma.com\/sv\/absolicons-foretradesemission-tecknas-till-drygt-43-miljoner-sek\/#breadcrumb","itemListElement":[{"@type":"ListItem","position":1,"name":"Home","item":"https:\/\/www.agma.com\/sv\/"},{"@type":"ListItem","position":2,"name":"Absolicons f\u00f6retr\u00e4desemission tecknas till drygt 43 miljoner SEK"}]},{"@type":"WebSite","@id":"https:\/\/www.agma.com\/sv\/#website","url":"https:\/\/www.agma.com\/sv\/","name":"Absolicon","description":"","publisher":{"@id":"https:\/\/www.agma.com\/sv\/#organization"},"potentialAction":[{"@type":"SearchAction","target":{"@type":"EntryPoint","urlTemplate":"https:\/\/www.agma.com\/sv\/?s={search_term_string}"},"query-input":{"@type":"PropertyValueSpecification","valueRequired":true,"valueName":"search_term_string"}}],"inLanguage":"sv-SE"},{"@type":"Organization","@id":"https:\/\/www.agma.com\/sv\/#organization","name":"Absolicon","url":"https:\/\/www.agma.com\/sv\/","logo":{"@type":"ImageObject","inLanguage":"sv-SE","@id":"https:\/\/www.agma.com\/sv\/#\/schema\/logo\/image\/","url":"https:\/\/www.agma.com\/wp-content\/uploads\/2026\/04\/logotype_neg_blk.svg","contentUrl":"https:\/\/www.agma.com\/wp-content\/uploads\/2026\/04\/logotype_neg_blk.svg","width":705,"height":83,"caption":"Absolicon"},"image":{"@id":"https:\/\/www.agma.com\/sv\/#\/schema\/logo\/image\/"}},{"@type":"Person","@id":"https:\/\/www.agma.com\/sv\/#\/schema\/person\/6820b3ce1cc37edbaecc979090760d8b","name":"jakubschenk","image":{"@type":"ImageObject","inLanguage":"sv-SE","@id":"https:\/\/secure.gravatar.com\/avatar\/0ab843002d4a58702560e02354e5f9a3206e13bbfaa9df5a188e463870f605cd?s=96&d=mm&r=g","url":"https:\/\/secure.gravatar.com\/avatar\/0ab843002d4a58702560e02354e5f9a3206e13bbfaa9df5a188e463870f605cd?s=96&d=mm&r=g","contentUrl":"https:\/\/secure.gravatar.com\/avatar\/0ab843002d4a58702560e02354e5f9a3206e13bbfaa9df5a188e463870f605cd?s=96&d=mm&r=g","caption":"jakubschenk"},"sameAs":["https:\/\/www.agma.com"],"url":"https:\/\/www.agma.com\/sv\/author\/jakubschenk\/"}]}},"_links":{"self":[{"href":"https:\/\/www.agma.com\/sv\/wp-json\/wp\/v2\/posts\/14649","targetHints":{"allow":["GET"]}}],"collection":[{"href":"https:\/\/www.agma.com\/sv\/wp-json\/wp\/v2\/posts"}],"about":[{"href":"https:\/\/www.agma.com\/sv\/wp-json\/wp\/v2\/types\/post"}],"author":[{"embeddable":true,"href":"https:\/\/www.agma.com\/sv\/wp-json\/wp\/v2\/users\/1"}],"replies":[{"embeddable":true,"href":"https:\/\/www.agma.com\/sv\/wp-json\/wp\/v2\/comments?post=14649"}],"version-history":[{"count":0,"href":"https:\/\/www.agma.com\/sv\/wp-json\/wp\/v2\/posts\/14649\/revisions"}],"wp:attachment":[{"href":"https:\/\/www.agma.com\/sv\/wp-json\/wp\/v2\/media?parent=14649"}],"wp:term":[{"taxonomy":"category","embeddable":true,"href":"https:\/\/www.agma.com\/sv\/wp-json\/wp\/v2\/categories?post=14649"},{"taxonomy":"post_tag","embeddable":true,"href":"https:\/\/www.agma.com\/sv\/wp-json\/wp\/v2\/tags?post=14649"}],"curies":[{"name":"wp","href":"https:\/\/api.w.org\/{rel}","templated":true}]}}