{"id":14650,"date":"2023-03-22T15:56:51","date_gmt":"2023-03-22T15:56:51","guid":{"rendered":"https:\/\/www.absolicon.com\/kommentar-pa-utfallet-av-emissionen\/"},"modified":"2023-03-22T15:56:51","modified_gmt":"2023-03-22T15:56:51","slug":"kommentar-pa-utfallet-av-emissionen","status":"publish","type":"post","link":"https:\/\/www.agma.com\/sv\/kommentar-pa-utfallet-av-emissionen\/","title":{"rendered":"Kommentar p\u00e5 utfallet av emissionen"},"content":{"rendered":"<p style=\"margin-bottom:11px;margin-top:12px\"><span><span style=\"font-size:11pt\"><span><span style=\"font-family:arial,helvetica,sans-serif\">Utfallet av emissionen var 43,5 miljoner kronor och Absolicon kan d\u00e4rmed forts\u00e4tta ett intensivt marknadsf\u00f6ringsarbete riktat till de multinationella bolagen f\u00f6r att skapa en global marknad f\u00f6r koncentrerad solenergi och f\u00f6r att s\u00e4lja fler produktionslinor.<\/span><\/span><\/span><\/span><\/p>\n<p style=\"margin-bottom:11px\"><span><span style=\"font-size:11pt\"><span><span style=\"font-family:arial,helvetica,sans-serif\">Absolicon har under emissionsperioden tydliggjort sina koncept kring marknad och teknik och haft mycket v\u00e4lbes\u00f6kta digitala och fysiska presentationer.<\/span><\/span><\/span><\/span><\/p>\n<p style=\"font-family:arial,helvetica,sans-serif;font-size:11pt;margin-bottom:11px;margin-left:8px\"><span><span style=\"font-size:11pt\"><span><span style=\"font-family:arial,helvetica,sans-serif\">&#8211; Det har varit en fantastisk emissionsperiod med en bred marknadsf\u00f6ringskampanj som lyft fram b\u00e5de Absolicon och solv\u00e4rme, s\u00e4ger Joakim Bystr\u00f6m, vd Absolicon.<\/span><\/span><\/span><\/span><\/p>\n<p style=\"margin-bottom:11px\"><span><span style=\"font-size:11pt\"><span><span style=\"font-family:arial,helvetica,sans-serif\">Absolicon Magasinet har tryckts och distribuerats i 450&nbsp;000 exemplar genom ibladning i tidningarna DN, SvD, NyTeknik och Dagens Industri, samt i tidskrifter som Placeringsguiden och Aktiespararen.<\/span><\/span><\/span><\/span><\/p>\n<p style=\"margin-bottom:11px\"><span><span style=\"font-size:11pt\"><span><span style=\"font-family:arial,helvetica,sans-serif\">Kampanjens final h\u00f6lls under l\u00f6rdagen den 18 mars p\u00e5 Absolicondagen med 235 g\u00e4ster d\u00e4r \u00f6ver 100 personer ocks\u00e5 bes\u00f6kte H\u00f6gsl\u00e4tten Solar Thermal park och den robotiserade produktionslinan.<\/span><\/span><\/span><\/span><\/p>\n<p style=\"margin-bottom:11px\"><span><span style=\"font-size:11pt\"><span><span style=\"font-family:arial,helvetica,sans-serif\">Tyv\u00e4rr har bankkrisen p\u00e5verkat emissionen negativt. Tidigare \u00e5r har bolagets emissioner alltid varit \u00f6vertecknade. I \u00e5r innebar bankfrossan att svenska b\u00f6rsindex f\u00f6ll 6% under emissionsperioden och Absolicons aktiekurs kom att ligga strax \u00f6ver eller strax under emissionskursen. Det \u00e4r ett styrkebesked att \u00e4nd\u00e5 s\u00e5 m\u00e5nga valt att vara med i emissionen.<\/span><\/span><\/span><\/span><\/p>\n<p style=\"margin-bottom:11px\"><span><span style=\"font-size:11pt\"><span><span style=\"font-family:arial,helvetica,sans-serif\">Att emissionen i \u00e5r inte blev fulltecknad kommer inneb\u00e4ra f\u00f6r\u00e4ndringar i Absolicons planer. Bland annat kommer bolaget ha st\u00f6rre fokus p\u00e5 att leverera de tv\u00e5 s\u00e5lda produktionslinorna och f\u00e4rre projekt kommer att g\u00e5 parallellt.<\/span><\/span><\/span><\/span><\/p>\n<p style=\"margin-bottom:11px\"><span><span style=\"font-size:11pt\"><span><span style=\"font-family:arial,helvetica,sans-serif\">Absolicons mission att ers\u00e4tta eldandet av br\u00e4nslen inom industrin med koncentrerad solenergi \u00e4r fortfarande lika viktig, och den senaste IPCC-rapporten varnar f\u00f6r att pl\u00f6tsliga och abrupta klimatf\u00f6r\u00e4ndringar, s\u00e5 kallade \u201dtipping points\u201d, blir mer och mer sannolika ju mer koldioxid vi sl\u00e4pper ut.<\/span><\/span><\/span><\/span><\/p>\n<p style=\"margin-bottom:11px\"><span><span style=\"font-size:11pt\"><span><span style=\"font-family:arial,helvetica,sans-serif\">FN:s generalsekreterare Ant\u00f3nio Guterres konstaterade efter presentationen av IPCC:s syntesrapport m\u00e5ndagen 20 mars att dagens koldioxidhalt i atmosf\u00e4ren \u00e4r den h\u00f6gsta p\u00e5 2 miljoner \u00e5r. Vidare annonserade han en plan f\u00f6r att stoppa all finansiering av ny utvinning av fossila br\u00e4nslen och uppmanade cheferna p\u00e5 alla olje- och gasbolag att bli en del av l\u00f6sningen. Han menar att vi aldrig varit b\u00e4ttre rustade att l\u00f6sa klimatutmaningen, men att vi m\u00e5ste \u00f6ka hastigheten till \u201dwarp speed\u201d.<\/span><\/span><\/span><\/span><\/p>\n<p style=\"margin-bottom:11px\"><span><span style=\"font-size:11pt\"><span><span style=\"font-family:arial,helvetica,sans-serif\">Absolicon har verktygen f\u00f6r att st\u00e4lla om industrins v\u00e4rmef\u00f6rbrukning. Bolagets l\u00f6sningar med koncentrerad solv\u00e4rme och s\u00e4songslager som kan lagra v\u00e4rme fr\u00e5n sommar till vinter kan ers\u00e4tta olja, kol och gas i m\u00e5nga industrisegment. Installationerna som gjorts under 2022 med tv\u00e5 av v\u00e4rldens st\u00f6rsta livsmedelsbolag visar hur v\u00e4rmen fr\u00e5n solf\u00e5ngarna integreras i industriprocesserna.<\/span><\/span><\/span><\/span><\/p>\n<p style=\"font-family:arial,helvetica,sans-serif;font-size:11pt;margin-bottom:11px;margin-left:8px\"><span><span style=\"font-size:11pt\"><span><span style=\"font-family:arial,helvetica,sans-serif\">&#8211; V\u00e4rme motsvarar h\u00e4lften av v\u00e4rldens energianv\u00e4ndning, f\u00f6r att uppn\u00e5 verkliga utsl\u00e4ppsminskningar kr\u00e4vs det att h\u00e5llbara alternativ som solv\u00e4rme ers\u00e4tter de fossila br\u00e4nslena, s\u00e4ger Joakim Bystr\u00f6m. <\/span><\/span><\/span><\/span><\/p>\n<p style=\"margin-bottom:11px\"><span><span style=\"font-size:11pt\"><span><span style=\"font-family:arial,helvetica,sans-serif\">F\u00f6rs\u00e4ljningen i december 2022 av produktionslinor till Egypten och Kanada symboliserar energimarknadens gr\u00f6na utveckling. N\u00e4r det blir alltmer aktuellt att finna l\u00f6sningar f\u00f6r att st\u00e4lla om v\u00e4rldens energif\u00f6rs\u00f6rjning \u00f6kar Absolicons konkurrenskraft och betydelse f\u00f6r klimatarbetet. <\/span><\/span><\/span><\/span><\/p>\n<p style=\"margin-bottom:11px\"><span><span style=\"font-size:11pt\"><span><span style=\"font-family:arial,helvetica,sans-serif\">Genom sitt koncept med robotiserade produktionslinor som kan massproducera koncentrerande solf\u00e5ngare kan Absolicon snabbt bygga upp en global produktionskapacitet som kan leverera till de multinationella storbolagens tiotusentals fabriker.<\/span><\/span><\/span><\/span><\/p>\n","protected":false},"excerpt":{"rendered":"<p>Utfallet av emissionen var 43,5 miljoner kronor och Absolicon kan d\u00e4rmed forts\u00e4tta ett intensivt marknadsf\u00f6ringsarbete riktat till de multinationella bolagen f\u00f6r att skapa en global marknad f\u00f6r koncentrerad solenergi och f\u00f6r att s\u00e4lja fler produktionslinor. Absolicon har under emissionsperioden tydliggjort sina koncept kring marknad och teknik och haft mycket v\u00e4lbes\u00f6kta digitala och fysiska presentationer. &#8211; [&hellip;]<\/p>\n","protected":false},"author":1,"featured_media":0,"comment_status":"open","ping_status":"open","sticky":false,"template":"","format":"standard","meta":{"_acf_changed":false,"footnotes":""},"categories":[23],"tags":[],"class_list":["post-14650","post","type-post","status-publish","format-standard","hentry","category-pressrelease"],"acf":[],"yoast_head":"<!-- This site is optimized with the Yoast SEO plugin v27.4 - https:\/\/yoast.com\/product\/yoast-seo-wordpress\/ -->\n<title>Kommentar p\u00e5 utfallet av emissionen - Absolicon<\/title>\n<meta name=\"robots\" content=\"index, follow, max-snippet:-1, max-image-preview:large, max-video-preview:-1\" \/>\n<link rel=\"canonical\" href=\"https:\/\/www.agma.com\/sv\/kommentar-pa-utfallet-av-emissionen\/\" \/>\n<meta property=\"og:locale\" content=\"sv_SE\" \/>\n<meta property=\"og:type\" content=\"article\" \/>\n<meta property=\"og:title\" content=\"Kommentar p\u00e5 utfallet av emissionen - Absolicon\" \/>\n<meta property=\"og:description\" content=\"Utfallet av emissionen var 43,5 miljoner kronor och Absolicon kan d\u00e4rmed forts\u00e4tta ett intensivt marknadsf\u00f6ringsarbete riktat till de multinationella bolagen f\u00f6r att skapa en global marknad f\u00f6r koncentrerad solenergi och f\u00f6r att s\u00e4lja fler produktionslinor. Absolicon har under emissionsperioden tydliggjort sina koncept kring marknad och teknik och haft mycket v\u00e4lbes\u00f6kta digitala och fysiska presentationer. &#8211; [&hellip;]\" \/>\n<meta property=\"og:url\" content=\"https:\/\/www.agma.com\/sv\/kommentar-pa-utfallet-av-emissionen\/\" \/>\n<meta property=\"og:site_name\" content=\"Absolicon\" \/>\n<meta property=\"article:published_time\" content=\"2023-03-22T15:56:51+00:00\" \/>\n<meta name=\"author\" content=\"jakubschenk\" \/>\n<meta name=\"twitter:card\" content=\"summary_large_image\" \/>\n<meta name=\"twitter:label1\" content=\"Skriven av\" \/>\n\t<meta name=\"twitter:data1\" content=\"jakubschenk\" \/>\n<script type=\"application\/ld+json\" class=\"yoast-schema-graph\">{\"@context\":\"https:\\\/\\\/schema.org\",\"@graph\":[{\"@type\":\"Article\",\"@id\":\"https:\\\/\\\/www.agma.com\\\/sv\\\/kommentar-pa-utfallet-av-emissionen\\\/#article\",\"isPartOf\":{\"@id\":\"https:\\\/\\\/www.agma.com\\\/sv\\\/kommentar-pa-utfallet-av-emissionen\\\/\"},\"author\":{\"name\":\"jakubschenk\",\"@id\":\"https:\\\/\\\/www.agma.com\\\/sv\\\/#\\\/schema\\\/person\\\/6820b3ce1cc37edbaecc979090760d8b\"},\"headline\":\"Kommentar p\u00e5 utfallet av emissionen\",\"datePublished\":\"2023-03-22T15:56:51+00:00\",\"mainEntityOfPage\":{\"@id\":\"https:\\\/\\\/www.agma.com\\\/sv\\\/kommentar-pa-utfallet-av-emissionen\\\/\"},\"wordCount\":561,\"commentCount\":0,\"publisher\":{\"@id\":\"https:\\\/\\\/www.agma.com\\\/sv\\\/#organization\"},\"articleSection\":[\"Pressrelease\"],\"inLanguage\":\"sv-SE\",\"potentialAction\":[{\"@type\":\"CommentAction\",\"name\":\"Comment\",\"target\":[\"https:\\\/\\\/www.agma.com\\\/sv\\\/kommentar-pa-utfallet-av-emissionen\\\/#respond\"]}]},{\"@type\":\"WebPage\",\"@id\":\"https:\\\/\\\/www.agma.com\\\/sv\\\/kommentar-pa-utfallet-av-emissionen\\\/\",\"url\":\"https:\\\/\\\/www.agma.com\\\/sv\\\/kommentar-pa-utfallet-av-emissionen\\\/\",\"name\":\"Kommentar p\u00e5 utfallet av emissionen - Absolicon\",\"isPartOf\":{\"@id\":\"https:\\\/\\\/www.agma.com\\\/sv\\\/#website\"},\"datePublished\":\"2023-03-22T15:56:51+00:00\",\"breadcrumb\":{\"@id\":\"https:\\\/\\\/www.agma.com\\\/sv\\\/kommentar-pa-utfallet-av-emissionen\\\/#breadcrumb\"},\"inLanguage\":\"sv-SE\",\"potentialAction\":[{\"@type\":\"ReadAction\",\"target\":[\"https:\\\/\\\/www.agma.com\\\/sv\\\/kommentar-pa-utfallet-av-emissionen\\\/\"]}]},{\"@type\":\"BreadcrumbList\",\"@id\":\"https:\\\/\\\/www.agma.com\\\/sv\\\/kommentar-pa-utfallet-av-emissionen\\\/#breadcrumb\",\"itemListElement\":[{\"@type\":\"ListItem\",\"position\":1,\"name\":\"Home\",\"item\":\"https:\\\/\\\/www.agma.com\\\/sv\\\/\"},{\"@type\":\"ListItem\",\"position\":2,\"name\":\"Kommentar p\u00e5 utfallet av emissionen\"}]},{\"@type\":\"WebSite\",\"@id\":\"https:\\\/\\\/www.agma.com\\\/sv\\\/#website\",\"url\":\"https:\\\/\\\/www.agma.com\\\/sv\\\/\",\"name\":\"Absolicon\",\"description\":\"\",\"publisher\":{\"@id\":\"https:\\\/\\\/www.agma.com\\\/sv\\\/#organization\"},\"potentialAction\":[{\"@type\":\"SearchAction\",\"target\":{\"@type\":\"EntryPoint\",\"urlTemplate\":\"https:\\\/\\\/www.agma.com\\\/sv\\\/?s={search_term_string}\"},\"query-input\":{\"@type\":\"PropertyValueSpecification\",\"valueRequired\":true,\"valueName\":\"search_term_string\"}}],\"inLanguage\":\"sv-SE\"},{\"@type\":\"Organization\",\"@id\":\"https:\\\/\\\/www.agma.com\\\/sv\\\/#organization\",\"name\":\"Absolicon\",\"url\":\"https:\\\/\\\/www.agma.com\\\/sv\\\/\",\"logo\":{\"@type\":\"ImageObject\",\"inLanguage\":\"sv-SE\",\"@id\":\"https:\\\/\\\/www.agma.com\\\/sv\\\/#\\\/schema\\\/logo\\\/image\\\/\",\"url\":\"https:\\\/\\\/www.agma.com\\\/wp-content\\\/uploads\\\/2026\\\/04\\\/logotype_neg_blk.svg\",\"contentUrl\":\"https:\\\/\\\/www.agma.com\\\/wp-content\\\/uploads\\\/2026\\\/04\\\/logotype_neg_blk.svg\",\"width\":705,\"height\":83,\"caption\":\"Absolicon\"},\"image\":{\"@id\":\"https:\\\/\\\/www.agma.com\\\/sv\\\/#\\\/schema\\\/logo\\\/image\\\/\"}},{\"@type\":\"Person\",\"@id\":\"https:\\\/\\\/www.agma.com\\\/sv\\\/#\\\/schema\\\/person\\\/6820b3ce1cc37edbaecc979090760d8b\",\"name\":\"jakubschenk\",\"image\":{\"@type\":\"ImageObject\",\"inLanguage\":\"sv-SE\",\"@id\":\"https:\\\/\\\/secure.gravatar.com\\\/avatar\\\/0ab843002d4a58702560e02354e5f9a3206e13bbfaa9df5a188e463870f605cd?s=96&d=mm&r=g\",\"url\":\"https:\\\/\\\/secure.gravatar.com\\\/avatar\\\/0ab843002d4a58702560e02354e5f9a3206e13bbfaa9df5a188e463870f605cd?s=96&d=mm&r=g\",\"contentUrl\":\"https:\\\/\\\/secure.gravatar.com\\\/avatar\\\/0ab843002d4a58702560e02354e5f9a3206e13bbfaa9df5a188e463870f605cd?s=96&d=mm&r=g\",\"caption\":\"jakubschenk\"},\"sameAs\":[\"https:\\\/\\\/www.agma.com\"],\"url\":\"https:\\\/\\\/www.agma.com\\\/sv\\\/author\\\/jakubschenk\\\/\"}]}<\/script>\n<!-- \/ Yoast SEO plugin. -->","yoast_head_json":{"title":"Kommentar p\u00e5 utfallet av emissionen - Absolicon","robots":{"index":"index","follow":"follow","max-snippet":"max-snippet:-1","max-image-preview":"max-image-preview:large","max-video-preview":"max-video-preview:-1"},"canonical":"https:\/\/www.agma.com\/sv\/kommentar-pa-utfallet-av-emissionen\/","og_locale":"sv_SE","og_type":"article","og_title":"Kommentar p\u00e5 utfallet av emissionen - Absolicon","og_description":"Utfallet av emissionen var 43,5 miljoner kronor och Absolicon kan d\u00e4rmed forts\u00e4tta ett intensivt marknadsf\u00f6ringsarbete riktat till de multinationella bolagen f\u00f6r att skapa en global marknad f\u00f6r koncentrerad solenergi och f\u00f6r att s\u00e4lja fler produktionslinor. Absolicon har under emissionsperioden tydliggjort sina koncept kring marknad och teknik och haft mycket v\u00e4lbes\u00f6kta digitala och fysiska presentationer. &#8211; [&hellip;]","og_url":"https:\/\/www.agma.com\/sv\/kommentar-pa-utfallet-av-emissionen\/","og_site_name":"Absolicon","article_published_time":"2023-03-22T15:56:51+00:00","author":"jakubschenk","twitter_card":"summary_large_image","twitter_misc":{"Skriven av":"jakubschenk"},"schema":{"@context":"https:\/\/schema.org","@graph":[{"@type":"Article","@id":"https:\/\/www.agma.com\/sv\/kommentar-pa-utfallet-av-emissionen\/#article","isPartOf":{"@id":"https:\/\/www.agma.com\/sv\/kommentar-pa-utfallet-av-emissionen\/"},"author":{"name":"jakubschenk","@id":"https:\/\/www.agma.com\/sv\/#\/schema\/person\/6820b3ce1cc37edbaecc979090760d8b"},"headline":"Kommentar p\u00e5 utfallet av emissionen","datePublished":"2023-03-22T15:56:51+00:00","mainEntityOfPage":{"@id":"https:\/\/www.agma.com\/sv\/kommentar-pa-utfallet-av-emissionen\/"},"wordCount":561,"commentCount":0,"publisher":{"@id":"https:\/\/www.agma.com\/sv\/#organization"},"articleSection":["Pressrelease"],"inLanguage":"sv-SE","potentialAction":[{"@type":"CommentAction","name":"Comment","target":["https:\/\/www.agma.com\/sv\/kommentar-pa-utfallet-av-emissionen\/#respond"]}]},{"@type":"WebPage","@id":"https:\/\/www.agma.com\/sv\/kommentar-pa-utfallet-av-emissionen\/","url":"https:\/\/www.agma.com\/sv\/kommentar-pa-utfallet-av-emissionen\/","name":"Kommentar p\u00e5 utfallet av emissionen - Absolicon","isPartOf":{"@id":"https:\/\/www.agma.com\/sv\/#website"},"datePublished":"2023-03-22T15:56:51+00:00","breadcrumb":{"@id":"https:\/\/www.agma.com\/sv\/kommentar-pa-utfallet-av-emissionen\/#breadcrumb"},"inLanguage":"sv-SE","potentialAction":[{"@type":"ReadAction","target":["https:\/\/www.agma.com\/sv\/kommentar-pa-utfallet-av-emissionen\/"]}]},{"@type":"BreadcrumbList","@id":"https:\/\/www.agma.com\/sv\/kommentar-pa-utfallet-av-emissionen\/#breadcrumb","itemListElement":[{"@type":"ListItem","position":1,"name":"Home","item":"https:\/\/www.agma.com\/sv\/"},{"@type":"ListItem","position":2,"name":"Kommentar p\u00e5 utfallet av emissionen"}]},{"@type":"WebSite","@id":"https:\/\/www.agma.com\/sv\/#website","url":"https:\/\/www.agma.com\/sv\/","name":"Absolicon","description":"","publisher":{"@id":"https:\/\/www.agma.com\/sv\/#organization"},"potentialAction":[{"@type":"SearchAction","target":{"@type":"EntryPoint","urlTemplate":"https:\/\/www.agma.com\/sv\/?s={search_term_string}"},"query-input":{"@type":"PropertyValueSpecification","valueRequired":true,"valueName":"search_term_string"}}],"inLanguage":"sv-SE"},{"@type":"Organization","@id":"https:\/\/www.agma.com\/sv\/#organization","name":"Absolicon","url":"https:\/\/www.agma.com\/sv\/","logo":{"@type":"ImageObject","inLanguage":"sv-SE","@id":"https:\/\/www.agma.com\/sv\/#\/schema\/logo\/image\/","url":"https:\/\/www.agma.com\/wp-content\/uploads\/2026\/04\/logotype_neg_blk.svg","contentUrl":"https:\/\/www.agma.com\/wp-content\/uploads\/2026\/04\/logotype_neg_blk.svg","width":705,"height":83,"caption":"Absolicon"},"image":{"@id":"https:\/\/www.agma.com\/sv\/#\/schema\/logo\/image\/"}},{"@type":"Person","@id":"https:\/\/www.agma.com\/sv\/#\/schema\/person\/6820b3ce1cc37edbaecc979090760d8b","name":"jakubschenk","image":{"@type":"ImageObject","inLanguage":"sv-SE","@id":"https:\/\/secure.gravatar.com\/avatar\/0ab843002d4a58702560e02354e5f9a3206e13bbfaa9df5a188e463870f605cd?s=96&d=mm&r=g","url":"https:\/\/secure.gravatar.com\/avatar\/0ab843002d4a58702560e02354e5f9a3206e13bbfaa9df5a188e463870f605cd?s=96&d=mm&r=g","contentUrl":"https:\/\/secure.gravatar.com\/avatar\/0ab843002d4a58702560e02354e5f9a3206e13bbfaa9df5a188e463870f605cd?s=96&d=mm&r=g","caption":"jakubschenk"},"sameAs":["https:\/\/www.agma.com"],"url":"https:\/\/www.agma.com\/sv\/author\/jakubschenk\/"}]}},"_links":{"self":[{"href":"https:\/\/www.agma.com\/sv\/wp-json\/wp\/v2\/posts\/14650","targetHints":{"allow":["GET"]}}],"collection":[{"href":"https:\/\/www.agma.com\/sv\/wp-json\/wp\/v2\/posts"}],"about":[{"href":"https:\/\/www.agma.com\/sv\/wp-json\/wp\/v2\/types\/post"}],"author":[{"embeddable":true,"href":"https:\/\/www.agma.com\/sv\/wp-json\/wp\/v2\/users\/1"}],"replies":[{"embeddable":true,"href":"https:\/\/www.agma.com\/sv\/wp-json\/wp\/v2\/comments?post=14650"}],"version-history":[{"count":0,"href":"https:\/\/www.agma.com\/sv\/wp-json\/wp\/v2\/posts\/14650\/revisions"}],"wp:attachment":[{"href":"https:\/\/www.agma.com\/sv\/wp-json\/wp\/v2\/media?parent=14650"}],"wp:term":[{"taxonomy":"category","embeddable":true,"href":"https:\/\/www.agma.com\/sv\/wp-json\/wp\/v2\/categories?post=14650"},{"taxonomy":"post_tag","embeddable":true,"href":"https:\/\/www.agma.com\/sv\/wp-json\/wp\/v2\/tags?post=14650"}],"curies":[{"name":"wp","href":"https:\/\/api.w.org\/{rel}","templated":true}]}}