{"id":14779,"date":"2023-04-21T06:20:32","date_gmt":"2023-04-21T06:20:32","guid":{"rendered":"https:\/\/www.absolicon.com\/delregistrering-av-foretradesemission-2023\/"},"modified":"2023-04-21T06:20:32","modified_gmt":"2023-04-21T06:20:32","slug":"delregistrering-av-foretradesemission-2023","status":"publish","type":"post","link":"https:\/\/www.agma.com\/sv\/delregistrering-av-foretradesemission-2023\/","title":{"rendered":"Delregistrering av f\u00f6retr\u00e4desemission 2023"},"content":{"rendered":"<p style=\"margin-top:12px\"><span><span style=\"font-size:11pt\"><span style=\"font-family:arial,helvetica,sans-serif\">Den 20 mars 2023 avslutades teckningstiden i Absolicon Solar Collector AB f\u00f6retr\u00e4desemission av B-aktier. Totalt kommer 482 381 B-aktier nyemitteras och Absolicon tillf\u00f6ras cirka 43,4 MSEK f\u00f6re emissionskostnader.<\/span><\/span><\/span><\/p>\n<p><span><span style=\"font-size:11pt\"><span style=\"font-family:arial,helvetica,sans-serif\">Absolicon har valt att delregistrera f\u00f6retr\u00e4desemissionen hos Bolagsverket. Den andra och sista delregistreringen har 18 april registrerats hos Bolagsverket.<\/span><\/span><\/span><\/p>\n<p><span><span style=\"font-size:11pt\"><span style=\"font-family:arial,helvetica,sans-serif\">Efter delregistreringen finns 322 503 A-aktier och 3&nbsp;494 183 B-aktier, en \u00f6kning med 62 210 B-aktier fr\u00e5n de 3 431&nbsp;973 B-aktier som fanns f\u00f6re delregistreringen. &nbsp;Aktiekapitalet uppg\u00e5r nu till 3 816&nbsp;686 SEK, j\u00e4mf\u00f6rt med 3 754&nbsp;476 SEK f\u00f6re delregistreringen.<\/span><\/span><\/span><\/p>\n<p><span><span style=\"font-size:11pt\"><span style=\"font-family:arial,helvetica,sans-serif\">Betalda tecknade aktier, Absolicon BTA B 2 kommer nu omvandlas till Absolicon B. B-aktierna distribueras till VP-konto\/dep\u00e5 den 28 april 2023.<\/span><\/span><\/span><\/p>\n<p style=\"margin-bottom:11px;margin-top:12px\"><span><span style=\"font-size:12pt\"><span style=\"font-family:times new roman,times\"><span style=\"font-size:11pt\"><span style=\"font-family:arial,helvetica,sans-serif\">Hagberg &amp; Aneborn Fondkommission AB \u00e4r emissionsinstitut i f\u00f6retr\u00e4desemissionen.<\/span><\/span><\/span><\/span><\/span><\/p>\n","protected":false},"excerpt":{"rendered":"<p>Den 20 mars 2023 avslutades teckningstiden i Absolicon Solar Collector AB f\u00f6retr\u00e4desemission av B-aktier. Totalt kommer 482 381 B-aktier nyemitteras och Absolicon tillf\u00f6ras cirka 43,4 MSEK f\u00f6re emissionskostnader. Absolicon har valt att delregistrera f\u00f6retr\u00e4desemissionen hos Bolagsverket. Den andra och sista delregistreringen har 18 april registrerats hos Bolagsverket. Efter delregistreringen finns 322 503 A-aktier och 3&nbsp;494 [&hellip;]<\/p>\n","protected":false},"author":1,"featured_media":0,"comment_status":"open","ping_status":"open","sticky":false,"template":"","format":"standard","meta":{"_acf_changed":false,"footnotes":""},"categories":[23],"tags":[],"class_list":["post-14779","post","type-post","status-publish","format-standard","hentry","category-pressrelease"],"acf":[],"yoast_head":"<!-- This site is optimized with the Yoast SEO plugin v27.4 - https:\/\/yoast.com\/product\/yoast-seo-wordpress\/ -->\n<title>Delregistrering av f\u00f6retr\u00e4desemission 2023 - Absolicon<\/title>\n<meta name=\"robots\" content=\"index, follow, max-snippet:-1, max-image-preview:large, max-video-preview:-1\" \/>\n<link rel=\"canonical\" href=\"https:\/\/www.agma.com\/sv\/delregistrering-av-foretradesemission-2023\/\" \/>\n<meta property=\"og:locale\" content=\"sv_SE\" \/>\n<meta property=\"og:type\" content=\"article\" \/>\n<meta property=\"og:title\" content=\"Delregistrering av f\u00f6retr\u00e4desemission 2023 - Absolicon\" \/>\n<meta property=\"og:description\" content=\"Den 20 mars 2023 avslutades teckningstiden i Absolicon Solar Collector AB f\u00f6retr\u00e4desemission av B-aktier. Totalt kommer 482 381 B-aktier nyemitteras och Absolicon tillf\u00f6ras cirka 43,4 MSEK f\u00f6re emissionskostnader. Absolicon har valt att delregistrera f\u00f6retr\u00e4desemissionen hos Bolagsverket. Den andra och sista delregistreringen har 18 april registrerats hos Bolagsverket. Efter delregistreringen finns 322 503 A-aktier och 3&nbsp;494 [&hellip;]\" \/>\n<meta property=\"og:url\" content=\"https:\/\/www.agma.com\/sv\/delregistrering-av-foretradesemission-2023\/\" \/>\n<meta property=\"og:site_name\" content=\"Absolicon\" \/>\n<meta property=\"article:published_time\" content=\"2023-04-21T06:20:32+00:00\" \/>\n<meta name=\"author\" content=\"jakubschenk\" \/>\n<meta name=\"twitter:card\" content=\"summary_large_image\" \/>\n<meta name=\"twitter:label1\" content=\"Skriven av\" \/>\n\t<meta name=\"twitter:data1\" content=\"jakubschenk\" \/>\n<script type=\"application\/ld+json\" class=\"yoast-schema-graph\">{\"@context\":\"https:\\\/\\\/schema.org\",\"@graph\":[{\"@type\":\"Article\",\"@id\":\"https:\\\/\\\/www.agma.com\\\/sv\\\/delregistrering-av-foretradesemission-2023\\\/#article\",\"isPartOf\":{\"@id\":\"https:\\\/\\\/www.agma.com\\\/sv\\\/delregistrering-av-foretradesemission-2023\\\/\"},\"author\":{\"name\":\"jakubschenk\",\"@id\":\"https:\\\/\\\/www.agma.com\\\/sv\\\/#\\\/schema\\\/person\\\/6820b3ce1cc37edbaecc979090760d8b\"},\"headline\":\"Delregistrering av f\u00f6retr\u00e4desemission 2023\",\"datePublished\":\"2023-04-21T06:20:32+00:00\",\"mainEntityOfPage\":{\"@id\":\"https:\\\/\\\/www.agma.com\\\/sv\\\/delregistrering-av-foretradesemission-2023\\\/\"},\"wordCount\":120,\"commentCount\":0,\"publisher\":{\"@id\":\"https:\\\/\\\/www.agma.com\\\/sv\\\/#organization\"},\"articleSection\":[\"Pressrelease\"],\"inLanguage\":\"sv-SE\",\"potentialAction\":[{\"@type\":\"CommentAction\",\"name\":\"Comment\",\"target\":[\"https:\\\/\\\/www.agma.com\\\/sv\\\/delregistrering-av-foretradesemission-2023\\\/#respond\"]}]},{\"@type\":\"WebPage\",\"@id\":\"https:\\\/\\\/www.agma.com\\\/sv\\\/delregistrering-av-foretradesemission-2023\\\/\",\"url\":\"https:\\\/\\\/www.agma.com\\\/sv\\\/delregistrering-av-foretradesemission-2023\\\/\",\"name\":\"Delregistrering av f\u00f6retr\u00e4desemission 2023 - Absolicon\",\"isPartOf\":{\"@id\":\"https:\\\/\\\/www.agma.com\\\/sv\\\/#website\"},\"datePublished\":\"2023-04-21T06:20:32+00:00\",\"breadcrumb\":{\"@id\":\"https:\\\/\\\/www.agma.com\\\/sv\\\/delregistrering-av-foretradesemission-2023\\\/#breadcrumb\"},\"inLanguage\":\"sv-SE\",\"potentialAction\":[{\"@type\":\"ReadAction\",\"target\":[\"https:\\\/\\\/www.agma.com\\\/sv\\\/delregistrering-av-foretradesemission-2023\\\/\"]}]},{\"@type\":\"BreadcrumbList\",\"@id\":\"https:\\\/\\\/www.agma.com\\\/sv\\\/delregistrering-av-foretradesemission-2023\\\/#breadcrumb\",\"itemListElement\":[{\"@type\":\"ListItem\",\"position\":1,\"name\":\"Home\",\"item\":\"https:\\\/\\\/www.agma.com\\\/sv\\\/\"},{\"@type\":\"ListItem\",\"position\":2,\"name\":\"Delregistrering av f\u00f6retr\u00e4desemission 2023\"}]},{\"@type\":\"WebSite\",\"@id\":\"https:\\\/\\\/www.agma.com\\\/sv\\\/#website\",\"url\":\"https:\\\/\\\/www.agma.com\\\/sv\\\/\",\"name\":\"Absolicon\",\"description\":\"\",\"publisher\":{\"@id\":\"https:\\\/\\\/www.agma.com\\\/sv\\\/#organization\"},\"potentialAction\":[{\"@type\":\"SearchAction\",\"target\":{\"@type\":\"EntryPoint\",\"urlTemplate\":\"https:\\\/\\\/www.agma.com\\\/sv\\\/?s={search_term_string}\"},\"query-input\":{\"@type\":\"PropertyValueSpecification\",\"valueRequired\":true,\"valueName\":\"search_term_string\"}}],\"inLanguage\":\"sv-SE\"},{\"@type\":\"Organization\",\"@id\":\"https:\\\/\\\/www.agma.com\\\/sv\\\/#organization\",\"name\":\"Absolicon\",\"url\":\"https:\\\/\\\/www.agma.com\\\/sv\\\/\",\"logo\":{\"@type\":\"ImageObject\",\"inLanguage\":\"sv-SE\",\"@id\":\"https:\\\/\\\/www.agma.com\\\/sv\\\/#\\\/schema\\\/logo\\\/image\\\/\",\"url\":\"https:\\\/\\\/www.agma.com\\\/wp-content\\\/uploads\\\/2026\\\/04\\\/logotype_neg_blk.svg\",\"contentUrl\":\"https:\\\/\\\/www.agma.com\\\/wp-content\\\/uploads\\\/2026\\\/04\\\/logotype_neg_blk.svg\",\"width\":705,\"height\":83,\"caption\":\"Absolicon\"},\"image\":{\"@id\":\"https:\\\/\\\/www.agma.com\\\/sv\\\/#\\\/schema\\\/logo\\\/image\\\/\"}},{\"@type\":\"Person\",\"@id\":\"https:\\\/\\\/www.agma.com\\\/sv\\\/#\\\/schema\\\/person\\\/6820b3ce1cc37edbaecc979090760d8b\",\"name\":\"jakubschenk\",\"image\":{\"@type\":\"ImageObject\",\"inLanguage\":\"sv-SE\",\"@id\":\"https:\\\/\\\/secure.gravatar.com\\\/avatar\\\/0ab843002d4a58702560e02354e5f9a3206e13bbfaa9df5a188e463870f605cd?s=96&d=mm&r=g\",\"url\":\"https:\\\/\\\/secure.gravatar.com\\\/avatar\\\/0ab843002d4a58702560e02354e5f9a3206e13bbfaa9df5a188e463870f605cd?s=96&d=mm&r=g\",\"contentUrl\":\"https:\\\/\\\/secure.gravatar.com\\\/avatar\\\/0ab843002d4a58702560e02354e5f9a3206e13bbfaa9df5a188e463870f605cd?s=96&d=mm&r=g\",\"caption\":\"jakubschenk\"},\"sameAs\":[\"https:\\\/\\\/www.agma.com\"],\"url\":\"https:\\\/\\\/www.agma.com\\\/sv\\\/author\\\/jakubschenk\\\/\"}]}<\/script>\n<!-- \/ Yoast SEO plugin. -->","yoast_head_json":{"title":"Delregistrering av f\u00f6retr\u00e4desemission 2023 - Absolicon","robots":{"index":"index","follow":"follow","max-snippet":"max-snippet:-1","max-image-preview":"max-image-preview:large","max-video-preview":"max-video-preview:-1"},"canonical":"https:\/\/www.agma.com\/sv\/delregistrering-av-foretradesemission-2023\/","og_locale":"sv_SE","og_type":"article","og_title":"Delregistrering av f\u00f6retr\u00e4desemission 2023 - Absolicon","og_description":"Den 20 mars 2023 avslutades teckningstiden i Absolicon Solar Collector AB f\u00f6retr\u00e4desemission av B-aktier. Totalt kommer 482 381 B-aktier nyemitteras och Absolicon tillf\u00f6ras cirka 43,4 MSEK f\u00f6re emissionskostnader. Absolicon har valt att delregistrera f\u00f6retr\u00e4desemissionen hos Bolagsverket. Den andra och sista delregistreringen har 18 april registrerats hos Bolagsverket. Efter delregistreringen finns 322 503 A-aktier och 3&nbsp;494 [&hellip;]","og_url":"https:\/\/www.agma.com\/sv\/delregistrering-av-foretradesemission-2023\/","og_site_name":"Absolicon","article_published_time":"2023-04-21T06:20:32+00:00","author":"jakubschenk","twitter_card":"summary_large_image","twitter_misc":{"Skriven av":"jakubschenk"},"schema":{"@context":"https:\/\/schema.org","@graph":[{"@type":"Article","@id":"https:\/\/www.agma.com\/sv\/delregistrering-av-foretradesemission-2023\/#article","isPartOf":{"@id":"https:\/\/www.agma.com\/sv\/delregistrering-av-foretradesemission-2023\/"},"author":{"name":"jakubschenk","@id":"https:\/\/www.agma.com\/sv\/#\/schema\/person\/6820b3ce1cc37edbaecc979090760d8b"},"headline":"Delregistrering av f\u00f6retr\u00e4desemission 2023","datePublished":"2023-04-21T06:20:32+00:00","mainEntityOfPage":{"@id":"https:\/\/www.agma.com\/sv\/delregistrering-av-foretradesemission-2023\/"},"wordCount":120,"commentCount":0,"publisher":{"@id":"https:\/\/www.agma.com\/sv\/#organization"},"articleSection":["Pressrelease"],"inLanguage":"sv-SE","potentialAction":[{"@type":"CommentAction","name":"Comment","target":["https:\/\/www.agma.com\/sv\/delregistrering-av-foretradesemission-2023\/#respond"]}]},{"@type":"WebPage","@id":"https:\/\/www.agma.com\/sv\/delregistrering-av-foretradesemission-2023\/","url":"https:\/\/www.agma.com\/sv\/delregistrering-av-foretradesemission-2023\/","name":"Delregistrering av f\u00f6retr\u00e4desemission 2023 - Absolicon","isPartOf":{"@id":"https:\/\/www.agma.com\/sv\/#website"},"datePublished":"2023-04-21T06:20:32+00:00","breadcrumb":{"@id":"https:\/\/www.agma.com\/sv\/delregistrering-av-foretradesemission-2023\/#breadcrumb"},"inLanguage":"sv-SE","potentialAction":[{"@type":"ReadAction","target":["https:\/\/www.agma.com\/sv\/delregistrering-av-foretradesemission-2023\/"]}]},{"@type":"BreadcrumbList","@id":"https:\/\/www.agma.com\/sv\/delregistrering-av-foretradesemission-2023\/#breadcrumb","itemListElement":[{"@type":"ListItem","position":1,"name":"Home","item":"https:\/\/www.agma.com\/sv\/"},{"@type":"ListItem","position":2,"name":"Delregistrering av f\u00f6retr\u00e4desemission 2023"}]},{"@type":"WebSite","@id":"https:\/\/www.agma.com\/sv\/#website","url":"https:\/\/www.agma.com\/sv\/","name":"Absolicon","description":"","publisher":{"@id":"https:\/\/www.agma.com\/sv\/#organization"},"potentialAction":[{"@type":"SearchAction","target":{"@type":"EntryPoint","urlTemplate":"https:\/\/www.agma.com\/sv\/?s={search_term_string}"},"query-input":{"@type":"PropertyValueSpecification","valueRequired":true,"valueName":"search_term_string"}}],"inLanguage":"sv-SE"},{"@type":"Organization","@id":"https:\/\/www.agma.com\/sv\/#organization","name":"Absolicon","url":"https:\/\/www.agma.com\/sv\/","logo":{"@type":"ImageObject","inLanguage":"sv-SE","@id":"https:\/\/www.agma.com\/sv\/#\/schema\/logo\/image\/","url":"https:\/\/www.agma.com\/wp-content\/uploads\/2026\/04\/logotype_neg_blk.svg","contentUrl":"https:\/\/www.agma.com\/wp-content\/uploads\/2026\/04\/logotype_neg_blk.svg","width":705,"height":83,"caption":"Absolicon"},"image":{"@id":"https:\/\/www.agma.com\/sv\/#\/schema\/logo\/image\/"}},{"@type":"Person","@id":"https:\/\/www.agma.com\/sv\/#\/schema\/person\/6820b3ce1cc37edbaecc979090760d8b","name":"jakubschenk","image":{"@type":"ImageObject","inLanguage":"sv-SE","@id":"https:\/\/secure.gravatar.com\/avatar\/0ab843002d4a58702560e02354e5f9a3206e13bbfaa9df5a188e463870f605cd?s=96&d=mm&r=g","url":"https:\/\/secure.gravatar.com\/avatar\/0ab843002d4a58702560e02354e5f9a3206e13bbfaa9df5a188e463870f605cd?s=96&d=mm&r=g","contentUrl":"https:\/\/secure.gravatar.com\/avatar\/0ab843002d4a58702560e02354e5f9a3206e13bbfaa9df5a188e463870f605cd?s=96&d=mm&r=g","caption":"jakubschenk"},"sameAs":["https:\/\/www.agma.com"],"url":"https:\/\/www.agma.com\/sv\/author\/jakubschenk\/"}]}},"_links":{"self":[{"href":"https:\/\/www.agma.com\/sv\/wp-json\/wp\/v2\/posts\/14779","targetHints":{"allow":["GET"]}}],"collection":[{"href":"https:\/\/www.agma.com\/sv\/wp-json\/wp\/v2\/posts"}],"about":[{"href":"https:\/\/www.agma.com\/sv\/wp-json\/wp\/v2\/types\/post"}],"author":[{"embeddable":true,"href":"https:\/\/www.agma.com\/sv\/wp-json\/wp\/v2\/users\/1"}],"replies":[{"embeddable":true,"href":"https:\/\/www.agma.com\/sv\/wp-json\/wp\/v2\/comments?post=14779"}],"version-history":[{"count":0,"href":"https:\/\/www.agma.com\/sv\/wp-json\/wp\/v2\/posts\/14779\/revisions"}],"wp:attachment":[{"href":"https:\/\/www.agma.com\/sv\/wp-json\/wp\/v2\/media?parent=14779"}],"wp:term":[{"taxonomy":"category","embeddable":true,"href":"https:\/\/www.agma.com\/sv\/wp-json\/wp\/v2\/categories?post=14779"},{"taxonomy":"post_tag","embeddable":true,"href":"https:\/\/www.agma.com\/sv\/wp-json\/wp\/v2\/tags?post=14779"}],"curies":[{"name":"wp","href":"https:\/\/api.w.org\/{rel}","templated":true}]}}