{"id":15086,"date":"2023-07-12T08:48:57","date_gmt":"2023-07-12T08:48:57","guid":{"rendered":"https:\/\/www.absolicon.com\/absolicon-far-4-miljoner-kronor-i-stort-eu-projekt-for-att-lagra-varme-fran-sommar-till-vinter\/"},"modified":"2023-07-12T08:48:57","modified_gmt":"2023-07-12T08:48:57","slug":"absolicon-far-4-miljoner-kronor-i-stort-eu-projekt-for-att-lagra-varme-fran-sommar-till-vinter","status":"publish","type":"post","link":"https:\/\/www.agma.com\/sv\/absolicon-far-4-miljoner-kronor-i-stort-eu-projekt-for-att-lagra-varme-fran-sommar-till-vinter\/","title":{"rendered":"Absolicon f\u00e5r 4 miljoner kronor i stort EU-projekt f\u00f6r att lagra v\u00e4rme fr\u00e5n sommar till vinter"},"content":{"rendered":"<p style=\"margin-top:12px\"><span><span style=\"font-size:11pt\"><span style=\"font-family:arial,helvetica,sans-serif\"><span style=\"color:black\">Det nya stora EU-projektet f\u00f6r att lagra v\u00e4rme fr\u00e5n sommar till vinter leds av KTH och ut\u00f6ver Absolicon deltar 25 partners bland annat Chalmers, IVL, energibolaget Veolia och fj\u00e4rrv\u00e4rmebranschens organisation Euroheat &amp; Power. Hela projektet har en budget p\u00e5 12,4 miljoner euro (ca 150 miljoner kronor) och skall demonstrera hur man med underjordiska v\u00e4rmelager kan v\u00e4rma hela st\u00e4der utan att elda fossila br\u00e4nslen.<\/span><\/span><\/span><\/span><\/p>\n<p><span><span style=\"font-size:11pt\"><span style=\"font-family:arial,helvetica,sans-serif\"><span style=\"color:black\">Europas st\u00e4der beh\u00f6ver sluta elda fossila br\u00e4nslen. Sammanlagt finns 6000 fj\u00e4rrv\u00e4rmen\u00e4t d\u00e4r de flesta v\u00e4rmes med fossila br\u00e4nslen. Som ett exempel eldar den finska huvudstaden Helsingfors varje \u00e5r 500&nbsp;000 ton kol. St\u00e4derna beh\u00f6ver i st\u00e4llet anv\u00e4nda solv\u00e4rme, spillv\u00e4rme fr\u00e5n industrier, f\u00f6rnyelsebar el och h\u00e5llbara biobr\u00e4nslen. <\/span>S\u00e4songslagring av v\u00e4rme \u00e4r en av nycklarna f\u00f6r omst\u00e4llningen. <\/span><\/span><\/span><\/p>\n<p><span><span style=\"font-size:11pt\"><span style=\"font-family:arial,helvetica,sans-serif\"><span style=\"color:black\">Konsortiet USE4HEAT ska bygga tv\u00e5 innovativa storskaliga underjordiska s\u00e4songslager av v\u00e4rme som laddas under sommaren och sedan kan f\u00f6rse st\u00e4der med v\u00e4rme hela vintern. V\u00e4rmelagren kombineras med flera andra innovativa tekniker d\u00e4r Absolicon bidrar med sin unika solv\u00e4rmeteknik. I projektet skall Absolicon bland annat uppf\u00f6ra ett solv\u00e4rmef\u00e4lt p\u00e5 drygt 300 m2 som skall mata hetvatten till ett av s\u00e4songslagren.<\/span><\/span><\/span><\/span><\/p>\n<p><span><span style=\"font-size:11pt\"><span style=\"font-family:arial,helvetica,sans-serif\">Absolicons andel i projektet \u00e4r 480&nbsp;000 euro (ca 5,8 miljoner kronor) och av det utg\u00e5r EU-finansiering om 340 000 euro (ca 4 miljoner kronor) vilket t\u00e4cker 70% av Absolicon projektkostnad. Detta anslag fr\u00e5n EU m\u00f6jligg\u00f6r f\u00f6r Absolicon att forts\u00e4tta driva solv\u00e4rmetekniken fram\u00e5t med s\u00e4rskilt fokus p\u00e5 att lagra v\u00e4rme fr\u00e5n sommar till vinter.<\/span><\/span><\/span><\/p>\n","protected":false},"excerpt":{"rendered":"<p>Det nya stora EU-projektet f\u00f6r att lagra v\u00e4rme fr\u00e5n sommar till vinter leds av KTH och ut\u00f6ver Absolicon deltar 25 partners bland annat Chalmers, IVL, energibolaget Veolia och fj\u00e4rrv\u00e4rmebranschens organisation Euroheat &amp; Power. Hela projektet har en budget p\u00e5 12,4 miljoner euro (ca 150 miljoner kronor) och skall demonstrera hur man med underjordiska v\u00e4rmelager kan [&hellip;]<\/p>\n","protected":false},"author":1,"featured_media":0,"comment_status":"open","ping_status":"open","sticky":false,"template":"","format":"standard","meta":{"_acf_changed":false,"footnotes":""},"categories":[23],"tags":[],"class_list":["post-15086","post","type-post","status-publish","format-standard","hentry","category-pressrelease"],"acf":[],"yoast_head":"<!-- This site is optimized with the Yoast SEO plugin v27.4 - https:\/\/yoast.com\/product\/yoast-seo-wordpress\/ -->\n<title>Absolicon f\u00e5r 4 miljoner kronor i stort EU-projekt f\u00f6r att lagra v\u00e4rme fr\u00e5n sommar till vinter - Absolicon<\/title>\n<meta name=\"robots\" content=\"index, follow, max-snippet:-1, max-image-preview:large, max-video-preview:-1\" \/>\n<link rel=\"canonical\" href=\"https:\/\/www.agma.com\/sv\/absolicon-far-4-miljoner-kronor-i-stort-eu-projekt-for-att-lagra-varme-fran-sommar-till-vinter\/\" \/>\n<meta property=\"og:locale\" content=\"sv_SE\" \/>\n<meta property=\"og:type\" content=\"article\" \/>\n<meta property=\"og:title\" content=\"Absolicon f\u00e5r 4 miljoner kronor i stort EU-projekt f\u00f6r att lagra v\u00e4rme fr\u00e5n sommar till vinter - Absolicon\" \/>\n<meta property=\"og:description\" content=\"Det nya stora EU-projektet f\u00f6r att lagra v\u00e4rme fr\u00e5n sommar till vinter leds av KTH och ut\u00f6ver Absolicon deltar 25 partners bland annat Chalmers, IVL, energibolaget Veolia och fj\u00e4rrv\u00e4rmebranschens organisation Euroheat &amp; Power. Hela projektet har en budget p\u00e5 12,4 miljoner euro (ca 150 miljoner kronor) och skall demonstrera hur man med underjordiska v\u00e4rmelager kan [&hellip;]\" \/>\n<meta property=\"og:url\" content=\"https:\/\/www.agma.com\/sv\/absolicon-far-4-miljoner-kronor-i-stort-eu-projekt-for-att-lagra-varme-fran-sommar-till-vinter\/\" \/>\n<meta property=\"og:site_name\" content=\"Absolicon\" \/>\n<meta property=\"article:published_time\" content=\"2023-07-12T08:48:57+00:00\" \/>\n<meta name=\"author\" content=\"jakubschenk\" \/>\n<meta name=\"twitter:card\" content=\"summary_large_image\" \/>\n<meta name=\"twitter:label1\" content=\"Skriven av\" \/>\n\t<meta name=\"twitter:data1\" content=\"jakubschenk\" \/>\n<script type=\"application\/ld+json\" class=\"yoast-schema-graph\">{\"@context\":\"https:\\\/\\\/schema.org\",\"@graph\":[{\"@type\":\"Article\",\"@id\":\"https:\\\/\\\/www.agma.com\\\/sv\\\/absolicon-far-4-miljoner-kronor-i-stort-eu-projekt-for-att-lagra-varme-fran-sommar-till-vinter\\\/#article\",\"isPartOf\":{\"@id\":\"https:\\\/\\\/www.agma.com\\\/sv\\\/absolicon-far-4-miljoner-kronor-i-stort-eu-projekt-for-att-lagra-varme-fran-sommar-till-vinter\\\/\"},\"author\":{\"name\":\"jakubschenk\",\"@id\":\"https:\\\/\\\/www.agma.com\\\/sv\\\/#\\\/schema\\\/person\\\/6820b3ce1cc37edbaecc979090760d8b\"},\"headline\":\"Absolicon f\u00e5r 4 miljoner kronor i stort EU-projekt f\u00f6r att lagra v\u00e4rme fr\u00e5n sommar till vinter\",\"datePublished\":\"2023-07-12T08:48:57+00:00\",\"mainEntityOfPage\":{\"@id\":\"https:\\\/\\\/www.agma.com\\\/sv\\\/absolicon-far-4-miljoner-kronor-i-stort-eu-projekt-for-att-lagra-varme-fran-sommar-till-vinter\\\/\"},\"wordCount\":296,\"commentCount\":0,\"publisher\":{\"@id\":\"https:\\\/\\\/www.agma.com\\\/sv\\\/#organization\"},\"articleSection\":[\"Pressrelease\"],\"inLanguage\":\"sv-SE\",\"potentialAction\":[{\"@type\":\"CommentAction\",\"name\":\"Comment\",\"target\":[\"https:\\\/\\\/www.agma.com\\\/sv\\\/absolicon-far-4-miljoner-kronor-i-stort-eu-projekt-for-att-lagra-varme-fran-sommar-till-vinter\\\/#respond\"]}]},{\"@type\":\"WebPage\",\"@id\":\"https:\\\/\\\/www.agma.com\\\/sv\\\/absolicon-far-4-miljoner-kronor-i-stort-eu-projekt-for-att-lagra-varme-fran-sommar-till-vinter\\\/\",\"url\":\"https:\\\/\\\/www.agma.com\\\/sv\\\/absolicon-far-4-miljoner-kronor-i-stort-eu-projekt-for-att-lagra-varme-fran-sommar-till-vinter\\\/\",\"name\":\"Absolicon f\u00e5r 4 miljoner kronor i stort EU-projekt f\u00f6r att lagra v\u00e4rme fr\u00e5n sommar till vinter - Absolicon\",\"isPartOf\":{\"@id\":\"https:\\\/\\\/www.agma.com\\\/sv\\\/#website\"},\"datePublished\":\"2023-07-12T08:48:57+00:00\",\"breadcrumb\":{\"@id\":\"https:\\\/\\\/www.agma.com\\\/sv\\\/absolicon-far-4-miljoner-kronor-i-stort-eu-projekt-for-att-lagra-varme-fran-sommar-till-vinter\\\/#breadcrumb\"},\"inLanguage\":\"sv-SE\",\"potentialAction\":[{\"@type\":\"ReadAction\",\"target\":[\"https:\\\/\\\/www.agma.com\\\/sv\\\/absolicon-far-4-miljoner-kronor-i-stort-eu-projekt-for-att-lagra-varme-fran-sommar-till-vinter\\\/\"]}]},{\"@type\":\"BreadcrumbList\",\"@id\":\"https:\\\/\\\/www.agma.com\\\/sv\\\/absolicon-far-4-miljoner-kronor-i-stort-eu-projekt-for-att-lagra-varme-fran-sommar-till-vinter\\\/#breadcrumb\",\"itemListElement\":[{\"@type\":\"ListItem\",\"position\":1,\"name\":\"Home\",\"item\":\"https:\\\/\\\/www.agma.com\\\/sv\\\/\"},{\"@type\":\"ListItem\",\"position\":2,\"name\":\"Absolicon f\u00e5r 4 miljoner kronor i stort EU-projekt f\u00f6r att lagra v\u00e4rme fr\u00e5n sommar till vinter\"}]},{\"@type\":\"WebSite\",\"@id\":\"https:\\\/\\\/www.agma.com\\\/sv\\\/#website\",\"url\":\"https:\\\/\\\/www.agma.com\\\/sv\\\/\",\"name\":\"Absolicon\",\"description\":\"\",\"publisher\":{\"@id\":\"https:\\\/\\\/www.agma.com\\\/sv\\\/#organization\"},\"potentialAction\":[{\"@type\":\"SearchAction\",\"target\":{\"@type\":\"EntryPoint\",\"urlTemplate\":\"https:\\\/\\\/www.agma.com\\\/sv\\\/?s={search_term_string}\"},\"query-input\":{\"@type\":\"PropertyValueSpecification\",\"valueRequired\":true,\"valueName\":\"search_term_string\"}}],\"inLanguage\":\"sv-SE\"},{\"@type\":\"Organization\",\"@id\":\"https:\\\/\\\/www.agma.com\\\/sv\\\/#organization\",\"name\":\"Absolicon\",\"url\":\"https:\\\/\\\/www.agma.com\\\/sv\\\/\",\"logo\":{\"@type\":\"ImageObject\",\"inLanguage\":\"sv-SE\",\"@id\":\"https:\\\/\\\/www.agma.com\\\/sv\\\/#\\\/schema\\\/logo\\\/image\\\/\",\"url\":\"https:\\\/\\\/www.agma.com\\\/wp-content\\\/uploads\\\/2026\\\/04\\\/logotype_neg_blk.svg\",\"contentUrl\":\"https:\\\/\\\/www.agma.com\\\/wp-content\\\/uploads\\\/2026\\\/04\\\/logotype_neg_blk.svg\",\"width\":705,\"height\":83,\"caption\":\"Absolicon\"},\"image\":{\"@id\":\"https:\\\/\\\/www.agma.com\\\/sv\\\/#\\\/schema\\\/logo\\\/image\\\/\"}},{\"@type\":\"Person\",\"@id\":\"https:\\\/\\\/www.agma.com\\\/sv\\\/#\\\/schema\\\/person\\\/6820b3ce1cc37edbaecc979090760d8b\",\"name\":\"jakubschenk\",\"image\":{\"@type\":\"ImageObject\",\"inLanguage\":\"sv-SE\",\"@id\":\"https:\\\/\\\/secure.gravatar.com\\\/avatar\\\/0ab843002d4a58702560e02354e5f9a3206e13bbfaa9df5a188e463870f605cd?s=96&d=mm&r=g\",\"url\":\"https:\\\/\\\/secure.gravatar.com\\\/avatar\\\/0ab843002d4a58702560e02354e5f9a3206e13bbfaa9df5a188e463870f605cd?s=96&d=mm&r=g\",\"contentUrl\":\"https:\\\/\\\/secure.gravatar.com\\\/avatar\\\/0ab843002d4a58702560e02354e5f9a3206e13bbfaa9df5a188e463870f605cd?s=96&d=mm&r=g\",\"caption\":\"jakubschenk\"},\"sameAs\":[\"https:\\\/\\\/www.agma.com\"],\"url\":\"https:\\\/\\\/www.agma.com\\\/sv\\\/author\\\/jakubschenk\\\/\"}]}<\/script>\n<!-- \/ Yoast SEO plugin. -->","yoast_head_json":{"title":"Absolicon f\u00e5r 4 miljoner kronor i stort EU-projekt f\u00f6r att lagra v\u00e4rme fr\u00e5n sommar till vinter - Absolicon","robots":{"index":"index","follow":"follow","max-snippet":"max-snippet:-1","max-image-preview":"max-image-preview:large","max-video-preview":"max-video-preview:-1"},"canonical":"https:\/\/www.agma.com\/sv\/absolicon-far-4-miljoner-kronor-i-stort-eu-projekt-for-att-lagra-varme-fran-sommar-till-vinter\/","og_locale":"sv_SE","og_type":"article","og_title":"Absolicon f\u00e5r 4 miljoner kronor i stort EU-projekt f\u00f6r att lagra v\u00e4rme fr\u00e5n sommar till vinter - Absolicon","og_description":"Det nya stora EU-projektet f\u00f6r att lagra v\u00e4rme fr\u00e5n sommar till vinter leds av KTH och ut\u00f6ver Absolicon deltar 25 partners bland annat Chalmers, IVL, energibolaget Veolia och fj\u00e4rrv\u00e4rmebranschens organisation Euroheat &amp; Power. Hela projektet har en budget p\u00e5 12,4 miljoner euro (ca 150 miljoner kronor) och skall demonstrera hur man med underjordiska v\u00e4rmelager kan [&hellip;]","og_url":"https:\/\/www.agma.com\/sv\/absolicon-far-4-miljoner-kronor-i-stort-eu-projekt-for-att-lagra-varme-fran-sommar-till-vinter\/","og_site_name":"Absolicon","article_published_time":"2023-07-12T08:48:57+00:00","author":"jakubschenk","twitter_card":"summary_large_image","twitter_misc":{"Skriven av":"jakubschenk"},"schema":{"@context":"https:\/\/schema.org","@graph":[{"@type":"Article","@id":"https:\/\/www.agma.com\/sv\/absolicon-far-4-miljoner-kronor-i-stort-eu-projekt-for-att-lagra-varme-fran-sommar-till-vinter\/#article","isPartOf":{"@id":"https:\/\/www.agma.com\/sv\/absolicon-far-4-miljoner-kronor-i-stort-eu-projekt-for-att-lagra-varme-fran-sommar-till-vinter\/"},"author":{"name":"jakubschenk","@id":"https:\/\/www.agma.com\/sv\/#\/schema\/person\/6820b3ce1cc37edbaecc979090760d8b"},"headline":"Absolicon f\u00e5r 4 miljoner kronor i stort EU-projekt f\u00f6r att lagra v\u00e4rme fr\u00e5n sommar till vinter","datePublished":"2023-07-12T08:48:57+00:00","mainEntityOfPage":{"@id":"https:\/\/www.agma.com\/sv\/absolicon-far-4-miljoner-kronor-i-stort-eu-projekt-for-att-lagra-varme-fran-sommar-till-vinter\/"},"wordCount":296,"commentCount":0,"publisher":{"@id":"https:\/\/www.agma.com\/sv\/#organization"},"articleSection":["Pressrelease"],"inLanguage":"sv-SE","potentialAction":[{"@type":"CommentAction","name":"Comment","target":["https:\/\/www.agma.com\/sv\/absolicon-far-4-miljoner-kronor-i-stort-eu-projekt-for-att-lagra-varme-fran-sommar-till-vinter\/#respond"]}]},{"@type":"WebPage","@id":"https:\/\/www.agma.com\/sv\/absolicon-far-4-miljoner-kronor-i-stort-eu-projekt-for-att-lagra-varme-fran-sommar-till-vinter\/","url":"https:\/\/www.agma.com\/sv\/absolicon-far-4-miljoner-kronor-i-stort-eu-projekt-for-att-lagra-varme-fran-sommar-till-vinter\/","name":"Absolicon f\u00e5r 4 miljoner kronor i stort EU-projekt f\u00f6r att lagra v\u00e4rme fr\u00e5n sommar till vinter - Absolicon","isPartOf":{"@id":"https:\/\/www.agma.com\/sv\/#website"},"datePublished":"2023-07-12T08:48:57+00:00","breadcrumb":{"@id":"https:\/\/www.agma.com\/sv\/absolicon-far-4-miljoner-kronor-i-stort-eu-projekt-for-att-lagra-varme-fran-sommar-till-vinter\/#breadcrumb"},"inLanguage":"sv-SE","potentialAction":[{"@type":"ReadAction","target":["https:\/\/www.agma.com\/sv\/absolicon-far-4-miljoner-kronor-i-stort-eu-projekt-for-att-lagra-varme-fran-sommar-till-vinter\/"]}]},{"@type":"BreadcrumbList","@id":"https:\/\/www.agma.com\/sv\/absolicon-far-4-miljoner-kronor-i-stort-eu-projekt-for-att-lagra-varme-fran-sommar-till-vinter\/#breadcrumb","itemListElement":[{"@type":"ListItem","position":1,"name":"Home","item":"https:\/\/www.agma.com\/sv\/"},{"@type":"ListItem","position":2,"name":"Absolicon f\u00e5r 4 miljoner kronor i stort EU-projekt f\u00f6r att lagra v\u00e4rme fr\u00e5n sommar till vinter"}]},{"@type":"WebSite","@id":"https:\/\/www.agma.com\/sv\/#website","url":"https:\/\/www.agma.com\/sv\/","name":"Absolicon","description":"","publisher":{"@id":"https:\/\/www.agma.com\/sv\/#organization"},"potentialAction":[{"@type":"SearchAction","target":{"@type":"EntryPoint","urlTemplate":"https:\/\/www.agma.com\/sv\/?s={search_term_string}"},"query-input":{"@type":"PropertyValueSpecification","valueRequired":true,"valueName":"search_term_string"}}],"inLanguage":"sv-SE"},{"@type":"Organization","@id":"https:\/\/www.agma.com\/sv\/#organization","name":"Absolicon","url":"https:\/\/www.agma.com\/sv\/","logo":{"@type":"ImageObject","inLanguage":"sv-SE","@id":"https:\/\/www.agma.com\/sv\/#\/schema\/logo\/image\/","url":"https:\/\/www.agma.com\/wp-content\/uploads\/2026\/04\/logotype_neg_blk.svg","contentUrl":"https:\/\/www.agma.com\/wp-content\/uploads\/2026\/04\/logotype_neg_blk.svg","width":705,"height":83,"caption":"Absolicon"},"image":{"@id":"https:\/\/www.agma.com\/sv\/#\/schema\/logo\/image\/"}},{"@type":"Person","@id":"https:\/\/www.agma.com\/sv\/#\/schema\/person\/6820b3ce1cc37edbaecc979090760d8b","name":"jakubschenk","image":{"@type":"ImageObject","inLanguage":"sv-SE","@id":"https:\/\/secure.gravatar.com\/avatar\/0ab843002d4a58702560e02354e5f9a3206e13bbfaa9df5a188e463870f605cd?s=96&d=mm&r=g","url":"https:\/\/secure.gravatar.com\/avatar\/0ab843002d4a58702560e02354e5f9a3206e13bbfaa9df5a188e463870f605cd?s=96&d=mm&r=g","contentUrl":"https:\/\/secure.gravatar.com\/avatar\/0ab843002d4a58702560e02354e5f9a3206e13bbfaa9df5a188e463870f605cd?s=96&d=mm&r=g","caption":"jakubschenk"},"sameAs":["https:\/\/www.agma.com"],"url":"https:\/\/www.agma.com\/sv\/author\/jakubschenk\/"}]}},"_links":{"self":[{"href":"https:\/\/www.agma.com\/sv\/wp-json\/wp\/v2\/posts\/15086","targetHints":{"allow":["GET"]}}],"collection":[{"href":"https:\/\/www.agma.com\/sv\/wp-json\/wp\/v2\/posts"}],"about":[{"href":"https:\/\/www.agma.com\/sv\/wp-json\/wp\/v2\/types\/post"}],"author":[{"embeddable":true,"href":"https:\/\/www.agma.com\/sv\/wp-json\/wp\/v2\/users\/1"}],"replies":[{"embeddable":true,"href":"https:\/\/www.agma.com\/sv\/wp-json\/wp\/v2\/comments?post=15086"}],"version-history":[{"count":0,"href":"https:\/\/www.agma.com\/sv\/wp-json\/wp\/v2\/posts\/15086\/revisions"}],"wp:attachment":[{"href":"https:\/\/www.agma.com\/sv\/wp-json\/wp\/v2\/media?parent=15086"}],"wp:term":[{"taxonomy":"category","embeddable":true,"href":"https:\/\/www.agma.com\/sv\/wp-json\/wp\/v2\/categories?post=15086"},{"taxonomy":"post_tag","embeddable":true,"href":"https:\/\/www.agma.com\/sv\/wp-json\/wp\/v2\/tags?post=15086"}],"curies":[{"name":"wp","href":"https:\/\/api.w.org\/{rel}","templated":true}]}}