{"id":15242,"date":"2023-08-31T07:45:00","date_gmt":"2023-08-31T07:45:00","guid":{"rendered":"https:\/\/www.absolicon.com\/delarsrapport-andra-kvartalet-2023\/"},"modified":"2023-08-31T08:03:49","modified_gmt":"2023-08-31T08:03:49","slug":"delarsrapport-andra-kvartalet-2023","status":"publish","type":"post","link":"https:\/\/www.agma.com\/sv\/delarsrapport-andra-kvartalet-2023\/","title":{"rendered":"Del\u00e5rsrapport andra kvartalet 2023"},"content":{"rendered":"<p style=\"margin-bottom: 11px; margin-top: 12px;\"><a href=\"https:\/\/www.agma.com\/sv\/investor\/finansiella-rapporter\/\"><span style=\"font-size: 11pt;\"><span style=\"font-family: arial,helvetica,sans-serif;\">Finansiella rapporter &gt;&gt;<\/span><\/span><\/a><\/p>\n<p style=\"margin-bottom: 11px; margin-top: 12px;\"><span style=\"font-size: 11pt;\"><span style=\"font-family: arial,helvetica,sans-serif;\">Vid Absolicons \u00e5rsst\u00e4mma i juni valdes Olle Olsson till ny ordf\u00f6rande. Olle Olsson har varit ordf\u00f6rande i Absolicon tidigare, innan Malte Frisk tilltr\u00e4dde. St\u00e4mman valde \u00e4ven in de nya styrelseledam\u00f6terna Anna Sandgren och Stefan Johansson, b\u00e5da med l\u00e5ng och bred erfarenhet av internationell f\u00f6rs\u00e4ljning.<\/span><\/span><\/p>\n<p style=\"margin-bottom: 11px;\"><span style=\"font-size: 11pt;\"><span style=\"font-family: arial,helvetica,sans-serif;\">Det g\u00e5r \u00e5t n\u00e4stan tre g\u00e5nger s\u00e5 mycket v\u00e4rmeenergi som el f\u00f6r att producera Carlsberg Groups \u00f6l. I april meddelade Olympic Brewery att de inlett \u00f6lbryggning med den grekiska solens v\u00e4rme vid sin produktionsanl\u00e4ggning i Grekland, genom drifts\u00e4ttningen av Absolicons solv\u00e4rmef\u00e4lt.<\/span><\/span><\/p>\n<p style=\"margin-bottom: 11px;\"><span style=\"font-size: 11pt;\"><span style=\"font-family: arial,helvetica,sans-serif;\">Absolicon forts\u00e4tter investera i ett starkt immaterialr\u00e4ttsligt skydd f\u00f6r f\u00f6retagets produkter och st\u00e4rker under andra kvartalet sitt immaterialr\u00e4ttsliga skydd genom tv\u00e5 beviljade patent. De nya patententen g\u00e4ller reflektorformning i Kina samt tracking i Indien.<\/span><\/span><\/p>\n<p style=\"margin-bottom: 11px;\"><span style=\"font-size: 11pt;\"><span style=\"font-family: arial,helvetica,sans-serif;\"><u><span style=\"font-family: arial,helvetica,sans-serif;\">Justerade finansiella m\u00e5l<\/span><\/u><\/span><\/span><\/p>\n<p style=\"margin-bottom: 11px;\"><span style=\"font-size: 11pt;\"><strong><span style=\"font-family: arial,helvetica,sans-serif;\">Absolicon s\u00e4tter ett nytt m\u00e5l med minst 10 levererade produktionslinor \u00e5r 2026 och ut\u00f6kar tidsperioden f\u00f6r oms\u00e4ttningsm\u00e5let med 6 m\u00e5nader.<\/span><\/strong><\/span><\/p>\n<p style=\"margin-bottom: 11px;\"><span style=\"font-size: 11pt;\"><span style=\"font-family: arial,helvetica,sans-serif;\">Ut\u00f6ver de tv\u00e5 s\u00e5lda produktionslinorna till Kanada och Egypten g\u00e5r processen stadigt fram\u00e5t med Spanien, Italien och Sydafrika. Dessutom finns flera andra f\u00f6rs\u00e4ljningsprocesser som underbygger att Absolicon \u00e5r 2026 kommer att s\u00e5lt och levererat minst 10 produktionslinor.<\/span><\/span><\/p>\n<p style=\"margin-bottom: 11px;\"><span style=\"font-size: 11pt;\"><span style=\"font-family: arial,helvetica,sans-serif;\">I del\u00e5rsrapporten rapporteras att tidsplanerna f\u00f6r b\u00e5de Egypten och Kanada f\u00f6rskjutits. F\u00f6r att n\u00e5 m\u00e5let att oms\u00e4tta 100 miljoner ut\u00f6kar vi tiden med sex m\u00e5nader till att omfatta fram till 30 juni 2024.<\/span><\/span><\/p>\n<p style=\"margin-bottom: 11px;\"><span style=\"font-size: 11pt;\"><u><span style=\"font-family: arial,helvetica,sans-serif;\">Vd har ordet:<\/span><\/u><\/span><\/p>\n<p style=\"margin-bottom: 11px;\"><span style=\"font-size: 11pt;\"><strong><span style=\"font-family: arial,helvetica,sans-serif;\">Tio produktionslinor till 2026<\/span><\/strong><\/span><\/p>\n<p style=\"margin-bottom: 11px;\"><span style=\"font-size: 11pt;\"><span style=\"font-family: arial,helvetica,sans-serif;\">De tv\u00e5 kunder som skrivit kontrakt p\u00e5 produktionslinor \u2013 Phoenix i Kanada och CPS i Egypten \u2013 har l\u00e5ngsammare processer j\u00e4mf\u00f6rt med v\u00e5ra f\u00f6rv\u00e4ntningar. Vi har d\u00e4rf\u00f6r beslutat att f\u00f6rl\u00e4nga perioden f\u00f6r oms\u00e4ttningsm\u00e5let till att omfatta 18 m\u00e5nader, fram till 30 juni 2024.<\/span><\/span><\/p>\n<p style=\"margin-bottom: 11px;\"><span style=\"font-size: 11pt;\"><span style=\"font-family: arial,helvetica,sans-serif;\">Processerna f\u00f6r att s\u00e4lja ytterligare produktionslinor f\u00f6r massproduktion av solf\u00e5ngare g\u00e5r stadigt fram\u00e5t. Vi s\u00e4tter nu m\u00e5let att \u00e5r 2026 ha s\u00e5lt och levererat minst tio produktionslinor och skissar i denna rapport vad det inneb\u00e4r om Absolicon s\u00e4ljer 100 produktionslinor till \u00e5r 2033.<\/span><\/span><\/p>\n<p style=\"margin-bottom: 11px;\"><span style=\"font-size: 11pt;\"><span style=\"font-family: arial,helvetica,sans-serif;\">I Grekland meddelade Carlsbergs bryggeri Olympic under andra kvartalet att de nu brygger \u00f6l med hj\u00e4lp av solv\u00e4rme. Absolicons team har jobbat beundransv\u00e4rt med installationen. Sedan kvartalets slut har \u00e4ven Peroni driftsatt sin anl\u00e4ggning i Italien.<\/span><\/span><\/p>\n<p style=\"margin-bottom: 11px;\"><span style=\"font-size: 11pt;\"><span style=\"font-family: arial,helvetica,sans-serif;\">M\u00e4tningar visar att solf\u00e5ngarna p\u00e5 Olympic producerar i enlighet med verkningsgraden i v\u00e5r certifiering Solar Keymark. Det kan tyckas sj\u00e4lvklart, men m\u00e5nga nya produkter klarar inte av att i verkligheten uppvisa samma verkningsgrad som i ett kontrollerat test. <\/span><\/span><\/p>\n<p style=\"margin-bottom: 11px;\"><span style=\"font-size: 11pt;\"><span style=\"font-family: arial,helvetica,sans-serif;\">Med v\u00e5ra solv\u00e4rmeinstallationer driftsatta och verkningsgraden bevisad i f\u00e4lt beh\u00f6vs inte ytterligare visningsanl\u00e4ggningar. Nu \u00e4r det f\u00f6rs\u00e4ljningsfokus som g\u00e4ller f\u00f6r att skapa ett globalt n\u00e4tverk av lokala partners som producerar och installerar Absolicons solv\u00e4rmeteknik.<\/span><\/span><\/p>\n<p style=\"margin-bottom: 11px;\"><span style=\"font-size: 11pt;\"><span style=\"font-family: arial,helvetica,sans-serif;\">Absolicon har utifr\u00e5n detta omorganiserat under v\u00e5ren. Vi har minskat kostnaderna och st\u00e4ngt v\u00e5rt kontor i Sundsvall. Vi har tappat teknisk kapacitet, men satsar p\u00e5 f\u00f6rs\u00e4ljning och marknadsf\u00f6ring.<\/span><\/span><\/p>\n<p style=\"margin-bottom: 11px;\"><span style=\"font-size: 11pt;\"><span style=\"font-family: arial,helvetica,sans-serif;\">\u00c4ven ledningen av Absolicon f\u00f6r\u00e4ndras. V\u00e5ra tv\u00e5 nya styrelseledam\u00f6ter Anna Sandgren och Stefan Johansson har b\u00e5da l\u00e5ng och bred erfarenhet av internationell f\u00f6rs\u00e4ljning. V\u00e5r f\u00f6rs\u00e4ljningschef Carlo Semeraro f\u00e5r ett st\u00f6rre ansvar f\u00f6r att samordna alla aktiviteter med kontinuerliga avst\u00e4mningar till styrelsen.<\/span><\/span><\/p>\n<p style=\"margin-bottom: 11px;\"><span style=\"font-size: 11pt;\"><span style=\"font-family: arial,helvetica,sans-serif;\">Med nyvunna erfarenheter, mer fokuserad organisation och en f\u00f6rst\u00e4rkt styrelse \u00e4r Absolicon vassare \u00e4n n\u00e5gonsin.<\/span><\/span><\/p>\n<p><span style=\"font-size: 11pt;\"><span style=\"font-family: arial,helvetica,sans-serif;\">Pilotinstallationerna har tagit stora resurser men var n\u00f6dv\u00e4ndiga att bygga. Absolicon fokuserar nu p\u00e5 m\u00e5let om minst tio s\u00e5lda och levererade produktionslinor \u00e5r 2026.<\/span><\/span><\/p>\n<p><a href=\"https:\/\/www.agma.com\/sv\/investor\/finansiella-rapporter\/\"><span style=\"font-size: 11pt;\"><span style=\"font-family: arial,helvetica,sans-serif;\">Finansiella rapporter &gt;&gt;<\/span><\/span><\/a><\/p>\n<p>Denna information \u00e4r s\u00e5dan som Absolicon \u00e4r skyldigt att offentligg\u00f6ra enligt EU:s marknadsmissbruksf\u00f6rordning (EU nr 596\/2014). Informationen l\u00e4mnades, genom angiven kontaktpersons f\u00f6rsorg, f\u00f6r offentligg\u00f6rande 2023-08-31 09:45 CET.<\/p>\n","protected":false},"excerpt":{"rendered":"<p>Finansiella rapporter &gt;&gt; Vid Absolicons \u00e5rsst\u00e4mma i juni valdes Olle Olsson till ny ordf\u00f6rande. Olle Olsson har varit ordf\u00f6rande i Absolicon tidigare, innan Malte Frisk tilltr\u00e4dde. St\u00e4mman valde \u00e4ven in de nya styrelseledam\u00f6terna Anna Sandgren och Stefan Johansson, b\u00e5da med l\u00e5ng och bred erfarenhet av internationell f\u00f6rs\u00e4ljning. Det g\u00e5r \u00e5t n\u00e4stan tre g\u00e5nger s\u00e5 mycket [&hellip;]<\/p>\n","protected":false},"author":1,"featured_media":0,"comment_status":"open","ping_status":"open","sticky":false,"template":"","format":"standard","meta":{"_acf_changed":false,"footnotes":""},"categories":[24],"tags":[],"class_list":["post-15242","post","type-post","status-publish","format-standard","hentry","category-delarsrapport"],"acf":[],"yoast_head":"<!-- This site is optimized with the Yoast SEO plugin v27.4 - https:\/\/yoast.com\/product\/yoast-seo-wordpress\/ -->\n<title>Del\u00e5rsrapport andra kvartalet 2023 - Absolicon<\/title>\n<meta name=\"robots\" content=\"index, follow, max-snippet:-1, max-image-preview:large, max-video-preview:-1\" \/>\n<link rel=\"canonical\" href=\"https:\/\/www.agma.com\/sv\/delarsrapport-andra-kvartalet-2023\/\" \/>\n<meta property=\"og:locale\" content=\"sv_SE\" \/>\n<meta property=\"og:type\" content=\"article\" \/>\n<meta property=\"og:title\" content=\"Del\u00e5rsrapport andra kvartalet 2023 - Absolicon\" \/>\n<meta property=\"og:description\" content=\"Finansiella rapporter &gt;&gt; Vid Absolicons \u00e5rsst\u00e4mma i juni valdes Olle Olsson till ny ordf\u00f6rande. Olle Olsson har varit ordf\u00f6rande i Absolicon tidigare, innan Malte Frisk tilltr\u00e4dde. St\u00e4mman valde \u00e4ven in de nya styrelseledam\u00f6terna Anna Sandgren och Stefan Johansson, b\u00e5da med l\u00e5ng och bred erfarenhet av internationell f\u00f6rs\u00e4ljning. Det g\u00e5r \u00e5t n\u00e4stan tre g\u00e5nger s\u00e5 mycket [&hellip;]\" \/>\n<meta property=\"og:url\" content=\"https:\/\/www.agma.com\/sv\/delarsrapport-andra-kvartalet-2023\/\" \/>\n<meta property=\"og:site_name\" content=\"Absolicon\" \/>\n<meta property=\"article:published_time\" content=\"2023-08-31T07:45:00+00:00\" \/>\n<meta property=\"article:modified_time\" content=\"2023-08-31T08:03:49+00:00\" \/>\n<meta name=\"author\" content=\"jakubschenk\" \/>\n<meta name=\"twitter:card\" content=\"summary_large_image\" \/>\n<meta name=\"twitter:label1\" content=\"Skriven av\" \/>\n\t<meta name=\"twitter:data1\" content=\"jakubschenk\" \/>\n<script type=\"application\/ld+json\" class=\"yoast-schema-graph\">{\"@context\":\"https:\\\/\\\/schema.org\",\"@graph\":[{\"@type\":\"Article\",\"@id\":\"https:\\\/\\\/www.agma.com\\\/sv\\\/delarsrapport-andra-kvartalet-2023\\\/#article\",\"isPartOf\":{\"@id\":\"https:\\\/\\\/www.agma.com\\\/sv\\\/delarsrapport-andra-kvartalet-2023\\\/\"},\"author\":{\"name\":\"jakubschenk\",\"@id\":\"https:\\\/\\\/www.agma.com\\\/sv\\\/#\\\/schema\\\/person\\\/6820b3ce1cc37edbaecc979090760d8b\"},\"headline\":\"Del\u00e5rsrapport andra kvartalet 2023\",\"datePublished\":\"2023-08-31T07:45:00+00:00\",\"dateModified\":\"2023-08-31T08:03:49+00:00\",\"mainEntityOfPage\":{\"@id\":\"https:\\\/\\\/www.agma.com\\\/sv\\\/delarsrapport-andra-kvartalet-2023\\\/\"},\"wordCount\":674,\"commentCount\":0,\"publisher\":{\"@id\":\"https:\\\/\\\/www.agma.com\\\/sv\\\/#organization\"},\"articleSection\":[\"Del\u00e5rsrapport\"],\"inLanguage\":\"sv-SE\",\"potentialAction\":[{\"@type\":\"CommentAction\",\"name\":\"Comment\",\"target\":[\"https:\\\/\\\/www.agma.com\\\/sv\\\/delarsrapport-andra-kvartalet-2023\\\/#respond\"]}]},{\"@type\":\"WebPage\",\"@id\":\"https:\\\/\\\/www.agma.com\\\/sv\\\/delarsrapport-andra-kvartalet-2023\\\/\",\"url\":\"https:\\\/\\\/www.agma.com\\\/sv\\\/delarsrapport-andra-kvartalet-2023\\\/\",\"name\":\"Del\u00e5rsrapport andra kvartalet 2023 - Absolicon\",\"isPartOf\":{\"@id\":\"https:\\\/\\\/www.agma.com\\\/sv\\\/#website\"},\"datePublished\":\"2023-08-31T07:45:00+00:00\",\"dateModified\":\"2023-08-31T08:03:49+00:00\",\"breadcrumb\":{\"@id\":\"https:\\\/\\\/www.agma.com\\\/sv\\\/delarsrapport-andra-kvartalet-2023\\\/#breadcrumb\"},\"inLanguage\":\"sv-SE\",\"potentialAction\":[{\"@type\":\"ReadAction\",\"target\":[\"https:\\\/\\\/www.agma.com\\\/sv\\\/delarsrapport-andra-kvartalet-2023\\\/\"]}]},{\"@type\":\"BreadcrumbList\",\"@id\":\"https:\\\/\\\/www.agma.com\\\/sv\\\/delarsrapport-andra-kvartalet-2023\\\/#breadcrumb\",\"itemListElement\":[{\"@type\":\"ListItem\",\"position\":1,\"name\":\"Home\",\"item\":\"https:\\\/\\\/www.agma.com\\\/sv\\\/\"},{\"@type\":\"ListItem\",\"position\":2,\"name\":\"Del\u00e5rsrapport andra kvartalet 2023\"}]},{\"@type\":\"WebSite\",\"@id\":\"https:\\\/\\\/www.agma.com\\\/sv\\\/#website\",\"url\":\"https:\\\/\\\/www.agma.com\\\/sv\\\/\",\"name\":\"Absolicon\",\"description\":\"\",\"publisher\":{\"@id\":\"https:\\\/\\\/www.agma.com\\\/sv\\\/#organization\"},\"potentialAction\":[{\"@type\":\"SearchAction\",\"target\":{\"@type\":\"EntryPoint\",\"urlTemplate\":\"https:\\\/\\\/www.agma.com\\\/sv\\\/?s={search_term_string}\"},\"query-input\":{\"@type\":\"PropertyValueSpecification\",\"valueRequired\":true,\"valueName\":\"search_term_string\"}}],\"inLanguage\":\"sv-SE\"},{\"@type\":\"Organization\",\"@id\":\"https:\\\/\\\/www.agma.com\\\/sv\\\/#organization\",\"name\":\"Absolicon\",\"url\":\"https:\\\/\\\/www.agma.com\\\/sv\\\/\",\"logo\":{\"@type\":\"ImageObject\",\"inLanguage\":\"sv-SE\",\"@id\":\"https:\\\/\\\/www.agma.com\\\/sv\\\/#\\\/schema\\\/logo\\\/image\\\/\",\"url\":\"https:\\\/\\\/www.agma.com\\\/wp-content\\\/uploads\\\/2026\\\/04\\\/logotype_neg_blk.svg\",\"contentUrl\":\"https:\\\/\\\/www.agma.com\\\/wp-content\\\/uploads\\\/2026\\\/04\\\/logotype_neg_blk.svg\",\"width\":705,\"height\":83,\"caption\":\"Absolicon\"},\"image\":{\"@id\":\"https:\\\/\\\/www.agma.com\\\/sv\\\/#\\\/schema\\\/logo\\\/image\\\/\"}},{\"@type\":\"Person\",\"@id\":\"https:\\\/\\\/www.agma.com\\\/sv\\\/#\\\/schema\\\/person\\\/6820b3ce1cc37edbaecc979090760d8b\",\"name\":\"jakubschenk\",\"image\":{\"@type\":\"ImageObject\",\"inLanguage\":\"sv-SE\",\"@id\":\"https:\\\/\\\/secure.gravatar.com\\\/avatar\\\/0ab843002d4a58702560e02354e5f9a3206e13bbfaa9df5a188e463870f605cd?s=96&d=mm&r=g\",\"url\":\"https:\\\/\\\/secure.gravatar.com\\\/avatar\\\/0ab843002d4a58702560e02354e5f9a3206e13bbfaa9df5a188e463870f605cd?s=96&d=mm&r=g\",\"contentUrl\":\"https:\\\/\\\/secure.gravatar.com\\\/avatar\\\/0ab843002d4a58702560e02354e5f9a3206e13bbfaa9df5a188e463870f605cd?s=96&d=mm&r=g\",\"caption\":\"jakubschenk\"},\"sameAs\":[\"https:\\\/\\\/www.agma.com\"],\"url\":\"https:\\\/\\\/www.agma.com\\\/sv\\\/author\\\/jakubschenk\\\/\"}]}<\/script>\n<!-- \/ Yoast SEO plugin. -->","yoast_head_json":{"title":"Del\u00e5rsrapport andra kvartalet 2023 - Absolicon","robots":{"index":"index","follow":"follow","max-snippet":"max-snippet:-1","max-image-preview":"max-image-preview:large","max-video-preview":"max-video-preview:-1"},"canonical":"https:\/\/www.agma.com\/sv\/delarsrapport-andra-kvartalet-2023\/","og_locale":"sv_SE","og_type":"article","og_title":"Del\u00e5rsrapport andra kvartalet 2023 - Absolicon","og_description":"Finansiella rapporter &gt;&gt; Vid Absolicons \u00e5rsst\u00e4mma i juni valdes Olle Olsson till ny ordf\u00f6rande. Olle Olsson har varit ordf\u00f6rande i Absolicon tidigare, innan Malte Frisk tilltr\u00e4dde. St\u00e4mman valde \u00e4ven in de nya styrelseledam\u00f6terna Anna Sandgren och Stefan Johansson, b\u00e5da med l\u00e5ng och bred erfarenhet av internationell f\u00f6rs\u00e4ljning. Det g\u00e5r \u00e5t n\u00e4stan tre g\u00e5nger s\u00e5 mycket [&hellip;]","og_url":"https:\/\/www.agma.com\/sv\/delarsrapport-andra-kvartalet-2023\/","og_site_name":"Absolicon","article_published_time":"2023-08-31T07:45:00+00:00","article_modified_time":"2023-08-31T08:03:49+00:00","author":"jakubschenk","twitter_card":"summary_large_image","twitter_misc":{"Skriven av":"jakubschenk"},"schema":{"@context":"https:\/\/schema.org","@graph":[{"@type":"Article","@id":"https:\/\/www.agma.com\/sv\/delarsrapport-andra-kvartalet-2023\/#article","isPartOf":{"@id":"https:\/\/www.agma.com\/sv\/delarsrapport-andra-kvartalet-2023\/"},"author":{"name":"jakubschenk","@id":"https:\/\/www.agma.com\/sv\/#\/schema\/person\/6820b3ce1cc37edbaecc979090760d8b"},"headline":"Del\u00e5rsrapport andra kvartalet 2023","datePublished":"2023-08-31T07:45:00+00:00","dateModified":"2023-08-31T08:03:49+00:00","mainEntityOfPage":{"@id":"https:\/\/www.agma.com\/sv\/delarsrapport-andra-kvartalet-2023\/"},"wordCount":674,"commentCount":0,"publisher":{"@id":"https:\/\/www.agma.com\/sv\/#organization"},"articleSection":["Del\u00e5rsrapport"],"inLanguage":"sv-SE","potentialAction":[{"@type":"CommentAction","name":"Comment","target":["https:\/\/www.agma.com\/sv\/delarsrapport-andra-kvartalet-2023\/#respond"]}]},{"@type":"WebPage","@id":"https:\/\/www.agma.com\/sv\/delarsrapport-andra-kvartalet-2023\/","url":"https:\/\/www.agma.com\/sv\/delarsrapport-andra-kvartalet-2023\/","name":"Del\u00e5rsrapport andra kvartalet 2023 - Absolicon","isPartOf":{"@id":"https:\/\/www.agma.com\/sv\/#website"},"datePublished":"2023-08-31T07:45:00+00:00","dateModified":"2023-08-31T08:03:49+00:00","breadcrumb":{"@id":"https:\/\/www.agma.com\/sv\/delarsrapport-andra-kvartalet-2023\/#breadcrumb"},"inLanguage":"sv-SE","potentialAction":[{"@type":"ReadAction","target":["https:\/\/www.agma.com\/sv\/delarsrapport-andra-kvartalet-2023\/"]}]},{"@type":"BreadcrumbList","@id":"https:\/\/www.agma.com\/sv\/delarsrapport-andra-kvartalet-2023\/#breadcrumb","itemListElement":[{"@type":"ListItem","position":1,"name":"Home","item":"https:\/\/www.agma.com\/sv\/"},{"@type":"ListItem","position":2,"name":"Del\u00e5rsrapport andra kvartalet 2023"}]},{"@type":"WebSite","@id":"https:\/\/www.agma.com\/sv\/#website","url":"https:\/\/www.agma.com\/sv\/","name":"Absolicon","description":"","publisher":{"@id":"https:\/\/www.agma.com\/sv\/#organization"},"potentialAction":[{"@type":"SearchAction","target":{"@type":"EntryPoint","urlTemplate":"https:\/\/www.agma.com\/sv\/?s={search_term_string}"},"query-input":{"@type":"PropertyValueSpecification","valueRequired":true,"valueName":"search_term_string"}}],"inLanguage":"sv-SE"},{"@type":"Organization","@id":"https:\/\/www.agma.com\/sv\/#organization","name":"Absolicon","url":"https:\/\/www.agma.com\/sv\/","logo":{"@type":"ImageObject","inLanguage":"sv-SE","@id":"https:\/\/www.agma.com\/sv\/#\/schema\/logo\/image\/","url":"https:\/\/www.agma.com\/wp-content\/uploads\/2026\/04\/logotype_neg_blk.svg","contentUrl":"https:\/\/www.agma.com\/wp-content\/uploads\/2026\/04\/logotype_neg_blk.svg","width":705,"height":83,"caption":"Absolicon"},"image":{"@id":"https:\/\/www.agma.com\/sv\/#\/schema\/logo\/image\/"}},{"@type":"Person","@id":"https:\/\/www.agma.com\/sv\/#\/schema\/person\/6820b3ce1cc37edbaecc979090760d8b","name":"jakubschenk","image":{"@type":"ImageObject","inLanguage":"sv-SE","@id":"https:\/\/secure.gravatar.com\/avatar\/0ab843002d4a58702560e02354e5f9a3206e13bbfaa9df5a188e463870f605cd?s=96&d=mm&r=g","url":"https:\/\/secure.gravatar.com\/avatar\/0ab843002d4a58702560e02354e5f9a3206e13bbfaa9df5a188e463870f605cd?s=96&d=mm&r=g","contentUrl":"https:\/\/secure.gravatar.com\/avatar\/0ab843002d4a58702560e02354e5f9a3206e13bbfaa9df5a188e463870f605cd?s=96&d=mm&r=g","caption":"jakubschenk"},"sameAs":["https:\/\/www.agma.com"],"url":"https:\/\/www.agma.com\/sv\/author\/jakubschenk\/"}]}},"_links":{"self":[{"href":"https:\/\/www.agma.com\/sv\/wp-json\/wp\/v2\/posts\/15242","targetHints":{"allow":["GET"]}}],"collection":[{"href":"https:\/\/www.agma.com\/sv\/wp-json\/wp\/v2\/posts"}],"about":[{"href":"https:\/\/www.agma.com\/sv\/wp-json\/wp\/v2\/types\/post"}],"author":[{"embeddable":true,"href":"https:\/\/www.agma.com\/sv\/wp-json\/wp\/v2\/users\/1"}],"replies":[{"embeddable":true,"href":"https:\/\/www.agma.com\/sv\/wp-json\/wp\/v2\/comments?post=15242"}],"version-history":[{"count":1,"href":"https:\/\/www.agma.com\/sv\/wp-json\/wp\/v2\/posts\/15242\/revisions"}],"predecessor-version":[{"id":15248,"href":"https:\/\/www.agma.com\/sv\/wp-json\/wp\/v2\/posts\/15242\/revisions\/15248"}],"wp:attachment":[{"href":"https:\/\/www.agma.com\/sv\/wp-json\/wp\/v2\/media?parent=15242"}],"wp:term":[{"taxonomy":"category","embeddable":true,"href":"https:\/\/www.agma.com\/sv\/wp-json\/wp\/v2\/categories?post=15242"},{"taxonomy":"post_tag","embeddable":true,"href":"https:\/\/www.agma.com\/sv\/wp-json\/wp\/v2\/tags?post=15242"}],"curies":[{"name":"wp","href":"https:\/\/api.w.org\/{rel}","templated":true}]}}