{"id":15476,"date":"2023-10-24T08:28:20","date_gmt":"2023-10-24T08:28:20","guid":{"rendered":"https:\/\/www.absolicon.com\/?p=15476"},"modified":"2023-10-24T08:28:22","modified_gmt":"2023-10-24T08:28:22","slug":"studiebesok-och-branschdag-om-soldriven-fjarrvarme-hos-absolicon","status":"publish","type":"post","link":"https:\/\/www.agma.com\/sv\/studiebesok-och-branschdag-om-soldriven-fjarrvarme-hos-absolicon\/","title":{"rendered":"Studiebes\u00f6k och branschdag om soldriven fj\u00e4rrv\u00e4rme hos Absolicon"},"content":{"rendered":"\n<p>International Energy Agency (IEA) Solar Heating and Cooling Task 68 ihop med Absolicon bj\u00f6d in till en heldag med bes\u00f6k, utbildning och konceptutveckling i H\u00e4rn\u00f6sand. I det internationella m\u00f6tet deltog ledande forskare, fj\u00e4rrv\u00e4rmeoperat\u00f6rer, kommuner och solv\u00e4rmef\u00f6retag.<\/p>\n\n\n\n<figure class=\"wp-block-embed-vimeo wp-block-embed is-type-video is-provider-vimeo wp-embed-aspect-16-9 wp-has-aspect-ratio\"><div class=\"wp-block-embed__wrapper\">\n<iframe title=\"IEA SHC Task 68 in H\u00e4rn\u00f6sand\" src=\"https:\/\/player.vimeo.com\/video\/876367229?dnt=1&amp;app_id=122963\" width=\"800\" height=\"450\" frameborder=\"0\" allow=\"autoplay; fullscreen; picture-in-picture; clipboard-write; encrypted-media; web-share\" referrerpolicy=\"strict-origin-when-cross-origin\"><\/iframe>\n<\/div><\/figure>\n","protected":false},"excerpt":{"rendered":"<p>International Energy Agency (IEA) Solar Heating and Cooling Task 68 ihop med Absolicon bj\u00f6d in till en heldag med bes\u00f6k, utbildning och konceptutveckling i H\u00e4rn\u00f6sand. I det internationella m\u00f6tet deltog ledande forskare, fj\u00e4rrv\u00e4rmeoperat\u00f6rer, kommuner och solv\u00e4rmef\u00f6retag.<\/p>\n","protected":false},"author":2,"featured_media":0,"comment_status":"open","ping_status":"open","sticky":false,"template":"","format":"standard","meta":{"_acf_changed":false,"footnotes":""},"categories":[2],"tags":[],"class_list":["post-15476","post","type-post","status-publish","format-standard","hentry","category-okategoriserad"],"acf":[],"yoast_head":"<!-- This site is optimized with the Yoast SEO plugin v27.4 - https:\/\/yoast.com\/product\/yoast-seo-wordpress\/ -->\n<title>Studiebes\u00f6k och branschdag om soldriven fj\u00e4rrv\u00e4rme hos Absolicon - Absolicon<\/title>\n<meta name=\"robots\" content=\"index, follow, max-snippet:-1, max-image-preview:large, max-video-preview:-1\" \/>\n<link rel=\"canonical\" href=\"https:\/\/www.agma.com\/sv\/studiebesok-och-branschdag-om-soldriven-fjarrvarme-hos-absolicon\/\" \/>\n<meta property=\"og:locale\" content=\"sv_SE\" \/>\n<meta property=\"og:type\" content=\"article\" \/>\n<meta property=\"og:title\" content=\"Studiebes\u00f6k och branschdag om soldriven fj\u00e4rrv\u00e4rme hos Absolicon - Absolicon\" \/>\n<meta property=\"og:description\" content=\"International Energy Agency (IEA) Solar Heating and Cooling Task 68 ihop med Absolicon bj\u00f6d in till en heldag med bes\u00f6k, utbildning och konceptutveckling i H\u00e4rn\u00f6sand. I det internationella m\u00f6tet deltog ledande forskare, fj\u00e4rrv\u00e4rmeoperat\u00f6rer, kommuner och solv\u00e4rmef\u00f6retag.\" \/>\n<meta property=\"og:url\" content=\"https:\/\/www.agma.com\/sv\/studiebesok-och-branschdag-om-soldriven-fjarrvarme-hos-absolicon\/\" \/>\n<meta property=\"og:site_name\" content=\"Absolicon\" \/>\n<meta property=\"article:published_time\" content=\"2023-10-24T08:28:20+00:00\" \/>\n<meta property=\"article:modified_time\" content=\"2023-10-24T08:28:22+00:00\" \/>\n<meta name=\"author\" content=\"Karin Forssell\" \/>\n<meta name=\"twitter:card\" content=\"summary_large_image\" \/>\n<meta name=\"twitter:label1\" content=\"Skriven av\" \/>\n\t<meta name=\"twitter:data1\" content=\"Karin Forssell\" \/>\n<script type=\"application\/ld+json\" class=\"yoast-schema-graph\">{\"@context\":\"https:\\\/\\\/schema.org\",\"@graph\":[{\"@type\":\"Article\",\"@id\":\"https:\\\/\\\/www.agma.com\\\/sv\\\/studiebesok-och-branschdag-om-soldriven-fjarrvarme-hos-absolicon\\\/#article\",\"isPartOf\":{\"@id\":\"https:\\\/\\\/www.agma.com\\\/sv\\\/studiebesok-och-branschdag-om-soldriven-fjarrvarme-hos-absolicon\\\/\"},\"author\":{\"name\":\"Karin Forssell\",\"@id\":\"https:\\\/\\\/www.agma.com\\\/sv\\\/#\\\/schema\\\/person\\\/7fa3701c04b8cdf482f8f1955dc047c3\"},\"headline\":\"Studiebes\u00f6k och branschdag om soldriven fj\u00e4rrv\u00e4rme hos Absolicon\",\"datePublished\":\"2023-10-24T08:28:20+00:00\",\"dateModified\":\"2023-10-24T08:28:22+00:00\",\"mainEntityOfPage\":{\"@id\":\"https:\\\/\\\/www.agma.com\\\/sv\\\/studiebesok-och-branschdag-om-soldriven-fjarrvarme-hos-absolicon\\\/\"},\"wordCount\":59,\"commentCount\":0,\"publisher\":{\"@id\":\"https:\\\/\\\/www.agma.com\\\/sv\\\/#organization\"},\"articleSection\":[\"Okategoriserad\"],\"inLanguage\":\"sv-SE\",\"potentialAction\":[{\"@type\":\"CommentAction\",\"name\":\"Comment\",\"target\":[\"https:\\\/\\\/www.agma.com\\\/sv\\\/studiebesok-och-branschdag-om-soldriven-fjarrvarme-hos-absolicon\\\/#respond\"]}]},{\"@type\":\"WebPage\",\"@id\":\"https:\\\/\\\/www.agma.com\\\/sv\\\/studiebesok-och-branschdag-om-soldriven-fjarrvarme-hos-absolicon\\\/\",\"url\":\"https:\\\/\\\/www.agma.com\\\/sv\\\/studiebesok-och-branschdag-om-soldriven-fjarrvarme-hos-absolicon\\\/\",\"name\":\"Studiebes\u00f6k och branschdag om soldriven fj\u00e4rrv\u00e4rme hos Absolicon - Absolicon\",\"isPartOf\":{\"@id\":\"https:\\\/\\\/www.agma.com\\\/sv\\\/#website\"},\"datePublished\":\"2023-10-24T08:28:20+00:00\",\"dateModified\":\"2023-10-24T08:28:22+00:00\",\"breadcrumb\":{\"@id\":\"https:\\\/\\\/www.agma.com\\\/sv\\\/studiebesok-och-branschdag-om-soldriven-fjarrvarme-hos-absolicon\\\/#breadcrumb\"},\"inLanguage\":\"sv-SE\",\"potentialAction\":[{\"@type\":\"ReadAction\",\"target\":[\"https:\\\/\\\/www.agma.com\\\/sv\\\/studiebesok-och-branschdag-om-soldriven-fjarrvarme-hos-absolicon\\\/\"]}]},{\"@type\":\"BreadcrumbList\",\"@id\":\"https:\\\/\\\/www.agma.com\\\/sv\\\/studiebesok-och-branschdag-om-soldriven-fjarrvarme-hos-absolicon\\\/#breadcrumb\",\"itemListElement\":[{\"@type\":\"ListItem\",\"position\":1,\"name\":\"Home\",\"item\":\"https:\\\/\\\/www.agma.com\\\/sv\\\/\"},{\"@type\":\"ListItem\",\"position\":2,\"name\":\"Studiebes\u00f6k och branschdag om soldriven fj\u00e4rrv\u00e4rme hos Absolicon\"}]},{\"@type\":\"WebSite\",\"@id\":\"https:\\\/\\\/www.agma.com\\\/sv\\\/#website\",\"url\":\"https:\\\/\\\/www.agma.com\\\/sv\\\/\",\"name\":\"Absolicon\",\"description\":\"\",\"publisher\":{\"@id\":\"https:\\\/\\\/www.agma.com\\\/sv\\\/#organization\"},\"potentialAction\":[{\"@type\":\"SearchAction\",\"target\":{\"@type\":\"EntryPoint\",\"urlTemplate\":\"https:\\\/\\\/www.agma.com\\\/sv\\\/?s={search_term_string}\"},\"query-input\":{\"@type\":\"PropertyValueSpecification\",\"valueRequired\":true,\"valueName\":\"search_term_string\"}}],\"inLanguage\":\"sv-SE\"},{\"@type\":\"Organization\",\"@id\":\"https:\\\/\\\/www.agma.com\\\/sv\\\/#organization\",\"name\":\"Absolicon\",\"url\":\"https:\\\/\\\/www.agma.com\\\/sv\\\/\",\"logo\":{\"@type\":\"ImageObject\",\"inLanguage\":\"sv-SE\",\"@id\":\"https:\\\/\\\/www.agma.com\\\/sv\\\/#\\\/schema\\\/logo\\\/image\\\/\",\"url\":\"https:\\\/\\\/www.agma.com\\\/wp-content\\\/uploads\\\/2026\\\/04\\\/logotype_neg_blk.svg\",\"contentUrl\":\"https:\\\/\\\/www.agma.com\\\/wp-content\\\/uploads\\\/2026\\\/04\\\/logotype_neg_blk.svg\",\"width\":705,\"height\":83,\"caption\":\"Absolicon\"},\"image\":{\"@id\":\"https:\\\/\\\/www.agma.com\\\/sv\\\/#\\\/schema\\\/logo\\\/image\\\/\"}},{\"@type\":\"Person\",\"@id\":\"https:\\\/\\\/www.agma.com\\\/sv\\\/#\\\/schema\\\/person\\\/7fa3701c04b8cdf482f8f1955dc047c3\",\"name\":\"Karin Forssell\",\"image\":{\"@type\":\"ImageObject\",\"inLanguage\":\"sv-SE\",\"@id\":\"https:\\\/\\\/secure.gravatar.com\\\/avatar\\\/8b5393842799418c8e59bc3c7894dc7e9dd6b46fe987a5b1ccca8912d3bbaa48?s=96&d=mm&r=g\",\"url\":\"https:\\\/\\\/secure.gravatar.com\\\/avatar\\\/8b5393842799418c8e59bc3c7894dc7e9dd6b46fe987a5b1ccca8912d3bbaa48?s=96&d=mm&r=g\",\"contentUrl\":\"https:\\\/\\\/secure.gravatar.com\\\/avatar\\\/8b5393842799418c8e59bc3c7894dc7e9dd6b46fe987a5b1ccca8912d3bbaa48?s=96&d=mm&r=g\",\"caption\":\"Karin Forssell\"},\"url\":\"https:\\\/\\\/www.agma.com\\\/sv\\\/author\\\/karin\\\/\"}]}<\/script>\n<!-- \/ Yoast SEO plugin. -->","yoast_head_json":{"title":"Studiebes\u00f6k och branschdag om soldriven fj\u00e4rrv\u00e4rme hos Absolicon - Absolicon","robots":{"index":"index","follow":"follow","max-snippet":"max-snippet:-1","max-image-preview":"max-image-preview:large","max-video-preview":"max-video-preview:-1"},"canonical":"https:\/\/www.agma.com\/sv\/studiebesok-och-branschdag-om-soldriven-fjarrvarme-hos-absolicon\/","og_locale":"sv_SE","og_type":"article","og_title":"Studiebes\u00f6k och branschdag om soldriven fj\u00e4rrv\u00e4rme hos Absolicon - Absolicon","og_description":"International Energy Agency (IEA) Solar Heating and Cooling Task 68 ihop med Absolicon bj\u00f6d in till en heldag med bes\u00f6k, utbildning och konceptutveckling i H\u00e4rn\u00f6sand. I det internationella m\u00f6tet deltog ledande forskare, fj\u00e4rrv\u00e4rmeoperat\u00f6rer, kommuner och solv\u00e4rmef\u00f6retag.","og_url":"https:\/\/www.agma.com\/sv\/studiebesok-och-branschdag-om-soldriven-fjarrvarme-hos-absolicon\/","og_site_name":"Absolicon","article_published_time":"2023-10-24T08:28:20+00:00","article_modified_time":"2023-10-24T08:28:22+00:00","author":"Karin Forssell","twitter_card":"summary_large_image","twitter_misc":{"Skriven av":"Karin Forssell"},"schema":{"@context":"https:\/\/schema.org","@graph":[{"@type":"Article","@id":"https:\/\/www.agma.com\/sv\/studiebesok-och-branschdag-om-soldriven-fjarrvarme-hos-absolicon\/#article","isPartOf":{"@id":"https:\/\/www.agma.com\/sv\/studiebesok-och-branschdag-om-soldriven-fjarrvarme-hos-absolicon\/"},"author":{"name":"Karin Forssell","@id":"https:\/\/www.agma.com\/sv\/#\/schema\/person\/7fa3701c04b8cdf482f8f1955dc047c3"},"headline":"Studiebes\u00f6k och branschdag om soldriven fj\u00e4rrv\u00e4rme hos Absolicon","datePublished":"2023-10-24T08:28:20+00:00","dateModified":"2023-10-24T08:28:22+00:00","mainEntityOfPage":{"@id":"https:\/\/www.agma.com\/sv\/studiebesok-och-branschdag-om-soldriven-fjarrvarme-hos-absolicon\/"},"wordCount":59,"commentCount":0,"publisher":{"@id":"https:\/\/www.agma.com\/sv\/#organization"},"articleSection":["Okategoriserad"],"inLanguage":"sv-SE","potentialAction":[{"@type":"CommentAction","name":"Comment","target":["https:\/\/www.agma.com\/sv\/studiebesok-och-branschdag-om-soldriven-fjarrvarme-hos-absolicon\/#respond"]}]},{"@type":"WebPage","@id":"https:\/\/www.agma.com\/sv\/studiebesok-och-branschdag-om-soldriven-fjarrvarme-hos-absolicon\/","url":"https:\/\/www.agma.com\/sv\/studiebesok-och-branschdag-om-soldriven-fjarrvarme-hos-absolicon\/","name":"Studiebes\u00f6k och branschdag om soldriven fj\u00e4rrv\u00e4rme hos Absolicon - Absolicon","isPartOf":{"@id":"https:\/\/www.agma.com\/sv\/#website"},"datePublished":"2023-10-24T08:28:20+00:00","dateModified":"2023-10-24T08:28:22+00:00","breadcrumb":{"@id":"https:\/\/www.agma.com\/sv\/studiebesok-och-branschdag-om-soldriven-fjarrvarme-hos-absolicon\/#breadcrumb"},"inLanguage":"sv-SE","potentialAction":[{"@type":"ReadAction","target":["https:\/\/www.agma.com\/sv\/studiebesok-och-branschdag-om-soldriven-fjarrvarme-hos-absolicon\/"]}]},{"@type":"BreadcrumbList","@id":"https:\/\/www.agma.com\/sv\/studiebesok-och-branschdag-om-soldriven-fjarrvarme-hos-absolicon\/#breadcrumb","itemListElement":[{"@type":"ListItem","position":1,"name":"Home","item":"https:\/\/www.agma.com\/sv\/"},{"@type":"ListItem","position":2,"name":"Studiebes\u00f6k och branschdag om soldriven fj\u00e4rrv\u00e4rme hos Absolicon"}]},{"@type":"WebSite","@id":"https:\/\/www.agma.com\/sv\/#website","url":"https:\/\/www.agma.com\/sv\/","name":"Absolicon","description":"","publisher":{"@id":"https:\/\/www.agma.com\/sv\/#organization"},"potentialAction":[{"@type":"SearchAction","target":{"@type":"EntryPoint","urlTemplate":"https:\/\/www.agma.com\/sv\/?s={search_term_string}"},"query-input":{"@type":"PropertyValueSpecification","valueRequired":true,"valueName":"search_term_string"}}],"inLanguage":"sv-SE"},{"@type":"Organization","@id":"https:\/\/www.agma.com\/sv\/#organization","name":"Absolicon","url":"https:\/\/www.agma.com\/sv\/","logo":{"@type":"ImageObject","inLanguage":"sv-SE","@id":"https:\/\/www.agma.com\/sv\/#\/schema\/logo\/image\/","url":"https:\/\/www.agma.com\/wp-content\/uploads\/2026\/04\/logotype_neg_blk.svg","contentUrl":"https:\/\/www.agma.com\/wp-content\/uploads\/2026\/04\/logotype_neg_blk.svg","width":705,"height":83,"caption":"Absolicon"},"image":{"@id":"https:\/\/www.agma.com\/sv\/#\/schema\/logo\/image\/"}},{"@type":"Person","@id":"https:\/\/www.agma.com\/sv\/#\/schema\/person\/7fa3701c04b8cdf482f8f1955dc047c3","name":"Karin Forssell","image":{"@type":"ImageObject","inLanguage":"sv-SE","@id":"https:\/\/secure.gravatar.com\/avatar\/8b5393842799418c8e59bc3c7894dc7e9dd6b46fe987a5b1ccca8912d3bbaa48?s=96&d=mm&r=g","url":"https:\/\/secure.gravatar.com\/avatar\/8b5393842799418c8e59bc3c7894dc7e9dd6b46fe987a5b1ccca8912d3bbaa48?s=96&d=mm&r=g","contentUrl":"https:\/\/secure.gravatar.com\/avatar\/8b5393842799418c8e59bc3c7894dc7e9dd6b46fe987a5b1ccca8912d3bbaa48?s=96&d=mm&r=g","caption":"Karin Forssell"},"url":"https:\/\/www.agma.com\/sv\/author\/karin\/"}]}},"_links":{"self":[{"href":"https:\/\/www.agma.com\/sv\/wp-json\/wp\/v2\/posts\/15476","targetHints":{"allow":["GET"]}}],"collection":[{"href":"https:\/\/www.agma.com\/sv\/wp-json\/wp\/v2\/posts"}],"about":[{"href":"https:\/\/www.agma.com\/sv\/wp-json\/wp\/v2\/types\/post"}],"author":[{"embeddable":true,"href":"https:\/\/www.agma.com\/sv\/wp-json\/wp\/v2\/users\/2"}],"replies":[{"embeddable":true,"href":"https:\/\/www.agma.com\/sv\/wp-json\/wp\/v2\/comments?post=15476"}],"version-history":[{"count":2,"href":"https:\/\/www.agma.com\/sv\/wp-json\/wp\/v2\/posts\/15476\/revisions"}],"predecessor-version":[{"id":15479,"href":"https:\/\/www.agma.com\/sv\/wp-json\/wp\/v2\/posts\/15476\/revisions\/15479"}],"wp:attachment":[{"href":"https:\/\/www.agma.com\/sv\/wp-json\/wp\/v2\/media?parent=15476"}],"wp:term":[{"taxonomy":"category","embeddable":true,"href":"https:\/\/www.agma.com\/sv\/wp-json\/wp\/v2\/categories?post=15476"},{"taxonomy":"post_tag","embeddable":true,"href":"https:\/\/www.agma.com\/sv\/wp-json\/wp\/v2\/tags?post=15476"}],"curies":[{"name":"wp","href":"https:\/\/api.w.org\/{rel}","templated":true}]}}