{"id":15524,"date":"2023-11-03T16:48:57","date_gmt":"2023-11-03T16:48:57","guid":{"rendered":"https:\/\/www.absolicon.com\/absolicon-beslutar-om-en-foretradesemission-om-cirka-459-msek\/"},"modified":"2023-11-24T12:05:32","modified_gmt":"2023-11-24T12:05:32","slug":"absolicon-beslutar-om-en-foretradesemission-om-cirka-459-msek","status":"publish","type":"post","link":"https:\/\/www.agma.com\/sv\/absolicon-beslutar-om-en-foretradesemission-om-cirka-459-msek\/","title":{"rendered":"Absolicon beslutar om en f\u00f6retr\u00e4desemission om cirka 45,9 MSEK"},"content":{"rendered":"<p style=\"margin-right: 12px; text-align: justify; margin-top: 12px;\"><span style=\"font-size: 10pt;\"><span style=\"font-family: arial,helvetica,sans-serif;\"><span style=\"font-family: arial,helvetica,sans-serif;\">DETTA PRESSMEDDELANDE F<\/span>\u00c5<span style=\"font-family: arial,helvetica,sans-serif;\">R INTE OFFENTLIGG<\/span>\u00d6<span style=\"font-family: arial,helvetica,sans-serif;\">RAS, PUBLICERAS ELLER DISTRIBUERAS, DIREKT ELLER INDIREKT, I ELLER TILL USA, AUSTRALIEN, HONGKONG, JAPAN, KANADA, NYA ZEELAND, SCHWEIZ, SINGAPORE, SYDAFRIKA, SYDKOREA, RYSSLAND, BELARUS ELLER I N<\/span>\u00c5<span style=\"font-family: arial,helvetica,sans-serif;\">GON ANNAN JURISDIKTION D<\/span>\u00c4<span style=\"font-family: arial,helvetica,sans-serif;\">R OFFENTLIGG<\/span>\u00d6<span style=\"font-family: arial,helvetica,sans-serif;\">RANDE, PUBLICERING ELLER DISTRIBUTION AV INFORMATIONEN INTE SKULLE VARA F<\/span>\u00d6<span style=\"font-family: arial,helvetica,sans-serif;\">RENLIG MED TILL<\/span>\u00c4<span style=\"font-family: arial,helvetica,sans-serif;\">MPLIGA REGLER ELLER KR<\/span>\u00c4<span style=\"font-family: arial,helvetica,sans-serif;\">VA REGISTRERING ELLER N<\/span>\u00c5<span style=\"font-family: arial,helvetica,sans-serif;\">GON ANNAN <\/span>\u00c5<span style=\"font-family: arial,helvetica,sans-serif;\">TG<\/span>\u00c4<span style=\"font-family: arial,helvetica,sans-serif;\">RD. DETTA PRESSMEDDELANDE UTG\u00d6R INTE ETT ERBJUDANDE ATT F\u00d6RV\u00c4RVA V\u00c4RDEPAPPER I ABSOLICON SOLAR COLLECTOR AB (PUBL). SE \u00c4VEN AVSNITTET \u201dVIKTIG INFORMATION\u201d NEDAN.<\/span><\/span><\/span><\/p>\n<h2 style=\"margin-bottom: 16px; margin-top: 16px; text-align: justify;\"><span style=\"font-size: 18pt;\"><span style=\"font-family: arial,helvetica,sans-serif;\"><span style=\"color: #002060;\"><strong style=\"font-weight: bold;\">Absolicon beslutar om en f\u00f6retr\u00e4desemission om cirka 45,9 MSEK<\/strong><\/span><\/span><\/span><\/h2>\n<p style=\"text-align: justify;\"><span style=\"font-size: 11pt;\"><span style=\"font-family: arial,helvetica,sans-serif;\"><span style=\"color: #002060;\"><strong style=\"font-weight: bold;\">Kapitalanskaffningen i korthet<\/strong><\/span><\/span><\/span><\/p>\n<ul>\n<li style=\"text-align: justify; margin-left: 8px; font-size: 10pt; font-family: arial,helvetica,sans-serif;\"><span style=\"font-size: 10pt;\"><span style=\"font-family: arial,helvetica,sans-serif;\">Samtliga aktie\u00e4gare erh\u00e5ller en (1) unitr\u00e4tt f\u00f6r varje (1) aktie som \u00e4gs p\u00e5 avst\u00e4mningsdagen den 29 november 2023, och femton (15) unitr\u00e4tter ger r\u00e4tten att teckna en (1) unit. En (1) unit best\u00e5r av tolv (12) B-aktier, tv\u00e5 (2) vederlagsfria teckningsoptioner av serie TO 1B med l\u00f6ptid om cirka 12 m\u00e5nader och tv\u00e5 (2) vederlagsfria teckningsoptioner av serie TO 2B med l\u00f6ptid om cirka 36 m\u00e5nader.<\/span><\/span><\/li>\n<li style=\"text-align: justify; margin-left: 8px; font-size: 10pt; font-family: arial,helvetica,sans-serif;\"><span style=\"font-size: 10pt;\"><span style=\"font-family: arial,helvetica,sans-serif;\">Teckningskursen \u00e4r 180,00 SEK per unit, motsvarande 15,00 SEK per B-aktie. Teckningsoptionerna av serie TO 1B och serie TO 2B emitteras vederlagsfritt. <\/span><\/span><\/li>\n<li style=\"text-align: justify; margin-left: 8px; font-size: 10pt; font-family: arial,helvetica,sans-serif;\"><span style=\"font-size: 10pt;\"><span style=\"font-family: arial,helvetica,sans-serif;\">Sista dag f\u00f6r handel i Absolicons B-aktie inklusive r\u00e4tt att delta i F\u00f6retr\u00e4desemissionen \u00e4r den 27 november 2023.<\/span><\/span><\/li>\n<li style=\"text-align: justify; margin-left: 8px; font-size: 10pt; font-family: arial,helvetica,sans-serif;\"><span style=\"font-size: 10pt;\"><span style=\"font-family: arial,helvetica,sans-serif;\">Teckningsperioden i F\u00f6retr\u00e4desemissionen ber\u00e4knas l\u00f6pa under perioden 1 december \u2013 15 december 2023.<\/span><\/span><\/li>\n<li style=\"text-align: justify; margin-left: 8px; font-size: 10pt; font-family: arial,helvetica,sans-serif;\"><span style=\"font-size: 10pt;\"><span style=\"font-family: arial,helvetica,sans-serif;\">Handel med unitr\u00e4tter ber\u00e4knas \u00e4ga rum p\u00e5 Spotlight Stock Market (\u201dSpotlight\u201d) under perioden 1 december \u2013 12 december 2023.<\/span><\/span><\/li>\n<li style=\"text-align: justify; margin-left: 8px; font-size: 10pt; font-family: arial,helvetica,sans-serif;\"><span style=\"font-size: 10pt;\"><span style=\"font-family: arial,helvetica,sans-serif;\">En (1) teckningsoption av serie TO 1B ber\u00e4ttigar till teckning av en (1) B-aktie i Bolaget under perioden fr\u00e5n och med den 2 december 2024 till och med den 16 december 2024 till en teckningskurs motsvarande 70 procent av den volymv\u00e4gda genomsnittskursen f\u00f6r Bolagets B-aktie under perioden fr\u00e5n och med den 18 november 2024 till och med den 29 november 2024, dock inte till en teckningskurs h\u00f6gre \u00e4n 30 SEK per B-aktie.<\/span><\/span><\/li>\n<li style=\"text-align: justify; margin-left: 8px; font-size: 10pt; font-family: arial,helvetica,sans-serif;\"><span style=\"font-size: 10pt;\"><span style=\"font-family: arial,helvetica,sans-serif;\">En (1) teckningsoption av serie TO 2B ber\u00e4ttigar till teckning av en (1) B-aktie i Bolaget till en teckningskurs om 60 SEK under perioden fr\u00e5n och med den 30 november 2026 till och med den 15 december 2026.<\/span><\/span><\/li>\n<li style=\"text-align: justify; margin-left: 8px; font-size: 10pt; font-family: arial,helvetica,sans-serif;\"><span style=\"font-size: 10pt;\"><span style=\"font-family: arial,helvetica,sans-serif;\">F\u00f6retr\u00e4desemissionen omfattas av tecknings- och garanti\u00e5taganden uppg\u00e5ende till cirka 62 procent av den totala emissionsvolymen.<\/span><\/span><\/li>\n<li style=\"text-align: justify; margin-left: 8px; font-size: 10pt; font-family: arial,helvetica,sans-serif;\"><span style=\"font-size: 10pt;\"><span style=\"font-family: arial,helvetica,sans-serif;\">Styrelsens beslut om F\u00f6retr\u00e4desemissionen \u00e4r villkorat av godk\u00e4nnande av extra bolagsst\u00e4mma som avses h\u00e5llas den 22 november 2023. <\/span><\/span><\/li>\n<\/ul>\n<h2 style=\"margin-top: 11px; text-align: justify;\"><span style=\"font-size: 11pt;\"><span style=\"font-family: arial,helvetica,sans-serif;\"><span style=\"color: #002060;\"><strong style=\"font-weight: bold;\">Bakgrund och motiv f\u00f6r F\u00f6retr\u00e4desemissionen<\/strong><\/span><\/span><\/span><\/h2>\n<p style=\"text-align: justify;\"><span style=\"font-size: 10pt;\"><span style=\"font-family: arial,helvetica,sans-serif;\">Med tv\u00e5 s\u00e5lda produktionslinor f\u00f6r solf\u00e5ngare \u00f6ppnas ett nytt kapitel i Absolicons utveckling. V\u00e4rme f\u00f6r industrier och byggnader st\u00e5r f\u00f6r h\u00e4lften av v\u00e4rldens energif\u00f6rbrukning och 40 procent av koldioxidutsl\u00e4ppen. Absolicons solf\u00e5ngare T160 omvandlar koncentrerat solljus till v\u00e4rme med 76,4 procent verkningsgrad, den h\u00f6gsta n\u00e5gonsin uppm\u00e4tt i sitt slag. Genom massproduktion av solf\u00e5ngare kan v\u00e4rlden st\u00e4lla om sin v\u00e4rmeproduktion fr\u00e5n att elda br\u00e4nslen till solv\u00e4rme.<\/span><\/span><\/p>\n<p style=\"text-align: justify;\"><span style=\"font-size: 10pt;\"><span style=\"font-family: arial,helvetica,sans-serif;\">Efter en fokuserad f\u00f6rs\u00e4ljningsinsats har Absolicon med partners skriftliga avsiktsf\u00f6rklaringar, kommersiella avtal&nbsp;eller inkubatoravtal med sju av v\u00e4rldens st\u00f6rsta f\u00f6retag inom livsmedel och drycker. Fyra livsmedelsbolag \u2013 Carlsberg, Asahi, AB InBev och ADM har tecknat \u00f6verenskommelser om pilotinstallationer. \u00c4ven Coca-Cola i Indien planerar installationer. D\u00e4rut\u00f6ver har Pepsico och ytterligare en \u00e4nnu ej offentliggjord livsmedelskoncern best\u00e4llt betalda f\u00f6rstudier f\u00f6r fabriker. Med driftsatta installationer p\u00e5 Carlsberg och Peroni visar Bolaget i praktiken hur solv\u00e4rme kan driva industriella processer. Absolicon f\u00f6rbereder nu f\u00f6rslag om expansion av solv\u00e4rmeinstallationerna p\u00e5 de b\u00e5da bryggerierna.<\/span><\/span><\/p>\n<p style=\"text-align: justify;\"><span style=\"font-size: 10pt;\"><span style=\"font-family: arial,helvetica,sans-serif;\">N\u00e4r f\u00f6rs\u00e4ljningen av produktionslinor nu tar fart beh\u00f6ver Absolicon ytterligare h\u00f6ja trycket i marknadsf\u00f6ring och f\u00f6rs\u00e4ljning. I Bolaget finns nu kraftfulla verktyg f\u00f6r att n\u00e5 nyckelpersoner djupt in i kundernas organisationer. St\u00f6rre volymer och fortsatt utveckling minskar kostnaden f\u00f6r solv\u00e4rme ytterligare i en positiv spiral<\/span><\/span><\/p>\n<p style=\"text-align: justify;\"><span style=\"font-size: 10pt;\"><span style=\"font-family: arial,helvetica,sans-serif;\">Nettolikviden om cirka 39,8 MSEK efter avdrag f\u00f6r emissionskostnader om cirka 6,1 MSEK bed\u00f6ms tillf\u00f6ra n\u00f6dv\u00e4ndiga medel f\u00f6r att genomf\u00f6ra aff\u00e4rsplanen och \u00e4r avsedd att finansiera nedanst\u00e5ende aktiviteter, angivna i prioritetsordning:<\/span><\/span><\/p>\n<table style=\"border-collapse: collapse; border: none;\" cellspacing=\"0\">\n<tbody>\n<tr>\n<td style=\"height: 25px; padding: 0cm 7px 0cm 7px; vertical-align: top; width: 378px;\">\n<p style=\"font-family: arial,helvetica,sans-serif; font-size: 10pt; text-align: justify;\"><span style=\"font-size: 10pt;\"><span style=\"font-family: arial,helvetica,sans-serif;\">F\u00f6rs\u00e4ljning och marknadsf\u00f6ringskostnader<\/span><\/span><\/p>\n<\/td>\n<td style=\"height: 25px; padding: 0cm 7px; text-align: justify; vertical-align: top; width: 90px;\"><span style=\"font-size: 10pt;\"><span style=\"font-family: arial,helvetica,sans-serif;\">70%<\/span><\/span><\/td>\n<\/tr>\n<tr>\n<td style=\"height: 25px; padding: 0cm 7px 0cm 7px; vertical-align: top; width: 378px;\">\n<p style=\"font-family: arial,helvetica,sans-serif; font-size: 10pt; text-align: justify;\"><span style=\"font-size: 10pt;\"><span style=\"font-family: arial,helvetica,sans-serif;\">Forskning och utveckling<\/span><\/span><\/p>\n<\/td>\n<td style=\"height: 25px; padding: 0cm 7px; text-align: justify; vertical-align: top; width: 90px;\"><span style=\"font-size: 10pt;\"><span style=\"font-family: arial,helvetica,sans-serif;\">20%<\/span><\/span><\/td>\n<\/tr>\n<tr>\n<td style=\"height: 25px; padding: 0cm 7px 0cm 7px; vertical-align: top; width: 378px;\">\n<p style=\"font-family: arial,helvetica,sans-serif; font-size: 10pt; text-align: justify;\"><span style=\"font-size: 10pt;\"><span style=\"font-family: arial,helvetica,sans-serif;\">Pilotinstallationer med multinationella bolag<\/span><\/span><\/p>\n<\/td>\n<td style=\"height: 25px; padding: 0cm 7px; text-align: justify; vertical-align: top; width: 90px;\"><span style=\"font-size: 10pt;\"><span style=\"font-family: arial,helvetica,sans-serif;\">10%<\/span><\/span><\/td>\n<\/tr>\n<tr>\n<td style=\"height: 25px; padding: 0cm 7px; text-align: justify; vertical-align: top; width: 378px;\"><span style=\"font-size: 10pt;\"><span style=\"font-family: arial,helvetica,sans-serif;\"><strong>Summa<\/strong><\/span><\/span><\/td>\n<td style=\"height: 25px; padding: 0cm 7px; text-align: justify; vertical-align: top; width: 90px;\"><span style=\"font-size: 10pt;\"><span style=\"font-family: arial,helvetica,sans-serif;\"><strong>100%<\/strong><\/span><\/span><\/td>\n<\/tr>\n<\/tbody>\n<\/table>\n<p style=\"text-align: justify;\"><span style=\"font-size: 10pt;\"><span style=\"font-family: arial,helvetica,sans-serif;\">Nettolikviden fr\u00e5n teckningsoptionerna om cirka 43,6 MSEK efter avdrag f\u00f6r emissionskostnader om cirka 2,3 MSEK \u00e4r avsedd att st\u00e4rka finansieringen av nedanst\u00e5ende aktiviteter, angivna i prioritetsordning:<\/span><\/span><\/p>\n<table style=\"border-collapse: collapse; border: none;\" cellspacing=\"0\">\n<tbody>\n<tr>\n<td style=\"height: 25px; padding: 0cm 7px 0cm 7px; vertical-align: top; width: 378px;\">\n<p style=\"font-family: arial,helvetica,sans-serif; font-size: 10pt; text-align: justify;\"><span style=\"font-size: 10pt;\"><span style=\"font-family: arial,helvetica,sans-serif;\">F\u00f6rs\u00e4ljning och marknadsf\u00f6ringskostnader<\/span><\/span><\/p>\n<\/td>\n<td style=\"height: 25px; padding: 0cm 7px; text-align: justify; vertical-align: top; width: 83px;\"><span style=\"font-size: 10pt;\"><span style=\"font-family: arial,helvetica,sans-serif;\">100%<\/span><\/span><\/td>\n<\/tr>\n<tr>\n<td style=\"height: 25px; padding: 0cm 7px 0cm 7px; vertical-align: top; width: 378px;\">\n<p style=\"font-family: arial,helvetica,sans-serif; font-size: 10pt; text-align: justify;\"><span style=\"font-size: 10pt;\"><span style=\"font-family: arial,helvetica,sans-serif;\"><strong>Summa<\/strong><\/span><\/span><\/p>\n<\/td>\n<td style=\"height: 25px; padding: 0cm 7px; text-align: justify; vertical-align: top; width: 83px;\"><span style=\"font-size: 10pt;\"><span style=\"font-family: arial,helvetica,sans-serif;\"><strong>100%<\/strong><\/span><\/span><\/td>\n<\/tr>\n<\/tbody>\n<\/table>\n<h2 style=\"margin-top: 11px; text-align: justify;\"><span style=\"font-size: 11pt;\"><span style=\"font-family: arial,helvetica,sans-serif;\"><span style=\"color: #002060;\"><strong style=\"font-weight: bold;\">F\u00f6retr\u00e4desemissionen<\/strong><\/span><\/span><\/span><\/h2>\n<p style=\"text-align: justify;\"><span style=\"font-size: 10pt;\"><span style=\"font-family: arial,helvetica,sans-serif;\">Den 3 november 2023 beslutade styrelsen f\u00f6r Absolicon, villkorat av extra bolagsst\u00e4mmans efterf\u00f6ljande godk\u00e4nnande, om F\u00f6retr\u00e4desemissionen. Teckningskursen i F\u00f6retr\u00e4desemissionen kommer att vara 180,00 SEK per unit, motsvarande 15,00 SEK per B-aktie (teckningsoptionerna emitteras vederlagsfritt).<\/span><\/span><\/p>\n<p style=\"text-align: justify;\"><span style=\"font-size: 10pt;\"><span style=\"font-family: arial,helvetica,sans-serif;\">Avst\u00e4mningsdag f\u00f6r r\u00e4tt att delta i F\u00f6retr\u00e4desemissionen \u00e4r den 29 november 2023 och teckningsperioden f\u00f6r F\u00f6retr\u00e4desemissionen l\u00f6per mellan 1 december \u2013 15 december 2023. Sista dag f\u00f6r handel i Absolicons B-aktie inklusive r\u00e4tt att delta i F\u00f6retr\u00e4desemissionen \u00e4r den 27 november 2023. Aktie\u00e4gare som p\u00e5 avst\u00e4mningsdagen, den 29 november 2023, \u00e4r registrerade aktie\u00e4gare i Bolaget har f\u00f6retr\u00e4desr\u00e4tt att teckna units i f\u00f6rh\u00e5llande till det antal aktier som innehas p\u00e5 avst\u00e4mningsdagen. Aktie\u00e4gare kommer att erh\u00e5lla en (1) unitr\u00e4tt f\u00f6r varje innehavd aktie. Femton (15) unitr\u00e4tter ber\u00e4ttigar till teckning av en (1) ny unit. H\u00e4rut\u00f6ver erbjuds m\u00f6jlighet f\u00f6r investerare att anm\u00e4la sig f\u00f6r teckning av units utan st\u00f6d av unitr\u00e4tter. Vid full teckning i F\u00f6retr\u00e4desemissionen tillf\u00f6rs Bolaget initialt cirka 45,9 MSEK f\u00f6re emissionskostnader. <\/span><\/span><\/p>\n<p style=\"text-align: justify;\"><span style=\"font-size: 10pt;\"><span style=\"font-family: arial,helvetica,sans-serif;\">Genom F\u00f6retr\u00e4desemissionen kan aktiekapitalet komma att \u00f6ka med h\u00f6gst 3&nbsp;058 596 SEK, fr\u00e5n 3&nbsp;823 258 SEK till 6&nbsp;881 854 SEK. Antalet aktier kan komma att \u00f6ka med h\u00f6gst 3&nbsp;058 596 B-aktier, fr\u00e5n 3&nbsp;823 258 aktier, till 6&nbsp;881 854 aktier. Utsp\u00e4dningseffekten f\u00f6r de aktie\u00e4gare som v\u00e4ljer att inte delta i F\u00f6retr\u00e4desemissionen uppg\u00e5r till cirka 44,44 procent av kapitalet (ber\u00e4knat som antalet nya B-aktier till f\u00f6ljd av F\u00f6retr\u00e4desemissionen dividerat med det totala antalet aktier i Bolaget efter en fulltecknad F\u00f6retr\u00e4desemission) och cirka 31,26 procent av r\u00f6sterna (ber\u00e4knat som antalet nya r\u00f6ster till f\u00f6ljd av F\u00f6retr\u00e4desemissionen dividerat med det totala antalet r\u00f6ster i Bolaget efter fulltecknad F\u00f6retr\u00e4desemission). <\/span><\/span><\/p>\n<p style=\"margin-bottom: 9px; text-align: justify;\"><span style=\"font-size: 12pt;\"><span style=\"background-color: white;\"><span style=\"font-family: times new roman,times;\"><span style=\"font-size: 10pt;\"><span style=\"font-family: arial,helvetica,sans-serif;\"><span style=\"color: black;\">Vid fullt utnyttjande av teckningsoptioner av serie TO 1B kommer antalet aktier att \u00f6ka med ytterligare 509 766 B-aktier till totalt 7 391 620 B-aktier och aktiekapitalet att \u00f6ka med ytterligare cirka 509 766 SEK. Det motsvarar en ytterligare utsp\u00e4dningseffekt om cirka 6,90 procent av kapitalet (ber\u00e4knat som antalet nya B-aktier till f\u00f6ljd av F\u00f6retr\u00e4desemissionen dividerat med det totala antalet aktier i Bolaget efter en fulltecknad F\u00f6retr\u00e4desemission) och cirka 4,95 procent av r\u00f6sterna (ber\u00e4knat som antalet nya r\u00f6ster till f\u00f6ljd av F\u00f6retr\u00e4desemissionen dividerat med det totala antalet r\u00f6ster i Bolaget efter fulltecknad F\u00f6retr\u00e4desemission). <\/span><\/span><\/span><\/span><\/span><\/span><\/p>\n<p style=\"margin-bottom: 9px; text-align: justify;\"><span style=\"font-size: 12pt;\"><span style=\"background-color: white;\"><span style=\"font-family: times new roman,times;\"><span style=\"font-size: 10pt;\"><span style=\"font-family: arial,helvetica,sans-serif;\"><span style=\"color: black;\">Vid fullt utnyttjande av teckningsoptioner av serie TO 2B kommer antalet aktier att \u00f6ka med ytterligare 509 766 B-aktier till totalt 7 901 386 B-aktier och aktiekapitalet att \u00f6ka med ytterligare cirka 509 766 SEK. Det motsvarar en ytterligare utsp\u00e4dningseffekt om cirka 6,45 procent av kapitalet (ber\u00e4knat som antalet nya B-aktier till f\u00f6ljd av F\u00f6retr\u00e4desemissionen dividerat med det totala antalet aktier i Bolaget efter en fulltecknad F\u00f6retr\u00e4desemission) och cirka 4,72 procent av r\u00f6sterna. <\/span><\/span><\/span><\/span><\/span><\/span><\/p>\n<p style=\"margin-bottom: 9px; text-align: justify;\"><span style=\"font-size: 12pt;\"><span style=\"background-color: white;\"><span style=\"font-family: times new roman,times;\"><span style=\"font-size: 10pt;\"><span style=\"font-family: arial,helvetica,sans-serif;\"><span style=\"color: black;\">Total utsp\u00e4dning under antagande att F\u00f6retr\u00e4desemissionen fulltecknas och samtliga teckningsoptioner av serie TO 1B och serie TO 2B utnyttjas uppg\u00e5r till cirka 51,61 procent av kapitalet och cirka 37,75 procent av r\u00f6sterna.<\/span><\/span><\/span><\/span><\/span><\/span><\/p>\n<p style=\"text-align: justify;\"><span style=\"font-size: 10pt;\"><span style=\"font-family: arial,helvetica,sans-serif;\">Ett prospekt avseende F\u00f6retr\u00e4desemissionen kommer att offentligg\u00f6ras av Bolaget p\u00e5 dess hemsida, www.agma.com, f\u00f6re teckningsperiodens b\u00f6rjan.<\/span><\/span><\/p>\n<h2 style=\"margin-top: 11px; text-align: justify;\"><span style=\"font-size: 11pt;\"><span style=\"font-family: arial,helvetica,sans-serif;\"><span style=\"color: #002060;\"><strong style=\"font-weight: bold;\">Tilldelning<\/strong><\/span><\/span><\/span><\/h2>\n<p style=\"text-align: justify;\"><span style=\"font-size: 10pt;\"><span style=\"font-family: arial,helvetica,sans-serif;\"><span style=\"background-color: white;\"><span style=\"color: black;\">F\u00f6r det fall inte samtliga units tecknas med st\u00f6d av unitr\u00e4tter ska styrelsen, inom ramen f\u00f6r F\u00f6retr\u00e4desemissionens h\u00f6gsta belopp, besluta om tilldelning av units tecknade utan st\u00f6d av unitr\u00e4tter, varvid tilldelning ska ske enligt f\u00f6ljande:<\/span><\/span><\/span><\/span><\/p>\n<ol style=\"list-style-type: lower-roman;\">\n<li style=\"margin-left: 32px; text-align: justify; font-size: 9pt; font-family: arial,helvetica,sans-serif;\"><span style=\"font-size: 10pt;\"><span style=\"font-family: arial,helvetica,sans-serif;\"><span style=\"background-color: white;\"><span style=\"color: black;\">i f\u00f6rsta hand till de som tecknat units med st\u00f6d av unitr\u00e4tter, oavsett om dessa var aktie\u00e4gare p\u00e5 avst\u00e4mningsdagen eller inte, och, vid \u00f6verteckning, i f\u00f6rh\u00e5llande till antalet utnyttjade unitr\u00e4tter och, i den m\u00e5n detta inte kan ske, genom lottning;<\/span><\/span><\/span><\/span><\/li>\n<li style=\"margin-left: 32px; text-align: justify; font-size: 9pt; font-family: arial,helvetica,sans-serif;\"><span style=\"font-size: 10pt;\"><span style=\"font-family: arial,helvetica,sans-serif;\"><span style=\"background-color: white;\"><span style=\"color: black;\">i andra hand till de som tecknat units utan st\u00f6d av unitr\u00e4tter och som inte omfattas av i)-punkten ovan, oavsett om dessa var aktie\u00e4gare p\u00e5 avst\u00e4mningsdagen eller inte, i f\u00f6rh\u00e5llande till antalet tecknade units inom denna kategori och, i m\u00e5n detta inte kan ske, genom lottning; och<\/span><\/span><\/span><\/span><\/li>\n<li style=\"margin-left: 32px; text-align: justify; font-size: 9pt; font-family: arial,helvetica,sans-serif;\"><span style=\"font-size: 10pt;\"><span style=\"font-family: arial,helvetica,sans-serif;\"><span style=\"background-color: white;\"><span style=\"color: black;\">i tredje hand ska f\u00f6rdelning ske till garanter av F\u00f6retr\u00e4desemissionen enlighet med ing\u00e5ngna garantiavtal.<\/span><\/span><\/span><\/span><\/li>\n<\/ol>\n<h2 style=\"margin-top: 11px; text-align: justify;\"><span style=\"font-size: 11pt;\"><span style=\"font-family: arial,helvetica,sans-serif;\"><span style=\"color: #002060;\"><strong style=\"font-weight: bold;\">Teckningsoptioner av serie TO 1B<\/strong><\/span><\/span><\/span><\/h2>\n<p style=\"text-align: justify;\"><span style=\"font-size: 10pt;\"><span style=\"font-family: arial,helvetica,sans-serif;\">Nyttjandeperioden f\u00f6r teckning av B-aktier med st\u00f6d av teckningsoptioner av serie TO 1B kommer att l\u00f6pa fr\u00e5n och med den 2 december 2024 till och med den 16 december 2024. Teckningskursen f\u00f6r nya B-aktier som tillkommit genom utnyttjande av teckningsoptionerna motsvarar 70 procent av den volymv\u00e4gda genomsnittliga betalkursen f\u00f6r Bolagets B-aktier p\u00e5 Spotlight under perioden fr\u00e5n och med den 18 november 2024 till och med den 29 november 2024, dock inte till en teckningskurs h\u00f6gre \u00e4n 30,00 SEK per B-aktie. Teckningsoptionerna avses att tas upp till handel p\u00e5 Spotlight. Vid fullt utnyttjande av samtliga emitterade teckningsoptioner av serie TO 1B kommer aktiekapitalet att \u00f6ka med ytterligare 509 766 SEK och antalet aktier med 509 766 B-aktier. Bolaget kommer d\u00e4rmed att tillf\u00f6ras ytterligare h\u00f6gst cirka 15,3 MSEK f\u00f6re emissionskostnader. <\/span><\/span><\/p>\n<h2 style=\"margin-top: 11px; text-align: justify;\"><span style=\"font-size: 11pt;\"><span style=\"font-family: arial,helvetica,sans-serif;\"><span style=\"color: #002060;\"><strong style=\"font-weight: bold;\">Teckningsoptioner av serie TO 2B<\/strong><\/span><\/span><\/span><\/h2>\n<p style=\"text-align: justify;\"><span style=\"font-size: 10pt;\"><span style=\"font-family: arial,helvetica,sans-serif;\">Nyttjandeperioden f\u00f6r teckning av B-aktier med st\u00f6d av teckningsoptioner av serie TO 2B kommer att l\u00f6pa fr\u00e5n och med den 30 november 2026 till och med den 15 december 2026. Teckningskursen f\u00f6r nya B-aktier som tillkommit genom utnyttjande av teckningsoptionerna uppg\u00e5r till 60,00 SEK. Teckningsoptionerna avses att tas upp till handel p\u00e5 Spotlight. Vid fullt utnyttjande av samtliga emitterade teckningsoptioner av serie TO 2B kommer aktiekapitalet att \u00f6ka med ytterligare 509 766 SEK och antalet aktier med 509 766 B-aktier. Bolaget kommer d\u00e4rmed att tillf\u00f6ras ytterligare h\u00f6gst cirka 30,6 MSEK f\u00f6re emissionskostnader. <\/span><\/span><\/p>\n<h2 style=\"margin-top: 11px; text-align: justify;\"><span style=\"font-size: 11pt;\"><span style=\"font-family: arial,helvetica,sans-serif;\"><span style=\"color: #002060;\"><strong style=\"font-weight: bold;\">Teckningsf\u00f6rbindelser och garanti\u00e5taganden<\/strong><\/span><\/span><\/span><\/h2>\n<p style=\"text-align: justify;\"><span style=\"font-size: 10pt;\"><span style=\"font-family: arial,helvetica,sans-serif;\">Bolaget har erh\u00e5llit teckningsf\u00f6rbindelser om cirka 3,1 MSEK, motsvarande cirka 6,7 procent av F\u00f6retr\u00e4desemissionen, samt garanti\u00e5taganden om cirka 25,3 MSEK, motsvarande cirka 55,3 procent av F\u00f6retr\u00e4desemissionen. F\u00f6retr\u00e4desemissionen omfattas d\u00e4rmed sammantaget till cirka 62 procent av teckningsf\u00f6rbindelser och garanti\u00e5taganden.<\/span><\/span><\/p>\n<p style=\"text-align: justify;\"><span style=\"font-size: 10pt;\"><span style=\"font-family: arial,helvetica,sans-serif;\">F\u00f6r emissionsgarantierna utg\u00e5r garantiers\u00e4ttning enligt garantiavtalen om tretton (13) procent p\u00e5 garanterat belopp i kontant ers\u00e4ttning alternativt femton (15) procent av det garanterade beloppet i form av nyemitterade units i Bolaget. F\u00f6r det fall garanter v\u00e4ljer ers\u00e4ttning i form av nyemitterade units ska dessa erl\u00e4ggas i form av en riktad emission efter genomf\u00f6randet av F\u00f6retr\u00e4desemissionen. Inga kontanta medel eller andra tillg\u00e5ngar har pantsatts och ingen annan s\u00e4kerhet har tillhandah\u00e5llits f\u00f6r att s\u00e4kerst\u00e4lla \u00e5tagandena. Garantikonsortiet leds av Formue Nord Markedsneutral A\/S och best\u00e5r i \u00f6vrigt av ett antal externa investerare.<\/span><\/span><\/p>\n<h2 style=\"margin-top: 11px; text-align: justify;\"><span style=\"font-size: 11pt;\"><span style=\"font-family: arial,helvetica,sans-serif;\"><span style=\"color: #002060;\"><strong style=\"font-weight: bold;\">Prelimin\u00e4r tidplan f\u00f6r F\u00f6retr\u00e4desemissionen<\/strong><\/span><\/span><\/span><\/h2>\n<table style=\"border-collapse: collapse; border: none;\" cellspacing=\"0\">\n<tbody>\n<tr>\n<td style=\"height: 25px; padding: 0cm 7px; text-align: justify; vertical-align: top; width: 236px;\"><span style=\"font-size: 10pt;\"><span style=\"font-family: arial,helvetica,sans-serif;\">27 november 2023<\/span><\/span><\/td>\n<td style=\"height: 25px; padding: 0cm 7px; text-align: justify; vertical-align: top; width: 368px;\"><span style=\"font-size: 10pt;\"><span style=\"font-family: arial,helvetica,sans-serif;\">Sista handelsdag f\u00f6r B-aktien inklusive r\u00e4tt att delta i F\u00f6retr\u00e4desemissionen<\/span><\/span><\/td>\n<\/tr>\n<tr>\n<td style=\"height: 25px; padding: 0cm 7px; text-align: justify; vertical-align: top; width: 236px;\"><span style=\"font-size: 10pt;\"><span style=\"font-family: arial,helvetica,sans-serif;\">28 november 2023<\/span><\/span><\/td>\n<td style=\"height: 25px; padding: 0cm 7px; text-align: justify; vertical-align: top; width: 368px;\"><span style=\"font-size: 10pt;\"><span style=\"font-family: arial,helvetica,sans-serif;\">F\u00f6rsta handelsdag f\u00f6r B-aktien exklusive r\u00e4tt att delta i F\u00f6retr\u00e4desemissionen<\/span><\/span><\/td>\n<\/tr>\n<tr>\n<td style=\"height: 25px; padding: 0cm 7px; text-align: justify; vertical-align: top; width: 236px;\"><span style=\"font-size: 10pt;\"><span style=\"font-family: arial,helvetica,sans-serif;\">29 november 2023<\/span><\/span><\/td>\n<td style=\"height: 25px; padding: 0cm 7px; text-align: justify; vertical-align: top; width: 368px;\"><span style=\"font-size: 10pt;\"><span style=\"font-family: arial,helvetica,sans-serif;\">Avst\u00e4mningsdag f\u00f6r deltagande i F\u00f6retr\u00e4desemissionen<\/span><\/span><\/td>\n<\/tr>\n<tr>\n<td style=\"height: 25px; padding: 0cm 7px; text-align: justify; vertical-align: top; width: 236px;\"><span style=\"font-size: 10pt;\"><span style=\"font-family: arial,helvetica,sans-serif;\">30 november 2023<\/span><\/span><\/td>\n<td style=\"height: 25px; padding: 0cm 7px; text-align: justify; vertical-align: top; width: 368px;\"><span style=\"font-size: 10pt;\"><span style=\"font-family: arial,helvetica,sans-serif;\">Ber\u00e4knad dag f\u00f6r offentligg\u00f6rande av prospekt<\/span><\/span><\/td>\n<\/tr>\n<tr>\n<td style=\"height: 25px; padding: 0cm 7px; text-align: justify; vertical-align: top; width: 236px;\"><span style=\"font-size: 10pt;\"><span style=\"font-family: arial,helvetica,sans-serif;\">1 december \u2013 15 december 2023<\/span><\/span><\/td>\n<td style=\"height: 25px; padding: 0cm 7px; text-align: justify; vertical-align: top; width: 368px;\"><span style=\"font-size: 10pt;\"><span style=\"font-family: arial,helvetica,sans-serif;\">Teckningsperiod i F\u00f6retr\u00e4desemissionen<\/span><\/span><\/td>\n<\/tr>\n<tr>\n<td style=\"height: 25px; padding: 0cm 7px; text-align: justify; vertical-align: top; width: 236px;\"><span style=\"font-size: 10pt;\"><span style=\"font-family: arial,helvetica,sans-serif;\">1 december \u2013 12 december 2023<\/span><\/span><\/td>\n<td style=\"height: 25px; padding: 0cm 7px; text-align: justify; vertical-align: top; width: 368px;\"><span style=\"font-size: 10pt;\"><span style=\"font-family: arial,helvetica,sans-serif;\">Handel i unitr\u00e4tter p\u00e5 Spotlight <\/span><\/span><\/td>\n<\/tr>\n<tr>\n<td style=\"height: 25px; padding: 0cm 7px; text-align: justify; vertical-align: top; width: 236px;\"><span style=\"font-size: 10pt;\"><span style=\"font-family: arial,helvetica,sans-serif;\">1 december 2023<\/span><\/span><\/td>\n<td style=\"height: 25px; padding: 0cm 7px; text-align: justify; vertical-align: top; width: 368px;\"><span style=\"font-size: 10pt;\"><span style=\"font-family: arial,helvetica,sans-serif;\">Handel i betalda tecknade units (BTU) startar. Handel p\u00e5g\u00e5r till och med dess att F\u00f6retr\u00e4desemissionen har registrerats vid Bolagsverket<\/span><\/span><\/td>\n<\/tr>\n<tr>\n<td style=\"height: 25px; padding: 0cm 7px; text-align: justify; vertical-align: top; width: 236px;\"><span style=\"font-size: 10pt;\"><span style=\"font-family: arial,helvetica,sans-serif;\">Omkring den 20 december 2023<\/span><\/span><\/td>\n<td style=\"height: 25px; padding: 0cm 7px; text-align: justify; vertical-align: top; width: 368px;\"><span style=\"font-size: 10pt;\"><span style=\"font-family: arial,helvetica,sans-serif;\">Ber\u00e4knad dag f\u00f6r offentligg\u00f6rande av utfall i F\u00f6retr\u00e4desemissionen<\/span><\/span><\/td>\n<\/tr>\n<\/tbody>\n<\/table>\n<h2 style=\"margin-top: 11px; text-align: justify;\"><span style=\"font-size: 11pt;\"><span style=\"font-family: arial,helvetica,sans-serif;\"><span style=\"color: #002060;\"><strong style=\"font-weight: bold;\">R\u00e5dgivare<\/strong><\/span><\/span><\/span><\/h2>\n<p style=\"text-align: justify;\"><span style=\"font-size: 10pt;\"><span style=\"font-family: arial,helvetica,sans-serif;\">Stockholm Corporate Finance \u00e4r finansiell r\u00e5dgivare till Absolicon i samband med F\u00f6retr\u00e4desemissionen. Hagberg &amp; Aneborn Fondkommission \u00e4r emissionsinstitut i samband med F\u00f6retr\u00e4desemissionen.<\/span><\/span><\/p>\n<h2 style=\"margin-top: 11px; text-align: justify;\"><span style=\"font-size: 11pt;\"><span style=\"font-family: arial,helvetica,sans-serif;\"><span style=\"color: #002060;\"><strong style=\"font-weight: bold;\">F\u00f6r ytterligare information<\/strong><\/span><\/span><\/span><\/h2>\n<p style=\"text-align: justify;\"><span style=\"font-size: 10pt;\"><span style=\"font-family: arial,helvetica,sans-serif;\">Joakim Bystr\u00f6m, VD<\/span><\/span><br \/>\n<span style=\"font-size: 10pt;\"><span style=\"font-family: arial,helvetica,sans-serif;\">Tel: + 46 611-55 70 00<\/span><\/span><br \/>\n<span style=\"font-size: 10pt;\"><span style=\"font-family: arial,helvetica,sans-serif;\">E-post: ceo@absolicon.com<\/span><\/span><\/p>\n<p style=\"text-align: justify;\"><span style=\"font-size: 10pt;\"><span style=\"font-family: arial,helvetica,sans-serif;\">Bes\u00f6k g\u00e4rna Bolagets hemsida: www.agma.com<\/span><\/span><\/p>\n<p style=\"text-align: justify;\"><span style=\"font-size: 11pt;\"><span style=\"font-family: arial,helvetica,sans-serif;\"><span style=\"color: #002060;\"><strong style=\"font-weight: bold;\">Om Absolicon Solar Collector AB<\/strong><\/span><\/span><\/span><\/p>\n<p style=\"text-align: justify;\"><span style=\"font-size: 10pt;\"><span style=\"font-family: arial,helvetica,sans-serif;\">Absolicon Solar Collector AB&nbsp;grundades 2005 som ett forsknings- och utvecklingsbolag inom solteknik. Absolicon \u00e4r idag ett b\u00f6rsnoterat bolag med mer \u00e4n tio \u00e5rs operativ erfarenhet fr\u00e5n alla delar av v\u00e4rlden. Absolicon \u00e4r specialiserat p\u00e5 att tillhandah\u00e5lla l\u00f6sningar f\u00f6r \u00f6verg\u00e5ngen fr\u00e5n fossila br\u00e4nslen, vilket ger en l\u00f6nsam, l\u00e4ttinstallerad och utsl\u00e4ppsfri energil\u00f6sning med hj\u00e4lp av koncentrerande solf\u00e5ngare samt kompletta robotproduktionslinor f\u00f6r solf\u00e5ngarna<\/span><\/span><\/p>\n<h2 style=\"margin-top: 11px; text-align: justify;\"><span style=\"font-size: 11pt;\"><span style=\"font-family: arial,helvetica,sans-serif;\"><span style=\"color: #002060;\"><strong style=\"font-weight: bold;\">Om Stockholm Corporate Finance AB<\/strong><\/span><\/span><\/span><\/h2>\n<p style=\"text-align: justify;\"><span style=\"font-size: 10pt;\"><span style=\"font-family: arial,helvetica,sans-serif;\">Stockholm Corporate Finance \u00e4r en oberoende privat\u00e4gd finansiell r\u00e5dgivare som erbjuder tj\u00e4nster inom kvalificerad r\u00e5dgivning avseende kapitalanskaffning, \u00e4garf\u00f6r\u00e4ndringar, fusioner och f\u00f6rv\u00e4rv (M&amp;A) till b\u00f6rsnoterade och privata f\u00f6retag och dess \u00e4gare. Stockholm Corporate Finance \u00e4r ett v\u00e4rdepappersf\u00f6retag som st\u00e5r under Finansinspektionens tillsyn och \u00e4r medlem i branschorganisationen SwedSec Licensiering AB. F\u00f6r mer information se: www.stockholmcorp.se<\/span><\/span><\/p>\n<h2 style=\"margin-top: 11px; text-align: justify;\"><span style=\"font-size: 11pt;\"><span style=\"font-family: arial,helvetica,sans-serif;\"><span style=\"color: #002060;\"><strong style=\"font-weight: bold;\">Viktig information<\/strong><\/span><\/span><\/span><\/h2>\n<p style=\"text-align: justify;\"><span style=\"font-size: 10pt;\"><span style=\"font-family: arial,helvetica,sans-serif;\">Publicering, offentligg\u00f6rande eller distributionen av detta pressmeddelande kan i vissa jurisdiktioner vara f\u00f6rem\u00e5l f\u00f6r restriktioner. Mottagarna av detta pressmeddelande i jurisdiktioner d\u00e4r detta pressmeddelande har publicerats eller distribuerats ska informera sig sj\u00e4lva om och f\u00f6lja s\u00e5dana begr\u00e4nsningar. Detta pressmeddelande utg\u00f6r inte ett erbjudande f\u00f6r allm\u00e4nheten att f\u00f6rv\u00e4rva, teckna eller p\u00e5 annat s\u00e4tt handla med aktier eller andra v\u00e4rdepapper i Bolaget i andra jurisdiktioner \u00e4n Sverige.<\/span><\/span><\/p>\n<p style=\"text-align: justify;\"><span style=\"font-size: 10pt;\"><span style=\"font-family: arial,helvetica,sans-serif;\">Informationen i detta pressmeddelande f\u00e5r inte offentligg\u00f6ras, publiceras eller distribueras, direkt eller indirekt, i eller till USA, Australien, Hongkong, Japan, Kanada, Nya Zeeland, Schweiz, Singapore, Sydafrika, Sydkorea, Ryssland, Belarus eller n\u00e5gon annan jurisdiktion d\u00e4r offentligg\u00f6randet, publiceringen eller distributionen av informationen inte skulle f\u00f6lja g\u00e4llande lagar och f\u00f6rordningar eller skulle kr\u00e4va ytterligare prospekt, registrering eller andra \u00e5tg\u00e4rder \u00e4n de som kr\u00e4vs enligt svensk lag. Informationen i detta pressmeddelande f\u00e5r inte heller vidarebefordras eller reproduceras p\u00e5 s\u00e4tt som st\u00e5r i strid med s\u00e5dana restriktioner eller skulle inneb\u00e4ra s\u00e5dana krav.&nbsp; \u00c5tg\u00e4rder i strid med denna anvisning kan utg\u00f6ra brott mot till\u00e4mplig v\u00e4rdepapperslagstiftning. Varken unitr\u00e4tter, betalda och tecknade units, nya aktier eller teckningsoptioner som tecknats i erbjudandet har registrerats eller kommer att registreras enligt United States Securities Act fr\u00e5n 1933 i sin nuvarande lydelse (\u201dSecurities Act\u201d) och f\u00e5r inte erbjudas, tecknas, utnyttjas, pants\u00e4ttas, s\u00e4ljas, \u00e5terf\u00f6rs\u00e4ljas, levereras eller \u00f6verf\u00f6ras, direkt eller indirekt, i eller till USA, f\u00f6rutom enligt ett till\u00e4mpligt undantag fr\u00e5n registreringskraven i Securities Act. <\/span><\/span><\/p>\n<p style=\"text-align: justify;\"><span style=\"font-size: 10pt;\"><span style=\"font-family: arial,helvetica,sans-serif;\">Informationen i detta pressmeddelande utg\u00f6r inte ett erbjudande att f\u00f6rv\u00e4rva, teckna eller p\u00e5 annat s\u00e4tt handla med aktier eller andra v\u00e4rdepapper i Absolicon. Detta dokument har inte godk\u00e4nts av n\u00e5gon myndighet, och informationen utg\u00f6r inte ett prospekt. I en EES-medlemsstat riktar sig detta meddelande endast till kvalificerade investerare i den medlemsstaten enligt prospektf\u00f6rordningens (2017\/1129) mening.<\/span><\/span><\/p>\n<h2 style=\"margin-top: 11px; text-align: justify;\"><span style=\"font-size: 11pt;\"><span style=\"font-family: arial,helvetica,sans-serif;\"><span style=\"color: #002060;\"><strong style=\"font-weight: bold;\">Fram\u00e5triktade uttalanden<\/strong><\/span><\/span><\/span><\/h2>\n<p style=\"text-align: justify;\"><span style=\"font-size: 10pt;\"><span style=\"font-family: arial,helvetica,sans-serif;\">Detta pressmeddelande inneh\u00e5ller fram\u00e5triktade uttalanden som \u00e5terspeglar Bolagets avsikter, \u00f6vertygelser eller nuvarande f\u00f6rv\u00e4ntningar om och m\u00e5l f\u00f6r Bolagets framtida verksamheter, finansiella situation, likviditet, resultat, utsikter, f\u00f6rv\u00e4ntad tillv\u00e4xt, strategier och m\u00f6jligheter samt marknaderna d\u00e4r Bolaget verkar, bland annat med avseende p\u00e5 utsikterna f\u00f6r l\u00e4kemedelsbehandlingar och studier. Fram\u00e5triktade uttalanden \u00e4r uttalanden som inte \u00e4r historiska fakta och som kan identifieras med ord som \u201dtro\u201d, \u201df\u00f6rv\u00e4nta\u201d, \u201df\u00f6rutse\u201d, \u201davse\u201d, \u201dkan\u201d, \u201dplanera\u201d, \u201duppskatta\u201d, \u201dska\u201d, \u201db\u00f6r\u201d, \u201dkunde\u201d, \u201dsikta\u201d eller \u201dkanske\u201d eller, i varje enskilt fall, deras negativa, eller liknande, uttryck. De fram\u00e5triktade uttalandena i detta pressmeddelande baseras p\u00e5 olika antaganden, varav m\u00e5nga i sin tur baseras p\u00e5 ytterligare antaganden. Trots att Bolaget anser att f\u00f6rv\u00e4ntningarna som \u00e5terspeglas i dessa fram\u00e5triktade uttalanden \u00e4r rimliga, kan det inte ge n\u00e5gra garantier om att de kommer att intr\u00e4ffa eller visa sig vara korrekta. Eftersom dessa uttalanden grundar sig p\u00e5 antaganden eller uppskattningar och \u00e4r f\u00f6rem\u00e5l f\u00f6r risker och os\u00e4kerhetsfaktorer kan de faktiska resultaten eller resultatet skilja sig v\u00e4sentligt fr\u00e5n de som framg\u00e5r av de fram\u00e5triktade uttalandena vilka \u00e4r ett resultat av m\u00e5nga faktorer. S\u00e5dana risker, os\u00e4kerhetsfaktorer, of\u00f6rutsedda h\u00e4ndelser och andra viktiga faktorer kan leda till att faktiska h\u00e4ndelser skiljer sig v\u00e4sentligt fr\u00e5n de f\u00f6rv\u00e4ntningar som uttrycks eller \u00e4r underf\u00f6rst\u00e5dda i detta pressmeddelande genom s\u00e5dana fram\u00e5tblickande uttalanden. Bolaget garanterar inte att antagandena bakom de fram\u00e5triktade uttalandena i detta pressmeddelande \u00e4r fria fr\u00e5n fel och accepterar inte n\u00e5got ansvar f\u00f6r framtida exakthet i de \u00e5sikter som uttrycks i detta pressmeddelande eller n\u00e5gon skyldighet att uppdatera eller revidera uttalandena i detta pressmeddelande f\u00f6r att \u00e5terspegla efterf\u00f6ljande h\u00e4ndelser. Informationen, \u00e5sikter och fram\u00e5triktade uttalanden som ing\u00e5r i detta pressmeddelande avser endast situationen vid dess datering och kan komma att \u00e4ndras utan f\u00f6reg\u00e5ende meddelande. Bolaget \u00e5tar sig inte n\u00e5gon skyldighet att granska, uppdatera, bekr\u00e4fta eller offentligg\u00f6ra n\u00e5gra revideringar av fram\u00e5triktade uttalanden f\u00f6r att avspegla h\u00e4ndelser som uppst\u00e5r eller omst\u00e4ndigheter som uppst\u00e5r i relation till inneh\u00e5llet i detta pressmeddelande.<\/span><\/span><\/p>\n<p><span style=\"font-size: 11pt;\"><span style=\"font-family: arial,helvetica,sans-serif;\">Denna information \u00e4r s\u00e5dan som Absolicon \u00e4r skyldigt att offentligg\u00f6ra enligt EU:s marknadsmissbruksf\u00f6rordning (EU nr 596\/2014). Informationen l\u00e4mnades, genom angiven kontaktpersons f\u00f6rsorg, f\u00f6r offentligg\u00f6rande 2023-11-03 17:49 CET.<\/span><\/span><\/p>\n","protected":false},"excerpt":{"rendered":"<p>DETTA PRESSMEDDELANDE F\u00c5R INTE OFFENTLIGG\u00d6RAS, PUBLICERAS ELLER DISTRIBUERAS, DIREKT ELLER INDIREKT, I ELLER TILL USA, AUSTRALIEN, HONGKONG, JAPAN, KANADA, NYA ZEELAND, SCHWEIZ, SINGAPORE, SYDAFRIKA, SYDKOREA, RYSSLAND, BELARUS ELLER I N\u00c5GON ANNAN JURISDIKTION D\u00c4R OFFENTLIGG\u00d6RANDE, PUBLICERING ELLER DISTRIBUTION AV INFORMATIONEN INTE SKULLE VARA F\u00d6RENLIG MED TILL\u00c4MPLIGA REGLER ELLER KR\u00c4VA REGISTRERING ELLER N\u00c5GON ANNAN \u00c5TG\u00c4RD. DETTA PRESSMEDDELANDE [&hellip;]<\/p>\n","protected":false},"author":1,"featured_media":0,"comment_status":"open","ping_status":"open","sticky":false,"template":"","format":"standard","meta":{"_acf_changed":false,"footnotes":""},"categories":[23],"tags":[],"class_list":["post-15524","post","type-post","status-publish","format-standard","hentry","category-pressrelease"],"acf":[],"yoast_head":"<!-- This site is optimized with the Yoast SEO plugin v27.4 - https:\/\/yoast.com\/product\/yoast-seo-wordpress\/ -->\n<title>Absolicon beslutar om en f\u00f6retr\u00e4desemission om cirka 45,9 MSEK - Absolicon<\/title>\n<meta name=\"robots\" content=\"index, follow, max-snippet:-1, max-image-preview:large, max-video-preview:-1\" \/>\n<link rel=\"canonical\" href=\"https:\/\/www.agma.com\/sv\/absolicon-beslutar-om-en-foretradesemission-om-cirka-459-msek\/\" \/>\n<meta property=\"og:locale\" content=\"sv_SE\" \/>\n<meta property=\"og:type\" content=\"article\" \/>\n<meta property=\"og:title\" content=\"Absolicon beslutar om en f\u00f6retr\u00e4desemission om cirka 45,9 MSEK - Absolicon\" \/>\n<meta property=\"og:description\" content=\"DETTA PRESSMEDDELANDE F\u00c5R INTE OFFENTLIGG\u00d6RAS, PUBLICERAS ELLER DISTRIBUERAS, DIREKT ELLER INDIREKT, I ELLER TILL USA, AUSTRALIEN, HONGKONG, JAPAN, KANADA, NYA ZEELAND, SCHWEIZ, SINGAPORE, SYDAFRIKA, SYDKOREA, RYSSLAND, BELARUS ELLER I N\u00c5GON ANNAN JURISDIKTION D\u00c4R OFFENTLIGG\u00d6RANDE, PUBLICERING ELLER DISTRIBUTION AV INFORMATIONEN INTE SKULLE VARA F\u00d6RENLIG MED TILL\u00c4MPLIGA REGLER ELLER KR\u00c4VA REGISTRERING ELLER N\u00c5GON ANNAN \u00c5TG\u00c4RD. DETTA PRESSMEDDELANDE [&hellip;]\" \/>\n<meta property=\"og:url\" content=\"https:\/\/www.agma.com\/sv\/absolicon-beslutar-om-en-foretradesemission-om-cirka-459-msek\/\" \/>\n<meta property=\"og:site_name\" content=\"Absolicon\" \/>\n<meta property=\"article:published_time\" content=\"2023-11-03T16:48:57+00:00\" \/>\n<meta property=\"article:modified_time\" content=\"2023-11-24T12:05:32+00:00\" \/>\n<meta name=\"author\" content=\"jakubschenk\" \/>\n<meta name=\"twitter:card\" content=\"summary_large_image\" \/>\n<meta name=\"twitter:label1\" content=\"Skriven av\" \/>\n\t<meta name=\"twitter:data1\" content=\"jakubschenk\" \/>\n<script type=\"application\/ld+json\" class=\"yoast-schema-graph\">{\"@context\":\"https:\\\/\\\/schema.org\",\"@graph\":[{\"@type\":\"Article\",\"@id\":\"https:\\\/\\\/www.agma.com\\\/sv\\\/absolicon-beslutar-om-en-foretradesemission-om-cirka-459-msek\\\/#article\",\"isPartOf\":{\"@id\":\"https:\\\/\\\/www.agma.com\\\/sv\\\/absolicon-beslutar-om-en-foretradesemission-om-cirka-459-msek\\\/\"},\"author\":{\"name\":\"jakubschenk\",\"@id\":\"https:\\\/\\\/www.agma.com\\\/sv\\\/#\\\/schema\\\/person\\\/6820b3ce1cc37edbaecc979090760d8b\"},\"headline\":\"Absolicon beslutar om en f\u00f6retr\u00e4desemission om cirka 45,9 MSEK\",\"datePublished\":\"2023-11-03T16:48:57+00:00\",\"dateModified\":\"2023-11-24T12:05:32+00:00\",\"mainEntityOfPage\":{\"@id\":\"https:\\\/\\\/www.agma.com\\\/sv\\\/absolicon-beslutar-om-en-foretradesemission-om-cirka-459-msek\\\/\"},\"wordCount\":2905,\"commentCount\":0,\"publisher\":{\"@id\":\"https:\\\/\\\/www.agma.com\\\/sv\\\/#organization\"},\"articleSection\":[\"Pressrelease\"],\"inLanguage\":\"sv-SE\",\"potentialAction\":[{\"@type\":\"CommentAction\",\"name\":\"Comment\",\"target\":[\"https:\\\/\\\/www.agma.com\\\/sv\\\/absolicon-beslutar-om-en-foretradesemission-om-cirka-459-msek\\\/#respond\"]}]},{\"@type\":\"WebPage\",\"@id\":\"https:\\\/\\\/www.agma.com\\\/sv\\\/absolicon-beslutar-om-en-foretradesemission-om-cirka-459-msek\\\/\",\"url\":\"https:\\\/\\\/www.agma.com\\\/sv\\\/absolicon-beslutar-om-en-foretradesemission-om-cirka-459-msek\\\/\",\"name\":\"Absolicon beslutar om en f\u00f6retr\u00e4desemission om cirka 45,9 MSEK - Absolicon\",\"isPartOf\":{\"@id\":\"https:\\\/\\\/www.agma.com\\\/sv\\\/#website\"},\"datePublished\":\"2023-11-03T16:48:57+00:00\",\"dateModified\":\"2023-11-24T12:05:32+00:00\",\"breadcrumb\":{\"@id\":\"https:\\\/\\\/www.agma.com\\\/sv\\\/absolicon-beslutar-om-en-foretradesemission-om-cirka-459-msek\\\/#breadcrumb\"},\"inLanguage\":\"sv-SE\",\"potentialAction\":[{\"@type\":\"ReadAction\",\"target\":[\"https:\\\/\\\/www.agma.com\\\/sv\\\/absolicon-beslutar-om-en-foretradesemission-om-cirka-459-msek\\\/\"]}]},{\"@type\":\"BreadcrumbList\",\"@id\":\"https:\\\/\\\/www.agma.com\\\/sv\\\/absolicon-beslutar-om-en-foretradesemission-om-cirka-459-msek\\\/#breadcrumb\",\"itemListElement\":[{\"@type\":\"ListItem\",\"position\":1,\"name\":\"Home\",\"item\":\"https:\\\/\\\/www.agma.com\\\/sv\\\/\"},{\"@type\":\"ListItem\",\"position\":2,\"name\":\"Absolicon beslutar om en f\u00f6retr\u00e4desemission om cirka 45,9 MSEK\"}]},{\"@type\":\"WebSite\",\"@id\":\"https:\\\/\\\/www.agma.com\\\/sv\\\/#website\",\"url\":\"https:\\\/\\\/www.agma.com\\\/sv\\\/\",\"name\":\"Absolicon\",\"description\":\"\",\"publisher\":{\"@id\":\"https:\\\/\\\/www.agma.com\\\/sv\\\/#organization\"},\"potentialAction\":[{\"@type\":\"SearchAction\",\"target\":{\"@type\":\"EntryPoint\",\"urlTemplate\":\"https:\\\/\\\/www.agma.com\\\/sv\\\/?s={search_term_string}\"},\"query-input\":{\"@type\":\"PropertyValueSpecification\",\"valueRequired\":true,\"valueName\":\"search_term_string\"}}],\"inLanguage\":\"sv-SE\"},{\"@type\":\"Organization\",\"@id\":\"https:\\\/\\\/www.agma.com\\\/sv\\\/#organization\",\"name\":\"Absolicon\",\"url\":\"https:\\\/\\\/www.agma.com\\\/sv\\\/\",\"logo\":{\"@type\":\"ImageObject\",\"inLanguage\":\"sv-SE\",\"@id\":\"https:\\\/\\\/www.agma.com\\\/sv\\\/#\\\/schema\\\/logo\\\/image\\\/\",\"url\":\"https:\\\/\\\/www.agma.com\\\/wp-content\\\/uploads\\\/2026\\\/04\\\/logotype_neg_blk.svg\",\"contentUrl\":\"https:\\\/\\\/www.agma.com\\\/wp-content\\\/uploads\\\/2026\\\/04\\\/logotype_neg_blk.svg\",\"width\":705,\"height\":83,\"caption\":\"Absolicon\"},\"image\":{\"@id\":\"https:\\\/\\\/www.agma.com\\\/sv\\\/#\\\/schema\\\/logo\\\/image\\\/\"}},{\"@type\":\"Person\",\"@id\":\"https:\\\/\\\/www.agma.com\\\/sv\\\/#\\\/schema\\\/person\\\/6820b3ce1cc37edbaecc979090760d8b\",\"name\":\"jakubschenk\",\"image\":{\"@type\":\"ImageObject\",\"inLanguage\":\"sv-SE\",\"@id\":\"https:\\\/\\\/secure.gravatar.com\\\/avatar\\\/0ab843002d4a58702560e02354e5f9a3206e13bbfaa9df5a188e463870f605cd?s=96&d=mm&r=g\",\"url\":\"https:\\\/\\\/secure.gravatar.com\\\/avatar\\\/0ab843002d4a58702560e02354e5f9a3206e13bbfaa9df5a188e463870f605cd?s=96&d=mm&r=g\",\"contentUrl\":\"https:\\\/\\\/secure.gravatar.com\\\/avatar\\\/0ab843002d4a58702560e02354e5f9a3206e13bbfaa9df5a188e463870f605cd?s=96&d=mm&r=g\",\"caption\":\"jakubschenk\"},\"sameAs\":[\"https:\\\/\\\/www.agma.com\"],\"url\":\"https:\\\/\\\/www.agma.com\\\/sv\\\/author\\\/jakubschenk\\\/\"}]}<\/script>\n<!-- \/ Yoast SEO plugin. -->","yoast_head_json":{"title":"Absolicon beslutar om en f\u00f6retr\u00e4desemission om cirka 45,9 MSEK - Absolicon","robots":{"index":"index","follow":"follow","max-snippet":"max-snippet:-1","max-image-preview":"max-image-preview:large","max-video-preview":"max-video-preview:-1"},"canonical":"https:\/\/www.agma.com\/sv\/absolicon-beslutar-om-en-foretradesemission-om-cirka-459-msek\/","og_locale":"sv_SE","og_type":"article","og_title":"Absolicon beslutar om en f\u00f6retr\u00e4desemission om cirka 45,9 MSEK - Absolicon","og_description":"DETTA PRESSMEDDELANDE F\u00c5R INTE OFFENTLIGG\u00d6RAS, PUBLICERAS ELLER DISTRIBUERAS, DIREKT ELLER INDIREKT, I ELLER TILL USA, AUSTRALIEN, HONGKONG, JAPAN, KANADA, NYA ZEELAND, SCHWEIZ, SINGAPORE, SYDAFRIKA, SYDKOREA, RYSSLAND, BELARUS ELLER I N\u00c5GON ANNAN JURISDIKTION D\u00c4R OFFENTLIGG\u00d6RANDE, PUBLICERING ELLER DISTRIBUTION AV INFORMATIONEN INTE SKULLE VARA F\u00d6RENLIG MED TILL\u00c4MPLIGA REGLER ELLER KR\u00c4VA REGISTRERING ELLER N\u00c5GON ANNAN \u00c5TG\u00c4RD. DETTA PRESSMEDDELANDE [&hellip;]","og_url":"https:\/\/www.agma.com\/sv\/absolicon-beslutar-om-en-foretradesemission-om-cirka-459-msek\/","og_site_name":"Absolicon","article_published_time":"2023-11-03T16:48:57+00:00","article_modified_time":"2023-11-24T12:05:32+00:00","author":"jakubschenk","twitter_card":"summary_large_image","twitter_misc":{"Skriven av":"jakubschenk"},"schema":{"@context":"https:\/\/schema.org","@graph":[{"@type":"Article","@id":"https:\/\/www.agma.com\/sv\/absolicon-beslutar-om-en-foretradesemission-om-cirka-459-msek\/#article","isPartOf":{"@id":"https:\/\/www.agma.com\/sv\/absolicon-beslutar-om-en-foretradesemission-om-cirka-459-msek\/"},"author":{"name":"jakubschenk","@id":"https:\/\/www.agma.com\/sv\/#\/schema\/person\/6820b3ce1cc37edbaecc979090760d8b"},"headline":"Absolicon beslutar om en f\u00f6retr\u00e4desemission om cirka 45,9 MSEK","datePublished":"2023-11-03T16:48:57+00:00","dateModified":"2023-11-24T12:05:32+00:00","mainEntityOfPage":{"@id":"https:\/\/www.agma.com\/sv\/absolicon-beslutar-om-en-foretradesemission-om-cirka-459-msek\/"},"wordCount":2905,"commentCount":0,"publisher":{"@id":"https:\/\/www.agma.com\/sv\/#organization"},"articleSection":["Pressrelease"],"inLanguage":"sv-SE","potentialAction":[{"@type":"CommentAction","name":"Comment","target":["https:\/\/www.agma.com\/sv\/absolicon-beslutar-om-en-foretradesemission-om-cirka-459-msek\/#respond"]}]},{"@type":"WebPage","@id":"https:\/\/www.agma.com\/sv\/absolicon-beslutar-om-en-foretradesemission-om-cirka-459-msek\/","url":"https:\/\/www.agma.com\/sv\/absolicon-beslutar-om-en-foretradesemission-om-cirka-459-msek\/","name":"Absolicon beslutar om en f\u00f6retr\u00e4desemission om cirka 45,9 MSEK - Absolicon","isPartOf":{"@id":"https:\/\/www.agma.com\/sv\/#website"},"datePublished":"2023-11-03T16:48:57+00:00","dateModified":"2023-11-24T12:05:32+00:00","breadcrumb":{"@id":"https:\/\/www.agma.com\/sv\/absolicon-beslutar-om-en-foretradesemission-om-cirka-459-msek\/#breadcrumb"},"inLanguage":"sv-SE","potentialAction":[{"@type":"ReadAction","target":["https:\/\/www.agma.com\/sv\/absolicon-beslutar-om-en-foretradesemission-om-cirka-459-msek\/"]}]},{"@type":"BreadcrumbList","@id":"https:\/\/www.agma.com\/sv\/absolicon-beslutar-om-en-foretradesemission-om-cirka-459-msek\/#breadcrumb","itemListElement":[{"@type":"ListItem","position":1,"name":"Home","item":"https:\/\/www.agma.com\/sv\/"},{"@type":"ListItem","position":2,"name":"Absolicon beslutar om en f\u00f6retr\u00e4desemission om cirka 45,9 MSEK"}]},{"@type":"WebSite","@id":"https:\/\/www.agma.com\/sv\/#website","url":"https:\/\/www.agma.com\/sv\/","name":"Absolicon","description":"","publisher":{"@id":"https:\/\/www.agma.com\/sv\/#organization"},"potentialAction":[{"@type":"SearchAction","target":{"@type":"EntryPoint","urlTemplate":"https:\/\/www.agma.com\/sv\/?s={search_term_string}"},"query-input":{"@type":"PropertyValueSpecification","valueRequired":true,"valueName":"search_term_string"}}],"inLanguage":"sv-SE"},{"@type":"Organization","@id":"https:\/\/www.agma.com\/sv\/#organization","name":"Absolicon","url":"https:\/\/www.agma.com\/sv\/","logo":{"@type":"ImageObject","inLanguage":"sv-SE","@id":"https:\/\/www.agma.com\/sv\/#\/schema\/logo\/image\/","url":"https:\/\/www.agma.com\/wp-content\/uploads\/2026\/04\/logotype_neg_blk.svg","contentUrl":"https:\/\/www.agma.com\/wp-content\/uploads\/2026\/04\/logotype_neg_blk.svg","width":705,"height":83,"caption":"Absolicon"},"image":{"@id":"https:\/\/www.agma.com\/sv\/#\/schema\/logo\/image\/"}},{"@type":"Person","@id":"https:\/\/www.agma.com\/sv\/#\/schema\/person\/6820b3ce1cc37edbaecc979090760d8b","name":"jakubschenk","image":{"@type":"ImageObject","inLanguage":"sv-SE","@id":"https:\/\/secure.gravatar.com\/avatar\/0ab843002d4a58702560e02354e5f9a3206e13bbfaa9df5a188e463870f605cd?s=96&d=mm&r=g","url":"https:\/\/secure.gravatar.com\/avatar\/0ab843002d4a58702560e02354e5f9a3206e13bbfaa9df5a188e463870f605cd?s=96&d=mm&r=g","contentUrl":"https:\/\/secure.gravatar.com\/avatar\/0ab843002d4a58702560e02354e5f9a3206e13bbfaa9df5a188e463870f605cd?s=96&d=mm&r=g","caption":"jakubschenk"},"sameAs":["https:\/\/www.agma.com"],"url":"https:\/\/www.agma.com\/sv\/author\/jakubschenk\/"}]}},"_links":{"self":[{"href":"https:\/\/www.agma.com\/sv\/wp-json\/wp\/v2\/posts\/15524","targetHints":{"allow":["GET"]}}],"collection":[{"href":"https:\/\/www.agma.com\/sv\/wp-json\/wp\/v2\/posts"}],"about":[{"href":"https:\/\/www.agma.com\/sv\/wp-json\/wp\/v2\/types\/post"}],"author":[{"embeddable":true,"href":"https:\/\/www.agma.com\/sv\/wp-json\/wp\/v2\/users\/1"}],"replies":[{"embeddable":true,"href":"https:\/\/www.agma.com\/sv\/wp-json\/wp\/v2\/comments?post=15524"}],"version-history":[{"count":3,"href":"https:\/\/www.agma.com\/sv\/wp-json\/wp\/v2\/posts\/15524\/revisions"}],"predecessor-version":[{"id":15691,"href":"https:\/\/www.agma.com\/sv\/wp-json\/wp\/v2\/posts\/15524\/revisions\/15691"}],"wp:attachment":[{"href":"https:\/\/www.agma.com\/sv\/wp-json\/wp\/v2\/media?parent=15524"}],"wp:term":[{"taxonomy":"category","embeddable":true,"href":"https:\/\/www.agma.com\/sv\/wp-json\/wp\/v2\/categories?post=15524"},{"taxonomy":"post_tag","embeddable":true,"href":"https:\/\/www.agma.com\/sv\/wp-json\/wp\/v2\/tags?post=15524"}],"curies":[{"name":"wp","href":"https:\/\/api.w.org\/{rel}","templated":true}]}}