{"id":15558,"date":"2023-11-08T07:00:00","date_gmt":"2023-11-08T07:00:00","guid":{"rendered":"https:\/\/www.absolicon.com\/kallelse-till-extra-bolagsstamma-i-absolicon-solar-collector-ab-publ\/"},"modified":"2023-11-08T09:52:37","modified_gmt":"2023-11-08T09:52:37","slug":"kallelse-till-extra-bolagsstamma-i-absolicon-solar-collector-ab-publ","status":"publish","type":"post","link":"https:\/\/www.agma.com\/sv\/kallelse-till-extra-bolagsstamma-i-absolicon-solar-collector-ab-publ\/","title":{"rendered":"Kallelse till extra bolagsst\u00e4mma i Absolicon Solar Collector AB (publ)"},"content":{"rendered":"<p style=\"margin-bottom: 11px; margin-top: 12px;\"><a href=\"https:\/\/www.agma.com\/sv\/extra-bolagsstamma-22-november-2023\/\"><span style=\"font-size: 11pt;\"><span style=\"font-family: arial,helvetica,sans-serif;\"><strong>Extrast\u00e4mma i Absolicon 22 november 2023<\/strong><\/span><\/span><\/a><\/p>\n<p style=\"margin-bottom: 11px; margin-top: 12px;\"><span style=\"font-size: 11pt;\"><span style=\"font-family: arial,helvetica,sans-serif;\"><strong>R\u00e4tt att deltaga <\/strong><\/span><\/span><\/p>\n<p style=\"margin-bottom: 11px;\"><span style=\"font-size: 11pt;\"><span style=\"font-family: arial,helvetica,sans-serif;\">Aktie\u00e4gare som vill deltaga p\u00e5 bolagsst\u00e4mman ska vara inf\u00f6rd som aktie\u00e4gare i den av Euroclear Sweden AB (\u201c<strong>Euroclear<\/strong>\u201d) f\u00f6rda aktieboken tisdagen den 14 november 2023 eller, om aktierna \u00e4r f\u00f6rvaltarregistrerade, beg\u00e4ra att f\u00f6rvaltaren r\u00f6str\u00e4ttsregistrerar aktierna i s\u00e5dan tid att registreringen \u00e4r verkst\u00e4lld senast torsdagen den 16 november 2023. <\/span><\/span><\/p>\n<p style=\"margin-bottom: 11px;\"><span style=\"font-size: 11pt;\"><span style=\"font-family: arial,helvetica,sans-serif;\">Aktie\u00e4gare som vill deltaga p\u00e5 bolagsst\u00e4mman ombeds \u00e4ven att anm\u00e4la sitt deltagande till bolaget enligt anvisningarna under rubriken \u201d<em>Anm\u00e4lan f\u00f6r fysiskt deltagande eller deltagande genom ombud.<\/em>\u201d nedan senast torsdagen den 16 november 2023. <\/span><\/span><\/p>\n<p style=\"margin-bottom: 11px;\"><span style=\"font-size: 11pt;\"><span style=\"font-family: arial,helvetica,sans-serif;\"><strong>Anm\u00e4lan f\u00f6r fysiskt deltagande eller deltagande genom ombud <\/strong><\/span><\/span><\/p>\n<p style=\"margin-bottom: 11px;\"><span style=\"font-size: 11pt;\"><span style=\"font-family: arial,helvetica,sans-serif;\">Aktie\u00e4gare som \u00f6nskar delta vid st\u00e4mman fysiskt eller genom ombud ombeds anm\u00e4la detta till bolaget antingen per e-post till info@absolicon.com, eller per telefon till 0611-55 70 00 p\u00e5 vardagar mellan kl. 09.00 och 16.00. I anm\u00e4lan ska det uppges aktie\u00e4garens namn eller f\u00f6retagsnamn, personnummer eller organisationsnummer, adress, telefonnummer samt, i f\u00f6rekommande fall, antal bitr\u00e4den (h\u00f6gst tv\u00e5). <\/span><\/span><\/p>\n<p style=\"margin-bottom: 11px;\"><span style=\"font-size: 11pt;\"><span style=\"font-family: arial,helvetica,sans-serif;\">Aktie\u00e4gare som inte \u00f6nskar delta vid st\u00e4mman fysiskt kan ut\u00f6va sin r\u00f6str\u00e4tt vid st\u00e4mman genom ombud med en skriftlig, undertecknad och daterad fullmakt. Om fullmakten utf\u00e4rdas av en juridisk person ska en kopia av registreringsbevis eller motsvarande beh\u00f6righetshandling f\u00f6r den juridiska personen bifogas. Ett fullmaktsformul\u00e4r finns tillg\u00e4ngligt p\u00e5 bolagets webbplats (www.agma.com) <\/span><\/span><\/p>\n<p style=\"margin-bottom: 11px;\"><span style=\"font-size: 11pt;\"><span style=\"font-family: arial,helvetica,sans-serif;\">F\u00f6r att underl\u00e4tta inpasseringen vid st\u00e4mman b\u00f6r fullmakter, registreringsbevis och andra beh\u00f6righetshandlingar vara bolaget tillhanda p\u00e5 adressen till Absolicon Solar Collector AB, Fiskaregatan 11, 871 33 H\u00e4rn\u00f6sand eller skickas per e-post till info@absolicon.com. senast fredagen den 16 november 2023. <\/span><\/span><\/p>\n<p style=\"margin-bottom: 11px;\"><span style=\"font-size: 11pt;\"><span style=\"font-family: arial,helvetica,sans-serif;\"><strong>Behandling av personuppgifter <\/strong><\/span><\/span><\/p>\n<p style=\"margin-bottom: 11px;\"><span style=\"font-size: 11pt;\"><span style=\"font-family: arial,helvetica,sans-serif;\">Personuppgifter som h\u00e4mtas fr\u00e5n aktieboken, ev. anm\u00e4lan om deltagande vid st\u00e4mman och uppgifter om ombud kommer att anv\u00e4ndas f\u00f6r registrering, uppr\u00e4ttande av r\u00f6stl\u00e4ngd f\u00f6r st\u00e4mman och, i f\u00f6rekommande fall, st\u00e4mmoprotokoll. <\/span><\/span><\/p>\n<p style=\"margin-bottom: 11px;\"><span style=\"font-size: 11pt;\"><span style=\"font-family: arial,helvetica,sans-serif;\">F\u00f6r mer information om hur personuppgifter behandlas i samband med st\u00e4mman, se Euroclears integritetspolicy som finns tillg\u00e4ngliga p\u00e5 dess webbplats www.euroclear.com\/dam\/ESw\/Legal\/Integritetspolicy-bolagsstammor-svenska.pdf <\/span><\/span><\/p>\n<p style=\"margin-bottom: 11px;\"><span style=\"font-size: 11pt;\"><span style=\"font-family: arial,helvetica,sans-serif;\"><strong>F\u00f6rslag till dagordning <\/strong><\/span><\/span><\/p>\n<p style=\"margin-bottom: 11px;\"><span style=\"font-size: 11pt;\"><span style=\"font-family: arial,helvetica,sans-serif;\">1.\u00a0\u00a0 \u00d6ppnande av st\u00e4mman. <\/span><\/span><\/p>\n<p style=\"margin-bottom: 11px;\"><span style=\"font-size: 11pt;\"><span style=\"font-family: arial,helvetica,sans-serif;\">2.\u00a0\u00a0 Val av ordf\u00f6rande vid st\u00e4mman. <\/span><\/span><\/p>\n<p style=\"margin-bottom: 11px;\"><span style=\"font-size: 11pt;\"><span style=\"font-family: arial,helvetica,sans-serif;\">3.\u00a0\u00a0 Uppr\u00e4ttande och godk\u00e4nnande av r\u00f6stl\u00e4ngd. <\/span><\/span><\/p>\n<p style=\"margin-bottom: 11px;\"><span style=\"font-size: 11pt;\"><span style=\"font-family: arial,helvetica,sans-serif;\">4.\u00a0\u00a0 Godk\u00e4nnande av dagordning. <\/span><\/span><\/p>\n<p style=\"margin-bottom: 11px;\"><span style=\"font-size: 11pt;\"><span style=\"font-family: arial,helvetica,sans-serif;\">5.\u00a0\u00a0 Val av en eller tv\u00e5 protokolljusterare. <\/span><\/span><\/p>\n<p style=\"margin-bottom: 11px;\"><span style=\"font-size: 11pt;\"><span style=\"font-family: arial,helvetica,sans-serif;\">6.\u00a0\u00a0 Pr\u00f6vning av om st\u00e4mman blivit beh\u00f6rigen sammankallad. <\/span><\/span><\/p>\n<p style=\"margin-bottom: 11px;\"><span style=\"font-size: 11pt;\"><span style=\"font-family: arial,helvetica,sans-serif;\">7.\u00a0\u00a0 Beslut om godk\u00e4nnande av styrelsens beslut om nyemission av aktier av serie B och teckningsoptioner (Units) med f\u00f6retr\u00e4desr\u00e4tt f\u00f6r aktie\u00e4garna. <\/span><\/span><\/p>\n<p style=\"margin-bottom: 11px;\"><span style=\"font-size: 11pt;\"><span style=\"font-family: arial,helvetica,sans-serif;\">8.\u00a0\u00a0 St\u00e4mmans avslutande. <\/span><\/span><\/p>\n<p style=\"margin-bottom: 11px;\"><span style=\"font-size: 11pt;\"><span style=\"font-family: arial,helvetica,sans-serif;\"><strong>Beslutsf\u00f6rslag <\/strong><\/span><\/span><\/p>\n<p style=\"margin-bottom: 11px;\"><span style=\"font-size: 11pt;\"><span style=\"font-family: arial,helvetica,sans-serif;\"><strong>Punkt 2: Val av ordf\u00f6rande vid st\u00e4mman <\/strong><\/span><\/span><\/p>\n<p style=\"margin-bottom: 11px;\"><span style=\"font-size: 11pt;\"><span style=\"font-family: arial,helvetica,sans-serif;\">Styrelsen f\u00f6resl\u00e5r att Mats Lundqvist, eller, om han \u00e4r fr\u00e5nvarande, den person som styrelsen anvisar, utses till ordf\u00f6rande vid st\u00e4mman. <\/span><\/span><\/p>\n<p style=\"margin-bottom: 11px;\"><span style=\"font-size: 11pt;\"><span style=\"font-family: arial,helvetica,sans-serif;\"><strong>Punkt 5: Val av en eller tv\u00e5 protokolljusterare <\/strong><\/span><\/span><\/p>\n<p style=\"margin-bottom: 11px;\"><span style=\"font-size: 11pt;\"><span style=\"font-family: arial,helvetica,sans-serif;\">Styrelsen f\u00f6resl\u00e5r att Jonatan Mosseg\u00e5rd, eller, om han \u00e4r fr\u00e5nvarande, den person som styrelsen anvisar, utses att j\u00e4mte ordf\u00f6randen justera protokollet fr\u00e5n st\u00e4mman. <\/span><\/span><\/p>\n<p style=\"margin-bottom: 11px;\"><span style=\"font-size: 11pt;\"><span style=\"font-family: arial,helvetica,sans-serif;\"><strong>Punkt 7: Beslut om godk\u00e4nnande av styrelsens beslut om nyemission av aktier av serie B och teckningsoptioner (Units) med f\u00f6retr\u00e4desr\u00e4tt f\u00f6r aktie\u00e4garna. <\/strong><\/span><\/span><\/p>\n<p style=\"margin-bottom: 11px;\"><span style=\"font-size: 11pt;\"><span style=\"font-family: arial,helvetica,sans-serif;\">Styrelsen f\u00f6resl\u00e5r att bolagsst\u00e4mman godk\u00e4nner styrelsens beslut av den 3 november 2023 om (i) nyemission av h\u00f6gst 3 058 596 aktier av serie B, inneb\u00e4rande en \u00f6kning av aktiekapitalet med h\u00f6gst 3 058 596 kronor, (ii) emission om h\u00f6gst 509 766 teckningsoptioner av serie TO 1, ber\u00e4ttigande till teckning av totalt 509 766 aktier av serie B i Bolaget, inneb\u00e4randes en \u00f6kning av aktiekapitalet vid fullt utnyttjande med h\u00f6gst 509 766 kronor, samt (iii) emission om h\u00f6gst 509 766 teckningsoptioner av serie TO 2, ber\u00e4ttigande till teckning av ytterligare totalt 509 766 aktier av Serie B i Bolaget, inneb\u00e4randes en \u00f6kning av aktiekapitalet vid fullt utnyttjande med ytterligare h\u00f6gst 509 766 kronor, enligt f\u00f6ljande. <\/span><\/span><\/p>\n<p style=\"margin-bottom: 11px;\"><span style=\"font-size: 11pt;\"><span style=\"font-family: arial,helvetica,sans-serif;\">H\u00f6gst kan aktiekapitalet \u00f6ka med 4 078 128 kronor vid full teckning av aktierna samt vid fullt utnyttjande av teckningsoptionerna av serie TO 1 och TO 2. <\/span><\/span><\/p>\n<p style=\"margin-bottom: 11px;\"><span style=\"font-size: 11pt;\"><span style=\"font-family: arial,helvetica,sans-serif;\">Emissionerna ska behandlas som ett beslut och genomf\u00f6ras i form av utgivande av s.k. Units med f\u00f6retr\u00e4desr\u00e4tt f\u00f6r aktie\u00e4garna (\u201d<strong>F\u00f6retr\u00e4desemissionen<\/strong>\u201d) och enligt f\u00f6ljande villkor. <\/span><\/span><\/p>\n<p style=\"margin-bottom: 11px;\"><span style=\"font-size: 11pt;\"><span style=\"font-family: arial,helvetica,sans-serif;\">R\u00e4tt att teckna Units ska med f\u00f6retr\u00e4desr\u00e4tt tillkomma de som p\u00e5 avst\u00e4mningsdagen onsdagen den 29 november 2023 \u00e4r registrerade som aktie\u00e4gare i den av Euroclear Sweden AB f\u00f6rda aktieboken. Varje aktie\u00e4gare \u00e4ger f\u00f6retr\u00e4desr\u00e4tt att teckna Units i f\u00f6rh\u00e5llande till det antal aktier, oavsett serie, innehavaren f\u00f6rut \u00e4ger. <\/span><\/span><\/p>\n<p style=\"margin-bottom: 11px;\"><span style=\"font-size: 11pt;\"><span style=\"font-family: arial,helvetica,sans-serif;\">En (1) befintlig aktie, oavsett serie, ber\u00e4ttigar till en (1) unitr\u00e4tt. Femton (15) unitr\u00e4tter ger r\u00e4tt att teckna en (1) Unit. <\/span><\/span><\/p>\n<p style=\"margin-bottom: 11px;\"><span style=\"font-size: 11pt;\"><span style=\"font-family: arial,helvetica,sans-serif;\">Varje Unit best\u00e5r av tolv (12) nya aktier av serie B, tv\u00e5 (2) teckningsoptioner av serie TO 1 samt tv\u00e5 (2) teckningsoptioner av serie TO 2. <\/span><\/span><\/p>\n<p style=\"margin-bottom: 11px;\"><span style=\"font-size: 11pt;\"><span style=\"font-family: arial,helvetica,sans-serif;\">Teckning kan enbart ske i Units och s\u00e5ledes inte av aktier och\/eller teckningsoptioner var f\u00f6r sig. Tilldelning f\u00e5r enbart ske i Units. Efter F\u00f6retr\u00e4desemissionens genomf\u00f6rande kommer dock aktierna och teckningsoptionerna att skiljas \u00e5t. <\/span><\/span><\/p>\n<p style=\"margin-bottom: 11px;\"><span style=\"font-size: 11pt;\"><span style=\"font-family: arial,helvetica,sans-serif;\">Teckningskursen per Unit \u00e4r 180 kronor, motsvarande en teckningskurs om 15 kronor per aktie. Teckningsoptionerna ges ut vederlagsfritt. <\/span><\/span><\/p>\n<p style=\"margin-bottom: 11px;\"><span style=\"font-size: 11pt;\"><span style=\"font-family: arial,helvetica,sans-serif;\">Avst\u00e4mningsdag f\u00f6r fastst\u00e4llande av vilka aktie\u00e4gare som \u00e4r ber\u00e4ttigade att med f\u00f6retr\u00e4desr\u00e4tt teckna Units ska vara onsdagen den 29 november 2023. <\/span><\/span><\/p>\n<p style=\"margin-bottom: 11px;\"><span style=\"font-size: 11pt;\"><span style=\"font-family: arial,helvetica,sans-serif;\">Teckning av Units med st\u00f6d av unitr\u00e4tter ska ske genom kontant betalning under tiden fr\u00e5n och med den 1 december 2023 till och med den 15 december 2023. Styrelsen ska ha r\u00e4tt att f\u00f6rl\u00e4nga tiden f\u00f6r teckning och betalning. <\/span><\/span><\/p>\n<p style=\"margin-bottom: 11px;\"><span style=\"font-size: 11pt;\"><span style=\"font-family: arial,helvetica,sans-serif;\">Teckning av Units utan st\u00f6d av unitr\u00e4tter ska ske under den tid som anges ovan. Teckning ska i s\u00e5dana fall ske p\u00e5 s\u00e4rskild teckningslista. Betalning f\u00f6r Units som tecknats utan st\u00f6d av unitr\u00e4tter ska erl\u00e4ggas kontant senast tre (3) bankdagar efter avs\u00e4ndande av avr\u00e4kningsnota som utvisar besked om tilldelning av Units. <\/span><\/span><\/p>\n<p style=\"margin-bottom: 11px;\"><span style=\"font-size: 11pt;\"><span style=\"font-family: arial,helvetica,sans-serif;\">F\u00f6r det fall inte samtliga Units tecknas med st\u00f6d av unitr\u00e4tter, dvs. f\u00f6retr\u00e4desr\u00e4tt, ska styrelsen, inom ramen f\u00f6r F\u00f6retr\u00e4desemissionens h\u00f6gsta belopp, besluta om f\u00f6rdelning av Units som inte tecknats med f\u00f6retr\u00e4desr\u00e4tt. S\u00e5dan f\u00f6rdelning ska ske: <\/span><\/span><\/p>\n<p style=\"margin-bottom: 11px;\"><span style=\"font-size: 11pt;\"><span style=\"font-family: arial,helvetica,sans-serif;\">I f\u00f6rsta hand till tecknare som tecknat Units med st\u00f6d av unitr\u00e4tter och, vid \u00f6verteckning, i f\u00f6rh\u00e5llande till det antal unitr\u00e4tter som var och en utnyttjat f\u00f6r teckning av Units och, i den m\u00e5n detta inte kan ske, genom lottning. <\/span><\/span><\/p>\n<p style=\"margin-bottom: 11px;\"><span style=\"font-size: 11pt;\"><span style=\"font-family: arial,helvetica,sans-serif;\">I andra hand ska f\u00f6rdelning ske till \u00f6vriga som anm\u00e4lt intresse av att teckna Units utan st\u00f6d av unitr\u00e4tter och, vid \u00f6verteckning, i f\u00f6rh\u00e5llande till det antal Units som s\u00e5dana personer anm\u00e4lt f\u00f6r teckning, och i den m\u00e5n detta inte kan ske, genom lottning. <\/span><\/span><\/p>\n<p style=\"margin-bottom: 11px;\"><span style=\"font-size: 11pt;\"><span style=\"font-family: arial,helvetica,sans-serif;\">I tredje hand ska f\u00f6rdelning ske till garanter av F\u00f6retr\u00e4desemissionen enlighet med ing\u00e5ngna garantiavtal. <\/span><\/span><\/p>\n<p style=\"margin-bottom: 11px;\"><span style=\"font-size: 11pt;\"><span style=\"font-family: arial,helvetica,sans-serif;\">De nya aktierna ska medf\u00f6ra r\u00e4tt till utdelning f\u00f6rsta g\u00e5ngen p\u00e5 den avst\u00e4mningsdag f\u00f6r utdelning som infaller n\u00e4rmast efter det att de nya aktierna har registrerats hos Bolagsverket och aktierna har f\u00f6rts in i aktieboken hos Euroclear Sweden AB. De aktier som tillkommit p\u00e5 grund av teckning med st\u00f6d av teckningsoptionerna av serie TO 1 och TO 2 ska medf\u00f6ra r\u00e4tt till utdelning f\u00f6rsta g\u00e5ngen p\u00e5 den avst\u00e4mningsdag f\u00f6r utdelning som infaller n\u00e4rmast efter det att de nya aktierna har registrerats hos Bolagsverket och aktierna har f\u00f6rts in i aktieboken hos Euroclear Sweden AB. <\/span><\/span><\/p>\n<p style=\"margin-bottom: 11px;\"><span style=\"font-size: 11pt;\"><span style=\"font-family: arial,helvetica,sans-serif;\">Teckning av aktier med st\u00f6d av teckningsoptioner av serie TO 1 kan \u00e4ga rum under perioden fr\u00e5n och med den 2 december 2024 till och med den 16 december 2024. Teckning av aktier med st\u00f6d av teckningsoptioner av serie TO 2 kan \u00e4ga rum under perioden fr\u00e5n och med den 30 november 2026 till och med den 15 december 2026. <\/span><\/span><\/p>\n<p style=\"margin-bottom: 11px;\"><span style=\"font-size: 11pt;\"><span style=\"font-family: arial,helvetica,sans-serif;\">En (1) teckningsoption av serie TO 1 ber\u00e4ttigar innehavaren till teckning av en (1) ny aktie av serie B i Bolaget och teckningskursen ska motsvara 70 procent av den volymviktade genomsnittliga betalkursen i Bolagets aktie p\u00e5 Spotlight Stock Market under perioden fr\u00e5n och med 18 november 2024 till och med 29 november 2024, dock inte till en teckningskurs l\u00e4gre \u00e4n aktiernas kvotv\u00e4rde eller h\u00f6gre \u00e4n 30 kronor per aktie. En (1) teckningsoption av serie TO2 ber\u00e4ttigar innehavaren till teckning av en (1) ny aktie av serie B i Bolaget till en teckningskurs om 60 kronor per aktie. Den del av teckningskursen som vid teckning av aktier med st\u00f6d av teckningsoptionerna \u00f6verstiger kvotv\u00e4rdet ska f\u00f6ras till den fria \u00f6verkursfonden. <\/span><\/span><\/p>\n<p style=\"margin-bottom: 11px;\"><span style=\"font-size: 11pt;\"><span style=\"font-family: arial,helvetica,sans-serif;\">De fullst\u00e4ndiga villkoren f\u00f6r teckningsoptionerna av serie TO 1 och TO 2 kommer att tillg\u00e4ngligg\u00f6ras inf\u00f6r st\u00e4mman i enlighet med vad som anges under rubriken \u201d <em>Handlingar<\/em>\u201d nedan. <\/span><\/span><\/p>\n<p style=\"margin-bottom: 11px;\"><span style=\"font-size: 11pt;\"><span style=\"font-family: arial,helvetica,sans-serif;\">Styrelsen eller den styrelsen utser bemyndigas att vidta de mindre justeringar i detta beslut som kan komma att vara n\u00f6dv\u00e4ndiga i samband med registrering hos Bolagsverket eller Euroclear Sweden AB. <\/span><\/span><\/p>\n<p style=\"margin-bottom: 11px;\"><span style=\"font-size: 11pt;\"><span style=\"font-family: arial,helvetica,sans-serif;\">F\u00f6r giltigt beslut om F\u00f6retr\u00e4desemissionen enligt denna punkt 7 kr\u00e4vs att f\u00f6rslaget bitr\u00e4ds av aktie\u00e4gare representerande mer \u00e4n h\u00e4lften av de avgivna r\u00f6sterna. <\/span><\/span><\/p>\n<p style=\"margin-bottom: 11px;\"><span style=\"font-size: 11pt;\"><span style=\"font-family: arial,helvetica,sans-serif;\"><strong>Antal aktier och r\u00f6ster <\/strong><\/span><\/span><\/p>\n<p style=\"margin-bottom: 11px;\"><span style=\"font-size: 11pt;\"><span style=\"font-family: arial,helvetica,sans-serif;\">Antalet aktier i bolaget uppg\u00e5r per dagen f\u00f6r utf\u00e4rdande av denna kallelse till totalt 3 823 258, varav 322 503 \u00e4r A-aktier och 3 500 755 \u00e4r B-aktier och det totala antalet r\u00f6ster uppg\u00e5r till 6 725 785. Bolaget innehar inga egna aktier vid tidpunkten f\u00f6r utf\u00e4rdandet av kallelsen. <\/span><\/span><\/p>\n<p style=\"margin-bottom: 11px;\"><span style=\"font-size: 11pt;\"><span style=\"font-family: arial,helvetica,sans-serif;\"><strong>Aktie\u00e4gares r\u00e4tt att beg\u00e4ra upplysningar <\/strong><\/span><\/span><\/p>\n<p style=\"margin-bottom: 11px;\"><span style=\"font-size: 11pt;\"><span style=\"font-family: arial,helvetica,sans-serif;\">Styrelsen och den verkst\u00e4llande direkt\u00f6ren ska, om n\u00e5gon aktie\u00e4gare beg\u00e4r det och styrelsen anser att det kan ske utan v\u00e4sentlig skada f\u00f6r bolaget, l\u00e4mna upplysningar om f\u00f6rh\u00e5llanden som kan inverka p\u00e5 bed\u00f6mningen av ett \u00e4rende p\u00e5 dagordningen. Upplysningsplikten avser \u00e4ven bolagets f\u00f6rh\u00e5llande till annat koncernf\u00f6retag, koncernredovisningen och s\u00e5dana f\u00f6rh\u00e5llanden betr\u00e4ffande dotterf\u00f6retag som avses i f\u00f6reg\u00e5ende mening. Beg\u00e4ran om s\u00e5dana upplysningar kan p\u00e5 f\u00f6rhand s\u00e4ndas per post till Absolicon Solar Collector AB, Fiskaregatan 11, 87133 H\u00e4rn\u00f6sand eller per e-post till info@absolicon.com. <\/span><\/span><\/p>\n<p style=\"margin-bottom: 11px;\"><span style=\"font-size: 11pt;\"><span style=\"font-family: arial,helvetica,sans-serif;\"><strong>Handlingar <\/strong><\/span><\/span><\/p>\n<p style=\"margin-bottom: 11px;\"><span style=\"font-size: 11pt;\"><span style=\"font-family: arial,helvetica,sans-serif;\">Fullst\u00e4ndiga f\u00f6rslag till beslut och \u00f6vriga handlingar som ska tillhandah\u00e5llas inf\u00f6r st\u00e4mman enligt aktiebolagslagen kommer att h\u00e5llas tillg\u00e4ngliga hos bolaget och p\u00e5 bolagets webbplats (www.agma.com) senast tv\u00e5 veckor f\u00f6re st\u00e4mman. Handlingarna kommer \u00e4ven att skickas till de aktie\u00e4gare som beg\u00e4r det och uppger sin postadress. En s\u00e5dan beg\u00e4ran kan skickas till Absolicon Solar Collector AB, Fiskaregatan 11, 871 33 H\u00e4rn\u00f6sand eller via e-post till info@absolicon.com. <\/span><\/span><\/p>\n<p style=\"margin-bottom: 11px;\"><span style=\"font-size: 11pt;\"><span style=\"font-family: arial,helvetica,sans-serif;\">_____________________________ <\/span><\/span><\/p>\n<p style=\"margin-bottom: 11px;\"><span style=\"font-size: 11pt;\"><span style=\"font-family: arial,helvetica,sans-serif;\">H\u00e4rn\u00f6sand i november 2023 <\/span><\/span><\/p>\n<p style=\"margin-bottom: 11px;\"><span style=\"font-size: 11pt;\"><span style=\"font-family: arial,helvetica,sans-serif;\"><strong>Absolicon Solar Collector AB (publ) <\/strong><\/span><\/span><\/p>\n<p style=\"margin-bottom: 11px;\"><span style=\"font-size: 11pt;\"><span style=\"font-family: arial,helvetica,sans-serif;\"><em>Styrelsen<\/em><\/span><\/span><\/p>\n<p><a href=\"https:\/\/www.agma.com\/sv\/extra-bolagsstamma-22-november-2023\/\"><span style=\"font-size: 11pt;\"><span style=\"font-family: arial,helvetica,sans-serif;\"><strong>Extrast\u00e4mma i Absolicon 22 november 2023<\/strong><\/span><\/span><\/a><\/p>\n\n\n<p><\/p>\n","protected":false},"excerpt":{"rendered":"<p>Extrast\u00e4mma i Absolicon 22 november 2023 R\u00e4tt att deltaga Aktie\u00e4gare som vill deltaga p\u00e5 bolagsst\u00e4mman ska vara inf\u00f6rd som aktie\u00e4gare i den av Euroclear Sweden AB (\u201cEuroclear\u201d) f\u00f6rda aktieboken tisdagen den 14 november 2023 eller, om aktierna \u00e4r f\u00f6rvaltarregistrerade, beg\u00e4ra att f\u00f6rvaltaren r\u00f6str\u00e4ttsregistrerar aktierna i s\u00e5dan tid att registreringen \u00e4r verkst\u00e4lld senast torsdagen den 16 [&hellip;]<\/p>\n","protected":false},"author":1,"featured_media":0,"comment_status":"open","ping_status":"open","sticky":false,"template":"","format":"standard","meta":{"_acf_changed":false,"footnotes":""},"categories":[23],"tags":[],"class_list":["post-15558","post","type-post","status-publish","format-standard","hentry","category-pressrelease"],"acf":[],"yoast_head":"<!-- This site is optimized with the Yoast SEO plugin v27.4 - https:\/\/yoast.com\/product\/yoast-seo-wordpress\/ -->\n<title>Kallelse till extra bolagsst\u00e4mma i Absolicon Solar Collector AB (publ) - Absolicon<\/title>\n<meta name=\"robots\" content=\"index, follow, max-snippet:-1, max-image-preview:large, max-video-preview:-1\" \/>\n<link rel=\"canonical\" href=\"https:\/\/www.agma.com\/sv\/kallelse-till-extra-bolagsstamma-i-absolicon-solar-collector-ab-publ\/\" \/>\n<meta property=\"og:locale\" content=\"sv_SE\" \/>\n<meta property=\"og:type\" content=\"article\" \/>\n<meta property=\"og:title\" content=\"Kallelse till extra bolagsst\u00e4mma i Absolicon Solar Collector AB (publ) - Absolicon\" \/>\n<meta property=\"og:description\" content=\"Extrast\u00e4mma i Absolicon 22 november 2023 R\u00e4tt att deltaga Aktie\u00e4gare som vill deltaga p\u00e5 bolagsst\u00e4mman ska vara inf\u00f6rd som aktie\u00e4gare i den av Euroclear Sweden AB (\u201cEuroclear\u201d) f\u00f6rda aktieboken tisdagen den 14 november 2023 eller, om aktierna \u00e4r f\u00f6rvaltarregistrerade, beg\u00e4ra att f\u00f6rvaltaren r\u00f6str\u00e4ttsregistrerar aktierna i s\u00e5dan tid att registreringen \u00e4r verkst\u00e4lld senast torsdagen den 16 [&hellip;]\" \/>\n<meta property=\"og:url\" content=\"https:\/\/www.agma.com\/sv\/kallelse-till-extra-bolagsstamma-i-absolicon-solar-collector-ab-publ\/\" \/>\n<meta property=\"og:site_name\" content=\"Absolicon\" \/>\n<meta property=\"article:published_time\" content=\"2023-11-08T07:00:00+00:00\" \/>\n<meta property=\"article:modified_time\" content=\"2023-11-08T09:52:37+00:00\" \/>\n<meta name=\"author\" content=\"jakubschenk\" \/>\n<meta name=\"twitter:card\" content=\"summary_large_image\" \/>\n<meta name=\"twitter:label1\" content=\"Skriven av\" \/>\n\t<meta name=\"twitter:data1\" content=\"jakubschenk\" \/>\n<script type=\"application\/ld+json\" class=\"yoast-schema-graph\">{\"@context\":\"https:\\\/\\\/schema.org\",\"@graph\":[{\"@type\":\"Article\",\"@id\":\"https:\\\/\\\/www.agma.com\\\/sv\\\/kallelse-till-extra-bolagsstamma-i-absolicon-solar-collector-ab-publ\\\/#article\",\"isPartOf\":{\"@id\":\"https:\\\/\\\/www.agma.com\\\/sv\\\/kallelse-till-extra-bolagsstamma-i-absolicon-solar-collector-ab-publ\\\/\"},\"author\":{\"name\":\"jakubschenk\",\"@id\":\"https:\\\/\\\/www.agma.com\\\/sv\\\/#\\\/schema\\\/person\\\/6820b3ce1cc37edbaecc979090760d8b\"},\"headline\":\"Kallelse till extra bolagsst\u00e4mma i Absolicon Solar Collector AB (publ)\",\"datePublished\":\"2023-11-08T07:00:00+00:00\",\"dateModified\":\"2023-11-08T09:52:37+00:00\",\"mainEntityOfPage\":{\"@id\":\"https:\\\/\\\/www.agma.com\\\/sv\\\/kallelse-till-extra-bolagsstamma-i-absolicon-solar-collector-ab-publ\\\/\"},\"wordCount\":1800,\"commentCount\":0,\"publisher\":{\"@id\":\"https:\\\/\\\/www.agma.com\\\/sv\\\/#organization\"},\"articleSection\":[\"Pressrelease\"],\"inLanguage\":\"sv-SE\",\"potentialAction\":[{\"@type\":\"CommentAction\",\"name\":\"Comment\",\"target\":[\"https:\\\/\\\/www.agma.com\\\/sv\\\/kallelse-till-extra-bolagsstamma-i-absolicon-solar-collector-ab-publ\\\/#respond\"]}]},{\"@type\":\"WebPage\",\"@id\":\"https:\\\/\\\/www.agma.com\\\/sv\\\/kallelse-till-extra-bolagsstamma-i-absolicon-solar-collector-ab-publ\\\/\",\"url\":\"https:\\\/\\\/www.agma.com\\\/sv\\\/kallelse-till-extra-bolagsstamma-i-absolicon-solar-collector-ab-publ\\\/\",\"name\":\"Kallelse till extra bolagsst\u00e4mma i Absolicon Solar Collector AB (publ) - Absolicon\",\"isPartOf\":{\"@id\":\"https:\\\/\\\/www.agma.com\\\/sv\\\/#website\"},\"datePublished\":\"2023-11-08T07:00:00+00:00\",\"dateModified\":\"2023-11-08T09:52:37+00:00\",\"breadcrumb\":{\"@id\":\"https:\\\/\\\/www.agma.com\\\/sv\\\/kallelse-till-extra-bolagsstamma-i-absolicon-solar-collector-ab-publ\\\/#breadcrumb\"},\"inLanguage\":\"sv-SE\",\"potentialAction\":[{\"@type\":\"ReadAction\",\"target\":[\"https:\\\/\\\/www.agma.com\\\/sv\\\/kallelse-till-extra-bolagsstamma-i-absolicon-solar-collector-ab-publ\\\/\"]}]},{\"@type\":\"BreadcrumbList\",\"@id\":\"https:\\\/\\\/www.agma.com\\\/sv\\\/kallelse-till-extra-bolagsstamma-i-absolicon-solar-collector-ab-publ\\\/#breadcrumb\",\"itemListElement\":[{\"@type\":\"ListItem\",\"position\":1,\"name\":\"Home\",\"item\":\"https:\\\/\\\/www.agma.com\\\/sv\\\/\"},{\"@type\":\"ListItem\",\"position\":2,\"name\":\"Kallelse till extra bolagsst\u00e4mma i Absolicon Solar Collector AB (publ)\"}]},{\"@type\":\"WebSite\",\"@id\":\"https:\\\/\\\/www.agma.com\\\/sv\\\/#website\",\"url\":\"https:\\\/\\\/www.agma.com\\\/sv\\\/\",\"name\":\"Absolicon\",\"description\":\"\",\"publisher\":{\"@id\":\"https:\\\/\\\/www.agma.com\\\/sv\\\/#organization\"},\"potentialAction\":[{\"@type\":\"SearchAction\",\"target\":{\"@type\":\"EntryPoint\",\"urlTemplate\":\"https:\\\/\\\/www.agma.com\\\/sv\\\/?s={search_term_string}\"},\"query-input\":{\"@type\":\"PropertyValueSpecification\",\"valueRequired\":true,\"valueName\":\"search_term_string\"}}],\"inLanguage\":\"sv-SE\"},{\"@type\":\"Organization\",\"@id\":\"https:\\\/\\\/www.agma.com\\\/sv\\\/#organization\",\"name\":\"Absolicon\",\"url\":\"https:\\\/\\\/www.agma.com\\\/sv\\\/\",\"logo\":{\"@type\":\"ImageObject\",\"inLanguage\":\"sv-SE\",\"@id\":\"https:\\\/\\\/www.agma.com\\\/sv\\\/#\\\/schema\\\/logo\\\/image\\\/\",\"url\":\"https:\\\/\\\/www.agma.com\\\/wp-content\\\/uploads\\\/2026\\\/04\\\/logotype_neg_blk.svg\",\"contentUrl\":\"https:\\\/\\\/www.agma.com\\\/wp-content\\\/uploads\\\/2026\\\/04\\\/logotype_neg_blk.svg\",\"width\":705,\"height\":83,\"caption\":\"Absolicon\"},\"image\":{\"@id\":\"https:\\\/\\\/www.agma.com\\\/sv\\\/#\\\/schema\\\/logo\\\/image\\\/\"}},{\"@type\":\"Person\",\"@id\":\"https:\\\/\\\/www.agma.com\\\/sv\\\/#\\\/schema\\\/person\\\/6820b3ce1cc37edbaecc979090760d8b\",\"name\":\"jakubschenk\",\"image\":{\"@type\":\"ImageObject\",\"inLanguage\":\"sv-SE\",\"@id\":\"https:\\\/\\\/secure.gravatar.com\\\/avatar\\\/0ab843002d4a58702560e02354e5f9a3206e13bbfaa9df5a188e463870f605cd?s=96&d=mm&r=g\",\"url\":\"https:\\\/\\\/secure.gravatar.com\\\/avatar\\\/0ab843002d4a58702560e02354e5f9a3206e13bbfaa9df5a188e463870f605cd?s=96&d=mm&r=g\",\"contentUrl\":\"https:\\\/\\\/secure.gravatar.com\\\/avatar\\\/0ab843002d4a58702560e02354e5f9a3206e13bbfaa9df5a188e463870f605cd?s=96&d=mm&r=g\",\"caption\":\"jakubschenk\"},\"sameAs\":[\"https:\\\/\\\/www.agma.com\"],\"url\":\"https:\\\/\\\/www.agma.com\\\/sv\\\/author\\\/jakubschenk\\\/\"}]}<\/script>\n<!-- \/ Yoast SEO plugin. -->","yoast_head_json":{"title":"Kallelse till extra bolagsst\u00e4mma i Absolicon Solar Collector AB (publ) - Absolicon","robots":{"index":"index","follow":"follow","max-snippet":"max-snippet:-1","max-image-preview":"max-image-preview:large","max-video-preview":"max-video-preview:-1"},"canonical":"https:\/\/www.agma.com\/sv\/kallelse-till-extra-bolagsstamma-i-absolicon-solar-collector-ab-publ\/","og_locale":"sv_SE","og_type":"article","og_title":"Kallelse till extra bolagsst\u00e4mma i Absolicon Solar Collector AB (publ) - Absolicon","og_description":"Extrast\u00e4mma i Absolicon 22 november 2023 R\u00e4tt att deltaga Aktie\u00e4gare som vill deltaga p\u00e5 bolagsst\u00e4mman ska vara inf\u00f6rd som aktie\u00e4gare i den av Euroclear Sweden AB (\u201cEuroclear\u201d) f\u00f6rda aktieboken tisdagen den 14 november 2023 eller, om aktierna \u00e4r f\u00f6rvaltarregistrerade, beg\u00e4ra att f\u00f6rvaltaren r\u00f6str\u00e4ttsregistrerar aktierna i s\u00e5dan tid att registreringen \u00e4r verkst\u00e4lld senast torsdagen den 16 [&hellip;]","og_url":"https:\/\/www.agma.com\/sv\/kallelse-till-extra-bolagsstamma-i-absolicon-solar-collector-ab-publ\/","og_site_name":"Absolicon","article_published_time":"2023-11-08T07:00:00+00:00","article_modified_time":"2023-11-08T09:52:37+00:00","author":"jakubschenk","twitter_card":"summary_large_image","twitter_misc":{"Skriven av":"jakubschenk"},"schema":{"@context":"https:\/\/schema.org","@graph":[{"@type":"Article","@id":"https:\/\/www.agma.com\/sv\/kallelse-till-extra-bolagsstamma-i-absolicon-solar-collector-ab-publ\/#article","isPartOf":{"@id":"https:\/\/www.agma.com\/sv\/kallelse-till-extra-bolagsstamma-i-absolicon-solar-collector-ab-publ\/"},"author":{"name":"jakubschenk","@id":"https:\/\/www.agma.com\/sv\/#\/schema\/person\/6820b3ce1cc37edbaecc979090760d8b"},"headline":"Kallelse till extra bolagsst\u00e4mma i Absolicon Solar Collector AB (publ)","datePublished":"2023-11-08T07:00:00+00:00","dateModified":"2023-11-08T09:52:37+00:00","mainEntityOfPage":{"@id":"https:\/\/www.agma.com\/sv\/kallelse-till-extra-bolagsstamma-i-absolicon-solar-collector-ab-publ\/"},"wordCount":1800,"commentCount":0,"publisher":{"@id":"https:\/\/www.agma.com\/sv\/#organization"},"articleSection":["Pressrelease"],"inLanguage":"sv-SE","potentialAction":[{"@type":"CommentAction","name":"Comment","target":["https:\/\/www.agma.com\/sv\/kallelse-till-extra-bolagsstamma-i-absolicon-solar-collector-ab-publ\/#respond"]}]},{"@type":"WebPage","@id":"https:\/\/www.agma.com\/sv\/kallelse-till-extra-bolagsstamma-i-absolicon-solar-collector-ab-publ\/","url":"https:\/\/www.agma.com\/sv\/kallelse-till-extra-bolagsstamma-i-absolicon-solar-collector-ab-publ\/","name":"Kallelse till extra bolagsst\u00e4mma i Absolicon Solar Collector AB (publ) - Absolicon","isPartOf":{"@id":"https:\/\/www.agma.com\/sv\/#website"},"datePublished":"2023-11-08T07:00:00+00:00","dateModified":"2023-11-08T09:52:37+00:00","breadcrumb":{"@id":"https:\/\/www.agma.com\/sv\/kallelse-till-extra-bolagsstamma-i-absolicon-solar-collector-ab-publ\/#breadcrumb"},"inLanguage":"sv-SE","potentialAction":[{"@type":"ReadAction","target":["https:\/\/www.agma.com\/sv\/kallelse-till-extra-bolagsstamma-i-absolicon-solar-collector-ab-publ\/"]}]},{"@type":"BreadcrumbList","@id":"https:\/\/www.agma.com\/sv\/kallelse-till-extra-bolagsstamma-i-absolicon-solar-collector-ab-publ\/#breadcrumb","itemListElement":[{"@type":"ListItem","position":1,"name":"Home","item":"https:\/\/www.agma.com\/sv\/"},{"@type":"ListItem","position":2,"name":"Kallelse till extra bolagsst\u00e4mma i Absolicon Solar Collector AB (publ)"}]},{"@type":"WebSite","@id":"https:\/\/www.agma.com\/sv\/#website","url":"https:\/\/www.agma.com\/sv\/","name":"Absolicon","description":"","publisher":{"@id":"https:\/\/www.agma.com\/sv\/#organization"},"potentialAction":[{"@type":"SearchAction","target":{"@type":"EntryPoint","urlTemplate":"https:\/\/www.agma.com\/sv\/?s={search_term_string}"},"query-input":{"@type":"PropertyValueSpecification","valueRequired":true,"valueName":"search_term_string"}}],"inLanguage":"sv-SE"},{"@type":"Organization","@id":"https:\/\/www.agma.com\/sv\/#organization","name":"Absolicon","url":"https:\/\/www.agma.com\/sv\/","logo":{"@type":"ImageObject","inLanguage":"sv-SE","@id":"https:\/\/www.agma.com\/sv\/#\/schema\/logo\/image\/","url":"https:\/\/www.agma.com\/wp-content\/uploads\/2026\/04\/logotype_neg_blk.svg","contentUrl":"https:\/\/www.agma.com\/wp-content\/uploads\/2026\/04\/logotype_neg_blk.svg","width":705,"height":83,"caption":"Absolicon"},"image":{"@id":"https:\/\/www.agma.com\/sv\/#\/schema\/logo\/image\/"}},{"@type":"Person","@id":"https:\/\/www.agma.com\/sv\/#\/schema\/person\/6820b3ce1cc37edbaecc979090760d8b","name":"jakubschenk","image":{"@type":"ImageObject","inLanguage":"sv-SE","@id":"https:\/\/secure.gravatar.com\/avatar\/0ab843002d4a58702560e02354e5f9a3206e13bbfaa9df5a188e463870f605cd?s=96&d=mm&r=g","url":"https:\/\/secure.gravatar.com\/avatar\/0ab843002d4a58702560e02354e5f9a3206e13bbfaa9df5a188e463870f605cd?s=96&d=mm&r=g","contentUrl":"https:\/\/secure.gravatar.com\/avatar\/0ab843002d4a58702560e02354e5f9a3206e13bbfaa9df5a188e463870f605cd?s=96&d=mm&r=g","caption":"jakubschenk"},"sameAs":["https:\/\/www.agma.com"],"url":"https:\/\/www.agma.com\/sv\/author\/jakubschenk\/"}]}},"_links":{"self":[{"href":"https:\/\/www.agma.com\/sv\/wp-json\/wp\/v2\/posts\/15558","targetHints":{"allow":["GET"]}}],"collection":[{"href":"https:\/\/www.agma.com\/sv\/wp-json\/wp\/v2\/posts"}],"about":[{"href":"https:\/\/www.agma.com\/sv\/wp-json\/wp\/v2\/types\/post"}],"author":[{"embeddable":true,"href":"https:\/\/www.agma.com\/sv\/wp-json\/wp\/v2\/users\/1"}],"replies":[{"embeddable":true,"href":"https:\/\/www.agma.com\/sv\/wp-json\/wp\/v2\/comments?post=15558"}],"version-history":[{"count":1,"href":"https:\/\/www.agma.com\/sv\/wp-json\/wp\/v2\/posts\/15558\/revisions"}],"predecessor-version":[{"id":15561,"href":"https:\/\/www.agma.com\/sv\/wp-json\/wp\/v2\/posts\/15558\/revisions\/15561"}],"wp:attachment":[{"href":"https:\/\/www.agma.com\/sv\/wp-json\/wp\/v2\/media?parent=15558"}],"wp:term":[{"taxonomy":"category","embeddable":true,"href":"https:\/\/www.agma.com\/sv\/wp-json\/wp\/v2\/categories?post=15558"},{"taxonomy":"post_tag","embeddable":true,"href":"https:\/\/www.agma.com\/sv\/wp-json\/wp\/v2\/tags?post=15558"}],"curies":[{"name":"wp","href":"https:\/\/api.w.org\/{rel}","templated":true}]}}