{"id":15666,"date":"2023-11-22T22:09:23","date_gmt":"2023-11-22T22:09:23","guid":{"rendered":"https:\/\/www.absolicon.com\/kommunike-fran-extra-bolagsstamma-i-absolicon-solar-collector-ab\/"},"modified":"2023-11-22T22:09:23","modified_gmt":"2023-11-22T22:09:23","slug":"kommunike-fran-extra-bolagsstamma-i-absolicon-solar-collector-ab","status":"publish","type":"post","link":"https:\/\/www.agma.com\/sv\/kommunike-fran-extra-bolagsstamma-i-absolicon-solar-collector-ab\/","title":{"rendered":"Kommunik\u00e9 fr\u00e5n extra bolagsst\u00e4mma i Absolicon Solar Collector AB"},"content":{"rendered":"<h2 style=\"margin-top:11px\"><span><span style=\"font-size:11pt\"><span style=\"font-family:arial,helvetica,sans-serif\"><span style=\"color:#002060\"><span style=\"font-size:10pt\"><span style=\"font-family:arial,helvetica,sans-serif\">Beslut om godk\u00e4nnande av styrelsens beslut om nyemission av aktier av serie B och teckningsoptioner (Units) med f\u00f6retr\u00e4desr\u00e4tt f\u00f6r aktie\u00e4garna.&nbsp; <\/span><\/span><\/span><\/span><\/span><\/span><\/h2>\n<p style=\"margin-top:12px\"><span><span style=\"font-size:10pt\"><span style=\"font-family:arial,helvetica,sans-serif\">Den extra bolagsst\u00e4mman beslutade om att godk\u00e4nna styrelsens beslut av den 3 november 2023 om nyemission av aktier av serie B och teckningsoptioner (s.k. units) med f\u00f6retr\u00e4desr\u00e4tt f\u00f6r befintliga aktie\u00e4gare enligt nedanst\u00e5ende villkor. Varje Unit best\u00e5r av tolv (12) nya aktier av serie B, tv\u00e5 (2) teckningsoptioner av serie TO 1B samt tv\u00e5 (2) teckningsoptioner av serie TO 2B, vilket inneb\u00e4r att h\u00f6gst 3 058 596 aktier av serie B och h\u00f6gst 509 766 teckningsoptioner av serie TO 1B respektive h\u00f6gst 509&nbsp;766 teckningsoptioner av serie TO 2B kan komma att ges ut.<\/span><\/span><\/span><\/p>\n<p><span><span style=\"font-size:10pt\"><span style=\"font-family:arial,helvetica,sans-serif\">Beslutet inneb\u00e4r att bolagets aktiekapital kan \u00f6ka med h\u00f6gst 4 078 128 kronor (varav h\u00f6gst 3 058 596 kronor \u00e4r h\u00e4nf\u00f6rligt till \u00f6kning p\u00e5 grund av nyemission av aktier av serie B, och h\u00f6gst 509&nbsp;766 kronor \u00e4r h\u00e4nf\u00f6rligt till \u00f6kning p\u00e5 grund av emission av teckningsoptioner av serie TO 1B respektive h\u00f6gst 509&nbsp;766 \u00e4r h\u00e4nf\u00f6rligt till \u00f6kning p\u00e5 grund av emission av teckningsoptioner av serie TO 2B. <\/span><\/span><\/span><\/p>\n<ul>\n<li style=\"margin-left: 8px;font-size: 10pt;font-family:arial,helvetica,sans-serif\"><span><span style=\"font-size:10pt\"><span style=\"font-family:arial,helvetica,sans-serif\"><span style=\"font-family:arial,helvetica,sans-serif\">R\u00e4tt att teckna Units ska med f\u00f6retr\u00e4desr\u00e4tt tillkomma de som p\u00e5 avst\u00e4mningsdagen onsdagen den 29 november 2023 \u00e4r registrerade som aktie\u00e4gare i den av Euroclear Sweden AB f\u00f6rda aktieboken. Varje aktie\u00e4gare \u00e4ger f\u00f6retr\u00e4desr\u00e4tt att teckna Units i f\u00f6rh\u00e5llande till det antal aktier, oavsett serie, innehavaren f\u00f6rut \u00e4ger.<\/span><\/span><\/span><\/span><br \/>\n\t&nbsp;<\/li>\n<li style=\"margin-left: 8px;font-size: 10pt;font-family:arial,helvetica,sans-serif\"><span><span style=\"font-size:10pt\"><span style=\"font-family:arial,helvetica,sans-serif\"><span style=\"font-family:arial,helvetica,sans-serif\">En (1) befintlig aktie, oavsett serie, ber\u00e4ttigar till en (1) unitr\u00e4tt. Femton (15) unitr\u00e4tter ger r\u00e4tt att teckna en (1) Unit.<\/span><\/span><\/span><\/span><br \/>\n\t&nbsp;<\/li>\n<li style=\"margin-left: 8px;font-size: 10pt;font-family:arial,helvetica,sans-serif\"><span><span style=\"font-size:10pt\"><span style=\"font-family:arial,helvetica,sans-serif\"><span style=\"font-family:arial,helvetica,sans-serif\">Teckning kan enbart ske i Units och s\u00e5ledes inte av aktier och\/eller teckningsoptioner var f\u00f6r sig. Tilldelning f\u00e5r enbart ske i Units. Efter F\u00f6retr\u00e4desemissionens genomf\u00f6rande kommer dock aktierna och teckningsoptionerna att skiljas \u00e5t.<\/span><\/span><\/span><\/span><br \/>\n\t&nbsp;<\/li>\n<li style=\"margin-left: 8px;font-size: 10pt;font-family:arial,helvetica,sans-serif\"><span><span style=\"font-size:10pt\"><span style=\"font-family:arial,helvetica,sans-serif\"><span style=\"font-family:arial,helvetica,sans-serif\">Teckningskursen per Unit \u00e4r 180 kronor, motsvarande en teckningskurs om 15 kronor per aktie. Teckningsoptionerna ges ut vederlagsfritt.<\/span><\/span><\/span><\/span><br \/>\n\t&nbsp;<\/li>\n<li style=\"margin-left: 8px;font-size: 10pt;font-family:arial,helvetica,sans-serif\"><span><span style=\"font-size:10pt\"><span style=\"font-family:arial,helvetica,sans-serif\"><span style=\"font-family:arial,helvetica,sans-serif\">Teckning av Units med st\u00f6d av unitr\u00e4tter ska ske genom kontant betalning under tiden fr\u00e5n och med den 1 december 2023 till och med den 15 december 2023. Styrelsen ska ha r\u00e4tt att f\u00f6rl\u00e4nga tiden f\u00f6r teckning och betalning.<\/span><\/span><\/span><\/span><br \/>\n\t&nbsp;<\/li>\n<li style=\"margin-left: 8px;font-size: 10pt;font-family:arial,helvetica,sans-serif\"><span><span style=\"font-size:10pt\"><span style=\"font-family:arial,helvetica,sans-serif\"><span style=\"font-family:arial,helvetica,sans-serif\">Teckning av Units utan st\u00f6d av unitr\u00e4tter ska ske under den tid som anges ovan. Teckning ska i s\u00e5dana fall ske p\u00e5 s\u00e4rskild teckningslista. Betalning f\u00f6r Units som tecknats utan st\u00f6d av unitr\u00e4tter ska erl\u00e4ggas kontant senast tre (3) bankdagar efter avs\u00e4ndande av avr\u00e4kningsnota som utvisar besked om tilldelning av Units.<\/span><\/span><\/span><\/span><br \/>\n\t&nbsp;<\/li>\n<li style=\"margin-left: 8px;font-size: 10pt;font-family:arial,helvetica,sans-serif\"><span><span style=\"font-size:10pt\"><span style=\"font-family:arial,helvetica,sans-serif\"><span style=\"font-family:arial,helvetica,sans-serif\">Teckning av aktier med st\u00f6d av teckningsoptioner av serie TO 1B kan \u00e4ga rum under perioden fr\u00e5n och med den 2 december 2024 till och med den 16 december 2024. Teckning av aktier med st\u00f6d av teckningsoptioner av serie TO 2B kan \u00e4ga rum under perioden fr\u00e5n och med den 30 november 2026 till och med den 15 december 2026.<\/span><\/span><\/span><\/span><br \/>\n\t&nbsp;<\/li>\n<li style=\"margin-left: 8px;font-size: 10pt;font-family:arial,helvetica,sans-serif\"><span><span style=\"font-size:10pt\"><span style=\"font-family:arial,helvetica,sans-serif\"><span style=\"font-family:arial,helvetica,sans-serif\">En (1) teckningsoption av serie TO 1B ber\u00e4ttigar innehavaren till teckning av en (1) ny aktie av serie B i bolaget och teckningskursen ska motsvara 70 procent av den volymviktade genomsnittliga betalkursen i bolagets aktie p\u00e5 Spotlight Stock Market under perioden fr\u00e5n och med 18 november 2024 till och med 29 november 2024, dock inte till en teckningskurs l\u00e4gre \u00e4n aktiernas kvotv\u00e4rde eller h\u00f6gre \u00e4n 30 kronor per aktie. En (1) teckningsoption av serie TO 2B ber\u00e4ttigar innehavaren till teckning av en (1) ny aktie av serie B i bolaget till en teckningskurs om 60 kronor per aktie.&nbsp;<\/span><\/span><\/span><\/span><br \/>\n\t&nbsp;<\/li>\n<li style=\"margin-left: 8px;font-size: 10pt;font-family:arial,helvetica,sans-serif\"><span><span style=\"font-size:10pt\"><span style=\"font-family:arial,helvetica,sans-serif\"><span style=\"font-family:arial,helvetica,sans-serif\">F\u00f6r teckningsoptionerna av serie TO 1B och TO 2B g\u00e4ller i \u00f6vrigt sedvanliga villkor f\u00f6r marknadsnoterade teckningsoptioner avseende bl.a. omr\u00e4kning.<\/span><\/span><\/span><\/span><\/li>\n<\/ul>\n<p><span style=\"font-family:arial,helvetica,sans-serif\"><span style=\"font-size:10pt\">Samtliga beslut p\u00e5 den extra bolagsst\u00e4mman fattades enh\u00e4lligt<\/span><\/span><\/p>\n<h2 style=\"margin-top:11px\"><span><span style=\"font-size:11pt\"><span style=\"font-family:arial,helvetica,sans-serif\"><span style=\"color:#002060\"><span style=\"font-family:arial,helvetica,sans-serif\">Ytterligare information fr\u00e5n den extra bolagsst\u00e4mman&nbsp; <\/span><\/span><\/span><\/span><\/span><\/h2>\n<p><span><span style=\"font-size:10pt\"><span style=\"font-family:arial,helvetica,sans-serif\">Fullst\u00e4ndiga f\u00f6rslag avseende st\u00e4mmans beslut enligt ovan, inklusive fullst\u00e4ndiga villkor f\u00f6r teckningsoptionerna av serie TO 1B och TO 2B, finns tillg\u00e4ngliga p\u00e5 bolagets hemsida www.agma.com.<\/span><\/span><\/span><\/p>\n","protected":false},"excerpt":{"rendered":"<p>Beslut om godk\u00e4nnande av styrelsens beslut om nyemission av aktier av serie B och teckningsoptioner (Units) med f\u00f6retr\u00e4desr\u00e4tt f\u00f6r aktie\u00e4garna.&nbsp; Den extra bolagsst\u00e4mman beslutade om att godk\u00e4nna styrelsens beslut av den 3 november 2023 om nyemission av aktier av serie B och teckningsoptioner (s.k. units) med f\u00f6retr\u00e4desr\u00e4tt f\u00f6r befintliga aktie\u00e4gare enligt nedanst\u00e5ende villkor. Varje Unit [&hellip;]<\/p>\n","protected":false},"author":1,"featured_media":0,"comment_status":"open","ping_status":"open","sticky":false,"template":"","format":"standard","meta":{"_acf_changed":false,"footnotes":""},"categories":[23],"tags":[],"class_list":["post-15666","post","type-post","status-publish","format-standard","hentry","category-pressrelease"],"acf":[],"yoast_head":"<!-- This site is optimized with the Yoast SEO plugin v27.4 - https:\/\/yoast.com\/product\/yoast-seo-wordpress\/ -->\n<title>Kommunik\u00e9 fr\u00e5n extra bolagsst\u00e4mma i Absolicon Solar Collector AB - Absolicon<\/title>\n<meta name=\"robots\" content=\"index, follow, max-snippet:-1, max-image-preview:large, max-video-preview:-1\" \/>\n<link rel=\"canonical\" href=\"https:\/\/www.agma.com\/sv\/kommunike-fran-extra-bolagsstamma-i-absolicon-solar-collector-ab\/\" \/>\n<meta property=\"og:locale\" content=\"sv_SE\" \/>\n<meta property=\"og:type\" content=\"article\" \/>\n<meta property=\"og:title\" content=\"Kommunik\u00e9 fr\u00e5n extra bolagsst\u00e4mma i Absolicon Solar Collector AB - Absolicon\" \/>\n<meta property=\"og:description\" content=\"Beslut om godk\u00e4nnande av styrelsens beslut om nyemission av aktier av serie B och teckningsoptioner (Units) med f\u00f6retr\u00e4desr\u00e4tt f\u00f6r aktie\u00e4garna.&nbsp; Den extra bolagsst\u00e4mman beslutade om att godk\u00e4nna styrelsens beslut av den 3 november 2023 om nyemission av aktier av serie B och teckningsoptioner (s.k. units) med f\u00f6retr\u00e4desr\u00e4tt f\u00f6r befintliga aktie\u00e4gare enligt nedanst\u00e5ende villkor. Varje Unit [&hellip;]\" \/>\n<meta property=\"og:url\" content=\"https:\/\/www.agma.com\/sv\/kommunike-fran-extra-bolagsstamma-i-absolicon-solar-collector-ab\/\" \/>\n<meta property=\"og:site_name\" content=\"Absolicon\" \/>\n<meta property=\"article:published_time\" content=\"2023-11-22T22:09:23+00:00\" \/>\n<meta name=\"author\" content=\"jakubschenk\" \/>\n<meta name=\"twitter:card\" content=\"summary_large_image\" \/>\n<meta name=\"twitter:label1\" content=\"Skriven av\" \/>\n\t<meta name=\"twitter:data1\" content=\"jakubschenk\" \/>\n<script type=\"application\/ld+json\" class=\"yoast-schema-graph\">{\"@context\":\"https:\\\/\\\/schema.org\",\"@graph\":[{\"@type\":\"Article\",\"@id\":\"https:\\\/\\\/www.agma.com\\\/sv\\\/kommunike-fran-extra-bolagsstamma-i-absolicon-solar-collector-ab\\\/#article\",\"isPartOf\":{\"@id\":\"https:\\\/\\\/www.agma.com\\\/sv\\\/kommunike-fran-extra-bolagsstamma-i-absolicon-solar-collector-ab\\\/\"},\"author\":{\"name\":\"jakubschenk\",\"@id\":\"https:\\\/\\\/www.agma.com\\\/sv\\\/#\\\/schema\\\/person\\\/6820b3ce1cc37edbaecc979090760d8b\"},\"headline\":\"Kommunik\u00e9 fr\u00e5n extra bolagsst\u00e4mma i Absolicon Solar Collector AB\",\"datePublished\":\"2023-11-22T22:09:23+00:00\",\"mainEntityOfPage\":{\"@id\":\"https:\\\/\\\/www.agma.com\\\/sv\\\/kommunike-fran-extra-bolagsstamma-i-absolicon-solar-collector-ab\\\/\"},\"wordCount\":679,\"commentCount\":0,\"publisher\":{\"@id\":\"https:\\\/\\\/www.agma.com\\\/sv\\\/#organization\"},\"articleSection\":[\"Pressrelease\"],\"inLanguage\":\"sv-SE\",\"potentialAction\":[{\"@type\":\"CommentAction\",\"name\":\"Comment\",\"target\":[\"https:\\\/\\\/www.agma.com\\\/sv\\\/kommunike-fran-extra-bolagsstamma-i-absolicon-solar-collector-ab\\\/#respond\"]}]},{\"@type\":\"WebPage\",\"@id\":\"https:\\\/\\\/www.agma.com\\\/sv\\\/kommunike-fran-extra-bolagsstamma-i-absolicon-solar-collector-ab\\\/\",\"url\":\"https:\\\/\\\/www.agma.com\\\/sv\\\/kommunike-fran-extra-bolagsstamma-i-absolicon-solar-collector-ab\\\/\",\"name\":\"Kommunik\u00e9 fr\u00e5n extra bolagsst\u00e4mma i Absolicon Solar Collector AB - Absolicon\",\"isPartOf\":{\"@id\":\"https:\\\/\\\/www.agma.com\\\/sv\\\/#website\"},\"datePublished\":\"2023-11-22T22:09:23+00:00\",\"breadcrumb\":{\"@id\":\"https:\\\/\\\/www.agma.com\\\/sv\\\/kommunike-fran-extra-bolagsstamma-i-absolicon-solar-collector-ab\\\/#breadcrumb\"},\"inLanguage\":\"sv-SE\",\"potentialAction\":[{\"@type\":\"ReadAction\",\"target\":[\"https:\\\/\\\/www.agma.com\\\/sv\\\/kommunike-fran-extra-bolagsstamma-i-absolicon-solar-collector-ab\\\/\"]}]},{\"@type\":\"BreadcrumbList\",\"@id\":\"https:\\\/\\\/www.agma.com\\\/sv\\\/kommunike-fran-extra-bolagsstamma-i-absolicon-solar-collector-ab\\\/#breadcrumb\",\"itemListElement\":[{\"@type\":\"ListItem\",\"position\":1,\"name\":\"Home\",\"item\":\"https:\\\/\\\/www.agma.com\\\/sv\\\/\"},{\"@type\":\"ListItem\",\"position\":2,\"name\":\"Kommunik\u00e9 fr\u00e5n extra bolagsst\u00e4mma i Absolicon Solar Collector AB\"}]},{\"@type\":\"WebSite\",\"@id\":\"https:\\\/\\\/www.agma.com\\\/sv\\\/#website\",\"url\":\"https:\\\/\\\/www.agma.com\\\/sv\\\/\",\"name\":\"Absolicon\",\"description\":\"\",\"publisher\":{\"@id\":\"https:\\\/\\\/www.agma.com\\\/sv\\\/#organization\"},\"potentialAction\":[{\"@type\":\"SearchAction\",\"target\":{\"@type\":\"EntryPoint\",\"urlTemplate\":\"https:\\\/\\\/www.agma.com\\\/sv\\\/?s={search_term_string}\"},\"query-input\":{\"@type\":\"PropertyValueSpecification\",\"valueRequired\":true,\"valueName\":\"search_term_string\"}}],\"inLanguage\":\"sv-SE\"},{\"@type\":\"Organization\",\"@id\":\"https:\\\/\\\/www.agma.com\\\/sv\\\/#organization\",\"name\":\"Absolicon\",\"url\":\"https:\\\/\\\/www.agma.com\\\/sv\\\/\",\"logo\":{\"@type\":\"ImageObject\",\"inLanguage\":\"sv-SE\",\"@id\":\"https:\\\/\\\/www.agma.com\\\/sv\\\/#\\\/schema\\\/logo\\\/image\\\/\",\"url\":\"https:\\\/\\\/www.agma.com\\\/wp-content\\\/uploads\\\/2026\\\/04\\\/logotype_neg_blk.svg\",\"contentUrl\":\"https:\\\/\\\/www.agma.com\\\/wp-content\\\/uploads\\\/2026\\\/04\\\/logotype_neg_blk.svg\",\"width\":705,\"height\":83,\"caption\":\"Absolicon\"},\"image\":{\"@id\":\"https:\\\/\\\/www.agma.com\\\/sv\\\/#\\\/schema\\\/logo\\\/image\\\/\"}},{\"@type\":\"Person\",\"@id\":\"https:\\\/\\\/www.agma.com\\\/sv\\\/#\\\/schema\\\/person\\\/6820b3ce1cc37edbaecc979090760d8b\",\"name\":\"jakubschenk\",\"image\":{\"@type\":\"ImageObject\",\"inLanguage\":\"sv-SE\",\"@id\":\"https:\\\/\\\/secure.gravatar.com\\\/avatar\\\/0ab843002d4a58702560e02354e5f9a3206e13bbfaa9df5a188e463870f605cd?s=96&d=mm&r=g\",\"url\":\"https:\\\/\\\/secure.gravatar.com\\\/avatar\\\/0ab843002d4a58702560e02354e5f9a3206e13bbfaa9df5a188e463870f605cd?s=96&d=mm&r=g\",\"contentUrl\":\"https:\\\/\\\/secure.gravatar.com\\\/avatar\\\/0ab843002d4a58702560e02354e5f9a3206e13bbfaa9df5a188e463870f605cd?s=96&d=mm&r=g\",\"caption\":\"jakubschenk\"},\"sameAs\":[\"https:\\\/\\\/www.agma.com\"],\"url\":\"https:\\\/\\\/www.agma.com\\\/sv\\\/author\\\/jakubschenk\\\/\"}]}<\/script>\n<!-- \/ Yoast SEO plugin. -->","yoast_head_json":{"title":"Kommunik\u00e9 fr\u00e5n extra bolagsst\u00e4mma i Absolicon Solar Collector AB - Absolicon","robots":{"index":"index","follow":"follow","max-snippet":"max-snippet:-1","max-image-preview":"max-image-preview:large","max-video-preview":"max-video-preview:-1"},"canonical":"https:\/\/www.agma.com\/sv\/kommunike-fran-extra-bolagsstamma-i-absolicon-solar-collector-ab\/","og_locale":"sv_SE","og_type":"article","og_title":"Kommunik\u00e9 fr\u00e5n extra bolagsst\u00e4mma i Absolicon Solar Collector AB - Absolicon","og_description":"Beslut om godk\u00e4nnande av styrelsens beslut om nyemission av aktier av serie B och teckningsoptioner (Units) med f\u00f6retr\u00e4desr\u00e4tt f\u00f6r aktie\u00e4garna.&nbsp; Den extra bolagsst\u00e4mman beslutade om att godk\u00e4nna styrelsens beslut av den 3 november 2023 om nyemission av aktier av serie B och teckningsoptioner (s.k. units) med f\u00f6retr\u00e4desr\u00e4tt f\u00f6r befintliga aktie\u00e4gare enligt nedanst\u00e5ende villkor. Varje Unit [&hellip;]","og_url":"https:\/\/www.agma.com\/sv\/kommunike-fran-extra-bolagsstamma-i-absolicon-solar-collector-ab\/","og_site_name":"Absolicon","article_published_time":"2023-11-22T22:09:23+00:00","author":"jakubschenk","twitter_card":"summary_large_image","twitter_misc":{"Skriven av":"jakubschenk"},"schema":{"@context":"https:\/\/schema.org","@graph":[{"@type":"Article","@id":"https:\/\/www.agma.com\/sv\/kommunike-fran-extra-bolagsstamma-i-absolicon-solar-collector-ab\/#article","isPartOf":{"@id":"https:\/\/www.agma.com\/sv\/kommunike-fran-extra-bolagsstamma-i-absolicon-solar-collector-ab\/"},"author":{"name":"jakubschenk","@id":"https:\/\/www.agma.com\/sv\/#\/schema\/person\/6820b3ce1cc37edbaecc979090760d8b"},"headline":"Kommunik\u00e9 fr\u00e5n extra bolagsst\u00e4mma i Absolicon Solar Collector AB","datePublished":"2023-11-22T22:09:23+00:00","mainEntityOfPage":{"@id":"https:\/\/www.agma.com\/sv\/kommunike-fran-extra-bolagsstamma-i-absolicon-solar-collector-ab\/"},"wordCount":679,"commentCount":0,"publisher":{"@id":"https:\/\/www.agma.com\/sv\/#organization"},"articleSection":["Pressrelease"],"inLanguage":"sv-SE","potentialAction":[{"@type":"CommentAction","name":"Comment","target":["https:\/\/www.agma.com\/sv\/kommunike-fran-extra-bolagsstamma-i-absolicon-solar-collector-ab\/#respond"]}]},{"@type":"WebPage","@id":"https:\/\/www.agma.com\/sv\/kommunike-fran-extra-bolagsstamma-i-absolicon-solar-collector-ab\/","url":"https:\/\/www.agma.com\/sv\/kommunike-fran-extra-bolagsstamma-i-absolicon-solar-collector-ab\/","name":"Kommunik\u00e9 fr\u00e5n extra bolagsst\u00e4mma i Absolicon Solar Collector AB - Absolicon","isPartOf":{"@id":"https:\/\/www.agma.com\/sv\/#website"},"datePublished":"2023-11-22T22:09:23+00:00","breadcrumb":{"@id":"https:\/\/www.agma.com\/sv\/kommunike-fran-extra-bolagsstamma-i-absolicon-solar-collector-ab\/#breadcrumb"},"inLanguage":"sv-SE","potentialAction":[{"@type":"ReadAction","target":["https:\/\/www.agma.com\/sv\/kommunike-fran-extra-bolagsstamma-i-absolicon-solar-collector-ab\/"]}]},{"@type":"BreadcrumbList","@id":"https:\/\/www.agma.com\/sv\/kommunike-fran-extra-bolagsstamma-i-absolicon-solar-collector-ab\/#breadcrumb","itemListElement":[{"@type":"ListItem","position":1,"name":"Home","item":"https:\/\/www.agma.com\/sv\/"},{"@type":"ListItem","position":2,"name":"Kommunik\u00e9 fr\u00e5n extra bolagsst\u00e4mma i Absolicon Solar Collector AB"}]},{"@type":"WebSite","@id":"https:\/\/www.agma.com\/sv\/#website","url":"https:\/\/www.agma.com\/sv\/","name":"Absolicon","description":"","publisher":{"@id":"https:\/\/www.agma.com\/sv\/#organization"},"potentialAction":[{"@type":"SearchAction","target":{"@type":"EntryPoint","urlTemplate":"https:\/\/www.agma.com\/sv\/?s={search_term_string}"},"query-input":{"@type":"PropertyValueSpecification","valueRequired":true,"valueName":"search_term_string"}}],"inLanguage":"sv-SE"},{"@type":"Organization","@id":"https:\/\/www.agma.com\/sv\/#organization","name":"Absolicon","url":"https:\/\/www.agma.com\/sv\/","logo":{"@type":"ImageObject","inLanguage":"sv-SE","@id":"https:\/\/www.agma.com\/sv\/#\/schema\/logo\/image\/","url":"https:\/\/www.agma.com\/wp-content\/uploads\/2026\/04\/logotype_neg_blk.svg","contentUrl":"https:\/\/www.agma.com\/wp-content\/uploads\/2026\/04\/logotype_neg_blk.svg","width":705,"height":83,"caption":"Absolicon"},"image":{"@id":"https:\/\/www.agma.com\/sv\/#\/schema\/logo\/image\/"}},{"@type":"Person","@id":"https:\/\/www.agma.com\/sv\/#\/schema\/person\/6820b3ce1cc37edbaecc979090760d8b","name":"jakubschenk","image":{"@type":"ImageObject","inLanguage":"sv-SE","@id":"https:\/\/secure.gravatar.com\/avatar\/0ab843002d4a58702560e02354e5f9a3206e13bbfaa9df5a188e463870f605cd?s=96&d=mm&r=g","url":"https:\/\/secure.gravatar.com\/avatar\/0ab843002d4a58702560e02354e5f9a3206e13bbfaa9df5a188e463870f605cd?s=96&d=mm&r=g","contentUrl":"https:\/\/secure.gravatar.com\/avatar\/0ab843002d4a58702560e02354e5f9a3206e13bbfaa9df5a188e463870f605cd?s=96&d=mm&r=g","caption":"jakubschenk"},"sameAs":["https:\/\/www.agma.com"],"url":"https:\/\/www.agma.com\/sv\/author\/jakubschenk\/"}]}},"_links":{"self":[{"href":"https:\/\/www.agma.com\/sv\/wp-json\/wp\/v2\/posts\/15666","targetHints":{"allow":["GET"]}}],"collection":[{"href":"https:\/\/www.agma.com\/sv\/wp-json\/wp\/v2\/posts"}],"about":[{"href":"https:\/\/www.agma.com\/sv\/wp-json\/wp\/v2\/types\/post"}],"author":[{"embeddable":true,"href":"https:\/\/www.agma.com\/sv\/wp-json\/wp\/v2\/users\/1"}],"replies":[{"embeddable":true,"href":"https:\/\/www.agma.com\/sv\/wp-json\/wp\/v2\/comments?post=15666"}],"version-history":[{"count":0,"href":"https:\/\/www.agma.com\/sv\/wp-json\/wp\/v2\/posts\/15666\/revisions"}],"wp:attachment":[{"href":"https:\/\/www.agma.com\/sv\/wp-json\/wp\/v2\/media?parent=15666"}],"wp:term":[{"taxonomy":"category","embeddable":true,"href":"https:\/\/www.agma.com\/sv\/wp-json\/wp\/v2\/categories?post=15666"},{"taxonomy":"post_tag","embeddable":true,"href":"https:\/\/www.agma.com\/sv\/wp-json\/wp\/v2\/tags?post=15666"}],"curies":[{"name":"wp","href":"https:\/\/api.w.org\/{rel}","templated":true}]}}