{"id":15775,"date":"2023-11-30T16:00:12","date_gmt":"2023-11-30T16:00:12","guid":{"rendered":"https:\/\/www.absolicon.com\/absolicon-solar-collector-ab-offentliggor-eu-tillvaxtprospekt-avseende-foretradesemission\/"},"modified":"2023-11-30T16:06:21","modified_gmt":"2023-11-30T16:06:21","slug":"absolicon-solar-collector-ab-offentliggor-eu-tillvaxtprospekt-avseende-foretradesemission","status":"publish","type":"post","link":"https:\/\/www.agma.com\/sv\/absolicon-solar-collector-ab-offentliggor-eu-tillvaxtprospekt-avseende-foretradesemission\/","title":{"rendered":"Absolicon Solar Collector AB offentligg\u00f6r EU-tillv\u00e4xtprospekt avseende f\u00f6retr\u00e4desemission"},"content":{"rendered":"<p style=\"margin-right: 12px; text-align: justify; margin-top: 12px;\"><span style=\"font-size: 10pt;\"><span style=\"font-family: arial,helvetica,sans-serif;\">DETTA PRESSMEDDELANDE F\u00c5R INTE OFFENTLIGG\u00d6RAS, PUBLICERAS ELLER DISTRIBUERAS, DIREKT ELLER INDIREKT, I USA, AUSTRALIEN, HONGKONG, JAPAN KANADA, NYA ZEELAND, SCHWEIZ, SINGAPORE, SYDAFRIKA, SYDKOREA, RYSSLAND, BELARUS ELLER I N\u00c5GON ANNAN JURISDIKTION D\u00c4R OFFENTLIGG\u00d6RANDE, PUBLICERING ELLER DISTRIBUTION AV INFORMATIONEN INTE SKULLE VARA F\u00d6RENLIG MED TILL\u00c4MPLIGA REGLER ELLER KR\u00c4VA REGISTRERING ELLER N\u00c5GON ANNAN \u00c5TG\u00c4RD.<\/span><\/span><\/p>\n<p style=\"margin-right: 12px; text-align: justify;\">\n<p><span style=\"font-size: 10pt;\"><strong><span style=\"font-family: arial,helvetica,sans-serif;\">Offentligg\u00f6rande av Prospektet<\/span><\/strong><\/span><\/p>\n<p><span style=\"font-size: 10pt;\"><span style=\"font-family: arial,helvetica,sans-serif;\">Prospektet har idag godk\u00e4nts och registrerats av Finansinspektionen. Prospektet, inneh\u00e5llande fullst\u00e4ndiga villkor och anvisningar, samt anm\u00e4lningssedlar och annan information om F\u00f6retr\u00e4desemissionen finns nu tillg\u00e4ngligt p\u00e5 <a href=\"https:\/\/www.agma.com\/sv\/countryselect\/\">Bolagets hemsida, www.agma.com<\/a>. Prospektet kommer \u00e4ven att finnas tillg\u00e4ngligt p\u00e5 Finansinspektionens hemsida, <a style=\"color: #0563c1; text-decoration: underline;\" href=\"http:\/\/www.fi.se\">www.fi.se<\/a> och Spotlight Stock Markets hemsida, www.spotlightstockmarket.com.<\/span><\/span><\/p>\n<p><span style=\"font-size: 10pt;\"><strong><span style=\"font-family: arial,helvetica,sans-serif;\">F\u00f6retr\u00e4desemissionen i sammandrag <\/span><\/strong><\/span><\/p>\n<ul>\n<li style=\"margin-left: 8px; font-size: 10pt; font-family: arial,helvetica,sans-serif;\"><span style=\"font-size: 10pt;\"><span style=\"font-family: arial,helvetica,sans-serif;\">Aktie\u00e4gare i Absolicon erh\u00f6ll en (1) unitr\u00e4tt per aktie som innehades p\u00e5 avst\u00e4mningsdagen den 29\u00a0november 2023.<\/span><\/span><\/li>\n<li style=\"margin-left: 8px; font-size: 10pt; font-family: arial,helvetica,sans-serif;\"><span style=\"font-size: 10pt;\"><span style=\"font-family: arial,helvetica,sans-serif;\">Femton (15) unitr\u00e4tter ber\u00e4ttigar till teckning av en (1) unit. En (1) unit best\u00e5r av tolv (12) B-aktier, tv\u00e5 (2) vederlagsfria teckningsoptioner av serie TO 1B med l\u00f6ptid om cirka 12 m\u00e5nader och tv\u00e5 (2) vederlagsfria teckningsoptioner av serie TO 2B med l\u00f6ptid om cirka 36 m\u00e5nader.<\/span><\/span><\/li>\n<li style=\"margin-left: 8px; font-size: 10pt; font-family: arial,helvetica,sans-serif;\"><span style=\"font-size: 10pt;\"><span style=\"font-family: arial,helvetica,sans-serif;\">Teckningskursen per unit \u00e4r 180,00 SEK, motsvarande 15,00 SEK per B-aktie.<\/span><\/span><\/li>\n<li style=\"margin-left: 8px; font-size: 10pt; font-family: arial,helvetica,sans-serif;\"><span style=\"font-size: 10pt;\"><span style=\"font-family: arial,helvetica,sans-serif;\">Handel med unitr\u00e4tter sker under perioden fr\u00e5n och med den 1 december 2023 till och med den 12 december 2023.\u00a0<\/span><\/span><\/li>\n<li style=\"margin-left: 8px; font-size: 10pt; font-family: arial,helvetica,sans-serif;\"><span style=\"font-size: 10pt;\"><span style=\"font-family: arial,helvetica,sans-serif;\">Teckningsperioden l\u00f6per under perioden fr\u00e5n och med den 1 december 2023 till och med den 15\u00a0december 2023.\u00a0<\/span><\/span><\/li>\n<li style=\"margin-left: 8px; font-size: 10pt; font-family: arial,helvetica,sans-serif;\"><span style=\"font-size: 10pt;\"><span style=\"font-family: arial,helvetica,sans-serif;\">En (1) teckningsoption av serie TO 1B ber\u00e4ttigar till teckning av en (1) B-aktie under perioden fr\u00e5n och med den 2 december 2024 till och med den 16 december 2024 till en teckningskurs motsvarande 70 procent av den volymv\u00e4gda genomsnittskursen f\u00f6r Bolagets B-aktie under perioden fr\u00e5n och med den 18 november 2024 till och med den 29 november 2024, dock inte till en teckningskurs h\u00f6gre \u00e4n 30 SEK per B-aktie.<\/span><\/span><\/li>\n<li style=\"margin-left: 8px; font-size: 10pt; font-family: arial,helvetica,sans-serif;\"><span style=\"font-size: 10pt;\"><span style=\"font-family: arial,helvetica,sans-serif;\">En (1) teckningsoption av serie TO 2B ber\u00e4ttigar till teckning av en (1) B-aktie i Bolaget till en teckningskurs om 60 SEK under perioden fr\u00e5n och med den 30 november 2026 till och med den 15 december 2026.<\/span><\/span><\/li>\n<\/ul>\n<p><span style=\"font-size: 10pt;\"><span style=\"font-family: arial,helvetica,sans-serif;\">F\u00f6retr\u00e4desemissionen \u00e4r s\u00e4kerst\u00e4lld till cirka 62 procent genom tecknings- och garanti\u00e5taganden. Vid fullteckning i F\u00f6retr\u00e4desemissionen tillf\u00f6rs Bolaget initialt cirka 45,9 MSEK f\u00f6re emissionskostnader. Vid fullt nyttjande av samtliga teckningsoptioner av serie TO 1B kan Bolaget erh\u00e5lla ytterligare h\u00f6gst cirka 15,3 MSEK, f\u00f6re emissionskostnader. Vid fullt nyttjande av samtliga teckningsoptioner av serie TO 2B kan Bolaget erh\u00e5lla ytterligare h\u00f6gst cirka 30,6 MSEK, f\u00f6re emissionskostnader. F\u00f6r n\u00e4rmare information om F\u00f6retr\u00e4desemissionen h\u00e4nvisas till Prospektet.\u00a0<\/span><\/span><\/p>\n<p style=\"margin-top: 11px;\"><strong><span style=\"font-size: 11pt;\"><span style=\"font-family: arial,helvetica,sans-serif;\"><span style=\"color: #002060;\"><span style=\"font-family: arial,helvetica,sans-serif;\">R\u00e5dgivare<\/span><\/span><\/span><\/span><\/strong><\/p>\n<p><span style=\"font-size: 10pt;\"><span style=\"font-family: arial,helvetica,sans-serif;\">Stockholm Corporate Finance AB \u00e4r finansiell r\u00e5dgivare till Absolicon i samband med F\u00f6retr\u00e4desemissionen. Hagberg &amp; Aneborn Fondkommission AB \u00e4r emissionsinstitut i samband med F\u00f6retr\u00e4desemissionen.<\/span><\/span><\/p>\n<p style=\"margin-top: 11px;\"><strong><span style=\"font-size: 11pt;\"><span style=\"font-family: arial,helvetica,sans-serif;\"><span style=\"color: #002060;\"><span style=\"font-family: arial,helvetica,sans-serif;\">F\u00f6r ytterligare information<\/span><\/span><\/span><\/span><\/strong><\/p>\n<p><span style=\"font-size: 10pt;\"><span style=\"font-family: arial,helvetica,sans-serif;\">Joakim Bystr\u00f6m, VD<\/span><\/span><\/p>\n<p><span style=\"font-size: 10pt;\"><span style=\"font-family: arial,helvetica,sans-serif;\">Tel: +46\u00a0611-55 70 00<\/span><\/span><\/p>\n<p><span style=\"font-size: 10pt;\"><span style=\"font-family: arial,helvetica,sans-serif;\">E-post: ceo@absolicon.com<\/span><\/span><\/p>\n<p><span style=\"font-size: 10pt;\"><span style=\"font-family: arial,helvetica,sans-serif;\">Bes\u00f6k g\u00e4rna Bolagets hemsida: www.agma.com<\/span><\/span><\/p>\n<p style=\"margin-top: 11px;\"><strong><span style=\"font-size: 11pt;\"><span style=\"font-family: arial,helvetica,sans-serif;\"><span style=\"color: #002060;\"><span style=\"font-family: arial,helvetica,sans-serif;\">Om Absolicon Solar Collector AB<\/span><\/span><\/span><\/span><\/strong><\/p>\n<p><span style=\"font-size: 10pt;\"><span style=\"font-family: arial,helvetica,sans-serif;\">Absolicon Solar Collector AB grundades 2005 som ett forsknings- och utvecklingsbolag inom solteknik. Absolicon \u00e4r idag ett b\u00f6rsnoterat bolag med mer \u00e4n tio \u00e5rs operativ erfarenhet fr\u00e5n alla delar av v\u00e4rlden. Absolicon \u00e4r specialiserat p\u00e5 att tillhandah\u00e5lla l\u00f6sningar f\u00f6r \u00f6verg\u00e5ngen fr\u00e5n fossila br\u00e4nslen, vilket ger en l\u00f6nsam, l\u00e4ttinstallerad och utsl\u00e4ppsfri energil\u00f6sning med hj\u00e4lp av koncentrerande solf\u00e5ngare samt kompletta robotproduktionslinor f\u00f6r solf\u00e5ngarna.<\/span><\/span><\/p>\n<p style=\"margin-top: 11px;\"><strong><span style=\"font-size: 11pt;\"><span style=\"font-family: arial,helvetica,sans-serif;\"><span style=\"color: #002060;\"><span style=\"font-family: arial,helvetica,sans-serif;\">Om Stockholm Corporate Finance AB<\/span><\/span><\/span><\/span><\/strong><\/p>\n<p><span style=\"font-size: 10pt;\"><span style=\"font-family: arial,helvetica,sans-serif;\">Stockholm Corporate Finance \u00e4r en oberoende privat\u00e4gd finansiell r\u00e5dgivare som erbjuder tj\u00e4nster inom kvalificerad r\u00e5dgivning avseende kapitalanskaffning, \u00e4garf\u00f6r\u00e4ndringar, fusioner och f\u00f6rv\u00e4rv (M&amp;A) till b\u00f6rsnoterade och privata f\u00f6retag och dess \u00e4gare. Stockholm Corporate Finance \u00e4r ett v\u00e4rdepappersf\u00f6retag som st\u00e5r under Finansinspektionens tillsyn och \u00e4r medlem i branschorganisationen SwedSec Licensiering AB. F\u00f6r mer information se: www.stockholmcorp.se<\/span><\/span><\/p>\n<p style=\"margin-top: 11px;\"><strong><span style=\"font-size: 11pt;\"><span style=\"font-family: arial,helvetica,sans-serif;\"><span style=\"color: #002060;\"><span style=\"font-family: arial,helvetica,sans-serif;\">Viktig information<\/span><\/span><\/span><\/span><\/strong><\/p>\n<p><span style=\"font-size: 10pt;\"><span style=\"font-family: arial,helvetica,sans-serif;\">Publicering, offentligg\u00f6rande eller distributionen av detta pressmeddelande kan i vissa jurisdiktioner vara f\u00f6rem\u00e5l f\u00f6r restriktioner. Mottagarna av detta pressmeddelande i jurisdiktioner d\u00e4r detta pressmeddelande har publicerats eller distribuerats ska informera sig sj\u00e4lva om och f\u00f6lja s\u00e5dana begr\u00e4nsningar. Detta pressmeddelande utg\u00f6r inte ett erbjudande f\u00f6r allm\u00e4nheten att f\u00f6rv\u00e4rva, teckna eller p\u00e5 annat s\u00e4tt handla med aktier eller andra v\u00e4rdepapper i Bolaget i andra jurisdiktioner \u00e4n Sverige. Prospektet avses \u00e4ven passporteras till Danmark.<\/span><\/span><\/p>\n<p><span style=\"font-size: 10pt;\"><span style=\"font-family: arial,helvetica,sans-serif;\">Informationen i detta pressmeddelande f\u00e5r inte offentligg\u00f6ras, publiceras eller distribueras, direkt eller indirekt, i eller till USA, Australien, Hongkong, Japan, Kanada, Nya Zeeland, Schweiz, Singapore, Sydafrika, Sydkorea, Ryssland, Belarus eller n\u00e5gon annan jurisdiktion d\u00e4r offentligg\u00f6randet, publiceringen eller distributionen av informationen inte skulle f\u00f6lja g\u00e4llande lagar och f\u00f6rordningar eller skulle kr\u00e4va ytterligare prospekt, registrering eller andra \u00e5tg\u00e4rder \u00e4n de som kr\u00e4vs enligt svensk lag. Informationen i detta pressmeddelande f\u00e5r inte heller vidarebefordras eller reproduceras p\u00e5 s\u00e4tt som st\u00e5r i strid med s\u00e5dana restriktioner eller skulle inneb\u00e4ra s\u00e5dana krav.\u00a0 \u00c5tg\u00e4rder i strid med denna anvisning kan utg\u00f6ra brott mot till\u00e4mplig v\u00e4rdepapperslagstiftning. Varken unitr\u00e4tter, betalda och tecknade units, nya aktier eller teckningsoptioner som tecknats i erbjudandet har registrerats eller kommer att registreras enligt United States Securities Act fr\u00e5n 1933 i sin nuvarande lydelse (\u201dSecurities Act\u201d) och f\u00e5r inte erbjudas, tecknas, utnyttjas, pants\u00e4ttas, s\u00e4ljas, \u00e5terf\u00f6rs\u00e4ljas, levereras eller \u00f6verf\u00f6ras, direkt eller indirekt, i eller till USA, f\u00f6rutom enligt ett till\u00e4mpligt undantag fr\u00e5n registreringskraven i Securities Act. <\/span><\/span><\/p>\n<p><span style=\"font-size: 10pt;\"><span style=\"font-family: arial,helvetica,sans-serif;\">Informationen i detta pressmeddelande utg\u00f6r inte ett erbjudande att f\u00f6rv\u00e4rva, teckna eller p\u00e5 annat s\u00e4tt handla med aktier eller andra v\u00e4rdepapper i Absolicon. Detta dokument har inte godk\u00e4nts av n\u00e5gon myndighet, och informationen utg\u00f6r inte ett prospekt. I en EES-medlemsstat riktar sig detta meddelande endast till kvalificerade investerare i den medlemsstaten enligt prospektf\u00f6rordningens (2017\/1129) mening.<\/span><\/span><\/p>\n<p style=\"margin-top: 11px;\"><strong><span style=\"font-size: 11pt;\"><span style=\"font-family: arial,helvetica,sans-serif;\"><span style=\"color: #002060;\"><span style=\"font-family: arial,helvetica,sans-serif;\">Fram\u00e5triktade uttalanden<\/span><\/span><\/span><\/span><\/strong><\/p>\n<p><span style=\"font-size: 10pt;\"><span style=\"font-family: arial,helvetica,sans-serif;\">Detta pressmeddelande kan inneh\u00e5lla vissa fram\u00e5triktade uttalanden som \u00e5terspeglar Bolagets avsikter, \u00f6vertygelser eller nuvarande f\u00f6rv\u00e4ntningar om och m\u00e5l f\u00f6r Bolagets framtida verksamheter, finansiella situation, likviditet, resultat, utsikter, f\u00f6rv\u00e4ntad tillv\u00e4xt, strategier och m\u00f6jligheter samt marknaderna d\u00e4r Bolaget verkar, bland annat med avseende p\u00e5 utsikterna f\u00f6r l\u00e4kemedelsbehandlingar och studier. Fram\u00e5triktade uttalanden \u00e4r uttalanden som inte \u00e4r historiska fakta och som kan identifieras med ord som \u201dtro\u201d, \u201df\u00f6rv\u00e4nta\u201d, \u201df\u00f6rutse\u201d, \u201davse\u201d, \u201dkan\u201d, \u201dplanera\u201d, \u201duppskatta\u201d, \u201dska\u201d, \u201db\u00f6r\u201d, \u201dkunde\u201d, \u201dsikta\u201d eller \u201dkanske\u201d eller, i varje enskilt fall, deras negativa, eller liknande, uttryck. De fram\u00e5triktade uttalandena i detta pressmeddelande baseras p\u00e5 olika antaganden, varav m\u00e5nga i sin tur baseras p\u00e5 ytterligare antaganden. Trots att Bolaget anser att f\u00f6rv\u00e4ntningarna som \u00e5terspeglas i dessa fram\u00e5triktade uttalanden \u00e4r rimliga, kan det inte ge n\u00e5gra garantier om att de kommer att intr\u00e4ffa eller visa sig vara korrekta. Eftersom dessa uttalanden grundar sig p\u00e5 antaganden eller uppskattningar och \u00e4r f\u00f6rem\u00e5l f\u00f6r risker och os\u00e4kerhetsfaktorer kan de faktiska resultaten eller resultatet skilja sig v\u00e4sentligt fr\u00e5n de som framg\u00e5r av de fram\u00e5triktade uttalandena vilka \u00e4r ett resultat av m\u00e5nga faktorer. S\u00e5dana risker, os\u00e4kerhetsfaktorer, of\u00f6rutsedda h\u00e4ndelser och andra viktiga faktorer kan leda till att faktiska h\u00e4ndelser skiljer sig v\u00e4sentligt fr\u00e5n de f\u00f6rv\u00e4ntningar som uttrycks eller \u00e4r underf\u00f6rst\u00e5dda i detta pressmeddelande genom s\u00e5dana fram\u00e5tblickande uttalanden. Bolaget garanterar inte att antagandena bakom de fram\u00e5triktade uttalandena i detta pressmeddelande \u00e4r fria fr\u00e5n fel och accepterar inte n\u00e5got ansvar f\u00f6r framtida exakthet i de \u00e5sikter som uttrycks i detta pressmeddelande eller n\u00e5gon skyldighet att uppdatera eller revidera uttalandena i detta pressmeddelande f\u00f6r att \u00e5terspegla efterf\u00f6ljande h\u00e4ndelser. Informationen, \u00e5sikter och fram\u00e5triktade uttalanden som ing\u00e5r i detta pressmeddelande avser endast situationen vid dess datering och kan komma att \u00e4ndras utan f\u00f6reg\u00e5ende meddelande. Bolaget \u00e5tar sig inte n\u00e5gon skyldighet att granska, uppdatera, bekr\u00e4fta eller offentligg\u00f6ra n\u00e5gra revideringar av fram\u00e5triktade uttalanden f\u00f6r att avspegla h\u00e4ndelser som uppst\u00e5r eller omst\u00e4ndigheter som uppst\u00e5r i relation till inneh\u00e5llet i detta pressmeddelande.<\/span><\/span><\/p>\n<p><span style=\"font-size: 10pt;\"><span style=\"font-family: arial,helvetica,sans-serif;\">Absolicon Solar Collector AB<\/span><\/span><\/p>\n<p><span style=\"font-size: 10pt;\"><span style=\"font-family: arial,helvetica,sans-serif;\">Fiskaregatan 11 <\/span><\/span><\/p>\n<p><span style=\"font-size: 10pt;\"><span style=\"font-family: arial,helvetica,sans-serif;\">871 33 H\u00e4rn\u00f6sand<\/span><\/span><\/p>\n<p><a href=\"https:\/\/www.agma.com\/sv\/countryselect\/\">Till emissionssida &gt;&gt;<\/a><\/p>\n","protected":false},"excerpt":{"rendered":"<p>DETTA PRESSMEDDELANDE F\u00c5R INTE OFFENTLIGG\u00d6RAS, PUBLICERAS ELLER DISTRIBUERAS, DIREKT ELLER INDIREKT, I USA, AUSTRALIEN, HONGKONG, JAPAN KANADA, NYA ZEELAND, SCHWEIZ, SINGAPORE, SYDAFRIKA, SYDKOREA, RYSSLAND, BELARUS ELLER I N\u00c5GON ANNAN JURISDIKTION D\u00c4R OFFENTLIGG\u00d6RANDE, PUBLICERING ELLER DISTRIBUTION AV INFORMATIONEN INTE SKULLE VARA F\u00d6RENLIG MED TILL\u00c4MPLIGA REGLER ELLER KR\u00c4VA REGISTRERING ELLER N\u00c5GON ANNAN \u00c5TG\u00c4RD. Offentligg\u00f6rande av Prospektet Prospektet [&hellip;]<\/p>\n","protected":false},"author":1,"featured_media":0,"comment_status":"open","ping_status":"open","sticky":false,"template":"","format":"standard","meta":{"_acf_changed":false,"footnotes":""},"categories":[23],"tags":[],"class_list":["post-15775","post","type-post","status-publish","format-standard","hentry","category-pressrelease"],"acf":[],"yoast_head":"<!-- This site is optimized with the Yoast SEO plugin v27.4 - https:\/\/yoast.com\/product\/yoast-seo-wordpress\/ -->\n<title>Absolicon Solar Collector AB offentligg\u00f6r EU-tillv\u00e4xtprospekt avseende f\u00f6retr\u00e4desemission - Absolicon<\/title>\n<meta name=\"robots\" content=\"index, follow, max-snippet:-1, max-image-preview:large, max-video-preview:-1\" \/>\n<link rel=\"canonical\" href=\"https:\/\/www.agma.com\/sv\/absolicon-solar-collector-ab-offentliggor-eu-tillvaxtprospekt-avseende-foretradesemission\/\" \/>\n<meta property=\"og:locale\" content=\"sv_SE\" \/>\n<meta property=\"og:type\" content=\"article\" \/>\n<meta property=\"og:title\" content=\"Absolicon Solar Collector AB offentligg\u00f6r EU-tillv\u00e4xtprospekt avseende f\u00f6retr\u00e4desemission - Absolicon\" \/>\n<meta property=\"og:description\" content=\"DETTA PRESSMEDDELANDE F\u00c5R INTE OFFENTLIGG\u00d6RAS, PUBLICERAS ELLER DISTRIBUERAS, DIREKT ELLER INDIREKT, I USA, AUSTRALIEN, HONGKONG, JAPAN KANADA, NYA ZEELAND, SCHWEIZ, SINGAPORE, SYDAFRIKA, SYDKOREA, RYSSLAND, BELARUS ELLER I N\u00c5GON ANNAN JURISDIKTION D\u00c4R OFFENTLIGG\u00d6RANDE, PUBLICERING ELLER DISTRIBUTION AV INFORMATIONEN INTE SKULLE VARA F\u00d6RENLIG MED TILL\u00c4MPLIGA REGLER ELLER KR\u00c4VA REGISTRERING ELLER N\u00c5GON ANNAN \u00c5TG\u00c4RD. Offentligg\u00f6rande av Prospektet Prospektet [&hellip;]\" \/>\n<meta property=\"og:url\" content=\"https:\/\/www.agma.com\/sv\/absolicon-solar-collector-ab-offentliggor-eu-tillvaxtprospekt-avseende-foretradesemission\/\" \/>\n<meta property=\"og:site_name\" content=\"Absolicon\" \/>\n<meta property=\"article:published_time\" content=\"2023-11-30T16:00:12+00:00\" \/>\n<meta property=\"article:modified_time\" content=\"2023-11-30T16:06:21+00:00\" \/>\n<meta name=\"author\" content=\"jakubschenk\" \/>\n<meta name=\"twitter:card\" content=\"summary_large_image\" \/>\n<meta name=\"twitter:label1\" content=\"Skriven av\" \/>\n\t<meta name=\"twitter:data1\" content=\"jakubschenk\" \/>\n<script type=\"application\/ld+json\" class=\"yoast-schema-graph\">{\"@context\":\"https:\\\/\\\/schema.org\",\"@graph\":[{\"@type\":\"Article\",\"@id\":\"https:\\\/\\\/www.agma.com\\\/sv\\\/absolicon-solar-collector-ab-offentliggor-eu-tillvaxtprospekt-avseende-foretradesemission\\\/#article\",\"isPartOf\":{\"@id\":\"https:\\\/\\\/www.agma.com\\\/sv\\\/absolicon-solar-collector-ab-offentliggor-eu-tillvaxtprospekt-avseende-foretradesemission\\\/\"},\"author\":{\"name\":\"jakubschenk\",\"@id\":\"https:\\\/\\\/www.agma.com\\\/sv\\\/#\\\/schema\\\/person\\\/6820b3ce1cc37edbaecc979090760d8b\"},\"headline\":\"Absolicon Solar Collector AB offentligg\u00f6r EU-tillv\u00e4xtprospekt avseende f\u00f6retr\u00e4desemission\",\"datePublished\":\"2023-11-30T16:00:12+00:00\",\"dateModified\":\"2023-11-30T16:06:21+00:00\",\"mainEntityOfPage\":{\"@id\":\"https:\\\/\\\/www.agma.com\\\/sv\\\/absolicon-solar-collector-ab-offentliggor-eu-tillvaxtprospekt-avseende-foretradesemission\\\/\"},\"wordCount\":1388,\"commentCount\":0,\"publisher\":{\"@id\":\"https:\\\/\\\/www.agma.com\\\/sv\\\/#organization\"},\"articleSection\":[\"Pressrelease\"],\"inLanguage\":\"sv-SE\",\"potentialAction\":[{\"@type\":\"CommentAction\",\"name\":\"Comment\",\"target\":[\"https:\\\/\\\/www.agma.com\\\/sv\\\/absolicon-solar-collector-ab-offentliggor-eu-tillvaxtprospekt-avseende-foretradesemission\\\/#respond\"]}]},{\"@type\":\"WebPage\",\"@id\":\"https:\\\/\\\/www.agma.com\\\/sv\\\/absolicon-solar-collector-ab-offentliggor-eu-tillvaxtprospekt-avseende-foretradesemission\\\/\",\"url\":\"https:\\\/\\\/www.agma.com\\\/sv\\\/absolicon-solar-collector-ab-offentliggor-eu-tillvaxtprospekt-avseende-foretradesemission\\\/\",\"name\":\"Absolicon Solar Collector AB offentligg\u00f6r EU-tillv\u00e4xtprospekt avseende f\u00f6retr\u00e4desemission - Absolicon\",\"isPartOf\":{\"@id\":\"https:\\\/\\\/www.agma.com\\\/sv\\\/#website\"},\"datePublished\":\"2023-11-30T16:00:12+00:00\",\"dateModified\":\"2023-11-30T16:06:21+00:00\",\"breadcrumb\":{\"@id\":\"https:\\\/\\\/www.agma.com\\\/sv\\\/absolicon-solar-collector-ab-offentliggor-eu-tillvaxtprospekt-avseende-foretradesemission\\\/#breadcrumb\"},\"inLanguage\":\"sv-SE\",\"potentialAction\":[{\"@type\":\"ReadAction\",\"target\":[\"https:\\\/\\\/www.agma.com\\\/sv\\\/absolicon-solar-collector-ab-offentliggor-eu-tillvaxtprospekt-avseende-foretradesemission\\\/\"]}]},{\"@type\":\"BreadcrumbList\",\"@id\":\"https:\\\/\\\/www.agma.com\\\/sv\\\/absolicon-solar-collector-ab-offentliggor-eu-tillvaxtprospekt-avseende-foretradesemission\\\/#breadcrumb\",\"itemListElement\":[{\"@type\":\"ListItem\",\"position\":1,\"name\":\"Home\",\"item\":\"https:\\\/\\\/www.agma.com\\\/sv\\\/\"},{\"@type\":\"ListItem\",\"position\":2,\"name\":\"Absolicon Solar Collector AB offentligg\u00f6r EU-tillv\u00e4xtprospekt avseende f\u00f6retr\u00e4desemission\"}]},{\"@type\":\"WebSite\",\"@id\":\"https:\\\/\\\/www.agma.com\\\/sv\\\/#website\",\"url\":\"https:\\\/\\\/www.agma.com\\\/sv\\\/\",\"name\":\"Absolicon\",\"description\":\"\",\"publisher\":{\"@id\":\"https:\\\/\\\/www.agma.com\\\/sv\\\/#organization\"},\"potentialAction\":[{\"@type\":\"SearchAction\",\"target\":{\"@type\":\"EntryPoint\",\"urlTemplate\":\"https:\\\/\\\/www.agma.com\\\/sv\\\/?s={search_term_string}\"},\"query-input\":{\"@type\":\"PropertyValueSpecification\",\"valueRequired\":true,\"valueName\":\"search_term_string\"}}],\"inLanguage\":\"sv-SE\"},{\"@type\":\"Organization\",\"@id\":\"https:\\\/\\\/www.agma.com\\\/sv\\\/#organization\",\"name\":\"Absolicon\",\"url\":\"https:\\\/\\\/www.agma.com\\\/sv\\\/\",\"logo\":{\"@type\":\"ImageObject\",\"inLanguage\":\"sv-SE\",\"@id\":\"https:\\\/\\\/www.agma.com\\\/sv\\\/#\\\/schema\\\/logo\\\/image\\\/\",\"url\":\"https:\\\/\\\/www.agma.com\\\/wp-content\\\/uploads\\\/2026\\\/04\\\/logotype_neg_blk.svg\",\"contentUrl\":\"https:\\\/\\\/www.agma.com\\\/wp-content\\\/uploads\\\/2026\\\/04\\\/logotype_neg_blk.svg\",\"width\":705,\"height\":83,\"caption\":\"Absolicon\"},\"image\":{\"@id\":\"https:\\\/\\\/www.agma.com\\\/sv\\\/#\\\/schema\\\/logo\\\/image\\\/\"}},{\"@type\":\"Person\",\"@id\":\"https:\\\/\\\/www.agma.com\\\/sv\\\/#\\\/schema\\\/person\\\/6820b3ce1cc37edbaecc979090760d8b\",\"name\":\"jakubschenk\",\"image\":{\"@type\":\"ImageObject\",\"inLanguage\":\"sv-SE\",\"@id\":\"https:\\\/\\\/secure.gravatar.com\\\/avatar\\\/0ab843002d4a58702560e02354e5f9a3206e13bbfaa9df5a188e463870f605cd?s=96&d=mm&r=g\",\"url\":\"https:\\\/\\\/secure.gravatar.com\\\/avatar\\\/0ab843002d4a58702560e02354e5f9a3206e13bbfaa9df5a188e463870f605cd?s=96&d=mm&r=g\",\"contentUrl\":\"https:\\\/\\\/secure.gravatar.com\\\/avatar\\\/0ab843002d4a58702560e02354e5f9a3206e13bbfaa9df5a188e463870f605cd?s=96&d=mm&r=g\",\"caption\":\"jakubschenk\"},\"sameAs\":[\"https:\\\/\\\/www.agma.com\"],\"url\":\"https:\\\/\\\/www.agma.com\\\/sv\\\/author\\\/jakubschenk\\\/\"}]}<\/script>\n<!-- \/ Yoast SEO plugin. -->","yoast_head_json":{"title":"Absolicon Solar Collector AB offentligg\u00f6r EU-tillv\u00e4xtprospekt avseende f\u00f6retr\u00e4desemission - Absolicon","robots":{"index":"index","follow":"follow","max-snippet":"max-snippet:-1","max-image-preview":"max-image-preview:large","max-video-preview":"max-video-preview:-1"},"canonical":"https:\/\/www.agma.com\/sv\/absolicon-solar-collector-ab-offentliggor-eu-tillvaxtprospekt-avseende-foretradesemission\/","og_locale":"sv_SE","og_type":"article","og_title":"Absolicon Solar Collector AB offentligg\u00f6r EU-tillv\u00e4xtprospekt avseende f\u00f6retr\u00e4desemission - Absolicon","og_description":"DETTA PRESSMEDDELANDE F\u00c5R INTE OFFENTLIGG\u00d6RAS, PUBLICERAS ELLER DISTRIBUERAS, DIREKT ELLER INDIREKT, I USA, AUSTRALIEN, HONGKONG, JAPAN KANADA, NYA ZEELAND, SCHWEIZ, SINGAPORE, SYDAFRIKA, SYDKOREA, RYSSLAND, BELARUS ELLER I N\u00c5GON ANNAN JURISDIKTION D\u00c4R OFFENTLIGG\u00d6RANDE, PUBLICERING ELLER DISTRIBUTION AV INFORMATIONEN INTE SKULLE VARA F\u00d6RENLIG MED TILL\u00c4MPLIGA REGLER ELLER KR\u00c4VA REGISTRERING ELLER N\u00c5GON ANNAN \u00c5TG\u00c4RD. Offentligg\u00f6rande av Prospektet Prospektet [&hellip;]","og_url":"https:\/\/www.agma.com\/sv\/absolicon-solar-collector-ab-offentliggor-eu-tillvaxtprospekt-avseende-foretradesemission\/","og_site_name":"Absolicon","article_published_time":"2023-11-30T16:00:12+00:00","article_modified_time":"2023-11-30T16:06:21+00:00","author":"jakubschenk","twitter_card":"summary_large_image","twitter_misc":{"Skriven av":"jakubschenk"},"schema":{"@context":"https:\/\/schema.org","@graph":[{"@type":"Article","@id":"https:\/\/www.agma.com\/sv\/absolicon-solar-collector-ab-offentliggor-eu-tillvaxtprospekt-avseende-foretradesemission\/#article","isPartOf":{"@id":"https:\/\/www.agma.com\/sv\/absolicon-solar-collector-ab-offentliggor-eu-tillvaxtprospekt-avseende-foretradesemission\/"},"author":{"name":"jakubschenk","@id":"https:\/\/www.agma.com\/sv\/#\/schema\/person\/6820b3ce1cc37edbaecc979090760d8b"},"headline":"Absolicon Solar Collector AB offentligg\u00f6r EU-tillv\u00e4xtprospekt avseende f\u00f6retr\u00e4desemission","datePublished":"2023-11-30T16:00:12+00:00","dateModified":"2023-11-30T16:06:21+00:00","mainEntityOfPage":{"@id":"https:\/\/www.agma.com\/sv\/absolicon-solar-collector-ab-offentliggor-eu-tillvaxtprospekt-avseende-foretradesemission\/"},"wordCount":1388,"commentCount":0,"publisher":{"@id":"https:\/\/www.agma.com\/sv\/#organization"},"articleSection":["Pressrelease"],"inLanguage":"sv-SE","potentialAction":[{"@type":"CommentAction","name":"Comment","target":["https:\/\/www.agma.com\/sv\/absolicon-solar-collector-ab-offentliggor-eu-tillvaxtprospekt-avseende-foretradesemission\/#respond"]}]},{"@type":"WebPage","@id":"https:\/\/www.agma.com\/sv\/absolicon-solar-collector-ab-offentliggor-eu-tillvaxtprospekt-avseende-foretradesemission\/","url":"https:\/\/www.agma.com\/sv\/absolicon-solar-collector-ab-offentliggor-eu-tillvaxtprospekt-avseende-foretradesemission\/","name":"Absolicon Solar Collector AB offentligg\u00f6r EU-tillv\u00e4xtprospekt avseende f\u00f6retr\u00e4desemission - Absolicon","isPartOf":{"@id":"https:\/\/www.agma.com\/sv\/#website"},"datePublished":"2023-11-30T16:00:12+00:00","dateModified":"2023-11-30T16:06:21+00:00","breadcrumb":{"@id":"https:\/\/www.agma.com\/sv\/absolicon-solar-collector-ab-offentliggor-eu-tillvaxtprospekt-avseende-foretradesemission\/#breadcrumb"},"inLanguage":"sv-SE","potentialAction":[{"@type":"ReadAction","target":["https:\/\/www.agma.com\/sv\/absolicon-solar-collector-ab-offentliggor-eu-tillvaxtprospekt-avseende-foretradesemission\/"]}]},{"@type":"BreadcrumbList","@id":"https:\/\/www.agma.com\/sv\/absolicon-solar-collector-ab-offentliggor-eu-tillvaxtprospekt-avseende-foretradesemission\/#breadcrumb","itemListElement":[{"@type":"ListItem","position":1,"name":"Home","item":"https:\/\/www.agma.com\/sv\/"},{"@type":"ListItem","position":2,"name":"Absolicon Solar Collector AB offentligg\u00f6r EU-tillv\u00e4xtprospekt avseende f\u00f6retr\u00e4desemission"}]},{"@type":"WebSite","@id":"https:\/\/www.agma.com\/sv\/#website","url":"https:\/\/www.agma.com\/sv\/","name":"Absolicon","description":"","publisher":{"@id":"https:\/\/www.agma.com\/sv\/#organization"},"potentialAction":[{"@type":"SearchAction","target":{"@type":"EntryPoint","urlTemplate":"https:\/\/www.agma.com\/sv\/?s={search_term_string}"},"query-input":{"@type":"PropertyValueSpecification","valueRequired":true,"valueName":"search_term_string"}}],"inLanguage":"sv-SE"},{"@type":"Organization","@id":"https:\/\/www.agma.com\/sv\/#organization","name":"Absolicon","url":"https:\/\/www.agma.com\/sv\/","logo":{"@type":"ImageObject","inLanguage":"sv-SE","@id":"https:\/\/www.agma.com\/sv\/#\/schema\/logo\/image\/","url":"https:\/\/www.agma.com\/wp-content\/uploads\/2026\/04\/logotype_neg_blk.svg","contentUrl":"https:\/\/www.agma.com\/wp-content\/uploads\/2026\/04\/logotype_neg_blk.svg","width":705,"height":83,"caption":"Absolicon"},"image":{"@id":"https:\/\/www.agma.com\/sv\/#\/schema\/logo\/image\/"}},{"@type":"Person","@id":"https:\/\/www.agma.com\/sv\/#\/schema\/person\/6820b3ce1cc37edbaecc979090760d8b","name":"jakubschenk","image":{"@type":"ImageObject","inLanguage":"sv-SE","@id":"https:\/\/secure.gravatar.com\/avatar\/0ab843002d4a58702560e02354e5f9a3206e13bbfaa9df5a188e463870f605cd?s=96&d=mm&r=g","url":"https:\/\/secure.gravatar.com\/avatar\/0ab843002d4a58702560e02354e5f9a3206e13bbfaa9df5a188e463870f605cd?s=96&d=mm&r=g","contentUrl":"https:\/\/secure.gravatar.com\/avatar\/0ab843002d4a58702560e02354e5f9a3206e13bbfaa9df5a188e463870f605cd?s=96&d=mm&r=g","caption":"jakubschenk"},"sameAs":["https:\/\/www.agma.com"],"url":"https:\/\/www.agma.com\/sv\/author\/jakubschenk\/"}]}},"_links":{"self":[{"href":"https:\/\/www.agma.com\/sv\/wp-json\/wp\/v2\/posts\/15775","targetHints":{"allow":["GET"]}}],"collection":[{"href":"https:\/\/www.agma.com\/sv\/wp-json\/wp\/v2\/posts"}],"about":[{"href":"https:\/\/www.agma.com\/sv\/wp-json\/wp\/v2\/types\/post"}],"author":[{"embeddable":true,"href":"https:\/\/www.agma.com\/sv\/wp-json\/wp\/v2\/users\/1"}],"replies":[{"embeddable":true,"href":"https:\/\/www.agma.com\/sv\/wp-json\/wp\/v2\/comments?post=15775"}],"version-history":[{"count":1,"href":"https:\/\/www.agma.com\/sv\/wp-json\/wp\/v2\/posts\/15775\/revisions"}],"predecessor-version":[{"id":15777,"href":"https:\/\/www.agma.com\/sv\/wp-json\/wp\/v2\/posts\/15775\/revisions\/15777"}],"wp:attachment":[{"href":"https:\/\/www.agma.com\/sv\/wp-json\/wp\/v2\/media?parent=15775"}],"wp:term":[{"taxonomy":"category","embeddable":true,"href":"https:\/\/www.agma.com\/sv\/wp-json\/wp\/v2\/categories?post=15775"},{"taxonomy":"post_tag","embeddable":true,"href":"https:\/\/www.agma.com\/sv\/wp-json\/wp\/v2\/tags?post=15775"}],"curies":[{"name":"wp","href":"https:\/\/api.w.org\/{rel}","templated":true}]}}