{"id":15841,"date":"2023-12-20T13:41:47","date_gmt":"2023-12-20T13:41:47","guid":{"rendered":"https:\/\/www.absolicon.com\/absolicon-offentliggor-utfall-i-foretradesemission\/"},"modified":"2023-12-20T13:41:47","modified_gmt":"2023-12-20T13:41:47","slug":"absolicon-offentliggor-utfall-i-foretradesemission","status":"publish","type":"post","link":"https:\/\/www.agma.com\/sv\/absolicon-offentliggor-utfall-i-foretradesemission\/","title":{"rendered":"Absolicon offentligg\u00f6r utfall i f\u00f6retr\u00e4desemission"},"content":{"rendered":"<p style=\"margin-top:12px;text-align:justify\"><span><span style=\"font-size:10pt\"><span style=\"font-family:arial,helvetica,sans-serif\"><span style=\"font-family:arial,helvetica,sans-serif\">DETTA PRESSMEDDELANDE F<\/span>&Aring;<span style=\"font-family:arial,helvetica,sans-serif\">R INTE OFFENTLIGG<\/span>&Ouml;<span style=\"font-family:arial,helvetica,sans-serif\">RAS, PUBLICERAS ELLER DISTRIBUERAS, DIREKT ELLER INDIREKT, I ELLER TILL USA, AUSTRALIEN, HONGKONG, JAPAN, KANADA, NYA ZEELAND, SCHWEIZ, SINGAPORE, SYDAFRIKA, SYDKOREA, RYSSLAND, BELARUS ELLER I N<\/span>&Aring;<span style=\"font-family:arial,helvetica,sans-serif\">GON ANNAN JURISDIKTION D<\/span>&Auml;<span style=\"font-family:arial,helvetica,sans-serif\">R OFFENTLIGG<\/span>&Ouml;<span style=\"font-family:arial,helvetica,sans-serif\">RANDE, PUBLICERING ELLER DISTRIBUTION AV INFORMATIONEN INTE SKULLE VARA F<\/span>&Ouml;<span style=\"font-family:arial,helvetica,sans-serif\">RENLIG MED TILL<\/span>&Auml;<span style=\"font-family:arial,helvetica,sans-serif\">MPLIGA REGLER ELLER KR<\/span>&Auml;<span style=\"font-family:arial,helvetica,sans-serif\">VA REGISTRERING ELLER N<\/span>&Aring;<span style=\"font-family:arial,helvetica,sans-serif\">GON ANNAN <\/span>&Aring;<span style=\"font-family:arial,helvetica,sans-serif\">TG<\/span>&Auml;<span style=\"font-family:arial,helvetica,sans-serif\">RD. DETTA PRESSMEDDELANDE UTG&Ouml;R INTE ETT ERBJUDANDE ATT F&Ouml;RV&Auml;RVA V&Auml;RDEPAPPER I ABSOLICON SOLAR COLLECTOR AB (PUBL). SE &Auml;VEN AVSNITTET &rdquo;VIKTIG INFORMATION&rdquo; NEDAN.<\/span><\/span><\/span><\/span><\/p>\n<h2 style=\"margin-top:11px;text-align:justify\"><span><span style=\"font-size:11pt\"><span style=\"font-family:arial,helvetica,sans-serif\"><span style=\"color:#002060\">F&ouml;retr&auml;desemissionen<\/span><\/span><\/span><\/span><\/h2>\n<p style=\"text-align:justify\"><span><span style=\"font-size:10pt\"><span style=\"font-family:arial,helvetica,sans-serif\">Den som p&aring; avst&auml;mningsdagen den 29 november 2023 var registrerad som aktie&auml;gare i Absolicon erh&ouml;ll en (1) unitr&auml;tt f&ouml;r varje innehavd aktie, oavsett aktieslag. Femton (15) unitr&auml;tter ber&auml;ttigade till teckning av tolv (12) nyemitterade B-aktier, tv&aring; (2) teckningsoptioner av serie TO 1B och tv&aring; (2) teckningsoptioner av serie TO 2B (&rdquo;unit&rdquo;) till en teckningskurs om 180,00 SEK per unit, motsvarande 15,00 SEK per B-aktie (teckningsoptionerna emitterades vederlagsfritt).<\/span><\/span><\/span><\/p>\n<h2 style=\"margin-top:11px;text-align:justify\"><span><span style=\"font-size:11pt\"><span style=\"font-family:arial,helvetica,sans-serif\"><span style=\"color:#002060\">Slutligt utfall&nbsp; <\/span><\/span><\/span><\/span><\/h2>\n<p style=\"text-align:justify\"><span><span style=\"font-family:arial,helvetica,sans-serif\"><span style=\"font-size:10pt\">Teckningsperioden i F&ouml;retr&auml;desemissionen avslutades den 15 december 2023. Det slutliga utfallet visar att F&ouml;retr&auml;desemissionen har tecknats till cirka 26,3 MSEK, motsvarande totalt 57,4 procent av F&ouml;retr&auml;desemissionen, varav cirka 49,8 procent tecknades med st&ouml;d av unitr&auml;tter och cirka 7,6 procent tecknades utan st&ouml;d av unitr&auml;tter. Av detta f&ouml;ljer att emissionsgaranter tilldelas cirka 4,5 procent av F&ouml;retr&auml;desemissionens totala volym. Genom F&ouml;retr&auml;desemissionen tillf&ouml;rs Bolaget d&auml;rmed initialt cirka 28,4 MSEK f&ouml;re emissionskostnader. Emissionskostnaderna ber&auml;knas uppg&aring; till 6,1<\/span><span style=\"font-size:10.6667px\"> <\/span><span style=\"font-size:10pt\">MSEK och best&aring;r huvudsakligen av kostnader f&ouml;r marknadsf&ouml;ring, garanti&aring;taganden och ers&auml;ttning till finansiell och legal r&aring;dgivare. Emissionsgaranter har enligt garantiavtalen r&auml;tt att v&auml;lja om garantiers&auml;ttningen ska erl&auml;ggas kontant eller genom nyemitterade units i Absolicon s&aring; som tidigare kommunicerats av Bolaget.<\/span><\/span><\/span><\/p>\n<p style=\"text-align:justify\"><span><span style=\"font-size:10pt\"><span style=\"font-family:arial,helvetica,sans-serif\">&quot;<em>Jag vill tacka samtliga aktie&auml;gare f&ouml;r ett stort engagemang i Absolicons vision. I ett utmanade marknadsklimat har befintliga och nya aktie&auml;gare tecknat n&auml;rmare 58 procent av erbjudandet, vilket jag bed&ouml;mer som ett starkt utfall och ett bevis att v&aring;ra aktie&auml;gare har ett starkt f&ouml;rtroende f&ouml;r v&aring;r fortsatta resa. Utfallet inneb&auml;r &auml;ven att v&aring;ra emissionsgaranter tilldelas units f&ouml;r cirka 2 MSEK, en f&ouml;ruts&auml;ttning jag bed&ouml;mer kan leda till en &ouml;kad efterfr&aring;gan p&aring; Absolicons aktie. Genom f&ouml;retr&auml;desemissionen, en f&ouml;rs&auml;ljningsorienterad och kostnadseffektiv organisation samt en v&auml;rldsledande teknik ser jag p&aring; framtiden med stor optimism med fullt fokus att n&aring; v&aring;ra f&ouml;rs&auml;ljningsm&aring;l om 10 respektive 100 s&aring;lda produktionslinor till 2026 och 2033<\/em>.&rdquo; &ndash; VD Joakim Bystr&ouml;m<\/span><\/span><\/span><\/p>\n<h2 style=\"margin-top:11px;text-align:justify\"><span><span style=\"font-size:11pt\"><span style=\"font-family:arial,helvetica,sans-serif\"><span style=\"color:#002060\">Tilldelning<\/span><\/span><\/span><\/span><\/h2>\n<p style=\"text-align:justify\"><span><span style=\"font-size:10pt\"><span style=\"font-family:arial,helvetica,sans-serif\">Tilldelning av units som tecknats utan st&ouml;d av unitr&auml;tter har skett i enlighet med villkoren f&ouml;r F&ouml;retr&auml;desemissionen, vilka angivits i det EU-tillv&auml;xtprospekt som uppr&auml;ttats med anledning av F&ouml;retr&auml;desemissionen och som offentliggjordes den 30 november 2023. Besked om s&aring;dan tilldelning meddelas separat genom avr&auml;kningsnota. F&ouml;rvaltarregistrerade aktie&auml;gare erh&aring;ller besked om tilldelning i enlighet med instruktioner fr&aring;n respektive f&ouml;rvaltare.<\/span><\/span><\/span><\/p>\n<h2 style=\"margin-top:11px;text-align:justify\"><span><span style=\"font-size:11pt\"><span style=\"font-family:arial,helvetica,sans-serif\"><span style=\"color:#002060\">BTU<\/span><\/span><\/span><\/span><\/h2>\n<p style=\"text-align:justify\"><span><span style=\"font-size:10pt\"><span style=\"font-family:arial,helvetica,sans-serif\">Handel med BTU (Betald Tecknad Unit) sker p&aring; Spotlight Stock Market fram till omvandling av BTU till B-aktier och teckningsoptioner efter att F&ouml;retr&auml;desemissionen registrerats hos Bolagsverket. En (1) BTU inneh&aring;ller tolv (12) B-aktier, tv&aring; (2) teckningsoptioner av serie TO 1B och tv&aring; (2) teckningsoptioner av serie TO 2B. Registrering hos Bolagsverket ber&auml;knas ske under vecka 1, 2024 och s&aring; snart som m&ouml;jligt efter detta kommer omvandling av BTU till B-aktier och teckningsoptioner att ske.<\/span><\/span><\/span><\/p>\n<h2 style=\"margin-top:11px;text-align:justify\"><span><span style=\"font-size:11pt\"><span style=\"font-family:arial,helvetica,sans-serif\"><span style=\"color:#002060\">Aktier och aktiekapital<\/span><\/span><\/span><\/span><\/h2>\n<p style=\"text-align:justify\"><span><span style=\"font-size:10pt\"><span style=\"font-family:arial,helvetica,sans-serif\">Genom F&ouml;retr&auml;desemissionen kommer aktiekapitalet i Absolicon att &ouml;ka med 1 894 932,00 SEK genom utgivande av 1 894 932 B-aktier. Efter F&ouml;retr&auml;desemissionen kommer aktiekapitalet att uppg&aring; 5 718 190,00 SEK och antalet aktier kommer att uppg&aring; till totalt 5 718 190 aktier, efter registrering av F&ouml;retr&auml;desemissionen hos Bolagsverket.<\/span><\/span><\/span><\/p>\n<h2 style=\"margin-top:11px;text-align:justify\"><span><span style=\"font-size:11pt\"><span style=\"font-family:arial,helvetica,sans-serif\"><span style=\"color:#002060\">Teckningsoptioner av serie TO 1B<\/span><\/span><\/span><\/span><\/h2>\n<p style=\"text-align:justify\"><span><span style=\"font-size:10pt\"><span style=\"font-family:arial,helvetica,sans-serif\">Genom F&ouml;retr&auml;desemissionen emitteras &auml;ven 315 822 teckningsoptioner av serie TO 1B, vilka ber&auml;ttigar till teckning av 315 822 B-aktier i Bolaget. Nyttjandeperioden f&ouml;r teckning av B-aktier med st&ouml;d av teckningsoptioner av serie TO 1B kommer att l&ouml;pa fr&aring;n och med den 2 december 2024 till och med den 16 december 2024. Teckningskursen f&ouml;r nya B-aktier som tillkommit genom utnyttjande av teckningsoptionerna motsvarar 70 procent av den volymv&auml;gda genomsnittliga betalkursen f&ouml;r Bolagets B-aktier p&aring; Spotlight Stock Market under perioden fr&aring;n och med den 18 november 2024 till och med den 29 november 2024, dock inte till en teckningskurs h&ouml;gre &auml;n 30,00 SEK per B-aktie. Vid fullt utnyttjande av samtliga emitterade teckningsoptioner av serie TO 1B kommer aktiekapitalet att &ouml;ka med ytterligare 315 822,0 SEK och antalet aktier med 315 822 B-aktier. Bolaget kan d&auml;rmed komma att tillf&ouml;ras ytterligare h&ouml;gst cirka 9,5 MSEK f&ouml;re emissionskostnader. <\/span><\/span><\/span><\/p>\n<p style=\"text-align:justify\"><span><span style=\"font-size:10pt\"><span style=\"font-family:arial,helvetica,sans-serif\">Teckningsoptionerna av serie TO 1B avses tas upp till handel p&aring; Spotlight Stock Market efter att F&ouml;retr&auml;desemissionen har registrerats hos Bolagsverket.<\/span><\/span><\/span><\/p>\n<h2 style=\"margin-top:11px;text-align:justify\"><span><span style=\"font-size:11pt\"><span style=\"font-family:arial,helvetica,sans-serif\"><span style=\"color:#002060\">Teckningsoptioner av serie TO 2B<\/span><\/span><\/span><\/span><\/h2>\n<p style=\"text-align:justify\"><span><span style=\"font-size:10pt\"><span style=\"font-family:arial,helvetica,sans-serif\">Genom F&ouml;retr&auml;desemissionen emitteras &auml;ven 315&nbsp;822 teckningsoptioner av serie TO 2B, vilka ber&auml;ttigar till teckning av 315 822 B-aktier i Bolaget. Nyttjandeperioden f&ouml;r teckning av B-aktier med st&ouml;d av teckningsoptioner av serie TO 2B kommer att l&ouml;pa fr&aring;n och med den 30 november 2026 till och med den 15 december 2026. Teckningskursen f&ouml;r nya B-aktier som tillkommit genom utnyttjande av teckningsoptionerna uppg&aring;r till 60,00 SEK. Vid fullt utnyttjande av samtliga emitterade teckningsoptioner av serie TO 2B kommer aktiekapitalet att &ouml;ka med ytterligare 315 822,0 SEK och antalet aktier med 315 822 B-aktier. Bolaget kan d&auml;rmed komma att tillf&ouml;ras ytterligare h&ouml;gst cirka 18,9 MSEK f&ouml;re emissionskostnader. <\/span><\/span><\/span><\/p>\n<p style=\"text-align:justify\"><span><span style=\"font-size:10pt\"><span style=\"font-family:arial,helvetica,sans-serif\">Teckningsoptionerna av serie TO 2B avses tas upp till handel p&aring; Spotlight Stock Market efter att F&ouml;retr&auml;desemissionen har registrerats hos Bolagsverket.<\/span><\/span><\/span><\/p>\n<h2 style=\"margin-top:11px;text-align:justify\"><span><span style=\"font-size:11pt\"><span style=\"font-family:arial,helvetica,sans-serif\"><span style=\"color:#002060\">R&aring;dgivare<\/span><\/span><\/span><\/span><\/h2>\n<p style=\"text-align:justify\"><span><span style=\"font-size:10pt\"><span style=\"font-family:arial,helvetica,sans-serif\">Stockholm Corporate Finance &auml;r finansiell r&aring;dgivare till Absolicon i samband med F&ouml;retr&auml;desemissionen. Hagberg &amp; Aneborn Fondkommission &auml;r emissionsinstitut i samband med F&ouml;retr&auml;desemissionen.<\/span><\/span><\/span><\/p>\n<p style=\"text-align:justify\">\n<h2 style=\"margin-top:11px;text-align:justify\"><span><span style=\"font-size:11pt\"><span style=\"font-family:arial,helvetica,sans-serif\"><span style=\"color:#002060\">Om Stockholm Corporate Finance AB<\/span><\/span><\/span><\/span><\/h2>\n<p style=\"text-align:justify\"><span><span style=\"font-size:10pt\"><span style=\"font-family:arial,helvetica,sans-serif\">Stockholm Corporate Finance &auml;r en oberoende privat&auml;gd finansiell r&aring;dgivare som erbjuder tj&auml;nster inom kvalificerad r&aring;dgivning avseende kapitalanskaffning, &auml;garf&ouml;r&auml;ndringar, fusioner och f&ouml;rv&auml;rv (M&amp;A) till b&ouml;rsnoterade och privata f&ouml;retag och dess &auml;gare. Stockholm Corporate Finance &auml;r ett v&auml;rdepappersf&ouml;retag som st&aring;r under Finansinspektionens tillsyn och &auml;r medlem i branschorganisationen SwedSec Licensiering AB. F&ouml;r mer information se: www.stockholmcorp.se<\/span><\/span><\/span><\/p>\n<h2 style=\"margin-top:11px;text-align:justify\"><span><span style=\"font-size:11pt\"><span style=\"font-family:arial,helvetica,sans-serif\"><span style=\"color:#002060\">Viktig information<\/span><\/span><\/span><\/span><\/h2>\n<p style=\"text-align:justify\"><span><span style=\"font-size:10pt\"><span style=\"font-family:arial,helvetica,sans-serif\">Publicering, offentligg&ouml;rande eller distributionen av detta pressmeddelande kan i vissa jurisdiktioner vara f&ouml;rem&aring;l f&ouml;r restriktioner. Mottagarna av detta pressmeddelande i jurisdiktioner d&auml;r detta pressmeddelande har publicerats eller distribuerats ska informera sig sj&auml;lva om och f&ouml;lja s&aring;dana begr&auml;nsningar. Detta pressmeddelande utg&ouml;r inte ett erbjudande f&ouml;r allm&auml;nheten att f&ouml;rv&auml;rva, teckna eller p&aring; annat s&auml;tt handla med aktier eller andra v&auml;rdepapper i Bolaget i andra jurisdiktioner &auml;n Sverige.<\/span><\/span><\/span><\/p>\n<p style=\"text-align:justify\"><span><span style=\"font-size:10pt\"><span style=\"font-family:arial,helvetica,sans-serif\">Informationen i detta pressmeddelande f&aring;r inte offentligg&ouml;ras, publiceras eller distribueras, direkt eller indirekt, i eller till USA, Australien, Hongkong, Japan, Kanada, Nya Zeeland, Schweiz, Singapore, Sydafrika, Sydkorea, Ryssland, Belarus eller n&aring;gon annan jurisdiktion d&auml;r offentligg&ouml;randet, publiceringen eller distributionen av informationen inte skulle f&ouml;lja g&auml;llande lagar och f&ouml;rordningar eller skulle kr&auml;va ytterligare prospekt, registrering eller andra &aring;tg&auml;rder &auml;n de som kr&auml;vs enligt svensk lag. Informationen i detta pressmeddelande f&aring;r inte heller vidarebefordras eller reproduceras p&aring; s&auml;tt som st&aring;r i strid med s&aring;dana restriktioner eller skulle inneb&auml;ra s&aring;dana krav.&nbsp; &Aring;tg&auml;rder i strid med denna anvisning kan utg&ouml;ra brott mot till&auml;mplig v&auml;rdepapperslagstiftning. Varken unitr&auml;tter, betalda och tecknade units, nya aktier eller teckningsoptioner som tecknats i erbjudandet har registrerats eller kommer att registreras enligt United States Securities Act fr&aring;n 1933 i sin nuvarande lydelse (&rdquo;Securities Act&rdquo;) och f&aring;r inte erbjudas, tecknas, utnyttjas, pants&auml;ttas, s&auml;ljas, &aring;terf&ouml;rs&auml;ljas, levereras eller &ouml;verf&ouml;ras, direkt eller indirekt, i eller till USA, f&ouml;rutom enligt ett till&auml;mpligt undantag fr&aring;n registreringskraven i Securities Act. <\/span><\/span><\/span><\/p>\n<p style=\"text-align:justify\"><span><span style=\"font-size:10pt\"><span style=\"font-family:arial,helvetica,sans-serif\">Informationen i detta pressmeddelande utg&ouml;r inte ett erbjudande att f&ouml;rv&auml;rva, teckna eller p&aring; annat s&auml;tt handla med aktier eller andra v&auml;rdepapper i Absolicon. Detta dokument har inte godk&auml;nts av n&aring;gon myndighet, och informationen utg&ouml;r inte ett prospekt. I en EES-medlemsstat riktar sig detta meddelande endast till kvalificerade investerare i den medlemsstaten enligt prospektf&ouml;rordningens (2017\/1129) mening.<\/span><\/span><\/span><\/p>\n<h2 style=\"margin-top:11px;text-align:justify\"><span><span style=\"font-size:11pt\"><span style=\"font-family:arial,helvetica,sans-serif\"><span style=\"color:#002060\">Fram&aring;triktade uttalanden<\/span><\/span><\/span><\/span><\/h2>\n<p style=\"text-align:justify\"><span><span style=\"font-size:10pt\"><span style=\"font-family:arial,helvetica,sans-serif\">Detta pressmeddelande inneh&aring;ller fram&aring;triktade uttalanden som &aring;terspeglar Bolagets avsikter, &ouml;vertygelser eller nuvarande f&ouml;rv&auml;ntningar om och m&aring;l f&ouml;r Bolagets framtida verksamheter, finansiella situation, likviditet, resultat, utsikter, f&ouml;rv&auml;ntad tillv&auml;xt, strategier och m&ouml;jligheter samt marknaderna d&auml;r Bolaget verkar, bland annat med avseende p&aring; utsikterna f&ouml;r l&auml;kemedelsbehandlingar och studier. Fram&aring;triktade uttalanden &auml;r uttalanden som inte &auml;r historiska fakta och som kan identifieras med ord som &rdquo;tro&rdquo;, &rdquo;f&ouml;rv&auml;nta&rdquo;, &rdquo;f&ouml;rutse&rdquo;, &rdquo;avse&rdquo;, &rdquo;kan&rdquo;, &rdquo;planera&rdquo;, &rdquo;uppskatta&rdquo;, &rdquo;ska&rdquo;, &rdquo;b&ouml;r&rdquo;, &rdquo;kunde&rdquo;, &rdquo;sikta&rdquo; eller &rdquo;kanske&rdquo; eller, i varje enskilt fall, deras negativa, eller liknande, uttryck. De fram&aring;triktade uttalandena i detta pressmeddelande baseras p&aring; olika antaganden, varav m&aring;nga i sin tur baseras p&aring; ytterligare antaganden. Trots att Bolaget anser att f&ouml;rv&auml;ntningarna som &aring;terspeglas i dessa fram&aring;triktade uttalanden &auml;r rimliga, kan det inte ge n&aring;gra garantier om att de kommer att intr&auml;ffa eller visa sig vara korrekta. Eftersom dessa uttalanden grundar sig p&aring; antaganden eller uppskattningar och &auml;r f&ouml;rem&aring;l f&ouml;r risker och os&auml;kerhetsfaktorer kan de faktiska resultaten eller resultatet skilja sig v&auml;sentligt fr&aring;n de som framg&aring;r av de fram&aring;triktade uttalandena vilka &auml;r ett resultat av m&aring;nga faktorer. S&aring;dana risker, os&auml;kerhetsfaktorer, of&ouml;rutsedda h&auml;ndelser och andra viktiga faktorer kan leda till att faktiska h&auml;ndelser skiljer sig v&auml;sentligt fr&aring;n de f&ouml;rv&auml;ntningar som uttrycks eller &auml;r underf&ouml;rst&aring;dda i detta pressmeddelande genom s&aring;dana fram&aring;tblickande uttalanden. Bolaget garanterar inte att antagandena bakom de fram&aring;triktade uttalandena i detta pressmeddelande &auml;r fria fr&aring;n fel och accepterar inte n&aring;got ansvar f&ouml;r framtida exakthet i de &aring;sikter som uttrycks i detta pressmeddelande eller n&aring;gon skyldighet att uppdatera eller revidera uttalandena i detta pressmeddelande f&ouml;r att &aring;terspegla efterf&ouml;ljande h&auml;ndelser. Informationen, &aring;sikter och fram&aring;triktade uttalanden som ing&aring;r i detta pressmeddelande avser endast situationen vid dess datering och kan komma att &auml;ndras utan f&ouml;reg&aring;ende meddelande. Bolaget &aring;tar sig inte n&aring;gon skyldighet att granska, uppdatera, bekr&auml;fta eller offentligg&ouml;ra n&aring;gra revideringar av fram&aring;triktade uttalanden f&ouml;r att avspegla h&auml;ndelser som uppst&aring;r eller omst&auml;ndigheter som uppst&aring;r i relation till inneh&aring;llet i detta pressmeddelande.<\/span><\/span><\/span><\/p>\n<div id=\"_com_1\"><\/div>\n<p><\/p>\n<p>Denna information \u00e4r s\u00e5dan som Absolicon \u00e4r skyldigt att offentligg\u00f6ra enligt EU:s marknadsmissbruksf\u00f6rordning (EU nr 596\/2014). Informationen l\u00e4mnades, genom angiven kontaktpersons f\u00f6rsorg, f\u00f6r offentligg\u00f6rande 2023-12-20 14:42 CET.<\/p>\n","protected":false},"excerpt":{"rendered":"<p>DETTA PRESSMEDDELANDE F&Aring;R INTE OFFENTLIGG&Ouml;RAS, PUBLICERAS ELLER DISTRIBUERAS, DIREKT ELLER INDIREKT, I ELLER TILL USA, AUSTRALIEN, HONGKONG, JAPAN, KANADA, NYA ZEELAND, SCHWEIZ, SINGAPORE, SYDAFRIKA, SYDKOREA, RYSSLAND, BELARUS ELLER I N&Aring;GON ANNAN JURISDIKTION D&Auml;R OFFENTLIGG&Ouml;RANDE, PUBLICERING ELLER DISTRIBUTION AV INFORMATIONEN INTE SKULLE VARA F&Ouml;RENLIG MED TILL&Auml;MPLIGA REGLER ELLER KR&Auml;VA REGISTRERING ELLER N&Aring;GON ANNAN &Aring;TG&Auml;RD. DETTA PRESSMEDDELANDE [&hellip;]<\/p>\n","protected":false},"author":1,"featured_media":0,"comment_status":"open","ping_status":"open","sticky":false,"template":"","format":"standard","meta":{"_acf_changed":false,"footnotes":""},"categories":[23],"tags":[],"class_list":["post-15841","post","type-post","status-publish","format-standard","hentry","category-pressrelease"],"acf":[],"yoast_head":"<!-- This site is optimized with the Yoast SEO plugin v27.4 - https:\/\/yoast.com\/product\/yoast-seo-wordpress\/ -->\n<title>Absolicon offentligg\u00f6r utfall i f\u00f6retr\u00e4desemission - Absolicon<\/title>\n<meta name=\"robots\" content=\"index, follow, max-snippet:-1, max-image-preview:large, max-video-preview:-1\" \/>\n<link rel=\"canonical\" href=\"https:\/\/www.agma.com\/sv\/absolicon-offentliggor-utfall-i-foretradesemission\/\" \/>\n<meta property=\"og:locale\" content=\"sv_SE\" \/>\n<meta property=\"og:type\" content=\"article\" \/>\n<meta property=\"og:title\" content=\"Absolicon offentligg\u00f6r utfall i f\u00f6retr\u00e4desemission - Absolicon\" \/>\n<meta property=\"og:description\" content=\"DETTA PRESSMEDDELANDE F&Aring;R INTE OFFENTLIGG&Ouml;RAS, PUBLICERAS ELLER DISTRIBUERAS, DIREKT ELLER INDIREKT, I ELLER TILL USA, AUSTRALIEN, HONGKONG, JAPAN, KANADA, NYA ZEELAND, SCHWEIZ, SINGAPORE, SYDAFRIKA, SYDKOREA, RYSSLAND, BELARUS ELLER I N&Aring;GON ANNAN JURISDIKTION D&Auml;R OFFENTLIGG&Ouml;RANDE, PUBLICERING ELLER DISTRIBUTION AV INFORMATIONEN INTE SKULLE VARA F&Ouml;RENLIG MED TILL&Auml;MPLIGA REGLER ELLER KR&Auml;VA REGISTRERING ELLER N&Aring;GON ANNAN &Aring;TG&Auml;RD. DETTA PRESSMEDDELANDE [&hellip;]\" \/>\n<meta property=\"og:url\" content=\"https:\/\/www.agma.com\/sv\/absolicon-offentliggor-utfall-i-foretradesemission\/\" \/>\n<meta property=\"og:site_name\" content=\"Absolicon\" \/>\n<meta property=\"article:published_time\" content=\"2023-12-20T13:41:47+00:00\" \/>\n<meta name=\"author\" content=\"jakubschenk\" \/>\n<meta name=\"twitter:card\" content=\"summary_large_image\" \/>\n<meta name=\"twitter:label1\" content=\"Skriven av\" \/>\n\t<meta name=\"twitter:data1\" content=\"jakubschenk\" \/>\n<script type=\"application\/ld+json\" class=\"yoast-schema-graph\">{\"@context\":\"https:\\\/\\\/schema.org\",\"@graph\":[{\"@type\":\"Article\",\"@id\":\"https:\\\/\\\/www.agma.com\\\/sv\\\/absolicon-offentliggor-utfall-i-foretradesemission\\\/#article\",\"isPartOf\":{\"@id\":\"https:\\\/\\\/www.agma.com\\\/sv\\\/absolicon-offentliggor-utfall-i-foretradesemission\\\/\"},\"author\":{\"name\":\"jakubschenk\",\"@id\":\"https:\\\/\\\/www.agma.com\\\/sv\\\/#\\\/schema\\\/person\\\/6820b3ce1cc37edbaecc979090760d8b\"},\"headline\":\"Absolicon offentligg\u00f6r utfall i f\u00f6retr\u00e4desemission\",\"datePublished\":\"2023-12-20T13:41:47+00:00\",\"mainEntityOfPage\":{\"@id\":\"https:\\\/\\\/www.agma.com\\\/sv\\\/absolicon-offentliggor-utfall-i-foretradesemission\\\/\"},\"wordCount\":2172,\"commentCount\":0,\"publisher\":{\"@id\":\"https:\\\/\\\/www.agma.com\\\/sv\\\/#organization\"},\"articleSection\":[\"Pressrelease\"],\"inLanguage\":\"sv-SE\",\"potentialAction\":[{\"@type\":\"CommentAction\",\"name\":\"Comment\",\"target\":[\"https:\\\/\\\/www.agma.com\\\/sv\\\/absolicon-offentliggor-utfall-i-foretradesemission\\\/#respond\"]}]},{\"@type\":\"WebPage\",\"@id\":\"https:\\\/\\\/www.agma.com\\\/sv\\\/absolicon-offentliggor-utfall-i-foretradesemission\\\/\",\"url\":\"https:\\\/\\\/www.agma.com\\\/sv\\\/absolicon-offentliggor-utfall-i-foretradesemission\\\/\",\"name\":\"Absolicon offentligg\u00f6r utfall i f\u00f6retr\u00e4desemission - Absolicon\",\"isPartOf\":{\"@id\":\"https:\\\/\\\/www.agma.com\\\/sv\\\/#website\"},\"datePublished\":\"2023-12-20T13:41:47+00:00\",\"breadcrumb\":{\"@id\":\"https:\\\/\\\/www.agma.com\\\/sv\\\/absolicon-offentliggor-utfall-i-foretradesemission\\\/#breadcrumb\"},\"inLanguage\":\"sv-SE\",\"potentialAction\":[{\"@type\":\"ReadAction\",\"target\":[\"https:\\\/\\\/www.agma.com\\\/sv\\\/absolicon-offentliggor-utfall-i-foretradesemission\\\/\"]}]},{\"@type\":\"BreadcrumbList\",\"@id\":\"https:\\\/\\\/www.agma.com\\\/sv\\\/absolicon-offentliggor-utfall-i-foretradesemission\\\/#breadcrumb\",\"itemListElement\":[{\"@type\":\"ListItem\",\"position\":1,\"name\":\"Home\",\"item\":\"https:\\\/\\\/www.agma.com\\\/sv\\\/\"},{\"@type\":\"ListItem\",\"position\":2,\"name\":\"Absolicon offentligg\u00f6r utfall i f\u00f6retr\u00e4desemission\"}]},{\"@type\":\"WebSite\",\"@id\":\"https:\\\/\\\/www.agma.com\\\/sv\\\/#website\",\"url\":\"https:\\\/\\\/www.agma.com\\\/sv\\\/\",\"name\":\"Absolicon\",\"description\":\"\",\"publisher\":{\"@id\":\"https:\\\/\\\/www.agma.com\\\/sv\\\/#organization\"},\"potentialAction\":[{\"@type\":\"SearchAction\",\"target\":{\"@type\":\"EntryPoint\",\"urlTemplate\":\"https:\\\/\\\/www.agma.com\\\/sv\\\/?s={search_term_string}\"},\"query-input\":{\"@type\":\"PropertyValueSpecification\",\"valueRequired\":true,\"valueName\":\"search_term_string\"}}],\"inLanguage\":\"sv-SE\"},{\"@type\":\"Organization\",\"@id\":\"https:\\\/\\\/www.agma.com\\\/sv\\\/#organization\",\"name\":\"Absolicon\",\"url\":\"https:\\\/\\\/www.agma.com\\\/sv\\\/\",\"logo\":{\"@type\":\"ImageObject\",\"inLanguage\":\"sv-SE\",\"@id\":\"https:\\\/\\\/www.agma.com\\\/sv\\\/#\\\/schema\\\/logo\\\/image\\\/\",\"url\":\"https:\\\/\\\/www.agma.com\\\/wp-content\\\/uploads\\\/2026\\\/04\\\/logotype_neg_blk.svg\",\"contentUrl\":\"https:\\\/\\\/www.agma.com\\\/wp-content\\\/uploads\\\/2026\\\/04\\\/logotype_neg_blk.svg\",\"width\":705,\"height\":83,\"caption\":\"Absolicon\"},\"image\":{\"@id\":\"https:\\\/\\\/www.agma.com\\\/sv\\\/#\\\/schema\\\/logo\\\/image\\\/\"}},{\"@type\":\"Person\",\"@id\":\"https:\\\/\\\/www.agma.com\\\/sv\\\/#\\\/schema\\\/person\\\/6820b3ce1cc37edbaecc979090760d8b\",\"name\":\"jakubschenk\",\"image\":{\"@type\":\"ImageObject\",\"inLanguage\":\"sv-SE\",\"@id\":\"https:\\\/\\\/secure.gravatar.com\\\/avatar\\\/0ab843002d4a58702560e02354e5f9a3206e13bbfaa9df5a188e463870f605cd?s=96&d=mm&r=g\",\"url\":\"https:\\\/\\\/secure.gravatar.com\\\/avatar\\\/0ab843002d4a58702560e02354e5f9a3206e13bbfaa9df5a188e463870f605cd?s=96&d=mm&r=g\",\"contentUrl\":\"https:\\\/\\\/secure.gravatar.com\\\/avatar\\\/0ab843002d4a58702560e02354e5f9a3206e13bbfaa9df5a188e463870f605cd?s=96&d=mm&r=g\",\"caption\":\"jakubschenk\"},\"sameAs\":[\"https:\\\/\\\/www.agma.com\"],\"url\":\"https:\\\/\\\/www.agma.com\\\/sv\\\/author\\\/jakubschenk\\\/\"}]}<\/script>\n<!-- \/ Yoast SEO plugin. -->","yoast_head_json":{"title":"Absolicon offentligg\u00f6r utfall i f\u00f6retr\u00e4desemission - Absolicon","robots":{"index":"index","follow":"follow","max-snippet":"max-snippet:-1","max-image-preview":"max-image-preview:large","max-video-preview":"max-video-preview:-1"},"canonical":"https:\/\/www.agma.com\/sv\/absolicon-offentliggor-utfall-i-foretradesemission\/","og_locale":"sv_SE","og_type":"article","og_title":"Absolicon offentligg\u00f6r utfall i f\u00f6retr\u00e4desemission - Absolicon","og_description":"DETTA PRESSMEDDELANDE F&Aring;R INTE OFFENTLIGG&Ouml;RAS, PUBLICERAS ELLER DISTRIBUERAS, DIREKT ELLER INDIREKT, I ELLER TILL USA, AUSTRALIEN, HONGKONG, JAPAN, KANADA, NYA ZEELAND, SCHWEIZ, SINGAPORE, SYDAFRIKA, SYDKOREA, RYSSLAND, BELARUS ELLER I N&Aring;GON ANNAN JURISDIKTION D&Auml;R OFFENTLIGG&Ouml;RANDE, PUBLICERING ELLER DISTRIBUTION AV INFORMATIONEN INTE SKULLE VARA F&Ouml;RENLIG MED TILL&Auml;MPLIGA REGLER ELLER KR&Auml;VA REGISTRERING ELLER N&Aring;GON ANNAN &Aring;TG&Auml;RD. DETTA PRESSMEDDELANDE [&hellip;]","og_url":"https:\/\/www.agma.com\/sv\/absolicon-offentliggor-utfall-i-foretradesemission\/","og_site_name":"Absolicon","article_published_time":"2023-12-20T13:41:47+00:00","author":"jakubschenk","twitter_card":"summary_large_image","twitter_misc":{"Skriven av":"jakubschenk"},"schema":{"@context":"https:\/\/schema.org","@graph":[{"@type":"Article","@id":"https:\/\/www.agma.com\/sv\/absolicon-offentliggor-utfall-i-foretradesemission\/#article","isPartOf":{"@id":"https:\/\/www.agma.com\/sv\/absolicon-offentliggor-utfall-i-foretradesemission\/"},"author":{"name":"jakubschenk","@id":"https:\/\/www.agma.com\/sv\/#\/schema\/person\/6820b3ce1cc37edbaecc979090760d8b"},"headline":"Absolicon offentligg\u00f6r utfall i f\u00f6retr\u00e4desemission","datePublished":"2023-12-20T13:41:47+00:00","mainEntityOfPage":{"@id":"https:\/\/www.agma.com\/sv\/absolicon-offentliggor-utfall-i-foretradesemission\/"},"wordCount":2172,"commentCount":0,"publisher":{"@id":"https:\/\/www.agma.com\/sv\/#organization"},"articleSection":["Pressrelease"],"inLanguage":"sv-SE","potentialAction":[{"@type":"CommentAction","name":"Comment","target":["https:\/\/www.agma.com\/sv\/absolicon-offentliggor-utfall-i-foretradesemission\/#respond"]}]},{"@type":"WebPage","@id":"https:\/\/www.agma.com\/sv\/absolicon-offentliggor-utfall-i-foretradesemission\/","url":"https:\/\/www.agma.com\/sv\/absolicon-offentliggor-utfall-i-foretradesemission\/","name":"Absolicon offentligg\u00f6r utfall i f\u00f6retr\u00e4desemission - Absolicon","isPartOf":{"@id":"https:\/\/www.agma.com\/sv\/#website"},"datePublished":"2023-12-20T13:41:47+00:00","breadcrumb":{"@id":"https:\/\/www.agma.com\/sv\/absolicon-offentliggor-utfall-i-foretradesemission\/#breadcrumb"},"inLanguage":"sv-SE","potentialAction":[{"@type":"ReadAction","target":["https:\/\/www.agma.com\/sv\/absolicon-offentliggor-utfall-i-foretradesemission\/"]}]},{"@type":"BreadcrumbList","@id":"https:\/\/www.agma.com\/sv\/absolicon-offentliggor-utfall-i-foretradesemission\/#breadcrumb","itemListElement":[{"@type":"ListItem","position":1,"name":"Home","item":"https:\/\/www.agma.com\/sv\/"},{"@type":"ListItem","position":2,"name":"Absolicon offentligg\u00f6r utfall i f\u00f6retr\u00e4desemission"}]},{"@type":"WebSite","@id":"https:\/\/www.agma.com\/sv\/#website","url":"https:\/\/www.agma.com\/sv\/","name":"Absolicon","description":"","publisher":{"@id":"https:\/\/www.agma.com\/sv\/#organization"},"potentialAction":[{"@type":"SearchAction","target":{"@type":"EntryPoint","urlTemplate":"https:\/\/www.agma.com\/sv\/?s={search_term_string}"},"query-input":{"@type":"PropertyValueSpecification","valueRequired":true,"valueName":"search_term_string"}}],"inLanguage":"sv-SE"},{"@type":"Organization","@id":"https:\/\/www.agma.com\/sv\/#organization","name":"Absolicon","url":"https:\/\/www.agma.com\/sv\/","logo":{"@type":"ImageObject","inLanguage":"sv-SE","@id":"https:\/\/www.agma.com\/sv\/#\/schema\/logo\/image\/","url":"https:\/\/www.agma.com\/wp-content\/uploads\/2026\/04\/logotype_neg_blk.svg","contentUrl":"https:\/\/www.agma.com\/wp-content\/uploads\/2026\/04\/logotype_neg_blk.svg","width":705,"height":83,"caption":"Absolicon"},"image":{"@id":"https:\/\/www.agma.com\/sv\/#\/schema\/logo\/image\/"}},{"@type":"Person","@id":"https:\/\/www.agma.com\/sv\/#\/schema\/person\/6820b3ce1cc37edbaecc979090760d8b","name":"jakubschenk","image":{"@type":"ImageObject","inLanguage":"sv-SE","@id":"https:\/\/secure.gravatar.com\/avatar\/0ab843002d4a58702560e02354e5f9a3206e13bbfaa9df5a188e463870f605cd?s=96&d=mm&r=g","url":"https:\/\/secure.gravatar.com\/avatar\/0ab843002d4a58702560e02354e5f9a3206e13bbfaa9df5a188e463870f605cd?s=96&d=mm&r=g","contentUrl":"https:\/\/secure.gravatar.com\/avatar\/0ab843002d4a58702560e02354e5f9a3206e13bbfaa9df5a188e463870f605cd?s=96&d=mm&r=g","caption":"jakubschenk"},"sameAs":["https:\/\/www.agma.com"],"url":"https:\/\/www.agma.com\/sv\/author\/jakubschenk\/"}]}},"_links":{"self":[{"href":"https:\/\/www.agma.com\/sv\/wp-json\/wp\/v2\/posts\/15841","targetHints":{"allow":["GET"]}}],"collection":[{"href":"https:\/\/www.agma.com\/sv\/wp-json\/wp\/v2\/posts"}],"about":[{"href":"https:\/\/www.agma.com\/sv\/wp-json\/wp\/v2\/types\/post"}],"author":[{"embeddable":true,"href":"https:\/\/www.agma.com\/sv\/wp-json\/wp\/v2\/users\/1"}],"replies":[{"embeddable":true,"href":"https:\/\/www.agma.com\/sv\/wp-json\/wp\/v2\/comments?post=15841"}],"version-history":[{"count":0,"href":"https:\/\/www.agma.com\/sv\/wp-json\/wp\/v2\/posts\/15841\/revisions"}],"wp:attachment":[{"href":"https:\/\/www.agma.com\/sv\/wp-json\/wp\/v2\/media?parent=15841"}],"wp:term":[{"taxonomy":"category","embeddable":true,"href":"https:\/\/www.agma.com\/sv\/wp-json\/wp\/v2\/categories?post=15841"},{"taxonomy":"post_tag","embeddable":true,"href":"https:\/\/www.agma.com\/sv\/wp-json\/wp\/v2\/tags?post=15841"}],"curies":[{"name":"wp","href":"https:\/\/api.w.org\/{rel}","templated":true}]}}