{"id":16630,"date":"2024-02-27T09:48:23","date_gmt":"2024-02-27T09:48:23","guid":{"rendered":"https:\/\/www.absolicon.com\/bokslutskommunike-2023\/"},"modified":"2024-02-27T09:56:18","modified_gmt":"2024-02-27T09:56:18","slug":"bokslutskommunike-2023","status":"publish","type":"post","link":"https:\/\/www.agma.com\/sv\/bokslutskommunike-2023\/","title":{"rendered":"Bokslutskommunik\u00e9 2023"},"content":{"rendered":"<p style=\"margin-top: 12px;\"><span style=\"font-size: 11pt;\"><span style=\"font-family: arial,helvetica,sans-serif;\"><strong><span style=\"font-size: 9pt;\"><span style=\"font-family: arial,helvetica,sans-serif;\">Vd Joakim Bystr\u00f6n: FRAMTIDSTRO P\u00c5 COP28<\/span><\/span><\/strong><br \/>\n<span style=\"font-size: 9pt;\"><span style=\"font-family: arial,helvetica,sans-serif;\">V\u00e4rldens ledare tr\u00e4ffades till klimattoppm\u00f6te p\u00e5 COP28 i Dubai och i varje paviljong t\u00e4vlade l\u00e4nderna om att visa upp hur de skall n\u00e5 netto-noll i koldioxidutsl\u00e4pp. Det \u00e4r uppmuntrande att alla jordens l\u00e4nder st\u00e4ller sig bakom m\u00e5len om dramatiskt minskade utsl\u00e4pp av v\u00e4xthusgaser, \u00e4ven oljel\u00e4nder som Saudiarabien.<\/span><\/span><\/span><\/span><\/p>\n<p style=\"margin-top: 16px;\"><span style=\"font-size: 9pt;\"><span style=\"font-family: arial,helvetica,sans-serif;\">Absolicon var p\u00e5 plats f\u00f6r att skriva avtal med Zimbabwes energibolag ZESA om att b\u00f6rja arbetet med en produktionslina. F\u00f6r denna typ av l\u00e4nder \u00e4r det l\u00e5nga processer, men de \u00e4r angel\u00e4gna att investera f\u00f6r att utveckla landet.<\/span><\/span><\/p>\n<p style=\"margin-top: 16px;\"><span style=\"font-size: 9pt;\"><span style=\"font-family: arial,helvetica,sans-serif;\">Under perioden slutf\u00f6rde vi ett konsultuppdrag f\u00f6r Tetra Pak vilket resulterade i ett avtal som tecknades i januari 2024 om att tillsammans utveckla och s\u00e4lja soldrivna past\u00f6riseringsmaskiner. Tetra Pak \u00e4r en lovande samarbetspartner med m\u00e5nga av de livsmedelsindustrier vi v\u00e4nder oss till som kunder.<\/span><\/span><\/p>\n<p style=\"margin-top: 16px;\"><span style=\"font-size: 9pt;\"><span style=\"font-family: arial,helvetica,sans-serif;\">Kapitalanskaffningen i december 2023 skedde p\u00e5 en utmanande marknad, men i slut\u00e4ndan tecknades emissionen till 55% och garanterna beh\u00f6vde bara t\u00e4cka upp till den \u00f6verenskomna niv\u00e5n om 62%. Flertalet av garanterna valde dessutom att f\u00e5 ers\u00e4ttningen i form av aktier vilket var gl\u00e4djande.<\/span><\/span><\/p>\n<p style=\"margin-top: 16px;\"><span style=\"font-size: 9pt;\"><span style=\"font-family: arial,helvetica,sans-serif;\">De senaste \u00e5ren har vi kunnat vara mycket expansiva med stora marknadssatsningar. Nu anpassar vi v\u00e5ra investeringar och kostnader och arbetar med att hitta fler int\u00e4ktstr\u00f6mmar.<\/span><\/span><\/p>\n<p style=\"margin-top: 16px;\"><span style=\"font-size: 9pt;\"><span style=\"font-family: arial,helvetica,sans-serif;\">Den f\u00f6r\u00e4nderliga energimarknaden och kraven p\u00e5 minskade utsl\u00e4pp \u00e4r utmanande f\u00f6r storbolagen. Absolicons m\u00e5ng\u00e5riga erfarenhet inom energiomr\u00e5det g\u00f6r att vi kan ber\u00e4kna den billigaste mixen av solv\u00e4rme, elektrifiering och f\u00f6rnyelsebara br\u00e4nslen. Vi utvecklar nu konsultverksamheten med fler erbjudanden och tydligare s\u00e4ljaktiviteter.<\/span><\/span><\/p>\n<p style=\"margin-top: 16px;\"><span style=\"font-size: 9pt;\"><span style=\"font-family: arial,helvetica,sans-serif;\">V\u00e5ra solv\u00e4rmeinstallationer p\u00e5 Carlsberg i Grekland och Peroni i Italien har visat sig vara just de viktiga visningsanl\u00e4ggningar som vi beh\u00f6vde. Speciellt i Italien har intresset varit stort. D\u00e4r arbetar Absolicon tillsammans med v\u00e5r italienska partner Ideal-E som sedan ett \u00e5r tillbaka har s\u00e4krat en byggnad f\u00f6r en produktionslina.<\/span><\/span><\/p>\n<p style=\"margin-top: 16px;\"><span style=\"font-size: 9pt;\"><span style=\"font-family: arial,helvetica,sans-serif;\">Installationerna har varit n\u00f6dv\u00e4ndiga, b\u00e5de f\u00f6r visning och f\u00f6r att vi skall l\u00e4ra oss installera billigt och effektivt, men de har varit resurskr\u00e4vande och dyra. Efter diskussioner med v\u00e5r revisor skriver vi ner v\u00e4rdet p\u00e5 installationerna f\u00f6r att f\u00e5 ett r\u00e4ttvisande v\u00e4rde i \u00e5rsbokslutet.<\/span><\/span><\/p>\n<p style=\"margin-top: 16px;\"><span style=\"font-size: 9pt;\"><span style=\"font-family: arial,helvetica,sans-serif;\">P\u00e5 flera platser i v\u00e4rlden arbetar vi nu med nya installationer med v\u00e5ra vunna erfarenheter. I slutet av december skeppade vi solf\u00e5ngare till Coca-cola i Indien och till EU-projektet FREINDSHIP i Frankrike. Vi hoppas ocks\u00e5 \u00e4ntligen f\u00e5 v\u00e5r installation p\u00e5 tefabriken i Kenya p\u00e5 plats.<\/span><\/span><\/p>\n<p style=\"margin-top: 16px;\"><span style=\"font-size: 9pt;\"><span style=\"font-family: arial,helvetica,sans-serif;\">B\u00e5de f\u00f6r oss och f\u00f6r aktiemarknaden \u00e4r det frustrerande att det tar s\u00e5dan tid att f\u00e5 b\u00f6rja leverera och f\u00e5 betalt f\u00f6r de produktionslinor vi s\u00e5lt. M\u00e5nga aktie\u00e4gare f\u00f6ljer v\u00e5r utveckling n\u00e4ra, och \u00e4ven om vi initialt missbed\u00f6mt tidshorisonten i dessa projekt r\u00f6r sig processerna stadigt fram\u00e5t.<\/span><\/span><\/p>\n<p style=\"margin-top: 16px;\"><em><span style=\"font-size: 9pt;\"><span style=\"font-family: arial,helvetica,sans-serif;\">Joakim Bystr\u00f6m, CEO Absolicon Solar Collector AB<\/span><\/span><\/em><\/p>\n<p style=\"margin-top: 16px;\"><span style=\"font-size: 11pt;\"><span style=\"font-family: arial,helvetica,sans-serif;\"><strong><span style=\"font-size: 9pt;\"><span style=\"font-family: arial,helvetica,sans-serif;\">Finansiella m\u00e5l<\/span><\/span><\/strong><br \/>\n<span style=\"font-size: 9pt;\"><span style=\"font-family: arial,helvetica,sans-serif;\">Absolicon har haft finansiella m\u00e5l att styra verksamheten mot. Nya m\u00e5l kommer presenteras i april 2024.<\/span><\/span><\/span><\/span><\/p>\n<ul>\n<li style=\"font-family: arial,helvetica,sans-serif; font-size: 9pt; margin-left: 8px; margin-top: 16px;\"><span style=\"font-size: 11pt;\"><span style=\"font-family: arial,helvetica,sans-serif;\"><span style=\"font-size: 9pt;\"><span style=\"font-family: arial,helvetica,sans-serif;\">M\u00e5let att inkomsten fr\u00e5n att tv\u00e5 s\u00e5lda produktionslinorna per \u00e5r inklusive material till solf\u00e5ngare skall ge ett positivt kassafl\u00f6de med nuvarande aff\u00e4rsmodell \u00e4r uppfyllt. Nuvarande kostnadsbild \u00e4r avsev\u00e4rt l\u00e4gre \u00e4n vid ing\u00e5ngen av 2023.<\/span><\/span><\/span><\/span><\/li>\n<li style=\"font-family: arial,helvetica,sans-serif; font-size: 9pt; margin-left: 8px; margin-top: 16px;\"><span style=\"font-size: 11pt;\"><span style=\"font-family: arial,helvetica,sans-serif;\"><span style=\"font-size: 9pt;\"><span style=\"font-family: arial,helvetica,sans-serif;\">M\u00e5let om att ha interna rutiner och ekonomisk redovisning i skick f\u00f6r att vara redo att noteras p\u00e5 Stockholmsb\u00f6rsen (Nasdaq Stockholm) \u00e4r uppfyllt.<\/span><\/span><\/span><\/span><\/li>\n<li style=\"font-family: arial,helvetica,sans-serif; font-size: 9pt; margin-left: 8px; margin-top: 16px;\"><span style=\"font-size: 11pt;\"><span style=\"font-family: arial,helvetica,sans-serif;\"><span style=\"font-size: 9pt;\"><span style=\"font-family: arial,helvetica,sans-serif;\">M\u00e5let att Absolicon ska oms\u00e4tta 100 miljoner under perioden 1 jan 2023 till 30 juni 2024 samt m\u00e5let att Absolicon \u00e5r 2026 skall Absolicon s\u00e5lt och levererat minst 10 produktionslinor kommer att uppdateras. <\/span><\/span><\/span><\/span><\/li>\n<\/ul>\n<p style=\"margin-top: 16px;\"><strong><span style=\"font-size: 9pt;\"><span style=\"font-family: arial,helvetica,sans-serif;\">V\u00e4sentliga h\u00e4ndelser under perioden<\/span><\/span><\/strong><\/p>\n<ul>\n<li style=\"font-family: arial,helvetica,sans-serif; font-size: 9pt; margin-left: 8px; margin-top: 16px;\"><span style=\"font-size: 11pt;\"><span style=\"font-family: arial,helvetica,sans-serif;\"><span style=\"font-size: 9pt;\"><span style=\"font-family: arial,helvetica,sans-serif;\">F\u00f6retr\u00e4desemisson genomf\u00f6rd och tecknad till 62% inklusive garanter.<\/span><\/span><\/span><\/span><\/li>\n<li style=\"font-family: arial,helvetica,sans-serif; font-size: 9pt; margin-left: 8px; margin-top: 16px;\"><span style=\"font-size: 11pt;\"><span style=\"font-family: arial,helvetica,sans-serif;\"><span style=\"font-size: 9pt;\"><span style=\"font-family: arial,helvetica,sans-serif;\">Samarbetsavtal med statligt energibolag i Zimbabwe undertecknat p\u00e5 COP28<\/span><\/span><\/span><\/span><\/li>\n<li style=\"font-family: arial,helvetica,sans-serif; font-size: 9pt; margin-left: 8px; margin-top: 16px;\"><span style=\"font-size: 11pt;\"><span style=\"font-family: arial,helvetica,sans-serif;\"><span style=\"font-size: 9pt;\"><span style=\"font-family: arial,helvetica,sans-serif;\">Fredrik Spendrup ny strategisk r\u00e5dgivare<\/span><\/span><\/span><\/span><\/li>\n<\/ul>\n<p style=\"margin-top: 16px;\"><span style=\"font-size: 11pt;\"><span style=\"font-family: arial,helvetica,sans-serif;\"><strong><span style=\"font-size: 9pt;\"><span style=\"font-family: arial,helvetica,sans-serif;\">Nedskrivning av visningsanl\u00e4ggningar<\/span><\/span><\/strong><br \/>\n<span style=\"font-size: 9pt;\"><span style=\"font-family: arial,helvetica,sans-serif;\">Absolicons installationer av solf\u00e5ngare p\u00e5 Carlsbergs Olympic Brewery i Thessaloniki och hos Birra Peroni i Bari \u00e4r viktiga visningsinstallationer. Anl\u00e4ggningarna skrivs i bokslutet ned till ett v\u00e4rde baserat p\u00e5 den energi de producerar, vilket motsvarar vad solf\u00e5ngarf\u00e4lten skulle kosta att uppf\u00f6ra som en del av en st\u00f6rre installation.<\/span><\/span><\/span><\/span><\/p>\n<p style=\"margin-top: 16px;\"><span style=\"font-size: 11pt;\"><span style=\"font-family: arial,helvetica,sans-serif;\"><strong><span style=\"font-size: 9pt;\"><span style=\"font-family: arial,helvetica,sans-serif;\">\u00c5rsst\u00e4mma<\/span><\/span><\/strong><br \/>\n<span style=\"font-size: 9pt;\"><span style=\"font-family: arial,helvetica,sans-serif;\">Absolicons aktie\u00e4gare v\u00e4lkomnas till \u00e5rsst\u00e4mma i H\u00e4rn\u00f6sand p\u00e5 Fiskaregatan 11 den 14 juni kl. 16.00.<\/span><\/span><\/span><\/span><\/p>\n<p><span style=\"font-size: 9pt;\"><span style=\"font-family: arial,helvetica,sans-serif;\">\u00c5rsredovisningen kommer h\u00e5llas tillg\u00e4nglig p\u00e5 Absolicons hemsida senast 2024-05-31.<\/span><\/span><\/p>\n<p style=\"margin-top: 16px;\"><span style=\"font-size: 11pt;\"><span style=\"font-family: arial,helvetica,sans-serif;\"><strong><span style=\"font-size: 9pt;\"><span style=\"font-family: arial,helvetica,sans-serif;\">Styrelsens f\u00f6rslag till vinstdisposition<\/span><\/span><\/strong><br \/>\n<span style=\"font-size: 9pt;\"><span style=\"font-family: arial,helvetica,sans-serif;\">Styrelsen och verkst\u00e4llande direkt\u00f6ren f\u00f6resl\u00e5r att ingen utdelning l\u00e4mnas f\u00f6r r\u00e4kenskaps\u00e5ret.<\/span><\/span><\/span><\/span><\/p>\n<p style=\"margin-top: 16px;\"><span style=\"font-size: 11pt;\"><span style=\"font-family: arial,helvetica,sans-serif;\"><strong><span style=\"font-size: 9pt;\"><span style=\"font-family: arial,helvetica,sans-serif;\">Nyckeltal<\/span><\/span><\/strong><br \/>\n<span style=\"font-size: 9pt;\"><span style=\"font-family: arial,helvetica,sans-serif;\">Fj\u00e4rde kvartalet: 2023-10-01-2023-12-31<\/span><\/span><\/span><\/span><\/p>\n<ul>\n<li style=\"font-family: arial,helvetica,sans-serif; font-size: 9pt; margin-left: 8px; margin-top: 16px;\"><span style=\"font-size: 11pt;\"><span style=\"font-family: arial,helvetica,sans-serif;\"><span style=\"font-size: 9pt;\"><span style=\"font-family: arial,helvetica,sans-serif;\">Nettooms\u00e4ttning uppgick till 630 (723) KSEK<\/span><\/span><\/span><\/span><\/li>\n<li style=\"font-family: arial,helvetica,sans-serif; font-size: 9pt; margin-left: 8px; margin-top: 16px;\"><span style=\"font-size: 11pt;\"><span style=\"font-family: arial,helvetica,sans-serif;\"><span style=\"font-size: 9pt;\"><span style=\"font-family: arial,helvetica,sans-serif;\">R\u00f6relseresultat uppgick till -55 482 (-21 559) KSEK<\/span><\/span><\/span><\/span><\/li>\n<li style=\"font-family: arial,helvetica,sans-serif; font-size: 9pt; margin-left: 8px; margin-top: 16px;\"><span style=\"font-size: 11pt;\"><span style=\"font-family: arial,helvetica,sans-serif;\"><span style=\"font-size: 9pt;\"><span style=\"font-family: arial,helvetica,sans-serif;\">Periodens resultat uppgick till -55 578 (-21 505) KSEK<\/span><\/span><\/span><\/span><\/li>\n<li style=\"font-family: arial,helvetica,sans-serif; font-size: 9pt; margin-left: 8px; margin-top: 16px;\"><span style=\"font-size: 11pt;\"><span style=\"font-family: arial,helvetica,sans-serif;\"><span style=\"font-size: 9pt;\"><span style=\"font-family: arial,helvetica,sans-serif;\">Kassafl\u00f6det fr\u00e5n den l\u00f6pande verksamheten uppgick till -9 642 (-12 457) KSEK<\/span><\/span><\/span><\/span><\/li>\n<\/ul>\n<p style=\"margin-top: 16px;\"><span style=\"font-size: 9pt;\"><span style=\"font-family: arial,helvetica,sans-serif;\">Resultat per aktie:<br \/>\nResultat per aktie uppgick till -9,72 (-6,45) kr.<\/span><\/span><\/p>\n<p><a href=\"https:\/\/www.agma.com\/sv\/investor\/finansiella-rapporter\/\">L\u00e4s hela Bokslutskommunik\u00e9 2023 &gt;&gt;<\/a><\/p>\n","protected":false},"excerpt":{"rendered":"<p>Vd Joakim Bystr\u00f6n: FRAMTIDSTRO P\u00c5 COP28 V\u00e4rldens ledare tr\u00e4ffades till klimattoppm\u00f6te p\u00e5 COP28 i Dubai och i varje paviljong t\u00e4vlade l\u00e4nderna om att visa upp hur de skall n\u00e5 netto-noll i koldioxidutsl\u00e4pp. Det \u00e4r uppmuntrande att alla jordens l\u00e4nder st\u00e4ller sig bakom m\u00e5len om dramatiskt minskade utsl\u00e4pp av v\u00e4xthusgaser, \u00e4ven oljel\u00e4nder som Saudiarabien. Absolicon var [&hellip;]<\/p>\n","protected":false},"author":1,"featured_media":0,"comment_status":"open","ping_status":"open","sticky":false,"template":"","format":"standard","meta":{"_acf_changed":false,"footnotes":""},"categories":[24],"tags":[],"class_list":["post-16630","post","type-post","status-publish","format-standard","hentry","category-delarsrapport"],"acf":[],"yoast_head":"<!-- This site is optimized with the Yoast SEO plugin v27.4 - https:\/\/yoast.com\/product\/yoast-seo-wordpress\/ -->\n<title>Bokslutskommunik\u00e9 2023 - Absolicon<\/title>\n<meta name=\"robots\" content=\"index, follow, max-snippet:-1, max-image-preview:large, max-video-preview:-1\" \/>\n<link rel=\"canonical\" href=\"https:\/\/www.agma.com\/sv\/bokslutskommunike-2023\/\" \/>\n<meta property=\"og:locale\" content=\"sv_SE\" \/>\n<meta property=\"og:type\" content=\"article\" \/>\n<meta property=\"og:title\" content=\"Bokslutskommunik\u00e9 2023 - Absolicon\" \/>\n<meta property=\"og:description\" content=\"Vd Joakim Bystr\u00f6n: FRAMTIDSTRO P\u00c5 COP28 V\u00e4rldens ledare tr\u00e4ffades till klimattoppm\u00f6te p\u00e5 COP28 i Dubai och i varje paviljong t\u00e4vlade l\u00e4nderna om att visa upp hur de skall n\u00e5 netto-noll i koldioxidutsl\u00e4pp. Det \u00e4r uppmuntrande att alla jordens l\u00e4nder st\u00e4ller sig bakom m\u00e5len om dramatiskt minskade utsl\u00e4pp av v\u00e4xthusgaser, \u00e4ven oljel\u00e4nder som Saudiarabien. Absolicon var [&hellip;]\" \/>\n<meta property=\"og:url\" content=\"https:\/\/www.agma.com\/sv\/bokslutskommunike-2023\/\" \/>\n<meta property=\"og:site_name\" content=\"Absolicon\" \/>\n<meta property=\"article:published_time\" content=\"2024-02-27T09:48:23+00:00\" \/>\n<meta property=\"article:modified_time\" content=\"2024-02-27T09:56:18+00:00\" \/>\n<meta name=\"author\" content=\"jakubschenk\" \/>\n<meta name=\"twitter:card\" content=\"summary_large_image\" \/>\n<meta name=\"twitter:label1\" content=\"Skriven av\" \/>\n\t<meta name=\"twitter:data1\" content=\"jakubschenk\" \/>\n<script type=\"application\/ld+json\" class=\"yoast-schema-graph\">{\"@context\":\"https:\\\/\\\/schema.org\",\"@graph\":[{\"@type\":\"Article\",\"@id\":\"https:\\\/\\\/www.agma.com\\\/sv\\\/bokslutskommunike-2023\\\/#article\",\"isPartOf\":{\"@id\":\"https:\\\/\\\/www.agma.com\\\/sv\\\/bokslutskommunike-2023\\\/\"},\"author\":{\"name\":\"jakubschenk\",\"@id\":\"https:\\\/\\\/www.agma.com\\\/sv\\\/#\\\/schema\\\/person\\\/6820b3ce1cc37edbaecc979090760d8b\"},\"headline\":\"Bokslutskommunik\u00e9 2023\",\"datePublished\":\"2024-02-27T09:48:23+00:00\",\"dateModified\":\"2024-02-27T09:56:18+00:00\",\"mainEntityOfPage\":{\"@id\":\"https:\\\/\\\/www.agma.com\\\/sv\\\/bokslutskommunike-2023\\\/\"},\"wordCount\":843,\"commentCount\":0,\"publisher\":{\"@id\":\"https:\\\/\\\/www.agma.com\\\/sv\\\/#organization\"},\"articleSection\":[\"Del\u00e5rsrapport\"],\"inLanguage\":\"sv-SE\",\"potentialAction\":[{\"@type\":\"CommentAction\",\"name\":\"Comment\",\"target\":[\"https:\\\/\\\/www.agma.com\\\/sv\\\/bokslutskommunike-2023\\\/#respond\"]}]},{\"@type\":\"WebPage\",\"@id\":\"https:\\\/\\\/www.agma.com\\\/sv\\\/bokslutskommunike-2023\\\/\",\"url\":\"https:\\\/\\\/www.agma.com\\\/sv\\\/bokslutskommunike-2023\\\/\",\"name\":\"Bokslutskommunik\u00e9 2023 - Absolicon\",\"isPartOf\":{\"@id\":\"https:\\\/\\\/www.agma.com\\\/sv\\\/#website\"},\"datePublished\":\"2024-02-27T09:48:23+00:00\",\"dateModified\":\"2024-02-27T09:56:18+00:00\",\"breadcrumb\":{\"@id\":\"https:\\\/\\\/www.agma.com\\\/sv\\\/bokslutskommunike-2023\\\/#breadcrumb\"},\"inLanguage\":\"sv-SE\",\"potentialAction\":[{\"@type\":\"ReadAction\",\"target\":[\"https:\\\/\\\/www.agma.com\\\/sv\\\/bokslutskommunike-2023\\\/\"]}]},{\"@type\":\"BreadcrumbList\",\"@id\":\"https:\\\/\\\/www.agma.com\\\/sv\\\/bokslutskommunike-2023\\\/#breadcrumb\",\"itemListElement\":[{\"@type\":\"ListItem\",\"position\":1,\"name\":\"Home\",\"item\":\"https:\\\/\\\/www.agma.com\\\/sv\\\/\"},{\"@type\":\"ListItem\",\"position\":2,\"name\":\"Bokslutskommunik\u00e9 2023\"}]},{\"@type\":\"WebSite\",\"@id\":\"https:\\\/\\\/www.agma.com\\\/sv\\\/#website\",\"url\":\"https:\\\/\\\/www.agma.com\\\/sv\\\/\",\"name\":\"Absolicon\",\"description\":\"\",\"publisher\":{\"@id\":\"https:\\\/\\\/www.agma.com\\\/sv\\\/#organization\"},\"potentialAction\":[{\"@type\":\"SearchAction\",\"target\":{\"@type\":\"EntryPoint\",\"urlTemplate\":\"https:\\\/\\\/www.agma.com\\\/sv\\\/?s={search_term_string}\"},\"query-input\":{\"@type\":\"PropertyValueSpecification\",\"valueRequired\":true,\"valueName\":\"search_term_string\"}}],\"inLanguage\":\"sv-SE\"},{\"@type\":\"Organization\",\"@id\":\"https:\\\/\\\/www.agma.com\\\/sv\\\/#organization\",\"name\":\"Absolicon\",\"url\":\"https:\\\/\\\/www.agma.com\\\/sv\\\/\",\"logo\":{\"@type\":\"ImageObject\",\"inLanguage\":\"sv-SE\",\"@id\":\"https:\\\/\\\/www.agma.com\\\/sv\\\/#\\\/schema\\\/logo\\\/image\\\/\",\"url\":\"https:\\\/\\\/www.agma.com\\\/wp-content\\\/uploads\\\/2026\\\/04\\\/logotype_neg_blk.svg\",\"contentUrl\":\"https:\\\/\\\/www.agma.com\\\/wp-content\\\/uploads\\\/2026\\\/04\\\/logotype_neg_blk.svg\",\"width\":705,\"height\":83,\"caption\":\"Absolicon\"},\"image\":{\"@id\":\"https:\\\/\\\/www.agma.com\\\/sv\\\/#\\\/schema\\\/logo\\\/image\\\/\"}},{\"@type\":\"Person\",\"@id\":\"https:\\\/\\\/www.agma.com\\\/sv\\\/#\\\/schema\\\/person\\\/6820b3ce1cc37edbaecc979090760d8b\",\"name\":\"jakubschenk\",\"image\":{\"@type\":\"ImageObject\",\"inLanguage\":\"sv-SE\",\"@id\":\"https:\\\/\\\/secure.gravatar.com\\\/avatar\\\/0ab843002d4a58702560e02354e5f9a3206e13bbfaa9df5a188e463870f605cd?s=96&d=mm&r=g\",\"url\":\"https:\\\/\\\/secure.gravatar.com\\\/avatar\\\/0ab843002d4a58702560e02354e5f9a3206e13bbfaa9df5a188e463870f605cd?s=96&d=mm&r=g\",\"contentUrl\":\"https:\\\/\\\/secure.gravatar.com\\\/avatar\\\/0ab843002d4a58702560e02354e5f9a3206e13bbfaa9df5a188e463870f605cd?s=96&d=mm&r=g\",\"caption\":\"jakubschenk\"},\"sameAs\":[\"https:\\\/\\\/www.agma.com\"],\"url\":\"https:\\\/\\\/www.agma.com\\\/sv\\\/author\\\/jakubschenk\\\/\"}]}<\/script>\n<!-- \/ Yoast SEO plugin. -->","yoast_head_json":{"title":"Bokslutskommunik\u00e9 2023 - Absolicon","robots":{"index":"index","follow":"follow","max-snippet":"max-snippet:-1","max-image-preview":"max-image-preview:large","max-video-preview":"max-video-preview:-1"},"canonical":"https:\/\/www.agma.com\/sv\/bokslutskommunike-2023\/","og_locale":"sv_SE","og_type":"article","og_title":"Bokslutskommunik\u00e9 2023 - Absolicon","og_description":"Vd Joakim Bystr\u00f6n: FRAMTIDSTRO P\u00c5 COP28 V\u00e4rldens ledare tr\u00e4ffades till klimattoppm\u00f6te p\u00e5 COP28 i Dubai och i varje paviljong t\u00e4vlade l\u00e4nderna om att visa upp hur de skall n\u00e5 netto-noll i koldioxidutsl\u00e4pp. Det \u00e4r uppmuntrande att alla jordens l\u00e4nder st\u00e4ller sig bakom m\u00e5len om dramatiskt minskade utsl\u00e4pp av v\u00e4xthusgaser, \u00e4ven oljel\u00e4nder som Saudiarabien. Absolicon var [&hellip;]","og_url":"https:\/\/www.agma.com\/sv\/bokslutskommunike-2023\/","og_site_name":"Absolicon","article_published_time":"2024-02-27T09:48:23+00:00","article_modified_time":"2024-02-27T09:56:18+00:00","author":"jakubschenk","twitter_card":"summary_large_image","twitter_misc":{"Skriven av":"jakubschenk"},"schema":{"@context":"https:\/\/schema.org","@graph":[{"@type":"Article","@id":"https:\/\/www.agma.com\/sv\/bokslutskommunike-2023\/#article","isPartOf":{"@id":"https:\/\/www.agma.com\/sv\/bokslutskommunike-2023\/"},"author":{"name":"jakubschenk","@id":"https:\/\/www.agma.com\/sv\/#\/schema\/person\/6820b3ce1cc37edbaecc979090760d8b"},"headline":"Bokslutskommunik\u00e9 2023","datePublished":"2024-02-27T09:48:23+00:00","dateModified":"2024-02-27T09:56:18+00:00","mainEntityOfPage":{"@id":"https:\/\/www.agma.com\/sv\/bokslutskommunike-2023\/"},"wordCount":843,"commentCount":0,"publisher":{"@id":"https:\/\/www.agma.com\/sv\/#organization"},"articleSection":["Del\u00e5rsrapport"],"inLanguage":"sv-SE","potentialAction":[{"@type":"CommentAction","name":"Comment","target":["https:\/\/www.agma.com\/sv\/bokslutskommunike-2023\/#respond"]}]},{"@type":"WebPage","@id":"https:\/\/www.agma.com\/sv\/bokslutskommunike-2023\/","url":"https:\/\/www.agma.com\/sv\/bokslutskommunike-2023\/","name":"Bokslutskommunik\u00e9 2023 - Absolicon","isPartOf":{"@id":"https:\/\/www.agma.com\/sv\/#website"},"datePublished":"2024-02-27T09:48:23+00:00","dateModified":"2024-02-27T09:56:18+00:00","breadcrumb":{"@id":"https:\/\/www.agma.com\/sv\/bokslutskommunike-2023\/#breadcrumb"},"inLanguage":"sv-SE","potentialAction":[{"@type":"ReadAction","target":["https:\/\/www.agma.com\/sv\/bokslutskommunike-2023\/"]}]},{"@type":"BreadcrumbList","@id":"https:\/\/www.agma.com\/sv\/bokslutskommunike-2023\/#breadcrumb","itemListElement":[{"@type":"ListItem","position":1,"name":"Home","item":"https:\/\/www.agma.com\/sv\/"},{"@type":"ListItem","position":2,"name":"Bokslutskommunik\u00e9 2023"}]},{"@type":"WebSite","@id":"https:\/\/www.agma.com\/sv\/#website","url":"https:\/\/www.agma.com\/sv\/","name":"Absolicon","description":"","publisher":{"@id":"https:\/\/www.agma.com\/sv\/#organization"},"potentialAction":[{"@type":"SearchAction","target":{"@type":"EntryPoint","urlTemplate":"https:\/\/www.agma.com\/sv\/?s={search_term_string}"},"query-input":{"@type":"PropertyValueSpecification","valueRequired":true,"valueName":"search_term_string"}}],"inLanguage":"sv-SE"},{"@type":"Organization","@id":"https:\/\/www.agma.com\/sv\/#organization","name":"Absolicon","url":"https:\/\/www.agma.com\/sv\/","logo":{"@type":"ImageObject","inLanguage":"sv-SE","@id":"https:\/\/www.agma.com\/sv\/#\/schema\/logo\/image\/","url":"https:\/\/www.agma.com\/wp-content\/uploads\/2026\/04\/logotype_neg_blk.svg","contentUrl":"https:\/\/www.agma.com\/wp-content\/uploads\/2026\/04\/logotype_neg_blk.svg","width":705,"height":83,"caption":"Absolicon"},"image":{"@id":"https:\/\/www.agma.com\/sv\/#\/schema\/logo\/image\/"}},{"@type":"Person","@id":"https:\/\/www.agma.com\/sv\/#\/schema\/person\/6820b3ce1cc37edbaecc979090760d8b","name":"jakubschenk","image":{"@type":"ImageObject","inLanguage":"sv-SE","@id":"https:\/\/secure.gravatar.com\/avatar\/0ab843002d4a58702560e02354e5f9a3206e13bbfaa9df5a188e463870f605cd?s=96&d=mm&r=g","url":"https:\/\/secure.gravatar.com\/avatar\/0ab843002d4a58702560e02354e5f9a3206e13bbfaa9df5a188e463870f605cd?s=96&d=mm&r=g","contentUrl":"https:\/\/secure.gravatar.com\/avatar\/0ab843002d4a58702560e02354e5f9a3206e13bbfaa9df5a188e463870f605cd?s=96&d=mm&r=g","caption":"jakubschenk"},"sameAs":["https:\/\/www.agma.com"],"url":"https:\/\/www.agma.com\/sv\/author\/jakubschenk\/"}]}},"_links":{"self":[{"href":"https:\/\/www.agma.com\/sv\/wp-json\/wp\/v2\/posts\/16630","targetHints":{"allow":["GET"]}}],"collection":[{"href":"https:\/\/www.agma.com\/sv\/wp-json\/wp\/v2\/posts"}],"about":[{"href":"https:\/\/www.agma.com\/sv\/wp-json\/wp\/v2\/types\/post"}],"author":[{"embeddable":true,"href":"https:\/\/www.agma.com\/sv\/wp-json\/wp\/v2\/users\/1"}],"replies":[{"embeddable":true,"href":"https:\/\/www.agma.com\/sv\/wp-json\/wp\/v2\/comments?post=16630"}],"version-history":[{"count":1,"href":"https:\/\/www.agma.com\/sv\/wp-json\/wp\/v2\/posts\/16630\/revisions"}],"predecessor-version":[{"id":16637,"href":"https:\/\/www.agma.com\/sv\/wp-json\/wp\/v2\/posts\/16630\/revisions\/16637"}],"wp:attachment":[{"href":"https:\/\/www.agma.com\/sv\/wp-json\/wp\/v2\/media?parent=16630"}],"wp:term":[{"taxonomy":"category","embeddable":true,"href":"https:\/\/www.agma.com\/sv\/wp-json\/wp\/v2\/categories?post=16630"},{"taxonomy":"post_tag","embeddable":true,"href":"https:\/\/www.agma.com\/sv\/wp-json\/wp\/v2\/tags?post=16630"}],"curies":[{"name":"wp","href":"https:\/\/api.w.org\/{rel}","templated":true}]}}