{"id":17109,"date":"2024-05-17T07:00:00","date_gmt":"2024-05-17T07:00:00","guid":{"rendered":"https:\/\/www.absolicon.com\/kallelse-till-arsstamma-fredag-14-juni-2024\/"},"modified":"2024-05-17T07:00:00","modified_gmt":"2024-05-17T07:00:00","slug":"kallelse-till-arsstamma-fredag-14-juni-2024","status":"publish","type":"post","link":"https:\/\/www.agma.com\/sv\/kallelse-till-arsstamma-fredag-14-juni-2024\/","title":{"rendered":"Kallelse till \u00e5rsst\u00e4mma fredag 14 juni 2024"},"content":{"rendered":"<h3><span><span style=\"font-size:12pt\"><span style=\"font-family:times new roman,times\"><strong><span style=\"font-family:arial,helvetica,sans-serif\">R\u00c4TT ATT DELTA<\/span><\/strong><\/span><\/span><\/span><\/h3>\n<p style=\"margin-top:12px\"><span><span style=\"font-size:12pt\"><span style=\"font-family:arial,helvetica,sans-serif\">Aktie\u00e4gare som \u00f6nskar delta i \u00e5rsst\u00e4mman skall vara inf\u00f6rd i den av Euroclear Sweden AB f\u00f6rda aktieboken senast&nbsp;den 5 juni 2024 och b\u00f6r anm\u00e4la sitt deltagande i \u00e5rsst\u00e4mman senast den&nbsp;12 juni 2024.<\/span><\/span><\/span><\/p>\n<h3><span style=\"font-size:12pt\"><strong><span style=\"font-family:arial,helvetica,sans-serif\">F\u00d6RVALTARREGISTRERADE AKTIER<\/span><\/strong><\/span><\/h3>\n<p><span><span style=\"font-size:12pt\"><span style=\"font-family:times new roman,times\"><span style=\"font-family:arial,helvetica,sans-serif\">Den som l\u00e5tit f\u00f6rvaltarregistrera sina aktier m\u00e5ste, f\u00f6r att ha r\u00e4tt att delta i st\u00e4mman, genom f\u00f6rvaltares f\u00f6rsorg l\u00e5ta registrera aktierna i eget namn, s\u00e5 att vederb\u00f6rande \u00e4r registrerad i den av Euroclear Sweden AB f\u00f6rda aktieboken per avst\u00e4mningsdagen 5 juni 2024. S\u00e5dan registrering kan vara tillf\u00e4llig (s.k. r\u00f6str\u00e4ttsregistrering). Aktie\u00e4gare som \u00f6nskar registrera aktierna i eget namn m\u00e5ste, i enlighet med respektive f\u00f6rvaltares rutiner, beg\u00e4ra att f\u00f6rvaltaren g\u00f6r s\u00e5dan r\u00f6str\u00e4ttsregistrering. R\u00f6str\u00e4ttsregistrering som av aktie\u00e4gare har beg\u00e4rts i s\u00e5dan tid att registreringen har gjorts av relevant f\u00f6rvaltare senast andra bankdagen efter 5 juni 2024 kommer att beaktas vid framst\u00e4llningen av aktieboken.<\/span><\/span><\/span><\/span><\/p>\n<h3><span><span style=\"font-size:12pt\"><span style=\"font-family:times new roman,times\"><span style=\"font-family:arial,helvetica,sans-serif\">ANM\u00c4LAN<\/span><\/span><\/span><\/span><\/h3>\n<p><span><span style=\"font-size:12pt\"><span style=\"font-family:arial,helvetica,sans-serif\">Anm\u00e4lan om deltagande i \u00e5rsst\u00e4mman b\u00f6r g\u00f6ras antingen p\u00e5 telefon 0611-557000, via e-post info@absolicon.com eller skriftligen till Absolicon. Vid anm\u00e4lan ska namn, personnummer\/ organisations-nummer, adress och telefonnummer samt antalet f\u00f6retr\u00e4dda aktier uppges. Aktie\u00e4gare som f\u00f6retr\u00e4ds av ombud ska utf\u00e4rda fullmakt f\u00f6r ombudet. Fullmakten b\u00f6r i god tid f\u00f6re st\u00e4mman ins\u00e4ndas till bolaget under ovanst\u00e5ende adress. Om fullmakten utf\u00e4rdats av juridisk person, ska bestyrkt kopia av registreringsbevis f\u00f6r den juridiska personen bifogas. Fullmaktens giltighetstid f\u00e5r vara l\u00e4ngst fem \u00e5r fr\u00e5n utf\u00e4rdandet. Fullmaktsformul\u00e4r finns tillg\u00e4ngligt att ladda ner via www.absolicon.se samt s\u00e4nds ut till de aktie\u00e4gare som s\u00e5 beg\u00e4r och uppger sin postadress.<\/span><\/span><\/span><\/p>\n<h3><span><span style=\"font-size:12pt\"><span style=\"font-family:arial,helvetica,sans-serif\">F\u00d6RSLAG TILL DAGORDNING<\/span><\/span><\/span><\/h3>\n<p><span><span style=\"font-size:12pt\"><span style=\"font-family:arial,helvetica,sans-serif\">1)&nbsp;Val av ordf\u00f6rande vid st\u00e4mman.<\/span><\/span><\/span><\/p>\n<p><span><span style=\"font-size:12pt\"><span style=\"font-family:arial,helvetica,sans-serif\">2) Uppr\u00e4ttande och godk\u00e4nnande av r\u00f6stl\u00e4ngd.<\/span><\/span><\/span><\/p>\n<p><span><span style=\"font-size:12pt\"><span style=\"font-family:arial,helvetica,sans-serif\">3) Godk\u00e4nnande av dagordning.<\/span><\/span><\/span><\/p>\n<p><span><span style=\"font-size:12pt\"><span style=\"font-family:arial,helvetica,sans-serif\">4) Val av en eller tv\u00e5 justeringspersoner.<\/span><\/span><\/span><\/p>\n<p><span><span style=\"font-size:12pt\"><span style=\"font-family:arial,helvetica,sans-serif\">5) Pr\u00f6vning om st\u00e4mman blivit beh\u00f6rigen sammankallad.<\/span><\/span><\/span><\/p>\n<p><span><span style=\"font-size:12pt\"><span style=\"font-family:arial,helvetica,sans-serif\">6) Redog\u00f6relse av styrelsens arbete.<\/span><\/span><\/span><\/p>\n<p><span><span style=\"font-size:12pt\"><span style=\"font-family:arial,helvetica,sans-serif\">7) Verkst\u00e4llande direkt\u00f6rens anf\u00f6rande.<\/span><\/span><\/span><\/p>\n<p><span><span style=\"font-size:12pt\"><span style=\"font-family:arial,helvetica,sans-serif\">8) F\u00f6redragning av framlagd \u00e5rsredovisning och revisionsber\u00e4ttelse.<\/span><\/span><\/span><\/p>\n<p><span><span style=\"font-size:12pt\"><span style=\"font-family:arial,helvetica,sans-serif\">9) Redog\u00f6relse f\u00f6r revisionsarbetet under \u00e5ret.<\/span><\/span><\/span><\/p>\n<p><span><span style=\"font-size:12pt\"><span style=\"font-family:arial,helvetica,sans-serif\">10) Beslut om<\/span><\/span><\/span><\/p>\n<p><span><span style=\"font-size:12pt\"><span style=\"font-family:arial,helvetica,sans-serif\">&nbsp; &nbsp; &nbsp; &nbsp;a) fastst\u00e4llelse av resultatr\u00e4kningen och balansr\u00e4kningen<\/span><\/span><\/span><\/p>\n<p><span><span style=\"font-size:12pt\"><span style=\"font-family:arial,helvetica,sans-serif\">&nbsp; &nbsp; &nbsp; &nbsp;b) dispositioner betr\u00e4ffande bolagets resultat enligt den fastst\u00e4llda balansr\u00e4kningen<\/span><\/span><\/span><\/p>\n<p><span><span style=\"font-size:12pt\"><span style=\"font-family:arial,helvetica,sans-serif\">&nbsp; &nbsp; &nbsp; &nbsp;c) ansvarsfrihet \u00e5t styrelsens ledam\u00f6ter och verkst\u00e4llande direkt\u00f6ren.<\/span><\/span><\/span><\/p>\n<p><span><span style=\"font-size:12pt\"><span style=\"font-family:arial,helvetica,sans-serif\">11) Valberedningens redog\u00f6relse f\u00f6r sitt arbete.<\/span><\/span><\/span><\/p>\n<p><span><span style=\"font-size:12pt\"><span style=\"font-family:arial,helvetica,sans-serif\">12) Fastst\u00e4llande av antalet styrelseledam\u00f6ter och ev. styrelsesuppleanter som ska utses av \u00e5rsst\u00e4mman.<\/span><\/span><\/span><\/p>\n<p><span><span style=\"font-size:12pt\"><span style=\"font-family:arial,helvetica,sans-serif\">13) Fastst\u00e4llande av riktlinjer f\u00f6r ers\u00e4ttning till ledande befattningshavare.<\/span><\/span><\/span><\/p>\n<p><span><span style=\"font-size:12pt\"><span style=\"font-family:arial,helvetica,sans-serif\">14) Fastst\u00e4llande av styrelse- och revisorsarvoden.<\/span><\/span><\/span><\/p>\n<p><span><span style=\"font-size:12pt\"><span style=\"font-family:arial,helvetica,sans-serif\">15) Val av styrelse, styrelseordf\u00f6rande och revisorer.<\/span><\/span><\/span><\/p>\n<p><span><span style=\"font-size:12pt\"><span style=\"font-family:arial,helvetica,sans-serif\">16) F\u00f6rslag till principer f\u00f6r utseende av valberedning.<\/span><\/span><\/span><\/p>\n<p><span><span style=\"font-size:12pt\"><span style=\"font-family:arial,helvetica,sans-serif\">17) \u00c4ndring av bolagsordningen &#8211; antal aktier<\/span><\/span><\/span><\/p>\n<p><span><span style=\"font-size:12pt\"><span style=\"font-family:arial,helvetica,sans-serif\">18) F\u00f6rslag om bemyndigande.<\/span><\/span><\/span><\/p>\n<p><span><span style=\"font-size:12pt\"><span style=\"font-family:arial,helvetica,sans-serif\">19) \u00d6vriga fr\u00e5gor.<\/span><\/span><\/span><\/p>\n<p><span><span style=\"font-size:12pt\"><span style=\"font-family:arial,helvetica,sans-serif\">20) St\u00e4mmans avslutande.<\/span><\/span><\/span><\/p>\n<p><span><span style=\"font-size:12pt\"><span style=\"font-family:arial,helvetica,sans-serif\">Hj\u00e4rtligt v\u00e4lkomna till Absolicons \u00e5rsst\u00e4mma!<\/span><\/span><\/span><\/p>\n<h3><span><span style=\"font-size:12pt\"><span style=\"font-family:arial,helvetica,sans-serif\">F\u00d6RSLAG TILL BESLUT<\/span><\/span><\/span><\/h3>\n<p><span><span style=\"font-size:12pt\"><span style=\"font-family:times new roman,times\"><strong><span style=\"font-family:arial,helvetica,sans-serif\">Punkt 10b:<\/span><\/strong><span style=\"font-family:arial,helvetica,sans-serif\"> Dispositioner betr\u00e4ffande vinst eller f\u00f6rlust. Ingen utdelning f\u00f6resl\u00e5s. Styrelsen f\u00f6resl\u00e5r att balansera f\u00f6rlusten i ny r\u00e4kning.<\/span><\/span><\/span><\/span><\/p>\n<p><span><span style=\"font-size:12pt\"><span style=\"font-family:times new roman,times\"><strong><span style=\"font-family:arial,helvetica,sans-serif\">Punkt 12:<\/span><\/strong><span style=\"font-family:arial,helvetica,sans-serif\"> Valberedningen f\u00f6resl\u00e5r fyra ledam\u00f6ter och inga suppleanter<\/span><\/span><\/span><\/span><\/p>\n<p><span><span style=\"font-size:12pt\"><span style=\"font-family:times new roman,times\"><strong><span style=\"font-family:arial,helvetica,sans-serif\">Punkt 13:<\/span><\/strong><span style=\"font-family:arial,helvetica,sans-serif\"> Styrelsen f\u00f6resl\u00e5r att ers\u00e4ttning skall best\u00e5 av fast l\u00f6n, r\u00f6rlig l\u00f6n, pensionsf\u00f6rm\u00e5ner samt \u00f6vriga f\u00f6rm\u00e5ner som ex. tj\u00e4nstebil. Ers\u00e4ttningen skall vara marknadsm\u00e4ssig och baserad p\u00e5 kompetens, prestation samt ansvarsomr\u00e5de. Alla anst\u00e4llda p\u00e5 Absolicon har \u00e4ven del i ett bonusprogram baserat p\u00e5 vinsten fr\u00e5n s\u00e5lda produktionslinor, som f\u00f6rdelas baserat p\u00e5 antalet timmar arbetade.<\/span><\/span><\/span><\/span><\/p>\n<p><span><span style=\"font-size:12pt\"><span style=\"font-family:times new roman,times\"><strong><span style=\"font-family:arial,helvetica,sans-serif\">Punkt 16:<\/span><\/strong><span style=\"font-family:arial,helvetica,sans-serif\"> F\u00f6rslag till arbetsordning valberedningen<\/span><\/span><\/span><\/span><\/p>\n<p><span><span style=\"font-size:12pt\"><span style=\"font-family:arial,helvetica,sans-serif\">\u00c5rsst\u00e4mman uppdrar \u00e5t Styrelsens ordf\u00f6rande att ta kontakt med de tre r\u00f6stm\u00e4ssigt st\u00f6rsta \u00e4garregistrerade aktie\u00e4garna per den 31 augusti, som vardera utser en representant att j\u00e4mte styrelsens ordf\u00f6rande utg\u00f6ra valberedning f\u00f6r tiden intill dess att ny valberedning utsetts enligt mandat fr\u00e5n n\u00e4sta \u00e5rsst\u00e4mma.<\/span><\/span><\/span><\/p>\n<p><span><span style=\"font-size:12pt\"><span style=\"font-family:arial,helvetica,sans-serif\">Om n\u00e5gon av de tre r\u00f6stm\u00e4ssigt st\u00f6rsta aktie\u00e4garna avst\u00e5r fr\u00e5n sin r\u00e4tt att utse ledamot till valberedningen skall n\u00e4sta aktie\u00e4gare i storleksordning beredas tillf\u00e4lle att utse ledamot. Valberedningen kan ocks\u00e5 besluta att ytterligare en \u00e4garrepresentant eller representant f\u00f6r en grupp st\u00f6rre \u00e4gare adjungeras eller utses till ledamot av valberedningen. Sammans\u00e4ttningen av valberedningen ska tillk\u00e4nnages senast sex m\u00e5nader f\u00f6re \u00e5rsst\u00e4mman.&nbsp;<\/span><\/span><\/span><\/p>\n<p><span><span style=\"font-size:12pt\"><span style=\"font-family:arial,helvetica,sans-serif\">F\u00f6r det fall en v\u00e4sentlig f\u00f6r\u00e4ndring i \u00e4garstrukturen sker efter det att valberedningen satts samman, ska valberedningens sammans\u00e4ttning ocks\u00e5 \u00e4ndras i enlighet d\u00e4rmed om valberedningen anser att s\u00e5 \u00e4r erforderligt. \u00c4ndring i valberedningens sammans\u00e4ttning ska omedelbart offentligg\u00f6ras.<\/span><\/span><\/span><\/p>\n<p><span><span style=\"font-size:12pt\"><span style=\"font-family:arial,helvetica,sans-serif\">Ordf\u00f6rande i valberedningen skall, om inte ledam\u00f6terna enas om annat, vara den ledamot som representerar den r\u00f6stm\u00e4ssigt st\u00f6rsta aktie\u00e4garen.&nbsp;<\/span><\/span><\/span><\/p>\n<p><span><span style=\"font-size:12pt\"><span style=\"font-family:arial,helvetica,sans-serif\">Inget arvode ska utg\u00e5 till valberedningen. Valberedningen ska ha r\u00e4tt att, efter godk\u00e4nnande av styrelsens ordf\u00f6rande, belasta bolaget med kostnader f\u00f6r exempelvis rekryteringskonsulter eller annan kostnad som kr\u00e4vs f\u00f6r att valberedningen ska kunna fullg\u00f6ra sitt uppdrag.&nbsp;<\/span><\/span><\/span><\/p>\n<p><span><span style=\"font-size:12pt\"><span style=\"font-family:arial,helvetica,sans-serif\">Om ledamot l\u00e4mnar valberedningen innan dess arbete \u00e4r slutf\u00f6rt, och om valberedningen anser att det finns behov av att ers\u00e4tta denna ledamot, ska ers\u00e4ttare utses av samma aktie\u00e4gare som utsett den avg\u00e5ende ledamoten.<\/span><\/span><\/span><\/p>\n<p><span><span style=\"font-size:12pt\"><span style=\"font-family:arial,helvetica,sans-serif\">Valberedningens uppgift ska vara att inf\u00f6r bolagsst\u00e4mma framl\u00e4gga f\u00f6rslag avseende antal styrelseledam\u00f6ter som ska v\u00e4ljas av st\u00e4mman, styrelsearvode, revisorsarvoden, eventuell ers\u00e4ttning f\u00f6r utskottsarbete, styrelsens sammans\u00e4ttning, styrelseordf\u00f6rande, valberedning, ordf\u00f6rande p\u00e5 bolagsst\u00e4mma samt val av revisorer.<\/span><\/span><\/span><\/p>\n<p><span><span style=\"font-size:12pt\"><span style=\"font-family:times new roman,times\"><span style=\"font-family:arial,helvetica,sans-serif\">Valberedningens mandatperiod skall str\u00e4cka sig fram till dess att ny valberedning har utsetts.<\/span><\/span><\/span><\/span><\/p>\n<p><span><span style=\"font-size:12pt\"><span style=\"font-family:times new roman,times\"><strong><span style=\"font-family:arial,helvetica,sans-serif\">Punkt 17:<\/span><\/strong><span style=\"font-family:arial,helvetica,sans-serif\"> \u00c4ndring av bolagsordningen &#8211; antal aktier<\/span><\/span><\/span><\/span><\/p>\n<p><span><span style=\"font-size:12pt\"><span style=\"font-family:arial,helvetica,sans-serif\">Nuvarande skrivning: Aktiekapitalet utg\u00f6r l\u00e4gst 2 400 000 kronor och h\u00f6gst 9 600 000 kronor. Antalet aktier ska vara l\u00e4gst 2 400 000 stycken och h\u00f6gst 9 600 000 stycken.<\/span><\/span><\/span><\/p>\n<p><span><span style=\"font-size:12pt\"><span style=\"font-family:times new roman,times\"><span style=\"font-family:arial,helvetica,sans-serif\">Ny skrivning:<\/span><strong> <\/strong><span style=\"font-family:arial,helvetica,sans-serif\">Aktiekapitalet utg\u00f6r l\u00e4gst 5 000 000 kronor och h\u00f6gst 20&nbsp;000 000 kronor. Antalet aktier ska vara l\u00e4gst 5 000 000 stycken och h\u00f6gst 20&nbsp;000 000 stycken.<\/span><\/span><\/span><\/span><\/p>\n<p><span><span style=\"font-size:12pt\"><span style=\"font-family:times new roman,times\"><strong><span style=\"font-family:arial,helvetica,sans-serif\">Punkt 18: Bemyndigande om nyemission av aktier och teckningsoptioner<\/span><\/strong><\/span><\/span><\/span><\/p>\n<p><span><span style=\"font-size:12pt\"><span style=\"font-family:arial,helvetica,sans-serif\">Styrelsen f\u00f6resl\u00e5r att \u00e5rsst\u00e4mman bemyndigar styrelsen att vid ett eller flera tillf\u00e4llen under tiden fram till n\u00e4stkommande \u00e5rsst\u00e4mma, fatta beslut om att \u00f6ka Bolagets aktiekapital med h\u00f6gst 10 000&nbsp;000 kronor genom nyemission av h\u00f6gst 10 000 000 aktier och\/eller teckningsoptioner. S\u00e5dan nyemission av aktier och\/eller teckningsoptioner skall kunna ske med avvikelse fr\u00e5n aktie\u00e4garnas f\u00f6retr\u00e4desr\u00e4tt och\/eller med best\u00e4mmelse om kontant betalning, apport, kvittning eller eljest med villkor enligt 13 kap. 5 \u00a7 f\u00f6rsta stycket punkten 6 och 2 kap 5 \u00a7 andra stycket 1-3 och 5 aktiebolagslagen.<\/span><\/span><\/span><\/p>\n<p><span><span style=\"font-size:12pt\"><span style=\"font-family:arial,helvetica,sans-serif\">Nyemission i enlighet med detta bemyndigande skall ske p\u00e5 marknadsm\u00e4ssiga villkor. Styrelsen skall \u00e4ga best\u00e4mma villkoren i \u00f6vrigt f\u00f6r nyemissioner enligt detta bemyndigande samt vem som skall \u00e4ga r\u00e4tt att teckna de nya aktierna eller optionerna. Sk\u00e4let till att styrelsen skall kunna fatta beslut med avvikelse fr\u00e5n aktie\u00e4gares f\u00f6retr\u00e4desr\u00e4tt och\/eller med best\u00e4mmelse om kontant betalning, apport- och kvittningsemission eller eljest med villkor enligt ovan \u00e4r att Bolaget skall ges handlingsutrymme i samband med \u00e4garspridning, garantiarvoden och strategiska f\u00f6rv\u00e4rv av bolag eller r\u00f6relser.<\/span><\/span><\/span><\/p>\n<p><span><span style=\"font-size:12pt\"><span style=\"font-family:arial,helvetica,sans-serif\">Styrelsen f\u00f6resl\u00e5r vidare att st\u00e4mman bemyndigar styrelsen, eller den styrelsen utser, att vidta de sm\u00e4rre justeringar i detta beslut som kan komma att vara n\u00f6dv\u00e4ndiga i samband med registrering vid Bolagsverket och vid Euroclear Sweden AB.<\/span><\/span><\/span><\/p>\n<h3><span><span style=\"font-size:12pt\"><span style=\"font-family:times new roman,times\"><span style=\"font-family:arial,helvetica,sans-serif\">\u00d6VRIG INFORMATION<\/span><\/span><\/span><\/span><\/h3>\n<p><span><span style=\"font-size:12pt\"><span style=\"font-family:arial,helvetica,sans-serif\">Styrelsens fullst\u00e4ndiga f\u00f6rslag till beslut, redovisningshandlingar och revisionsber\u00e4ttelse kommer att finnas tillg\u00e4ngliga p\u00e5 Bolaget och p\u00e5 Bolagets hemsida, www.absolicon.se, samt kommer att skickas till de aktie\u00e4gare som beg\u00e4r det och uppger sin postadress.<\/span><\/span><\/span><\/p>\n<h3><span><span style=\"font-size:12pt\"><span style=\"font-family:times new roman,times\"><span style=\"font-family:arial,helvetica,sans-serif\">ANTAL AKTIER OCH R\u00d6STER<\/span><\/span><\/span><\/span><\/h3>\n<p><span><span style=\"font-size:12pt\"><span style=\"font-family:arial,helvetica,sans-serif\">Vid tidpunkten f\u00f6r denna kallelses utf\u00e4rdande uppg\u00e5r det totala antalet utest\u00e5ende aktier i Bolaget till 322 503 A-aktier som ber\u00e4ttigar till tio r\u00f6ster per aktie och 5&nbsp;491 735 B-aktier som ber\u00e4ttigar till en r\u00f6st per aktie. Totala antalet \u00e4r 5&nbsp;814&nbsp;238 aktier.<\/span><\/span><\/span><\/p>\n<h3><span><span style=\"font-size:12pt\"><span style=\"font-family:times new roman,times\"><span style=\"font-family:arial,helvetica,sans-serif\">UPPLYSNINGAR INF\u00d6R ST\u00c4MMAN<\/span><\/span><\/span><\/span><\/h3>\n<p><span><span style=\"font-size:12pt\"><span style=\"font-family:arial,helvetica,sans-serif\">Styrelsen och den verkst\u00e4llande direkt\u00f6ren ska, om n\u00e5gon aktie\u00e4gare beg\u00e4r det och styrelsen anser att det kan ske utan v\u00e4sentlig skada f\u00f6r Bolaget, inf\u00f6r st\u00e4mman l\u00e4mna upplysningar om f\u00f6rh\u00e5llanden som kan inverka p\u00e5 bed\u00f6mningen av ett \u00e4rende p\u00e5 dagordningen och f\u00f6rh\u00e5llanden som kan inverka p\u00e5 bed\u00f6mningen av Bolagets ekonomiska situation. Beg\u00e4ran om s\u00e5dana upplysningar kan p\u00e5 f\u00f6rhand s\u00e4ndas per post till Absolicon, Fiskaregatan 11, 87133 H\u00c4RN\u00d6SAND eller via e-post till info@absolicon.com.<\/span><\/span><\/span><\/p>\n","protected":false},"excerpt":{"rendered":"<p>R\u00c4TT ATT DELTA Aktie\u00e4gare som \u00f6nskar delta i \u00e5rsst\u00e4mman skall vara inf\u00f6rd i den av Euroclear Sweden AB f\u00f6rda aktieboken senast&nbsp;den 5 juni 2024 och b\u00f6r anm\u00e4la sitt deltagande i \u00e5rsst\u00e4mman senast den&nbsp;12 juni 2024. F\u00d6RVALTARREGISTRERADE AKTIER Den som l\u00e5tit f\u00f6rvaltarregistrera sina aktier m\u00e5ste, f\u00f6r att ha r\u00e4tt att delta i st\u00e4mman, genom f\u00f6rvaltares f\u00f6rsorg [&hellip;]<\/p>\n","protected":false},"author":1,"featured_media":0,"comment_status":"open","ping_status":"open","sticky":false,"template":"","format":"standard","meta":{"_acf_changed":false,"footnotes":""},"categories":[23],"tags":[],"class_list":["post-17109","post","type-post","status-publish","format-standard","hentry","category-pressrelease"],"acf":[],"yoast_head":"<!-- This site is optimized with the Yoast SEO plugin v27.4 - https:\/\/yoast.com\/product\/yoast-seo-wordpress\/ -->\n<title>Kallelse till \u00e5rsst\u00e4mma fredag 14 juni 2024 - Absolicon<\/title>\n<meta name=\"robots\" content=\"index, follow, max-snippet:-1, max-image-preview:large, max-video-preview:-1\" \/>\n<link rel=\"canonical\" href=\"https:\/\/www.agma.com\/sv\/kallelse-till-arsstamma-fredag-14-juni-2024\/\" \/>\n<meta property=\"og:locale\" content=\"sv_SE\" \/>\n<meta property=\"og:type\" content=\"article\" \/>\n<meta property=\"og:title\" content=\"Kallelse till \u00e5rsst\u00e4mma fredag 14 juni 2024 - Absolicon\" \/>\n<meta property=\"og:description\" content=\"R\u00c4TT ATT DELTA Aktie\u00e4gare som \u00f6nskar delta i \u00e5rsst\u00e4mman skall vara inf\u00f6rd i den av Euroclear Sweden AB f\u00f6rda aktieboken senast&nbsp;den 5 juni 2024 och b\u00f6r anm\u00e4la sitt deltagande i \u00e5rsst\u00e4mman senast den&nbsp;12 juni 2024. F\u00d6RVALTARREGISTRERADE AKTIER Den som l\u00e5tit f\u00f6rvaltarregistrera sina aktier m\u00e5ste, f\u00f6r att ha r\u00e4tt att delta i st\u00e4mman, genom f\u00f6rvaltares f\u00f6rsorg [&hellip;]\" \/>\n<meta property=\"og:url\" content=\"https:\/\/www.agma.com\/sv\/kallelse-till-arsstamma-fredag-14-juni-2024\/\" \/>\n<meta property=\"og:site_name\" content=\"Absolicon\" \/>\n<meta property=\"article:published_time\" content=\"2024-05-17T07:00:00+00:00\" \/>\n<meta name=\"author\" content=\"jakubschenk\" \/>\n<meta name=\"twitter:card\" content=\"summary_large_image\" \/>\n<meta name=\"twitter:label1\" content=\"Skriven av\" \/>\n\t<meta name=\"twitter:data1\" content=\"jakubschenk\" \/>\n<script type=\"application\/ld+json\" class=\"yoast-schema-graph\">{\"@context\":\"https:\\\/\\\/schema.org\",\"@graph\":[{\"@type\":\"Article\",\"@id\":\"https:\\\/\\\/www.agma.com\\\/sv\\\/kallelse-till-arsstamma-fredag-14-juni-2024\\\/#article\",\"isPartOf\":{\"@id\":\"https:\\\/\\\/www.agma.com\\\/sv\\\/kallelse-till-arsstamma-fredag-14-juni-2024\\\/\"},\"author\":{\"name\":\"jakubschenk\",\"@id\":\"https:\\\/\\\/www.agma.com\\\/sv\\\/#\\\/schema\\\/person\\\/6820b3ce1cc37edbaecc979090760d8b\"},\"headline\":\"Kallelse till \u00e5rsst\u00e4mma fredag 14 juni 2024\",\"datePublished\":\"2024-05-17T07:00:00+00:00\",\"mainEntityOfPage\":{\"@id\":\"https:\\\/\\\/www.agma.com\\\/sv\\\/kallelse-till-arsstamma-fredag-14-juni-2024\\\/\"},\"wordCount\":1461,\"commentCount\":0,\"publisher\":{\"@id\":\"https:\\\/\\\/www.agma.com\\\/sv\\\/#organization\"},\"articleSection\":[\"Pressrelease\"],\"inLanguage\":\"sv-SE\",\"potentialAction\":[{\"@type\":\"CommentAction\",\"name\":\"Comment\",\"target\":[\"https:\\\/\\\/www.agma.com\\\/sv\\\/kallelse-till-arsstamma-fredag-14-juni-2024\\\/#respond\"]}]},{\"@type\":\"WebPage\",\"@id\":\"https:\\\/\\\/www.agma.com\\\/sv\\\/kallelse-till-arsstamma-fredag-14-juni-2024\\\/\",\"url\":\"https:\\\/\\\/www.agma.com\\\/sv\\\/kallelse-till-arsstamma-fredag-14-juni-2024\\\/\",\"name\":\"Kallelse till \u00e5rsst\u00e4mma fredag 14 juni 2024 - Absolicon\",\"isPartOf\":{\"@id\":\"https:\\\/\\\/www.agma.com\\\/sv\\\/#website\"},\"datePublished\":\"2024-05-17T07:00:00+00:00\",\"breadcrumb\":{\"@id\":\"https:\\\/\\\/www.agma.com\\\/sv\\\/kallelse-till-arsstamma-fredag-14-juni-2024\\\/#breadcrumb\"},\"inLanguage\":\"sv-SE\",\"potentialAction\":[{\"@type\":\"ReadAction\",\"target\":[\"https:\\\/\\\/www.agma.com\\\/sv\\\/kallelse-till-arsstamma-fredag-14-juni-2024\\\/\"]}]},{\"@type\":\"BreadcrumbList\",\"@id\":\"https:\\\/\\\/www.agma.com\\\/sv\\\/kallelse-till-arsstamma-fredag-14-juni-2024\\\/#breadcrumb\",\"itemListElement\":[{\"@type\":\"ListItem\",\"position\":1,\"name\":\"Home\",\"item\":\"https:\\\/\\\/www.agma.com\\\/sv\\\/\"},{\"@type\":\"ListItem\",\"position\":2,\"name\":\"Kallelse till \u00e5rsst\u00e4mma fredag 14 juni 2024\"}]},{\"@type\":\"WebSite\",\"@id\":\"https:\\\/\\\/www.agma.com\\\/sv\\\/#website\",\"url\":\"https:\\\/\\\/www.agma.com\\\/sv\\\/\",\"name\":\"Absolicon\",\"description\":\"\",\"publisher\":{\"@id\":\"https:\\\/\\\/www.agma.com\\\/sv\\\/#organization\"},\"potentialAction\":[{\"@type\":\"SearchAction\",\"target\":{\"@type\":\"EntryPoint\",\"urlTemplate\":\"https:\\\/\\\/www.agma.com\\\/sv\\\/?s={search_term_string}\"},\"query-input\":{\"@type\":\"PropertyValueSpecification\",\"valueRequired\":true,\"valueName\":\"search_term_string\"}}],\"inLanguage\":\"sv-SE\"},{\"@type\":\"Organization\",\"@id\":\"https:\\\/\\\/www.agma.com\\\/sv\\\/#organization\",\"name\":\"Absolicon\",\"url\":\"https:\\\/\\\/www.agma.com\\\/sv\\\/\",\"logo\":{\"@type\":\"ImageObject\",\"inLanguage\":\"sv-SE\",\"@id\":\"https:\\\/\\\/www.agma.com\\\/sv\\\/#\\\/schema\\\/logo\\\/image\\\/\",\"url\":\"https:\\\/\\\/www.agma.com\\\/wp-content\\\/uploads\\\/2026\\\/04\\\/logotype_neg_blk.svg\",\"contentUrl\":\"https:\\\/\\\/www.agma.com\\\/wp-content\\\/uploads\\\/2026\\\/04\\\/logotype_neg_blk.svg\",\"width\":705,\"height\":83,\"caption\":\"Absolicon\"},\"image\":{\"@id\":\"https:\\\/\\\/www.agma.com\\\/sv\\\/#\\\/schema\\\/logo\\\/image\\\/\"}},{\"@type\":\"Person\",\"@id\":\"https:\\\/\\\/www.agma.com\\\/sv\\\/#\\\/schema\\\/person\\\/6820b3ce1cc37edbaecc979090760d8b\",\"name\":\"jakubschenk\",\"image\":{\"@type\":\"ImageObject\",\"inLanguage\":\"sv-SE\",\"@id\":\"https:\\\/\\\/secure.gravatar.com\\\/avatar\\\/0ab843002d4a58702560e02354e5f9a3206e13bbfaa9df5a188e463870f605cd?s=96&d=mm&r=g\",\"url\":\"https:\\\/\\\/secure.gravatar.com\\\/avatar\\\/0ab843002d4a58702560e02354e5f9a3206e13bbfaa9df5a188e463870f605cd?s=96&d=mm&r=g\",\"contentUrl\":\"https:\\\/\\\/secure.gravatar.com\\\/avatar\\\/0ab843002d4a58702560e02354e5f9a3206e13bbfaa9df5a188e463870f605cd?s=96&d=mm&r=g\",\"caption\":\"jakubschenk\"},\"sameAs\":[\"https:\\\/\\\/www.agma.com\"],\"url\":\"https:\\\/\\\/www.agma.com\\\/sv\\\/author\\\/jakubschenk\\\/\"}]}<\/script>\n<!-- \/ Yoast SEO plugin. -->","yoast_head_json":{"title":"Kallelse till \u00e5rsst\u00e4mma fredag 14 juni 2024 - Absolicon","robots":{"index":"index","follow":"follow","max-snippet":"max-snippet:-1","max-image-preview":"max-image-preview:large","max-video-preview":"max-video-preview:-1"},"canonical":"https:\/\/www.agma.com\/sv\/kallelse-till-arsstamma-fredag-14-juni-2024\/","og_locale":"sv_SE","og_type":"article","og_title":"Kallelse till \u00e5rsst\u00e4mma fredag 14 juni 2024 - Absolicon","og_description":"R\u00c4TT ATT DELTA Aktie\u00e4gare som \u00f6nskar delta i \u00e5rsst\u00e4mman skall vara inf\u00f6rd i den av Euroclear Sweden AB f\u00f6rda aktieboken senast&nbsp;den 5 juni 2024 och b\u00f6r anm\u00e4la sitt deltagande i \u00e5rsst\u00e4mman senast den&nbsp;12 juni 2024. F\u00d6RVALTARREGISTRERADE AKTIER Den som l\u00e5tit f\u00f6rvaltarregistrera sina aktier m\u00e5ste, f\u00f6r att ha r\u00e4tt att delta i st\u00e4mman, genom f\u00f6rvaltares f\u00f6rsorg [&hellip;]","og_url":"https:\/\/www.agma.com\/sv\/kallelse-till-arsstamma-fredag-14-juni-2024\/","og_site_name":"Absolicon","article_published_time":"2024-05-17T07:00:00+00:00","author":"jakubschenk","twitter_card":"summary_large_image","twitter_misc":{"Skriven av":"jakubschenk"},"schema":{"@context":"https:\/\/schema.org","@graph":[{"@type":"Article","@id":"https:\/\/www.agma.com\/sv\/kallelse-till-arsstamma-fredag-14-juni-2024\/#article","isPartOf":{"@id":"https:\/\/www.agma.com\/sv\/kallelse-till-arsstamma-fredag-14-juni-2024\/"},"author":{"name":"jakubschenk","@id":"https:\/\/www.agma.com\/sv\/#\/schema\/person\/6820b3ce1cc37edbaecc979090760d8b"},"headline":"Kallelse till \u00e5rsst\u00e4mma fredag 14 juni 2024","datePublished":"2024-05-17T07:00:00+00:00","mainEntityOfPage":{"@id":"https:\/\/www.agma.com\/sv\/kallelse-till-arsstamma-fredag-14-juni-2024\/"},"wordCount":1461,"commentCount":0,"publisher":{"@id":"https:\/\/www.agma.com\/sv\/#organization"},"articleSection":["Pressrelease"],"inLanguage":"sv-SE","potentialAction":[{"@type":"CommentAction","name":"Comment","target":["https:\/\/www.agma.com\/sv\/kallelse-till-arsstamma-fredag-14-juni-2024\/#respond"]}]},{"@type":"WebPage","@id":"https:\/\/www.agma.com\/sv\/kallelse-till-arsstamma-fredag-14-juni-2024\/","url":"https:\/\/www.agma.com\/sv\/kallelse-till-arsstamma-fredag-14-juni-2024\/","name":"Kallelse till \u00e5rsst\u00e4mma fredag 14 juni 2024 - Absolicon","isPartOf":{"@id":"https:\/\/www.agma.com\/sv\/#website"},"datePublished":"2024-05-17T07:00:00+00:00","breadcrumb":{"@id":"https:\/\/www.agma.com\/sv\/kallelse-till-arsstamma-fredag-14-juni-2024\/#breadcrumb"},"inLanguage":"sv-SE","potentialAction":[{"@type":"ReadAction","target":["https:\/\/www.agma.com\/sv\/kallelse-till-arsstamma-fredag-14-juni-2024\/"]}]},{"@type":"BreadcrumbList","@id":"https:\/\/www.agma.com\/sv\/kallelse-till-arsstamma-fredag-14-juni-2024\/#breadcrumb","itemListElement":[{"@type":"ListItem","position":1,"name":"Home","item":"https:\/\/www.agma.com\/sv\/"},{"@type":"ListItem","position":2,"name":"Kallelse till \u00e5rsst\u00e4mma fredag 14 juni 2024"}]},{"@type":"WebSite","@id":"https:\/\/www.agma.com\/sv\/#website","url":"https:\/\/www.agma.com\/sv\/","name":"Absolicon","description":"","publisher":{"@id":"https:\/\/www.agma.com\/sv\/#organization"},"potentialAction":[{"@type":"SearchAction","target":{"@type":"EntryPoint","urlTemplate":"https:\/\/www.agma.com\/sv\/?s={search_term_string}"},"query-input":{"@type":"PropertyValueSpecification","valueRequired":true,"valueName":"search_term_string"}}],"inLanguage":"sv-SE"},{"@type":"Organization","@id":"https:\/\/www.agma.com\/sv\/#organization","name":"Absolicon","url":"https:\/\/www.agma.com\/sv\/","logo":{"@type":"ImageObject","inLanguage":"sv-SE","@id":"https:\/\/www.agma.com\/sv\/#\/schema\/logo\/image\/","url":"https:\/\/www.agma.com\/wp-content\/uploads\/2026\/04\/logotype_neg_blk.svg","contentUrl":"https:\/\/www.agma.com\/wp-content\/uploads\/2026\/04\/logotype_neg_blk.svg","width":705,"height":83,"caption":"Absolicon"},"image":{"@id":"https:\/\/www.agma.com\/sv\/#\/schema\/logo\/image\/"}},{"@type":"Person","@id":"https:\/\/www.agma.com\/sv\/#\/schema\/person\/6820b3ce1cc37edbaecc979090760d8b","name":"jakubschenk","image":{"@type":"ImageObject","inLanguage":"sv-SE","@id":"https:\/\/secure.gravatar.com\/avatar\/0ab843002d4a58702560e02354e5f9a3206e13bbfaa9df5a188e463870f605cd?s=96&d=mm&r=g","url":"https:\/\/secure.gravatar.com\/avatar\/0ab843002d4a58702560e02354e5f9a3206e13bbfaa9df5a188e463870f605cd?s=96&d=mm&r=g","contentUrl":"https:\/\/secure.gravatar.com\/avatar\/0ab843002d4a58702560e02354e5f9a3206e13bbfaa9df5a188e463870f605cd?s=96&d=mm&r=g","caption":"jakubschenk"},"sameAs":["https:\/\/www.agma.com"],"url":"https:\/\/www.agma.com\/sv\/author\/jakubschenk\/"}]}},"_links":{"self":[{"href":"https:\/\/www.agma.com\/sv\/wp-json\/wp\/v2\/posts\/17109","targetHints":{"allow":["GET"]}}],"collection":[{"href":"https:\/\/www.agma.com\/sv\/wp-json\/wp\/v2\/posts"}],"about":[{"href":"https:\/\/www.agma.com\/sv\/wp-json\/wp\/v2\/types\/post"}],"author":[{"embeddable":true,"href":"https:\/\/www.agma.com\/sv\/wp-json\/wp\/v2\/users\/1"}],"replies":[{"embeddable":true,"href":"https:\/\/www.agma.com\/sv\/wp-json\/wp\/v2\/comments?post=17109"}],"version-history":[{"count":0,"href":"https:\/\/www.agma.com\/sv\/wp-json\/wp\/v2\/posts\/17109\/revisions"}],"wp:attachment":[{"href":"https:\/\/www.agma.com\/sv\/wp-json\/wp\/v2\/media?parent=17109"}],"wp:term":[{"taxonomy":"category","embeddable":true,"href":"https:\/\/www.agma.com\/sv\/wp-json\/wp\/v2\/categories?post=17109"},{"taxonomy":"post_tag","embeddable":true,"href":"https:\/\/www.agma.com\/sv\/wp-json\/wp\/v2\/tags?post=17109"}],"curies":[{"name":"wp","href":"https:\/\/api.w.org\/{rel}","templated":true}]}}