{"id":17129,"date":"2024-06-04T08:06:38","date_gmt":"2024-06-04T08:06:38","guid":{"rendered":"https:\/\/www.absolicon.com\/77-miljoner-kronor-i-retroaktivt-forskningsavdrag-till-absolicon\/"},"modified":"2024-06-04T08:06:38","modified_gmt":"2024-06-04T08:06:38","slug":"77-miljoner-kronor-i-retroaktivt-forskningsavdrag-till-absolicon","status":"publish","type":"post","link":"https:\/\/www.agma.com\/sv\/77-miljoner-kronor-i-retroaktivt-forskningsavdrag-till-absolicon\/","title":{"rendered":"7,7 miljoner kronor i retroaktivt forskningsavdrag till Absolicon"},"content":{"rendered":"<p style=\"margin-bottom:11px;margin-top:12px\"><span style=\"font-size:10pt\"><span style=\"font-family:arial,helvetica,sans-serif\">Skatteverket har gjort ett ompr\u00f6vningsbeslut baserat p\u00e5 en inlaga fr\u00e5n Absolicon ang\u00e5ende det s\u00e5 kallade forskaravdraget, en neds\u00e4ttning av arbetsgivaravgifterna f\u00f6r anst\u00e4llda som arbetar med kvalificerad forskning eller utveckling baserat p\u00e5 forskningsr\u00f6n.<\/span><\/span><\/p>\n<p style=\"margin-bottom:11px\"><span style=\"font-size:10pt\"><span style=\"font-family:arial,helvetica,sans-serif\">Absolicon har inte tidigare redovisat denna neds\u00e4ttning f\u00f6r sina kvalificerade anst\u00e4llda och redovisade nu retroaktivt f\u00f6r fem \u00e5r, fr\u00e5n 2018 till 2023. Beslutet inneb\u00e4r en minskning av redan betalda arbetsgivaravgifter om ca 7,7 MSEK, pengar som kommer att utbetalas till Absolicon fr\u00e5n skattekontot.<\/span><\/span><\/p>\n<p style=\"margin-bottom:11px\"><span style=\"font-size:10pt\"><span style=\"font-family:arial,helvetica,sans-serif\">I arbetet med inlagan till Skatteverket har Svenska Kapitalguiden AB fungerat som r\u00e5dgivare.<\/span><\/span><\/p>\n<p><\/p>\n<p>Denna information \u00e4r s\u00e5dan som Absolicon \u00e4r skyldigt att offentligg\u00f6ra enligt EU:s marknadsmissbruksf\u00f6rordning (EU nr 596\/2014). Informationen l\u00e4mnades, genom angiven kontaktpersons f\u00f6rsorg, f\u00f6r offentligg\u00f6rande 2024-06-04 10:06 CET.<\/p>\n","protected":false},"excerpt":{"rendered":"<p>Skatteverket har gjort ett ompr\u00f6vningsbeslut baserat p\u00e5 en inlaga fr\u00e5n Absolicon ang\u00e5ende det s\u00e5 kallade forskaravdraget, en neds\u00e4ttning av arbetsgivaravgifterna f\u00f6r anst\u00e4llda som arbetar med kvalificerad forskning eller utveckling baserat p\u00e5 forskningsr\u00f6n. Absolicon har inte tidigare redovisat denna neds\u00e4ttning f\u00f6r sina kvalificerade anst\u00e4llda och redovisade nu retroaktivt f\u00f6r fem \u00e5r, fr\u00e5n 2018 till 2023. Beslutet [&hellip;]<\/p>\n","protected":false},"author":1,"featured_media":0,"comment_status":"open","ping_status":"open","sticky":false,"template":"","format":"standard","meta":{"_acf_changed":false,"footnotes":""},"categories":[23],"tags":[],"class_list":["post-17129","post","type-post","status-publish","format-standard","hentry","category-pressrelease"],"acf":[],"yoast_head":"<!-- This site is optimized with the Yoast SEO plugin v27.4 - https:\/\/yoast.com\/product\/yoast-seo-wordpress\/ -->\n<title>7,7 miljoner kronor i retroaktivt forskningsavdrag till Absolicon - Absolicon<\/title>\n<meta name=\"robots\" content=\"index, follow, max-snippet:-1, max-image-preview:large, max-video-preview:-1\" \/>\n<link rel=\"canonical\" href=\"https:\/\/www.agma.com\/sv\/77-miljoner-kronor-i-retroaktivt-forskningsavdrag-till-absolicon\/\" \/>\n<meta property=\"og:locale\" content=\"sv_SE\" \/>\n<meta property=\"og:type\" content=\"article\" \/>\n<meta property=\"og:title\" content=\"7,7 miljoner kronor i retroaktivt forskningsavdrag till Absolicon - Absolicon\" \/>\n<meta property=\"og:description\" content=\"Skatteverket har gjort ett ompr\u00f6vningsbeslut baserat p\u00e5 en inlaga fr\u00e5n Absolicon ang\u00e5ende det s\u00e5 kallade forskaravdraget, en neds\u00e4ttning av arbetsgivaravgifterna f\u00f6r anst\u00e4llda som arbetar med kvalificerad forskning eller utveckling baserat p\u00e5 forskningsr\u00f6n. Absolicon har inte tidigare redovisat denna neds\u00e4ttning f\u00f6r sina kvalificerade anst\u00e4llda och redovisade nu retroaktivt f\u00f6r fem \u00e5r, fr\u00e5n 2018 till 2023. Beslutet [&hellip;]\" \/>\n<meta property=\"og:url\" content=\"https:\/\/www.agma.com\/sv\/77-miljoner-kronor-i-retroaktivt-forskningsavdrag-till-absolicon\/\" \/>\n<meta property=\"og:site_name\" content=\"Absolicon\" \/>\n<meta property=\"article:published_time\" content=\"2024-06-04T08:06:38+00:00\" \/>\n<meta name=\"author\" content=\"jakubschenk\" \/>\n<meta name=\"twitter:card\" content=\"summary_large_image\" \/>\n<meta name=\"twitter:label1\" content=\"Skriven av\" \/>\n\t<meta name=\"twitter:data1\" content=\"jakubschenk\" \/>\n<script type=\"application\/ld+json\" class=\"yoast-schema-graph\">{\"@context\":\"https:\\\/\\\/schema.org\",\"@graph\":[{\"@type\":\"Article\",\"@id\":\"https:\\\/\\\/www.agma.com\\\/sv\\\/77-miljoner-kronor-i-retroaktivt-forskningsavdrag-till-absolicon\\\/#article\",\"isPartOf\":{\"@id\":\"https:\\\/\\\/www.agma.com\\\/sv\\\/77-miljoner-kronor-i-retroaktivt-forskningsavdrag-till-absolicon\\\/\"},\"author\":{\"name\":\"jakubschenk\",\"@id\":\"https:\\\/\\\/www.agma.com\\\/sv\\\/#\\\/schema\\\/person\\\/6820b3ce1cc37edbaecc979090760d8b\"},\"headline\":\"7,7 miljoner kronor i retroaktivt forskningsavdrag till Absolicon\",\"datePublished\":\"2024-06-04T08:06:38+00:00\",\"mainEntityOfPage\":{\"@id\":\"https:\\\/\\\/www.agma.com\\\/sv\\\/77-miljoner-kronor-i-retroaktivt-forskningsavdrag-till-absolicon\\\/\"},\"wordCount\":141,\"commentCount\":0,\"publisher\":{\"@id\":\"https:\\\/\\\/www.agma.com\\\/sv\\\/#organization\"},\"articleSection\":[\"Pressrelease\"],\"inLanguage\":\"sv-SE\",\"potentialAction\":[{\"@type\":\"CommentAction\",\"name\":\"Comment\",\"target\":[\"https:\\\/\\\/www.agma.com\\\/sv\\\/77-miljoner-kronor-i-retroaktivt-forskningsavdrag-till-absolicon\\\/#respond\"]}]},{\"@type\":\"WebPage\",\"@id\":\"https:\\\/\\\/www.agma.com\\\/sv\\\/77-miljoner-kronor-i-retroaktivt-forskningsavdrag-till-absolicon\\\/\",\"url\":\"https:\\\/\\\/www.agma.com\\\/sv\\\/77-miljoner-kronor-i-retroaktivt-forskningsavdrag-till-absolicon\\\/\",\"name\":\"7,7 miljoner kronor i retroaktivt forskningsavdrag till Absolicon - Absolicon\",\"isPartOf\":{\"@id\":\"https:\\\/\\\/www.agma.com\\\/sv\\\/#website\"},\"datePublished\":\"2024-06-04T08:06:38+00:00\",\"breadcrumb\":{\"@id\":\"https:\\\/\\\/www.agma.com\\\/sv\\\/77-miljoner-kronor-i-retroaktivt-forskningsavdrag-till-absolicon\\\/#breadcrumb\"},\"inLanguage\":\"sv-SE\",\"potentialAction\":[{\"@type\":\"ReadAction\",\"target\":[\"https:\\\/\\\/www.agma.com\\\/sv\\\/77-miljoner-kronor-i-retroaktivt-forskningsavdrag-till-absolicon\\\/\"]}]},{\"@type\":\"BreadcrumbList\",\"@id\":\"https:\\\/\\\/www.agma.com\\\/sv\\\/77-miljoner-kronor-i-retroaktivt-forskningsavdrag-till-absolicon\\\/#breadcrumb\",\"itemListElement\":[{\"@type\":\"ListItem\",\"position\":1,\"name\":\"Home\",\"item\":\"https:\\\/\\\/www.agma.com\\\/sv\\\/\"},{\"@type\":\"ListItem\",\"position\":2,\"name\":\"7,7 miljoner kronor i retroaktivt forskningsavdrag till Absolicon\"}]},{\"@type\":\"WebSite\",\"@id\":\"https:\\\/\\\/www.agma.com\\\/sv\\\/#website\",\"url\":\"https:\\\/\\\/www.agma.com\\\/sv\\\/\",\"name\":\"Absolicon\",\"description\":\"\",\"publisher\":{\"@id\":\"https:\\\/\\\/www.agma.com\\\/sv\\\/#organization\"},\"potentialAction\":[{\"@type\":\"SearchAction\",\"target\":{\"@type\":\"EntryPoint\",\"urlTemplate\":\"https:\\\/\\\/www.agma.com\\\/sv\\\/?s={search_term_string}\"},\"query-input\":{\"@type\":\"PropertyValueSpecification\",\"valueRequired\":true,\"valueName\":\"search_term_string\"}}],\"inLanguage\":\"sv-SE\"},{\"@type\":\"Organization\",\"@id\":\"https:\\\/\\\/www.agma.com\\\/sv\\\/#organization\",\"name\":\"Absolicon\",\"url\":\"https:\\\/\\\/www.agma.com\\\/sv\\\/\",\"logo\":{\"@type\":\"ImageObject\",\"inLanguage\":\"sv-SE\",\"@id\":\"https:\\\/\\\/www.agma.com\\\/sv\\\/#\\\/schema\\\/logo\\\/image\\\/\",\"url\":\"https:\\\/\\\/www.agma.com\\\/wp-content\\\/uploads\\\/2026\\\/04\\\/logotype_neg_blk.svg\",\"contentUrl\":\"https:\\\/\\\/www.agma.com\\\/wp-content\\\/uploads\\\/2026\\\/04\\\/logotype_neg_blk.svg\",\"width\":705,\"height\":83,\"caption\":\"Absolicon\"},\"image\":{\"@id\":\"https:\\\/\\\/www.agma.com\\\/sv\\\/#\\\/schema\\\/logo\\\/image\\\/\"}},{\"@type\":\"Person\",\"@id\":\"https:\\\/\\\/www.agma.com\\\/sv\\\/#\\\/schema\\\/person\\\/6820b3ce1cc37edbaecc979090760d8b\",\"name\":\"jakubschenk\",\"image\":{\"@type\":\"ImageObject\",\"inLanguage\":\"sv-SE\",\"@id\":\"https:\\\/\\\/secure.gravatar.com\\\/avatar\\\/0ab843002d4a58702560e02354e5f9a3206e13bbfaa9df5a188e463870f605cd?s=96&d=mm&r=g\",\"url\":\"https:\\\/\\\/secure.gravatar.com\\\/avatar\\\/0ab843002d4a58702560e02354e5f9a3206e13bbfaa9df5a188e463870f605cd?s=96&d=mm&r=g\",\"contentUrl\":\"https:\\\/\\\/secure.gravatar.com\\\/avatar\\\/0ab843002d4a58702560e02354e5f9a3206e13bbfaa9df5a188e463870f605cd?s=96&d=mm&r=g\",\"caption\":\"jakubschenk\"},\"sameAs\":[\"https:\\\/\\\/www.agma.com\"],\"url\":\"https:\\\/\\\/www.agma.com\\\/sv\\\/author\\\/jakubschenk\\\/\"}]}<\/script>\n<!-- \/ Yoast SEO plugin. -->","yoast_head_json":{"title":"7,7 miljoner kronor i retroaktivt forskningsavdrag till Absolicon - Absolicon","robots":{"index":"index","follow":"follow","max-snippet":"max-snippet:-1","max-image-preview":"max-image-preview:large","max-video-preview":"max-video-preview:-1"},"canonical":"https:\/\/www.agma.com\/sv\/77-miljoner-kronor-i-retroaktivt-forskningsavdrag-till-absolicon\/","og_locale":"sv_SE","og_type":"article","og_title":"7,7 miljoner kronor i retroaktivt forskningsavdrag till Absolicon - Absolicon","og_description":"Skatteverket har gjort ett ompr\u00f6vningsbeslut baserat p\u00e5 en inlaga fr\u00e5n Absolicon ang\u00e5ende det s\u00e5 kallade forskaravdraget, en neds\u00e4ttning av arbetsgivaravgifterna f\u00f6r anst\u00e4llda som arbetar med kvalificerad forskning eller utveckling baserat p\u00e5 forskningsr\u00f6n. Absolicon har inte tidigare redovisat denna neds\u00e4ttning f\u00f6r sina kvalificerade anst\u00e4llda och redovisade nu retroaktivt f\u00f6r fem \u00e5r, fr\u00e5n 2018 till 2023. Beslutet [&hellip;]","og_url":"https:\/\/www.agma.com\/sv\/77-miljoner-kronor-i-retroaktivt-forskningsavdrag-till-absolicon\/","og_site_name":"Absolicon","article_published_time":"2024-06-04T08:06:38+00:00","author":"jakubschenk","twitter_card":"summary_large_image","twitter_misc":{"Skriven av":"jakubschenk"},"schema":{"@context":"https:\/\/schema.org","@graph":[{"@type":"Article","@id":"https:\/\/www.agma.com\/sv\/77-miljoner-kronor-i-retroaktivt-forskningsavdrag-till-absolicon\/#article","isPartOf":{"@id":"https:\/\/www.agma.com\/sv\/77-miljoner-kronor-i-retroaktivt-forskningsavdrag-till-absolicon\/"},"author":{"name":"jakubschenk","@id":"https:\/\/www.agma.com\/sv\/#\/schema\/person\/6820b3ce1cc37edbaecc979090760d8b"},"headline":"7,7 miljoner kronor i retroaktivt forskningsavdrag till Absolicon","datePublished":"2024-06-04T08:06:38+00:00","mainEntityOfPage":{"@id":"https:\/\/www.agma.com\/sv\/77-miljoner-kronor-i-retroaktivt-forskningsavdrag-till-absolicon\/"},"wordCount":141,"commentCount":0,"publisher":{"@id":"https:\/\/www.agma.com\/sv\/#organization"},"articleSection":["Pressrelease"],"inLanguage":"sv-SE","potentialAction":[{"@type":"CommentAction","name":"Comment","target":["https:\/\/www.agma.com\/sv\/77-miljoner-kronor-i-retroaktivt-forskningsavdrag-till-absolicon\/#respond"]}]},{"@type":"WebPage","@id":"https:\/\/www.agma.com\/sv\/77-miljoner-kronor-i-retroaktivt-forskningsavdrag-till-absolicon\/","url":"https:\/\/www.agma.com\/sv\/77-miljoner-kronor-i-retroaktivt-forskningsavdrag-till-absolicon\/","name":"7,7 miljoner kronor i retroaktivt forskningsavdrag till Absolicon - Absolicon","isPartOf":{"@id":"https:\/\/www.agma.com\/sv\/#website"},"datePublished":"2024-06-04T08:06:38+00:00","breadcrumb":{"@id":"https:\/\/www.agma.com\/sv\/77-miljoner-kronor-i-retroaktivt-forskningsavdrag-till-absolicon\/#breadcrumb"},"inLanguage":"sv-SE","potentialAction":[{"@type":"ReadAction","target":["https:\/\/www.agma.com\/sv\/77-miljoner-kronor-i-retroaktivt-forskningsavdrag-till-absolicon\/"]}]},{"@type":"BreadcrumbList","@id":"https:\/\/www.agma.com\/sv\/77-miljoner-kronor-i-retroaktivt-forskningsavdrag-till-absolicon\/#breadcrumb","itemListElement":[{"@type":"ListItem","position":1,"name":"Home","item":"https:\/\/www.agma.com\/sv\/"},{"@type":"ListItem","position":2,"name":"7,7 miljoner kronor i retroaktivt forskningsavdrag till Absolicon"}]},{"@type":"WebSite","@id":"https:\/\/www.agma.com\/sv\/#website","url":"https:\/\/www.agma.com\/sv\/","name":"Absolicon","description":"","publisher":{"@id":"https:\/\/www.agma.com\/sv\/#organization"},"potentialAction":[{"@type":"SearchAction","target":{"@type":"EntryPoint","urlTemplate":"https:\/\/www.agma.com\/sv\/?s={search_term_string}"},"query-input":{"@type":"PropertyValueSpecification","valueRequired":true,"valueName":"search_term_string"}}],"inLanguage":"sv-SE"},{"@type":"Organization","@id":"https:\/\/www.agma.com\/sv\/#organization","name":"Absolicon","url":"https:\/\/www.agma.com\/sv\/","logo":{"@type":"ImageObject","inLanguage":"sv-SE","@id":"https:\/\/www.agma.com\/sv\/#\/schema\/logo\/image\/","url":"https:\/\/www.agma.com\/wp-content\/uploads\/2026\/04\/logotype_neg_blk.svg","contentUrl":"https:\/\/www.agma.com\/wp-content\/uploads\/2026\/04\/logotype_neg_blk.svg","width":705,"height":83,"caption":"Absolicon"},"image":{"@id":"https:\/\/www.agma.com\/sv\/#\/schema\/logo\/image\/"}},{"@type":"Person","@id":"https:\/\/www.agma.com\/sv\/#\/schema\/person\/6820b3ce1cc37edbaecc979090760d8b","name":"jakubschenk","image":{"@type":"ImageObject","inLanguage":"sv-SE","@id":"https:\/\/secure.gravatar.com\/avatar\/0ab843002d4a58702560e02354e5f9a3206e13bbfaa9df5a188e463870f605cd?s=96&d=mm&r=g","url":"https:\/\/secure.gravatar.com\/avatar\/0ab843002d4a58702560e02354e5f9a3206e13bbfaa9df5a188e463870f605cd?s=96&d=mm&r=g","contentUrl":"https:\/\/secure.gravatar.com\/avatar\/0ab843002d4a58702560e02354e5f9a3206e13bbfaa9df5a188e463870f605cd?s=96&d=mm&r=g","caption":"jakubschenk"},"sameAs":["https:\/\/www.agma.com"],"url":"https:\/\/www.agma.com\/sv\/author\/jakubschenk\/"}]}},"_links":{"self":[{"href":"https:\/\/www.agma.com\/sv\/wp-json\/wp\/v2\/posts\/17129","targetHints":{"allow":["GET"]}}],"collection":[{"href":"https:\/\/www.agma.com\/sv\/wp-json\/wp\/v2\/posts"}],"about":[{"href":"https:\/\/www.agma.com\/sv\/wp-json\/wp\/v2\/types\/post"}],"author":[{"embeddable":true,"href":"https:\/\/www.agma.com\/sv\/wp-json\/wp\/v2\/users\/1"}],"replies":[{"embeddable":true,"href":"https:\/\/www.agma.com\/sv\/wp-json\/wp\/v2\/comments?post=17129"}],"version-history":[{"count":0,"href":"https:\/\/www.agma.com\/sv\/wp-json\/wp\/v2\/posts\/17129\/revisions"}],"wp:attachment":[{"href":"https:\/\/www.agma.com\/sv\/wp-json\/wp\/v2\/media?parent=17129"}],"wp:term":[{"taxonomy":"category","embeddable":true,"href":"https:\/\/www.agma.com\/sv\/wp-json\/wp\/v2\/categories?post=17129"},{"taxonomy":"post_tag","embeddable":true,"href":"https:\/\/www.agma.com\/sv\/wp-json\/wp\/v2\/tags?post=17129"}],"curies":[{"name":"wp","href":"https:\/\/api.w.org\/{rel}","templated":true}]}}