{"id":17187,"date":"2024-06-14T21:30:44","date_gmt":"2024-06-14T21:30:44","guid":{"rendered":"https:\/\/www.absolicon.com\/kommunike-fran-arsstamma-2024\/"},"modified":"2024-06-14T21:30:44","modified_gmt":"2024-06-14T21:30:44","slug":"kommunike-fran-arsstamma-2024","status":"publish","type":"post","link":"https:\/\/www.agma.com\/sv\/kommunike-fran-arsstamma-2024\/","title":{"rendered":"Kommunik\u00e9 fr\u00e5n \u00e5rsst\u00e4mma 2024"},"content":{"rendered":"<p style=\"margin-bottom:11px;margin-top:12px\"><span><span><span style=\"font-size:10pt\"><span><span style=\"font-family:arial,helvetica,sans-serif\">\u00c5rets st\u00e4mma genomf\u00f6rdes p\u00e5 Fiskaregatan 11 i H\u00e4rn\u00f6sand. St\u00e4mman \u00f6ppnades av Olle Olsson. Under st\u00e4mman h\u00f6ll vd Joakim Bystr\u00f6m en genomg\u00e5ng av \u00e5rsredovisningen och revisor Kristoffer Bodin (KPMG) presenterade revisionsarbetet.<\/span><\/span><\/span><\/span><\/span><\/p>\n<p style=\"margin-bottom:11px\"><span><span><span style=\"font-size:10pt\"><span><span style=\"font-family:arial,helvetica,sans-serif\">Nedan anges de huvudsakliga besluten vid \u00e5rsst\u00e4mman:<\/span><\/span><\/span><\/span><\/span><\/p>\n<ul>\n<li style=\"font-family:arial,helvetica,sans-serif;font-size:10pt;margin-left:8px\"><span><span style=\"font-size:11pt\"><span><span style=\"font-family:arial,helvetica,sans-serif\"><span style=\"font-size:10pt\"><span><span style=\"font-family:arial,helvetica,sans-serif\">Lena Nordlander valdes till ordf\u00f6rande att leda \u00e5rsst\u00e4mman.<\/span><\/span><\/span><\/span><\/span><\/span><\/span><\/li>\n<li style=\"font-family:arial,helvetica,sans-serif;font-size:10pt;margin-left:8px\"><span><span style=\"font-size:11pt\"><span><span style=\"font-family:arial,helvetica,sans-serif\"><span style=\"font-size:10pt\"><span><span style=\"font-family:arial,helvetica,sans-serif\">Vid st\u00e4mman var \u00e4gare med aktier som representerande 2 626 393 r\u00f6ster (30%) av totalt 8 716 765 r\u00f6ster representerade.<\/span><\/span><\/span><\/span><\/span><\/span><\/span><\/li>\n<li style=\"font-family:arial,helvetica,sans-serif;font-size:10pt;margin-left:8px\"><span><span style=\"font-size:11pt\"><span><span style=\"font-family:arial,helvetica,sans-serif\"><span style=\"font-size:10pt\"><span><span style=\"font-family:arial,helvetica,sans-serif\">St\u00e4mman beslutade att fastst\u00e4lla resultat- och balansr\u00e4kning.<\/span><\/span><\/span><\/span><\/span><\/span><\/span><\/li>\n<li style=\"font-family:arial,helvetica,sans-serif;font-size:10pt;margin-left:8px\"><span><span style=\"font-size:11pt\"><span><span style=\"font-family:arial,helvetica,sans-serif\"><span style=\"font-size:10pt\"><span><span style=\"font-family:arial,helvetica,sans-serif\">Styrelsens ledam\u00f6ter samt verkst\u00e4llande direkt\u00f6ren beviljades ansvarsfrihet f\u00f6r r\u00e4kenskaps\u00e5ret.<\/span><\/span><\/span><\/span><\/span><\/span><\/span><\/li>\n<li style=\"font-family:arial,helvetica,sans-serif;font-size:10pt;margin-left:8px\"><span><span style=\"font-size:11pt\"><span><span style=\"font-family:arial,helvetica,sans-serif\"><span style=\"font-size:10pt\"><span><span style=\"font-family:arial,helvetica,sans-serif\">St\u00e4mman beslutade att disponera resultatet enligt styrelsens f\u00f6rslag att inte l\u00e4mna utdelning.<\/span><\/span><\/span><\/span><\/span><\/span><\/span><\/li>\n<li style=\"font-family:arial,helvetica,sans-serif;font-size:10pt;margin-left:8px\"><span><span style=\"font-size:11pt\"><span><span style=\"font-family:arial,helvetica,sans-serif\"><span style=\"font-size:10pt\"><span><span style=\"font-family:arial,helvetica,sans-serif\">St\u00e4mman beslutade om ers\u00e4ttning till ledande befattningshavare enligt styrelsens f\u00f6rslag. <\/span><\/span><\/span><\/span><\/span><\/span><\/span><\/li>\n<li style=\"font-family:arial,helvetica,sans-serif;font-size:10pt;margin-left:8px\"><span><span style=\"font-size:11pt\"><span><span style=\"font-family:arial,helvetica,sans-serif\"><span style=\"font-size:10pt\"><span><span style=\"font-family:arial,helvetica,sans-serif\">St\u00e4mman beslutade om ers\u00e4ttning till styrelsens ledam\u00f6ter enligt valberedningens f\u00f6rslag.<\/span><\/span><\/span><\/span><\/span><\/span><\/span><\/li>\n<li style=\"font-family:arial,helvetica,sans-serif;font-size:10pt;margin-left:8px\"><span><span style=\"font-size:11pt\"><span><span style=\"font-family:arial,helvetica,sans-serif\"><span style=\"font-size:10pt\"><span><span style=\"font-family:arial,helvetica,sans-serif\">St\u00e4mman beslutade att anta arbetsordning och principer f\u00f6r utseende av valberedning enligt f\u00f6rslag i kallelsen.<\/span><\/span><\/span><\/span><\/span><\/span><\/span><\/li>\n<li style=\"font-family:arial,helvetica,sans-serif;font-size:10pt;margin-left:8px\"><span><span style=\"font-size:11pt\"><span><span style=\"font-family:arial,helvetica,sans-serif\"><span style=\"font-size:10pt\"><span><span style=\"font-family:arial,helvetica,sans-serif\">St\u00e4mman beslutade enligt kallelse att \u00e4ndra skrivning g\u00e4llande antal aktier i bolagsordningen.<\/span><\/span><\/span> <span style=\"font-size:10pt\"><span><span style=\"font-family:arial,helvetica,sans-serif\">Ny skrivning: Aktiekapitalet utg\u00f6r l\u00e4gst 5 000 000 kronor och h\u00f6gst 20 000 000 kronor. Antalet aktier ska vara l\u00e4gst 5 000 000 stycken och h\u00f6gst 20 000 000 stycken.<\/span><\/span><\/span><\/span><\/span><\/span><\/span><\/li>\n<li style=\"font-family:arial,helvetica,sans-serif;font-size:10pt;margin-left:8px\"><span><span style=\"font-size:11pt\"><span><span style=\"font-family:arial,helvetica,sans-serif\"><span style=\"font-size:10pt\"><span><span style=\"font-family:arial,helvetica,sans-serif\">St\u00e4mman beslutade enligt kallelse att bemyndiga styrelsen att vid ett eller flera tillf\u00e4llen under tiden fram till n\u00e4stkommande \u00e5rsst\u00e4mma, fatta beslut om att \u00f6ka Bolagets aktiekapital med h\u00f6gst 10 000 000 kronor genom nyemission av h\u00f6gst 10 000 000 aktier och\/eller teckningsoptioner. <\/span><\/span><\/span><\/span><\/span><\/span><\/span><\/li>\n<li style=\"font-family:arial,helvetica,sans-serif;font-size:10pt;margin-bottom:11px;margin-left:8px\"><span><span style=\"font-size:11pt\"><span><span style=\"font-family:arial,helvetica,sans-serif\"><span style=\"font-size:10pt\"><span><span style=\"font-family:arial,helvetica,sans-serif\">F\u00f6r tiden fram till n\u00e4sta \u00e5rsst\u00e4mma valdes enligt valberedningens f\u00f6rslag Olle Olsson till styrelseordf\u00f6rande (omval) och till ledam\u00f6ter valdes Joakim Bystr\u00f6m (omval), Ingmar Rentzhog, ledamot (nyval) och Joao Gomes, ledamot (nyval). Revisionsbolaget KPMG (omval) valdes till revisor. St\u00e4mman riktade ett varmt tack till Stefan Johansson och Anna Sundgren f\u00f6r deras tid som styrelseledam\u00f6ter, och ser fram emot fortsatt samarbete i Absolicons Advisory board.<\/span><\/span><\/span><\/span><\/span><\/span><\/span><\/li>\n<\/ul>\n<p><span><span style=\"font-size:10pt\"><span><span style=\"font-family:arial,helvetica,sans-serif\">Alla beslut var enh\u00e4lliga.<\/span><\/span><\/span><\/span><\/p>\n","protected":false},"excerpt":{"rendered":"<p>\u00c5rets st\u00e4mma genomf\u00f6rdes p\u00e5 Fiskaregatan 11 i H\u00e4rn\u00f6sand. St\u00e4mman \u00f6ppnades av Olle Olsson. Under st\u00e4mman h\u00f6ll vd Joakim Bystr\u00f6m en genomg\u00e5ng av \u00e5rsredovisningen och revisor Kristoffer Bodin (KPMG) presenterade revisionsarbetet. Nedan anges de huvudsakliga besluten vid \u00e5rsst\u00e4mman: Lena Nordlander valdes till ordf\u00f6rande att leda \u00e5rsst\u00e4mman. Vid st\u00e4mman var \u00e4gare med aktier som representerande 2 626 [&hellip;]<\/p>\n","protected":false},"author":1,"featured_media":0,"comment_status":"open","ping_status":"open","sticky":false,"template":"","format":"standard","meta":{"_acf_changed":false,"footnotes":""},"categories":[23],"tags":[],"class_list":["post-17187","post","type-post","status-publish","format-standard","hentry","category-pressrelease"],"acf":[],"yoast_head":"<!-- This site is optimized with the Yoast SEO plugin v27.4 - https:\/\/yoast.com\/product\/yoast-seo-wordpress\/ -->\n<title>Kommunik\u00e9 fr\u00e5n \u00e5rsst\u00e4mma 2024 - Absolicon<\/title>\n<meta name=\"robots\" content=\"index, follow, max-snippet:-1, max-image-preview:large, max-video-preview:-1\" \/>\n<link rel=\"canonical\" href=\"https:\/\/www.agma.com\/sv\/kommunike-fran-arsstamma-2024\/\" \/>\n<meta property=\"og:locale\" content=\"sv_SE\" \/>\n<meta property=\"og:type\" content=\"article\" \/>\n<meta property=\"og:title\" content=\"Kommunik\u00e9 fr\u00e5n \u00e5rsst\u00e4mma 2024 - Absolicon\" \/>\n<meta property=\"og:description\" content=\"\u00c5rets st\u00e4mma genomf\u00f6rdes p\u00e5 Fiskaregatan 11 i H\u00e4rn\u00f6sand. St\u00e4mman \u00f6ppnades av Olle Olsson. Under st\u00e4mman h\u00f6ll vd Joakim Bystr\u00f6m en genomg\u00e5ng av \u00e5rsredovisningen och revisor Kristoffer Bodin (KPMG) presenterade revisionsarbetet. Nedan anges de huvudsakliga besluten vid \u00e5rsst\u00e4mman: Lena Nordlander valdes till ordf\u00f6rande att leda \u00e5rsst\u00e4mman. Vid st\u00e4mman var \u00e4gare med aktier som representerande 2 626 [&hellip;]\" \/>\n<meta property=\"og:url\" content=\"https:\/\/www.agma.com\/sv\/kommunike-fran-arsstamma-2024\/\" \/>\n<meta property=\"og:site_name\" content=\"Absolicon\" \/>\n<meta property=\"article:published_time\" content=\"2024-06-14T21:30:44+00:00\" \/>\n<meta name=\"author\" content=\"jakubschenk\" \/>\n<meta name=\"twitter:card\" content=\"summary_large_image\" \/>\n<meta name=\"twitter:label1\" content=\"Skriven av\" \/>\n\t<meta name=\"twitter:data1\" content=\"jakubschenk\" \/>\n<script type=\"application\/ld+json\" class=\"yoast-schema-graph\">{\"@context\":\"https:\\\/\\\/schema.org\",\"@graph\":[{\"@type\":\"Article\",\"@id\":\"https:\\\/\\\/www.agma.com\\\/sv\\\/kommunike-fran-arsstamma-2024\\\/#article\",\"isPartOf\":{\"@id\":\"https:\\\/\\\/www.agma.com\\\/sv\\\/kommunike-fran-arsstamma-2024\\\/\"},\"author\":{\"name\":\"jakubschenk\",\"@id\":\"https:\\\/\\\/www.agma.com\\\/sv\\\/#\\\/schema\\\/person\\\/6820b3ce1cc37edbaecc979090760d8b\"},\"headline\":\"Kommunik\u00e9 fr\u00e5n \u00e5rsst\u00e4mma 2024\",\"datePublished\":\"2024-06-14T21:30:44+00:00\",\"mainEntityOfPage\":{\"@id\":\"https:\\\/\\\/www.agma.com\\\/sv\\\/kommunike-fran-arsstamma-2024\\\/\"},\"wordCount\":320,\"commentCount\":0,\"publisher\":{\"@id\":\"https:\\\/\\\/www.agma.com\\\/sv\\\/#organization\"},\"articleSection\":[\"Pressrelease\"],\"inLanguage\":\"sv-SE\",\"potentialAction\":[{\"@type\":\"CommentAction\",\"name\":\"Comment\",\"target\":[\"https:\\\/\\\/www.agma.com\\\/sv\\\/kommunike-fran-arsstamma-2024\\\/#respond\"]}]},{\"@type\":\"WebPage\",\"@id\":\"https:\\\/\\\/www.agma.com\\\/sv\\\/kommunike-fran-arsstamma-2024\\\/\",\"url\":\"https:\\\/\\\/www.agma.com\\\/sv\\\/kommunike-fran-arsstamma-2024\\\/\",\"name\":\"Kommunik\u00e9 fr\u00e5n \u00e5rsst\u00e4mma 2024 - Absolicon\",\"isPartOf\":{\"@id\":\"https:\\\/\\\/www.agma.com\\\/sv\\\/#website\"},\"datePublished\":\"2024-06-14T21:30:44+00:00\",\"breadcrumb\":{\"@id\":\"https:\\\/\\\/www.agma.com\\\/sv\\\/kommunike-fran-arsstamma-2024\\\/#breadcrumb\"},\"inLanguage\":\"sv-SE\",\"potentialAction\":[{\"@type\":\"ReadAction\",\"target\":[\"https:\\\/\\\/www.agma.com\\\/sv\\\/kommunike-fran-arsstamma-2024\\\/\"]}]},{\"@type\":\"BreadcrumbList\",\"@id\":\"https:\\\/\\\/www.agma.com\\\/sv\\\/kommunike-fran-arsstamma-2024\\\/#breadcrumb\",\"itemListElement\":[{\"@type\":\"ListItem\",\"position\":1,\"name\":\"Home\",\"item\":\"https:\\\/\\\/www.agma.com\\\/sv\\\/\"},{\"@type\":\"ListItem\",\"position\":2,\"name\":\"Kommunik\u00e9 fr\u00e5n \u00e5rsst\u00e4mma 2024\"}]},{\"@type\":\"WebSite\",\"@id\":\"https:\\\/\\\/www.agma.com\\\/sv\\\/#website\",\"url\":\"https:\\\/\\\/www.agma.com\\\/sv\\\/\",\"name\":\"Absolicon\",\"description\":\"\",\"publisher\":{\"@id\":\"https:\\\/\\\/www.agma.com\\\/sv\\\/#organization\"},\"potentialAction\":[{\"@type\":\"SearchAction\",\"target\":{\"@type\":\"EntryPoint\",\"urlTemplate\":\"https:\\\/\\\/www.agma.com\\\/sv\\\/?s={search_term_string}\"},\"query-input\":{\"@type\":\"PropertyValueSpecification\",\"valueRequired\":true,\"valueName\":\"search_term_string\"}}],\"inLanguage\":\"sv-SE\"},{\"@type\":\"Organization\",\"@id\":\"https:\\\/\\\/www.agma.com\\\/sv\\\/#organization\",\"name\":\"Absolicon\",\"url\":\"https:\\\/\\\/www.agma.com\\\/sv\\\/\",\"logo\":{\"@type\":\"ImageObject\",\"inLanguage\":\"sv-SE\",\"@id\":\"https:\\\/\\\/www.agma.com\\\/sv\\\/#\\\/schema\\\/logo\\\/image\\\/\",\"url\":\"https:\\\/\\\/www.agma.com\\\/wp-content\\\/uploads\\\/2026\\\/04\\\/logotype_neg_blk.svg\",\"contentUrl\":\"https:\\\/\\\/www.agma.com\\\/wp-content\\\/uploads\\\/2026\\\/04\\\/logotype_neg_blk.svg\",\"width\":705,\"height\":83,\"caption\":\"Absolicon\"},\"image\":{\"@id\":\"https:\\\/\\\/www.agma.com\\\/sv\\\/#\\\/schema\\\/logo\\\/image\\\/\"}},{\"@type\":\"Person\",\"@id\":\"https:\\\/\\\/www.agma.com\\\/sv\\\/#\\\/schema\\\/person\\\/6820b3ce1cc37edbaecc979090760d8b\",\"name\":\"jakubschenk\",\"image\":{\"@type\":\"ImageObject\",\"inLanguage\":\"sv-SE\",\"@id\":\"https:\\\/\\\/secure.gravatar.com\\\/avatar\\\/0ab843002d4a58702560e02354e5f9a3206e13bbfaa9df5a188e463870f605cd?s=96&d=mm&r=g\",\"url\":\"https:\\\/\\\/secure.gravatar.com\\\/avatar\\\/0ab843002d4a58702560e02354e5f9a3206e13bbfaa9df5a188e463870f605cd?s=96&d=mm&r=g\",\"contentUrl\":\"https:\\\/\\\/secure.gravatar.com\\\/avatar\\\/0ab843002d4a58702560e02354e5f9a3206e13bbfaa9df5a188e463870f605cd?s=96&d=mm&r=g\",\"caption\":\"jakubschenk\"},\"sameAs\":[\"https:\\\/\\\/www.agma.com\"],\"url\":\"https:\\\/\\\/www.agma.com\\\/sv\\\/author\\\/jakubschenk\\\/\"}]}<\/script>\n<!-- \/ Yoast SEO plugin. -->","yoast_head_json":{"title":"Kommunik\u00e9 fr\u00e5n \u00e5rsst\u00e4mma 2024 - Absolicon","robots":{"index":"index","follow":"follow","max-snippet":"max-snippet:-1","max-image-preview":"max-image-preview:large","max-video-preview":"max-video-preview:-1"},"canonical":"https:\/\/www.agma.com\/sv\/kommunike-fran-arsstamma-2024\/","og_locale":"sv_SE","og_type":"article","og_title":"Kommunik\u00e9 fr\u00e5n \u00e5rsst\u00e4mma 2024 - Absolicon","og_description":"\u00c5rets st\u00e4mma genomf\u00f6rdes p\u00e5 Fiskaregatan 11 i H\u00e4rn\u00f6sand. St\u00e4mman \u00f6ppnades av Olle Olsson. Under st\u00e4mman h\u00f6ll vd Joakim Bystr\u00f6m en genomg\u00e5ng av \u00e5rsredovisningen och revisor Kristoffer Bodin (KPMG) presenterade revisionsarbetet. Nedan anges de huvudsakliga besluten vid \u00e5rsst\u00e4mman: Lena Nordlander valdes till ordf\u00f6rande att leda \u00e5rsst\u00e4mman. Vid st\u00e4mman var \u00e4gare med aktier som representerande 2 626 [&hellip;]","og_url":"https:\/\/www.agma.com\/sv\/kommunike-fran-arsstamma-2024\/","og_site_name":"Absolicon","article_published_time":"2024-06-14T21:30:44+00:00","author":"jakubschenk","twitter_card":"summary_large_image","twitter_misc":{"Skriven av":"jakubschenk"},"schema":{"@context":"https:\/\/schema.org","@graph":[{"@type":"Article","@id":"https:\/\/www.agma.com\/sv\/kommunike-fran-arsstamma-2024\/#article","isPartOf":{"@id":"https:\/\/www.agma.com\/sv\/kommunike-fran-arsstamma-2024\/"},"author":{"name":"jakubschenk","@id":"https:\/\/www.agma.com\/sv\/#\/schema\/person\/6820b3ce1cc37edbaecc979090760d8b"},"headline":"Kommunik\u00e9 fr\u00e5n \u00e5rsst\u00e4mma 2024","datePublished":"2024-06-14T21:30:44+00:00","mainEntityOfPage":{"@id":"https:\/\/www.agma.com\/sv\/kommunike-fran-arsstamma-2024\/"},"wordCount":320,"commentCount":0,"publisher":{"@id":"https:\/\/www.agma.com\/sv\/#organization"},"articleSection":["Pressrelease"],"inLanguage":"sv-SE","potentialAction":[{"@type":"CommentAction","name":"Comment","target":["https:\/\/www.agma.com\/sv\/kommunike-fran-arsstamma-2024\/#respond"]}]},{"@type":"WebPage","@id":"https:\/\/www.agma.com\/sv\/kommunike-fran-arsstamma-2024\/","url":"https:\/\/www.agma.com\/sv\/kommunike-fran-arsstamma-2024\/","name":"Kommunik\u00e9 fr\u00e5n \u00e5rsst\u00e4mma 2024 - Absolicon","isPartOf":{"@id":"https:\/\/www.agma.com\/sv\/#website"},"datePublished":"2024-06-14T21:30:44+00:00","breadcrumb":{"@id":"https:\/\/www.agma.com\/sv\/kommunike-fran-arsstamma-2024\/#breadcrumb"},"inLanguage":"sv-SE","potentialAction":[{"@type":"ReadAction","target":["https:\/\/www.agma.com\/sv\/kommunike-fran-arsstamma-2024\/"]}]},{"@type":"BreadcrumbList","@id":"https:\/\/www.agma.com\/sv\/kommunike-fran-arsstamma-2024\/#breadcrumb","itemListElement":[{"@type":"ListItem","position":1,"name":"Home","item":"https:\/\/www.agma.com\/sv\/"},{"@type":"ListItem","position":2,"name":"Kommunik\u00e9 fr\u00e5n \u00e5rsst\u00e4mma 2024"}]},{"@type":"WebSite","@id":"https:\/\/www.agma.com\/sv\/#website","url":"https:\/\/www.agma.com\/sv\/","name":"Absolicon","description":"","publisher":{"@id":"https:\/\/www.agma.com\/sv\/#organization"},"potentialAction":[{"@type":"SearchAction","target":{"@type":"EntryPoint","urlTemplate":"https:\/\/www.agma.com\/sv\/?s={search_term_string}"},"query-input":{"@type":"PropertyValueSpecification","valueRequired":true,"valueName":"search_term_string"}}],"inLanguage":"sv-SE"},{"@type":"Organization","@id":"https:\/\/www.agma.com\/sv\/#organization","name":"Absolicon","url":"https:\/\/www.agma.com\/sv\/","logo":{"@type":"ImageObject","inLanguage":"sv-SE","@id":"https:\/\/www.agma.com\/sv\/#\/schema\/logo\/image\/","url":"https:\/\/www.agma.com\/wp-content\/uploads\/2026\/04\/logotype_neg_blk.svg","contentUrl":"https:\/\/www.agma.com\/wp-content\/uploads\/2026\/04\/logotype_neg_blk.svg","width":705,"height":83,"caption":"Absolicon"},"image":{"@id":"https:\/\/www.agma.com\/sv\/#\/schema\/logo\/image\/"}},{"@type":"Person","@id":"https:\/\/www.agma.com\/sv\/#\/schema\/person\/6820b3ce1cc37edbaecc979090760d8b","name":"jakubschenk","image":{"@type":"ImageObject","inLanguage":"sv-SE","@id":"https:\/\/secure.gravatar.com\/avatar\/0ab843002d4a58702560e02354e5f9a3206e13bbfaa9df5a188e463870f605cd?s=96&d=mm&r=g","url":"https:\/\/secure.gravatar.com\/avatar\/0ab843002d4a58702560e02354e5f9a3206e13bbfaa9df5a188e463870f605cd?s=96&d=mm&r=g","contentUrl":"https:\/\/secure.gravatar.com\/avatar\/0ab843002d4a58702560e02354e5f9a3206e13bbfaa9df5a188e463870f605cd?s=96&d=mm&r=g","caption":"jakubschenk"},"sameAs":["https:\/\/www.agma.com"],"url":"https:\/\/www.agma.com\/sv\/author\/jakubschenk\/"}]}},"_links":{"self":[{"href":"https:\/\/www.agma.com\/sv\/wp-json\/wp\/v2\/posts\/17187","targetHints":{"allow":["GET"]}}],"collection":[{"href":"https:\/\/www.agma.com\/sv\/wp-json\/wp\/v2\/posts"}],"about":[{"href":"https:\/\/www.agma.com\/sv\/wp-json\/wp\/v2\/types\/post"}],"author":[{"embeddable":true,"href":"https:\/\/www.agma.com\/sv\/wp-json\/wp\/v2\/users\/1"}],"replies":[{"embeddable":true,"href":"https:\/\/www.agma.com\/sv\/wp-json\/wp\/v2\/comments?post=17187"}],"version-history":[{"count":0,"href":"https:\/\/www.agma.com\/sv\/wp-json\/wp\/v2\/posts\/17187\/revisions"}],"wp:attachment":[{"href":"https:\/\/www.agma.com\/sv\/wp-json\/wp\/v2\/media?parent=17187"}],"wp:term":[{"taxonomy":"category","embeddable":true,"href":"https:\/\/www.agma.com\/sv\/wp-json\/wp\/v2\/categories?post=17187"},{"taxonomy":"post_tag","embeddable":true,"href":"https:\/\/www.agma.com\/sv\/wp-json\/wp\/v2\/tags?post=17187"}],"curies":[{"name":"wp","href":"https:\/\/api.w.org\/{rel}","templated":true}]}}