{"id":17299,"date":"2024-10-16T08:30:00","date_gmt":"2024-10-16T08:30:00","guid":{"rendered":"https:\/\/www.absolicon.com\/absolicon-beslutar-om-en-foretradesemission-om-cirka-194-msek\/"},"modified":"2024-10-16T08:30:00","modified_gmt":"2024-10-16T08:30:00","slug":"absolicon-beslutar-om-en-foretradesemission-om-cirka-194-msek","status":"publish","type":"post","link":"https:\/\/www.agma.com\/sv\/absolicon-beslutar-om-en-foretradesemission-om-cirka-194-msek\/","title":{"rendered":"Absolicon beslutar om en f\u00f6retr\u00e4desemission om cirka 19,4 MSEK"},"content":{"rendered":"<p style=\"margin-bottom:11px;margin-top:12px\"><span><span style=\"font-size:11pt\"><span><span style=\"font-family:arial,helvetica,sans-serif\">Vi st\u00e5r inf\u00f6r en ny industriell era \u2013 en era d\u00e4r gr\u00f6n innovation och f\u00f6rnybar energi inte l\u00e4ngre \u00e4r en alternativ v\u00e4g, utan sj\u00e4lva k\u00e4rnan i v\u00e5r ekonomiska framtid.<\/span><\/span><\/span><\/span><\/p>\n<p style=\"margin-bottom:11px\"><span><span style=\"font-size:11pt\"><span><span style=\"font-family:arial,helvetica,sans-serif\">Absolicon \u00e4r ett f\u00f6retag som har l\u00f6sningarna f\u00f6r framtidens klimatutmaningar och globala milj\u00f6m\u00e5l. Solv\u00e4rmemarknaden \u00e4r idag ett utvecklings- och tillv\u00e4xtomr\u00e5de som drivs av efterfr\u00e5gan p\u00e5 milj\u00f6tekniska industril\u00f6sningar.<\/span><\/span><\/span><\/span><\/p>\n<p style=\"margin-bottom:11px\"><span><span style=\"font-size:11pt\"><span><span style=\"font-family:arial,helvetica,sans-serif\">Nya politiska initiativ tar sikte p\u00e5 v\u00e4rmeproduktionen. V\u00e4rldsekonomin idag cirkulerar mycket kring fossila br\u00e4nslen. De europeiska klimat\u00e5tg\u00e4rderna mot att elda fossila br\u00e4nslen i industrin kommer att skaka om hela v\u00e4rlden.<\/span><\/span><\/span><\/span><\/p>\n<p style=\"margin-bottom:11px\"><span><span style=\"font-size:11pt\"><span><span style=\"font-family:arial,helvetica,sans-serif\">Absolicon \u00e4r redo f\u00f6r den utmaningen och visar det genom v\u00e5ra installationer hos Colgate-Palmolive, Carlsberg, Birra Peroni och i flera fj\u00e4rrv\u00e4rmen\u00e4t. Absolicon har redan bevisat att fabrikernas processv\u00e4rme och fj\u00e4rrv\u00e4rmen i v\u00e5ra st\u00e4der kan komma fr\u00e5n solv\u00e4rme.<\/span><\/span><\/span><\/span><\/p>\n<p style=\"margin-bottom:11px\"><span><span style=\"font-size:11pt\"><span><span style=\"font-family:arial,helvetica,sans-serif\">Med den prisbel\u00f6nta solf\u00e5ngaren T160 som har v\u00e4rldens h\u00f6gsta optiska verkningsgrad (76,4%), och st\u00f6d fr\u00e5n klimatpolitiska initiativ i EU och USA, kan Absolicon spela en nyckelroll i den globala omst\u00e4llningen fr\u00e5n fossila br\u00e4nslen till f\u00f6rnyelsebar energi.<\/span><\/span><\/span><\/span><\/p>\n<p style=\"margin-bottom:11px\"><span><span style=\"font-size:11pt\"><span><span style=\"font-family:arial,helvetica,sans-serif\">F\u00f6rst, sluta elda p\u00e5 sommaren. Industrier och st\u00e4der har inga problem att v\u00e4rma sina processer n\u00e4r solen gassar. Anv\u00e4nd sedan v\u00e4rmelager f\u00f6r att spara v\u00e4rmen fr\u00e5n sommar till vinter.<\/span><\/span><\/span><\/span><\/p>\n<p style=\"margin-bottom:11px\"><span><span style=\"font-size:11pt\"><span><span style=\"font-family:arial,helvetica,sans-serif\">Efter n\u00e5gra turbulenta \u00e5r med uppg\u00e5ng och nedg\u00e5ng \u00e4r Absolicon tillbaka p\u00e5 r\u00e4tt k\u00f6l med f\u00e4rre personer, l\u00e4gre kostnader och enklare strukturer. Absolicon kan finansiera delar av verksamheten med EU-projekt, legotillverkning och konsultuppdrag hos solv\u00e4rmekunder.<\/span><\/span><\/span><\/span><\/p>\n<p style=\"margin-bottom:11px\"><span><span style=\"font-size:11pt\"><span><span style=\"font-family:arial,helvetica,sans-serif\">CSP i Egypten som best\u00e4llt en robotiserad produktionslina forts\u00e4tter i sin process, liksom Phoenix i Kanada. Om v\u00e4rlden ska st\u00e4lla om i tillr\u00e4cklig takt beh\u00f6vs robotiserade produktionslinor som massproducerar koncentrerande solf\u00e5ngare i jordens alla l\u00e4nder.<\/span><\/span><\/span><\/span><\/p>\n<p style=\"margin-bottom:11px\"><span><span style=\"font-size:11pt\"><span><span style=\"font-family:arial,helvetica,sans-serif\"><strong>Bakgrund och motiv till emissionen<\/strong><\/span><\/span><\/span><\/span><\/p>\n<p style=\"margin-bottom:11px\"><span><span style=\"font-size:11pt\"><span><span style=\"font-family:arial,helvetica,sans-serif\">Klimatutmaningarna h\u00f6r inte l\u00e4ngre till framtiden och efterfr\u00e5gan p\u00e5 h\u00e5llbara l\u00f6sningar \u00e4r akut b\u00e5de i ett kort- och l\u00e5ngsiktigt perspektiv. St\u00e4ders och industriers v\u00e4rmef\u00f6rs\u00f6rjning \u00e4r en \u00f6desfr\u00e5ga. <\/span><\/span><\/span><\/span><\/p>\n<p style=\"margin-bottom:11px\"><span><span style=\"font-size:11pt\"><span><span style=\"font-family:arial,helvetica,sans-serif\">H\u00e4r p\u00e5 hemmaplan st\u00e5r fj\u00e4rrv\u00e4rmen inf\u00f6r stora utmaningar. Biobr\u00e4nslena utmanas n\u00e4r priserna \u00f6kar kraftigt och kostnadskrisen \u00e4r redan k\u00e4nnbar f\u00f6r konsumenten. <\/span><\/span><\/span><\/span><\/p>\n<p style=\"margin-bottom:11px\"><span><span style=\"font-size:11pt\"><span><span style=\"font-family:arial,helvetica,sans-serif\">Blickar vi ut\u00e5t i v\u00e4rlden, fokuserar Absolicon p\u00e5 livsmedelsindustrins behov av fossilfri v\u00e4rme och har samarbeten med 15 av v\u00e4rldens st\u00f6rsta bolag. <\/span><\/span><\/span><\/span><\/p>\n<p style=\"margin-bottom:11px\"><span><span style=\"font-size:11pt\"><span><span style=\"font-family:arial,helvetica,sans-serif\">EU:s handel med utsl\u00e4ppsr\u00e4tter och subventioner f\u00f6r f\u00f6rnyelsebar el har resulterat i att solceller och vindkraft idag i Europa oms\u00e4tter 400 miljarder kronor per \u00e5r. I och med EU:s nya regelverk ETS 2 riktas de verktyg nu till att st\u00e4lla om v\u00e4rmef\u00f6rs\u00f6rjningen! <\/span><\/span><\/span><\/span><\/p>\n<p style=\"margin-bottom:11px\"><span><span style=\"font-size:11pt\"><span><span style=\"font-family:arial,helvetica,sans-serif\">V\u00e4rldens f\u00f6rs\u00f6k att uppn\u00e5 sina milj\u00f6m\u00e5l skapar helt nya industrier. Att ta upp och binda koldioxid ur atmosf\u00e4ren beh\u00f6ver stora m\u00e4ngder v\u00e4rme fr\u00e5n f\u00f6rnybara k\u00e4llor. <\/span><\/span><\/span><\/span><\/p>\n<p style=\"margin-bottom:11px\"><span><span style=\"font-size:11pt\"><span><span style=\"font-family:arial,helvetica,sans-serif\">I Absolicons aff\u00e4rsplan finns d\u00e4rf\u00f6r nu \u00e4ven f\u00f6ljande fokusomr\u00e5den:<\/span><\/span><\/span><\/span><\/p>\n<ul>\n<li style=\"font-family:arial,helvetica,sans-serif;font-size:11pt;margin-bottom:8px\"><span><span style=\"font-size:11pt\"><span><span style=\"font-family:arial,helvetica,sans-serif\"><strong>Carbon Capture &amp; Storage (CCS), snabbv\u00e4xande industri som beh\u00f6ver stora m\u00e4ngder v\u00e4rme, <\/strong><\/span><\/span><\/span><\/span><\/li>\n<li style=\"font-family:arial,helvetica,sans-serif;font-size:11pt;margin-bottom:8px\"><span><span style=\"font-size:11pt\"><span><span style=\"font-family:arial,helvetica,sans-serif\"><strong>Fj\u00e4rrv\u00e4rmebolag i kostnadskris. Lagrad solv\u00e4rme kan hj\u00e4lpa till att hantera topplaster och avlasta beroendet av biobr\u00e4nslen vid kostnadstoppar, samt<\/strong><\/span><\/span><\/span><\/span><\/li>\n<li style=\"font-family:arial,helvetica,sans-serif;font-size:11pt;margin-bottom:8px\"><span><span style=\"font-size:11pt\"><span><span style=\"font-family:arial,helvetica,sans-serif\"><strong>Strategiska samarbeten med utrustnings\u00adleverant\u00f6rer som Tetra Pak, f\u00f6r standardiserade l\u00f6sningar p\u00e5 livsmedelsbolagens omst\u00e4llning.<\/strong><\/span><\/span><\/span><\/span><\/li>\n<\/ul>\n<p style=\"margin-bottom:11px\"><span><span style=\"font-size:11pt\"><span><span style=\"font-family:arial,helvetica,sans-serif\">F\u00f6r att st\u00e4rka konkurrenskraften kommer Absolicon 2025 fokusera p\u00e5 att optimera konstruktionen och komponentpriser med m\u00e5let att s\u00e4nkta priset p\u00e5 en nyckelf\u00e4rdig anl\u00e4ggning 10%.<\/span><\/span><\/span><\/span><\/p>\n<p style=\"margin-bottom:11px\"><span><span style=\"font-size:11pt\"><span><span style=\"font-family:arial,helvetica,sans-serif\">Absolicon ska forts\u00e4tta bygga v\u00e5rt varum\u00e4rke och forts\u00e4tter den lyckade satsningen p\u00e5 konsulttj\u00e4nster f\u00f6r att hj\u00e4lpa kunderna att planera f\u00f6r investeringar i solv\u00e4rmef\u00e4lt. <\/span><\/span><\/span><\/span><\/p>\n<p style=\"margin-bottom:11px\"><span><span style=\"font-size:11pt\"><span><span style=\"font-family:arial,helvetica,sans-serif\">V\u00e4rlden har b\u00f6rjat f\u00f6rst\u00e5 betydelsen av v\u00e4rme och Absolicon st\u00e5r redo med l\u00f6sningarna som kr\u00e4vs f\u00f6r en h\u00e5llbar utveckling.<\/span><\/span><\/span><\/span><\/p>\n<p style=\"margin-bottom:11px\"><span><span style=\"font-size:11pt\"><span><span style=\"font-family:arial,helvetica,sans-serif\"><strong>F\u00f6retr\u00e4desemisson<\/strong><\/span><\/span><\/span><\/span><\/p>\n<p style=\"margin-bottom:11px\"><span><span style=\"font-size:11pt\"><span><span style=\"font-family:arial,helvetica,sans-serif\">F\u00f6r att n\u00e5 ovanst\u00e5ende m\u00e5l och ta bolaget till l\u00f6nsamhet genomf\u00f6r Absolicon nu en f\u00f6retr\u00e4desemission om ca 19&nbsp;MSEK med teckningsf\u00f6rbindelser om 1,6&nbsp;MSEK.<\/span><\/span><\/span><\/span><\/p>\n<p style=\"margin-bottom:11px\"><span><span style=\"font-size:11pt\"><span><span style=\"font-family:arial,helvetica,sans-serif\">Emissionslikviden bed\u00f6ms vara tillr\u00e4cklig f\u00f6r att tillsammans med produktionslinepartners etablera l\u00f6nsam f\u00f6rs\u00e4ljning p\u00e5 flera marknader och n\u00e5 god l\u00f6nsamhet i v\u00e5r f\u00f6rs\u00e4ljning av produktionslinor. <\/span><\/span><\/span><\/span><\/p>\n<p style=\"margin-bottom:11px\"><span><span style=\"font-size:11pt\"><span><span style=\"font-family:arial,helvetica,sans-serif\">Styrelsen i Absolicon har beslutat om en f\u00f6retr\u00e4desemisson p\u00e5 maximalt 19,4 MSEK f\u00f6re emissionskostnader vilka ber\u00e4knas uppg\u00e5 till cirka 0,8 MSEK. Nettolikviden f\u00f6rv\u00e4ntas anv\u00e4ndas till:<\/span><\/span><\/span><\/span><\/p>\n<p style=\"margin-bottom:11px\"><span><span style=\"font-size:11pt\"><span><span style=\"font-family:arial,helvetica,sans-serif\">\u2022 Forskning &amp; utveckling: 60%<\/span><\/span><\/span><\/span><\/p>\n<p style=\"margin-bottom:11px\"><span><span style=\"font-size:11pt\"><span><span style=\"font-family:arial,helvetica,sans-serif\">\u2022 F\u00f6rs\u00e4ljning och marknadsf\u00f6ringskostnader: 40%<\/span><\/span><\/span><\/span><\/p>\n<p style=\"margin-bottom:11px\"><span><span style=\"font-size:11pt\"><span><span style=\"font-family:arial,helvetica,sans-serif\"><strong>Tidsplan f\u00f6r F\u00f6retr\u00e4desemissionen<\/strong><\/span><\/span><\/span><\/span><\/p>\n<p style=\"margin-bottom:11px\"><span><span style=\"font-size:11pt\"><span><span style=\"font-family:arial,helvetica,sans-serif\">Sista dag f\u00f6r handel i Bolagets aktie med r\u00e4tt att delta i emissionen: 2024-10-21<\/span><\/span><\/span><\/span><\/p>\n<p style=\"margin-bottom:11px\"><span><span style=\"font-size:11pt\"><span><span style=\"font-family:arial,helvetica,sans-serif\">Avst\u00e4mningsdag:&nbsp; 2024-10-23<\/span><\/span><\/span><\/span><\/p>\n<p style=\"margin-bottom:11px\"><span><span style=\"font-size:11pt\"><span><span style=\"font-family:arial,helvetica,sans-serif\">F\u00f6rsta dag f\u00f6r handel i Bolagets aktie utan r\u00e4tt att delta i emissionen: 2024-10-22<\/span><\/span><\/span><\/span><\/p>\n<p style=\"margin-bottom:11px\"><span><span style=\"font-size:11pt\"><span><span style=\"font-family:arial,helvetica,sans-serif\">Teckningsperiod: 2024-10-28 \u2013 2024-11-13<\/span><\/span><\/span><\/span><\/p>\n<p style=\"margin-bottom:11px\"><span><span style=\"font-size:11pt\"><span><span style=\"font-family:arial,helvetica,sans-serif\">Handel med teckningsr\u00e4tter:&nbsp; 2024-10-28 \u2013 2024-11-08<\/span><\/span><\/span><\/span><\/p>\n<p style=\"margin-bottom:11px\"><span><span style=\"font-size:11pt\"><span><span style=\"font-family:arial,helvetica,sans-serif\">Handel med BTA: 2024-10-28 \u2013 till dess att emissionen registrerats p\u00e5 Bolagsverket<\/span><\/span><\/span><\/span><\/p>\n<p style=\"margin-bottom:11px\"><span><span style=\"font-size:11pt\"><span><span style=\"font-family:arial,helvetica,sans-serif\">Teckningsresultatet offentligg\u00f6rs: 2024-11-15 (p\u00e5 eftermiddagen)<\/span><\/span><\/span><\/span><\/p>\n<p style=\"margin-bottom:11px\"><span><span style=\"font-size:11pt\"><span><span style=\"font-family:arial,helvetica,sans-serif\">F\u00f6retr\u00e4desemissionen registreras p\u00e5 Bolagsverket: Ber\u00e4knas ske vecka 50<\/span><\/span><\/span><\/span><\/p>\n<p style=\"margin-bottom:11px\"><span><span style=\"font-size:11pt\"><span><span style=\"font-family:arial,helvetica,sans-serif\"><strong>Emissionsvillkor<\/strong><\/span><\/span><\/span><\/span><\/p>\n<p style=\"margin-bottom:11px\"><span><span style=\"font-size:11pt\"><span><span style=\"font-family:arial,helvetica,sans-serif\">F\u00f6r varje innehavd aktie, oavsett aktieslag, p\u00e5 avst\u00e4mningsdagen den 23 oktober 2024 erh\u00e5lls tv\u00e5 (2) teckningsr\u00e4tter. Tre (3) teckningsr\u00e4tter ger r\u00e4tt att teckna en (1) ny B-aktie till teckningskursen 5 kr per B-aktie. Teckningsperioden l\u00f6per fr\u00e5n den 28 oktober 2024 till och med den 13 november 2024.<\/span><\/span><\/span><\/span><\/p>\n<p style=\"margin-bottom:11px\"><span><span style=\"font-size:11pt\"><span><span style=\"font-family:arial,helvetica,sans-serif\">Emissionen omfattar h\u00f6gst 3 876 158 aktier, varvid antalet aktier \u00f6kar fr\u00e5n 5 814 238 aktier till 9 690 396 aktier. Aktiekapitalet \u00f6kar vid full teckning med 3 876 158 kr fr\u00e5n 5 814&nbsp;238 kr till 9 690&nbsp;396 kr.<\/span><\/span><\/span><\/span><\/p>\n<p style=\"margin-bottom:11px\"><span><span style=\"font-size:11pt\"><span><span style=\"font-family:arial,helvetica,sans-serif\"><strong>Tilldelningsprinciper<\/strong><\/span><\/span><\/span><\/span><\/p>\n<p style=\"margin-bottom:11px\"><span><span style=\"font-size:11pt\"><span><span style=\"font-family:arial,helvetica,sans-serif\">F\u00f6r det fall inte samtliga B-aktier tecknas med st\u00f6d av teckningsr\u00e4tter ska styrelsen, inom ramen f\u00f6r f\u00f6retr\u00e4desemissionens h\u00f6gsta belopp, besluta om tilldelning av B-aktier till de som tecknat B-aktier utan st\u00f6d av teckningsr\u00e4tter enligt f\u00f6ljande f\u00f6rdelningsgrunder: <\/span><\/span><\/span><\/span><\/p>\n<p style=\"margin-bottom:11px\"><span><span style=\"font-size:11pt\"><span><span style=\"font-family:arial,helvetica,sans-serif\">&#8211; I f\u00f6rsta hand till tecknare som tecknat B-aktier med st\u00f6d av teckningsr\u00e4tter och, vid \u00f6verteckning, i f\u00f6rh\u00e5llande till det antal teckningsr\u00e4tter som var och en utnyttjat f\u00f6r teckning av B-aktier och, i den m\u00e5n detta inte kan ske, genom lottning.<\/span><\/span><\/span><\/span><\/p>\n<p style=\"margin-bottom:11px\"><span><span style=\"font-size:11pt\"><span><span style=\"font-family:arial,helvetica,sans-serif\">&#8211; I andra hand ska f\u00f6rdelning ske till \u00f6vriga som anm\u00e4lt intresse av att teckna B-aktier utan st\u00f6d av teckningsr\u00e4tter och, vid \u00f6verteckning, i f\u00f6rh\u00e5llande till det antal B-aktier som s\u00e5dana personer anm\u00e4lt f\u00f6r teckning, och i den m\u00e5n detta inte kan ske, genom lottning.<\/span><\/span><\/span><\/span><\/p>\n<p style=\"margin-bottom:11px\"><span><span style=\"font-size:11pt\"><span><span style=\"font-family:arial,helvetica,sans-serif\">&#8211; I tredje hand ska f\u00f6rdelning ske till garanter av F\u00f6retr\u00e4desemissionen enlighet med eventuellt ing\u00e5ngna garantiavtal.<strong> <\/strong><\/span><\/span><\/span><\/span><\/p>\n<p style=\"margin-bottom:11px\"><span><span style=\"font-size:11pt\"><span><span style=\"font-family:arial,helvetica,sans-serif\"><strong>Teckningsf\u00f6rbindelser<\/strong><\/span><\/span><\/span><\/span><\/p>\n<p style=\"margin-bottom:11px\"><span><span style=\"font-size:11pt\"><span><span style=\"font-family:arial,helvetica,sans-serif\">Bolaget har erh\u00e5llit teckningsf\u00f6rbindelser om sammanlagt 1,6 MSEK, motsvarande 8,24% av teckningsbeloppet fr\u00e5n Bolagets VD och huvud\u00e4gare Joakim Bystr\u00f6m. Bolaget har ej beg\u00e4rt s\u00e4kerhet f\u00f6r fullg\u00f6randet av garantierna.<\/span><\/span><\/span><\/span><\/p>\n<p style=\"margin-bottom:11px\"><span><span style=\"font-size:11pt\"><span><span style=\"font-family:arial,helvetica,sans-serif\"><strong>Betalning av aktier<\/strong><\/span><\/span><\/span><\/span><\/p>\n<p style=\"margin-bottom:11px\"><span><span style=\"font-size:11pt\"><span><span style=\"font-family:arial,helvetica,sans-serif\">Betalning av aktier tecknade med f\u00f6retr\u00e4de skall ske genom samtidig betalning. Betalning av aktier tecknade utan f\u00f6retr\u00e4desr\u00e4tt skall ske enligt uts\u00e4nd avr\u00e4kningsnota dock senast tre bankdagar efter sista teckningsdag.<\/span><\/span><\/span><\/span><\/p>\n<p style=\"margin-bottom:11px\"><span><span style=\"font-size:11pt\"><span><span style=\"font-family:arial,helvetica,sans-serif\">Styrelsen i Bolaget \u00e4ger r\u00e4tt att f\u00f6rl\u00e4nga tecknings- och betaltiden.<\/span><\/span><\/span><\/span><\/p>\n<p style=\"margin-bottom:11px\"><span><span style=\"font-size:11pt\"><span><span style=\"font-family:arial,helvetica,sans-serif\">De nya B-aktierna medf\u00f6r r\u00e4tt till vinstutdelning f\u00f6rsta g\u00e5ngen p\u00e5 den avst\u00e4mningsdag f\u00f6r utdelning som infaller n\u00e4rmast efter det att F\u00f6retr\u00e4desemissionen har registrerats hos Bolagsverket och aktierna inf\u00f6rts i aktieboken hos Euroclear Sweden AB.<\/span><\/span><\/span><\/span><\/p>\n<p style=\"margin-bottom:11px\"><span><span style=\"font-size:11pt\"><span><span style=\"font-family:arial,helvetica,sans-serif\"><strong>Marknadsf\u00f6ring under emissionsperioden<\/strong><\/span><\/span><\/span><\/span><\/p>\n<p style=\"margin-bottom:11px\"><span><span style=\"font-size:11pt\"><span><span style=\"font-family:arial,helvetica,sans-serif\">Absolicon arbetar aktivt med marknadsf\u00f6ring under emissionsperioden. Helsidesannonser i dagspress, e-nyhetsbrev, poddar och internetannonsering n\u00e5r Absolicons marknadsf\u00f6ring hundratusentals m\u00e4nniskor.<\/span><\/span><\/span><\/span><\/p>\n<p style=\"margin-bottom:11px\"><span><span style=\"font-size:11pt\"><span><span style=\"font-family:arial,helvetica,sans-serif\">En viktig del i Absolicons mission \u00e4r utbildning om v\u00e4rdet med solv\u00e4rme och d\u00e4r arbetar vi med Absolicons eget magasin som kommer ut f\u00f6r tionde \u00e5ret och trycks i n\u00e4ra 50 000 exemplar. Magasinet g\u00e5r till alla aktie\u00e4gare, men skickas \u00e4ven ut med Aktiespararen.<\/span><\/span><\/span><\/span><\/p>\n<p style=\"margin-bottom:11px\"><span><span style=\"font-size:11pt\"><span><span style=\"font-family:arial,helvetica,sans-serif\">Marknadsf\u00f6ringskampanjens final kommer p\u00e5 Absolicondagen i b\u00f6rjan av november d\u00e4r vi bjuder in alla aktie\u00e4gare och \u00e4ven arrangerar digital information med bes\u00f6k i produktionslinan och p\u00e5 v\u00e5ra installationer.<\/span><\/span><\/span><\/span><\/p>\n<p><\/p>\n<p>Denna information \u00e4r s\u00e5dan som Absolicon \u00e4r skyldigt att offentligg\u00f6ra enligt EU:s marknadsmissbruksf\u00f6rordning (EU nr 596\/2014). Informationen l\u00e4mnades, genom angiven kontaktpersons f\u00f6rsorg, f\u00f6r offentligg\u00f6rande 2024-10-16 10:30 CET.<\/p>\n","protected":false},"excerpt":{"rendered":"<p>Vi st\u00e5r inf\u00f6r en ny industriell era \u2013 en era d\u00e4r gr\u00f6n innovation och f\u00f6rnybar energi inte l\u00e4ngre \u00e4r en alternativ v\u00e4g, utan sj\u00e4lva k\u00e4rnan i v\u00e5r ekonomiska framtid. Absolicon \u00e4r ett f\u00f6retag som har l\u00f6sningarna f\u00f6r framtidens klimatutmaningar och globala milj\u00f6m\u00e5l. Solv\u00e4rmemarknaden \u00e4r idag ett utvecklings- och tillv\u00e4xtomr\u00e5de som drivs av efterfr\u00e5gan p\u00e5 milj\u00f6tekniska [&hellip;]<\/p>\n","protected":false},"author":1,"featured_media":0,"comment_status":"open","ping_status":"open","sticky":false,"template":"","format":"standard","meta":{"_acf_changed":false,"footnotes":""},"categories":[23],"tags":[],"class_list":["post-17299","post","type-post","status-publish","format-standard","hentry","category-pressrelease"],"acf":[],"yoast_head":"<!-- This site is optimized with the Yoast SEO plugin v27.4 - https:\/\/yoast.com\/product\/yoast-seo-wordpress\/ -->\n<title>Absolicon beslutar om en f\u00f6retr\u00e4desemission om cirka 19,4 MSEK - Absolicon<\/title>\n<meta name=\"robots\" content=\"index, follow, max-snippet:-1, max-image-preview:large, max-video-preview:-1\" \/>\n<link rel=\"canonical\" href=\"https:\/\/www.agma.com\/sv\/absolicon-beslutar-om-en-foretradesemission-om-cirka-194-msek\/\" \/>\n<meta property=\"og:locale\" content=\"sv_SE\" \/>\n<meta property=\"og:type\" content=\"article\" \/>\n<meta property=\"og:title\" content=\"Absolicon beslutar om en f\u00f6retr\u00e4desemission om cirka 19,4 MSEK - Absolicon\" \/>\n<meta property=\"og:description\" content=\"Vi st\u00e5r inf\u00f6r en ny industriell era \u2013 en era d\u00e4r gr\u00f6n innovation och f\u00f6rnybar energi inte l\u00e4ngre \u00e4r en alternativ v\u00e4g, utan sj\u00e4lva k\u00e4rnan i v\u00e5r ekonomiska framtid. Absolicon \u00e4r ett f\u00f6retag som har l\u00f6sningarna f\u00f6r framtidens klimatutmaningar och globala milj\u00f6m\u00e5l. Solv\u00e4rmemarknaden \u00e4r idag ett utvecklings- och tillv\u00e4xtomr\u00e5de som drivs av efterfr\u00e5gan p\u00e5 milj\u00f6tekniska [&hellip;]\" \/>\n<meta property=\"og:url\" content=\"https:\/\/www.agma.com\/sv\/absolicon-beslutar-om-en-foretradesemission-om-cirka-194-msek\/\" \/>\n<meta property=\"og:site_name\" content=\"Absolicon\" \/>\n<meta property=\"article:published_time\" content=\"2024-10-16T08:30:00+00:00\" \/>\n<meta name=\"author\" content=\"jakubschenk\" \/>\n<meta name=\"twitter:card\" content=\"summary_large_image\" \/>\n<meta name=\"twitter:label1\" content=\"Skriven av\" \/>\n\t<meta name=\"twitter:data1\" content=\"jakubschenk\" \/>\n\t<meta name=\"twitter:label2\" content=\"Ber\u00e4knad l\u00e4stid\" \/>\n\t<meta name=\"twitter:data2\" content=\"7 minuter\" \/>\n<script type=\"application\/ld+json\" class=\"yoast-schema-graph\">{\"@context\":\"https:\\\/\\\/schema.org\",\"@graph\":[{\"@type\":\"Article\",\"@id\":\"https:\\\/\\\/www.agma.com\\\/sv\\\/absolicon-beslutar-om-en-foretradesemission-om-cirka-194-msek\\\/#article\",\"isPartOf\":{\"@id\":\"https:\\\/\\\/www.agma.com\\\/sv\\\/absolicon-beslutar-om-en-foretradesemission-om-cirka-194-msek\\\/\"},\"author\":{\"name\":\"jakubschenk\",\"@id\":\"https:\\\/\\\/www.agma.com\\\/sv\\\/#\\\/schema\\\/person\\\/6820b3ce1cc37edbaecc979090760d8b\"},\"headline\":\"Absolicon beslutar om en f\u00f6retr\u00e4desemission om cirka 19,4 MSEK\",\"datePublished\":\"2024-10-16T08:30:00+00:00\",\"mainEntityOfPage\":{\"@id\":\"https:\\\/\\\/www.agma.com\\\/sv\\\/absolicon-beslutar-om-en-foretradesemission-om-cirka-194-msek\\\/\"},\"wordCount\":1410,\"commentCount\":0,\"publisher\":{\"@id\":\"https:\\\/\\\/www.agma.com\\\/sv\\\/#organization\"},\"articleSection\":[\"Pressrelease\"],\"inLanguage\":\"sv-SE\",\"potentialAction\":[{\"@type\":\"CommentAction\",\"name\":\"Comment\",\"target\":[\"https:\\\/\\\/www.agma.com\\\/sv\\\/absolicon-beslutar-om-en-foretradesemission-om-cirka-194-msek\\\/#respond\"]}]},{\"@type\":\"WebPage\",\"@id\":\"https:\\\/\\\/www.agma.com\\\/sv\\\/absolicon-beslutar-om-en-foretradesemission-om-cirka-194-msek\\\/\",\"url\":\"https:\\\/\\\/www.agma.com\\\/sv\\\/absolicon-beslutar-om-en-foretradesemission-om-cirka-194-msek\\\/\",\"name\":\"Absolicon beslutar om en f\u00f6retr\u00e4desemission om cirka 19,4 MSEK - Absolicon\",\"isPartOf\":{\"@id\":\"https:\\\/\\\/www.agma.com\\\/sv\\\/#website\"},\"datePublished\":\"2024-10-16T08:30:00+00:00\",\"breadcrumb\":{\"@id\":\"https:\\\/\\\/www.agma.com\\\/sv\\\/absolicon-beslutar-om-en-foretradesemission-om-cirka-194-msek\\\/#breadcrumb\"},\"inLanguage\":\"sv-SE\",\"potentialAction\":[{\"@type\":\"ReadAction\",\"target\":[\"https:\\\/\\\/www.agma.com\\\/sv\\\/absolicon-beslutar-om-en-foretradesemission-om-cirka-194-msek\\\/\"]}]},{\"@type\":\"BreadcrumbList\",\"@id\":\"https:\\\/\\\/www.agma.com\\\/sv\\\/absolicon-beslutar-om-en-foretradesemission-om-cirka-194-msek\\\/#breadcrumb\",\"itemListElement\":[{\"@type\":\"ListItem\",\"position\":1,\"name\":\"Home\",\"item\":\"https:\\\/\\\/www.agma.com\\\/sv\\\/\"},{\"@type\":\"ListItem\",\"position\":2,\"name\":\"Absolicon beslutar om en f\u00f6retr\u00e4desemission om cirka 19,4 MSEK\"}]},{\"@type\":\"WebSite\",\"@id\":\"https:\\\/\\\/www.agma.com\\\/sv\\\/#website\",\"url\":\"https:\\\/\\\/www.agma.com\\\/sv\\\/\",\"name\":\"Absolicon\",\"description\":\"\",\"publisher\":{\"@id\":\"https:\\\/\\\/www.agma.com\\\/sv\\\/#organization\"},\"potentialAction\":[{\"@type\":\"SearchAction\",\"target\":{\"@type\":\"EntryPoint\",\"urlTemplate\":\"https:\\\/\\\/www.agma.com\\\/sv\\\/?s={search_term_string}\"},\"query-input\":{\"@type\":\"PropertyValueSpecification\",\"valueRequired\":true,\"valueName\":\"search_term_string\"}}],\"inLanguage\":\"sv-SE\"},{\"@type\":\"Organization\",\"@id\":\"https:\\\/\\\/www.agma.com\\\/sv\\\/#organization\",\"name\":\"Absolicon\",\"url\":\"https:\\\/\\\/www.agma.com\\\/sv\\\/\",\"logo\":{\"@type\":\"ImageObject\",\"inLanguage\":\"sv-SE\",\"@id\":\"https:\\\/\\\/www.agma.com\\\/sv\\\/#\\\/schema\\\/logo\\\/image\\\/\",\"url\":\"https:\\\/\\\/www.agma.com\\\/wp-content\\\/uploads\\\/2026\\\/04\\\/logotype_neg_blk.svg\",\"contentUrl\":\"https:\\\/\\\/www.agma.com\\\/wp-content\\\/uploads\\\/2026\\\/04\\\/logotype_neg_blk.svg\",\"width\":705,\"height\":83,\"caption\":\"Absolicon\"},\"image\":{\"@id\":\"https:\\\/\\\/www.agma.com\\\/sv\\\/#\\\/schema\\\/logo\\\/image\\\/\"}},{\"@type\":\"Person\",\"@id\":\"https:\\\/\\\/www.agma.com\\\/sv\\\/#\\\/schema\\\/person\\\/6820b3ce1cc37edbaecc979090760d8b\",\"name\":\"jakubschenk\",\"image\":{\"@type\":\"ImageObject\",\"inLanguage\":\"sv-SE\",\"@id\":\"https:\\\/\\\/secure.gravatar.com\\\/avatar\\\/0ab843002d4a58702560e02354e5f9a3206e13bbfaa9df5a188e463870f605cd?s=96&d=mm&r=g\",\"url\":\"https:\\\/\\\/secure.gravatar.com\\\/avatar\\\/0ab843002d4a58702560e02354e5f9a3206e13bbfaa9df5a188e463870f605cd?s=96&d=mm&r=g\",\"contentUrl\":\"https:\\\/\\\/secure.gravatar.com\\\/avatar\\\/0ab843002d4a58702560e02354e5f9a3206e13bbfaa9df5a188e463870f605cd?s=96&d=mm&r=g\",\"caption\":\"jakubschenk\"},\"sameAs\":[\"https:\\\/\\\/www.agma.com\"],\"url\":\"https:\\\/\\\/www.agma.com\\\/sv\\\/author\\\/jakubschenk\\\/\"}]}<\/script>\n<!-- \/ Yoast SEO plugin. -->","yoast_head_json":{"title":"Absolicon beslutar om en f\u00f6retr\u00e4desemission om cirka 19,4 MSEK - Absolicon","robots":{"index":"index","follow":"follow","max-snippet":"max-snippet:-1","max-image-preview":"max-image-preview:large","max-video-preview":"max-video-preview:-1"},"canonical":"https:\/\/www.agma.com\/sv\/absolicon-beslutar-om-en-foretradesemission-om-cirka-194-msek\/","og_locale":"sv_SE","og_type":"article","og_title":"Absolicon beslutar om en f\u00f6retr\u00e4desemission om cirka 19,4 MSEK - Absolicon","og_description":"Vi st\u00e5r inf\u00f6r en ny industriell era \u2013 en era d\u00e4r gr\u00f6n innovation och f\u00f6rnybar energi inte l\u00e4ngre \u00e4r en alternativ v\u00e4g, utan sj\u00e4lva k\u00e4rnan i v\u00e5r ekonomiska framtid. Absolicon \u00e4r ett f\u00f6retag som har l\u00f6sningarna f\u00f6r framtidens klimatutmaningar och globala milj\u00f6m\u00e5l. Solv\u00e4rmemarknaden \u00e4r idag ett utvecklings- och tillv\u00e4xtomr\u00e5de som drivs av efterfr\u00e5gan p\u00e5 milj\u00f6tekniska [&hellip;]","og_url":"https:\/\/www.agma.com\/sv\/absolicon-beslutar-om-en-foretradesemission-om-cirka-194-msek\/","og_site_name":"Absolicon","article_published_time":"2024-10-16T08:30:00+00:00","author":"jakubschenk","twitter_card":"summary_large_image","twitter_misc":{"Skriven av":"jakubschenk","Ber\u00e4knad l\u00e4stid":"7 minuter"},"schema":{"@context":"https:\/\/schema.org","@graph":[{"@type":"Article","@id":"https:\/\/www.agma.com\/sv\/absolicon-beslutar-om-en-foretradesemission-om-cirka-194-msek\/#article","isPartOf":{"@id":"https:\/\/www.agma.com\/sv\/absolicon-beslutar-om-en-foretradesemission-om-cirka-194-msek\/"},"author":{"name":"jakubschenk","@id":"https:\/\/www.agma.com\/sv\/#\/schema\/person\/6820b3ce1cc37edbaecc979090760d8b"},"headline":"Absolicon beslutar om en f\u00f6retr\u00e4desemission om cirka 19,4 MSEK","datePublished":"2024-10-16T08:30:00+00:00","mainEntityOfPage":{"@id":"https:\/\/www.agma.com\/sv\/absolicon-beslutar-om-en-foretradesemission-om-cirka-194-msek\/"},"wordCount":1410,"commentCount":0,"publisher":{"@id":"https:\/\/www.agma.com\/sv\/#organization"},"articleSection":["Pressrelease"],"inLanguage":"sv-SE","potentialAction":[{"@type":"CommentAction","name":"Comment","target":["https:\/\/www.agma.com\/sv\/absolicon-beslutar-om-en-foretradesemission-om-cirka-194-msek\/#respond"]}]},{"@type":"WebPage","@id":"https:\/\/www.agma.com\/sv\/absolicon-beslutar-om-en-foretradesemission-om-cirka-194-msek\/","url":"https:\/\/www.agma.com\/sv\/absolicon-beslutar-om-en-foretradesemission-om-cirka-194-msek\/","name":"Absolicon beslutar om en f\u00f6retr\u00e4desemission om cirka 19,4 MSEK - Absolicon","isPartOf":{"@id":"https:\/\/www.agma.com\/sv\/#website"},"datePublished":"2024-10-16T08:30:00+00:00","breadcrumb":{"@id":"https:\/\/www.agma.com\/sv\/absolicon-beslutar-om-en-foretradesemission-om-cirka-194-msek\/#breadcrumb"},"inLanguage":"sv-SE","potentialAction":[{"@type":"ReadAction","target":["https:\/\/www.agma.com\/sv\/absolicon-beslutar-om-en-foretradesemission-om-cirka-194-msek\/"]}]},{"@type":"BreadcrumbList","@id":"https:\/\/www.agma.com\/sv\/absolicon-beslutar-om-en-foretradesemission-om-cirka-194-msek\/#breadcrumb","itemListElement":[{"@type":"ListItem","position":1,"name":"Home","item":"https:\/\/www.agma.com\/sv\/"},{"@type":"ListItem","position":2,"name":"Absolicon beslutar om en f\u00f6retr\u00e4desemission om cirka 19,4 MSEK"}]},{"@type":"WebSite","@id":"https:\/\/www.agma.com\/sv\/#website","url":"https:\/\/www.agma.com\/sv\/","name":"Absolicon","description":"","publisher":{"@id":"https:\/\/www.agma.com\/sv\/#organization"},"potentialAction":[{"@type":"SearchAction","target":{"@type":"EntryPoint","urlTemplate":"https:\/\/www.agma.com\/sv\/?s={search_term_string}"},"query-input":{"@type":"PropertyValueSpecification","valueRequired":true,"valueName":"search_term_string"}}],"inLanguage":"sv-SE"},{"@type":"Organization","@id":"https:\/\/www.agma.com\/sv\/#organization","name":"Absolicon","url":"https:\/\/www.agma.com\/sv\/","logo":{"@type":"ImageObject","inLanguage":"sv-SE","@id":"https:\/\/www.agma.com\/sv\/#\/schema\/logo\/image\/","url":"https:\/\/www.agma.com\/wp-content\/uploads\/2026\/04\/logotype_neg_blk.svg","contentUrl":"https:\/\/www.agma.com\/wp-content\/uploads\/2026\/04\/logotype_neg_blk.svg","width":705,"height":83,"caption":"Absolicon"},"image":{"@id":"https:\/\/www.agma.com\/sv\/#\/schema\/logo\/image\/"}},{"@type":"Person","@id":"https:\/\/www.agma.com\/sv\/#\/schema\/person\/6820b3ce1cc37edbaecc979090760d8b","name":"jakubschenk","image":{"@type":"ImageObject","inLanguage":"sv-SE","@id":"https:\/\/secure.gravatar.com\/avatar\/0ab843002d4a58702560e02354e5f9a3206e13bbfaa9df5a188e463870f605cd?s=96&d=mm&r=g","url":"https:\/\/secure.gravatar.com\/avatar\/0ab843002d4a58702560e02354e5f9a3206e13bbfaa9df5a188e463870f605cd?s=96&d=mm&r=g","contentUrl":"https:\/\/secure.gravatar.com\/avatar\/0ab843002d4a58702560e02354e5f9a3206e13bbfaa9df5a188e463870f605cd?s=96&d=mm&r=g","caption":"jakubschenk"},"sameAs":["https:\/\/www.agma.com"],"url":"https:\/\/www.agma.com\/sv\/author\/jakubschenk\/"}]}},"_links":{"self":[{"href":"https:\/\/www.agma.com\/sv\/wp-json\/wp\/v2\/posts\/17299","targetHints":{"allow":["GET"]}}],"collection":[{"href":"https:\/\/www.agma.com\/sv\/wp-json\/wp\/v2\/posts"}],"about":[{"href":"https:\/\/www.agma.com\/sv\/wp-json\/wp\/v2\/types\/post"}],"author":[{"embeddable":true,"href":"https:\/\/www.agma.com\/sv\/wp-json\/wp\/v2\/users\/1"}],"replies":[{"embeddable":true,"href":"https:\/\/www.agma.com\/sv\/wp-json\/wp\/v2\/comments?post=17299"}],"version-history":[{"count":0,"href":"https:\/\/www.agma.com\/sv\/wp-json\/wp\/v2\/posts\/17299\/revisions"}],"wp:attachment":[{"href":"https:\/\/www.agma.com\/sv\/wp-json\/wp\/v2\/media?parent=17299"}],"wp:term":[{"taxonomy":"category","embeddable":true,"href":"https:\/\/www.agma.com\/sv\/wp-json\/wp\/v2\/categories?post=17299"},{"taxonomy":"post_tag","embeddable":true,"href":"https:\/\/www.agma.com\/sv\/wp-json\/wp\/v2\/tags?post=17299"}],"curies":[{"name":"wp","href":"https:\/\/api.w.org\/{rel}","templated":true}]}}