{"id":17753,"date":"2025-05-14T13:39:08","date_gmt":"2025-05-14T13:39:08","guid":{"rendered":"https:\/\/www.absolicon.com\/rattelse-kallelse-till-arsstamma-lordag-14-juni-2025\/"},"modified":"2025-05-14T13:39:08","modified_gmt":"2025-05-14T13:39:08","slug":"rattelse-kallelse-till-arsstamma-lordag-14-juni-2025","status":"publish","type":"post","link":"https:\/\/www.agma.com\/sv\/rattelse-kallelse-till-arsstamma-lordag-14-juni-2025\/","title":{"rendered":"R\u00e4ttelse &#8211; Kallelse till \u00e5rsst\u00e4mma l\u00f6rdag 14 juni 2025"},"content":{"rendered":"<p style=\"margin-bottom:11px;margin-top:12px\"><span><span style=\"font-size:11pt\"><span><span style=\"font-family:arial,helvetica,sans-serif\">Aktie&auml;gare som &ouml;nskar delta i &aring;rsst&auml;mman skall vara inf&ouml;rd i den av Euroclear Sweden AB f&ouml;rda aktieboken senast den 5 juni 2025 och b&ouml;r anm&auml;la sitt deltagande i &aring;rsst&auml;mman senast den 12 juni 2025.<\/span><\/span><\/span><\/span><\/p>\n<p style=\"margin-bottom:11px\"><strong><span><span style=\"font-size:11pt\"><span><span style=\"font-family:arial,helvetica,sans-serif\">F&ouml;rvaltarregistrerade aktier<\/span><\/span><\/span><\/span><\/strong><\/p>\n<p style=\"margin-bottom:11px\"><span><span style=\"font-size:11pt\"><span><span style=\"font-family:arial,helvetica,sans-serif\">Den som l&aring;tit f&ouml;rvaltarregistrera sina aktier m&aring;ste, f&ouml;r att ha r&auml;tt att delta i st&auml;mman, genom f&ouml;rvaltares f&ouml;rsorg l&aring;ta registrera aktierna i eget namn, s&aring; att vederb&ouml;rande &auml;r registrerad i den av Euroclear Sweden AB f&ouml;rda aktieboken per avst&auml;mningsdagen 5 juni 2025. S&aring;dan registrering kan vara tillf&auml;llig (s.k. r&ouml;str&auml;ttsregistrering). Aktie&auml;gare som &ouml;nskar registrera aktierna i eget namn m&aring;ste, i enlighet med respektive f&ouml;rvaltares rutiner, beg&auml;ra att f&ouml;rvaltaren g&ouml;r s&aring;dan r&ouml;str&auml;ttsregistrering. R&ouml;str&auml;ttsregistrering som av aktie&auml;gare har beg&auml;rts i s&aring;dan tid att registreringen har gjorts av relevant f&ouml;rvaltare senast andra bankdagen efter 5 juni 2025 kommer att beaktas vid framst&auml;llningen av aktieboken.<\/span><\/span><\/span><\/span><\/p>\n<p style=\"margin-bottom:11px\"><strong><span><span style=\"font-size:11pt\"><span><span style=\"font-family:arial,helvetica,sans-serif\">Anm&auml;lan<\/span><\/span><\/span><\/span><\/strong><\/p>\n<p style=\"margin-bottom:11px\"><span><span style=\"font-size:11pt\"><span><span style=\"font-family:arial,helvetica,sans-serif\">Anm&auml;lan om deltagande i &aring;rsst&auml;mman b&ouml;r g&ouml;ras antingen p&aring; telefon 0611-557000, via e-post info@absolicon.com eller skriftligen till Absolicon. Vid anm&auml;lan ska namn, personnummer\/ organisations-nummer, adress och telefonnummer samt antalet f&ouml;retr&auml;dda aktier uppges. Aktie&auml;gare som f&ouml;retr&auml;ds av ombud ska utf&auml;rda fullmakt f&ouml;r ombudet. Fullmakten b&ouml;r i god tid f&ouml;re st&auml;mman ins&auml;ndas till bolaget under ovanst&aring;ende adress. Om fullmakten utf&auml;rdats av juridisk person, ska bestyrkt kopia av registreringsbevis f&ouml;r den juridiska personen bifogas. Fullmaktens giltighetstid f&aring;r vara l&auml;ngst fem &aring;r fr&aring;n utf&auml;rdandet. Fullmaktsformul&auml;r finns tillg&auml;ngligt att ladda ner via www.absolicon.se samt s&auml;nds ut till de aktie&auml;gare som s&aring; beg&auml;r och uppger sin postadress.<\/span><\/span><\/span><\/span><\/p>\n<p style=\"margin-bottom:11px\">\n<p style=\"margin-bottom:11px\"><strong><span><span style=\"font-size:11pt\"><span><span style=\"font-family:arial,helvetica,sans-serif\">F&Ouml;RSLAG TILL DAGORDNING<\/span><\/span><\/span><\/span><\/strong><\/p>\n<p style=\"margin-bottom:11px\"><span><span style=\"font-size:11pt\"><span><span style=\"font-family:arial,helvetica,sans-serif\">1) Val av ordf&ouml;rande vid st&auml;mman.<\/span><\/span><\/span><\/span><\/p>\n<p style=\"margin-bottom:11px\"><span><span style=\"font-size:11pt\"><span><span style=\"font-family:arial,helvetica,sans-serif\">2) Uppr&auml;ttande och godk&auml;nnande av r&ouml;stl&auml;ngd.<\/span><\/span><\/span><\/span><\/p>\n<p style=\"margin-bottom:11px\"><span><span style=\"font-size:11pt\"><span><span style=\"font-family:arial,helvetica,sans-serif\">3) Godk&auml;nnande av dagordning.<\/span><\/span><\/span><\/span><\/p>\n<p style=\"margin-bottom:11px\"><span><span style=\"font-size:11pt\"><span><span style=\"font-family:arial,helvetica,sans-serif\">4) Val av en eller tv&aring; justeringspersoner.<\/span><\/span><\/span><\/span><\/p>\n<p style=\"margin-bottom:11px\"><span><span style=\"font-size:11pt\"><span><span style=\"font-family:arial,helvetica,sans-serif\">5) Pr&ouml;vning om st&auml;mman blivit beh&ouml;rigen sammankallad.<\/span><\/span><\/span><\/span><\/p>\n<p style=\"margin-bottom:11px\"><span><span style=\"font-size:11pt\"><span><span style=\"font-family:arial,helvetica,sans-serif\">6) Redog&ouml;relse av styrelsens arbete.<\/span><\/span><\/span><\/span><\/p>\n<p style=\"margin-bottom:11px\"><span><span style=\"font-size:11pt\"><span><span style=\"font-family:arial,helvetica,sans-serif\">7) Verkst&auml;llande direkt&ouml;rens anf&ouml;rande.<\/span><\/span><\/span><\/span><\/p>\n<p style=\"margin-bottom:11px\"><span><span style=\"font-size:11pt\"><span><span style=\"font-family:arial,helvetica,sans-serif\">8) F&ouml;redragning av framlagd &aring;rsredovisning och revisionsber&auml;ttelse.<\/span><\/span><\/span><\/span><\/p>\n<p style=\"margin-bottom:11px\"><span><span style=\"font-size:11pt\"><span><span style=\"font-family:arial,helvetica,sans-serif\">9) Redog&ouml;relse f&ouml;r revisionsarbetet under &aring;ret.<\/span><\/span><\/span><\/span><\/p>\n<p style=\"margin-bottom:11px\"><span><span style=\"font-size:11pt\"><span><span style=\"font-family:arial,helvetica,sans-serif\">10) Beslut om<\/span><\/span><\/span><\/span><\/p>\n<p style=\"margin-bottom:11px\"><span><span style=\"font-size:11pt\"><span><span style=\"font-family:arial,helvetica,sans-serif\">&nbsp;&nbsp;&nbsp;&nbsp;&nbsp;&nbsp; a) fastst&auml;llelse av resultatr&auml;kningen och balansr&auml;kningen<\/span><\/span><\/span><\/span><\/p>\n<p style=\"margin-bottom:11px\"><span><span style=\"font-size:11pt\"><span><span style=\"font-family:arial,helvetica,sans-serif\">&nbsp;&nbsp;&nbsp;&nbsp;&nbsp;&nbsp; b) dispositioner betr&auml;ffande bolagets resultat enligt den fastst&auml;llda balansr&auml;kningen<\/span><\/span><\/span><\/span><\/p>\n<p style=\"margin-bottom:11px\"><span><span style=\"font-size:11pt\"><span><span style=\"font-family:arial,helvetica,sans-serif\">&nbsp;&nbsp;&nbsp;&nbsp;&nbsp;&nbsp; c) ansvarsfrihet &aring;t styrelsens ledam&ouml;ter och verkst&auml;llande direkt&ouml;ren.<\/span><\/span><\/span><\/span><\/p>\n<p style=\"margin-bottom:11px\"><span><span style=\"font-size:11pt\"><span><span style=\"font-family:arial,helvetica,sans-serif\">11) Valberedningens redog&ouml;relse f&ouml;r sitt arbete.<\/span><\/span><\/span><\/span><\/p>\n<p style=\"margin-bottom:11px\"><span><span style=\"font-size:11pt\"><span><span style=\"font-family:arial,helvetica,sans-serif\">12) Fastst&auml;llande av antalet styrelseledam&ouml;ter och ev. styrelsesuppleanter som ska utses av &aring;rsst&auml;mman.<\/span><\/span><\/span><\/span><\/p>\n<p style=\"margin-bottom:11px\"><span><span style=\"font-size:11pt\"><span><span style=\"font-family:arial,helvetica,sans-serif\">13) Fastst&auml;llande av riktlinjer f&ouml;r ers&auml;ttning till ledande befattningshavare.<\/span><\/span><\/span><\/span><\/p>\n<p style=\"margin-bottom:11px\"><span><span style=\"font-size:11pt\"><span><span style=\"font-family:arial,helvetica,sans-serif\">14) Fastst&auml;llande av styrelse- och revisorsarvoden.<\/span><\/span><\/span><\/span><\/p>\n<p style=\"margin-bottom:11px\"><span><span style=\"font-size:11pt\"><span><span style=\"font-family:arial,helvetica,sans-serif\">15) Val av styrelse, styrelseordf&ouml;rande och revisorer.<\/span><\/span><\/span><\/span><\/p>\n<p style=\"margin-bottom:11px\"><span><span style=\"font-size:11pt\"><span><span style=\"font-family:arial,helvetica,sans-serif\">16) F&ouml;rslag till principer f&ouml;r utseende av valberedning.<\/span><\/span><\/span><\/span><\/p>\n<p style=\"margin-bottom:11px\"><span><span style=\"font-size:11pt\"><span><span style=\"font-family:arial,helvetica,sans-serif\">17) F&ouml;rslag om bemyndigande.<\/span><\/span><\/span><\/span><\/p>\n<p style=\"margin-bottom:11px\"><span><span style=\"font-size:11pt\"><span><span style=\"font-family:arial,helvetica,sans-serif\">18) &Ouml;vriga fr&aring;gor.<\/span><\/span><\/span><\/span><\/p>\n<p style=\"margin-bottom:11px\"><span><span style=\"font-size:11pt\"><span><span style=\"font-family:arial,helvetica,sans-serif\">19) St&auml;mmans avslutande.<\/span><\/span><\/span><\/span><\/p>\n<p style=\"margin-bottom:11px\"><em><span><span style=\"font-size:11pt\"><span><span style=\"font-family:arial,helvetica,sans-serif\">Hj&auml;rtligt v&auml;lkomna till Absolicons &aring;rsst&auml;mma!<\/span><\/span><\/span><\/span><\/em><\/p>\n<p style=\"margin-bottom:11px\">\n<p style=\"margin-bottom:11px\"><strong><span><span style=\"font-size:11pt\"><span><span style=\"font-family:arial,helvetica,sans-serif\">F&Ouml;RSLAG TILL BESLUT<\/span><\/span><\/span><\/span><\/strong><\/p>\n<p style=\"margin-bottom:11px\"><span><span style=\"font-size:11pt\"><span><span style=\"font-family:arial,helvetica,sans-serif\">Punkt 10b: Dispositioner betr&auml;ffande vinst eller f&ouml;rlust. Ingen utdelning f&ouml;resl&aring;s. Styrelsen f&ouml;resl&aring;r att balansera f&ouml;rlusten i ny r&auml;kning.<\/span><\/span><\/span><\/span><\/p>\n<p style=\"margin-bottom:11px\"><span><span style=\"font-size:11pt\"><span><span style=\"font-family:arial,helvetica,sans-serif\">Punkt 12: Valberedningen f&ouml;resl&aring;r fyra ledam&ouml;ter och inga suppleanter<\/span><\/span><\/span><\/span><\/p>\n<p style=\"margin-bottom:11px\"><span><span style=\"font-size:11pt\"><span><span style=\"font-family:arial,helvetica,sans-serif\">Punkt 13: Styrelsen f&ouml;resl&aring;r att ers&auml;ttning skall best&aring; av fast l&ouml;n, r&ouml;rlig l&ouml;n, pensionsf&ouml;rm&aring;ner samt &ouml;vriga f&ouml;rm&aring;ner som ex. tj&auml;nstebil. Ers&auml;ttningen skall vara marknadsm&auml;ssig och baserad p&aring; kompetens, prestation samt ansvarsomr&aring;de. Alla anst&auml;llda p&aring; Absolicon har &auml;ven del i ett bonusprogram baserat p&aring; vinsten fr&aring;n s&aring;lda produktionslinor, som f&ouml;rdelas baserat p&aring; antalet timmar arbetade.<\/span><\/span><\/span><\/span><\/p>\n<p style=\"margin-bottom:11px\"><span><span style=\"font-size:11pt\"><span><span style=\"font-family:arial,helvetica,sans-serif\">Punkt 16: F&ouml;rslag till arbetsordning valberedningen<\/span><\/span><\/span><\/span><\/p>\n<p style=\"margin-bottom:11px\"><span><span style=\"font-size:11pt\"><span><span style=\"font-family:arial,helvetica,sans-serif\">&Aring;rsst&auml;mman uppdrar &aring;t Styrelsens ordf&ouml;rande att ta kontakt med de tre r&ouml;stm&auml;ssigt st&ouml;rsta &auml;garregistrerade aktie&auml;garna per den 31 augusti, som vardera utser en representant att j&auml;mte styrelsens ordf&ouml;rande utg&ouml;ra valberedning f&ouml;r tiden intill dess att ny valberedning utsetts enligt mandat fr&aring;n n&auml;sta &aring;rsst&auml;mma.<\/span><\/span><\/span><\/span><\/p>\n<p style=\"margin-bottom:11px\"><span><span style=\"font-size:11pt\"><span><span style=\"font-family:arial,helvetica,sans-serif\">Om n&aring;gon av de tre r&ouml;stm&auml;ssigt st&ouml;rsta aktie&auml;garna avst&aring;r fr&aring;n sin r&auml;tt att utse ledamot till valberedningen skall n&auml;sta aktie&auml;gare i storleksordning beredas tillf&auml;lle att utse ledamot. Valberedningen kan ocks&aring; besluta att ytterligare en &auml;garrepresentant eller representant f&ouml;r en grupp st&ouml;rre &auml;gare adjungeras eller utses till ledamot av valberedningen. Sammans&auml;ttningen av valberedningen ska tillk&auml;nnages senast sex m&aring;nader f&ouml;re &aring;rsst&auml;mman. <\/span><\/span><\/span><\/span><\/p>\n<p style=\"margin-bottom:11px\"><span><span style=\"font-size:11pt\"><span><span style=\"font-family:arial,helvetica,sans-serif\">F&ouml;r det fall en v&auml;sentlig f&ouml;r&auml;ndring i &auml;garstrukturen sker efter det att valberedningen satts samman, ska valberedningens sammans&auml;ttning ocks&aring; &auml;ndras i enlighet d&auml;rmed om valberedningen anser att s&aring; &auml;r erforderligt. &Auml;ndring i valberedningens sammans&auml;ttning ska omedelbart offentligg&ouml;ras.<\/span><\/span><\/span><\/span><\/p>\n<p style=\"margin-bottom:11px\"><span><span style=\"font-size:11pt\"><span><span style=\"font-family:arial,helvetica,sans-serif\">Ordf&ouml;rande i valberedningen skall, om inte ledam&ouml;terna enas om annat, vara den ledamot som representerar den r&ouml;stm&auml;ssigt st&ouml;rsta aktie&auml;garen. <\/span><\/span><\/span><\/span><\/p>\n<p style=\"margin-bottom:11px\"><span><span style=\"font-size:11pt\"><span><span style=\"font-family:arial,helvetica,sans-serif\">Inget arvode ska utg&aring; till valberedningen. Valberedningen ska ha r&auml;tt att, efter godk&auml;nnande av styrelsens ordf&ouml;rande, belasta bolaget med kostnader f&ouml;r exempelvis rekryteringskonsulter eller annan kostnad som kr&auml;vs f&ouml;r att valberedningen ska kunna fullg&ouml;ra sitt uppdrag. <\/span><\/span><\/span><\/span><\/p>\n<p style=\"margin-bottom:11px\"><span><span style=\"font-size:11pt\"><span><span style=\"font-family:arial,helvetica,sans-serif\">Om ledamot l&auml;mnar valberedningen innan dess arbete &auml;r slutf&ouml;rt, och om valberedningen anser att det finns behov av att ers&auml;tta denna ledamot, ska ers&auml;ttare utses av samma aktie&auml;gare som utsett den avg&aring;ende ledamoten.<\/span><\/span><\/span><\/span><\/p>\n<p style=\"margin-bottom:11px\"><span><span style=\"font-size:11pt\"><span><span style=\"font-family:arial,helvetica,sans-serif\">Valberedningens uppgift ska vara att inf&ouml;r bolagsst&auml;mma framl&auml;gga f&ouml;rslag avseende antal styrelseledam&ouml;ter som ska v&auml;ljas av st&auml;mman, styrelsearvode, revisorsarvoden, eventuell ers&auml;ttning f&ouml;r utskottsarbete, styrelsens sammans&auml;ttning, styrelseordf&ouml;rande, valberedning, ordf&ouml;rande p&aring; bolagsst&auml;mma samt val av revisorer.<\/span><\/span><\/span><\/span><\/p>\n<p style=\"margin-bottom:11px\"><span><span style=\"font-size:11pt\"><span><span style=\"font-family:arial,helvetica,sans-serif\">Valberedningens mandatperiod skall str&auml;cka sig fram till dess att ny valberedning har utsetts. <\/span><\/span><\/span><\/span><\/p>\n<p style=\"margin-bottom:11px\"><span><span style=\"font-size:11pt\"><span><span style=\"font-family:arial,helvetica,sans-serif\">Punkt 17: Bemyndigande om nyemission av aktier och teckningsoptioner<\/span><\/span><\/span><\/span><\/p>\n<p style=\"margin-bottom:11px\"><span><span style=\"font-size:11pt\"><span><span style=\"font-family:arial,helvetica,sans-serif\">Styrelsen f&ouml;resl&aring;r att &aring;rsst&auml;mman bemyndigar styrelsen att vid ett eller flera tillf&auml;llen under tiden fram till n&auml;stkommande &aring;rsst&auml;mma, fatta beslut om att &ouml;ka Bolagets aktiekapital med h&ouml;gst 10 000 000 kronor genom nyemission av h&ouml;gst 10 000 000 aktier och\/eller teckningsoptioner. S&aring;dan nyemission av aktier och\/eller teckningsoptioner skall kunna ske med avvikelse fr&aring;n aktie&auml;garnas f&ouml;retr&auml;desr&auml;tt och\/eller med best&auml;mmelse om kontant betalning, apport, kvittning eller eljest med villkor enligt 13 kap. 5 &sect; f&ouml;rsta stycket punkten 6 och 2 kap 5 &sect; andra stycket 1-3 och 5 aktiebolagslagen.<\/span><\/span><\/span><\/span><\/p>\n<p style=\"margin-bottom:11px\"><span><span style=\"font-size:11pt\"><span><span style=\"font-family:arial,helvetica,sans-serif\">Nyemission i enlighet med detta bemyndigande skall ske p&aring; marknadsm&auml;ssiga villkor. Styrelsen skall &auml;ga best&auml;mma villkoren i &ouml;vrigt f&ouml;r nyemissioner enligt detta bemyndigande samt vem som skall &auml;ga r&auml;tt att teckna de nya aktierna eller optionerna. Sk&auml;let till att styrelsen skall kunna fatta beslut med avvikelse fr&aring;n aktie&auml;gares f&ouml;retr&auml;desr&auml;tt och\/eller med best&auml;mmelse om kontant betalning, apport- och kvittningsemission eller eljest med villkor enligt ovan &auml;r att Bolaget skall ges handlingsutrymme i samband med &auml;garspridning, garantiarvoden och strategiska f&ouml;rv&auml;rv av bolag eller r&ouml;relser.<\/span><\/span><\/span><\/span><\/p>\n<p style=\"margin-bottom:11px\"><span><span style=\"font-size:11pt\"><span><span style=\"font-family:arial,helvetica,sans-serif\">Styrelsen f&ouml;resl&aring;r vidare att st&auml;mman bemyndigar styrelsen, eller den styrelsen utser, att vidta de sm&auml;rre justeringar i detta beslut som kan komma att vara n&ouml;dv&auml;ndiga i samband med registrering vid Bolagsverket och vid Euroclear Sweden AB.<\/span><\/span><\/span><\/span><\/p>\n<p style=\"margin-bottom:11px\"><strong><span><span style=\"font-size:11pt\"><span><span style=\"font-family:arial,helvetica,sans-serif\">&Ouml;VRIG INFORMATION<\/span><\/span><\/span><\/span><\/strong><\/p>\n<p style=\"margin-bottom:11px\"><span><span style=\"font-size:11pt\"><span><span style=\"font-family:arial,helvetica,sans-serif\">Styrelsens fullst&auml;ndiga f&ouml;rslag till beslut, redovisningshandlingar och revisionsber&auml;ttelse kommer att finnas tillg&auml;ngliga p&aring; Bolaget och p&aring; Bolagets hemsida, www.absolicon.se, samt kommer att skickas till de aktie&auml;gare som beg&auml;r det och uppger sin postadress.<\/span><\/span><\/span><\/span><\/p>\n<p style=\"margin-bottom:11px\"><strong><span><span style=\"font-size:11pt\"><span><span style=\"font-family:arial,helvetica,sans-serif\">ANTAL AKTIER OCH R&Ouml;STER<\/span><\/span><\/span><\/span><\/strong><\/p>\n<p style=\"margin-bottom:11px\"><span><span style=\"font-size:11pt\"><span><span style=\"font-family:arial,helvetica,sans-serif\">Vid tidpunkten f&ouml;r denna kallelses utf&auml;rdande uppg&aring;r det totala antalet utest&aring;ende aktier i Bolaget till 322 503 A-aktier som ber&auml;ttigar till tio r&ouml;ster per aktie och 7 740 596 B-aktier som ber&auml;ttigar till en r&ouml;st per aktie. Totala antalet &auml;r 8 063 099 aktier.<\/span><\/span><\/span><\/span><\/p>\n<p style=\"margin-bottom:11px\"><strong><span><span style=\"font-size:11pt\"><span><span style=\"font-family:arial,helvetica,sans-serif\">UPPLYSNINGAR INF&Ouml;R ST&Auml;MMAN<\/span><\/span><\/span><\/span><\/strong><\/p>\n<p style=\"margin-bottom:11px\"><span><span style=\"font-size:11pt\"><span><span style=\"font-family:arial,helvetica,sans-serif\">Styrelsen och den verkst&auml;llande direkt&ouml;ren ska, om n&aring;gon aktie&auml;gare beg&auml;r det och styrelsen anser att det kan ske utan v&auml;sentlig skada f&ouml;r Bolaget, inf&ouml;r st&auml;mman l&auml;mna upplysningar om f&ouml;rh&aring;llanden som kan inverka p&aring; bed&ouml;mningen av ett &auml;rende p&aring; dagordningen och f&ouml;rh&aring;llanden som kan inverka p&aring; bed&ouml;mningen av Bolagets ekonomiska situation. Beg&auml;ran om s&aring;dana upplysningar kan p&aring; f&ouml;rhand s&auml;ndas per post till Absolicon, Fiskaregatan 11, 87133 H&Auml;RN&Ouml;SAND eller via e-post till info@absolicon.com.<\/span><\/span><\/span><\/span><\/p>\n<p><\/p>\n<p>Informationen &auml;r s&aring;dan som Absolicon &auml;r skyldigt att offentligg&ouml;ra enligt lag (2007:528) om v&auml;rdepappersmarknaden. Informationen l&auml;mnades, genom angiven kontaktpersons f&ouml;rsorg, f&ouml;r offentligg&ouml;rande 2025-05-14 15:39 CET.<\/p>\n","protected":false},"excerpt":{"rendered":"<p>Aktie&auml;gare som &ouml;nskar delta i &aring;rsst&auml;mman skall vara inf&ouml;rd i den av Euroclear Sweden AB f&ouml;rda aktieboken senast den 5 juni 2025 och b&ouml;r anm&auml;la sitt deltagande i &aring;rsst&auml;mman senast den 12 juni 2025. F&ouml;rvaltarregistrerade aktier Den som l&aring;tit f&ouml;rvaltarregistrera sina aktier m&aring;ste, f&ouml;r att ha r&auml;tt att delta i st&auml;mman, genom f&ouml;rvaltares f&ouml;rsorg l&aring;ta [&hellip;]<\/p>\n","protected":false},"author":1,"featured_media":0,"comment_status":"open","ping_status":"open","sticky":false,"template":"","format":"standard","meta":{"_acf_changed":false,"footnotes":""},"categories":[23],"tags":[],"class_list":["post-17753","post","type-post","status-publish","format-standard","hentry","category-pressrelease"],"acf":[],"yoast_head":"<!-- This site is optimized with the Yoast SEO plugin v27.4 - https:\/\/yoast.com\/product\/yoast-seo-wordpress\/ -->\n<title>R\u00e4ttelse - Kallelse till \u00e5rsst\u00e4mma l\u00f6rdag 14 juni 2025 - Absolicon<\/title>\n<meta name=\"robots\" content=\"index, follow, max-snippet:-1, max-image-preview:large, max-video-preview:-1\" \/>\n<link rel=\"canonical\" href=\"https:\/\/www.agma.com\/sv\/rattelse-kallelse-till-arsstamma-lordag-14-juni-2025\/\" \/>\n<meta property=\"og:locale\" content=\"sv_SE\" \/>\n<meta property=\"og:type\" content=\"article\" \/>\n<meta property=\"og:title\" content=\"R\u00e4ttelse - Kallelse till \u00e5rsst\u00e4mma l\u00f6rdag 14 juni 2025 - Absolicon\" \/>\n<meta property=\"og:description\" content=\"Aktie&auml;gare som &ouml;nskar delta i &aring;rsst&auml;mman skall vara inf&ouml;rd i den av Euroclear Sweden AB f&ouml;rda aktieboken senast den 5 juni 2025 och b&ouml;r anm&auml;la sitt deltagande i &aring;rsst&auml;mman senast den 12 juni 2025. F&ouml;rvaltarregistrerade aktier Den som l&aring;tit f&ouml;rvaltarregistrera sina aktier m&aring;ste, f&ouml;r att ha r&auml;tt att delta i st&auml;mman, genom f&ouml;rvaltares f&ouml;rsorg l&aring;ta [&hellip;]\" \/>\n<meta property=\"og:url\" content=\"https:\/\/www.agma.com\/sv\/rattelse-kallelse-till-arsstamma-lordag-14-juni-2025\/\" \/>\n<meta property=\"og:site_name\" content=\"Absolicon\" \/>\n<meta property=\"article:published_time\" content=\"2025-05-14T13:39:08+00:00\" \/>\n<meta name=\"author\" content=\"jakubschenk\" \/>\n<meta name=\"twitter:card\" content=\"summary_large_image\" \/>\n<meta name=\"twitter:label1\" content=\"Skriven av\" \/>\n\t<meta name=\"twitter:data1\" content=\"jakubschenk\" \/>\n\t<meta name=\"twitter:label2\" content=\"Ber\u00e4knad l\u00e4stid\" \/>\n\t<meta name=\"twitter:data2\" content=\"9 minuter\" \/>\n<script type=\"application\/ld+json\" class=\"yoast-schema-graph\">{\"@context\":\"https:\\\/\\\/schema.org\",\"@graph\":[{\"@type\":\"Article\",\"@id\":\"https:\\\/\\\/www.agma.com\\\/sv\\\/rattelse-kallelse-till-arsstamma-lordag-14-juni-2025\\\/#article\",\"isPartOf\":{\"@id\":\"https:\\\/\\\/www.agma.com\\\/sv\\\/rattelse-kallelse-till-arsstamma-lordag-14-juni-2025\\\/\"},\"author\":{\"name\":\"jakubschenk\",\"@id\":\"https:\\\/\\\/www.agma.com\\\/sv\\\/#\\\/schema\\\/person\\\/6820b3ce1cc37edbaecc979090760d8b\"},\"headline\":\"R\u00e4ttelse &#8211; Kallelse till \u00e5rsst\u00e4mma l\u00f6rdag 14 juni 2025\",\"datePublished\":\"2025-05-14T13:39:08+00:00\",\"mainEntityOfPage\":{\"@id\":\"https:\\\/\\\/www.agma.com\\\/sv\\\/rattelse-kallelse-till-arsstamma-lordag-14-juni-2025\\\/\"},\"wordCount\":1790,\"commentCount\":0,\"publisher\":{\"@id\":\"https:\\\/\\\/www.agma.com\\\/sv\\\/#organization\"},\"articleSection\":[\"Pressrelease\"],\"inLanguage\":\"sv-SE\",\"potentialAction\":[{\"@type\":\"CommentAction\",\"name\":\"Comment\",\"target\":[\"https:\\\/\\\/www.agma.com\\\/sv\\\/rattelse-kallelse-till-arsstamma-lordag-14-juni-2025\\\/#respond\"]}]},{\"@type\":\"WebPage\",\"@id\":\"https:\\\/\\\/www.agma.com\\\/sv\\\/rattelse-kallelse-till-arsstamma-lordag-14-juni-2025\\\/\",\"url\":\"https:\\\/\\\/www.agma.com\\\/sv\\\/rattelse-kallelse-till-arsstamma-lordag-14-juni-2025\\\/\",\"name\":\"R\u00e4ttelse - Kallelse till \u00e5rsst\u00e4mma l\u00f6rdag 14 juni 2025 - Absolicon\",\"isPartOf\":{\"@id\":\"https:\\\/\\\/www.agma.com\\\/sv\\\/#website\"},\"datePublished\":\"2025-05-14T13:39:08+00:00\",\"breadcrumb\":{\"@id\":\"https:\\\/\\\/www.agma.com\\\/sv\\\/rattelse-kallelse-till-arsstamma-lordag-14-juni-2025\\\/#breadcrumb\"},\"inLanguage\":\"sv-SE\",\"potentialAction\":[{\"@type\":\"ReadAction\",\"target\":[\"https:\\\/\\\/www.agma.com\\\/sv\\\/rattelse-kallelse-till-arsstamma-lordag-14-juni-2025\\\/\"]}]},{\"@type\":\"BreadcrumbList\",\"@id\":\"https:\\\/\\\/www.agma.com\\\/sv\\\/rattelse-kallelse-till-arsstamma-lordag-14-juni-2025\\\/#breadcrumb\",\"itemListElement\":[{\"@type\":\"ListItem\",\"position\":1,\"name\":\"Home\",\"item\":\"https:\\\/\\\/www.agma.com\\\/sv\\\/\"},{\"@type\":\"ListItem\",\"position\":2,\"name\":\"R\u00e4ttelse &#8211; Kallelse till \u00e5rsst\u00e4mma l\u00f6rdag 14 juni 2025\"}]},{\"@type\":\"WebSite\",\"@id\":\"https:\\\/\\\/www.agma.com\\\/sv\\\/#website\",\"url\":\"https:\\\/\\\/www.agma.com\\\/sv\\\/\",\"name\":\"Absolicon\",\"description\":\"\",\"publisher\":{\"@id\":\"https:\\\/\\\/www.agma.com\\\/sv\\\/#organization\"},\"potentialAction\":[{\"@type\":\"SearchAction\",\"target\":{\"@type\":\"EntryPoint\",\"urlTemplate\":\"https:\\\/\\\/www.agma.com\\\/sv\\\/?s={search_term_string}\"},\"query-input\":{\"@type\":\"PropertyValueSpecification\",\"valueRequired\":true,\"valueName\":\"search_term_string\"}}],\"inLanguage\":\"sv-SE\"},{\"@type\":\"Organization\",\"@id\":\"https:\\\/\\\/www.agma.com\\\/sv\\\/#organization\",\"name\":\"Absolicon\",\"url\":\"https:\\\/\\\/www.agma.com\\\/sv\\\/\",\"logo\":{\"@type\":\"ImageObject\",\"inLanguage\":\"sv-SE\",\"@id\":\"https:\\\/\\\/www.agma.com\\\/sv\\\/#\\\/schema\\\/logo\\\/image\\\/\",\"url\":\"https:\\\/\\\/www.agma.com\\\/wp-content\\\/uploads\\\/2026\\\/04\\\/logotype_neg_blk.svg\",\"contentUrl\":\"https:\\\/\\\/www.agma.com\\\/wp-content\\\/uploads\\\/2026\\\/04\\\/logotype_neg_blk.svg\",\"width\":705,\"height\":83,\"caption\":\"Absolicon\"},\"image\":{\"@id\":\"https:\\\/\\\/www.agma.com\\\/sv\\\/#\\\/schema\\\/logo\\\/image\\\/\"}},{\"@type\":\"Person\",\"@id\":\"https:\\\/\\\/www.agma.com\\\/sv\\\/#\\\/schema\\\/person\\\/6820b3ce1cc37edbaecc979090760d8b\",\"name\":\"jakubschenk\",\"image\":{\"@type\":\"ImageObject\",\"inLanguage\":\"sv-SE\",\"@id\":\"https:\\\/\\\/secure.gravatar.com\\\/avatar\\\/0ab843002d4a58702560e02354e5f9a3206e13bbfaa9df5a188e463870f605cd?s=96&d=mm&r=g\",\"url\":\"https:\\\/\\\/secure.gravatar.com\\\/avatar\\\/0ab843002d4a58702560e02354e5f9a3206e13bbfaa9df5a188e463870f605cd?s=96&d=mm&r=g\",\"contentUrl\":\"https:\\\/\\\/secure.gravatar.com\\\/avatar\\\/0ab843002d4a58702560e02354e5f9a3206e13bbfaa9df5a188e463870f605cd?s=96&d=mm&r=g\",\"caption\":\"jakubschenk\"},\"sameAs\":[\"https:\\\/\\\/www.agma.com\"],\"url\":\"https:\\\/\\\/www.agma.com\\\/sv\\\/author\\\/jakubschenk\\\/\"}]}<\/script>\n<!-- \/ Yoast SEO plugin. -->","yoast_head_json":{"title":"R\u00e4ttelse - Kallelse till \u00e5rsst\u00e4mma l\u00f6rdag 14 juni 2025 - Absolicon","robots":{"index":"index","follow":"follow","max-snippet":"max-snippet:-1","max-image-preview":"max-image-preview:large","max-video-preview":"max-video-preview:-1"},"canonical":"https:\/\/www.agma.com\/sv\/rattelse-kallelse-till-arsstamma-lordag-14-juni-2025\/","og_locale":"sv_SE","og_type":"article","og_title":"R\u00e4ttelse - Kallelse till \u00e5rsst\u00e4mma l\u00f6rdag 14 juni 2025 - Absolicon","og_description":"Aktie&auml;gare som &ouml;nskar delta i &aring;rsst&auml;mman skall vara inf&ouml;rd i den av Euroclear Sweden AB f&ouml;rda aktieboken senast den 5 juni 2025 och b&ouml;r anm&auml;la sitt deltagande i &aring;rsst&auml;mman senast den 12 juni 2025. F&ouml;rvaltarregistrerade aktier Den som l&aring;tit f&ouml;rvaltarregistrera sina aktier m&aring;ste, f&ouml;r att ha r&auml;tt att delta i st&auml;mman, genom f&ouml;rvaltares f&ouml;rsorg l&aring;ta [&hellip;]","og_url":"https:\/\/www.agma.com\/sv\/rattelse-kallelse-till-arsstamma-lordag-14-juni-2025\/","og_site_name":"Absolicon","article_published_time":"2025-05-14T13:39:08+00:00","author":"jakubschenk","twitter_card":"summary_large_image","twitter_misc":{"Skriven av":"jakubschenk","Ber\u00e4knad l\u00e4stid":"9 minuter"},"schema":{"@context":"https:\/\/schema.org","@graph":[{"@type":"Article","@id":"https:\/\/www.agma.com\/sv\/rattelse-kallelse-till-arsstamma-lordag-14-juni-2025\/#article","isPartOf":{"@id":"https:\/\/www.agma.com\/sv\/rattelse-kallelse-till-arsstamma-lordag-14-juni-2025\/"},"author":{"name":"jakubschenk","@id":"https:\/\/www.agma.com\/sv\/#\/schema\/person\/6820b3ce1cc37edbaecc979090760d8b"},"headline":"R\u00e4ttelse &#8211; Kallelse till \u00e5rsst\u00e4mma l\u00f6rdag 14 juni 2025","datePublished":"2025-05-14T13:39:08+00:00","mainEntityOfPage":{"@id":"https:\/\/www.agma.com\/sv\/rattelse-kallelse-till-arsstamma-lordag-14-juni-2025\/"},"wordCount":1790,"commentCount":0,"publisher":{"@id":"https:\/\/www.agma.com\/sv\/#organization"},"articleSection":["Pressrelease"],"inLanguage":"sv-SE","potentialAction":[{"@type":"CommentAction","name":"Comment","target":["https:\/\/www.agma.com\/sv\/rattelse-kallelse-till-arsstamma-lordag-14-juni-2025\/#respond"]}]},{"@type":"WebPage","@id":"https:\/\/www.agma.com\/sv\/rattelse-kallelse-till-arsstamma-lordag-14-juni-2025\/","url":"https:\/\/www.agma.com\/sv\/rattelse-kallelse-till-arsstamma-lordag-14-juni-2025\/","name":"R\u00e4ttelse - Kallelse till \u00e5rsst\u00e4mma l\u00f6rdag 14 juni 2025 - Absolicon","isPartOf":{"@id":"https:\/\/www.agma.com\/sv\/#website"},"datePublished":"2025-05-14T13:39:08+00:00","breadcrumb":{"@id":"https:\/\/www.agma.com\/sv\/rattelse-kallelse-till-arsstamma-lordag-14-juni-2025\/#breadcrumb"},"inLanguage":"sv-SE","potentialAction":[{"@type":"ReadAction","target":["https:\/\/www.agma.com\/sv\/rattelse-kallelse-till-arsstamma-lordag-14-juni-2025\/"]}]},{"@type":"BreadcrumbList","@id":"https:\/\/www.agma.com\/sv\/rattelse-kallelse-till-arsstamma-lordag-14-juni-2025\/#breadcrumb","itemListElement":[{"@type":"ListItem","position":1,"name":"Home","item":"https:\/\/www.agma.com\/sv\/"},{"@type":"ListItem","position":2,"name":"R\u00e4ttelse &#8211; Kallelse till \u00e5rsst\u00e4mma l\u00f6rdag 14 juni 2025"}]},{"@type":"WebSite","@id":"https:\/\/www.agma.com\/sv\/#website","url":"https:\/\/www.agma.com\/sv\/","name":"Absolicon","description":"","publisher":{"@id":"https:\/\/www.agma.com\/sv\/#organization"},"potentialAction":[{"@type":"SearchAction","target":{"@type":"EntryPoint","urlTemplate":"https:\/\/www.agma.com\/sv\/?s={search_term_string}"},"query-input":{"@type":"PropertyValueSpecification","valueRequired":true,"valueName":"search_term_string"}}],"inLanguage":"sv-SE"},{"@type":"Organization","@id":"https:\/\/www.agma.com\/sv\/#organization","name":"Absolicon","url":"https:\/\/www.agma.com\/sv\/","logo":{"@type":"ImageObject","inLanguage":"sv-SE","@id":"https:\/\/www.agma.com\/sv\/#\/schema\/logo\/image\/","url":"https:\/\/www.agma.com\/wp-content\/uploads\/2026\/04\/logotype_neg_blk.svg","contentUrl":"https:\/\/www.agma.com\/wp-content\/uploads\/2026\/04\/logotype_neg_blk.svg","width":705,"height":83,"caption":"Absolicon"},"image":{"@id":"https:\/\/www.agma.com\/sv\/#\/schema\/logo\/image\/"}},{"@type":"Person","@id":"https:\/\/www.agma.com\/sv\/#\/schema\/person\/6820b3ce1cc37edbaecc979090760d8b","name":"jakubschenk","image":{"@type":"ImageObject","inLanguage":"sv-SE","@id":"https:\/\/secure.gravatar.com\/avatar\/0ab843002d4a58702560e02354e5f9a3206e13bbfaa9df5a188e463870f605cd?s=96&d=mm&r=g","url":"https:\/\/secure.gravatar.com\/avatar\/0ab843002d4a58702560e02354e5f9a3206e13bbfaa9df5a188e463870f605cd?s=96&d=mm&r=g","contentUrl":"https:\/\/secure.gravatar.com\/avatar\/0ab843002d4a58702560e02354e5f9a3206e13bbfaa9df5a188e463870f605cd?s=96&d=mm&r=g","caption":"jakubschenk"},"sameAs":["https:\/\/www.agma.com"],"url":"https:\/\/www.agma.com\/sv\/author\/jakubschenk\/"}]}},"_links":{"self":[{"href":"https:\/\/www.agma.com\/sv\/wp-json\/wp\/v2\/posts\/17753","targetHints":{"allow":["GET"]}}],"collection":[{"href":"https:\/\/www.agma.com\/sv\/wp-json\/wp\/v2\/posts"}],"about":[{"href":"https:\/\/www.agma.com\/sv\/wp-json\/wp\/v2\/types\/post"}],"author":[{"embeddable":true,"href":"https:\/\/www.agma.com\/sv\/wp-json\/wp\/v2\/users\/1"}],"replies":[{"embeddable":true,"href":"https:\/\/www.agma.com\/sv\/wp-json\/wp\/v2\/comments?post=17753"}],"version-history":[{"count":0,"href":"https:\/\/www.agma.com\/sv\/wp-json\/wp\/v2\/posts\/17753\/revisions"}],"wp:attachment":[{"href":"https:\/\/www.agma.com\/sv\/wp-json\/wp\/v2\/media?parent=17753"}],"wp:term":[{"taxonomy":"category","embeddable":true,"href":"https:\/\/www.agma.com\/sv\/wp-json\/wp\/v2\/categories?post=17753"},{"taxonomy":"post_tag","embeddable":true,"href":"https:\/\/www.agma.com\/sv\/wp-json\/wp\/v2\/tags?post=17753"}],"curies":[{"name":"wp","href":"https:\/\/api.w.org\/{rel}","templated":true}]}}