{"id":19392,"date":"2025-11-18T13:22:56","date_gmt":"2025-11-18T13:22:56","guid":{"rendered":"https:\/\/www.absolicon.com\/?p=19392"},"modified":"2025-11-18T13:22:58","modified_gmt":"2025-11-18T13:22:58","slug":"absolicons-forskning-presenterades-pa-solarpaces-i-almeria","status":"publish","type":"post","link":"https:\/\/www.agma.com\/sv\/absolicons-forskning-presenterades-pa-solarpaces-i-almeria\/","title":{"rendered":"Absolicons forskning presenterades p\u00e5 SolarPACES i Almeria"},"content":{"rendered":"\n<p class=\"has-small-font-size\"><em>Utvald bild: Mediabevakning vid SolarPACES 2025 i Almeria, d\u00e4r ny forskning och tekniska framsteg presenterades inom koncentrerande solv\u00e4rme. Foto: \u00c1ngel Francisco Soler Cano.<\/em><\/p>\n\n\n\n<p>Tidigare l\u00e5g fokus p\u00e5 att producera \u00e5nga f\u00f6r elproduktion, men i takt med att solceller blivit billigare har intresset alltmer flyttats mot solv\u00e4rme f\u00f6r industriella processer \u2013 ett omr\u00e5de d\u00e4r Absolicon har l\u00e5ng erfarenhet.<\/p>\n\n\n\n<h3 class=\"wp-block-heading\"><strong>Med erfarenheter fr\u00e5n Birra Peroni<\/strong><\/h3>\n\n\n\n<p>Vid konferensen presenterade Absolicon sina forskningsresultat fr\u00e5n installationen p\u00e5 det italienska bryggeriet Birra Peroni inf\u00f6r ett hundratal deltagare. Anl\u00e4ggningen lyftes fram som ett exempel p\u00e5 hur industrin kan st\u00e4lla om fr\u00e5n fossila br\u00e4nslen till solv\u00e4rme.<\/p>\n\n\n\n<h3 class=\"wp-block-heading\"><strong>\u00c5terbetalningstider och v\u00e4rme som tj\u00e4nst<\/strong><\/h3>\n\n\n\n<p>Under m\u00f6tet tr\u00e4ffades \u00e4ven flera solv\u00e4rmef\u00f6retag som arbetar med koncentrerande solenergi f\u00f6r industrin. Diskussionerna handlade bland annat om de korta \u00e5terbetalningstider som industrikunder ofta kr\u00e4ver, och hur branschen i allt st\u00f6rre utstr\u00e4ckning erbjuder v\u00e4rme som tj\u00e4nst f\u00f6r att m\u00f6ta detta.<\/p>\n\n\n\n<p>SolarPACES forts\u00e4tter att vara en viktig plattform f\u00f6r teknikutveckling, samarbeten och nya id\u00e9er inom solv\u00e4rmeomr\u00e5det.<\/p>\n\n\n\n<h3 class=\"wp-block-heading\"><strong>L\u00e4s mer<\/strong><\/h3>\n\n\n\n<p><a href=\"https:\/\/www.solarpaces-conference.org\/about\" target=\"_blank\" rel=\"noreferrer noopener\"><strong>Om SolarPACES (Extern l\u00e4nk) >><\/strong><\/a><\/p>\n","protected":false},"excerpt":{"rendered":"<p>Utvald bild: Mediabevakning vid SolarPACES 2025 i Almeria, d\u00e4r ny forskning och tekniska framsteg presenterades inom koncentrerande solv\u00e4rme. Foto: \u00c1ngel Francisco Soler Cano. Tidigare l\u00e5g fokus p\u00e5 att producera \u00e5nga f\u00f6r elproduktion, men i takt med att solceller blivit billigare har intresset alltmer flyttats mot solv\u00e4rme f\u00f6r industriella processer \u2013 ett omr\u00e5de d\u00e4r Absolicon har [&hellip;]<\/p>\n","protected":false},"author":5,"featured_media":19393,"comment_status":"open","ping_status":"open","sticky":false,"template":"","format":"standard","meta":{"_acf_changed":false,"footnotes":""},"categories":[65],"tags":[],"class_list":["post-19392","post","type-post","status-publish","format-standard","has-post-thumbnail","hentry","category-artikel"],"acf":[],"yoast_head":"<!-- This site is optimized with the Yoast SEO plugin v27.4 - https:\/\/yoast.com\/product\/yoast-seo-wordpress\/ -->\n<title>Absolicons forskning presenterades p\u00e5 SolarPACES i Almeria - Absolicon<\/title>\n<meta name=\"robots\" content=\"index, follow, max-snippet:-1, max-image-preview:large, max-video-preview:-1\" \/>\n<link rel=\"canonical\" href=\"https:\/\/www.agma.com\/sv\/absolicons-forskning-presenterades-pa-solarpaces-i-almeria\/\" \/>\n<meta property=\"og:locale\" content=\"sv_SE\" \/>\n<meta property=\"og:type\" content=\"article\" \/>\n<meta property=\"og:title\" content=\"Absolicons forskning presenterades p\u00e5 SolarPACES i Almeria - Absolicon\" \/>\n<meta property=\"og:description\" content=\"Utvald bild: Mediabevakning vid SolarPACES 2025 i Almeria, d\u00e4r ny forskning och tekniska framsteg presenterades inom koncentrerande solv\u00e4rme. Foto: \u00c1ngel Francisco Soler Cano. Tidigare l\u00e5g fokus p\u00e5 att producera \u00e5nga f\u00f6r elproduktion, men i takt med att solceller blivit billigare har intresset alltmer flyttats mot solv\u00e4rme f\u00f6r industriella processer \u2013 ett omr\u00e5de d\u00e4r Absolicon har [&hellip;]\" \/>\n<meta property=\"og:url\" content=\"https:\/\/www.agma.com\/sv\/absolicons-forskning-presenterades-pa-solarpaces-i-almeria\/\" \/>\n<meta property=\"og:site_name\" content=\"Absolicon\" \/>\n<meta property=\"article:published_time\" content=\"2025-11-18T13:22:56+00:00\" \/>\n<meta property=\"article:modified_time\" content=\"2025-11-18T13:22:58+00:00\" \/>\n<meta property=\"og:image\" content=\"https:\/\/www.agma.com\/wp-content\/uploads\/2025\/11\/csm_SolarPACES_2025_080_7fdef2897f.jpg\" \/>\n\t<meta property=\"og:image:width\" content=\"2000\" \/>\n\t<meta property=\"og:image:height\" content=\"1336\" \/>\n\t<meta property=\"og:image:type\" content=\"image\/jpeg\" \/>\n<meta name=\"author\" content=\"Erik Bj\u00f6rkland\" \/>\n<meta name=\"twitter:card\" content=\"summary_large_image\" \/>\n<meta name=\"twitter:label1\" content=\"Skriven av\" \/>\n\t<meta name=\"twitter:data1\" content=\"Erik Bj\u00f6rkland\" \/>\n\t<meta name=\"twitter:label2\" content=\"Ber\u00e4knad l\u00e4stid\" \/>\n\t<meta name=\"twitter:data2\" content=\"1 minut\" \/>\n<script type=\"application\/ld+json\" class=\"yoast-schema-graph\">{\"@context\":\"https:\\\/\\\/schema.org\",\"@graph\":[{\"@type\":\"Article\",\"@id\":\"https:\\\/\\\/www.agma.com\\\/sv\\\/absolicons-forskning-presenterades-pa-solarpaces-i-almeria\\\/#article\",\"isPartOf\":{\"@id\":\"https:\\\/\\\/www.agma.com\\\/sv\\\/absolicons-forskning-presenterades-pa-solarpaces-i-almeria\\\/\"},\"author\":{\"name\":\"Erik Bj\u00f6rkland\",\"@id\":\"https:\\\/\\\/www.agma.com\\\/sv\\\/#\\\/schema\\\/person\\\/cb269b7d87c94c282ad96b86ddd2cd82\"},\"headline\":\"Absolicons forskning presenterades p\u00e5 SolarPACES i Almeria\",\"datePublished\":\"2025-11-18T13:22:56+00:00\",\"dateModified\":\"2025-11-18T13:22:58+00:00\",\"mainEntityOfPage\":{\"@id\":\"https:\\\/\\\/www.agma.com\\\/sv\\\/absolicons-forskning-presenterades-pa-solarpaces-i-almeria\\\/\"},\"wordCount\":206,\"commentCount\":0,\"publisher\":{\"@id\":\"https:\\\/\\\/www.agma.com\\\/sv\\\/#organization\"},\"image\":{\"@id\":\"https:\\\/\\\/www.agma.com\\\/sv\\\/absolicons-forskning-presenterades-pa-solarpaces-i-almeria\\\/#primaryimage\"},\"thumbnailUrl\":\"https:\\\/\\\/www.agma.com\\\/wp-content\\\/uploads\\\/2025\\\/11\\\/csm_SolarPACES_2025_080_7fdef2897f.jpg\",\"articleSection\":[\"Artikel\"],\"inLanguage\":\"sv-SE\",\"potentialAction\":[{\"@type\":\"CommentAction\",\"name\":\"Comment\",\"target\":[\"https:\\\/\\\/www.agma.com\\\/sv\\\/absolicons-forskning-presenterades-pa-solarpaces-i-almeria\\\/#respond\"]}]},{\"@type\":\"WebPage\",\"@id\":\"https:\\\/\\\/www.agma.com\\\/sv\\\/absolicons-forskning-presenterades-pa-solarpaces-i-almeria\\\/\",\"url\":\"https:\\\/\\\/www.agma.com\\\/sv\\\/absolicons-forskning-presenterades-pa-solarpaces-i-almeria\\\/\",\"name\":\"Absolicons forskning presenterades p\u00e5 SolarPACES i Almeria - Absolicon\",\"isPartOf\":{\"@id\":\"https:\\\/\\\/www.agma.com\\\/sv\\\/#website\"},\"primaryImageOfPage\":{\"@id\":\"https:\\\/\\\/www.agma.com\\\/sv\\\/absolicons-forskning-presenterades-pa-solarpaces-i-almeria\\\/#primaryimage\"},\"image\":{\"@id\":\"https:\\\/\\\/www.agma.com\\\/sv\\\/absolicons-forskning-presenterades-pa-solarpaces-i-almeria\\\/#primaryimage\"},\"thumbnailUrl\":\"https:\\\/\\\/www.agma.com\\\/wp-content\\\/uploads\\\/2025\\\/11\\\/csm_SolarPACES_2025_080_7fdef2897f.jpg\",\"datePublished\":\"2025-11-18T13:22:56+00:00\",\"dateModified\":\"2025-11-18T13:22:58+00:00\",\"breadcrumb\":{\"@id\":\"https:\\\/\\\/www.agma.com\\\/sv\\\/absolicons-forskning-presenterades-pa-solarpaces-i-almeria\\\/#breadcrumb\"},\"inLanguage\":\"sv-SE\",\"potentialAction\":[{\"@type\":\"ReadAction\",\"target\":[\"https:\\\/\\\/www.agma.com\\\/sv\\\/absolicons-forskning-presenterades-pa-solarpaces-i-almeria\\\/\"]}]},{\"@type\":\"ImageObject\",\"inLanguage\":\"sv-SE\",\"@id\":\"https:\\\/\\\/www.agma.com\\\/sv\\\/absolicons-forskning-presenterades-pa-solarpaces-i-almeria\\\/#primaryimage\",\"url\":\"https:\\\/\\\/www.agma.com\\\/wp-content\\\/uploads\\\/2025\\\/11\\\/csm_SolarPACES_2025_080_7fdef2897f.jpg\",\"contentUrl\":\"https:\\\/\\\/www.agma.com\\\/wp-content\\\/uploads\\\/2025\\\/11\\\/csm_SolarPACES_2025_080_7fdef2897f.jpg\",\"width\":2000,\"height\":1336},{\"@type\":\"BreadcrumbList\",\"@id\":\"https:\\\/\\\/www.agma.com\\\/sv\\\/absolicons-forskning-presenterades-pa-solarpaces-i-almeria\\\/#breadcrumb\",\"itemListElement\":[{\"@type\":\"ListItem\",\"position\":1,\"name\":\"Home\",\"item\":\"https:\\\/\\\/www.agma.com\\\/sv\\\/\"},{\"@type\":\"ListItem\",\"position\":2,\"name\":\"Absolicons forskning presenterades p\u00e5 SolarPACES i Almeria\"}]},{\"@type\":\"WebSite\",\"@id\":\"https:\\\/\\\/www.agma.com\\\/sv\\\/#website\",\"url\":\"https:\\\/\\\/www.agma.com\\\/sv\\\/\",\"name\":\"Absolicon\",\"description\":\"\",\"publisher\":{\"@id\":\"https:\\\/\\\/www.agma.com\\\/sv\\\/#organization\"},\"potentialAction\":[{\"@type\":\"SearchAction\",\"target\":{\"@type\":\"EntryPoint\",\"urlTemplate\":\"https:\\\/\\\/www.agma.com\\\/sv\\\/?s={search_term_string}\"},\"query-input\":{\"@type\":\"PropertyValueSpecification\",\"valueRequired\":true,\"valueName\":\"search_term_string\"}}],\"inLanguage\":\"sv-SE\"},{\"@type\":\"Organization\",\"@id\":\"https:\\\/\\\/www.agma.com\\\/sv\\\/#organization\",\"name\":\"Absolicon\",\"url\":\"https:\\\/\\\/www.agma.com\\\/sv\\\/\",\"logo\":{\"@type\":\"ImageObject\",\"inLanguage\":\"sv-SE\",\"@id\":\"https:\\\/\\\/www.agma.com\\\/sv\\\/#\\\/schema\\\/logo\\\/image\\\/\",\"url\":\"https:\\\/\\\/www.agma.com\\\/wp-content\\\/uploads\\\/2026\\\/04\\\/logotype_neg_blk.svg\",\"contentUrl\":\"https:\\\/\\\/www.agma.com\\\/wp-content\\\/uploads\\\/2026\\\/04\\\/logotype_neg_blk.svg\",\"width\":705,\"height\":83,\"caption\":\"Absolicon\"},\"image\":{\"@id\":\"https:\\\/\\\/www.agma.com\\\/sv\\\/#\\\/schema\\\/logo\\\/image\\\/\"}},{\"@type\":\"Person\",\"@id\":\"https:\\\/\\\/www.agma.com\\\/sv\\\/#\\\/schema\\\/person\\\/cb269b7d87c94c282ad96b86ddd2cd82\",\"name\":\"Erik Bj\u00f6rkland\",\"image\":{\"@type\":\"ImageObject\",\"inLanguage\":\"sv-SE\",\"@id\":\"https:\\\/\\\/secure.gravatar.com\\\/avatar\\\/ebaea2ba8e9bfe72180bc0380cc57b2390fedfd2fab6593b2c05b10b05632c3e?s=96&d=mm&r=g\",\"url\":\"https:\\\/\\\/secure.gravatar.com\\\/avatar\\\/ebaea2ba8e9bfe72180bc0380cc57b2390fedfd2fab6593b2c05b10b05632c3e?s=96&d=mm&r=g\",\"contentUrl\":\"https:\\\/\\\/secure.gravatar.com\\\/avatar\\\/ebaea2ba8e9bfe72180bc0380cc57b2390fedfd2fab6593b2c05b10b05632c3e?s=96&d=mm&r=g\",\"caption\":\"Erik Bj\u00f6rkland\"},\"url\":\"https:\\\/\\\/www.agma.com\\\/sv\\\/author\\\/erik\\\/\"}]}<\/script>\n<!-- \/ Yoast SEO plugin. -->","yoast_head_json":{"title":"Absolicons forskning presenterades p\u00e5 SolarPACES i Almeria - Absolicon","robots":{"index":"index","follow":"follow","max-snippet":"max-snippet:-1","max-image-preview":"max-image-preview:large","max-video-preview":"max-video-preview:-1"},"canonical":"https:\/\/www.agma.com\/sv\/absolicons-forskning-presenterades-pa-solarpaces-i-almeria\/","og_locale":"sv_SE","og_type":"article","og_title":"Absolicons forskning presenterades p\u00e5 SolarPACES i Almeria - Absolicon","og_description":"Utvald bild: Mediabevakning vid SolarPACES 2025 i Almeria, d\u00e4r ny forskning och tekniska framsteg presenterades inom koncentrerande solv\u00e4rme. Foto: \u00c1ngel Francisco Soler Cano. Tidigare l\u00e5g fokus p\u00e5 att producera \u00e5nga f\u00f6r elproduktion, men i takt med att solceller blivit billigare har intresset alltmer flyttats mot solv\u00e4rme f\u00f6r industriella processer \u2013 ett omr\u00e5de d\u00e4r Absolicon har [&hellip;]","og_url":"https:\/\/www.agma.com\/sv\/absolicons-forskning-presenterades-pa-solarpaces-i-almeria\/","og_site_name":"Absolicon","article_published_time":"2025-11-18T13:22:56+00:00","article_modified_time":"2025-11-18T13:22:58+00:00","og_image":[{"width":2000,"height":1336,"url":"https:\/\/www.agma.com\/wp-content\/uploads\/2025\/11\/csm_SolarPACES_2025_080_7fdef2897f.jpg","type":"image\/jpeg"}],"author":"Erik Bj\u00f6rkland","twitter_card":"summary_large_image","twitter_misc":{"Skriven av":"Erik Bj\u00f6rkland","Ber\u00e4knad l\u00e4stid":"1 minut"},"schema":{"@context":"https:\/\/schema.org","@graph":[{"@type":"Article","@id":"https:\/\/www.agma.com\/sv\/absolicons-forskning-presenterades-pa-solarpaces-i-almeria\/#article","isPartOf":{"@id":"https:\/\/www.agma.com\/sv\/absolicons-forskning-presenterades-pa-solarpaces-i-almeria\/"},"author":{"name":"Erik Bj\u00f6rkland","@id":"https:\/\/www.agma.com\/sv\/#\/schema\/person\/cb269b7d87c94c282ad96b86ddd2cd82"},"headline":"Absolicons forskning presenterades p\u00e5 SolarPACES i Almeria","datePublished":"2025-11-18T13:22:56+00:00","dateModified":"2025-11-18T13:22:58+00:00","mainEntityOfPage":{"@id":"https:\/\/www.agma.com\/sv\/absolicons-forskning-presenterades-pa-solarpaces-i-almeria\/"},"wordCount":206,"commentCount":0,"publisher":{"@id":"https:\/\/www.agma.com\/sv\/#organization"},"image":{"@id":"https:\/\/www.agma.com\/sv\/absolicons-forskning-presenterades-pa-solarpaces-i-almeria\/#primaryimage"},"thumbnailUrl":"https:\/\/www.agma.com\/wp-content\/uploads\/2025\/11\/csm_SolarPACES_2025_080_7fdef2897f.jpg","articleSection":["Artikel"],"inLanguage":"sv-SE","potentialAction":[{"@type":"CommentAction","name":"Comment","target":["https:\/\/www.agma.com\/sv\/absolicons-forskning-presenterades-pa-solarpaces-i-almeria\/#respond"]}]},{"@type":"WebPage","@id":"https:\/\/www.agma.com\/sv\/absolicons-forskning-presenterades-pa-solarpaces-i-almeria\/","url":"https:\/\/www.agma.com\/sv\/absolicons-forskning-presenterades-pa-solarpaces-i-almeria\/","name":"Absolicons forskning presenterades p\u00e5 SolarPACES i Almeria - Absolicon","isPartOf":{"@id":"https:\/\/www.agma.com\/sv\/#website"},"primaryImageOfPage":{"@id":"https:\/\/www.agma.com\/sv\/absolicons-forskning-presenterades-pa-solarpaces-i-almeria\/#primaryimage"},"image":{"@id":"https:\/\/www.agma.com\/sv\/absolicons-forskning-presenterades-pa-solarpaces-i-almeria\/#primaryimage"},"thumbnailUrl":"https:\/\/www.agma.com\/wp-content\/uploads\/2025\/11\/csm_SolarPACES_2025_080_7fdef2897f.jpg","datePublished":"2025-11-18T13:22:56+00:00","dateModified":"2025-11-18T13:22:58+00:00","breadcrumb":{"@id":"https:\/\/www.agma.com\/sv\/absolicons-forskning-presenterades-pa-solarpaces-i-almeria\/#breadcrumb"},"inLanguage":"sv-SE","potentialAction":[{"@type":"ReadAction","target":["https:\/\/www.agma.com\/sv\/absolicons-forskning-presenterades-pa-solarpaces-i-almeria\/"]}]},{"@type":"ImageObject","inLanguage":"sv-SE","@id":"https:\/\/www.agma.com\/sv\/absolicons-forskning-presenterades-pa-solarpaces-i-almeria\/#primaryimage","url":"https:\/\/www.agma.com\/wp-content\/uploads\/2025\/11\/csm_SolarPACES_2025_080_7fdef2897f.jpg","contentUrl":"https:\/\/www.agma.com\/wp-content\/uploads\/2025\/11\/csm_SolarPACES_2025_080_7fdef2897f.jpg","width":2000,"height":1336},{"@type":"BreadcrumbList","@id":"https:\/\/www.agma.com\/sv\/absolicons-forskning-presenterades-pa-solarpaces-i-almeria\/#breadcrumb","itemListElement":[{"@type":"ListItem","position":1,"name":"Home","item":"https:\/\/www.agma.com\/sv\/"},{"@type":"ListItem","position":2,"name":"Absolicons forskning presenterades p\u00e5 SolarPACES i Almeria"}]},{"@type":"WebSite","@id":"https:\/\/www.agma.com\/sv\/#website","url":"https:\/\/www.agma.com\/sv\/","name":"Absolicon","description":"","publisher":{"@id":"https:\/\/www.agma.com\/sv\/#organization"},"potentialAction":[{"@type":"SearchAction","target":{"@type":"EntryPoint","urlTemplate":"https:\/\/www.agma.com\/sv\/?s={search_term_string}"},"query-input":{"@type":"PropertyValueSpecification","valueRequired":true,"valueName":"search_term_string"}}],"inLanguage":"sv-SE"},{"@type":"Organization","@id":"https:\/\/www.agma.com\/sv\/#organization","name":"Absolicon","url":"https:\/\/www.agma.com\/sv\/","logo":{"@type":"ImageObject","inLanguage":"sv-SE","@id":"https:\/\/www.agma.com\/sv\/#\/schema\/logo\/image\/","url":"https:\/\/www.agma.com\/wp-content\/uploads\/2026\/04\/logotype_neg_blk.svg","contentUrl":"https:\/\/www.agma.com\/wp-content\/uploads\/2026\/04\/logotype_neg_blk.svg","width":705,"height":83,"caption":"Absolicon"},"image":{"@id":"https:\/\/www.agma.com\/sv\/#\/schema\/logo\/image\/"}},{"@type":"Person","@id":"https:\/\/www.agma.com\/sv\/#\/schema\/person\/cb269b7d87c94c282ad96b86ddd2cd82","name":"Erik Bj\u00f6rkland","image":{"@type":"ImageObject","inLanguage":"sv-SE","@id":"https:\/\/secure.gravatar.com\/avatar\/ebaea2ba8e9bfe72180bc0380cc57b2390fedfd2fab6593b2c05b10b05632c3e?s=96&d=mm&r=g","url":"https:\/\/secure.gravatar.com\/avatar\/ebaea2ba8e9bfe72180bc0380cc57b2390fedfd2fab6593b2c05b10b05632c3e?s=96&d=mm&r=g","contentUrl":"https:\/\/secure.gravatar.com\/avatar\/ebaea2ba8e9bfe72180bc0380cc57b2390fedfd2fab6593b2c05b10b05632c3e?s=96&d=mm&r=g","caption":"Erik Bj\u00f6rkland"},"url":"https:\/\/www.agma.com\/sv\/author\/erik\/"}]}},"_links":{"self":[{"href":"https:\/\/www.agma.com\/sv\/wp-json\/wp\/v2\/posts\/19392","targetHints":{"allow":["GET"]}}],"collection":[{"href":"https:\/\/www.agma.com\/sv\/wp-json\/wp\/v2\/posts"}],"about":[{"href":"https:\/\/www.agma.com\/sv\/wp-json\/wp\/v2\/types\/post"}],"author":[{"embeddable":true,"href":"https:\/\/www.agma.com\/sv\/wp-json\/wp\/v2\/users\/5"}],"replies":[{"embeddable":true,"href":"https:\/\/www.agma.com\/sv\/wp-json\/wp\/v2\/comments?post=19392"}],"version-history":[{"count":8,"href":"https:\/\/www.agma.com\/sv\/wp-json\/wp\/v2\/posts\/19392\/revisions"}],"predecessor-version":[{"id":19403,"href":"https:\/\/www.agma.com\/sv\/wp-json\/wp\/v2\/posts\/19392\/revisions\/19403"}],"wp:featuredmedia":[{"embeddable":true,"href":"https:\/\/www.agma.com\/sv\/wp-json\/wp\/v2\/media\/19393"}],"wp:attachment":[{"href":"https:\/\/www.agma.com\/sv\/wp-json\/wp\/v2\/media?parent=19392"}],"wp:term":[{"taxonomy":"category","embeddable":true,"href":"https:\/\/www.agma.com\/sv\/wp-json\/wp\/v2\/categories?post=19392"},{"taxonomy":"post_tag","embeddable":true,"href":"https:\/\/www.agma.com\/sv\/wp-json\/wp\/v2\/tags?post=19392"}],"curies":[{"name":"wp","href":"https:\/\/api.w.org\/{rel}","templated":true}]}}