{"id":8804,"date":"2012-04-05T00:00:00","date_gmt":"2012-04-05T00:00:00","guid":{"rendered":"https:\/\/www.absolicon.com\/solvarme-fran-folkhogskolan-blir-fjarrvarme\/"},"modified":"2020-07-21T08:15:20","modified_gmt":"2020-07-21T08:15:20","slug":"solvarme-fran-folkhogskolan-blir-fjarrvarme","status":"publish","type":"post","link":"https:\/\/www.agma.com\/sv\/solvarme-fran-folkhogskolan-blir-fjarrvarme\/","title":{"rendered":"Solv\u00e4rme fr\u00e5n folkh\u00f6gskolan blir fj\u00e4rrv\u00e4rme"},"content":{"rendered":"<p>[ingress]H\u00e4rn\u00f6sands folkh\u00f6gskola st\u00e4rker sin milj\u00f6profil och investerar nu i en solenergianl\u00e4ggning samtidigt som man ing\u00e5tt ett unikt avtal med det kommunala energibolaget Hemab om att mata ut \u00f6verskottsv\u00e4rmen i det kommunala n\u00e4tet.[\/ingress]<\/p>\n<p>\u2013 Avtalet med H\u00e4rn\u00f6sands folkh\u00f6gskola \u00e4r en banbrytande milstolpe i fj\u00e4rrv\u00e4rmens utveckling i Sverige, s\u00e4ger Marcus T\u00e4rnvik, aff\u00e4rsomr\u00e5deschef fj\u00e4rrv\u00e4rme vid HEMAB.<\/p>\n<p>Energibolaget har valt att kalla aff\u00e4rsuppg\u00f6relsen f\u00f6r \u201dH\u00e4rn\u00f6sandsmodellen\u201d, vilket inneb\u00e4r att kunder kan s\u00e4lja in solv\u00e4rme under sommaren till bra pris.<\/p>\n<p>Hemab vill driva p\u00e5 utvecklingen av sm\u00e5skalig energiproduktion. F\u00f6r snart ett \u00e5r sedan invigde man H\u00e4rn\u00f6sands Energipark, d\u00e4r anl\u00e4ggningar f\u00f6r el- och v\u00e4rmeproduktion kan byggas, testas och f\u00e5 avs\u00e4ttning f\u00f6r sin energi.<\/p>\n<p>\u2013 Men med den h\u00e4r typen av aff\u00e4rsuppl\u00e4gg var det mer intressant f\u00f6r oss att investera i en egen anl\u00e4ggning, s\u00e4ger Eduardo Gran Villanueva-Contreras, rektor f\u00f6r H\u00e4rn\u00f6sands folkh\u00f6gskola. Nu blir vi sj\u00e4lvf\u00f6rs\u00f6rjande p\u00e5 v\u00e4rme under sommarm\u00e5naderna samtidigt som vi f\u00e5r betalt f\u00f6r \u00f6verskottet.<\/p>\n<p>Folkh\u00f6gskolan r\u00e4knar med att investeringen kommer att vara \u00e5terbetald p\u00e5 tolv \u00e5r.<\/p>\n<p>\u2013 F\u00f6rutom att det \u00e4r en bra investering bidrar det till en tydlig milj\u00f6profil, s\u00e4ger folkh\u00f6gskolans rektor. F\u00f6r oss som folkbildare \u00e4r det viktigt att ligga i framkant. Vi vill kunna bidra till det globala arbete med milj\u00f6- och klimatfr\u00e5gor som nu aktualiseras av FN:s milj\u00f6toppm\u00f6te Rio+20 i juni.<\/p>\n<p>Leverant\u00f6r av solenergisystemet \u00e4r Absolicon Solar Collector AB i H\u00e4rn\u00f6sand som utvecklat en solf\u00e5ngarteknik f\u00f6r produktion av b\u00e5de v\u00e4rme och el.<\/p>\n<p>\u2013 Det folkh\u00f6gskolan och Hemab nu g\u00f6r tillsammans f\u00e5r st\u00e5 som modell f\u00f6r hur milj\u00f6anpassad utveckling inom energiomr\u00e5det i t\u00e4tort b\u00f6r se ut, s\u00e4ger Joakim Bystr\u00f6m, Absolicon.<\/p>\n<p>&nbsp;<\/p>\n<p style=\"text-align: right;\">&nbsp;<em>Publicerad 2012-04-05<\/em><\/p>\n","protected":false},"excerpt":{"rendered":"<p>[ingress]H\u00e4rn\u00f6sands folkh\u00f6gskola st\u00e4rker sin milj\u00f6profil och investerar nu i en solenergianl\u00e4ggning samtidigt som man ing\u00e5tt ett unikt avtal med det kommunala energibolaget Hemab om att mata ut \u00f6verskottsv\u00e4rmen i det kommunala n\u00e4tet.[\/ingress] \u2013 Avtalet med H\u00e4rn\u00f6sands folkh\u00f6gskola \u00e4r en banbrytande milstolpe i fj\u00e4rrv\u00e4rmens utveckling i Sverige, s\u00e4ger Marcus T\u00e4rnvik, aff\u00e4rsomr\u00e5deschef fj\u00e4rrv\u00e4rme vid HEMAB. Energibolaget har [&hellip;]<\/p>\n","protected":false},"author":1,"featured_media":9297,"comment_status":"open","ping_status":"open","sticky":false,"template":"","format":"standard","meta":{"_acf_changed":false,"footnotes":""},"categories":[2],"tags":[],"class_list":["post-8804","post","type-post","status-publish","format-standard","has-post-thumbnail","hentry","category-okategoriserad"],"acf":[],"yoast_head":"<!-- This site is optimized with the Yoast SEO plugin v27.4 - https:\/\/yoast.com\/product\/yoast-seo-wordpress\/ -->\n<title>Solv\u00e4rme fr\u00e5n folkh\u00f6gskolan blir fj\u00e4rrv\u00e4rme - Absolicon<\/title>\n<meta name=\"robots\" content=\"index, follow, max-snippet:-1, max-image-preview:large, max-video-preview:-1\" \/>\n<link rel=\"canonical\" href=\"https:\/\/www.agma.com\/sv\/solvarme-fran-folkhogskolan-blir-fjarrvarme\/\" \/>\n<meta property=\"og:locale\" content=\"sv_SE\" \/>\n<meta property=\"og:type\" content=\"article\" \/>\n<meta property=\"og:title\" content=\"Solv\u00e4rme fr\u00e5n folkh\u00f6gskolan blir fj\u00e4rrv\u00e4rme - Absolicon\" \/>\n<meta property=\"og:description\" content=\"[ingress]H\u00e4rn\u00f6sands folkh\u00f6gskola st\u00e4rker sin milj\u00f6profil och investerar nu i en solenergianl\u00e4ggning samtidigt som man ing\u00e5tt ett unikt avtal med det kommunala energibolaget Hemab om att mata ut \u00f6verskottsv\u00e4rmen i det kommunala n\u00e4tet.[\/ingress] \u2013 Avtalet med H\u00e4rn\u00f6sands folkh\u00f6gskola \u00e4r en banbrytande milstolpe i fj\u00e4rrv\u00e4rmens utveckling i Sverige, s\u00e4ger Marcus T\u00e4rnvik, aff\u00e4rsomr\u00e5deschef fj\u00e4rrv\u00e4rme vid HEMAB. Energibolaget har [&hellip;]\" \/>\n<meta property=\"og:url\" content=\"https:\/\/www.agma.com\/sv\/solvarme-fran-folkhogskolan-blir-fjarrvarme\/\" \/>\n<meta property=\"og:site_name\" content=\"Absolicon\" \/>\n<meta property=\"article:published_time\" content=\"2012-04-05T00:00:00+00:00\" \/>\n<meta property=\"article:modified_time\" content=\"2020-07-21T08:15:20+00:00\" \/>\n<meta property=\"og:image\" content=\"https:\/\/www.agma.com\/wp-content\/uploads\/2020\/07\/75c94a68ac78d698eeadb4c8d2db98.jpg\" \/>\n\t<meta property=\"og:image:width\" content=\"720\" \/>\n\t<meta property=\"og:image:height\" content=\"250\" \/>\n\t<meta property=\"og:image:type\" content=\"image\/jpeg\" \/>\n<meta name=\"author\" content=\"jakubschenk\" \/>\n<meta name=\"twitter:card\" content=\"summary_large_image\" \/>\n<meta name=\"twitter:label1\" content=\"Skriven av\" \/>\n\t<meta name=\"twitter:data1\" content=\"jakubschenk\" \/>\n<script type=\"application\/ld+json\" class=\"yoast-schema-graph\">{\"@context\":\"https:\\\/\\\/schema.org\",\"@graph\":[{\"@type\":\"Article\",\"@id\":\"https:\\\/\\\/www.agma.com\\\/sv\\\/solvarme-fran-folkhogskolan-blir-fjarrvarme\\\/#article\",\"isPartOf\":{\"@id\":\"https:\\\/\\\/www.agma.com\\\/sv\\\/solvarme-fran-folkhogskolan-blir-fjarrvarme\\\/\"},\"author\":{\"name\":\"jakubschenk\",\"@id\":\"https:\\\/\\\/www.agma.com\\\/sv\\\/#\\\/schema\\\/person\\\/6820b3ce1cc37edbaecc979090760d8b\"},\"headline\":\"Solv\u00e4rme fr\u00e5n folkh\u00f6gskolan blir fj\u00e4rrv\u00e4rme\",\"datePublished\":\"2012-04-05T00:00:00+00:00\",\"dateModified\":\"2020-07-21T08:15:20+00:00\",\"mainEntityOfPage\":{\"@id\":\"https:\\\/\\\/www.agma.com\\\/sv\\\/solvarme-fran-folkhogskolan-blir-fjarrvarme\\\/\"},\"wordCount\":355,\"commentCount\":0,\"publisher\":{\"@id\":\"https:\\\/\\\/www.agma.com\\\/sv\\\/#organization\"},\"image\":{\"@id\":\"https:\\\/\\\/www.agma.com\\\/sv\\\/solvarme-fran-folkhogskolan-blir-fjarrvarme\\\/#primaryimage\"},\"thumbnailUrl\":\"https:\\\/\\\/www.agma.com\\\/wp-content\\\/uploads\\\/2020\\\/07\\\/75c94a68ac78d698eeadb4c8d2db98.jpg\",\"articleSection\":[\"Okategoriserad\"],\"inLanguage\":\"sv-SE\",\"potentialAction\":[{\"@type\":\"CommentAction\",\"name\":\"Comment\",\"target\":[\"https:\\\/\\\/www.agma.com\\\/sv\\\/solvarme-fran-folkhogskolan-blir-fjarrvarme\\\/#respond\"]}]},{\"@type\":\"WebPage\",\"@id\":\"https:\\\/\\\/www.agma.com\\\/sv\\\/solvarme-fran-folkhogskolan-blir-fjarrvarme\\\/\",\"url\":\"https:\\\/\\\/www.agma.com\\\/sv\\\/solvarme-fran-folkhogskolan-blir-fjarrvarme\\\/\",\"name\":\"Solv\u00e4rme fr\u00e5n folkh\u00f6gskolan blir fj\u00e4rrv\u00e4rme - Absolicon\",\"isPartOf\":{\"@id\":\"https:\\\/\\\/www.agma.com\\\/sv\\\/#website\"},\"primaryImageOfPage\":{\"@id\":\"https:\\\/\\\/www.agma.com\\\/sv\\\/solvarme-fran-folkhogskolan-blir-fjarrvarme\\\/#primaryimage\"},\"image\":{\"@id\":\"https:\\\/\\\/www.agma.com\\\/sv\\\/solvarme-fran-folkhogskolan-blir-fjarrvarme\\\/#primaryimage\"},\"thumbnailUrl\":\"https:\\\/\\\/www.agma.com\\\/wp-content\\\/uploads\\\/2020\\\/07\\\/75c94a68ac78d698eeadb4c8d2db98.jpg\",\"datePublished\":\"2012-04-05T00:00:00+00:00\",\"dateModified\":\"2020-07-21T08:15:20+00:00\",\"breadcrumb\":{\"@id\":\"https:\\\/\\\/www.agma.com\\\/sv\\\/solvarme-fran-folkhogskolan-blir-fjarrvarme\\\/#breadcrumb\"},\"inLanguage\":\"sv-SE\",\"potentialAction\":[{\"@type\":\"ReadAction\",\"target\":[\"https:\\\/\\\/www.agma.com\\\/sv\\\/solvarme-fran-folkhogskolan-blir-fjarrvarme\\\/\"]}]},{\"@type\":\"ImageObject\",\"inLanguage\":\"sv-SE\",\"@id\":\"https:\\\/\\\/www.agma.com\\\/sv\\\/solvarme-fran-folkhogskolan-blir-fjarrvarme\\\/#primaryimage\",\"url\":\"https:\\\/\\\/www.agma.com\\\/wp-content\\\/uploads\\\/2020\\\/07\\\/75c94a68ac78d698eeadb4c8d2db98.jpg\",\"contentUrl\":\"https:\\\/\\\/www.agma.com\\\/wp-content\\\/uploads\\\/2020\\\/07\\\/75c94a68ac78d698eeadb4c8d2db98.jpg\",\"width\":720,\"height\":250},{\"@type\":\"BreadcrumbList\",\"@id\":\"https:\\\/\\\/www.agma.com\\\/sv\\\/solvarme-fran-folkhogskolan-blir-fjarrvarme\\\/#breadcrumb\",\"itemListElement\":[{\"@type\":\"ListItem\",\"position\":1,\"name\":\"Home\",\"item\":\"https:\\\/\\\/www.agma.com\\\/sv\\\/\"},{\"@type\":\"ListItem\",\"position\":2,\"name\":\"Solv\u00e4rme fr\u00e5n folkh\u00f6gskolan blir fj\u00e4rrv\u00e4rme\"}]},{\"@type\":\"WebSite\",\"@id\":\"https:\\\/\\\/www.agma.com\\\/sv\\\/#website\",\"url\":\"https:\\\/\\\/www.agma.com\\\/sv\\\/\",\"name\":\"Absolicon\",\"description\":\"\",\"publisher\":{\"@id\":\"https:\\\/\\\/www.agma.com\\\/sv\\\/#organization\"},\"potentialAction\":[{\"@type\":\"SearchAction\",\"target\":{\"@type\":\"EntryPoint\",\"urlTemplate\":\"https:\\\/\\\/www.agma.com\\\/sv\\\/?s={search_term_string}\"},\"query-input\":{\"@type\":\"PropertyValueSpecification\",\"valueRequired\":true,\"valueName\":\"search_term_string\"}}],\"inLanguage\":\"sv-SE\"},{\"@type\":\"Organization\",\"@id\":\"https:\\\/\\\/www.agma.com\\\/sv\\\/#organization\",\"name\":\"Absolicon\",\"url\":\"https:\\\/\\\/www.agma.com\\\/sv\\\/\",\"logo\":{\"@type\":\"ImageObject\",\"inLanguage\":\"sv-SE\",\"@id\":\"https:\\\/\\\/www.agma.com\\\/sv\\\/#\\\/schema\\\/logo\\\/image\\\/\",\"url\":\"https:\\\/\\\/www.agma.com\\\/wp-content\\\/uploads\\\/2026\\\/04\\\/logotype_neg_blk.svg\",\"contentUrl\":\"https:\\\/\\\/www.agma.com\\\/wp-content\\\/uploads\\\/2026\\\/04\\\/logotype_neg_blk.svg\",\"width\":705,\"height\":83,\"caption\":\"Absolicon\"},\"image\":{\"@id\":\"https:\\\/\\\/www.agma.com\\\/sv\\\/#\\\/schema\\\/logo\\\/image\\\/\"}},{\"@type\":\"Person\",\"@id\":\"https:\\\/\\\/www.agma.com\\\/sv\\\/#\\\/schema\\\/person\\\/6820b3ce1cc37edbaecc979090760d8b\",\"name\":\"jakubschenk\",\"image\":{\"@type\":\"ImageObject\",\"inLanguage\":\"sv-SE\",\"@id\":\"https:\\\/\\\/secure.gravatar.com\\\/avatar\\\/0ab843002d4a58702560e02354e5f9a3206e13bbfaa9df5a188e463870f605cd?s=96&d=mm&r=g\",\"url\":\"https:\\\/\\\/secure.gravatar.com\\\/avatar\\\/0ab843002d4a58702560e02354e5f9a3206e13bbfaa9df5a188e463870f605cd?s=96&d=mm&r=g\",\"contentUrl\":\"https:\\\/\\\/secure.gravatar.com\\\/avatar\\\/0ab843002d4a58702560e02354e5f9a3206e13bbfaa9df5a188e463870f605cd?s=96&d=mm&r=g\",\"caption\":\"jakubschenk\"},\"sameAs\":[\"https:\\\/\\\/www.agma.com\"],\"url\":\"https:\\\/\\\/www.agma.com\\\/sv\\\/author\\\/jakubschenk\\\/\"}]}<\/script>\n<!-- \/ Yoast SEO plugin. -->","yoast_head_json":{"title":"Solv\u00e4rme fr\u00e5n folkh\u00f6gskolan blir fj\u00e4rrv\u00e4rme - Absolicon","robots":{"index":"index","follow":"follow","max-snippet":"max-snippet:-1","max-image-preview":"max-image-preview:large","max-video-preview":"max-video-preview:-1"},"canonical":"https:\/\/www.agma.com\/sv\/solvarme-fran-folkhogskolan-blir-fjarrvarme\/","og_locale":"sv_SE","og_type":"article","og_title":"Solv\u00e4rme fr\u00e5n folkh\u00f6gskolan blir fj\u00e4rrv\u00e4rme - Absolicon","og_description":"[ingress]H\u00e4rn\u00f6sands folkh\u00f6gskola st\u00e4rker sin milj\u00f6profil och investerar nu i en solenergianl\u00e4ggning samtidigt som man ing\u00e5tt ett unikt avtal med det kommunala energibolaget Hemab om att mata ut \u00f6verskottsv\u00e4rmen i det kommunala n\u00e4tet.[\/ingress] \u2013 Avtalet med H\u00e4rn\u00f6sands folkh\u00f6gskola \u00e4r en banbrytande milstolpe i fj\u00e4rrv\u00e4rmens utveckling i Sverige, s\u00e4ger Marcus T\u00e4rnvik, aff\u00e4rsomr\u00e5deschef fj\u00e4rrv\u00e4rme vid HEMAB. Energibolaget har [&hellip;]","og_url":"https:\/\/www.agma.com\/sv\/solvarme-fran-folkhogskolan-blir-fjarrvarme\/","og_site_name":"Absolicon","article_published_time":"2012-04-05T00:00:00+00:00","article_modified_time":"2020-07-21T08:15:20+00:00","og_image":[{"width":720,"height":250,"url":"https:\/\/www.agma.com\/wp-content\/uploads\/2020\/07\/75c94a68ac78d698eeadb4c8d2db98.jpg","type":"image\/jpeg"}],"author":"jakubschenk","twitter_card":"summary_large_image","twitter_misc":{"Skriven av":"jakubschenk"},"schema":{"@context":"https:\/\/schema.org","@graph":[{"@type":"Article","@id":"https:\/\/www.agma.com\/sv\/solvarme-fran-folkhogskolan-blir-fjarrvarme\/#article","isPartOf":{"@id":"https:\/\/www.agma.com\/sv\/solvarme-fran-folkhogskolan-blir-fjarrvarme\/"},"author":{"name":"jakubschenk","@id":"https:\/\/www.agma.com\/sv\/#\/schema\/person\/6820b3ce1cc37edbaecc979090760d8b"},"headline":"Solv\u00e4rme fr\u00e5n folkh\u00f6gskolan blir fj\u00e4rrv\u00e4rme","datePublished":"2012-04-05T00:00:00+00:00","dateModified":"2020-07-21T08:15:20+00:00","mainEntityOfPage":{"@id":"https:\/\/www.agma.com\/sv\/solvarme-fran-folkhogskolan-blir-fjarrvarme\/"},"wordCount":355,"commentCount":0,"publisher":{"@id":"https:\/\/www.agma.com\/sv\/#organization"},"image":{"@id":"https:\/\/www.agma.com\/sv\/solvarme-fran-folkhogskolan-blir-fjarrvarme\/#primaryimage"},"thumbnailUrl":"https:\/\/www.agma.com\/wp-content\/uploads\/2020\/07\/75c94a68ac78d698eeadb4c8d2db98.jpg","articleSection":["Okategoriserad"],"inLanguage":"sv-SE","potentialAction":[{"@type":"CommentAction","name":"Comment","target":["https:\/\/www.agma.com\/sv\/solvarme-fran-folkhogskolan-blir-fjarrvarme\/#respond"]}]},{"@type":"WebPage","@id":"https:\/\/www.agma.com\/sv\/solvarme-fran-folkhogskolan-blir-fjarrvarme\/","url":"https:\/\/www.agma.com\/sv\/solvarme-fran-folkhogskolan-blir-fjarrvarme\/","name":"Solv\u00e4rme fr\u00e5n folkh\u00f6gskolan blir fj\u00e4rrv\u00e4rme - Absolicon","isPartOf":{"@id":"https:\/\/www.agma.com\/sv\/#website"},"primaryImageOfPage":{"@id":"https:\/\/www.agma.com\/sv\/solvarme-fran-folkhogskolan-blir-fjarrvarme\/#primaryimage"},"image":{"@id":"https:\/\/www.agma.com\/sv\/solvarme-fran-folkhogskolan-blir-fjarrvarme\/#primaryimage"},"thumbnailUrl":"https:\/\/www.agma.com\/wp-content\/uploads\/2020\/07\/75c94a68ac78d698eeadb4c8d2db98.jpg","datePublished":"2012-04-05T00:00:00+00:00","dateModified":"2020-07-21T08:15:20+00:00","breadcrumb":{"@id":"https:\/\/www.agma.com\/sv\/solvarme-fran-folkhogskolan-blir-fjarrvarme\/#breadcrumb"},"inLanguage":"sv-SE","potentialAction":[{"@type":"ReadAction","target":["https:\/\/www.agma.com\/sv\/solvarme-fran-folkhogskolan-blir-fjarrvarme\/"]}]},{"@type":"ImageObject","inLanguage":"sv-SE","@id":"https:\/\/www.agma.com\/sv\/solvarme-fran-folkhogskolan-blir-fjarrvarme\/#primaryimage","url":"https:\/\/www.agma.com\/wp-content\/uploads\/2020\/07\/75c94a68ac78d698eeadb4c8d2db98.jpg","contentUrl":"https:\/\/www.agma.com\/wp-content\/uploads\/2020\/07\/75c94a68ac78d698eeadb4c8d2db98.jpg","width":720,"height":250},{"@type":"BreadcrumbList","@id":"https:\/\/www.agma.com\/sv\/solvarme-fran-folkhogskolan-blir-fjarrvarme\/#breadcrumb","itemListElement":[{"@type":"ListItem","position":1,"name":"Home","item":"https:\/\/www.agma.com\/sv\/"},{"@type":"ListItem","position":2,"name":"Solv\u00e4rme fr\u00e5n folkh\u00f6gskolan blir fj\u00e4rrv\u00e4rme"}]},{"@type":"WebSite","@id":"https:\/\/www.agma.com\/sv\/#website","url":"https:\/\/www.agma.com\/sv\/","name":"Absolicon","description":"","publisher":{"@id":"https:\/\/www.agma.com\/sv\/#organization"},"potentialAction":[{"@type":"SearchAction","target":{"@type":"EntryPoint","urlTemplate":"https:\/\/www.agma.com\/sv\/?s={search_term_string}"},"query-input":{"@type":"PropertyValueSpecification","valueRequired":true,"valueName":"search_term_string"}}],"inLanguage":"sv-SE"},{"@type":"Organization","@id":"https:\/\/www.agma.com\/sv\/#organization","name":"Absolicon","url":"https:\/\/www.agma.com\/sv\/","logo":{"@type":"ImageObject","inLanguage":"sv-SE","@id":"https:\/\/www.agma.com\/sv\/#\/schema\/logo\/image\/","url":"https:\/\/www.agma.com\/wp-content\/uploads\/2026\/04\/logotype_neg_blk.svg","contentUrl":"https:\/\/www.agma.com\/wp-content\/uploads\/2026\/04\/logotype_neg_blk.svg","width":705,"height":83,"caption":"Absolicon"},"image":{"@id":"https:\/\/www.agma.com\/sv\/#\/schema\/logo\/image\/"}},{"@type":"Person","@id":"https:\/\/www.agma.com\/sv\/#\/schema\/person\/6820b3ce1cc37edbaecc979090760d8b","name":"jakubschenk","image":{"@type":"ImageObject","inLanguage":"sv-SE","@id":"https:\/\/secure.gravatar.com\/avatar\/0ab843002d4a58702560e02354e5f9a3206e13bbfaa9df5a188e463870f605cd?s=96&d=mm&r=g","url":"https:\/\/secure.gravatar.com\/avatar\/0ab843002d4a58702560e02354e5f9a3206e13bbfaa9df5a188e463870f605cd?s=96&d=mm&r=g","contentUrl":"https:\/\/secure.gravatar.com\/avatar\/0ab843002d4a58702560e02354e5f9a3206e13bbfaa9df5a188e463870f605cd?s=96&d=mm&r=g","caption":"jakubschenk"},"sameAs":["https:\/\/www.agma.com"],"url":"https:\/\/www.agma.com\/sv\/author\/jakubschenk\/"}]}},"_links":{"self":[{"href":"https:\/\/www.agma.com\/sv\/wp-json\/wp\/v2\/posts\/8804","targetHints":{"allow":["GET"]}}],"collection":[{"href":"https:\/\/www.agma.com\/sv\/wp-json\/wp\/v2\/posts"}],"about":[{"href":"https:\/\/www.agma.com\/sv\/wp-json\/wp\/v2\/types\/post"}],"author":[{"embeddable":true,"href":"https:\/\/www.agma.com\/sv\/wp-json\/wp\/v2\/users\/1"}],"replies":[{"embeddable":true,"href":"https:\/\/www.agma.com\/sv\/wp-json\/wp\/v2\/comments?post=8804"}],"version-history":[{"count":1,"href":"https:\/\/www.agma.com\/sv\/wp-json\/wp\/v2\/posts\/8804\/revisions"}],"predecessor-version":[{"id":9299,"href":"https:\/\/www.agma.com\/sv\/wp-json\/wp\/v2\/posts\/8804\/revisions\/9299"}],"wp:featuredmedia":[{"embeddable":true,"href":"https:\/\/www.agma.com\/sv\/wp-json\/wp\/v2\/media\/9297"}],"wp:attachment":[{"href":"https:\/\/www.agma.com\/sv\/wp-json\/wp\/v2\/media?parent=8804"}],"wp:term":[{"taxonomy":"category","embeddable":true,"href":"https:\/\/www.agma.com\/sv\/wp-json\/wp\/v2\/categories?post=8804"},{"taxonomy":"post_tag","embeddable":true,"href":"https:\/\/www.agma.com\/sv\/wp-json\/wp\/v2\/tags?post=8804"}],"curies":[{"name":"wp","href":"https:\/\/api.w.org\/{rel}","templated":true}]}}