{"id":8811,"date":"2011-08-12T00:00:00","date_gmt":"2011-08-12T00:00:00","guid":{"rendered":"https:\/\/www.absolicon.com\/solenergi-blev-ett-lyft-for-bomans\/"},"modified":"2020-07-21T08:23:00","modified_gmt":"2020-07-21T08:23:00","slug":"solenergi-blev-ett-lyft-for-bomans","status":"publish","type":"post","link":"https:\/\/www.agma.com\/sv\/solenergi-blev-ett-lyft-for-bomans\/","title":{"rendered":"Solenergi blev ett lyft f\u00f6r Bomans"},"content":{"rendered":"<figure id=\"attachment_704\" aria-describedby=\"caption-attachment-704\" style=\"width: 300px\" class=\"wp-caption alignright\"><img fetchpriority=\"high\" decoding=\"async\" class=\"size-full wp-image-704\" title=\"Bomans lackering\" src=\"https:\/\/www.agma.comwp-content\/uploads\/2011\/08\/industri_solenergi_bomans_lackering.jpg\" alt=\"Bomans lackering\" width=\"300\" height=\"184\"><figcaption id=\"caption-attachment-704\" class=\"wp-caption-text\">Solf\u00e5ngarna \u00e4r installerade p\u00e5 fabrikens tak och driver en del av verksamhetens kemiska processer.<\/figcaption><\/figure>\n<p>[ingress]Absolicons f\u00f6rsta installation i industrisektorn \u00e4r driftsatt och klar. Kunden heter Bomans Lackering med s\u00e4te i Stockholm. Solf\u00e5ngarna \u00e4r installerade p\u00e5 taket och en del av verksamhetens kemiska processer.[\/ingress]<\/p>\n<p>Industrins energikr\u00e4vande processer st\u00e5r inf\u00f6r allt str\u00e4ngare milj\u00f6krav och stigande energipriser. Utvecklingen pressar industrisektorn att s\u00f6ka nya l\u00f6sningar f\u00f6r att energis\u00e4kra framtidens produktion.<br \/>\nSom underleverant\u00f6r till den svenska telekomindustrin anv\u00e4nder Bomans stora m\u00e4ngder energi till de kemiska bad som f\u00f6rgyller apparatl\u00e5dor, s\u00e5 kallade elektropl\u00e4teringsbad. N\u00e4r industrif\u00f6retaget ville milj\u00f6anpassa sin verksamhet blev l\u00f6sningen tio solf\u00e5ngare fr\u00e5n Absolicon.<br \/>\n\u2013 \u00d6kade energikostnader kommer att g\u00f6ra att fler och fler branscher \u00f6verv\u00e4ger att anv\u00e4nda solenergi f\u00f6r att driva sina processer, f\u00f6rutsp\u00e5r Johan Sandberg, vd f\u00f6r Absolicon.<br \/>\nBomans Lackering kunde dessutom ta del av det statliga solelst\u00f6det vid installationen.<br \/>\n\u2013 Industrisektorn \u00e4r en nyckelmarknad f\u00f6r oss. Energi fr\u00e5n solen \u00e4r inte bara milj\u00f6v\u00e4nlig, den \u00e4r dessutom gratis. Det inneb\u00e4r att investeringar i solenergi minskar os\u00e4kerhetsfaktorn f\u00f6r anl\u00e4ggningens framtida energikostnader. Detta f\u00f6renklar beslut vid investeringar i ny energikr\u00e4vande verksamhet, s\u00e4ger Johan Sandberg.<\/p>\n<p>&nbsp;<\/p>\n<p style=\"text-align: right;\">&nbsp;<em>Publicerad 2011-08-12<\/em><\/p>\n","protected":false},"excerpt":{"rendered":"<p>[ingress]Absolicons f\u00f6rsta installation i industrisektorn \u00e4r driftsatt och klar. Kunden heter Bomans Lackering med s\u00e4te i Stockholm. Solf\u00e5ngarna \u00e4r installerade p\u00e5 taket och en del av verksamhetens kemiska processer.[\/ingress] Industrins energikr\u00e4vande processer st\u00e5r inf\u00f6r allt str\u00e4ngare milj\u00f6krav och stigande energipriser. Utvecklingen pressar industrisektorn att s\u00f6ka nya l\u00f6sningar f\u00f6r att energis\u00e4kra framtidens produktion. Som underleverant\u00f6r till [&hellip;]<\/p>\n","protected":false},"author":1,"featured_media":9319,"comment_status":"open","ping_status":"open","sticky":false,"template":"","format":"standard","meta":{"_acf_changed":false,"footnotes":""},"categories":[2],"tags":[],"class_list":["post-8811","post","type-post","status-publish","format-standard","has-post-thumbnail","hentry","category-okategoriserad"],"acf":[],"yoast_head":"<!-- This site is optimized with the Yoast SEO plugin v27.4 - https:\/\/yoast.com\/product\/yoast-seo-wordpress\/ -->\n<title>Solenergi blev ett lyft f\u00f6r Bomans - Absolicon<\/title>\n<meta name=\"robots\" content=\"index, follow, max-snippet:-1, max-image-preview:large, max-video-preview:-1\" \/>\n<link rel=\"canonical\" href=\"https:\/\/www.agma.com\/sv\/solenergi-blev-ett-lyft-for-bomans\/\" \/>\n<meta property=\"og:locale\" content=\"sv_SE\" \/>\n<meta property=\"og:type\" content=\"article\" \/>\n<meta property=\"og:title\" content=\"Solenergi blev ett lyft f\u00f6r Bomans - Absolicon\" \/>\n<meta property=\"og:description\" content=\"[ingress]Absolicons f\u00f6rsta installation i industrisektorn \u00e4r driftsatt och klar. Kunden heter Bomans Lackering med s\u00e4te i Stockholm. Solf\u00e5ngarna \u00e4r installerade p\u00e5 taket och en del av verksamhetens kemiska processer.[\/ingress] Industrins energikr\u00e4vande processer st\u00e5r inf\u00f6r allt str\u00e4ngare milj\u00f6krav och stigande energipriser. Utvecklingen pressar industrisektorn att s\u00f6ka nya l\u00f6sningar f\u00f6r att energis\u00e4kra framtidens produktion. Som underleverant\u00f6r till [&hellip;]\" \/>\n<meta property=\"og:url\" content=\"https:\/\/www.agma.com\/sv\/solenergi-blev-ett-lyft-for-bomans\/\" \/>\n<meta property=\"og:site_name\" content=\"Absolicon\" \/>\n<meta property=\"article:published_time\" content=\"2011-08-12T00:00:00+00:00\" \/>\n<meta property=\"article:modified_time\" content=\"2020-07-21T08:23:00+00:00\" \/>\n<meta property=\"og:image\" content=\"https:\/\/www.agma.com\/wp-content\/uploads\/2020\/07\/60549a8d768962dfb50b9274ceb553.jpg\" \/>\n\t<meta property=\"og:image:width\" content=\"720\" \/>\n\t<meta property=\"og:image:height\" content=\"250\" \/>\n\t<meta property=\"og:image:type\" content=\"image\/jpeg\" \/>\n<meta name=\"author\" content=\"jakubschenk\" \/>\n<meta name=\"twitter:card\" content=\"summary_large_image\" \/>\n<meta name=\"twitter:label1\" content=\"Skriven av\" \/>\n\t<meta name=\"twitter:data1\" content=\"jakubschenk\" \/>\n<script type=\"application\/ld+json\" class=\"yoast-schema-graph\">{\"@context\":\"https:\\\/\\\/schema.org\",\"@graph\":[{\"@type\":\"Article\",\"@id\":\"https:\\\/\\\/www.agma.com\\\/sv\\\/solenergi-blev-ett-lyft-for-bomans\\\/#article\",\"isPartOf\":{\"@id\":\"https:\\\/\\\/www.agma.com\\\/sv\\\/solenergi-blev-ett-lyft-for-bomans\\\/\"},\"author\":{\"name\":\"jakubschenk\",\"@id\":\"https:\\\/\\\/www.agma.com\\\/sv\\\/#\\\/schema\\\/person\\\/6820b3ce1cc37edbaecc979090760d8b\"},\"headline\":\"Solenergi blev ett lyft f\u00f6r Bomans\",\"datePublished\":\"2011-08-12T00:00:00+00:00\",\"dateModified\":\"2020-07-21T08:23:00+00:00\",\"mainEntityOfPage\":{\"@id\":\"https:\\\/\\\/www.agma.com\\\/sv\\\/solenergi-blev-ett-lyft-for-bomans\\\/\"},\"wordCount\":243,\"commentCount\":0,\"publisher\":{\"@id\":\"https:\\\/\\\/www.agma.com\\\/sv\\\/#organization\"},\"image\":{\"@id\":\"https:\\\/\\\/www.agma.com\\\/sv\\\/solenergi-blev-ett-lyft-for-bomans\\\/#primaryimage\"},\"thumbnailUrl\":\"https:\\\/\\\/www.agma.com\\\/wp-content\\\/uploads\\\/2020\\\/07\\\/60549a8d768962dfb50b9274ceb553.jpg\",\"articleSection\":[\"Okategoriserad\"],\"inLanguage\":\"sv-SE\",\"potentialAction\":[{\"@type\":\"CommentAction\",\"name\":\"Comment\",\"target\":[\"https:\\\/\\\/www.agma.com\\\/sv\\\/solenergi-blev-ett-lyft-for-bomans\\\/#respond\"]}]},{\"@type\":\"WebPage\",\"@id\":\"https:\\\/\\\/www.agma.com\\\/sv\\\/solenergi-blev-ett-lyft-for-bomans\\\/\",\"url\":\"https:\\\/\\\/www.agma.com\\\/sv\\\/solenergi-blev-ett-lyft-for-bomans\\\/\",\"name\":\"Solenergi blev ett lyft f\u00f6r Bomans - Absolicon\",\"isPartOf\":{\"@id\":\"https:\\\/\\\/www.agma.com\\\/sv\\\/#website\"},\"primaryImageOfPage\":{\"@id\":\"https:\\\/\\\/www.agma.com\\\/sv\\\/solenergi-blev-ett-lyft-for-bomans\\\/#primaryimage\"},\"image\":{\"@id\":\"https:\\\/\\\/www.agma.com\\\/sv\\\/solenergi-blev-ett-lyft-for-bomans\\\/#primaryimage\"},\"thumbnailUrl\":\"https:\\\/\\\/www.agma.com\\\/wp-content\\\/uploads\\\/2020\\\/07\\\/60549a8d768962dfb50b9274ceb553.jpg\",\"datePublished\":\"2011-08-12T00:00:00+00:00\",\"dateModified\":\"2020-07-21T08:23:00+00:00\",\"breadcrumb\":{\"@id\":\"https:\\\/\\\/www.agma.com\\\/sv\\\/solenergi-blev-ett-lyft-for-bomans\\\/#breadcrumb\"},\"inLanguage\":\"sv-SE\",\"potentialAction\":[{\"@type\":\"ReadAction\",\"target\":[\"https:\\\/\\\/www.agma.com\\\/sv\\\/solenergi-blev-ett-lyft-for-bomans\\\/\"]}]},{\"@type\":\"ImageObject\",\"inLanguage\":\"sv-SE\",\"@id\":\"https:\\\/\\\/www.agma.com\\\/sv\\\/solenergi-blev-ett-lyft-for-bomans\\\/#primaryimage\",\"url\":\"https:\\\/\\\/www.agma.com\\\/wp-content\\\/uploads\\\/2020\\\/07\\\/60549a8d768962dfb50b9274ceb553.jpg\",\"contentUrl\":\"https:\\\/\\\/www.agma.com\\\/wp-content\\\/uploads\\\/2020\\\/07\\\/60549a8d768962dfb50b9274ceb553.jpg\",\"width\":720,\"height\":250},{\"@type\":\"BreadcrumbList\",\"@id\":\"https:\\\/\\\/www.agma.com\\\/sv\\\/solenergi-blev-ett-lyft-for-bomans\\\/#breadcrumb\",\"itemListElement\":[{\"@type\":\"ListItem\",\"position\":1,\"name\":\"Home\",\"item\":\"https:\\\/\\\/www.agma.com\\\/sv\\\/\"},{\"@type\":\"ListItem\",\"position\":2,\"name\":\"Solenergi blev ett lyft f\u00f6r Bomans\"}]},{\"@type\":\"WebSite\",\"@id\":\"https:\\\/\\\/www.agma.com\\\/sv\\\/#website\",\"url\":\"https:\\\/\\\/www.agma.com\\\/sv\\\/\",\"name\":\"Absolicon\",\"description\":\"\",\"publisher\":{\"@id\":\"https:\\\/\\\/www.agma.com\\\/sv\\\/#organization\"},\"potentialAction\":[{\"@type\":\"SearchAction\",\"target\":{\"@type\":\"EntryPoint\",\"urlTemplate\":\"https:\\\/\\\/www.agma.com\\\/sv\\\/?s={search_term_string}\"},\"query-input\":{\"@type\":\"PropertyValueSpecification\",\"valueRequired\":true,\"valueName\":\"search_term_string\"}}],\"inLanguage\":\"sv-SE\"},{\"@type\":\"Organization\",\"@id\":\"https:\\\/\\\/www.agma.com\\\/sv\\\/#organization\",\"name\":\"Absolicon\",\"url\":\"https:\\\/\\\/www.agma.com\\\/sv\\\/\",\"logo\":{\"@type\":\"ImageObject\",\"inLanguage\":\"sv-SE\",\"@id\":\"https:\\\/\\\/www.agma.com\\\/sv\\\/#\\\/schema\\\/logo\\\/image\\\/\",\"url\":\"https:\\\/\\\/www.agma.com\\\/wp-content\\\/uploads\\\/2026\\\/04\\\/logotype_neg_blk.svg\",\"contentUrl\":\"https:\\\/\\\/www.agma.com\\\/wp-content\\\/uploads\\\/2026\\\/04\\\/logotype_neg_blk.svg\",\"width\":705,\"height\":83,\"caption\":\"Absolicon\"},\"image\":{\"@id\":\"https:\\\/\\\/www.agma.com\\\/sv\\\/#\\\/schema\\\/logo\\\/image\\\/\"}},{\"@type\":\"Person\",\"@id\":\"https:\\\/\\\/www.agma.com\\\/sv\\\/#\\\/schema\\\/person\\\/6820b3ce1cc37edbaecc979090760d8b\",\"name\":\"jakubschenk\",\"image\":{\"@type\":\"ImageObject\",\"inLanguage\":\"sv-SE\",\"@id\":\"https:\\\/\\\/secure.gravatar.com\\\/avatar\\\/0ab843002d4a58702560e02354e5f9a3206e13bbfaa9df5a188e463870f605cd?s=96&d=mm&r=g\",\"url\":\"https:\\\/\\\/secure.gravatar.com\\\/avatar\\\/0ab843002d4a58702560e02354e5f9a3206e13bbfaa9df5a188e463870f605cd?s=96&d=mm&r=g\",\"contentUrl\":\"https:\\\/\\\/secure.gravatar.com\\\/avatar\\\/0ab843002d4a58702560e02354e5f9a3206e13bbfaa9df5a188e463870f605cd?s=96&d=mm&r=g\",\"caption\":\"jakubschenk\"},\"sameAs\":[\"https:\\\/\\\/www.agma.com\"],\"url\":\"https:\\\/\\\/www.agma.com\\\/sv\\\/author\\\/jakubschenk\\\/\"}]}<\/script>\n<!-- \/ Yoast SEO plugin. -->","yoast_head_json":{"title":"Solenergi blev ett lyft f\u00f6r Bomans - Absolicon","robots":{"index":"index","follow":"follow","max-snippet":"max-snippet:-1","max-image-preview":"max-image-preview:large","max-video-preview":"max-video-preview:-1"},"canonical":"https:\/\/www.agma.com\/sv\/solenergi-blev-ett-lyft-for-bomans\/","og_locale":"sv_SE","og_type":"article","og_title":"Solenergi blev ett lyft f\u00f6r Bomans - Absolicon","og_description":"[ingress]Absolicons f\u00f6rsta installation i industrisektorn \u00e4r driftsatt och klar. Kunden heter Bomans Lackering med s\u00e4te i Stockholm. Solf\u00e5ngarna \u00e4r installerade p\u00e5 taket och en del av verksamhetens kemiska processer.[\/ingress] Industrins energikr\u00e4vande processer st\u00e5r inf\u00f6r allt str\u00e4ngare milj\u00f6krav och stigande energipriser. Utvecklingen pressar industrisektorn att s\u00f6ka nya l\u00f6sningar f\u00f6r att energis\u00e4kra framtidens produktion. Som underleverant\u00f6r till [&hellip;]","og_url":"https:\/\/www.agma.com\/sv\/solenergi-blev-ett-lyft-for-bomans\/","og_site_name":"Absolicon","article_published_time":"2011-08-12T00:00:00+00:00","article_modified_time":"2020-07-21T08:23:00+00:00","og_image":[{"width":720,"height":250,"url":"https:\/\/www.agma.com\/wp-content\/uploads\/2020\/07\/60549a8d768962dfb50b9274ceb553.jpg","type":"image\/jpeg"}],"author":"jakubschenk","twitter_card":"summary_large_image","twitter_misc":{"Skriven av":"jakubschenk"},"schema":{"@context":"https:\/\/schema.org","@graph":[{"@type":"Article","@id":"https:\/\/www.agma.com\/sv\/solenergi-blev-ett-lyft-for-bomans\/#article","isPartOf":{"@id":"https:\/\/www.agma.com\/sv\/solenergi-blev-ett-lyft-for-bomans\/"},"author":{"name":"jakubschenk","@id":"https:\/\/www.agma.com\/sv\/#\/schema\/person\/6820b3ce1cc37edbaecc979090760d8b"},"headline":"Solenergi blev ett lyft f\u00f6r Bomans","datePublished":"2011-08-12T00:00:00+00:00","dateModified":"2020-07-21T08:23:00+00:00","mainEntityOfPage":{"@id":"https:\/\/www.agma.com\/sv\/solenergi-blev-ett-lyft-for-bomans\/"},"wordCount":243,"commentCount":0,"publisher":{"@id":"https:\/\/www.agma.com\/sv\/#organization"},"image":{"@id":"https:\/\/www.agma.com\/sv\/solenergi-blev-ett-lyft-for-bomans\/#primaryimage"},"thumbnailUrl":"https:\/\/www.agma.com\/wp-content\/uploads\/2020\/07\/60549a8d768962dfb50b9274ceb553.jpg","articleSection":["Okategoriserad"],"inLanguage":"sv-SE","potentialAction":[{"@type":"CommentAction","name":"Comment","target":["https:\/\/www.agma.com\/sv\/solenergi-blev-ett-lyft-for-bomans\/#respond"]}]},{"@type":"WebPage","@id":"https:\/\/www.agma.com\/sv\/solenergi-blev-ett-lyft-for-bomans\/","url":"https:\/\/www.agma.com\/sv\/solenergi-blev-ett-lyft-for-bomans\/","name":"Solenergi blev ett lyft f\u00f6r Bomans - Absolicon","isPartOf":{"@id":"https:\/\/www.agma.com\/sv\/#website"},"primaryImageOfPage":{"@id":"https:\/\/www.agma.com\/sv\/solenergi-blev-ett-lyft-for-bomans\/#primaryimage"},"image":{"@id":"https:\/\/www.agma.com\/sv\/solenergi-blev-ett-lyft-for-bomans\/#primaryimage"},"thumbnailUrl":"https:\/\/www.agma.com\/wp-content\/uploads\/2020\/07\/60549a8d768962dfb50b9274ceb553.jpg","datePublished":"2011-08-12T00:00:00+00:00","dateModified":"2020-07-21T08:23:00+00:00","breadcrumb":{"@id":"https:\/\/www.agma.com\/sv\/solenergi-blev-ett-lyft-for-bomans\/#breadcrumb"},"inLanguage":"sv-SE","potentialAction":[{"@type":"ReadAction","target":["https:\/\/www.agma.com\/sv\/solenergi-blev-ett-lyft-for-bomans\/"]}]},{"@type":"ImageObject","inLanguage":"sv-SE","@id":"https:\/\/www.agma.com\/sv\/solenergi-blev-ett-lyft-for-bomans\/#primaryimage","url":"https:\/\/www.agma.com\/wp-content\/uploads\/2020\/07\/60549a8d768962dfb50b9274ceb553.jpg","contentUrl":"https:\/\/www.agma.com\/wp-content\/uploads\/2020\/07\/60549a8d768962dfb50b9274ceb553.jpg","width":720,"height":250},{"@type":"BreadcrumbList","@id":"https:\/\/www.agma.com\/sv\/solenergi-blev-ett-lyft-for-bomans\/#breadcrumb","itemListElement":[{"@type":"ListItem","position":1,"name":"Home","item":"https:\/\/www.agma.com\/sv\/"},{"@type":"ListItem","position":2,"name":"Solenergi blev ett lyft f\u00f6r Bomans"}]},{"@type":"WebSite","@id":"https:\/\/www.agma.com\/sv\/#website","url":"https:\/\/www.agma.com\/sv\/","name":"Absolicon","description":"","publisher":{"@id":"https:\/\/www.agma.com\/sv\/#organization"},"potentialAction":[{"@type":"SearchAction","target":{"@type":"EntryPoint","urlTemplate":"https:\/\/www.agma.com\/sv\/?s={search_term_string}"},"query-input":{"@type":"PropertyValueSpecification","valueRequired":true,"valueName":"search_term_string"}}],"inLanguage":"sv-SE"},{"@type":"Organization","@id":"https:\/\/www.agma.com\/sv\/#organization","name":"Absolicon","url":"https:\/\/www.agma.com\/sv\/","logo":{"@type":"ImageObject","inLanguage":"sv-SE","@id":"https:\/\/www.agma.com\/sv\/#\/schema\/logo\/image\/","url":"https:\/\/www.agma.com\/wp-content\/uploads\/2026\/04\/logotype_neg_blk.svg","contentUrl":"https:\/\/www.agma.com\/wp-content\/uploads\/2026\/04\/logotype_neg_blk.svg","width":705,"height":83,"caption":"Absolicon"},"image":{"@id":"https:\/\/www.agma.com\/sv\/#\/schema\/logo\/image\/"}},{"@type":"Person","@id":"https:\/\/www.agma.com\/sv\/#\/schema\/person\/6820b3ce1cc37edbaecc979090760d8b","name":"jakubschenk","image":{"@type":"ImageObject","inLanguage":"sv-SE","@id":"https:\/\/secure.gravatar.com\/avatar\/0ab843002d4a58702560e02354e5f9a3206e13bbfaa9df5a188e463870f605cd?s=96&d=mm&r=g","url":"https:\/\/secure.gravatar.com\/avatar\/0ab843002d4a58702560e02354e5f9a3206e13bbfaa9df5a188e463870f605cd?s=96&d=mm&r=g","contentUrl":"https:\/\/secure.gravatar.com\/avatar\/0ab843002d4a58702560e02354e5f9a3206e13bbfaa9df5a188e463870f605cd?s=96&d=mm&r=g","caption":"jakubschenk"},"sameAs":["https:\/\/www.agma.com"],"url":"https:\/\/www.agma.com\/sv\/author\/jakubschenk\/"}]}},"_links":{"self":[{"href":"https:\/\/www.agma.com\/sv\/wp-json\/wp\/v2\/posts\/8811","targetHints":{"allow":["GET"]}}],"collection":[{"href":"https:\/\/www.agma.com\/sv\/wp-json\/wp\/v2\/posts"}],"about":[{"href":"https:\/\/www.agma.com\/sv\/wp-json\/wp\/v2\/types\/post"}],"author":[{"embeddable":true,"href":"https:\/\/www.agma.com\/sv\/wp-json\/wp\/v2\/users\/1"}],"replies":[{"embeddable":true,"href":"https:\/\/www.agma.com\/sv\/wp-json\/wp\/v2\/comments?post=8811"}],"version-history":[{"count":1,"href":"https:\/\/www.agma.com\/sv\/wp-json\/wp\/v2\/posts\/8811\/revisions"}],"predecessor-version":[{"id":9321,"href":"https:\/\/www.agma.com\/sv\/wp-json\/wp\/v2\/posts\/8811\/revisions\/9321"}],"wp:featuredmedia":[{"embeddable":true,"href":"https:\/\/www.agma.com\/sv\/wp-json\/wp\/v2\/media\/9319"}],"wp:attachment":[{"href":"https:\/\/www.agma.com\/sv\/wp-json\/wp\/v2\/media?parent=8811"}],"wp:term":[{"taxonomy":"category","embeddable":true,"href":"https:\/\/www.agma.com\/sv\/wp-json\/wp\/v2\/categories?post=8811"},{"taxonomy":"post_tag","embeddable":true,"href":"https:\/\/www.agma.com\/sv\/wp-json\/wp\/v2\/tags?post=8811"}],"curies":[{"name":"wp","href":"https:\/\/api.w.org\/{rel}","templated":true}]}}