{"id":8813,"date":"2011-06-06T00:00:00","date_gmt":"2011-06-06T00:00:00","guid":{"rendered":"https:\/\/www.absolicon.com\/absolicon-vann-intersolar-award\/"},"modified":"2020-07-21T08:26:19","modified_gmt":"2020-07-21T08:26:19","slug":"absolicon-vann-intersolar-award","status":"publish","type":"post","link":"https:\/\/www.agma.com\/sv\/absolicon-vann-intersolar-award\/","title":{"rendered":"Absolicon vann Intersolar Award!"},"content":{"rendered":"<p>[ingress]Det svenska f\u00f6retaget Absolicon har tilldelats Intersolar Award, solenergibranschens egen Oscar. Det prestigefyllda priset delades ut i M\u00fcnchen p\u00e5 v\u00e4rldens st\u00f6rsta solenergim\u00e4ssa, Intersolar Europe. Joakim Bystr\u00f6m och P\u00e4r Thomaeus fanns p\u00e5 plats f\u00f6r att ta emot det prestigefyllda priset.[\/ingress]<\/p>\n<p>\u2013 Vi har arbetat h\u00e5rt under m\u00e5nga \u00e5r, detta \u00e4r v\u00e5rt internationella genombrott, s\u00e4ger Joakim Bystr\u00f6m.<\/p>\n<p>H\u00e4rn\u00f6sandsf\u00f6retaget fanns p\u00e5 plats med egen monter p\u00e5 m\u00e4ssan som har n\u00e4ra 80 000 bes\u00f6kare. Priset delades ut vid en ceremoni som kallats solenergibranschens egen Oscar gala. Utm\u00e4rkelsen delas ut inom tre kategorier och uppm\u00e4rksammar banbrytande produkter inom solenergiindustrin.<\/p>\n<p>\u2013 Vi blev mycket hedrade n\u00e4r vi fick reda p\u00e5 att vi var nominerade. Att vinna priset h\u00e4r p\u00e5 plats k\u00e4nns fantastiskt och vi har f\u00e5tt stor uppm\u00e4rksamhet f\u00f6r v\u00e5r unika solf\u00e5ngare, s\u00e4ger Joakim Bystr\u00f6m.<\/p>\n<p>Solf\u00e5ngaren genererar b\u00e5de el och solv\u00e4rme samtidigt och \u00e4r utvecklad f\u00f6r stora byggnader som hotell, sjukhus och industrier \u2013 en marknad som v\u00e4xer snabbt i Europa och \u00f6vriga v\u00e4rlden.<\/p>\n<p>\u2013 Bes\u00f6karna h\u00e4r p\u00e5 Intersolar \u00e4r i stor utstr\u00e4ckning installationsf\u00f6retag som s\u00f6ker nya produkter. Vi kan erbjuda n\u00e4sta generations solenergiprodukter som koncentrerar solljuset och vi har f\u00e5tt ett fantastiskt gensvar, s\u00e4ger Joakim Bystr\u00f6m.<\/p>\n<p>&nbsp;<\/p>\n<p><iframe src=\"https:\/\/www.youtube.com\/embed\/OhRba_hl8NE\" frameborder=\"0\" width=\"560\" height=\"315\"><\/iframe><br \/>\nFilm fr\u00e5n prisutdelningen med fina klipp fr\u00e5n Absolicon 2 minuter in.<br \/>\n<a href=\"https:\/\/www.youtube.com\/watch?v=OhRba_hl8NE\" target=\"_blank\" rel=\"noopener noreferrer\">https:\/\/www.youtube.com\/watch?v=OhRba_hl8NE<\/a><\/p>\n<p><iframe src=\"https:\/\/www.youtube.com\/embed\/g8LFfCN73rE\" frameborder=\"0\" width=\"560\" height=\"315\"><\/iframe><br \/>\nFilm med Patrick Dempsey och intervju med P\u00e4r Thomaeus 3 min in i filmen<br \/>\n<a href=\"https:\/\/www.youtube.com\/watch?v=g8LFfCN73rE\" target=\"_blank\" rel=\"noopener noreferrer\">https:\/\/www.youtube.com\/watch?v=g8LFfCN73rE<\/a><\/p>\n<p>&nbsp;<\/p>\n<p style=\"text-align: right;\">&nbsp;<em>Publicerad 2011-06-06<\/em><\/p>\n","protected":false},"excerpt":{"rendered":"<p>[ingress]Det svenska f\u00f6retaget Absolicon har tilldelats Intersolar Award, solenergibranschens egen Oscar. Det prestigefyllda priset delades ut i M\u00fcnchen p\u00e5 v\u00e4rldens st\u00f6rsta solenergim\u00e4ssa, Intersolar Europe. Joakim Bystr\u00f6m och P\u00e4r Thomaeus fanns p\u00e5 plats f\u00f6r att ta emot det prestigefyllda priset.[\/ingress] \u2013 Vi har arbetat h\u00e5rt under m\u00e5nga \u00e5r, detta \u00e4r v\u00e5rt internationella genombrott, s\u00e4ger Joakim Bystr\u00f6m. [&hellip;]<\/p>\n","protected":false},"author":1,"featured_media":9325,"comment_status":"open","ping_status":"open","sticky":false,"template":"","format":"standard","meta":{"_acf_changed":false,"footnotes":""},"categories":[2],"tags":[],"class_list":["post-8813","post","type-post","status-publish","format-standard","has-post-thumbnail","hentry","category-okategoriserad"],"acf":[],"yoast_head":"<!-- This site is optimized with the Yoast SEO plugin v27.4 - https:\/\/yoast.com\/product\/yoast-seo-wordpress\/ -->\n<title>Absolicon vann Intersolar Award! - Absolicon<\/title>\n<meta name=\"robots\" content=\"index, follow, max-snippet:-1, max-image-preview:large, max-video-preview:-1\" \/>\n<link rel=\"canonical\" href=\"https:\/\/www.agma.com\/sv\/absolicon-vann-intersolar-award\/\" \/>\n<meta property=\"og:locale\" content=\"sv_SE\" \/>\n<meta property=\"og:type\" content=\"article\" \/>\n<meta property=\"og:title\" content=\"Absolicon vann Intersolar Award! - Absolicon\" \/>\n<meta property=\"og:description\" content=\"[ingress]Det svenska f\u00f6retaget Absolicon har tilldelats Intersolar Award, solenergibranschens egen Oscar. Det prestigefyllda priset delades ut i M\u00fcnchen p\u00e5 v\u00e4rldens st\u00f6rsta solenergim\u00e4ssa, Intersolar Europe. Joakim Bystr\u00f6m och P\u00e4r Thomaeus fanns p\u00e5 plats f\u00f6r att ta emot det prestigefyllda priset.[\/ingress] \u2013 Vi har arbetat h\u00e5rt under m\u00e5nga \u00e5r, detta \u00e4r v\u00e5rt internationella genombrott, s\u00e4ger Joakim Bystr\u00f6m. [&hellip;]\" \/>\n<meta property=\"og:url\" content=\"https:\/\/www.agma.com\/sv\/absolicon-vann-intersolar-award\/\" \/>\n<meta property=\"og:site_name\" content=\"Absolicon\" \/>\n<meta property=\"article:published_time\" content=\"2011-06-06T00:00:00+00:00\" \/>\n<meta property=\"article:modified_time\" content=\"2020-07-21T08:26:19+00:00\" \/>\n<meta property=\"og:image\" content=\"https:\/\/www.agma.com\/wp-content\/uploads\/2020\/07\/df105033850d15fdb7c78de253f82b.jpg\" \/>\n\t<meta property=\"og:image:width\" content=\"720\" \/>\n\t<meta property=\"og:image:height\" content=\"250\" \/>\n\t<meta property=\"og:image:type\" content=\"image\/jpeg\" \/>\n<meta name=\"author\" content=\"jakubschenk\" \/>\n<meta name=\"twitter:card\" content=\"summary_large_image\" \/>\n<meta name=\"twitter:label1\" content=\"Skriven av\" \/>\n\t<meta name=\"twitter:data1\" content=\"jakubschenk\" \/>\n<script type=\"application\/ld+json\" class=\"yoast-schema-graph\">{\"@context\":\"https:\\\/\\\/schema.org\",\"@graph\":[{\"@type\":\"Article\",\"@id\":\"https:\\\/\\\/www.agma.com\\\/sv\\\/absolicon-vann-intersolar-award\\\/#article\",\"isPartOf\":{\"@id\":\"https:\\\/\\\/www.agma.com\\\/sv\\\/absolicon-vann-intersolar-award\\\/\"},\"author\":{\"name\":\"jakubschenk\",\"@id\":\"https:\\\/\\\/www.agma.com\\\/sv\\\/#\\\/schema\\\/person\\\/6820b3ce1cc37edbaecc979090760d8b\"},\"headline\":\"Absolicon vann Intersolar Award!\",\"datePublished\":\"2011-06-06T00:00:00+00:00\",\"dateModified\":\"2020-07-21T08:26:19+00:00\",\"mainEntityOfPage\":{\"@id\":\"https:\\\/\\\/www.agma.com\\\/sv\\\/absolicon-vann-intersolar-award\\\/\"},\"wordCount\":287,\"commentCount\":0,\"publisher\":{\"@id\":\"https:\\\/\\\/www.agma.com\\\/sv\\\/#organization\"},\"image\":{\"@id\":\"https:\\\/\\\/www.agma.com\\\/sv\\\/absolicon-vann-intersolar-award\\\/#primaryimage\"},\"thumbnailUrl\":\"https:\\\/\\\/www.agma.com\\\/wp-content\\\/uploads\\\/2020\\\/07\\\/df105033850d15fdb7c78de253f82b.jpg\",\"articleSection\":[\"Okategoriserad\"],\"inLanguage\":\"sv-SE\",\"potentialAction\":[{\"@type\":\"CommentAction\",\"name\":\"Comment\",\"target\":[\"https:\\\/\\\/www.agma.com\\\/sv\\\/absolicon-vann-intersolar-award\\\/#respond\"]}]},{\"@type\":\"WebPage\",\"@id\":\"https:\\\/\\\/www.agma.com\\\/sv\\\/absolicon-vann-intersolar-award\\\/\",\"url\":\"https:\\\/\\\/www.agma.com\\\/sv\\\/absolicon-vann-intersolar-award\\\/\",\"name\":\"Absolicon vann Intersolar Award! - Absolicon\",\"isPartOf\":{\"@id\":\"https:\\\/\\\/www.agma.com\\\/sv\\\/#website\"},\"primaryImageOfPage\":{\"@id\":\"https:\\\/\\\/www.agma.com\\\/sv\\\/absolicon-vann-intersolar-award\\\/#primaryimage\"},\"image\":{\"@id\":\"https:\\\/\\\/www.agma.com\\\/sv\\\/absolicon-vann-intersolar-award\\\/#primaryimage\"},\"thumbnailUrl\":\"https:\\\/\\\/www.agma.com\\\/wp-content\\\/uploads\\\/2020\\\/07\\\/df105033850d15fdb7c78de253f82b.jpg\",\"datePublished\":\"2011-06-06T00:00:00+00:00\",\"dateModified\":\"2020-07-21T08:26:19+00:00\",\"breadcrumb\":{\"@id\":\"https:\\\/\\\/www.agma.com\\\/sv\\\/absolicon-vann-intersolar-award\\\/#breadcrumb\"},\"inLanguage\":\"sv-SE\",\"potentialAction\":[{\"@type\":\"ReadAction\",\"target\":[\"https:\\\/\\\/www.agma.com\\\/sv\\\/absolicon-vann-intersolar-award\\\/\"]}]},{\"@type\":\"ImageObject\",\"inLanguage\":\"sv-SE\",\"@id\":\"https:\\\/\\\/www.agma.com\\\/sv\\\/absolicon-vann-intersolar-award\\\/#primaryimage\",\"url\":\"https:\\\/\\\/www.agma.com\\\/wp-content\\\/uploads\\\/2020\\\/07\\\/df105033850d15fdb7c78de253f82b.jpg\",\"contentUrl\":\"https:\\\/\\\/www.agma.com\\\/wp-content\\\/uploads\\\/2020\\\/07\\\/df105033850d15fdb7c78de253f82b.jpg\",\"width\":720,\"height\":250},{\"@type\":\"BreadcrumbList\",\"@id\":\"https:\\\/\\\/www.agma.com\\\/sv\\\/absolicon-vann-intersolar-award\\\/#breadcrumb\",\"itemListElement\":[{\"@type\":\"ListItem\",\"position\":1,\"name\":\"Home\",\"item\":\"https:\\\/\\\/www.agma.com\\\/sv\\\/\"},{\"@type\":\"ListItem\",\"position\":2,\"name\":\"Absolicon vann Intersolar Award!\"}]},{\"@type\":\"WebSite\",\"@id\":\"https:\\\/\\\/www.agma.com\\\/sv\\\/#website\",\"url\":\"https:\\\/\\\/www.agma.com\\\/sv\\\/\",\"name\":\"Absolicon\",\"description\":\"\",\"publisher\":{\"@id\":\"https:\\\/\\\/www.agma.com\\\/sv\\\/#organization\"},\"potentialAction\":[{\"@type\":\"SearchAction\",\"target\":{\"@type\":\"EntryPoint\",\"urlTemplate\":\"https:\\\/\\\/www.agma.com\\\/sv\\\/?s={search_term_string}\"},\"query-input\":{\"@type\":\"PropertyValueSpecification\",\"valueRequired\":true,\"valueName\":\"search_term_string\"}}],\"inLanguage\":\"sv-SE\"},{\"@type\":\"Organization\",\"@id\":\"https:\\\/\\\/www.agma.com\\\/sv\\\/#organization\",\"name\":\"Absolicon\",\"url\":\"https:\\\/\\\/www.agma.com\\\/sv\\\/\",\"logo\":{\"@type\":\"ImageObject\",\"inLanguage\":\"sv-SE\",\"@id\":\"https:\\\/\\\/www.agma.com\\\/sv\\\/#\\\/schema\\\/logo\\\/image\\\/\",\"url\":\"https:\\\/\\\/www.agma.com\\\/wp-content\\\/uploads\\\/2026\\\/04\\\/logotype_neg_blk.svg\",\"contentUrl\":\"https:\\\/\\\/www.agma.com\\\/wp-content\\\/uploads\\\/2026\\\/04\\\/logotype_neg_blk.svg\",\"width\":705,\"height\":83,\"caption\":\"Absolicon\"},\"image\":{\"@id\":\"https:\\\/\\\/www.agma.com\\\/sv\\\/#\\\/schema\\\/logo\\\/image\\\/\"}},{\"@type\":\"Person\",\"@id\":\"https:\\\/\\\/www.agma.com\\\/sv\\\/#\\\/schema\\\/person\\\/6820b3ce1cc37edbaecc979090760d8b\",\"name\":\"jakubschenk\",\"image\":{\"@type\":\"ImageObject\",\"inLanguage\":\"sv-SE\",\"@id\":\"https:\\\/\\\/secure.gravatar.com\\\/avatar\\\/0ab843002d4a58702560e02354e5f9a3206e13bbfaa9df5a188e463870f605cd?s=96&d=mm&r=g\",\"url\":\"https:\\\/\\\/secure.gravatar.com\\\/avatar\\\/0ab843002d4a58702560e02354e5f9a3206e13bbfaa9df5a188e463870f605cd?s=96&d=mm&r=g\",\"contentUrl\":\"https:\\\/\\\/secure.gravatar.com\\\/avatar\\\/0ab843002d4a58702560e02354e5f9a3206e13bbfaa9df5a188e463870f605cd?s=96&d=mm&r=g\",\"caption\":\"jakubschenk\"},\"sameAs\":[\"https:\\\/\\\/www.agma.com\"],\"url\":\"https:\\\/\\\/www.agma.com\\\/sv\\\/author\\\/jakubschenk\\\/\"}]}<\/script>\n<!-- \/ Yoast SEO plugin. -->","yoast_head_json":{"title":"Absolicon vann Intersolar Award! - Absolicon","robots":{"index":"index","follow":"follow","max-snippet":"max-snippet:-1","max-image-preview":"max-image-preview:large","max-video-preview":"max-video-preview:-1"},"canonical":"https:\/\/www.agma.com\/sv\/absolicon-vann-intersolar-award\/","og_locale":"sv_SE","og_type":"article","og_title":"Absolicon vann Intersolar Award! - Absolicon","og_description":"[ingress]Det svenska f\u00f6retaget Absolicon har tilldelats Intersolar Award, solenergibranschens egen Oscar. Det prestigefyllda priset delades ut i M\u00fcnchen p\u00e5 v\u00e4rldens st\u00f6rsta solenergim\u00e4ssa, Intersolar Europe. Joakim Bystr\u00f6m och P\u00e4r Thomaeus fanns p\u00e5 plats f\u00f6r att ta emot det prestigefyllda priset.[\/ingress] \u2013 Vi har arbetat h\u00e5rt under m\u00e5nga \u00e5r, detta \u00e4r v\u00e5rt internationella genombrott, s\u00e4ger Joakim Bystr\u00f6m. [&hellip;]","og_url":"https:\/\/www.agma.com\/sv\/absolicon-vann-intersolar-award\/","og_site_name":"Absolicon","article_published_time":"2011-06-06T00:00:00+00:00","article_modified_time":"2020-07-21T08:26:19+00:00","og_image":[{"width":720,"height":250,"url":"https:\/\/www.agma.com\/wp-content\/uploads\/2020\/07\/df105033850d15fdb7c78de253f82b.jpg","type":"image\/jpeg"}],"author":"jakubschenk","twitter_card":"summary_large_image","twitter_misc":{"Skriven av":"jakubschenk"},"schema":{"@context":"https:\/\/schema.org","@graph":[{"@type":"Article","@id":"https:\/\/www.agma.com\/sv\/absolicon-vann-intersolar-award\/#article","isPartOf":{"@id":"https:\/\/www.agma.com\/sv\/absolicon-vann-intersolar-award\/"},"author":{"name":"jakubschenk","@id":"https:\/\/www.agma.com\/sv\/#\/schema\/person\/6820b3ce1cc37edbaecc979090760d8b"},"headline":"Absolicon vann Intersolar Award!","datePublished":"2011-06-06T00:00:00+00:00","dateModified":"2020-07-21T08:26:19+00:00","mainEntityOfPage":{"@id":"https:\/\/www.agma.com\/sv\/absolicon-vann-intersolar-award\/"},"wordCount":287,"commentCount":0,"publisher":{"@id":"https:\/\/www.agma.com\/sv\/#organization"},"image":{"@id":"https:\/\/www.agma.com\/sv\/absolicon-vann-intersolar-award\/#primaryimage"},"thumbnailUrl":"https:\/\/www.agma.com\/wp-content\/uploads\/2020\/07\/df105033850d15fdb7c78de253f82b.jpg","articleSection":["Okategoriserad"],"inLanguage":"sv-SE","potentialAction":[{"@type":"CommentAction","name":"Comment","target":["https:\/\/www.agma.com\/sv\/absolicon-vann-intersolar-award\/#respond"]}]},{"@type":"WebPage","@id":"https:\/\/www.agma.com\/sv\/absolicon-vann-intersolar-award\/","url":"https:\/\/www.agma.com\/sv\/absolicon-vann-intersolar-award\/","name":"Absolicon vann Intersolar Award! - Absolicon","isPartOf":{"@id":"https:\/\/www.agma.com\/sv\/#website"},"primaryImageOfPage":{"@id":"https:\/\/www.agma.com\/sv\/absolicon-vann-intersolar-award\/#primaryimage"},"image":{"@id":"https:\/\/www.agma.com\/sv\/absolicon-vann-intersolar-award\/#primaryimage"},"thumbnailUrl":"https:\/\/www.agma.com\/wp-content\/uploads\/2020\/07\/df105033850d15fdb7c78de253f82b.jpg","datePublished":"2011-06-06T00:00:00+00:00","dateModified":"2020-07-21T08:26:19+00:00","breadcrumb":{"@id":"https:\/\/www.agma.com\/sv\/absolicon-vann-intersolar-award\/#breadcrumb"},"inLanguage":"sv-SE","potentialAction":[{"@type":"ReadAction","target":["https:\/\/www.agma.com\/sv\/absolicon-vann-intersolar-award\/"]}]},{"@type":"ImageObject","inLanguage":"sv-SE","@id":"https:\/\/www.agma.com\/sv\/absolicon-vann-intersolar-award\/#primaryimage","url":"https:\/\/www.agma.com\/wp-content\/uploads\/2020\/07\/df105033850d15fdb7c78de253f82b.jpg","contentUrl":"https:\/\/www.agma.com\/wp-content\/uploads\/2020\/07\/df105033850d15fdb7c78de253f82b.jpg","width":720,"height":250},{"@type":"BreadcrumbList","@id":"https:\/\/www.agma.com\/sv\/absolicon-vann-intersolar-award\/#breadcrumb","itemListElement":[{"@type":"ListItem","position":1,"name":"Home","item":"https:\/\/www.agma.com\/sv\/"},{"@type":"ListItem","position":2,"name":"Absolicon vann Intersolar Award!"}]},{"@type":"WebSite","@id":"https:\/\/www.agma.com\/sv\/#website","url":"https:\/\/www.agma.com\/sv\/","name":"Absolicon","description":"","publisher":{"@id":"https:\/\/www.agma.com\/sv\/#organization"},"potentialAction":[{"@type":"SearchAction","target":{"@type":"EntryPoint","urlTemplate":"https:\/\/www.agma.com\/sv\/?s={search_term_string}"},"query-input":{"@type":"PropertyValueSpecification","valueRequired":true,"valueName":"search_term_string"}}],"inLanguage":"sv-SE"},{"@type":"Organization","@id":"https:\/\/www.agma.com\/sv\/#organization","name":"Absolicon","url":"https:\/\/www.agma.com\/sv\/","logo":{"@type":"ImageObject","inLanguage":"sv-SE","@id":"https:\/\/www.agma.com\/sv\/#\/schema\/logo\/image\/","url":"https:\/\/www.agma.com\/wp-content\/uploads\/2026\/04\/logotype_neg_blk.svg","contentUrl":"https:\/\/www.agma.com\/wp-content\/uploads\/2026\/04\/logotype_neg_blk.svg","width":705,"height":83,"caption":"Absolicon"},"image":{"@id":"https:\/\/www.agma.com\/sv\/#\/schema\/logo\/image\/"}},{"@type":"Person","@id":"https:\/\/www.agma.com\/sv\/#\/schema\/person\/6820b3ce1cc37edbaecc979090760d8b","name":"jakubschenk","image":{"@type":"ImageObject","inLanguage":"sv-SE","@id":"https:\/\/secure.gravatar.com\/avatar\/0ab843002d4a58702560e02354e5f9a3206e13bbfaa9df5a188e463870f605cd?s=96&d=mm&r=g","url":"https:\/\/secure.gravatar.com\/avatar\/0ab843002d4a58702560e02354e5f9a3206e13bbfaa9df5a188e463870f605cd?s=96&d=mm&r=g","contentUrl":"https:\/\/secure.gravatar.com\/avatar\/0ab843002d4a58702560e02354e5f9a3206e13bbfaa9df5a188e463870f605cd?s=96&d=mm&r=g","caption":"jakubschenk"},"sameAs":["https:\/\/www.agma.com"],"url":"https:\/\/www.agma.com\/sv\/author\/jakubschenk\/"}]}},"_links":{"self":[{"href":"https:\/\/www.agma.com\/sv\/wp-json\/wp\/v2\/posts\/8813","targetHints":{"allow":["GET"]}}],"collection":[{"href":"https:\/\/www.agma.com\/sv\/wp-json\/wp\/v2\/posts"}],"about":[{"href":"https:\/\/www.agma.com\/sv\/wp-json\/wp\/v2\/types\/post"}],"author":[{"embeddable":true,"href":"https:\/\/www.agma.com\/sv\/wp-json\/wp\/v2\/users\/1"}],"replies":[{"embeddable":true,"href":"https:\/\/www.agma.com\/sv\/wp-json\/wp\/v2\/comments?post=8813"}],"version-history":[{"count":1,"href":"https:\/\/www.agma.com\/sv\/wp-json\/wp\/v2\/posts\/8813\/revisions"}],"predecessor-version":[{"id":9328,"href":"https:\/\/www.agma.com\/sv\/wp-json\/wp\/v2\/posts\/8813\/revisions\/9328"}],"wp:featuredmedia":[{"embeddable":true,"href":"https:\/\/www.agma.com\/sv\/wp-json\/wp\/v2\/media\/9325"}],"wp:attachment":[{"href":"https:\/\/www.agma.com\/sv\/wp-json\/wp\/v2\/media?parent=8813"}],"wp:term":[{"taxonomy":"category","embeddable":true,"href":"https:\/\/www.agma.com\/sv\/wp-json\/wp\/v2\/categories?post=8813"},{"taxonomy":"post_tag","embeddable":true,"href":"https:\/\/www.agma.com\/sv\/wp-json\/wp\/v2\/tags?post=8813"}],"curies":[{"name":"wp","href":"https:\/\/api.w.org\/{rel}","templated":true}]}}