{"id":8814,"date":"2011-06-03T00:00:00","date_gmt":"2011-06-03T00:00:00","guid":{"rendered":"https:\/\/www.absolicon.com\/forsta-solkraftverket-for-fjarrvarme-och-el\/"},"modified":"2020-07-21T08:27:03","modified_gmt":"2020-07-21T08:27:03","slug":"forsta-solkraftverket-for-fjarrvarme-och-el","status":"publish","type":"post","link":"https:\/\/www.agma.com\/sv\/forsta-solkraftverket-for-fjarrvarme-och-el\/","title":{"rendered":"F\u00f6rsta solkraftverket f\u00f6r fj\u00e4rrv\u00e4rme och el"},"content":{"rendered":"<p>[ingress]V\u00e4lkommen till H\u00e4rn\u00f6sands Energipark! H\u00e4r finns Sveriges f\u00f6rsta solkraftverk f\u00f6r el och v\u00e4rme som kopplats in p\u00e5 det lokala fj\u00e4rrv\u00e4rmen\u00e4tet.[\/ingress]<\/p>\n<p>Anl\u00e4ggningen med solf\u00e5ngare fr\u00e5n Absolicon genererar v\u00e4rme till fj\u00e4rrv\u00e4rmen\u00e4tet och el till eln\u00e4tet direkt fr\u00e5n solen. Genom satsningen kan det kommunala energibolaget erbjuda kunderna milj\u00f6v\u00e4nlig energi, samtidigt som ny milj\u00f6teknik f\u00e5r en naturlig visningsplats.<\/p>\n<p>Vi \u00e4r stolta \u00f6ver att ha f\u00e4rdigst\u00e4llt detta solkraftverk som kommer att generera milj\u00f6v\u00e4nlig v\u00e4rme och el till H\u00e4rn\u00f6sandsborna, s\u00e4ger Joakim Bystr\u00f6m, Absolicon.<\/p>\n<p>Anl\u00e4ggningen med 20 solf\u00e5ngare genererar v\u00e4rme till fj\u00e4rrv\u00e4rmen\u00e4tet och el till eln\u00e4tet direkt fr\u00e5n solen. K\u00f6paren \u00e4r det kommunala energibolaget H\u00e4rn\u00f6sand Energi &amp; Milj\u00f6 (Hemab) som nu kan erbjuda sina kunder milj\u00f6v\u00e4nlig energi. F\u00e4ltet med so\u00e5ngare har installerats intill energibolaget huvudkontor.<\/p>\n<p>Installationen \u00e4r markmonterad och en del av energibolagets satsning p\u00e5 sm\u00e5skalig energiteknik.<\/p>\n<p>\u2013 Vi vill bidra till utvecklingen inom f\u00f6rnybar sm\u00e5skalig el-och v\u00e4rmeproduktion, f\u00f6rklarar projektledare P\u00e4r Marklund, Hemab.<\/p>\n<p>F\u00f6rutom f\u00e4ltet med Absolicons solf\u00e5ngare finns ett minivindkraftverk, samt solf\u00f6ljande solceller. Till Energiparken h\u00f6r ocks\u00e5 ett v\u00e4lbes\u00f6kt visningsrum d\u00e4r b\u00e5de skolklasser och g\u00e4ster fr\u00e5n utlandet f\u00e5r l\u00e4ra mer om framtidens teknik. Den officiella invigningen \u00e4gde rum 13 juni.<\/p>\n<p>&nbsp;<\/p>\n<p style=\"text-align: right;\">&nbsp;<em>Publicerad 2011-06-03<\/em><\/p>\n","protected":false},"excerpt":{"rendered":"<p>[ingress]V\u00e4lkommen till H\u00e4rn\u00f6sands Energipark! H\u00e4r finns Sveriges f\u00f6rsta solkraftverk f\u00f6r el och v\u00e4rme som kopplats in p\u00e5 det lokala fj\u00e4rrv\u00e4rmen\u00e4tet.[\/ingress] Anl\u00e4ggningen med solf\u00e5ngare fr\u00e5n Absolicon genererar v\u00e4rme till fj\u00e4rrv\u00e4rmen\u00e4tet och el till eln\u00e4tet direkt fr\u00e5n solen. Genom satsningen kan det kommunala energibolaget erbjuda kunderna milj\u00f6v\u00e4nlig energi, samtidigt som ny milj\u00f6teknik f\u00e5r en naturlig visningsplats. Vi [&hellip;]<\/p>\n","protected":false},"author":1,"featured_media":9329,"comment_status":"open","ping_status":"open","sticky":false,"template":"","format":"standard","meta":{"_acf_changed":false,"footnotes":""},"categories":[2],"tags":[],"class_list":["post-8814","post","type-post","status-publish","format-standard","has-post-thumbnail","hentry","category-okategoriserad"],"acf":[],"yoast_head":"<!-- This site is optimized with the Yoast SEO plugin v27.4 - https:\/\/yoast.com\/product\/yoast-seo-wordpress\/ -->\n<title>F\u00f6rsta solkraftverket f\u00f6r fj\u00e4rrv\u00e4rme och el - Absolicon<\/title>\n<meta name=\"robots\" content=\"index, follow, max-snippet:-1, max-image-preview:large, max-video-preview:-1\" \/>\n<link rel=\"canonical\" href=\"https:\/\/www.agma.com\/sv\/forsta-solkraftverket-for-fjarrvarme-och-el\/\" \/>\n<meta property=\"og:locale\" content=\"sv_SE\" \/>\n<meta property=\"og:type\" content=\"article\" \/>\n<meta property=\"og:title\" content=\"F\u00f6rsta solkraftverket f\u00f6r fj\u00e4rrv\u00e4rme och el - Absolicon\" \/>\n<meta property=\"og:description\" content=\"[ingress]V\u00e4lkommen till H\u00e4rn\u00f6sands Energipark! H\u00e4r finns Sveriges f\u00f6rsta solkraftverk f\u00f6r el och v\u00e4rme som kopplats in p\u00e5 det lokala fj\u00e4rrv\u00e4rmen\u00e4tet.[\/ingress] Anl\u00e4ggningen med solf\u00e5ngare fr\u00e5n Absolicon genererar v\u00e4rme till fj\u00e4rrv\u00e4rmen\u00e4tet och el till eln\u00e4tet direkt fr\u00e5n solen. Genom satsningen kan det kommunala energibolaget erbjuda kunderna milj\u00f6v\u00e4nlig energi, samtidigt som ny milj\u00f6teknik f\u00e5r en naturlig visningsplats. Vi [&hellip;]\" \/>\n<meta property=\"og:url\" content=\"https:\/\/www.agma.com\/sv\/forsta-solkraftverket-for-fjarrvarme-och-el\/\" \/>\n<meta property=\"og:site_name\" content=\"Absolicon\" \/>\n<meta property=\"article:published_time\" content=\"2011-06-03T00:00:00+00:00\" \/>\n<meta property=\"article:modified_time\" content=\"2020-07-21T08:27:03+00:00\" \/>\n<meta property=\"og:image\" content=\"https:\/\/www.agma.com\/wp-content\/uploads\/2020\/07\/d082f02950542fa90668ebde79267e.jpg\" \/>\n\t<meta property=\"og:image:width\" content=\"720\" \/>\n\t<meta property=\"og:image:height\" content=\"250\" \/>\n\t<meta property=\"og:image:type\" content=\"image\/jpeg\" \/>\n<meta name=\"author\" content=\"jakubschenk\" \/>\n<meta name=\"twitter:card\" content=\"summary_large_image\" \/>\n<meta name=\"twitter:label1\" content=\"Skriven av\" \/>\n\t<meta name=\"twitter:data1\" content=\"jakubschenk\" \/>\n<script type=\"application\/ld+json\" class=\"yoast-schema-graph\">{\"@context\":\"https:\\\/\\\/schema.org\",\"@graph\":[{\"@type\":\"Article\",\"@id\":\"https:\\\/\\\/www.agma.com\\\/sv\\\/forsta-solkraftverket-for-fjarrvarme-och-el\\\/#article\",\"isPartOf\":{\"@id\":\"https:\\\/\\\/www.agma.com\\\/sv\\\/forsta-solkraftverket-for-fjarrvarme-och-el\\\/\"},\"author\":{\"name\":\"jakubschenk\",\"@id\":\"https:\\\/\\\/www.agma.com\\\/sv\\\/#\\\/schema\\\/person\\\/6820b3ce1cc37edbaecc979090760d8b\"},\"headline\":\"F\u00f6rsta solkraftverket f\u00f6r fj\u00e4rrv\u00e4rme och el\",\"datePublished\":\"2011-06-03T00:00:00+00:00\",\"dateModified\":\"2020-07-21T08:27:03+00:00\",\"mainEntityOfPage\":{\"@id\":\"https:\\\/\\\/www.agma.com\\\/sv\\\/forsta-solkraftverket-for-fjarrvarme-och-el\\\/\"},\"wordCount\":264,\"commentCount\":0,\"publisher\":{\"@id\":\"https:\\\/\\\/www.agma.com\\\/sv\\\/#organization\"},\"image\":{\"@id\":\"https:\\\/\\\/www.agma.com\\\/sv\\\/forsta-solkraftverket-for-fjarrvarme-och-el\\\/#primaryimage\"},\"thumbnailUrl\":\"https:\\\/\\\/www.agma.com\\\/wp-content\\\/uploads\\\/2020\\\/07\\\/d082f02950542fa90668ebde79267e.jpg\",\"articleSection\":[\"Okategoriserad\"],\"inLanguage\":\"sv-SE\",\"potentialAction\":[{\"@type\":\"CommentAction\",\"name\":\"Comment\",\"target\":[\"https:\\\/\\\/www.agma.com\\\/sv\\\/forsta-solkraftverket-for-fjarrvarme-och-el\\\/#respond\"]}]},{\"@type\":\"WebPage\",\"@id\":\"https:\\\/\\\/www.agma.com\\\/sv\\\/forsta-solkraftverket-for-fjarrvarme-och-el\\\/\",\"url\":\"https:\\\/\\\/www.agma.com\\\/sv\\\/forsta-solkraftverket-for-fjarrvarme-och-el\\\/\",\"name\":\"F\u00f6rsta solkraftverket f\u00f6r fj\u00e4rrv\u00e4rme och el - Absolicon\",\"isPartOf\":{\"@id\":\"https:\\\/\\\/www.agma.com\\\/sv\\\/#website\"},\"primaryImageOfPage\":{\"@id\":\"https:\\\/\\\/www.agma.com\\\/sv\\\/forsta-solkraftverket-for-fjarrvarme-och-el\\\/#primaryimage\"},\"image\":{\"@id\":\"https:\\\/\\\/www.agma.com\\\/sv\\\/forsta-solkraftverket-for-fjarrvarme-och-el\\\/#primaryimage\"},\"thumbnailUrl\":\"https:\\\/\\\/www.agma.com\\\/wp-content\\\/uploads\\\/2020\\\/07\\\/d082f02950542fa90668ebde79267e.jpg\",\"datePublished\":\"2011-06-03T00:00:00+00:00\",\"dateModified\":\"2020-07-21T08:27:03+00:00\",\"breadcrumb\":{\"@id\":\"https:\\\/\\\/www.agma.com\\\/sv\\\/forsta-solkraftverket-for-fjarrvarme-och-el\\\/#breadcrumb\"},\"inLanguage\":\"sv-SE\",\"potentialAction\":[{\"@type\":\"ReadAction\",\"target\":[\"https:\\\/\\\/www.agma.com\\\/sv\\\/forsta-solkraftverket-for-fjarrvarme-och-el\\\/\"]}]},{\"@type\":\"ImageObject\",\"inLanguage\":\"sv-SE\",\"@id\":\"https:\\\/\\\/www.agma.com\\\/sv\\\/forsta-solkraftverket-for-fjarrvarme-och-el\\\/#primaryimage\",\"url\":\"https:\\\/\\\/www.agma.com\\\/wp-content\\\/uploads\\\/2020\\\/07\\\/d082f02950542fa90668ebde79267e.jpg\",\"contentUrl\":\"https:\\\/\\\/www.agma.com\\\/wp-content\\\/uploads\\\/2020\\\/07\\\/d082f02950542fa90668ebde79267e.jpg\",\"width\":720,\"height\":250},{\"@type\":\"BreadcrumbList\",\"@id\":\"https:\\\/\\\/www.agma.com\\\/sv\\\/forsta-solkraftverket-for-fjarrvarme-och-el\\\/#breadcrumb\",\"itemListElement\":[{\"@type\":\"ListItem\",\"position\":1,\"name\":\"Home\",\"item\":\"https:\\\/\\\/www.agma.com\\\/sv\\\/\"},{\"@type\":\"ListItem\",\"position\":2,\"name\":\"F\u00f6rsta solkraftverket f\u00f6r fj\u00e4rrv\u00e4rme och el\"}]},{\"@type\":\"WebSite\",\"@id\":\"https:\\\/\\\/www.agma.com\\\/sv\\\/#website\",\"url\":\"https:\\\/\\\/www.agma.com\\\/sv\\\/\",\"name\":\"Absolicon\",\"description\":\"\",\"publisher\":{\"@id\":\"https:\\\/\\\/www.agma.com\\\/sv\\\/#organization\"},\"potentialAction\":[{\"@type\":\"SearchAction\",\"target\":{\"@type\":\"EntryPoint\",\"urlTemplate\":\"https:\\\/\\\/www.agma.com\\\/sv\\\/?s={search_term_string}\"},\"query-input\":{\"@type\":\"PropertyValueSpecification\",\"valueRequired\":true,\"valueName\":\"search_term_string\"}}],\"inLanguage\":\"sv-SE\"},{\"@type\":\"Organization\",\"@id\":\"https:\\\/\\\/www.agma.com\\\/sv\\\/#organization\",\"name\":\"Absolicon\",\"url\":\"https:\\\/\\\/www.agma.com\\\/sv\\\/\",\"logo\":{\"@type\":\"ImageObject\",\"inLanguage\":\"sv-SE\",\"@id\":\"https:\\\/\\\/www.agma.com\\\/sv\\\/#\\\/schema\\\/logo\\\/image\\\/\",\"url\":\"https:\\\/\\\/www.agma.com\\\/wp-content\\\/uploads\\\/2026\\\/04\\\/logotype_neg_blk.svg\",\"contentUrl\":\"https:\\\/\\\/www.agma.com\\\/wp-content\\\/uploads\\\/2026\\\/04\\\/logotype_neg_blk.svg\",\"width\":705,\"height\":83,\"caption\":\"Absolicon\"},\"image\":{\"@id\":\"https:\\\/\\\/www.agma.com\\\/sv\\\/#\\\/schema\\\/logo\\\/image\\\/\"}},{\"@type\":\"Person\",\"@id\":\"https:\\\/\\\/www.agma.com\\\/sv\\\/#\\\/schema\\\/person\\\/6820b3ce1cc37edbaecc979090760d8b\",\"name\":\"jakubschenk\",\"image\":{\"@type\":\"ImageObject\",\"inLanguage\":\"sv-SE\",\"@id\":\"https:\\\/\\\/secure.gravatar.com\\\/avatar\\\/0ab843002d4a58702560e02354e5f9a3206e13bbfaa9df5a188e463870f605cd?s=96&d=mm&r=g\",\"url\":\"https:\\\/\\\/secure.gravatar.com\\\/avatar\\\/0ab843002d4a58702560e02354e5f9a3206e13bbfaa9df5a188e463870f605cd?s=96&d=mm&r=g\",\"contentUrl\":\"https:\\\/\\\/secure.gravatar.com\\\/avatar\\\/0ab843002d4a58702560e02354e5f9a3206e13bbfaa9df5a188e463870f605cd?s=96&d=mm&r=g\",\"caption\":\"jakubschenk\"},\"sameAs\":[\"https:\\\/\\\/www.agma.com\"],\"url\":\"https:\\\/\\\/www.agma.com\\\/sv\\\/author\\\/jakubschenk\\\/\"}]}<\/script>\n<!-- \/ Yoast SEO plugin. -->","yoast_head_json":{"title":"F\u00f6rsta solkraftverket f\u00f6r fj\u00e4rrv\u00e4rme och el - Absolicon","robots":{"index":"index","follow":"follow","max-snippet":"max-snippet:-1","max-image-preview":"max-image-preview:large","max-video-preview":"max-video-preview:-1"},"canonical":"https:\/\/www.agma.com\/sv\/forsta-solkraftverket-for-fjarrvarme-och-el\/","og_locale":"sv_SE","og_type":"article","og_title":"F\u00f6rsta solkraftverket f\u00f6r fj\u00e4rrv\u00e4rme och el - Absolicon","og_description":"[ingress]V\u00e4lkommen till H\u00e4rn\u00f6sands Energipark! H\u00e4r finns Sveriges f\u00f6rsta solkraftverk f\u00f6r el och v\u00e4rme som kopplats in p\u00e5 det lokala fj\u00e4rrv\u00e4rmen\u00e4tet.[\/ingress] Anl\u00e4ggningen med solf\u00e5ngare fr\u00e5n Absolicon genererar v\u00e4rme till fj\u00e4rrv\u00e4rmen\u00e4tet och el till eln\u00e4tet direkt fr\u00e5n solen. Genom satsningen kan det kommunala energibolaget erbjuda kunderna milj\u00f6v\u00e4nlig energi, samtidigt som ny milj\u00f6teknik f\u00e5r en naturlig visningsplats. Vi [&hellip;]","og_url":"https:\/\/www.agma.com\/sv\/forsta-solkraftverket-for-fjarrvarme-och-el\/","og_site_name":"Absolicon","article_published_time":"2011-06-03T00:00:00+00:00","article_modified_time":"2020-07-21T08:27:03+00:00","og_image":[{"width":720,"height":250,"url":"https:\/\/www.agma.com\/wp-content\/uploads\/2020\/07\/d082f02950542fa90668ebde79267e.jpg","type":"image\/jpeg"}],"author":"jakubschenk","twitter_card":"summary_large_image","twitter_misc":{"Skriven av":"jakubschenk"},"schema":{"@context":"https:\/\/schema.org","@graph":[{"@type":"Article","@id":"https:\/\/www.agma.com\/sv\/forsta-solkraftverket-for-fjarrvarme-och-el\/#article","isPartOf":{"@id":"https:\/\/www.agma.com\/sv\/forsta-solkraftverket-for-fjarrvarme-och-el\/"},"author":{"name":"jakubschenk","@id":"https:\/\/www.agma.com\/sv\/#\/schema\/person\/6820b3ce1cc37edbaecc979090760d8b"},"headline":"F\u00f6rsta solkraftverket f\u00f6r fj\u00e4rrv\u00e4rme och el","datePublished":"2011-06-03T00:00:00+00:00","dateModified":"2020-07-21T08:27:03+00:00","mainEntityOfPage":{"@id":"https:\/\/www.agma.com\/sv\/forsta-solkraftverket-for-fjarrvarme-och-el\/"},"wordCount":264,"commentCount":0,"publisher":{"@id":"https:\/\/www.agma.com\/sv\/#organization"},"image":{"@id":"https:\/\/www.agma.com\/sv\/forsta-solkraftverket-for-fjarrvarme-och-el\/#primaryimage"},"thumbnailUrl":"https:\/\/www.agma.com\/wp-content\/uploads\/2020\/07\/d082f02950542fa90668ebde79267e.jpg","articleSection":["Okategoriserad"],"inLanguage":"sv-SE","potentialAction":[{"@type":"CommentAction","name":"Comment","target":["https:\/\/www.agma.com\/sv\/forsta-solkraftverket-for-fjarrvarme-och-el\/#respond"]}]},{"@type":"WebPage","@id":"https:\/\/www.agma.com\/sv\/forsta-solkraftverket-for-fjarrvarme-och-el\/","url":"https:\/\/www.agma.com\/sv\/forsta-solkraftverket-for-fjarrvarme-och-el\/","name":"F\u00f6rsta solkraftverket f\u00f6r fj\u00e4rrv\u00e4rme och el - Absolicon","isPartOf":{"@id":"https:\/\/www.agma.com\/sv\/#website"},"primaryImageOfPage":{"@id":"https:\/\/www.agma.com\/sv\/forsta-solkraftverket-for-fjarrvarme-och-el\/#primaryimage"},"image":{"@id":"https:\/\/www.agma.com\/sv\/forsta-solkraftverket-for-fjarrvarme-och-el\/#primaryimage"},"thumbnailUrl":"https:\/\/www.agma.com\/wp-content\/uploads\/2020\/07\/d082f02950542fa90668ebde79267e.jpg","datePublished":"2011-06-03T00:00:00+00:00","dateModified":"2020-07-21T08:27:03+00:00","breadcrumb":{"@id":"https:\/\/www.agma.com\/sv\/forsta-solkraftverket-for-fjarrvarme-och-el\/#breadcrumb"},"inLanguage":"sv-SE","potentialAction":[{"@type":"ReadAction","target":["https:\/\/www.agma.com\/sv\/forsta-solkraftverket-for-fjarrvarme-och-el\/"]}]},{"@type":"ImageObject","inLanguage":"sv-SE","@id":"https:\/\/www.agma.com\/sv\/forsta-solkraftverket-for-fjarrvarme-och-el\/#primaryimage","url":"https:\/\/www.agma.com\/wp-content\/uploads\/2020\/07\/d082f02950542fa90668ebde79267e.jpg","contentUrl":"https:\/\/www.agma.com\/wp-content\/uploads\/2020\/07\/d082f02950542fa90668ebde79267e.jpg","width":720,"height":250},{"@type":"BreadcrumbList","@id":"https:\/\/www.agma.com\/sv\/forsta-solkraftverket-for-fjarrvarme-och-el\/#breadcrumb","itemListElement":[{"@type":"ListItem","position":1,"name":"Home","item":"https:\/\/www.agma.com\/sv\/"},{"@type":"ListItem","position":2,"name":"F\u00f6rsta solkraftverket f\u00f6r fj\u00e4rrv\u00e4rme och el"}]},{"@type":"WebSite","@id":"https:\/\/www.agma.com\/sv\/#website","url":"https:\/\/www.agma.com\/sv\/","name":"Absolicon","description":"","publisher":{"@id":"https:\/\/www.agma.com\/sv\/#organization"},"potentialAction":[{"@type":"SearchAction","target":{"@type":"EntryPoint","urlTemplate":"https:\/\/www.agma.com\/sv\/?s={search_term_string}"},"query-input":{"@type":"PropertyValueSpecification","valueRequired":true,"valueName":"search_term_string"}}],"inLanguage":"sv-SE"},{"@type":"Organization","@id":"https:\/\/www.agma.com\/sv\/#organization","name":"Absolicon","url":"https:\/\/www.agma.com\/sv\/","logo":{"@type":"ImageObject","inLanguage":"sv-SE","@id":"https:\/\/www.agma.com\/sv\/#\/schema\/logo\/image\/","url":"https:\/\/www.agma.com\/wp-content\/uploads\/2026\/04\/logotype_neg_blk.svg","contentUrl":"https:\/\/www.agma.com\/wp-content\/uploads\/2026\/04\/logotype_neg_blk.svg","width":705,"height":83,"caption":"Absolicon"},"image":{"@id":"https:\/\/www.agma.com\/sv\/#\/schema\/logo\/image\/"}},{"@type":"Person","@id":"https:\/\/www.agma.com\/sv\/#\/schema\/person\/6820b3ce1cc37edbaecc979090760d8b","name":"jakubschenk","image":{"@type":"ImageObject","inLanguage":"sv-SE","@id":"https:\/\/secure.gravatar.com\/avatar\/0ab843002d4a58702560e02354e5f9a3206e13bbfaa9df5a188e463870f605cd?s=96&d=mm&r=g","url":"https:\/\/secure.gravatar.com\/avatar\/0ab843002d4a58702560e02354e5f9a3206e13bbfaa9df5a188e463870f605cd?s=96&d=mm&r=g","contentUrl":"https:\/\/secure.gravatar.com\/avatar\/0ab843002d4a58702560e02354e5f9a3206e13bbfaa9df5a188e463870f605cd?s=96&d=mm&r=g","caption":"jakubschenk"},"sameAs":["https:\/\/www.agma.com"],"url":"https:\/\/www.agma.com\/sv\/author\/jakubschenk\/"}]}},"_links":{"self":[{"href":"https:\/\/www.agma.com\/sv\/wp-json\/wp\/v2\/posts\/8814","targetHints":{"allow":["GET"]}}],"collection":[{"href":"https:\/\/www.agma.com\/sv\/wp-json\/wp\/v2\/posts"}],"about":[{"href":"https:\/\/www.agma.com\/sv\/wp-json\/wp\/v2\/types\/post"}],"author":[{"embeddable":true,"href":"https:\/\/www.agma.com\/sv\/wp-json\/wp\/v2\/users\/1"}],"replies":[{"embeddable":true,"href":"https:\/\/www.agma.com\/sv\/wp-json\/wp\/v2\/comments?post=8814"}],"version-history":[{"count":1,"href":"https:\/\/www.agma.com\/sv\/wp-json\/wp\/v2\/posts\/8814\/revisions"}],"predecessor-version":[{"id":9331,"href":"https:\/\/www.agma.com\/sv\/wp-json\/wp\/v2\/posts\/8814\/revisions\/9331"}],"wp:featuredmedia":[{"embeddable":true,"href":"https:\/\/www.agma.com\/sv\/wp-json\/wp\/v2\/media\/9329"}],"wp:attachment":[{"href":"https:\/\/www.agma.com\/sv\/wp-json\/wp\/v2\/media?parent=8814"}],"wp:term":[{"taxonomy":"category","embeddable":true,"href":"https:\/\/www.agma.com\/sv\/wp-json\/wp\/v2\/categories?post=8814"},{"taxonomy":"post_tag","embeddable":true,"href":"https:\/\/www.agma.com\/sv\/wp-json\/wp\/v2\/tags?post=8814"}],"curies":[{"name":"wp","href":"https:\/\/api.w.org\/{rel}","templated":true}]}}