{"id":8817,"date":"2012-06-06T00:00:00","date_gmt":"2012-06-06T00:00:00","guid":{"rendered":"https:\/\/www.absolicon.com\/avtal-klart-for-tillverkning-i-indien-och-tyskland\/"},"modified":"2012-06-06T00:00:00","modified_gmt":"2012-06-06T00:00:00","slug":"avtal-klart-for-tillverkning-i-indien-och-tyskland","status":"publish","type":"post","link":"https:\/\/www.agma.com\/sv\/avtal-klart-for-tillverkning-i-indien-och-tyskland\/","title":{"rendered":"Avtal klart f\u00f6r tillverkning i Indien och Tyskland"},"content":{"rendered":"<p>[ingress]S\u00e5 h\u00e4r ser planerna ut p\u00e5 en Absolicon-fabrik i Tyskland. N\u00e4r solenergibranschen v\u00e4xer kommer Absolicon satsa p\u00e5 licenstillverkning av koncentrerande solf\u00e5ngare p\u00e5 olika marknader som ett komplement till export fr\u00e5n H\u00e4rn\u00f6sand.[\/ingress]<\/p>\n<p>Intresset f\u00f6r att b\u00f6rja tillverka Absolicons solf\u00e5ngare \u00e4r stort. Till kontoret i H\u00e4rn\u00f6sand kommer nya f\u00f6rfr\u00e5gningar varje m\u00e5nad, fr\u00e4mst fr\u00e5n Asien. Absolicon har tecknat tv\u00e5 samarbetsavtal, ett med ett tyskt f\u00f6retag och ett med Bergen Group i New Delhi, Indien, om att f\u00e5 r\u00e4ttigheten att tillverka Absolicons produkter.<\/p>\n<p>\u2013 I avtalen kombinerar vi en licens till v\u00e5ra patent och r\u00e4tten att anv\u00e4nda v\u00e5rt varum\u00e4rke med att Absolicon \u00e4r del\u00e4gare i fabriken, ber\u00e4ttar Johan Sandberg, vd p\u00e5 Absolicon.<\/p>\n<p>Genom att kr\u00e4va del\u00e4garskap i fabriken f\u00e5r Absolicon kontroll \u00f6ver hur tillv\u00e4xten sker vilket \u00e4r viktigt speciellt p\u00e5 s\u00e5 stora marknader som Indien. Fabrikerna som planeras \u00e4r mer automatiserade \u00e4n den nuvarande svenska tillverkningen och kommer att tillverka betydligt billigare.<\/p>\n<p>\u2013 V\u00e5ra partners i b\u00e5de Tyskland och Indien har redan investerat miljonbelopp i f\u00f6rberedelser och vi bed\u00f6mer m\u00f6jligheterna att de f\u00f6rsta licenstillverkade solf\u00e5ngarna fr\u00e5n b\u00e5de Indien och Tyskland rullar ut under 2013 som goda.<\/p>\n<p>F\u00f6rberedelserna av fabriksbyggnaderna har kr\u00e4vt stora resurser, men n\u00e4r konceptet v\u00e4l \u00e4r etablerat v\u00e4ntar fler intressanta marknader.<\/p>\n<p>\u2013 I framtiden ser vi framf\u00f6r oss regional tillverkningsenheter p\u00e5 alla stora marknader. N\u00e4sta steg kunde vara fabriker i USA, Mexico och Chile, avsl\u00f6jar Johan Sandberg om Absolicons framtidsplaner.<\/p>\n<p>&nbsp;<\/p>\n<p style=\"text-align: right;\">\u00a0<em>Publicerad 2012-06-06<\/em><\/p>\n<p>&nbsp;<\/p>\n","protected":false},"excerpt":{"rendered":"<p>[ingress]S\u00e5 h\u00e4r ser planerna ut p\u00e5 en Absolicon-fabrik i Tyskland. N\u00e4r solenergibranschen v\u00e4xer kommer Absolicon satsa p\u00e5 licenstillverkning av koncentrerande solf\u00e5ngare p\u00e5 olika marknader som ett komplement till export fr\u00e5n H\u00e4rn\u00f6sand.[\/ingress] Intresset f\u00f6r att b\u00f6rja tillverka Absolicons solf\u00e5ngare \u00e4r stort. Till kontoret i H\u00e4rn\u00f6sand kommer nya f\u00f6rfr\u00e5gningar varje m\u00e5nad, fr\u00e4mst fr\u00e5n Asien. Absolicon har tecknat [&hellip;]<\/p>\n","protected":false},"author":1,"featured_media":0,"comment_status":"open","ping_status":"open","sticky":false,"template":"","format":"standard","meta":{"_acf_changed":false,"footnotes":""},"categories":[],"tags":[],"class_list":["post-8817","post","type-post","status-publish","format-standard","hentry"],"acf":[],"yoast_head":"<!-- This site is optimized with the Yoast SEO plugin v27.4 - https:\/\/yoast.com\/product\/yoast-seo-wordpress\/ -->\n<title>Avtal klart f\u00f6r tillverkning i Indien och Tyskland - Absolicon<\/title>\n<meta name=\"robots\" content=\"index, follow, max-snippet:-1, max-image-preview:large, max-video-preview:-1\" \/>\n<link rel=\"canonical\" href=\"https:\/\/www.agma.com\/sv\/avtal-klart-for-tillverkning-i-indien-och-tyskland\/\" \/>\n<meta property=\"og:locale\" content=\"sv_SE\" \/>\n<meta property=\"og:type\" content=\"article\" \/>\n<meta property=\"og:title\" content=\"Avtal klart f\u00f6r tillverkning i Indien och Tyskland - Absolicon\" \/>\n<meta property=\"og:description\" content=\"[ingress]S\u00e5 h\u00e4r ser planerna ut p\u00e5 en Absolicon-fabrik i Tyskland. N\u00e4r solenergibranschen v\u00e4xer kommer Absolicon satsa p\u00e5 licenstillverkning av koncentrerande solf\u00e5ngare p\u00e5 olika marknader som ett komplement till export fr\u00e5n H\u00e4rn\u00f6sand.[\/ingress] Intresset f\u00f6r att b\u00f6rja tillverka Absolicons solf\u00e5ngare \u00e4r stort. Till kontoret i H\u00e4rn\u00f6sand kommer nya f\u00f6rfr\u00e5gningar varje m\u00e5nad, fr\u00e4mst fr\u00e5n Asien. Absolicon har tecknat [&hellip;]\" \/>\n<meta property=\"og:url\" content=\"https:\/\/www.agma.com\/sv\/avtal-klart-for-tillverkning-i-indien-och-tyskland\/\" \/>\n<meta property=\"og:site_name\" content=\"Absolicon\" \/>\n<meta property=\"article:published_time\" content=\"2012-06-06T00:00:00+00:00\" \/>\n<meta name=\"author\" content=\"jakubschenk\" \/>\n<meta name=\"twitter:card\" content=\"summary_large_image\" \/>\n<meta name=\"twitter:label1\" content=\"Skriven av\" \/>\n\t<meta name=\"twitter:data1\" content=\"jakubschenk\" \/>\n<script type=\"application\/ld+json\" class=\"yoast-schema-graph\">{\"@context\":\"https:\\\/\\\/schema.org\",\"@graph\":[{\"@type\":\"Article\",\"@id\":\"https:\\\/\\\/www.agma.com\\\/sv\\\/avtal-klart-for-tillverkning-i-indien-och-tyskland\\\/#article\",\"isPartOf\":{\"@id\":\"https:\\\/\\\/www.agma.com\\\/sv\\\/avtal-klart-for-tillverkning-i-indien-och-tyskland\\\/\"},\"author\":{\"name\":\"jakubschenk\",\"@id\":\"https:\\\/\\\/www.agma.com\\\/sv\\\/#\\\/schema\\\/person\\\/6820b3ce1cc37edbaecc979090760d8b\"},\"headline\":\"Avtal klart f\u00f6r tillverkning i Indien och Tyskland\",\"datePublished\":\"2012-06-06T00:00:00+00:00\",\"mainEntityOfPage\":{\"@id\":\"https:\\\/\\\/www.agma.com\\\/sv\\\/avtal-klart-for-tillverkning-i-indien-och-tyskland\\\/\"},\"wordCount\":287,\"commentCount\":0,\"publisher\":{\"@id\":\"https:\\\/\\\/www.agma.com\\\/sv\\\/#organization\"},\"inLanguage\":\"sv-SE\",\"potentialAction\":[{\"@type\":\"CommentAction\",\"name\":\"Comment\",\"target\":[\"https:\\\/\\\/www.agma.com\\\/sv\\\/avtal-klart-for-tillverkning-i-indien-och-tyskland\\\/#respond\"]}]},{\"@type\":\"WebPage\",\"@id\":\"https:\\\/\\\/www.agma.com\\\/sv\\\/avtal-klart-for-tillverkning-i-indien-och-tyskland\\\/\",\"url\":\"https:\\\/\\\/www.agma.com\\\/sv\\\/avtal-klart-for-tillverkning-i-indien-och-tyskland\\\/\",\"name\":\"Avtal klart f\u00f6r tillverkning i Indien och Tyskland - Absolicon\",\"isPartOf\":{\"@id\":\"https:\\\/\\\/www.agma.com\\\/sv\\\/#website\"},\"datePublished\":\"2012-06-06T00:00:00+00:00\",\"breadcrumb\":{\"@id\":\"https:\\\/\\\/www.agma.com\\\/sv\\\/avtal-klart-for-tillverkning-i-indien-och-tyskland\\\/#breadcrumb\"},\"inLanguage\":\"sv-SE\",\"potentialAction\":[{\"@type\":\"ReadAction\",\"target\":[\"https:\\\/\\\/www.agma.com\\\/sv\\\/avtal-klart-for-tillverkning-i-indien-och-tyskland\\\/\"]}]},{\"@type\":\"BreadcrumbList\",\"@id\":\"https:\\\/\\\/www.agma.com\\\/sv\\\/avtal-klart-for-tillverkning-i-indien-och-tyskland\\\/#breadcrumb\",\"itemListElement\":[{\"@type\":\"ListItem\",\"position\":1,\"name\":\"Home\",\"item\":\"https:\\\/\\\/www.agma.com\\\/sv\\\/\"},{\"@type\":\"ListItem\",\"position\":2,\"name\":\"Avtal klart f\u00f6r tillverkning i Indien och Tyskland\"}]},{\"@type\":\"WebSite\",\"@id\":\"https:\\\/\\\/www.agma.com\\\/sv\\\/#website\",\"url\":\"https:\\\/\\\/www.agma.com\\\/sv\\\/\",\"name\":\"Absolicon\",\"description\":\"\",\"publisher\":{\"@id\":\"https:\\\/\\\/www.agma.com\\\/sv\\\/#organization\"},\"potentialAction\":[{\"@type\":\"SearchAction\",\"target\":{\"@type\":\"EntryPoint\",\"urlTemplate\":\"https:\\\/\\\/www.agma.com\\\/sv\\\/?s={search_term_string}\"},\"query-input\":{\"@type\":\"PropertyValueSpecification\",\"valueRequired\":true,\"valueName\":\"search_term_string\"}}],\"inLanguage\":\"sv-SE\"},{\"@type\":\"Organization\",\"@id\":\"https:\\\/\\\/www.agma.com\\\/sv\\\/#organization\",\"name\":\"Absolicon\",\"url\":\"https:\\\/\\\/www.agma.com\\\/sv\\\/\",\"logo\":{\"@type\":\"ImageObject\",\"inLanguage\":\"sv-SE\",\"@id\":\"https:\\\/\\\/www.agma.com\\\/sv\\\/#\\\/schema\\\/logo\\\/image\\\/\",\"url\":\"https:\\\/\\\/www.agma.com\\\/wp-content\\\/uploads\\\/2026\\\/04\\\/logotype_neg_blk.svg\",\"contentUrl\":\"https:\\\/\\\/www.agma.com\\\/wp-content\\\/uploads\\\/2026\\\/04\\\/logotype_neg_blk.svg\",\"width\":705,\"height\":83,\"caption\":\"Absolicon\"},\"image\":{\"@id\":\"https:\\\/\\\/www.agma.com\\\/sv\\\/#\\\/schema\\\/logo\\\/image\\\/\"}},{\"@type\":\"Person\",\"@id\":\"https:\\\/\\\/www.agma.com\\\/sv\\\/#\\\/schema\\\/person\\\/6820b3ce1cc37edbaecc979090760d8b\",\"name\":\"jakubschenk\",\"image\":{\"@type\":\"ImageObject\",\"inLanguage\":\"sv-SE\",\"@id\":\"https:\\\/\\\/secure.gravatar.com\\\/avatar\\\/0ab843002d4a58702560e02354e5f9a3206e13bbfaa9df5a188e463870f605cd?s=96&d=mm&r=g\",\"url\":\"https:\\\/\\\/secure.gravatar.com\\\/avatar\\\/0ab843002d4a58702560e02354e5f9a3206e13bbfaa9df5a188e463870f605cd?s=96&d=mm&r=g\",\"contentUrl\":\"https:\\\/\\\/secure.gravatar.com\\\/avatar\\\/0ab843002d4a58702560e02354e5f9a3206e13bbfaa9df5a188e463870f605cd?s=96&d=mm&r=g\",\"caption\":\"jakubschenk\"},\"sameAs\":[\"https:\\\/\\\/www.agma.com\"],\"url\":\"https:\\\/\\\/www.agma.com\\\/sv\\\/author\\\/jakubschenk\\\/\"}]}<\/script>\n<!-- \/ Yoast SEO plugin. -->","yoast_head_json":{"title":"Avtal klart f\u00f6r tillverkning i Indien och Tyskland - Absolicon","robots":{"index":"index","follow":"follow","max-snippet":"max-snippet:-1","max-image-preview":"max-image-preview:large","max-video-preview":"max-video-preview:-1"},"canonical":"https:\/\/www.agma.com\/sv\/avtal-klart-for-tillverkning-i-indien-och-tyskland\/","og_locale":"sv_SE","og_type":"article","og_title":"Avtal klart f\u00f6r tillverkning i Indien och Tyskland - Absolicon","og_description":"[ingress]S\u00e5 h\u00e4r ser planerna ut p\u00e5 en Absolicon-fabrik i Tyskland. N\u00e4r solenergibranschen v\u00e4xer kommer Absolicon satsa p\u00e5 licenstillverkning av koncentrerande solf\u00e5ngare p\u00e5 olika marknader som ett komplement till export fr\u00e5n H\u00e4rn\u00f6sand.[\/ingress] Intresset f\u00f6r att b\u00f6rja tillverka Absolicons solf\u00e5ngare \u00e4r stort. Till kontoret i H\u00e4rn\u00f6sand kommer nya f\u00f6rfr\u00e5gningar varje m\u00e5nad, fr\u00e4mst fr\u00e5n Asien. Absolicon har tecknat [&hellip;]","og_url":"https:\/\/www.agma.com\/sv\/avtal-klart-for-tillverkning-i-indien-och-tyskland\/","og_site_name":"Absolicon","article_published_time":"2012-06-06T00:00:00+00:00","author":"jakubschenk","twitter_card":"summary_large_image","twitter_misc":{"Skriven av":"jakubschenk"},"schema":{"@context":"https:\/\/schema.org","@graph":[{"@type":"Article","@id":"https:\/\/www.agma.com\/sv\/avtal-klart-for-tillverkning-i-indien-och-tyskland\/#article","isPartOf":{"@id":"https:\/\/www.agma.com\/sv\/avtal-klart-for-tillverkning-i-indien-och-tyskland\/"},"author":{"name":"jakubschenk","@id":"https:\/\/www.agma.com\/sv\/#\/schema\/person\/6820b3ce1cc37edbaecc979090760d8b"},"headline":"Avtal klart f\u00f6r tillverkning i Indien och Tyskland","datePublished":"2012-06-06T00:00:00+00:00","mainEntityOfPage":{"@id":"https:\/\/www.agma.com\/sv\/avtal-klart-for-tillverkning-i-indien-och-tyskland\/"},"wordCount":287,"commentCount":0,"publisher":{"@id":"https:\/\/www.agma.com\/sv\/#organization"},"inLanguage":"sv-SE","potentialAction":[{"@type":"CommentAction","name":"Comment","target":["https:\/\/www.agma.com\/sv\/avtal-klart-for-tillverkning-i-indien-och-tyskland\/#respond"]}]},{"@type":"WebPage","@id":"https:\/\/www.agma.com\/sv\/avtal-klart-for-tillverkning-i-indien-och-tyskland\/","url":"https:\/\/www.agma.com\/sv\/avtal-klart-for-tillverkning-i-indien-och-tyskland\/","name":"Avtal klart f\u00f6r tillverkning i Indien och Tyskland - Absolicon","isPartOf":{"@id":"https:\/\/www.agma.com\/sv\/#website"},"datePublished":"2012-06-06T00:00:00+00:00","breadcrumb":{"@id":"https:\/\/www.agma.com\/sv\/avtal-klart-for-tillverkning-i-indien-och-tyskland\/#breadcrumb"},"inLanguage":"sv-SE","potentialAction":[{"@type":"ReadAction","target":["https:\/\/www.agma.com\/sv\/avtal-klart-for-tillverkning-i-indien-och-tyskland\/"]}]},{"@type":"BreadcrumbList","@id":"https:\/\/www.agma.com\/sv\/avtal-klart-for-tillverkning-i-indien-och-tyskland\/#breadcrumb","itemListElement":[{"@type":"ListItem","position":1,"name":"Home","item":"https:\/\/www.agma.com\/sv\/"},{"@type":"ListItem","position":2,"name":"Avtal klart f\u00f6r tillverkning i Indien och Tyskland"}]},{"@type":"WebSite","@id":"https:\/\/www.agma.com\/sv\/#website","url":"https:\/\/www.agma.com\/sv\/","name":"Absolicon","description":"","publisher":{"@id":"https:\/\/www.agma.com\/sv\/#organization"},"potentialAction":[{"@type":"SearchAction","target":{"@type":"EntryPoint","urlTemplate":"https:\/\/www.agma.com\/sv\/?s={search_term_string}"},"query-input":{"@type":"PropertyValueSpecification","valueRequired":true,"valueName":"search_term_string"}}],"inLanguage":"sv-SE"},{"@type":"Organization","@id":"https:\/\/www.agma.com\/sv\/#organization","name":"Absolicon","url":"https:\/\/www.agma.com\/sv\/","logo":{"@type":"ImageObject","inLanguage":"sv-SE","@id":"https:\/\/www.agma.com\/sv\/#\/schema\/logo\/image\/","url":"https:\/\/www.agma.com\/wp-content\/uploads\/2026\/04\/logotype_neg_blk.svg","contentUrl":"https:\/\/www.agma.com\/wp-content\/uploads\/2026\/04\/logotype_neg_blk.svg","width":705,"height":83,"caption":"Absolicon"},"image":{"@id":"https:\/\/www.agma.com\/sv\/#\/schema\/logo\/image\/"}},{"@type":"Person","@id":"https:\/\/www.agma.com\/sv\/#\/schema\/person\/6820b3ce1cc37edbaecc979090760d8b","name":"jakubschenk","image":{"@type":"ImageObject","inLanguage":"sv-SE","@id":"https:\/\/secure.gravatar.com\/avatar\/0ab843002d4a58702560e02354e5f9a3206e13bbfaa9df5a188e463870f605cd?s=96&d=mm&r=g","url":"https:\/\/secure.gravatar.com\/avatar\/0ab843002d4a58702560e02354e5f9a3206e13bbfaa9df5a188e463870f605cd?s=96&d=mm&r=g","contentUrl":"https:\/\/secure.gravatar.com\/avatar\/0ab843002d4a58702560e02354e5f9a3206e13bbfaa9df5a188e463870f605cd?s=96&d=mm&r=g","caption":"jakubschenk"},"sameAs":["https:\/\/www.agma.com"],"url":"https:\/\/www.agma.com\/sv\/author\/jakubschenk\/"}]}},"_links":{"self":[{"href":"https:\/\/www.agma.com\/sv\/wp-json\/wp\/v2\/posts\/8817","targetHints":{"allow":["GET"]}}],"collection":[{"href":"https:\/\/www.agma.com\/sv\/wp-json\/wp\/v2\/posts"}],"about":[{"href":"https:\/\/www.agma.com\/sv\/wp-json\/wp\/v2\/types\/post"}],"author":[{"embeddable":true,"href":"https:\/\/www.agma.com\/sv\/wp-json\/wp\/v2\/users\/1"}],"replies":[{"embeddable":true,"href":"https:\/\/www.agma.com\/sv\/wp-json\/wp\/v2\/comments?post=8817"}],"version-history":[{"count":0,"href":"https:\/\/www.agma.com\/sv\/wp-json\/wp\/v2\/posts\/8817\/revisions"}],"wp:attachment":[{"href":"https:\/\/www.agma.com\/sv\/wp-json\/wp\/v2\/media?parent=8817"}],"wp:term":[{"taxonomy":"category","embeddable":true,"href":"https:\/\/www.agma.com\/sv\/wp-json\/wp\/v2\/categories?post=8817"},{"taxonomy":"post_tag","embeddable":true,"href":"https:\/\/www.agma.com\/sv\/wp-json\/wp\/v2\/tags?post=8817"}],"curies":[{"name":"wp","href":"https:\/\/api.w.org\/{rel}","templated":true}]}}