{"id":8818,"date":"2012-06-12T00:00:00","date_gmt":"2012-06-12T00:00:00","guid":{"rendered":"https:\/\/www.absolicon.com\/tack-alla-som-besokte-oss-pa-intersolar\/"},"modified":"2020-07-21T08:13:36","modified_gmt":"2020-07-21T08:13:36","slug":"tack-alla-som-besokte-oss-pa-intersolar","status":"publish","type":"post","link":"https:\/\/www.agma.com\/sv\/tack-alla-som-besokte-oss-pa-intersolar\/","title":{"rendered":"Tack alla som bes\u00f6kte oss p\u00e5 Intersolar!"},"content":{"rendered":"<figure id=\"attachment_695\" aria-describedby=\"caption-attachment-695\" style=\"width: 300px\" class=\"wp-caption alignright\"><img fetchpriority=\"high\" decoding=\"async\" class=\"size-full wp-image-695 \" title=\"Absolicon Intersolar 2012\" src=\"https:\/\/www.agma.comwp-content\/uploads\/2012\/06\/intersolar_2012_absolicon_300.jpg\" alt=\"Absolicon Intersolar 2012\" width=\"300\" height=\"183\"><figcaption id=\"caption-attachment-695\" class=\"wp-caption-text\">En del av Absolicons team i montern p\u00e5 Intersolar.<\/figcaption><\/figure>\n<p>[ingress]Intersolar Europe \u2013 v\u00e4rldens st\u00f6rsta m\u00e4ssa f\u00f6r solindustrin \u2013 \u00f6ppnade d\u00f6rrarna den 13 juni i M\u00fcnchen. Under parollen \u201dConnecting Solar Business\u201d, kunde bes\u00f6karna ta del av de hetaste trenderna och utvecklingen inom hela solenergiindustrin. Absolicon fanns p\u00e5 plats med egen monter f\u00f6r andra \u00e5ret och m\u00f6tte ett rekordstort intresse.[\/ingress]<\/p>\n<p>&#8211; Det var fantastiskt! Vi var sju personer i montern och alla hade fullt upp. V\u00e5r produkt skapar stor uppm\u00e4rksamhet och vi hade otroligt m\u00e5nga bes\u00f6kare under m\u00e4ssans alla dagar, ber\u00e4ttar Joakim Bystr\u00f6m, Absolicon.<\/p>\n<p>\u00d6ver 2.000 utst\u00e4llare fanns p\u00e5 plats under Intersolar f\u00f6r att visa upp produkter och tj\u00e4nster inom solceller, PV, produktionsteknik och solv\u00e4rme. Utst\u00e4llningsytan i de 15 utst\u00e4llningshallarna och en utomhusdel var \u00f6ver 170.000 kvadratmeter. M\u00e4ssa p\u00e5gick mellan13\u201315 juni.<\/p>\n<p>&nbsp;<\/p>\n<p style=\"text-align: right;\">&nbsp;<em>Publicerad 2012-06-12<\/em><\/p>\n<div><em style=\"text-align: right;\"><br \/>\n<\/em><\/div>\n","protected":false},"excerpt":{"rendered":"<p>[ingress]Intersolar Europe \u2013 v\u00e4rldens st\u00f6rsta m\u00e4ssa f\u00f6r solindustrin \u2013 \u00f6ppnade d\u00f6rrarna den 13 juni i M\u00fcnchen. Under parollen \u201dConnecting Solar Business\u201d, kunde bes\u00f6karna ta del av de hetaste trenderna och utvecklingen inom hela solenergiindustrin. Absolicon fanns p\u00e5 plats med egen monter f\u00f6r andra \u00e5ret och m\u00f6tte ett rekordstort intresse.[\/ingress] &#8211; Det var fantastiskt! Vi var [&hellip;]<\/p>\n","protected":false},"author":1,"featured_media":9293,"comment_status":"open","ping_status":"open","sticky":false,"template":"","format":"standard","meta":{"_acf_changed":false,"footnotes":""},"categories":[2],"tags":[],"class_list":["post-8818","post","type-post","status-publish","format-standard","has-post-thumbnail","hentry","category-okategoriserad"],"acf":[],"yoast_head":"<!-- This site is optimized with the Yoast SEO plugin v27.4 - https:\/\/yoast.com\/product\/yoast-seo-wordpress\/ -->\n<title>Tack alla som bes\u00f6kte oss p\u00e5 Intersolar! - Absolicon<\/title>\n<meta name=\"robots\" content=\"index, follow, max-snippet:-1, max-image-preview:large, max-video-preview:-1\" \/>\n<link rel=\"canonical\" href=\"https:\/\/www.agma.com\/sv\/tack-alla-som-besokte-oss-pa-intersolar\/\" \/>\n<meta property=\"og:locale\" content=\"sv_SE\" \/>\n<meta property=\"og:type\" content=\"article\" \/>\n<meta property=\"og:title\" content=\"Tack alla som bes\u00f6kte oss p\u00e5 Intersolar! - Absolicon\" \/>\n<meta property=\"og:description\" content=\"[ingress]Intersolar Europe \u2013 v\u00e4rldens st\u00f6rsta m\u00e4ssa f\u00f6r solindustrin \u2013 \u00f6ppnade d\u00f6rrarna den 13 juni i M\u00fcnchen. Under parollen \u201dConnecting Solar Business\u201d, kunde bes\u00f6karna ta del av de hetaste trenderna och utvecklingen inom hela solenergiindustrin. Absolicon fanns p\u00e5 plats med egen monter f\u00f6r andra \u00e5ret och m\u00f6tte ett rekordstort intresse.[\/ingress] &#8211; Det var fantastiskt! Vi var [&hellip;]\" \/>\n<meta property=\"og:url\" content=\"https:\/\/www.agma.com\/sv\/tack-alla-som-besokte-oss-pa-intersolar\/\" \/>\n<meta property=\"og:site_name\" content=\"Absolicon\" \/>\n<meta property=\"article:published_time\" content=\"2012-06-12T00:00:00+00:00\" \/>\n<meta property=\"article:modified_time\" content=\"2020-07-21T08:13:36+00:00\" \/>\n<meta property=\"og:image\" content=\"https:\/\/www.agma.com\/wp-content\/uploads\/2020\/07\/bd3c2a4d768d9ee602a384833832bc.jpg\" \/>\n\t<meta property=\"og:image:width\" content=\"720\" \/>\n\t<meta property=\"og:image:height\" content=\"250\" \/>\n\t<meta property=\"og:image:type\" content=\"image\/jpeg\" \/>\n<meta name=\"author\" content=\"jakubschenk\" \/>\n<meta name=\"twitter:card\" content=\"summary_large_image\" \/>\n<meta name=\"twitter:label1\" content=\"Skriven av\" \/>\n\t<meta name=\"twitter:data1\" content=\"jakubschenk\" \/>\n<script type=\"application\/ld+json\" class=\"yoast-schema-graph\">{\"@context\":\"https:\\\/\\\/schema.org\",\"@graph\":[{\"@type\":\"Article\",\"@id\":\"https:\\\/\\\/www.agma.com\\\/sv\\\/tack-alla-som-besokte-oss-pa-intersolar\\\/#article\",\"isPartOf\":{\"@id\":\"https:\\\/\\\/www.agma.com\\\/sv\\\/tack-alla-som-besokte-oss-pa-intersolar\\\/\"},\"author\":{\"name\":\"jakubschenk\",\"@id\":\"https:\\\/\\\/www.agma.com\\\/sv\\\/#\\\/schema\\\/person\\\/6820b3ce1cc37edbaecc979090760d8b\"},\"headline\":\"Tack alla som bes\u00f6kte oss p\u00e5 Intersolar!\",\"datePublished\":\"2012-06-12T00:00:00+00:00\",\"dateModified\":\"2020-07-21T08:13:36+00:00\",\"mainEntityOfPage\":{\"@id\":\"https:\\\/\\\/www.agma.com\\\/sv\\\/tack-alla-som-besokte-oss-pa-intersolar\\\/\"},\"wordCount\":170,\"commentCount\":0,\"publisher\":{\"@id\":\"https:\\\/\\\/www.agma.com\\\/sv\\\/#organization\"},\"image\":{\"@id\":\"https:\\\/\\\/www.agma.com\\\/sv\\\/tack-alla-som-besokte-oss-pa-intersolar\\\/#primaryimage\"},\"thumbnailUrl\":\"https:\\\/\\\/www.agma.com\\\/wp-content\\\/uploads\\\/2020\\\/07\\\/bd3c2a4d768d9ee602a384833832bc.jpg\",\"articleSection\":[\"Okategoriserad\"],\"inLanguage\":\"sv-SE\",\"potentialAction\":[{\"@type\":\"CommentAction\",\"name\":\"Comment\",\"target\":[\"https:\\\/\\\/www.agma.com\\\/sv\\\/tack-alla-som-besokte-oss-pa-intersolar\\\/#respond\"]}]},{\"@type\":\"WebPage\",\"@id\":\"https:\\\/\\\/www.agma.com\\\/sv\\\/tack-alla-som-besokte-oss-pa-intersolar\\\/\",\"url\":\"https:\\\/\\\/www.agma.com\\\/sv\\\/tack-alla-som-besokte-oss-pa-intersolar\\\/\",\"name\":\"Tack alla som bes\u00f6kte oss p\u00e5 Intersolar! - Absolicon\",\"isPartOf\":{\"@id\":\"https:\\\/\\\/www.agma.com\\\/sv\\\/#website\"},\"primaryImageOfPage\":{\"@id\":\"https:\\\/\\\/www.agma.com\\\/sv\\\/tack-alla-som-besokte-oss-pa-intersolar\\\/#primaryimage\"},\"image\":{\"@id\":\"https:\\\/\\\/www.agma.com\\\/sv\\\/tack-alla-som-besokte-oss-pa-intersolar\\\/#primaryimage\"},\"thumbnailUrl\":\"https:\\\/\\\/www.agma.com\\\/wp-content\\\/uploads\\\/2020\\\/07\\\/bd3c2a4d768d9ee602a384833832bc.jpg\",\"datePublished\":\"2012-06-12T00:00:00+00:00\",\"dateModified\":\"2020-07-21T08:13:36+00:00\",\"breadcrumb\":{\"@id\":\"https:\\\/\\\/www.agma.com\\\/sv\\\/tack-alla-som-besokte-oss-pa-intersolar\\\/#breadcrumb\"},\"inLanguage\":\"sv-SE\",\"potentialAction\":[{\"@type\":\"ReadAction\",\"target\":[\"https:\\\/\\\/www.agma.com\\\/sv\\\/tack-alla-som-besokte-oss-pa-intersolar\\\/\"]}]},{\"@type\":\"ImageObject\",\"inLanguage\":\"sv-SE\",\"@id\":\"https:\\\/\\\/www.agma.com\\\/sv\\\/tack-alla-som-besokte-oss-pa-intersolar\\\/#primaryimage\",\"url\":\"https:\\\/\\\/www.agma.com\\\/wp-content\\\/uploads\\\/2020\\\/07\\\/bd3c2a4d768d9ee602a384833832bc.jpg\",\"contentUrl\":\"https:\\\/\\\/www.agma.com\\\/wp-content\\\/uploads\\\/2020\\\/07\\\/bd3c2a4d768d9ee602a384833832bc.jpg\",\"width\":720,\"height\":250},{\"@type\":\"BreadcrumbList\",\"@id\":\"https:\\\/\\\/www.agma.com\\\/sv\\\/tack-alla-som-besokte-oss-pa-intersolar\\\/#breadcrumb\",\"itemListElement\":[{\"@type\":\"ListItem\",\"position\":1,\"name\":\"Home\",\"item\":\"https:\\\/\\\/www.agma.com\\\/sv\\\/\"},{\"@type\":\"ListItem\",\"position\":2,\"name\":\"Tack alla som bes\u00f6kte oss p\u00e5 Intersolar!\"}]},{\"@type\":\"WebSite\",\"@id\":\"https:\\\/\\\/www.agma.com\\\/sv\\\/#website\",\"url\":\"https:\\\/\\\/www.agma.com\\\/sv\\\/\",\"name\":\"Absolicon\",\"description\":\"\",\"publisher\":{\"@id\":\"https:\\\/\\\/www.agma.com\\\/sv\\\/#organization\"},\"potentialAction\":[{\"@type\":\"SearchAction\",\"target\":{\"@type\":\"EntryPoint\",\"urlTemplate\":\"https:\\\/\\\/www.agma.com\\\/sv\\\/?s={search_term_string}\"},\"query-input\":{\"@type\":\"PropertyValueSpecification\",\"valueRequired\":true,\"valueName\":\"search_term_string\"}}],\"inLanguage\":\"sv-SE\"},{\"@type\":\"Organization\",\"@id\":\"https:\\\/\\\/www.agma.com\\\/sv\\\/#organization\",\"name\":\"Absolicon\",\"url\":\"https:\\\/\\\/www.agma.com\\\/sv\\\/\",\"logo\":{\"@type\":\"ImageObject\",\"inLanguage\":\"sv-SE\",\"@id\":\"https:\\\/\\\/www.agma.com\\\/sv\\\/#\\\/schema\\\/logo\\\/image\\\/\",\"url\":\"https:\\\/\\\/www.agma.com\\\/wp-content\\\/uploads\\\/2026\\\/04\\\/logotype_neg_blk.svg\",\"contentUrl\":\"https:\\\/\\\/www.agma.com\\\/wp-content\\\/uploads\\\/2026\\\/04\\\/logotype_neg_blk.svg\",\"width\":705,\"height\":83,\"caption\":\"Absolicon\"},\"image\":{\"@id\":\"https:\\\/\\\/www.agma.com\\\/sv\\\/#\\\/schema\\\/logo\\\/image\\\/\"}},{\"@type\":\"Person\",\"@id\":\"https:\\\/\\\/www.agma.com\\\/sv\\\/#\\\/schema\\\/person\\\/6820b3ce1cc37edbaecc979090760d8b\",\"name\":\"jakubschenk\",\"image\":{\"@type\":\"ImageObject\",\"inLanguage\":\"sv-SE\",\"@id\":\"https:\\\/\\\/secure.gravatar.com\\\/avatar\\\/0ab843002d4a58702560e02354e5f9a3206e13bbfaa9df5a188e463870f605cd?s=96&d=mm&r=g\",\"url\":\"https:\\\/\\\/secure.gravatar.com\\\/avatar\\\/0ab843002d4a58702560e02354e5f9a3206e13bbfaa9df5a188e463870f605cd?s=96&d=mm&r=g\",\"contentUrl\":\"https:\\\/\\\/secure.gravatar.com\\\/avatar\\\/0ab843002d4a58702560e02354e5f9a3206e13bbfaa9df5a188e463870f605cd?s=96&d=mm&r=g\",\"caption\":\"jakubschenk\"},\"sameAs\":[\"https:\\\/\\\/www.agma.com\"],\"url\":\"https:\\\/\\\/www.agma.com\\\/sv\\\/author\\\/jakubschenk\\\/\"}]}<\/script>\n<!-- \/ Yoast SEO plugin. -->","yoast_head_json":{"title":"Tack alla som bes\u00f6kte oss p\u00e5 Intersolar! - Absolicon","robots":{"index":"index","follow":"follow","max-snippet":"max-snippet:-1","max-image-preview":"max-image-preview:large","max-video-preview":"max-video-preview:-1"},"canonical":"https:\/\/www.agma.com\/sv\/tack-alla-som-besokte-oss-pa-intersolar\/","og_locale":"sv_SE","og_type":"article","og_title":"Tack alla som bes\u00f6kte oss p\u00e5 Intersolar! - Absolicon","og_description":"[ingress]Intersolar Europe \u2013 v\u00e4rldens st\u00f6rsta m\u00e4ssa f\u00f6r solindustrin \u2013 \u00f6ppnade d\u00f6rrarna den 13 juni i M\u00fcnchen. Under parollen \u201dConnecting Solar Business\u201d, kunde bes\u00f6karna ta del av de hetaste trenderna och utvecklingen inom hela solenergiindustrin. Absolicon fanns p\u00e5 plats med egen monter f\u00f6r andra \u00e5ret och m\u00f6tte ett rekordstort intresse.[\/ingress] &#8211; Det var fantastiskt! Vi var [&hellip;]","og_url":"https:\/\/www.agma.com\/sv\/tack-alla-som-besokte-oss-pa-intersolar\/","og_site_name":"Absolicon","article_published_time":"2012-06-12T00:00:00+00:00","article_modified_time":"2020-07-21T08:13:36+00:00","og_image":[{"width":720,"height":250,"url":"https:\/\/www.agma.com\/wp-content\/uploads\/2020\/07\/bd3c2a4d768d9ee602a384833832bc.jpg","type":"image\/jpeg"}],"author":"jakubschenk","twitter_card":"summary_large_image","twitter_misc":{"Skriven av":"jakubschenk"},"schema":{"@context":"https:\/\/schema.org","@graph":[{"@type":"Article","@id":"https:\/\/www.agma.com\/sv\/tack-alla-som-besokte-oss-pa-intersolar\/#article","isPartOf":{"@id":"https:\/\/www.agma.com\/sv\/tack-alla-som-besokte-oss-pa-intersolar\/"},"author":{"name":"jakubschenk","@id":"https:\/\/www.agma.com\/sv\/#\/schema\/person\/6820b3ce1cc37edbaecc979090760d8b"},"headline":"Tack alla som bes\u00f6kte oss p\u00e5 Intersolar!","datePublished":"2012-06-12T00:00:00+00:00","dateModified":"2020-07-21T08:13:36+00:00","mainEntityOfPage":{"@id":"https:\/\/www.agma.com\/sv\/tack-alla-som-besokte-oss-pa-intersolar\/"},"wordCount":170,"commentCount":0,"publisher":{"@id":"https:\/\/www.agma.com\/sv\/#organization"},"image":{"@id":"https:\/\/www.agma.com\/sv\/tack-alla-som-besokte-oss-pa-intersolar\/#primaryimage"},"thumbnailUrl":"https:\/\/www.agma.com\/wp-content\/uploads\/2020\/07\/bd3c2a4d768d9ee602a384833832bc.jpg","articleSection":["Okategoriserad"],"inLanguage":"sv-SE","potentialAction":[{"@type":"CommentAction","name":"Comment","target":["https:\/\/www.agma.com\/sv\/tack-alla-som-besokte-oss-pa-intersolar\/#respond"]}]},{"@type":"WebPage","@id":"https:\/\/www.agma.com\/sv\/tack-alla-som-besokte-oss-pa-intersolar\/","url":"https:\/\/www.agma.com\/sv\/tack-alla-som-besokte-oss-pa-intersolar\/","name":"Tack alla som bes\u00f6kte oss p\u00e5 Intersolar! - Absolicon","isPartOf":{"@id":"https:\/\/www.agma.com\/sv\/#website"},"primaryImageOfPage":{"@id":"https:\/\/www.agma.com\/sv\/tack-alla-som-besokte-oss-pa-intersolar\/#primaryimage"},"image":{"@id":"https:\/\/www.agma.com\/sv\/tack-alla-som-besokte-oss-pa-intersolar\/#primaryimage"},"thumbnailUrl":"https:\/\/www.agma.com\/wp-content\/uploads\/2020\/07\/bd3c2a4d768d9ee602a384833832bc.jpg","datePublished":"2012-06-12T00:00:00+00:00","dateModified":"2020-07-21T08:13:36+00:00","breadcrumb":{"@id":"https:\/\/www.agma.com\/sv\/tack-alla-som-besokte-oss-pa-intersolar\/#breadcrumb"},"inLanguage":"sv-SE","potentialAction":[{"@type":"ReadAction","target":["https:\/\/www.agma.com\/sv\/tack-alla-som-besokte-oss-pa-intersolar\/"]}]},{"@type":"ImageObject","inLanguage":"sv-SE","@id":"https:\/\/www.agma.com\/sv\/tack-alla-som-besokte-oss-pa-intersolar\/#primaryimage","url":"https:\/\/www.agma.com\/wp-content\/uploads\/2020\/07\/bd3c2a4d768d9ee602a384833832bc.jpg","contentUrl":"https:\/\/www.agma.com\/wp-content\/uploads\/2020\/07\/bd3c2a4d768d9ee602a384833832bc.jpg","width":720,"height":250},{"@type":"BreadcrumbList","@id":"https:\/\/www.agma.com\/sv\/tack-alla-som-besokte-oss-pa-intersolar\/#breadcrumb","itemListElement":[{"@type":"ListItem","position":1,"name":"Home","item":"https:\/\/www.agma.com\/sv\/"},{"@type":"ListItem","position":2,"name":"Tack alla som bes\u00f6kte oss p\u00e5 Intersolar!"}]},{"@type":"WebSite","@id":"https:\/\/www.agma.com\/sv\/#website","url":"https:\/\/www.agma.com\/sv\/","name":"Absolicon","description":"","publisher":{"@id":"https:\/\/www.agma.com\/sv\/#organization"},"potentialAction":[{"@type":"SearchAction","target":{"@type":"EntryPoint","urlTemplate":"https:\/\/www.agma.com\/sv\/?s={search_term_string}"},"query-input":{"@type":"PropertyValueSpecification","valueRequired":true,"valueName":"search_term_string"}}],"inLanguage":"sv-SE"},{"@type":"Organization","@id":"https:\/\/www.agma.com\/sv\/#organization","name":"Absolicon","url":"https:\/\/www.agma.com\/sv\/","logo":{"@type":"ImageObject","inLanguage":"sv-SE","@id":"https:\/\/www.agma.com\/sv\/#\/schema\/logo\/image\/","url":"https:\/\/www.agma.com\/wp-content\/uploads\/2026\/04\/logotype_neg_blk.svg","contentUrl":"https:\/\/www.agma.com\/wp-content\/uploads\/2026\/04\/logotype_neg_blk.svg","width":705,"height":83,"caption":"Absolicon"},"image":{"@id":"https:\/\/www.agma.com\/sv\/#\/schema\/logo\/image\/"}},{"@type":"Person","@id":"https:\/\/www.agma.com\/sv\/#\/schema\/person\/6820b3ce1cc37edbaecc979090760d8b","name":"jakubschenk","image":{"@type":"ImageObject","inLanguage":"sv-SE","@id":"https:\/\/secure.gravatar.com\/avatar\/0ab843002d4a58702560e02354e5f9a3206e13bbfaa9df5a188e463870f605cd?s=96&d=mm&r=g","url":"https:\/\/secure.gravatar.com\/avatar\/0ab843002d4a58702560e02354e5f9a3206e13bbfaa9df5a188e463870f605cd?s=96&d=mm&r=g","contentUrl":"https:\/\/secure.gravatar.com\/avatar\/0ab843002d4a58702560e02354e5f9a3206e13bbfaa9df5a188e463870f605cd?s=96&d=mm&r=g","caption":"jakubschenk"},"sameAs":["https:\/\/www.agma.com"],"url":"https:\/\/www.agma.com\/sv\/author\/jakubschenk\/"}]}},"_links":{"self":[{"href":"https:\/\/www.agma.com\/sv\/wp-json\/wp\/v2\/posts\/8818","targetHints":{"allow":["GET"]}}],"collection":[{"href":"https:\/\/www.agma.com\/sv\/wp-json\/wp\/v2\/posts"}],"about":[{"href":"https:\/\/www.agma.com\/sv\/wp-json\/wp\/v2\/types\/post"}],"author":[{"embeddable":true,"href":"https:\/\/www.agma.com\/sv\/wp-json\/wp\/v2\/users\/1"}],"replies":[{"embeddable":true,"href":"https:\/\/www.agma.com\/sv\/wp-json\/wp\/v2\/comments?post=8818"}],"version-history":[{"count":1,"href":"https:\/\/www.agma.com\/sv\/wp-json\/wp\/v2\/posts\/8818\/revisions"}],"predecessor-version":[{"id":9295,"href":"https:\/\/www.agma.com\/sv\/wp-json\/wp\/v2\/posts\/8818\/revisions\/9295"}],"wp:featuredmedia":[{"embeddable":true,"href":"https:\/\/www.agma.com\/sv\/wp-json\/wp\/v2\/media\/9293"}],"wp:attachment":[{"href":"https:\/\/www.agma.com\/sv\/wp-json\/wp\/v2\/media?parent=8818"}],"wp:term":[{"taxonomy":"category","embeddable":true,"href":"https:\/\/www.agma.com\/sv\/wp-json\/wp\/v2\/categories?post=8818"},{"taxonomy":"post_tag","embeddable":true,"href":"https:\/\/www.agma.com\/sv\/wp-json\/wp\/v2\/tags?post=8818"}],"curies":[{"name":"wp","href":"https:\/\/api.w.org\/{rel}","templated":true}]}}