{"id":8819,"date":"2012-07-02T00:00:00","date_gmt":"2012-07-02T00:00:00","guid":{"rendered":"https:\/\/www.absolicon.com\/absolicon-levererar-solenergi-till-psykiatrins-hus\/"},"modified":"2020-07-21T08:12:36","modified_gmt":"2020-07-21T08:12:36","slug":"absolicon-levererar-solenergi-till-psykiatrins-hus","status":"publish","type":"post","link":"https:\/\/www.agma.com\/sv\/absolicon-levererar-solenergi-till-psykiatrins-hus\/","title":{"rendered":"Absolicon levererar solenergi till Psykiatrins hus"},"content":{"rendered":"<p>[ingress]Bygget av Psykiatrins hus i Uppsala p\u00e5g\u00e5r f\u00f6r fullt, och nu \u00e4r det klart att en del av verksamhetens el- och v\u00e4rmebehov ska levereras med solf\u00e5ngare fr\u00e5n det svenska solenergif\u00f6retaget Absolicon. Satsningen p\u00e5 solenergi \u00e4r viktigt f\u00f6r projektet som byggs f\u00f6r att klara en green building-certifiering.[\/ingress]<\/p>\n<p>F\u00f6r Absolicon blir det den tredje installationen p\u00e5 ett sjukhustak.<\/p>\n<p>\u2013 Vi v\u00e4nder oss till sjukhus \u00f6ver hela v\u00e4rlden med v\u00e5ra unika solf\u00e5ngare. Sjukhus \u00e4r stora energif\u00f6rbrukare och st\u00e4ller \u00e4ven h\u00f6ga krav p\u00e5 energis\u00e4kerhet. Med v\u00e5r teknik f\u00e5r verksamheten b\u00e5de el och v\u00e4rme fr\u00e5n det egna taket, s\u00e4ger Joakim Bystr\u00f6m, Absolicon.<\/p>\n<p>Installationen blir p\u00e5 220 m<sup>2<\/sup> och uppf\u00f6rs i samarbete med Tema som ansvarar f\u00f6r byggprojektet. Solf\u00e5ngarna som f\u00f6ljer solen under dagen monteras p\u00e5 taket och samverkar med byggnadens fj\u00e4rrv\u00e4rme.<\/p>\n<p>\u2013 Vi bygger med milj\u00f6korrekta material och tekniker. Byggnaden f\u00e5r ocks\u00e5 st\u00f6d f\u00f6r framtida system inom energif\u00f6rs\u00f6rjning och godstransporter, s\u00e4ger Gunnar Gedin, aff\u00e4rsomr\u00e5deschef f\u00f6r Tema projektledare.<\/p>\n<p>Arbetet med Psykiatrins hus i Uppsala b\u00f6rjade 2006 och det ska st\u00e5 f\u00e4rdigt 2013. Huset blir en ny byggnad f\u00f6r den specialiserade psykiatrin och byggs p\u00e5 Akademiska sjukhusets k\u00e4rnomr\u00e5de. M\u00e5let \u00e4r bland annat att samla all psykiatriverksamhet p\u00e5 samma st\u00e4lle.<\/p>\n<p>\u2013 V\u00e5r senaste sjukhusinstallation i Indien ger st\u00f6rre utbyte tack vare den h\u00f6ga solinstr\u00e5lningen, men \u00e4ven f\u00f6r sjukhus i Sverige \u00e4r solenergi l\u00f6nsamt, lovar Joakim Bystr\u00f6m.<\/p>\n<p>Bild: Flygfoto med arkitekternas bild av nya byggnaden inmonterad. (www.psykiatrinshus.se)<\/p>\n<p><a class=\"mynewsdesk-follow-button\" href=\"https:\/\/www.mynewsdesk.com\/follow\/11049\" data-width=\"157\" data-show-count=\"true\">F\u00f6lj Absolicon<\/a><\/p>\n<p>&nbsp;<\/p>\n<p style=\"text-align: right;\">&nbsp;<em>Publicerad 2012-07-02<\/em><br \/>\n<script type=\"text\/javascript\">\/\/<br \/>\n !function(d,s,id){var js,fjs=d.getElementsByTagName(s)[0];if(!d.getElementById(id)){js=d.createElement(s);js.id=id;js.src=\"https:\/\/www.mynewsdesk.com\/javascripts\/follow-button.js\";fjs.parentNode.insertBefore(js,fjs);}}(document,\"script\",\"mynewsdesk-fjs\");<br \/>\n\/\/ <\/script><\/p>\n<div><em style=\"text-align: right;\"><br \/>\n<\/em><\/div>\n","protected":false},"excerpt":{"rendered":"<p>[ingress]Bygget av Psykiatrins hus i Uppsala p\u00e5g\u00e5r f\u00f6r fullt, och nu \u00e4r det klart att en del av verksamhetens el- och v\u00e4rmebehov ska levereras med solf\u00e5ngare fr\u00e5n det svenska solenergif\u00f6retaget Absolicon. Satsningen p\u00e5 solenergi \u00e4r viktigt f\u00f6r projektet som byggs f\u00f6r att klara en green building-certifiering.[\/ingress] F\u00f6r Absolicon blir det den tredje installationen p\u00e5 ett [&hellip;]<\/p>\n","protected":false},"author":1,"featured_media":9290,"comment_status":"open","ping_status":"open","sticky":false,"template":"","format":"standard","meta":{"_acf_changed":false,"footnotes":""},"categories":[2],"tags":[],"class_list":["post-8819","post","type-post","status-publish","format-standard","has-post-thumbnail","hentry","category-okategoriserad"],"acf":[],"yoast_head":"<!-- This site is optimized with the Yoast SEO plugin v27.4 - https:\/\/yoast.com\/product\/yoast-seo-wordpress\/ -->\n<title>Absolicon levererar solenergi till Psykiatrins hus - Absolicon<\/title>\n<meta name=\"robots\" content=\"index, follow, max-snippet:-1, max-image-preview:large, max-video-preview:-1\" \/>\n<link rel=\"canonical\" href=\"https:\/\/www.agma.com\/sv\/absolicon-levererar-solenergi-till-psykiatrins-hus\/\" \/>\n<meta property=\"og:locale\" content=\"sv_SE\" \/>\n<meta property=\"og:type\" content=\"article\" \/>\n<meta property=\"og:title\" content=\"Absolicon levererar solenergi till Psykiatrins hus - Absolicon\" \/>\n<meta property=\"og:description\" content=\"[ingress]Bygget av Psykiatrins hus i Uppsala p\u00e5g\u00e5r f\u00f6r fullt, och nu \u00e4r det klart att en del av verksamhetens el- och v\u00e4rmebehov ska levereras med solf\u00e5ngare fr\u00e5n det svenska solenergif\u00f6retaget Absolicon. Satsningen p\u00e5 solenergi \u00e4r viktigt f\u00f6r projektet som byggs f\u00f6r att klara en green building-certifiering.[\/ingress] F\u00f6r Absolicon blir det den tredje installationen p\u00e5 ett [&hellip;]\" \/>\n<meta property=\"og:url\" content=\"https:\/\/www.agma.com\/sv\/absolicon-levererar-solenergi-till-psykiatrins-hus\/\" \/>\n<meta property=\"og:site_name\" content=\"Absolicon\" \/>\n<meta property=\"article:published_time\" content=\"2012-07-02T00:00:00+00:00\" \/>\n<meta property=\"article:modified_time\" content=\"2020-07-21T08:12:36+00:00\" \/>\n<meta property=\"og:image\" content=\"https:\/\/www.agma.com\/wp-content\/uploads\/2020\/07\/f0be554fc5734d31091d93a7d57f2b.jpg\" \/>\n\t<meta property=\"og:image:width\" content=\"720\" \/>\n\t<meta property=\"og:image:height\" content=\"250\" \/>\n\t<meta property=\"og:image:type\" content=\"image\/jpeg\" \/>\n<meta name=\"author\" content=\"jakubschenk\" \/>\n<meta name=\"twitter:card\" content=\"summary_large_image\" \/>\n<meta name=\"twitter:label1\" content=\"Skriven av\" \/>\n\t<meta name=\"twitter:data1\" content=\"jakubschenk\" \/>\n<script type=\"application\/ld+json\" class=\"yoast-schema-graph\">{\"@context\":\"https:\\\/\\\/schema.org\",\"@graph\":[{\"@type\":\"Article\",\"@id\":\"https:\\\/\\\/www.agma.com\\\/sv\\\/absolicon-levererar-solenergi-till-psykiatrins-hus\\\/#article\",\"isPartOf\":{\"@id\":\"https:\\\/\\\/www.agma.com\\\/sv\\\/absolicon-levererar-solenergi-till-psykiatrins-hus\\\/\"},\"author\":{\"name\":\"jakubschenk\",\"@id\":\"https:\\\/\\\/www.agma.com\\\/sv\\\/#\\\/schema\\\/person\\\/6820b3ce1cc37edbaecc979090760d8b\"},\"headline\":\"Absolicon levererar solenergi till Psykiatrins hus\",\"datePublished\":\"2012-07-02T00:00:00+00:00\",\"dateModified\":\"2020-07-21T08:12:36+00:00\",\"mainEntityOfPage\":{\"@id\":\"https:\\\/\\\/www.agma.com\\\/sv\\\/absolicon-levererar-solenergi-till-psykiatrins-hus\\\/\"},\"wordCount\":295,\"commentCount\":0,\"publisher\":{\"@id\":\"https:\\\/\\\/www.agma.com\\\/sv\\\/#organization\"},\"image\":{\"@id\":\"https:\\\/\\\/www.agma.com\\\/sv\\\/absolicon-levererar-solenergi-till-psykiatrins-hus\\\/#primaryimage\"},\"thumbnailUrl\":\"https:\\\/\\\/www.agma.com\\\/wp-content\\\/uploads\\\/2020\\\/07\\\/f0be554fc5734d31091d93a7d57f2b.jpg\",\"articleSection\":[\"Okategoriserad\"],\"inLanguage\":\"sv-SE\",\"potentialAction\":[{\"@type\":\"CommentAction\",\"name\":\"Comment\",\"target\":[\"https:\\\/\\\/www.agma.com\\\/sv\\\/absolicon-levererar-solenergi-till-psykiatrins-hus\\\/#respond\"]}]},{\"@type\":\"WebPage\",\"@id\":\"https:\\\/\\\/www.agma.com\\\/sv\\\/absolicon-levererar-solenergi-till-psykiatrins-hus\\\/\",\"url\":\"https:\\\/\\\/www.agma.com\\\/sv\\\/absolicon-levererar-solenergi-till-psykiatrins-hus\\\/\",\"name\":\"Absolicon levererar solenergi till Psykiatrins hus - Absolicon\",\"isPartOf\":{\"@id\":\"https:\\\/\\\/www.agma.com\\\/sv\\\/#website\"},\"primaryImageOfPage\":{\"@id\":\"https:\\\/\\\/www.agma.com\\\/sv\\\/absolicon-levererar-solenergi-till-psykiatrins-hus\\\/#primaryimage\"},\"image\":{\"@id\":\"https:\\\/\\\/www.agma.com\\\/sv\\\/absolicon-levererar-solenergi-till-psykiatrins-hus\\\/#primaryimage\"},\"thumbnailUrl\":\"https:\\\/\\\/www.agma.com\\\/wp-content\\\/uploads\\\/2020\\\/07\\\/f0be554fc5734d31091d93a7d57f2b.jpg\",\"datePublished\":\"2012-07-02T00:00:00+00:00\",\"dateModified\":\"2020-07-21T08:12:36+00:00\",\"breadcrumb\":{\"@id\":\"https:\\\/\\\/www.agma.com\\\/sv\\\/absolicon-levererar-solenergi-till-psykiatrins-hus\\\/#breadcrumb\"},\"inLanguage\":\"sv-SE\",\"potentialAction\":[{\"@type\":\"ReadAction\",\"target\":[\"https:\\\/\\\/www.agma.com\\\/sv\\\/absolicon-levererar-solenergi-till-psykiatrins-hus\\\/\"]}]},{\"@type\":\"ImageObject\",\"inLanguage\":\"sv-SE\",\"@id\":\"https:\\\/\\\/www.agma.com\\\/sv\\\/absolicon-levererar-solenergi-till-psykiatrins-hus\\\/#primaryimage\",\"url\":\"https:\\\/\\\/www.agma.com\\\/wp-content\\\/uploads\\\/2020\\\/07\\\/f0be554fc5734d31091d93a7d57f2b.jpg\",\"contentUrl\":\"https:\\\/\\\/www.agma.com\\\/wp-content\\\/uploads\\\/2020\\\/07\\\/f0be554fc5734d31091d93a7d57f2b.jpg\",\"width\":720,\"height\":250},{\"@type\":\"BreadcrumbList\",\"@id\":\"https:\\\/\\\/www.agma.com\\\/sv\\\/absolicon-levererar-solenergi-till-psykiatrins-hus\\\/#breadcrumb\",\"itemListElement\":[{\"@type\":\"ListItem\",\"position\":1,\"name\":\"Home\",\"item\":\"https:\\\/\\\/www.agma.com\\\/sv\\\/\"},{\"@type\":\"ListItem\",\"position\":2,\"name\":\"Absolicon levererar solenergi till Psykiatrins hus\"}]},{\"@type\":\"WebSite\",\"@id\":\"https:\\\/\\\/www.agma.com\\\/sv\\\/#website\",\"url\":\"https:\\\/\\\/www.agma.com\\\/sv\\\/\",\"name\":\"Absolicon\",\"description\":\"\",\"publisher\":{\"@id\":\"https:\\\/\\\/www.agma.com\\\/sv\\\/#organization\"},\"potentialAction\":[{\"@type\":\"SearchAction\",\"target\":{\"@type\":\"EntryPoint\",\"urlTemplate\":\"https:\\\/\\\/www.agma.com\\\/sv\\\/?s={search_term_string}\"},\"query-input\":{\"@type\":\"PropertyValueSpecification\",\"valueRequired\":true,\"valueName\":\"search_term_string\"}}],\"inLanguage\":\"sv-SE\"},{\"@type\":\"Organization\",\"@id\":\"https:\\\/\\\/www.agma.com\\\/sv\\\/#organization\",\"name\":\"Absolicon\",\"url\":\"https:\\\/\\\/www.agma.com\\\/sv\\\/\",\"logo\":{\"@type\":\"ImageObject\",\"inLanguage\":\"sv-SE\",\"@id\":\"https:\\\/\\\/www.agma.com\\\/sv\\\/#\\\/schema\\\/logo\\\/image\\\/\",\"url\":\"https:\\\/\\\/www.agma.com\\\/wp-content\\\/uploads\\\/2026\\\/04\\\/logotype_neg_blk.svg\",\"contentUrl\":\"https:\\\/\\\/www.agma.com\\\/wp-content\\\/uploads\\\/2026\\\/04\\\/logotype_neg_blk.svg\",\"width\":705,\"height\":83,\"caption\":\"Absolicon\"},\"image\":{\"@id\":\"https:\\\/\\\/www.agma.com\\\/sv\\\/#\\\/schema\\\/logo\\\/image\\\/\"}},{\"@type\":\"Person\",\"@id\":\"https:\\\/\\\/www.agma.com\\\/sv\\\/#\\\/schema\\\/person\\\/6820b3ce1cc37edbaecc979090760d8b\",\"name\":\"jakubschenk\",\"image\":{\"@type\":\"ImageObject\",\"inLanguage\":\"sv-SE\",\"@id\":\"https:\\\/\\\/secure.gravatar.com\\\/avatar\\\/0ab843002d4a58702560e02354e5f9a3206e13bbfaa9df5a188e463870f605cd?s=96&d=mm&r=g\",\"url\":\"https:\\\/\\\/secure.gravatar.com\\\/avatar\\\/0ab843002d4a58702560e02354e5f9a3206e13bbfaa9df5a188e463870f605cd?s=96&d=mm&r=g\",\"contentUrl\":\"https:\\\/\\\/secure.gravatar.com\\\/avatar\\\/0ab843002d4a58702560e02354e5f9a3206e13bbfaa9df5a188e463870f605cd?s=96&d=mm&r=g\",\"caption\":\"jakubschenk\"},\"sameAs\":[\"https:\\\/\\\/www.agma.com\"],\"url\":\"https:\\\/\\\/www.agma.com\\\/sv\\\/author\\\/jakubschenk\\\/\"}]}<\/script>\n<!-- \/ Yoast SEO plugin. -->","yoast_head_json":{"title":"Absolicon levererar solenergi till Psykiatrins hus - Absolicon","robots":{"index":"index","follow":"follow","max-snippet":"max-snippet:-1","max-image-preview":"max-image-preview:large","max-video-preview":"max-video-preview:-1"},"canonical":"https:\/\/www.agma.com\/sv\/absolicon-levererar-solenergi-till-psykiatrins-hus\/","og_locale":"sv_SE","og_type":"article","og_title":"Absolicon levererar solenergi till Psykiatrins hus - Absolicon","og_description":"[ingress]Bygget av Psykiatrins hus i Uppsala p\u00e5g\u00e5r f\u00f6r fullt, och nu \u00e4r det klart att en del av verksamhetens el- och v\u00e4rmebehov ska levereras med solf\u00e5ngare fr\u00e5n det svenska solenergif\u00f6retaget Absolicon. Satsningen p\u00e5 solenergi \u00e4r viktigt f\u00f6r projektet som byggs f\u00f6r att klara en green building-certifiering.[\/ingress] F\u00f6r Absolicon blir det den tredje installationen p\u00e5 ett [&hellip;]","og_url":"https:\/\/www.agma.com\/sv\/absolicon-levererar-solenergi-till-psykiatrins-hus\/","og_site_name":"Absolicon","article_published_time":"2012-07-02T00:00:00+00:00","article_modified_time":"2020-07-21T08:12:36+00:00","og_image":[{"width":720,"height":250,"url":"https:\/\/www.agma.com\/wp-content\/uploads\/2020\/07\/f0be554fc5734d31091d93a7d57f2b.jpg","type":"image\/jpeg"}],"author":"jakubschenk","twitter_card":"summary_large_image","twitter_misc":{"Skriven av":"jakubschenk"},"schema":{"@context":"https:\/\/schema.org","@graph":[{"@type":"Article","@id":"https:\/\/www.agma.com\/sv\/absolicon-levererar-solenergi-till-psykiatrins-hus\/#article","isPartOf":{"@id":"https:\/\/www.agma.com\/sv\/absolicon-levererar-solenergi-till-psykiatrins-hus\/"},"author":{"name":"jakubschenk","@id":"https:\/\/www.agma.com\/sv\/#\/schema\/person\/6820b3ce1cc37edbaecc979090760d8b"},"headline":"Absolicon levererar solenergi till Psykiatrins hus","datePublished":"2012-07-02T00:00:00+00:00","dateModified":"2020-07-21T08:12:36+00:00","mainEntityOfPage":{"@id":"https:\/\/www.agma.com\/sv\/absolicon-levererar-solenergi-till-psykiatrins-hus\/"},"wordCount":295,"commentCount":0,"publisher":{"@id":"https:\/\/www.agma.com\/sv\/#organization"},"image":{"@id":"https:\/\/www.agma.com\/sv\/absolicon-levererar-solenergi-till-psykiatrins-hus\/#primaryimage"},"thumbnailUrl":"https:\/\/www.agma.com\/wp-content\/uploads\/2020\/07\/f0be554fc5734d31091d93a7d57f2b.jpg","articleSection":["Okategoriserad"],"inLanguage":"sv-SE","potentialAction":[{"@type":"CommentAction","name":"Comment","target":["https:\/\/www.agma.com\/sv\/absolicon-levererar-solenergi-till-psykiatrins-hus\/#respond"]}]},{"@type":"WebPage","@id":"https:\/\/www.agma.com\/sv\/absolicon-levererar-solenergi-till-psykiatrins-hus\/","url":"https:\/\/www.agma.com\/sv\/absolicon-levererar-solenergi-till-psykiatrins-hus\/","name":"Absolicon levererar solenergi till Psykiatrins hus - Absolicon","isPartOf":{"@id":"https:\/\/www.agma.com\/sv\/#website"},"primaryImageOfPage":{"@id":"https:\/\/www.agma.com\/sv\/absolicon-levererar-solenergi-till-psykiatrins-hus\/#primaryimage"},"image":{"@id":"https:\/\/www.agma.com\/sv\/absolicon-levererar-solenergi-till-psykiatrins-hus\/#primaryimage"},"thumbnailUrl":"https:\/\/www.agma.com\/wp-content\/uploads\/2020\/07\/f0be554fc5734d31091d93a7d57f2b.jpg","datePublished":"2012-07-02T00:00:00+00:00","dateModified":"2020-07-21T08:12:36+00:00","breadcrumb":{"@id":"https:\/\/www.agma.com\/sv\/absolicon-levererar-solenergi-till-psykiatrins-hus\/#breadcrumb"},"inLanguage":"sv-SE","potentialAction":[{"@type":"ReadAction","target":["https:\/\/www.agma.com\/sv\/absolicon-levererar-solenergi-till-psykiatrins-hus\/"]}]},{"@type":"ImageObject","inLanguage":"sv-SE","@id":"https:\/\/www.agma.com\/sv\/absolicon-levererar-solenergi-till-psykiatrins-hus\/#primaryimage","url":"https:\/\/www.agma.com\/wp-content\/uploads\/2020\/07\/f0be554fc5734d31091d93a7d57f2b.jpg","contentUrl":"https:\/\/www.agma.com\/wp-content\/uploads\/2020\/07\/f0be554fc5734d31091d93a7d57f2b.jpg","width":720,"height":250},{"@type":"BreadcrumbList","@id":"https:\/\/www.agma.com\/sv\/absolicon-levererar-solenergi-till-psykiatrins-hus\/#breadcrumb","itemListElement":[{"@type":"ListItem","position":1,"name":"Home","item":"https:\/\/www.agma.com\/sv\/"},{"@type":"ListItem","position":2,"name":"Absolicon levererar solenergi till Psykiatrins hus"}]},{"@type":"WebSite","@id":"https:\/\/www.agma.com\/sv\/#website","url":"https:\/\/www.agma.com\/sv\/","name":"Absolicon","description":"","publisher":{"@id":"https:\/\/www.agma.com\/sv\/#organization"},"potentialAction":[{"@type":"SearchAction","target":{"@type":"EntryPoint","urlTemplate":"https:\/\/www.agma.com\/sv\/?s={search_term_string}"},"query-input":{"@type":"PropertyValueSpecification","valueRequired":true,"valueName":"search_term_string"}}],"inLanguage":"sv-SE"},{"@type":"Organization","@id":"https:\/\/www.agma.com\/sv\/#organization","name":"Absolicon","url":"https:\/\/www.agma.com\/sv\/","logo":{"@type":"ImageObject","inLanguage":"sv-SE","@id":"https:\/\/www.agma.com\/sv\/#\/schema\/logo\/image\/","url":"https:\/\/www.agma.com\/wp-content\/uploads\/2026\/04\/logotype_neg_blk.svg","contentUrl":"https:\/\/www.agma.com\/wp-content\/uploads\/2026\/04\/logotype_neg_blk.svg","width":705,"height":83,"caption":"Absolicon"},"image":{"@id":"https:\/\/www.agma.com\/sv\/#\/schema\/logo\/image\/"}},{"@type":"Person","@id":"https:\/\/www.agma.com\/sv\/#\/schema\/person\/6820b3ce1cc37edbaecc979090760d8b","name":"jakubschenk","image":{"@type":"ImageObject","inLanguage":"sv-SE","@id":"https:\/\/secure.gravatar.com\/avatar\/0ab843002d4a58702560e02354e5f9a3206e13bbfaa9df5a188e463870f605cd?s=96&d=mm&r=g","url":"https:\/\/secure.gravatar.com\/avatar\/0ab843002d4a58702560e02354e5f9a3206e13bbfaa9df5a188e463870f605cd?s=96&d=mm&r=g","contentUrl":"https:\/\/secure.gravatar.com\/avatar\/0ab843002d4a58702560e02354e5f9a3206e13bbfaa9df5a188e463870f605cd?s=96&d=mm&r=g","caption":"jakubschenk"},"sameAs":["https:\/\/www.agma.com"],"url":"https:\/\/www.agma.com\/sv\/author\/jakubschenk\/"}]}},"_links":{"self":[{"href":"https:\/\/www.agma.com\/sv\/wp-json\/wp\/v2\/posts\/8819","targetHints":{"allow":["GET"]}}],"collection":[{"href":"https:\/\/www.agma.com\/sv\/wp-json\/wp\/v2\/posts"}],"about":[{"href":"https:\/\/www.agma.com\/sv\/wp-json\/wp\/v2\/types\/post"}],"author":[{"embeddable":true,"href":"https:\/\/www.agma.com\/sv\/wp-json\/wp\/v2\/users\/1"}],"replies":[{"embeddable":true,"href":"https:\/\/www.agma.com\/sv\/wp-json\/wp\/v2\/comments?post=8819"}],"version-history":[{"count":1,"href":"https:\/\/www.agma.com\/sv\/wp-json\/wp\/v2\/posts\/8819\/revisions"}],"predecessor-version":[{"id":9292,"href":"https:\/\/www.agma.com\/sv\/wp-json\/wp\/v2\/posts\/8819\/revisions\/9292"}],"wp:featuredmedia":[{"embeddable":true,"href":"https:\/\/www.agma.com\/sv\/wp-json\/wp\/v2\/media\/9290"}],"wp:attachment":[{"href":"https:\/\/www.agma.com\/sv\/wp-json\/wp\/v2\/media?parent=8819"}],"wp:term":[{"taxonomy":"category","embeddable":true,"href":"https:\/\/www.agma.com\/sv\/wp-json\/wp\/v2\/categories?post=8819"},{"taxonomy":"post_tag","embeddable":true,"href":"https:\/\/www.agma.com\/sv\/wp-json\/wp\/v2\/tags?post=8819"}],"curies":[{"name":"wp","href":"https:\/\/api.w.org\/{rel}","templated":true}]}}